{"id":92178,"date":"2022-07-11T17:26:51","date_gmt":"2022-07-11T22:26:51","guid":{"rendered":"https:\/\/www.yucatanencorto.com\/noticias\/?p=92178"},"modified":"2022-07-11T17:26:51","modified_gmt":"2022-07-11T22:26:51","slug":"para-atender-las-secuelas-derivadas-del-covid-19-el-ayuntamiento-de-merida-implementa-el-servicio-de-rehabilitacion-respiratoria","status":"publish","type":"post","link":"https:\/\/www.yucatanencorto.com\/noticias\/para-atender-las-secuelas-derivadas-del-covid-19-el-ayuntamiento-de-merida-implementa-el-servicio-de-rehabilitacion-respiratoria\/","title":{"rendered":"Para atender las secuelas derivadas del Covid-19, el Ayuntamiento de M\u00e9rida implementa el servicio de rehabilitaci\u00f3n respiratoria"},"content":{"rendered":"<p>&nbsp;<\/p>\n<p>&nbsp;<\/p>\n<p><img loading=\"lazy\" decoding=\"async\" class=\"alignnone size-full wp-image-92179\" src=\"https:\/\/www.yucatanencorto.com\/noticias\/wp-content\/uploads\/2022\/07\/Covid-1.jpg\" alt=\"\" width=\"640\" height=\"427\" srcset=\"https:\/\/www.yucatanencorto.com\/noticias\/wp-content\/uploads\/2022\/07\/Covid-1.jpg 640w, https:\/\/www.yucatanencorto.com\/noticias\/wp-content\/uploads\/2022\/07\/Covid-1-630x420.jpg 630w\" sizes=\"auto, (max-width: 640px) 100vw, 640px\" \/><\/p>\n<p>&nbsp;<\/p>\n<p>&nbsp;<\/p>\n<div dir=\"ltr\">\n<h3 style=\"text-align: justify;\">M\u00e9rida, Yucat\u00e1n a 11 de julio de 2022.- Como parte de las estrategias de cuidado de la salud dirigidos a la poblaci\u00f3n de Municipio, el Ayuntamiento de M\u00e9rida inici\u00f3 un servicio de rehabilitaci\u00f3n respiratoria dirigida a las personas que presentan secuelas leves o moderadas derivadas del Covid-19, inform\u00f3 el Alcalde, Ren\u00e1n Barrera Concha.<\/h3>\n<\/div>\n<p>\u201cComo Municipio somos coadyuvantes de las labores que se realizan dese la Secretar\u00eda de Salud de Yucat\u00e1n en la prevenci\u00f3n y recuperaci\u00f3n derivadas por la actual pandemia, sobre todo en un tema tan importante como es la rehabilitaci\u00f3n respiratoria\u201d, expres\u00f3.<\/p>\n<p>El Presidente Municipal record\u00f3 que la rehabilitaci\u00f3n tiene como objetivo la prevenci\u00f3n y atenci\u00f3n de la discapacidad, as\u00ed como lograr el mejor desempe\u00f1o posible, sobre todo ahora que la tendencia mundial es aplicar actividades de car\u00e1cter preventivo y tratamiento integral.<\/p>\n<p>Se\u00f1al\u00f3 que este programa atender\u00e1 las consecuencias derivadas de la inactividad prolongada que ocasiona problemas espec\u00edficos que incluyen debilidad muscular severa, fatiga, rigidez articular, problemas respiratorios y limitaciones en la capacidad funcional.<\/p>\n<p>\u201cUna de las pol\u00edticas p\u00fablicas en materia de salud es la prevenci\u00f3n de las enfermedades, por ello continuamos desarrollando estrategias enfocadas a que la poblaci\u00f3n se involucre en el tema a trav\u00e9s del autocuidado y, como en este caso, implementamos programas que permitan disminuir los efectos derivados de esta pandemia\u201d, abund\u00f3.<\/p>\n<p>Por su parte, el director de Salud y Bienestar Social, Dr. Ildefonso Machado Dom\u00ednguez, precis\u00f3 que este programa de rehabilitaci\u00f3n respiratoria considera una intervenci\u00f3n integral en personas con enfermedad respiratoria cr\u00f3nica, mediante una evaluaci\u00f3n minuciosa, seguida de terapias dise\u00f1adas a medida de las necesidades y que incluyen entrenamiento muscular, promoci\u00f3n de conductas para mejorar la salud a largo plazo y h\u00e1bitos para mejorar la condici\u00f3n f\u00edsica y psicol\u00f3gica.<\/p>\n<p>Indic\u00f3 que los criterios para la inclusi\u00f3n a este programa son: personas j\u00f3venes, adultas y de la tercera edad de M\u00e9rida en condiciones de vulnerabilidad socio-econ\u00f3mica, personas con s\u00edndrome post COVID-19, particularmente quienes presentan s\u00edntomas de fatiga, disnea y dolor articular que limiten sus actividades de la vida diaria, con estratificaci\u00f3n de riesgo correspondiente al primer nivel de atenci\u00f3n (a cargo del \u00e1rea m\u00e9dica), radiograf\u00eda de t\u00f3rax sin datos de da\u00f1os pulmonares y valoraci\u00f3n por el m\u00e9dico del m\u00f3dulo de salud municipal.<\/p>\n<p>Precis\u00f3 que las y los ciudadanos que presenten secuelas o comorbilidades, est\u00e9n en etapa aguda de la infecci\u00f3n por Covid-19 o presenten trastornos cognitivos deber\u00e1n atenderse en \u00e1reas m\u00e9dicas de segundo o tercer nivel de atenci\u00f3n.<\/p>\n<p>Expuso que las fases que contempla el programa son rehabilitaci\u00f3n respiratoria para pacientes post Covid-19 y educaci\u00f3n respiratoria para personas sanas, pero en riesgo: fortalecer el sistema respiratorio desde antes de enfermarnos, ayudar\u00e1 a disminuir el impacto de la enfermedad en nuestra calidad de vida.<\/p>\n<p>Los centros de atenci\u00f3n, en esta etapa inicial se ubican en el M\u00f3dulo de Salud Santa Rosa, M\u00f3dulo de Salud Melit\u00f3n Salazar, M\u00f3dulo de Salud San Antonio Xluch y M\u00f3dulo de Salud Caucel, en donde se atender\u00e1 en un horario de 08:00 a 14:00 horas.<\/p>\n<p>\u201cLos objetivos que tiene esta rehabilitaci\u00f3n pulmonar son recuperar y fortalecer los m\u00fasculos respiratorios, disminuir la disnea, evitar el reposo prolongado y prevenir infecci\u00f3n pulmonar asociada a la inactividad, disminuir dolor o rigidez articular, mejorar la movilidad, la capacidad funcional y la calidad de vida, disminuir la ansiedad y depresi\u00f3n que causa la disnea y mejorar el estado nutricional\u201d, destac\u00f3.<\/p>\n<p>Entre las actividades del programa, abund\u00f3, est\u00e1 educaci\u00f3n para la salud en general y salud pulmonar, entrenamiento y fortalecimiento del sistema respiratorio (m\u00fasculos respiratorios), entrenamiento de fuerza, resistencia y flexibilidad y t\u00e9cnicas de ahorro energ\u00e9tico y acondicionamiento f\u00edsico.<\/p>\n<p>Finalmente, para el registro dentro del programa deber\u00e1n realizarse estudios que eval\u00faen la situaci\u00f3n m\u00e9dica del paciente, para el llenado de la historia cl\u00ednica y determinar si corresponde a esta rehabilitaci\u00f3n o es necesario derivarlo a una atenci\u00f3n especializada.<\/p>\n<h3 style=\"text-align: justify;\"><\/h3>\n","protected":false},"excerpt":{"rendered":"<p>&nbsp; &nbsp; &nbsp; &nbsp; M\u00e9rida, Yucat\u00e1n a 11 de julio de 2022.- Como parte de las estrategias de cuidado de la salud dirigidos a la poblaci\u00f3n de Municipio, el Ayuntamiento de M\u00e9rida inici\u00f3 un servicio de rehabilitaci\u00f3n respiratoria dirigida a las personas que presentan secuelas leves o moderadas derivadas del Covid-19, inform\u00f3 el Alcalde, Ren\u00e1n [&hellip;]<\/p>\n","protected":false},"author":2,"featured_media":92179,"comment_status":"closed","ping_status":"closed","sticky":false,"template":"","format":"standard","meta":{"footnotes":""},"categories":[2],"tags":[],"class_list":{"0":"post-92178","1":"post","2":"type-post","3":"status-publish","4":"format-standard","5":"has-post-thumbnail","7":"category-merida"},"yoast_head":"<!-- This site is optimized with the Yoast SEO plugin v27.4 - https:\/\/yoast.com\/product\/yoast-seo-wordpress\/ -->\n<title>Para atender las secuelas derivadas del Covid-19, el Ayuntamiento de M\u00e9rida implementa el servicio de rehabilitaci\u00f3n respiratoria - Yucat\u00e1n en corto<\/title>\n<meta name=\"robots\" content=\"index, follow, max-snippet:-1, max-image-preview:large, max-video-preview:-1\" \/>\n<link rel=\"canonical\" href=\"https:\/\/www.yucatanencorto.com\/noticias\/para-atender-las-secuelas-derivadas-del-covid-19-el-ayuntamiento-de-merida-implementa-el-servicio-de-rehabilitacion-respiratoria\/\" \/>\n<meta property=\"og:locale\" content=\"es_ES\" \/>\n<meta property=\"og:type\" content=\"article\" \/>\n<meta property=\"og:title\" content=\"Para atender las secuelas derivadas del Covid-19, el Ayuntamiento de M\u00e9rida implementa el servicio de rehabilitaci\u00f3n respiratoria - Yucat\u00e1n en corto\" \/>\n<meta property=\"og:description\" content=\"&nbsp; &nbsp; &nbsp; &nbsp; M\u00e9rida, Yucat\u00e1n a 11 de julio de 2022.- Como parte de las estrategias de cuidado de la salud dirigidos a la poblaci\u00f3n de Municipio, el Ayuntamiento de M\u00e9rida inici\u00f3 un servicio de rehabilitaci\u00f3n respiratoria dirigida a las personas que presentan secuelas leves o moderadas derivadas del Covid-19, inform\u00f3 el Alcalde, Ren\u00e1n [&hellip;]\" \/>\n<meta property=\"og:url\" content=\"https:\/\/www.yucatanencorto.com\/noticias\/para-atender-las-secuelas-derivadas-del-covid-19-el-ayuntamiento-de-merida-implementa-el-servicio-de-rehabilitacion-respiratoria\/\" \/>\n<meta property=\"og:site_name\" content=\"Yucat\u00e1n en corto\" \/>\n<meta property=\"article:publisher\" content=\"http:\/\/www.facebook.com\/yucatanencorto\" \/>\n<meta property=\"article:published_time\" content=\"2022-07-11T22:26:51+00:00\" \/>\n<meta property=\"og:image\" content=\"https:\/\/www.yucatanencorto.com\/noticias\/wp-content\/uploads\/2022\/07\/Covid-1.jpg\" \/>\n\t<meta property=\"og:image:width\" content=\"640\" \/>\n\t<meta property=\"og:image:height\" content=\"427\" \/>\n\t<meta property=\"og:image:type\" content=\"image\/jpeg\" \/>\n<meta name=\"author\" content=\"Yucat\u00e1n en Corto FC\" \/>\n<meta name=\"twitter:card\" content=\"summary_large_image\" \/>\n<meta name=\"twitter:creator\" content=\"@yucatanencorto\" \/>\n<meta name=\"twitter:site\" content=\"@yucatanencorto\" \/>\n<meta name=\"twitter:label1\" content=\"Escrito por\" \/>\n\t<meta name=\"twitter:data1\" content=\"Yucat\u00e1n en Corto FC\" \/>\n\t<meta name=\"twitter:label2\" content=\"Tiempo de lectura\" \/>\n\t<meta name=\"twitter:data2\" content=\"4 minutos\" \/>\n<script type=\"application\/ld+json\" class=\"yoast-schema-graph\">{\"@context\":\"https:\\\/\\\/schema.org\",\"@graph\":[{\"@type\":\"Article\",\"@id\":\"https:\\\/\\\/www.yucatanencorto.com\\\/noticias\\\/para-atender-las-secuelas-derivadas-del-covid-19-el-ayuntamiento-de-merida-implementa-el-servicio-de-rehabilitacion-respiratoria\\\/#article\",\"isPartOf\":{\"@id\":\"https:\\\/\\\/www.yucatanencorto.com\\\/noticias\\\/para-atender-las-secuelas-derivadas-del-covid-19-el-ayuntamiento-de-merida-implementa-el-servicio-de-rehabilitacion-respiratoria\\\/\"},\"author\":{\"name\":\"Yucat\u00e1n en Corto FC\",\"@id\":\"https:\\\/\\\/www.yucatanencorto.com\\\/noticias\\\/#\\\/schema\\\/person\\\/14f82d355225a1f4075dd84a31f45a72\"},\"headline\":\"Para atender las secuelas derivadas del Covid-19, el Ayuntamiento de M\u00e9rida implementa el servicio de rehabilitaci\u00f3n respiratoria\",\"datePublished\":\"2022-07-11T22:26:51+00:00\",\"mainEntityOfPage\":{\"@id\":\"https:\\\/\\\/www.yucatanencorto.com\\\/noticias\\\/para-atender-las-secuelas-derivadas-del-covid-19-el-ayuntamiento-de-merida-implementa-el-servicio-de-rehabilitacion-respiratoria\\\/\"},\"wordCount\":727,\"image\":{\"@id\":\"https:\\\/\\\/www.yucatanencorto.com\\\/noticias\\\/para-atender-las-secuelas-derivadas-del-covid-19-el-ayuntamiento-de-merida-implementa-el-servicio-de-rehabilitacion-respiratoria\\\/#primaryimage\"},\"thumbnailUrl\":\"https:\\\/\\\/www.yucatanencorto.com\\\/noticias\\\/wp-content\\\/uploads\\\/2022\\\/07\\\/Covid-1.jpg\",\"articleSection\":[\"M\u00e9rida\"],\"inLanguage\":\"es\"},{\"@type\":\"WebPage\",\"@id\":\"https:\\\/\\\/www.yucatanencorto.com\\\/noticias\\\/para-atender-las-secuelas-derivadas-del-covid-19-el-ayuntamiento-de-merida-implementa-el-servicio-de-rehabilitacion-respiratoria\\\/\",\"url\":\"https:\\\/\\\/www.yucatanencorto.com\\\/noticias\\\/para-atender-las-secuelas-derivadas-del-covid-19-el-ayuntamiento-de-merida-implementa-el-servicio-de-rehabilitacion-respiratoria\\\/\",\"name\":\"Para atender las secuelas derivadas del Covid-19, el Ayuntamiento de M\u00e9rida implementa el servicio de rehabilitaci\u00f3n respiratoria - Yucat\u00e1n en corto\",\"isPartOf\":{\"@id\":\"https:\\\/\\\/www.yucatanencorto.com\\\/noticias\\\/#website\"},\"primaryImageOfPage\":{\"@id\":\"https:\\\/\\\/www.yucatanencorto.com\\\/noticias\\\/para-atender-las-secuelas-derivadas-del-covid-19-el-ayuntamiento-de-merida-implementa-el-servicio-de-rehabilitacion-respiratoria\\\/#primaryimage\"},\"image\":{\"@id\":\"https:\\\/\\\/www.yucatanencorto.com\\\/noticias\\\/para-atender-las-secuelas-derivadas-del-covid-19-el-ayuntamiento-de-merida-implementa-el-servicio-de-rehabilitacion-respiratoria\\\/#primaryimage\"},\"thumbnailUrl\":\"https:\\\/\\\/www.yucatanencorto.com\\\/noticias\\\/wp-content\\\/uploads\\\/2022\\\/07\\\/Covid-1.jpg\",\"datePublished\":\"2022-07-11T22:26:51+00:00\",\"author\":{\"@id\":\"https:\\\/\\\/www.yucatanencorto.com\\\/noticias\\\/#\\\/schema\\\/person\\\/14f82d355225a1f4075dd84a31f45a72\"},\"breadcrumb\":{\"@id\":\"https:\\\/\\\/www.yucatanencorto.com\\\/noticias\\\/para-atender-las-secuelas-derivadas-del-covid-19-el-ayuntamiento-de-merida-implementa-el-servicio-de-rehabilitacion-respiratoria\\\/#breadcrumb\"},\"inLanguage\":\"es\",\"potentialAction\":[{\"@type\":\"ReadAction\",\"target\":[\"https:\\\/\\\/www.yucatanencorto.com\\\/noticias\\\/para-atender-las-secuelas-derivadas-del-covid-19-el-ayuntamiento-de-merida-implementa-el-servicio-de-rehabilitacion-respiratoria\\\/\"]}]},{\"@type\":\"ImageObject\",\"inLanguage\":\"es\",\"@id\":\"https:\\\/\\\/www.yucatanencorto.com\\\/noticias\\\/para-atender-las-secuelas-derivadas-del-covid-19-el-ayuntamiento-de-merida-implementa-el-servicio-de-rehabilitacion-respiratoria\\\/#primaryimage\",\"url\":\"https:\\\/\\\/www.yucatanencorto.com\\\/noticias\\\/wp-content\\\/uploads\\\/2022\\\/07\\\/Covid-1.jpg\",\"contentUrl\":\"https:\\\/\\\/www.yucatanencorto.com\\\/noticias\\\/wp-content\\\/uploads\\\/2022\\\/07\\\/Covid-1.jpg\",\"width\":640,\"height\":427},{\"@type\":\"BreadcrumbList\",\"@id\":\"https:\\\/\\\/www.yucatanencorto.com\\\/noticias\\\/para-atender-las-secuelas-derivadas-del-covid-19-el-ayuntamiento-de-merida-implementa-el-servicio-de-rehabilitacion-respiratoria\\\/#breadcrumb\",\"itemListElement\":[{\"@type\":\"ListItem\",\"position\":1,\"name\":\"Portada\",\"item\":\"https:\\\/\\\/www.yucatanencorto.com\\\/noticias\\\/\"},{\"@type\":\"ListItem\",\"position\":2,\"name\":\"Para atender las secuelas derivadas del Covid-19, el Ayuntamiento de M\u00e9rida implementa el servicio de rehabilitaci\u00f3n respiratoria\"}]},{\"@type\":\"WebSite\",\"@id\":\"https:\\\/\\\/www.yucatanencorto.com\\\/noticias\\\/#website\",\"url\":\"https:\\\/\\\/www.yucatanencorto.com\\\/noticias\\\/\",\"name\":\"Yucat\u00e1n en corto\",\"description\":\"Noticias\",\"potentialAction\":[{\"@type\":\"SearchAction\",\"target\":{\"@type\":\"EntryPoint\",\"urlTemplate\":\"https:\\\/\\\/www.yucatanencorto.com\\\/noticias\\\/?s={search_term_string}\"},\"query-input\":{\"@type\":\"PropertyValueSpecification\",\"valueRequired\":true,\"valueName\":\"search_term_string\"}}],\"inLanguage\":\"es\"},{\"@type\":\"Person\",\"@id\":\"https:\\\/\\\/www.yucatanencorto.com\\\/noticias\\\/#\\\/schema\\\/person\\\/14f82d355225a1f4075dd84a31f45a72\",\"name\":\"Yucat\u00e1n en Corto FC\",\"image\":{\"@type\":\"ImageObject\",\"inLanguage\":\"es\",\"@id\":\"https:\\\/\\\/secure.gravatar.com\\\/avatar\\\/147d4b30cd728c53c29c49a3f7834dedca33707f4cd259761355846009a88250?s=96&d=mm&r=g\",\"url\":\"https:\\\/\\\/secure.gravatar.com\\\/avatar\\\/147d4b30cd728c53c29c49a3f7834dedca33707f4cd259761355846009a88250?s=96&d=mm&r=g\",\"contentUrl\":\"https:\\\/\\\/secure.gravatar.com\\\/avatar\\\/147d4b30cd728c53c29c49a3f7834dedca33707f4cd259761355846009a88250?s=96&d=mm&r=g\",\"caption\":\"Yucat\u00e1n en Corto FC\"},\"url\":\"https:\\\/\\\/www.yucatanencorto.com\\\/noticias\\\/author\\\/flor\\\/\"}]}<\/script>\n<!-- \/ Yoast SEO plugin. -->","yoast_head_json":{"title":"Para atender las secuelas derivadas del Covid-19, el Ayuntamiento de M\u00e9rida implementa el servicio de rehabilitaci\u00f3n respiratoria - Yucat\u00e1n en corto","robots":{"index":"index","follow":"follow","max-snippet":"max-snippet:-1","max-image-preview":"max-image-preview:large","max-video-preview":"max-video-preview:-1"},"canonical":"https:\/\/www.yucatanencorto.com\/noticias\/para-atender-las-secuelas-derivadas-del-covid-19-el-ayuntamiento-de-merida-implementa-el-servicio-de-rehabilitacion-respiratoria\/","og_locale":"es_ES","og_type":"article","og_title":"Para atender las secuelas derivadas del Covid-19, el Ayuntamiento de M\u00e9rida implementa el servicio de rehabilitaci\u00f3n respiratoria - Yucat\u00e1n en corto","og_description":"&nbsp; &nbsp; &nbsp; &nbsp; M\u00e9rida, Yucat\u00e1n a 11 de julio de 2022.- Como parte de las estrategias de cuidado de la salud dirigidos a la poblaci\u00f3n de Municipio, el Ayuntamiento de M\u00e9rida inici\u00f3 un servicio de rehabilitaci\u00f3n respiratoria dirigida a las personas que presentan secuelas leves o moderadas derivadas del Covid-19, inform\u00f3 el Alcalde, Ren\u00e1n [&hellip;]","og_url":"https:\/\/www.yucatanencorto.com\/noticias\/para-atender-las-secuelas-derivadas-del-covid-19-el-ayuntamiento-de-merida-implementa-el-servicio-de-rehabilitacion-respiratoria\/","og_site_name":"Yucat\u00e1n en corto","article_publisher":"http:\/\/www.facebook.com\/yucatanencorto","article_published_time":"2022-07-11T22:26:51+00:00","og_image":[{"width":640,"height":427,"url":"https:\/\/www.yucatanencorto.com\/noticias\/wp-content\/uploads\/2022\/07\/Covid-1.jpg","type":"image\/jpeg"}],"author":"Yucat\u00e1n en Corto FC","twitter_card":"summary_large_image","twitter_creator":"@yucatanencorto","twitter_site":"@yucatanencorto","twitter_misc":{"Escrito por":"Yucat\u00e1n en Corto FC","Tiempo de lectura":"4 minutos"},"schema":{"@context":"https:\/\/schema.org","@graph":[{"@type":"Article","@id":"https:\/\/www.yucatanencorto.com\/noticias\/para-atender-las-secuelas-derivadas-del-covid-19-el-ayuntamiento-de-merida-implementa-el-servicio-de-rehabilitacion-respiratoria\/#article","isPartOf":{"@id":"https:\/\/www.yucatanencorto.com\/noticias\/para-atender-las-secuelas-derivadas-del-covid-19-el-ayuntamiento-de-merida-implementa-el-servicio-de-rehabilitacion-respiratoria\/"},"author":{"name":"Yucat\u00e1n en Corto FC","@id":"https:\/\/www.yucatanencorto.com\/noticias\/#\/schema\/person\/14f82d355225a1f4075dd84a31f45a72"},"headline":"Para atender las secuelas derivadas del Covid-19, el Ayuntamiento de M\u00e9rida implementa el servicio de rehabilitaci\u00f3n respiratoria","datePublished":"2022-07-11T22:26:51+00:00","mainEntityOfPage":{"@id":"https:\/\/www.yucatanencorto.com\/noticias\/para-atender-las-secuelas-derivadas-del-covid-19-el-ayuntamiento-de-merida-implementa-el-servicio-de-rehabilitacion-respiratoria\/"},"wordCount":727,"image":{"@id":"https:\/\/www.yucatanencorto.com\/noticias\/para-atender-las-secuelas-derivadas-del-covid-19-el-ayuntamiento-de-merida-implementa-el-servicio-de-rehabilitacion-respiratoria\/#primaryimage"},"thumbnailUrl":"https:\/\/www.yucatanencorto.com\/noticias\/wp-content\/uploads\/2022\/07\/Covid-1.jpg","articleSection":["M\u00e9rida"],"inLanguage":"es"},{"@type":"WebPage","@id":"https:\/\/www.yucatanencorto.com\/noticias\/para-atender-las-secuelas-derivadas-del-covid-19-el-ayuntamiento-de-merida-implementa-el-servicio-de-rehabilitacion-respiratoria\/","url":"https:\/\/www.yucatanencorto.com\/noticias\/para-atender-las-secuelas-derivadas-del-covid-19-el-ayuntamiento-de-merida-implementa-el-servicio-de-rehabilitacion-respiratoria\/","name":"Para atender las secuelas derivadas del Covid-19, el Ayuntamiento de M\u00e9rida implementa el servicio de rehabilitaci\u00f3n respiratoria - Yucat\u00e1n en corto","isPartOf":{"@id":"https:\/\/www.yucatanencorto.com\/noticias\/#website"},"primaryImageOfPage":{"@id":"https:\/\/www.yucatanencorto.com\/noticias\/para-atender-las-secuelas-derivadas-del-covid-19-el-ayuntamiento-de-merida-implementa-el-servicio-de-rehabilitacion-respiratoria\/#primaryimage"},"image":{"@id":"https:\/\/www.yucatanencorto.com\/noticias\/para-atender-las-secuelas-derivadas-del-covid-19-el-ayuntamiento-de-merida-implementa-el-servicio-de-rehabilitacion-respiratoria\/#primaryimage"},"thumbnailUrl":"https:\/\/www.yucatanencorto.com\/noticias\/wp-content\/uploads\/2022\/07\/Covid-1.jpg","datePublished":"2022-07-11T22:26:51+00:00","author":{"@id":"https:\/\/www.yucatanencorto.com\/noticias\/#\/schema\/person\/14f82d355225a1f4075dd84a31f45a72"},"breadcrumb":{"@id":"https:\/\/www.yucatanencorto.com\/noticias\/para-atender-las-secuelas-derivadas-del-covid-19-el-ayuntamiento-de-merida-implementa-el-servicio-de-rehabilitacion-respiratoria\/#breadcrumb"},"inLanguage":"es","potentialAction":[{"@type":"ReadAction","target":["https:\/\/www.yucatanencorto.com\/noticias\/para-atender-las-secuelas-derivadas-del-covid-19-el-ayuntamiento-de-merida-implementa-el-servicio-de-rehabilitacion-respiratoria\/"]}]},{"@type":"ImageObject","inLanguage":"es","@id":"https:\/\/www.yucatanencorto.com\/noticias\/para-atender-las-secuelas-derivadas-del-covid-19-el-ayuntamiento-de-merida-implementa-el-servicio-de-rehabilitacion-respiratoria\/#primaryimage","url":"https:\/\/www.yucatanencorto.com\/noticias\/wp-content\/uploads\/2022\/07\/Covid-1.jpg","contentUrl":"https:\/\/www.yucatanencorto.com\/noticias\/wp-content\/uploads\/2022\/07\/Covid-1.jpg","width":640,"height":427},{"@type":"BreadcrumbList","@id":"https:\/\/www.yucatanencorto.com\/noticias\/para-atender-las-secuelas-derivadas-del-covid-19-el-ayuntamiento-de-merida-implementa-el-servicio-de-rehabilitacion-respiratoria\/#breadcrumb","itemListElement":[{"@type":"ListItem","position":1,"name":"Portada","item":"https:\/\/www.yucatanencorto.com\/noticias\/"},{"@type":"ListItem","position":2,"name":"Para atender las secuelas derivadas del Covid-19, el Ayuntamiento de M\u00e9rida implementa el servicio de rehabilitaci\u00f3n respiratoria"}]},{"@type":"WebSite","@id":"https:\/\/www.yucatanencorto.com\/noticias\/#website","url":"https:\/\/www.yucatanencorto.com\/noticias\/","name":"Yucat\u00e1n en corto","description":"Noticias","potentialAction":[{"@type":"SearchAction","target":{"@type":"EntryPoint","urlTemplate":"https:\/\/www.yucatanencorto.com\/noticias\/?s={search_term_string}"},"query-input":{"@type":"PropertyValueSpecification","valueRequired":true,"valueName":"search_term_string"}}],"inLanguage":"es"},{"@type":"Person","@id":"https:\/\/www.yucatanencorto.com\/noticias\/#\/schema\/person\/14f82d355225a1f4075dd84a31f45a72","name":"Yucat\u00e1n en Corto FC","image":{"@type":"ImageObject","inLanguage":"es","@id":"https:\/\/secure.gravatar.com\/avatar\/147d4b30cd728c53c29c49a3f7834dedca33707f4cd259761355846009a88250?s=96&d=mm&r=g","url":"https:\/\/secure.gravatar.com\/avatar\/147d4b30cd728c53c29c49a3f7834dedca33707f4cd259761355846009a88250?s=96&d=mm&r=g","contentUrl":"https:\/\/secure.gravatar.com\/avatar\/147d4b30cd728c53c29c49a3f7834dedca33707f4cd259761355846009a88250?s=96&d=mm&r=g","caption":"Yucat\u00e1n en Corto FC"},"url":"https:\/\/www.yucatanencorto.com\/noticias\/author\/flor\/"}]}},"_links":{"self":[{"href":"https:\/\/www.yucatanencorto.com\/noticias\/wp-json\/wp\/v2\/posts\/92178","targetHints":{"allow":["GET"]}}],"collection":[{"href":"https:\/\/www.yucatanencorto.com\/noticias\/wp-json\/wp\/v2\/posts"}],"about":[{"href":"https:\/\/www.yucatanencorto.com\/noticias\/wp-json\/wp\/v2\/types\/post"}],"author":[{"embeddable":true,"href":"https:\/\/www.yucatanencorto.com\/noticias\/wp-json\/wp\/v2\/users\/2"}],"replies":[{"embeddable":true,"href":"https:\/\/www.yucatanencorto.com\/noticias\/wp-json\/wp\/v2\/comments?post=92178"}],"version-history":[{"count":0,"href":"https:\/\/www.yucatanencorto.com\/noticias\/wp-json\/wp\/v2\/posts\/92178\/revisions"}],"wp:featuredmedia":[{"embeddable":true,"href":"https:\/\/www.yucatanencorto.com\/noticias\/wp-json\/wp\/v2\/media\/92179"}],"wp:attachment":[{"href":"https:\/\/www.yucatanencorto.com\/noticias\/wp-json\/wp\/v2\/media?parent=92178"}],"wp:term":[{"taxonomy":"category","embeddable":true,"href":"https:\/\/www.yucatanencorto.com\/noticias\/wp-json\/wp\/v2\/categories?post=92178"},{"taxonomy":"post_tag","embeddable":true,"href":"https:\/\/www.yucatanencorto.com\/noticias\/wp-json\/wp\/v2\/tags?post=92178"}],"curies":[{"name":"wp","href":"https:\/\/api.w.org\/{rel}","templated":true}]}}