{"id":92189,"date":"2022-07-12T15:27:45","date_gmt":"2022-07-12T20:27:45","guid":{"rendered":"https:\/\/www.yucatanencorto.com\/noticias\/?p=92189"},"modified":"2022-07-12T15:27:45","modified_gmt":"2022-07-12T20:27:45","slug":"impulsan-la-modernizacion-del-fiscalia-general-de-yucatan","status":"publish","type":"post","link":"https:\/\/www.yucatanencorto.com\/noticias\/impulsan-la-modernizacion-del-fiscalia-general-de-yucatan\/","title":{"rendered":"Impulsan la modernizaci\u00f3n del Fiscal\u00eda General de Yucat\u00e1n"},"content":{"rendered":"<p align=\"right\"><img loading=\"lazy\" decoding=\"async\" class=\"alignnone size-full wp-image-92190\" src=\"https:\/\/www.yucatanencorto.com\/noticias\/wp-content\/uploads\/2022\/07\/0002-24-scaled.jpg\" alt=\"\" width=\"768\" height=\"538\" srcset=\"https:\/\/www.yucatanencorto.com\/noticias\/wp-content\/uploads\/2022\/07\/0002-24-scaled.jpg 768w, https:\/\/www.yucatanencorto.com\/noticias\/wp-content\/uploads\/2022\/07\/0002-24-696x488.jpg 696w, https:\/\/www.yucatanencorto.com\/noticias\/wp-content\/uploads\/2022\/07\/0002-24-1068x749.jpg 1068w, https:\/\/www.yucatanencorto.com\/noticias\/wp-content\/uploads\/2022\/07\/0002-24-599x420.jpg 599w, https:\/\/www.yucatanencorto.com\/noticias\/wp-content\/uploads\/2022\/07\/0002-24-100x70.jpg 100w\" sizes=\"auto, (max-width: 768px) 100vw, 768px\" \/><\/p>\n<p>M\u00e9rida, Yucat\u00e1n, 12 de julio de 2022.- Para continuar fortaleciendo el clima de paz y la procuraci\u00f3n de justicia en Yucat\u00e1n, el Gobernador Mauricio Vila Dosal anunci\u00f3 la modernizaci\u00f3n digital de la Fiscal\u00eda General del Estado (FGE), proyecto que a trav\u00e9s de novedosas herramientas y un sistema tecnol\u00f3gico integral ayudar\u00e1 a mejorar la recepci\u00f3n y seguimiento de denuncias, as\u00ed como la modernizaci\u00f3n en los procesos de justicia.<\/p>\n<p>&nbsp;<\/p>\n<p>En el marco del D\u00eda del Abogado, Vila Dosal tambi\u00e9n comunic\u00f3 que las hijas e hijos del personal operativo de la FGE, que apruebe sus ex\u00e1menes de confianza, podr\u00e1n acceder a becas del 100% tanto de inscripci\u00f3n como de colegiatura, en cualquier universidad del estado, p\u00fablica o privada, lo cual se har\u00e1 extensivo a primaria, secundaria y preparatoria; adem\u00e1s, en el caso del nivel superior, se les dar\u00e1 2,600 pesos bimestrales para gastos de alimentaci\u00f3n y transporte. En el acto, el Gobernador entreg\u00f3 a los primeros elementos de la Fiscal\u00eda beneficiados con este esquema.<\/p>\n<p>&nbsp;<\/p>\n<p>Tambi\u00e9n, el Gobernador adelant\u00f3 que este a\u00f1o, a trav\u00e9s de la aplicaci\u00f3n de 23 millones de pesos, se remodelar\u00e1 las sedes de la dependencia en Maxcan\u00fa, Motul, Tekax y de M\u00e9rida, las de las colonias Fidel Vel\u00e1zquez y San Jos\u00e9 Tecoh, para que existan instalaciones donde brindar mejores servicios a la ciudadan\u00eda.<\/p>\n<p>&nbsp;<\/p>\n<p>Como parte de esta transformaci\u00f3n, Vila Dosal dot\u00f3 de un parque vehicular a la FGE, que consiste en 27 automotores, en una primera fase; pr\u00f3ximamente, en la segunda, se llegar\u00e1 a un total de 45, para fortalecer el alcance que tendr\u00e1 la instituci\u00f3n en el cumplimiento de sus funciones y acudir al llamado de la ciudadan\u00eda, de manera m\u00e1s r\u00e1pida y eficiente.<\/p>\n<p>&nbsp;<\/p>\n<p>Tambi\u00e9n, indic\u00f3 que se puso a disposici\u00f3n de las y los trabajadores de la Fiscal\u00eda, as\u00ed como del personal sanitario, bomberos, polic\u00edas, Ej\u00e9rcito, Marina y Guardia Nacional, la Ruta de Transporte H\u00e9roes Ciudadanos, totalmente gratuita, para que puedan trasladarse al trabajo y sus hogares.<\/p>\n<p>&nbsp;<\/p>\n<p>Asimismo, el Gobernador dio a conocer que, pr\u00f3ximamente, se presentar\u00e1 las tarjetas de descuento para las y los H\u00e9roes Ciudadanos, que contemplan a personal de salud, protecci\u00f3n civil, polic\u00edas, bomberos y elementos del Ej\u00e9rcito, la Marina, la Guardia Nacional y la Fiscal\u00eda, donde m\u00e1s de 100 empresas otorgar\u00e1n descuentos del 10 al 50% en diversos comercios.<\/p>\n<p>&nbsp;<\/p>\n<p>Acompa\u00f1ado del titular de la FGE, Juan Manuel Le\u00f3n, Vila Dosal inform\u00f3 que, con el objetivo de mejorar las condiciones de las y los trabajadores de la FGE con espacios dignos, se impulsar\u00e1 la construcci\u00f3n de un comedor, as\u00ed como la remodelaci\u00f3n de los 2 ba\u00f1os p\u00fablicos y 2 para empleados de este edificio.<\/p>\n<p>&nbsp;<\/p>\n<p>Durante su mensaje, el Gobernador indic\u00f3 que los cambios se est\u00e1n empezando a ver y sentir, y esa ha sido la instrucci\u00f3n: iniciar con una transformaci\u00f3n que se refleje en una mejor aplicaci\u00f3n de la justicia, pero, sobre todo, en el fortalecimiento de la atenci\u00f3n a las y los ciudadanos.<\/p>\n<p>&nbsp;<\/p>\n<p>\u201cSabemos que nos hace falta mucho por hacer en el tema. Todos los cambios generan resistencia; hay gente que no quiere el cambio, pero quiero decirles que este cambio no lo va a parar nada, vamos a hacerlo todos por la buena, trabajando en equipo y haciendo la parte que nos toca\u201d, a\u00f1adi\u00f3.<\/p>\n<p>&nbsp;<\/p>\n<p>Ante la titular de la Secretar\u00eda General de Gobierno (SGG), Mar\u00eda Fritz Sierra, Vila Dosal felicit\u00f3 al fiscal, por su trabajo efectivo, disposici\u00f3n y apertura para generar los cambios que se necesitan, para hacer de esta una instituci\u00f3n m\u00e1s eficaz y cercana a la gente.<\/p>\n<p>&nbsp;<\/p>\n<p>Tambi\u00e9n, hizo un recuento de lo realizado en su administraci\u00f3n para la procuraci\u00f3n de la justicia, a trav\u00e9s de acciones como la conversi\u00f3n de la Vicefiscal\u00eda Anticorrupci\u00f3n a una Fiscal\u00eda aut\u00f3noma, as\u00ed como la capacitaci\u00f3n y certificaci\u00f3n de diversas \u00e1reas de la FGE.<\/p>\n<p>&nbsp;<\/p>\n<p>Por ejemplo, con apoyo del Consulado de los Estados Unidos, la National Acreditation Board (ANAB) y el Programa de Capacitaci\u00f3n Internacional para la Investigaci\u00f3n Criminal reconocieron a 4 laboratorios locales de la Fiscal\u00eda, y 87 agentes se encuentran en procesos similares.<\/p>\n<p>&nbsp;<\/p>\n<p>Record\u00f3 que, el a\u00f1o pasado, se hizo una intervenci\u00f3n importante a los recintos de Cordemex, Kanas\u00edn y Um\u00e1n; se destin\u00f3 18.6 millones de pesos para la tercera etapa del Centro de Justicia para Mujeres, y su Gobierno est\u00e1 interesado en ofrecer mejores condiciones de vida y laborales, a las y los elementos que se encargan de velar por la paz de la entidad.<\/p>\n<p>&nbsp;<\/p>\n<p>Coment\u00f3 que lo anterior es en respuesta a la gran labor que realizan, pues seg\u00fan datos de la Encuesta Nacional de Victimizaci\u00f3n y Percepci\u00f3n de Seguridad, la FGE tiene, de todas las del pa\u00eds, los mejores \u00edndices de desempe\u00f1o y confianza de la ciudadan\u00eda, por lo que llam\u00f3 a continuar as\u00ed y evitar retrocesos.<\/p>\n<p>&nbsp;<\/p>\n<p>\u201cLes quiero pedir que reforcemos nuestras acciones, porque estar en primer lugar no es suficiente, cuando hay gente que todav\u00eda siente que no se le est\u00e1 haciendo justicia. Tenemos que seguir mejorando; nosotros vamos a seguir mejorando las condiciones laborales de ustedes, pero a cambio, queremos ver resultados, como los estamos viendo el d\u00eda de hoy\u201d, destac\u00f3.<\/p>\n<p>&nbsp;<\/p>\n<p>Finalmente, agradeci\u00f3 la coordinaci\u00f3n con los 3 niveles de Gobierno e instituciones del ramo, \u201cporque la seguridad de Yucat\u00e1n no la hace una sola persona, la hacemos entre todos los yucatecos que, todos los d\u00edas, salimos muy temprano a trabajar y dar lo mejor de nosotros, y lo hacemos a trav\u00e9s de instituciones confiables, comprometidas y que tienen las condiciones necesarias para hacer bien su trabajo\u201d.<\/p>\n<p>&nbsp;<\/p>\n<p>Por su parte, el fiscal Le\u00f3n Le\u00f3n expres\u00f3 su gratitud a Vila Dosal, por el apoyo para fortalecer esta instituci\u00f3n, y se comprometi\u00f3 a seguir esforz\u00e1ndose para retribuir esa confianza, entregando esfuerzo y dedicaci\u00f3n, para contribuir con la consolidaci\u00f3n de una mayor y mejor procuraci\u00f3n de justicia.<\/p>\n<p>&nbsp;<\/p>\n<p>Indic\u00f3 que la dependencia ha iniciado un periodo de reingenier\u00eda de vanguardia y cambio, basados en las directrices de atenci\u00f3n sensible, capacitaci\u00f3n y profesionalizaci\u00f3n, modernizaci\u00f3n e infraestructura; agreg\u00f3 que trabajar en equipo es la mejor v\u00eda para impulsar este ramo y no quitar\u00e1 el dedo del rengl\u00f3n.<\/p>\n<p>&nbsp;<\/p>\n<p>\u201cSeguiremos apostando por el trabajo serio y profesional, en donde la disciplina, el orden y la vocaci\u00f3n para servir con sensibilidad, a las y los ciudadanos, seguir\u00e1n siendo nuestra prioridad para consolidar esta transformaci\u00f3n ya iniciada\u201d, puntualiz\u00f3.<\/p>\n<p>&nbsp;<\/p>\n<p>Respecto del proyecto de la Fiscal\u00eda Digital, se detall\u00f3 que, mediante una inversi\u00f3n de 50 millones de pesos, se implementar\u00e1 novedosas herramientas y un sistema tecnol\u00f3gico integral, para apuntalar la recepci\u00f3n de denuncias y la modernizaci\u00f3n de procesos.<\/p>\n<p>&nbsp;<\/p>\n<p>Desde el mes pasado, dijo, inici\u00f3 la creaci\u00f3n de expedientes electr\u00f3nicos, para que todos quienes intervienen en un procedimiento penal tengan un puntual seguimiento de sus carpetas, con mayor certeza; estos se podr\u00e1n consultar en tiempo real, sin extraviarse y acortando los tiempos tanto de atenci\u00f3n como revisi\u00f3n.<\/p>\n<p>&nbsp;<\/p>\n<p>Tambi\u00e9n, se digitalizar\u00e1n las citas, lo que traer\u00e1 beneficios directos para la ciudadan\u00eda, y a trav\u00e9s de la implementaci\u00f3n del Sistema de Apoyo a los Procesos de Justicia, se gestionar\u00e1 servicios de la Unidad de Atenci\u00f3n Temprana, relacionados con la Etapa de Investigaci\u00f3n Formalizada y digitalizaci\u00f3n de servicios del Ministerio P\u00fablico.<\/p>\n<p>&nbsp;<\/p>\n<p>Los esfuerzos abarcan todas las \u00e1reas de investigaci\u00f3n de la FGE y las relacionadas con atenci\u00f3n a usuarios, como la Ventanilla \u00danica; la Unidad de Atenci\u00f3n y Determinaci\u00f3n Temprana (UNADT), donde se recibe a diario la denuncias, o las de Investigaci\u00f3n y Litigaci\u00f3n en general, que responden a delitos como robos, homicidios, feminicidios y otros contemplados en el C\u00f3digo Penal.<\/p>\n<p>&nbsp;<\/p>\n<p>Se incluir\u00e1n equipos de software, computadoras y especializaci\u00f3n del personal, que trabajar\u00e1 conforme a un moderno esquema digital. Las v\u00edctimas u ofendidos tendr\u00e1n acceso inmediato a la informaci\u00f3n de los primeros actos de investigaci\u00f3n, relacionados con cualquier denuncia, pero tambi\u00e9n a los de las fases posteriores a la imputaci\u00f3n y vinculaci\u00f3n de los delitos, conocidos como complementarias.<\/p>\n<p>&nbsp;<\/p>\n","protected":false},"excerpt":{"rendered":"<p>M\u00e9rida, Yucat\u00e1n, 12 de julio de 2022.- Para continuar fortaleciendo el clima de paz y la procuraci\u00f3n de justicia en Yucat\u00e1n, el Gobernador Mauricio Vila Dosal anunci\u00f3 la modernizaci\u00f3n digital de la Fiscal\u00eda General del Estado (FGE), proyecto que a trav\u00e9s de novedosas herramientas y un sistema tecnol\u00f3gico integral ayudar\u00e1 a mejorar la recepci\u00f3n y [&hellip;]<\/p>\n","protected":false},"author":2,"featured_media":92190,"comment_status":"closed","ping_status":"closed","sticky":false,"template":"","format":"standard","meta":{"footnotes":""},"categories":[3],"tags":[],"class_list":{"0":"post-92189","1":"post","2":"type-post","3":"status-publish","4":"format-standard","5":"has-post-thumbnail","7":"category-yucatan"},"yoast_head":"<!-- This site is optimized with the Yoast SEO plugin v27.4 - https:\/\/yoast.com\/product\/yoast-seo-wordpress\/ -->\n<title>Impulsan la modernizaci\u00f3n del Fiscal\u00eda General de Yucat\u00e1n - Yucat\u00e1n en corto<\/title>\n<meta name=\"robots\" content=\"index, follow, max-snippet:-1, max-image-preview:large, max-video-preview:-1\" \/>\n<link rel=\"canonical\" href=\"https:\/\/www.yucatanencorto.com\/noticias\/impulsan-la-modernizacion-del-fiscalia-general-de-yucatan\/\" \/>\n<meta property=\"og:locale\" content=\"es_ES\" \/>\n<meta property=\"og:type\" content=\"article\" \/>\n<meta property=\"og:title\" content=\"Impulsan la modernizaci\u00f3n del Fiscal\u00eda General de Yucat\u00e1n - Yucat\u00e1n en corto\" \/>\n<meta property=\"og:description\" content=\"M\u00e9rida, Yucat\u00e1n, 12 de julio de 2022.- Para continuar fortaleciendo el clima de paz y la procuraci\u00f3n de justicia en Yucat\u00e1n, el Gobernador Mauricio Vila Dosal anunci\u00f3 la modernizaci\u00f3n digital de la Fiscal\u00eda General del Estado (FGE), proyecto que a trav\u00e9s de novedosas herramientas y un sistema tecnol\u00f3gico integral ayudar\u00e1 a mejorar la recepci\u00f3n y [&hellip;]\" \/>\n<meta property=\"og:url\" content=\"https:\/\/www.yucatanencorto.com\/noticias\/impulsan-la-modernizacion-del-fiscalia-general-de-yucatan\/\" \/>\n<meta property=\"og:site_name\" content=\"Yucat\u00e1n en corto\" \/>\n<meta property=\"article:publisher\" content=\"http:\/\/www.facebook.com\/yucatanencorto\" \/>\n<meta property=\"article:published_time\" content=\"2022-07-12T20:27:45+00:00\" \/>\n<meta property=\"og:image\" content=\"https:\/\/www.yucatanencorto.com\/noticias\/wp-content\/uploads\/2022\/07\/0002-24-scaled.jpg\" \/>\n\t<meta property=\"og:image:width\" content=\"768\" \/>\n\t<meta property=\"og:image:height\" content=\"538\" \/>\n\t<meta property=\"og:image:type\" content=\"image\/jpeg\" \/>\n<meta name=\"author\" content=\"Yucat\u00e1n en Corto FC\" \/>\n<meta name=\"twitter:card\" content=\"summary_large_image\" \/>\n<meta name=\"twitter:creator\" content=\"@yucatanencorto\" \/>\n<meta name=\"twitter:site\" content=\"@yucatanencorto\" \/>\n<meta name=\"twitter:label1\" content=\"Escrito por\" \/>\n\t<meta name=\"twitter:data1\" content=\"Yucat\u00e1n en Corto FC\" \/>\n\t<meta name=\"twitter:label2\" content=\"Tiempo de lectura\" \/>\n\t<meta name=\"twitter:data2\" content=\"7 minutos\" \/>\n<script type=\"application\/ld+json\" class=\"yoast-schema-graph\">{\"@context\":\"https:\\\/\\\/schema.org\",\"@graph\":[{\"@type\":\"Article\",\"@id\":\"https:\\\/\\\/www.yucatanencorto.com\\\/noticias\\\/impulsan-la-modernizacion-del-fiscalia-general-de-yucatan\\\/#article\",\"isPartOf\":{\"@id\":\"https:\\\/\\\/www.yucatanencorto.com\\\/noticias\\\/impulsan-la-modernizacion-del-fiscalia-general-de-yucatan\\\/\"},\"author\":{\"name\":\"Yucat\u00e1n en Corto FC\",\"@id\":\"https:\\\/\\\/www.yucatanencorto.com\\\/noticias\\\/#\\\/schema\\\/person\\\/14f82d355225a1f4075dd84a31f45a72\"},\"headline\":\"Impulsan la modernizaci\u00f3n del Fiscal\u00eda General de Yucat\u00e1n\",\"datePublished\":\"2022-07-12T20:27:45+00:00\",\"mainEntityOfPage\":{\"@id\":\"https:\\\/\\\/www.yucatanencorto.com\\\/noticias\\\/impulsan-la-modernizacion-del-fiscalia-general-de-yucatan\\\/\"},\"wordCount\":1450,\"image\":{\"@id\":\"https:\\\/\\\/www.yucatanencorto.com\\\/noticias\\\/impulsan-la-modernizacion-del-fiscalia-general-de-yucatan\\\/#primaryimage\"},\"thumbnailUrl\":\"https:\\\/\\\/www.yucatanencorto.com\\\/noticias\\\/wp-content\\\/uploads\\\/2022\\\/07\\\/0002-24-scaled.jpg\",\"articleSection\":[\"Yucat\u00e1n\"],\"inLanguage\":\"es\"},{\"@type\":\"WebPage\",\"@id\":\"https:\\\/\\\/www.yucatanencorto.com\\\/noticias\\\/impulsan-la-modernizacion-del-fiscalia-general-de-yucatan\\\/\",\"url\":\"https:\\\/\\\/www.yucatanencorto.com\\\/noticias\\\/impulsan-la-modernizacion-del-fiscalia-general-de-yucatan\\\/\",\"name\":\"Impulsan la modernizaci\u00f3n del Fiscal\u00eda General de Yucat\u00e1n - Yucat\u00e1n en corto\",\"isPartOf\":{\"@id\":\"https:\\\/\\\/www.yucatanencorto.com\\\/noticias\\\/#website\"},\"primaryImageOfPage\":{\"@id\":\"https:\\\/\\\/www.yucatanencorto.com\\\/noticias\\\/impulsan-la-modernizacion-del-fiscalia-general-de-yucatan\\\/#primaryimage\"},\"image\":{\"@id\":\"https:\\\/\\\/www.yucatanencorto.com\\\/noticias\\\/impulsan-la-modernizacion-del-fiscalia-general-de-yucatan\\\/#primaryimage\"},\"thumbnailUrl\":\"https:\\\/\\\/www.yucatanencorto.com\\\/noticias\\\/wp-content\\\/uploads\\\/2022\\\/07\\\/0002-24-scaled.jpg\",\"datePublished\":\"2022-07-12T20:27:45+00:00\",\"author\":{\"@id\":\"https:\\\/\\\/www.yucatanencorto.com\\\/noticias\\\/#\\\/schema\\\/person\\\/14f82d355225a1f4075dd84a31f45a72\"},\"breadcrumb\":{\"@id\":\"https:\\\/\\\/www.yucatanencorto.com\\\/noticias\\\/impulsan-la-modernizacion-del-fiscalia-general-de-yucatan\\\/#breadcrumb\"},\"inLanguage\":\"es\",\"potentialAction\":[{\"@type\":\"ReadAction\",\"target\":[\"https:\\\/\\\/www.yucatanencorto.com\\\/noticias\\\/impulsan-la-modernizacion-del-fiscalia-general-de-yucatan\\\/\"]}]},{\"@type\":\"ImageObject\",\"inLanguage\":\"es\",\"@id\":\"https:\\\/\\\/www.yucatanencorto.com\\\/noticias\\\/impulsan-la-modernizacion-del-fiscalia-general-de-yucatan\\\/#primaryimage\",\"url\":\"https:\\\/\\\/www.yucatanencorto.com\\\/noticias\\\/wp-content\\\/uploads\\\/2022\\\/07\\\/0002-24-scaled.jpg\",\"contentUrl\":\"https:\\\/\\\/www.yucatanencorto.com\\\/noticias\\\/wp-content\\\/uploads\\\/2022\\\/07\\\/0002-24-scaled.jpg\",\"width\":768,\"height\":538},{\"@type\":\"BreadcrumbList\",\"@id\":\"https:\\\/\\\/www.yucatanencorto.com\\\/noticias\\\/impulsan-la-modernizacion-del-fiscalia-general-de-yucatan\\\/#breadcrumb\",\"itemListElement\":[{\"@type\":\"ListItem\",\"position\":1,\"name\":\"Portada\",\"item\":\"https:\\\/\\\/www.yucatanencorto.com\\\/noticias\\\/\"},{\"@type\":\"ListItem\",\"position\":2,\"name\":\"Impulsan la modernizaci\u00f3n del Fiscal\u00eda General de Yucat\u00e1n\"}]},{\"@type\":\"WebSite\",\"@id\":\"https:\\\/\\\/www.yucatanencorto.com\\\/noticias\\\/#website\",\"url\":\"https:\\\/\\\/www.yucatanencorto.com\\\/noticias\\\/\",\"name\":\"Yucat\u00e1n en corto\",\"description\":\"Noticias\",\"potentialAction\":[{\"@type\":\"SearchAction\",\"target\":{\"@type\":\"EntryPoint\",\"urlTemplate\":\"https:\\\/\\\/www.yucatanencorto.com\\\/noticias\\\/?s={search_term_string}\"},\"query-input\":{\"@type\":\"PropertyValueSpecification\",\"valueRequired\":true,\"valueName\":\"search_term_string\"}}],\"inLanguage\":\"es\"},{\"@type\":\"Person\",\"@id\":\"https:\\\/\\\/www.yucatanencorto.com\\\/noticias\\\/#\\\/schema\\\/person\\\/14f82d355225a1f4075dd84a31f45a72\",\"name\":\"Yucat\u00e1n en Corto FC\",\"image\":{\"@type\":\"ImageObject\",\"inLanguage\":\"es\",\"@id\":\"https:\\\/\\\/secure.gravatar.com\\\/avatar\\\/147d4b30cd728c53c29c49a3f7834dedca33707f4cd259761355846009a88250?s=96&d=mm&r=g\",\"url\":\"https:\\\/\\\/secure.gravatar.com\\\/avatar\\\/147d4b30cd728c53c29c49a3f7834dedca33707f4cd259761355846009a88250?s=96&d=mm&r=g\",\"contentUrl\":\"https:\\\/\\\/secure.gravatar.com\\\/avatar\\\/147d4b30cd728c53c29c49a3f7834dedca33707f4cd259761355846009a88250?s=96&d=mm&r=g\",\"caption\":\"Yucat\u00e1n en Corto FC\"},\"url\":\"https:\\\/\\\/www.yucatanencorto.com\\\/noticias\\\/author\\\/flor\\\/\"}]}<\/script>\n<!-- \/ Yoast SEO plugin. -->","yoast_head_json":{"title":"Impulsan la modernizaci\u00f3n del Fiscal\u00eda General de Yucat\u00e1n - Yucat\u00e1n en corto","robots":{"index":"index","follow":"follow","max-snippet":"max-snippet:-1","max-image-preview":"max-image-preview:large","max-video-preview":"max-video-preview:-1"},"canonical":"https:\/\/www.yucatanencorto.com\/noticias\/impulsan-la-modernizacion-del-fiscalia-general-de-yucatan\/","og_locale":"es_ES","og_type":"article","og_title":"Impulsan la modernizaci\u00f3n del Fiscal\u00eda General de Yucat\u00e1n - Yucat\u00e1n en corto","og_description":"M\u00e9rida, Yucat\u00e1n, 12 de julio de 2022.- Para continuar fortaleciendo el clima de paz y la procuraci\u00f3n de justicia en Yucat\u00e1n, el Gobernador Mauricio Vila Dosal anunci\u00f3 la modernizaci\u00f3n digital de la Fiscal\u00eda General del Estado (FGE), proyecto que a trav\u00e9s de novedosas herramientas y un sistema tecnol\u00f3gico integral ayudar\u00e1 a mejorar la recepci\u00f3n y [&hellip;]","og_url":"https:\/\/www.yucatanencorto.com\/noticias\/impulsan-la-modernizacion-del-fiscalia-general-de-yucatan\/","og_site_name":"Yucat\u00e1n en corto","article_publisher":"http:\/\/www.facebook.com\/yucatanencorto","article_published_time":"2022-07-12T20:27:45+00:00","og_image":[{"width":768,"height":538,"url":"https:\/\/www.yucatanencorto.com\/noticias\/wp-content\/uploads\/2022\/07\/0002-24-scaled.jpg","type":"image\/jpeg"}],"author":"Yucat\u00e1n en Corto FC","twitter_card":"summary_large_image","twitter_creator":"@yucatanencorto","twitter_site":"@yucatanencorto","twitter_misc":{"Escrito por":"Yucat\u00e1n en Corto FC","Tiempo de lectura":"7 minutos"},"schema":{"@context":"https:\/\/schema.org","@graph":[{"@type":"Article","@id":"https:\/\/www.yucatanencorto.com\/noticias\/impulsan-la-modernizacion-del-fiscalia-general-de-yucatan\/#article","isPartOf":{"@id":"https:\/\/www.yucatanencorto.com\/noticias\/impulsan-la-modernizacion-del-fiscalia-general-de-yucatan\/"},"author":{"name":"Yucat\u00e1n en Corto FC","@id":"https:\/\/www.yucatanencorto.com\/noticias\/#\/schema\/person\/14f82d355225a1f4075dd84a31f45a72"},"headline":"Impulsan la modernizaci\u00f3n del Fiscal\u00eda General de Yucat\u00e1n","datePublished":"2022-07-12T20:27:45+00:00","mainEntityOfPage":{"@id":"https:\/\/www.yucatanencorto.com\/noticias\/impulsan-la-modernizacion-del-fiscalia-general-de-yucatan\/"},"wordCount":1450,"image":{"@id":"https:\/\/www.yucatanencorto.com\/noticias\/impulsan-la-modernizacion-del-fiscalia-general-de-yucatan\/#primaryimage"},"thumbnailUrl":"https:\/\/www.yucatanencorto.com\/noticias\/wp-content\/uploads\/2022\/07\/0002-24-scaled.jpg","articleSection":["Yucat\u00e1n"],"inLanguage":"es"},{"@type":"WebPage","@id":"https:\/\/www.yucatanencorto.com\/noticias\/impulsan-la-modernizacion-del-fiscalia-general-de-yucatan\/","url":"https:\/\/www.yucatanencorto.com\/noticias\/impulsan-la-modernizacion-del-fiscalia-general-de-yucatan\/","name":"Impulsan la modernizaci\u00f3n del Fiscal\u00eda General de Yucat\u00e1n - Yucat\u00e1n en corto","isPartOf":{"@id":"https:\/\/www.yucatanencorto.com\/noticias\/#website"},"primaryImageOfPage":{"@id":"https:\/\/www.yucatanencorto.com\/noticias\/impulsan-la-modernizacion-del-fiscalia-general-de-yucatan\/#primaryimage"},"image":{"@id":"https:\/\/www.yucatanencorto.com\/noticias\/impulsan-la-modernizacion-del-fiscalia-general-de-yucatan\/#primaryimage"},"thumbnailUrl":"https:\/\/www.yucatanencorto.com\/noticias\/wp-content\/uploads\/2022\/07\/0002-24-scaled.jpg","datePublished":"2022-07-12T20:27:45+00:00","author":{"@id":"https:\/\/www.yucatanencorto.com\/noticias\/#\/schema\/person\/14f82d355225a1f4075dd84a31f45a72"},"breadcrumb":{"@id":"https:\/\/www.yucatanencorto.com\/noticias\/impulsan-la-modernizacion-del-fiscalia-general-de-yucatan\/#breadcrumb"},"inLanguage":"es","potentialAction":[{"@type":"ReadAction","target":["https:\/\/www.yucatanencorto.com\/noticias\/impulsan-la-modernizacion-del-fiscalia-general-de-yucatan\/"]}]},{"@type":"ImageObject","inLanguage":"es","@id":"https:\/\/www.yucatanencorto.com\/noticias\/impulsan-la-modernizacion-del-fiscalia-general-de-yucatan\/#primaryimage","url":"https:\/\/www.yucatanencorto.com\/noticias\/wp-content\/uploads\/2022\/07\/0002-24-scaled.jpg","contentUrl":"https:\/\/www.yucatanencorto.com\/noticias\/wp-content\/uploads\/2022\/07\/0002-24-scaled.jpg","width":768,"height":538},{"@type":"BreadcrumbList","@id":"https:\/\/www.yucatanencorto.com\/noticias\/impulsan-la-modernizacion-del-fiscalia-general-de-yucatan\/#breadcrumb","itemListElement":[{"@type":"ListItem","position":1,"name":"Portada","item":"https:\/\/www.yucatanencorto.com\/noticias\/"},{"@type":"ListItem","position":2,"name":"Impulsan la modernizaci\u00f3n del Fiscal\u00eda General de Yucat\u00e1n"}]},{"@type":"WebSite","@id":"https:\/\/www.yucatanencorto.com\/noticias\/#website","url":"https:\/\/www.yucatanencorto.com\/noticias\/","name":"Yucat\u00e1n en corto","description":"Noticias","potentialAction":[{"@type":"SearchAction","target":{"@type":"EntryPoint","urlTemplate":"https:\/\/www.yucatanencorto.com\/noticias\/?s={search_term_string}"},"query-input":{"@type":"PropertyValueSpecification","valueRequired":true,"valueName":"search_term_string"}}],"inLanguage":"es"},{"@type":"Person","@id":"https:\/\/www.yucatanencorto.com\/noticias\/#\/schema\/person\/14f82d355225a1f4075dd84a31f45a72","name":"Yucat\u00e1n en Corto FC","image":{"@type":"ImageObject","inLanguage":"es","@id":"https:\/\/secure.gravatar.com\/avatar\/147d4b30cd728c53c29c49a3f7834dedca33707f4cd259761355846009a88250?s=96&d=mm&r=g","url":"https:\/\/secure.gravatar.com\/avatar\/147d4b30cd728c53c29c49a3f7834dedca33707f4cd259761355846009a88250?s=96&d=mm&r=g","contentUrl":"https:\/\/secure.gravatar.com\/avatar\/147d4b30cd728c53c29c49a3f7834dedca33707f4cd259761355846009a88250?s=96&d=mm&r=g","caption":"Yucat\u00e1n en Corto FC"},"url":"https:\/\/www.yucatanencorto.com\/noticias\/author\/flor\/"}]}},"_links":{"self":[{"href":"https:\/\/www.yucatanencorto.com\/noticias\/wp-json\/wp\/v2\/posts\/92189","targetHints":{"allow":["GET"]}}],"collection":[{"href":"https:\/\/www.yucatanencorto.com\/noticias\/wp-json\/wp\/v2\/posts"}],"about":[{"href":"https:\/\/www.yucatanencorto.com\/noticias\/wp-json\/wp\/v2\/types\/post"}],"author":[{"embeddable":true,"href":"https:\/\/www.yucatanencorto.com\/noticias\/wp-json\/wp\/v2\/users\/2"}],"replies":[{"embeddable":true,"href":"https:\/\/www.yucatanencorto.com\/noticias\/wp-json\/wp\/v2\/comments?post=92189"}],"version-history":[{"count":0,"href":"https:\/\/www.yucatanencorto.com\/noticias\/wp-json\/wp\/v2\/posts\/92189\/revisions"}],"wp:featuredmedia":[{"embeddable":true,"href":"https:\/\/www.yucatanencorto.com\/noticias\/wp-json\/wp\/v2\/media\/92190"}],"wp:attachment":[{"href":"https:\/\/www.yucatanencorto.com\/noticias\/wp-json\/wp\/v2\/media?parent=92189"}],"wp:term":[{"taxonomy":"category","embeddable":true,"href":"https:\/\/www.yucatanencorto.com\/noticias\/wp-json\/wp\/v2\/categories?post=92189"},{"taxonomy":"post_tag","embeddable":true,"href":"https:\/\/www.yucatanencorto.com\/noticias\/wp-json\/wp\/v2\/tags?post=92189"}],"curies":[{"name":"wp","href":"https:\/\/api.w.org\/{rel}","templated":true}]}}