{"id":92192,"date":"2022-07-12T17:28:07","date_gmt":"2022-07-12T22:28:07","guid":{"rendered":"https:\/\/www.yucatanencorto.com\/noticias\/?p=92192"},"modified":"2022-07-12T17:28:30","modified_gmt":"2022-07-12T22:28:30","slug":"trabajan-en-el-mejoramiento-de-la-infraestructura-vial","status":"publish","type":"post","link":"https:\/\/www.yucatanencorto.com\/noticias\/trabajan-en-el-mejoramiento-de-la-infraestructura-vial\/","title":{"rendered":"Trabajan en el mejoramiento de la infraestructura vial"},"content":{"rendered":"<p><img loading=\"lazy\" decoding=\"async\" class=\"alignnone size-full wp-image-92193\" src=\"https:\/\/www.yucatanencorto.com\/noticias\/wp-content\/uploads\/2022\/07\/RBC-supervision-de-calles-2022-07-12-at-4.44.59-PM-scaled.jpeg\" alt=\"\" width=\"768\" height=\"512\" srcset=\"https:\/\/www.yucatanencorto.com\/noticias\/wp-content\/uploads\/2022\/07\/RBC-supervision-de-calles-2022-07-12-at-4.44.59-PM-scaled.jpeg 768w, https:\/\/www.yucatanencorto.com\/noticias\/wp-content\/uploads\/2022\/07\/RBC-supervision-de-calles-2022-07-12-at-4.44.59-PM-696x464.jpeg 696w, https:\/\/www.yucatanencorto.com\/noticias\/wp-content\/uploads\/2022\/07\/RBC-supervision-de-calles-2022-07-12-at-4.44.59-PM-1068x712.jpeg 1068w, https:\/\/www.yucatanencorto.com\/noticias\/wp-content\/uploads\/2022\/07\/RBC-supervision-de-calles-2022-07-12-at-4.44.59-PM-630x420.jpeg 630w\" sizes=\"auto, (max-width: 768px) 100vw, 768px\" \/><\/p>\n<p>M\u00e9rida, Yucat\u00e1n, a 12 de julio de 2022.- En el Ayuntamiento avanzamos con acciones que permitan el desarrollo equitativo de la ciudad y mejoran la infraestructura vial, para una mejor movilidad de la ciudadan\u00eda y del transporte, as\u00ed como llevar servicios b\u00e1sicos integrales y de calidad, que privilegian siempre el bien com\u00fan, destac\u00f3 el Alcalde Ren\u00e1n Barrera Concha.<\/p>\n<p>En la supervisi\u00f3n de los trabajos de repavimentaci\u00f3n de la calle Antonia Jim\u00e9nez Trava entre 25 y Avenida Jacinto Canek de la colonia Inal\u00e1mbrica, el Presidente Municipal se\u00f1al\u00f3 que la actual administraci\u00f3n ha puesto mayor \u00e9nfasis en trabajar en la construcci\u00f3n y reparaci\u00f3n de vialidades con el objetivo de hacerlas m\u00e1s seguras y accesibles para todas y todos.<\/p>\n<p>\u201cM\u00e1s all\u00e1 de favorecer la movilidad urbana, tambi\u00e9n estamos mejorando la calidad de vida de la ciudadan\u00eda, otorg\u00e1ndoles servicios b\u00e1sicos adecuados que les brinde mayor seguridad, tanto a transe\u00fantes como a automovilistas\u201d, asever\u00f3.<\/p>\n<p>Adem\u00e1s, abund\u00f3, la reparaci\u00f3n de esta vialidad permitir\u00e1 a las unidades de seguridad y emergencia desplazarse con mayor rapidez a los hospitales y centros de salud que se encuentran en las inmediaciones de esa importante avenida.<\/p>\n<p>\u201cHemos estado trabajando mucho en hacer esta inversi\u00f3n importante para mejorar las vialidades que son fundamentales para la comunicaci\u00f3n de la ciudad, principalmente aquellas que conectan hospitales o escuelas\u201d, expres\u00f3.<\/p>\n<p>Barrera Concha indic\u00f3 que con estos trabajos y proyectos se va consolidando y articulando el Plan Integral de Movilidad Urbana Sustentable de M\u00e9rida (PIMUS), entre los que se encuentran el mantenimiento, rehabilitaci\u00f3n y construcci\u00f3n de calles completas.<\/p>\n<p>Record\u00f3 que, como gobierno responsable y preocupado por el desarrollo del Municipio, se han aprobado, a trav\u00e9s de las dos primeras priorizaciones del Ramo 33, una inversi\u00f3n de $287 millones 363 mil 366.37 pesos de inversi\u00f3n en la construcci\u00f3n de 1, 390 obras y servicios en colonias y comisar\u00edas de M\u00e9rida, en beneficio de cerca de 40 mil habitantes para mejorar su calidad de vida.<\/p>\n<p>Por su parte, David Lor\u00eda Magdub, director de Obras P\u00fablicas, inform\u00f3 que en esta rehabilitaci\u00f3n se est\u00e1n interviniendo 1,131 metros lineales, la cual presenta un 70% de avance, con una inversi\u00f3n total es de $1 mill\u00f3n 626 mil 305.62, provenientes de recursos propios.<\/p>\n<p>En la supervisi\u00f3n, el Alcalde pudo constatar los trabajos que realizan los empleados de la Direcci\u00f3n de Obras P\u00fablicas con el apoyo de la m\u00e1quina fresadora y al concluir los mismos se iniciar\u00e1 con la aplicaci\u00f3n de pintura, se\u00f1al\u00e9tica, desazolve de pozos, nivelaci\u00f3n de las banquetas y de la calle, a fin de evitar que en un futuro esta vialidad presente encharcamientos o inundaciones que pudieran afectar a las viviendas o los veh\u00edculos motorizados que transitan por la zona.<\/p>\n","protected":false},"excerpt":{"rendered":"<p>M\u00e9rida, Yucat\u00e1n, a 12 de julio de 2022.- En el Ayuntamiento avanzamos con acciones que permitan el desarrollo equitativo de la ciudad y mejoran la infraestructura vial, para una mejor movilidad de la ciudadan\u00eda y del transporte, as\u00ed como llevar servicios b\u00e1sicos integrales y de calidad, que privilegian siempre el bien com\u00fan, destac\u00f3 el Alcalde [&hellip;]<\/p>\n","protected":false},"author":2,"featured_media":92193,"comment_status":"closed","ping_status":"closed","sticky":false,"template":"","format":"standard","meta":{"footnotes":""},"categories":[2],"tags":[],"class_list":{"0":"post-92192","1":"post","2":"type-post","3":"status-publish","4":"format-standard","5":"has-post-thumbnail","7":"category-merida"},"yoast_head":"<!-- This site is optimized with the Yoast SEO plugin v27.4 - https:\/\/yoast.com\/product\/yoast-seo-wordpress\/ -->\n<title>Trabajan en el mejoramiento de la infraestructura vial - Yucat\u00e1n en corto<\/title>\n<meta name=\"robots\" content=\"index, follow, max-snippet:-1, max-image-preview:large, max-video-preview:-1\" \/>\n<link rel=\"canonical\" href=\"https:\/\/www.yucatanencorto.com\/noticias\/trabajan-en-el-mejoramiento-de-la-infraestructura-vial\/\" \/>\n<meta property=\"og:locale\" content=\"es_ES\" \/>\n<meta property=\"og:type\" content=\"article\" \/>\n<meta property=\"og:title\" content=\"Trabajan en el mejoramiento de la infraestructura vial - Yucat\u00e1n en corto\" \/>\n<meta property=\"og:description\" content=\"M\u00e9rida, Yucat\u00e1n, a 12 de julio de 2022.- En el Ayuntamiento avanzamos con acciones que permitan el desarrollo equitativo de la ciudad y mejoran la infraestructura vial, para una mejor movilidad de la ciudadan\u00eda y del transporte, as\u00ed como llevar servicios b\u00e1sicos integrales y de calidad, que privilegian siempre el bien com\u00fan, destac\u00f3 el Alcalde [&hellip;]\" \/>\n<meta property=\"og:url\" content=\"https:\/\/www.yucatanencorto.com\/noticias\/trabajan-en-el-mejoramiento-de-la-infraestructura-vial\/\" \/>\n<meta property=\"og:site_name\" content=\"Yucat\u00e1n en corto\" \/>\n<meta property=\"article:publisher\" content=\"http:\/\/www.facebook.com\/yucatanencorto\" \/>\n<meta property=\"article:published_time\" content=\"2022-07-12T22:28:07+00:00\" \/>\n<meta property=\"article:modified_time\" content=\"2022-07-12T22:28:30+00:00\" \/>\n<meta property=\"og:image\" content=\"https:\/\/www.yucatanencorto.com\/noticias\/wp-content\/uploads\/2022\/07\/RBC-supervision-de-calles-2022-07-12-at-4.44.59-PM-scaled.jpeg\" \/>\n\t<meta property=\"og:image:width\" content=\"768\" \/>\n\t<meta property=\"og:image:height\" content=\"512\" \/>\n\t<meta property=\"og:image:type\" content=\"image\/jpeg\" \/>\n<meta name=\"author\" content=\"Yucat\u00e1n en Corto FC\" \/>\n<meta name=\"twitter:card\" content=\"summary_large_image\" \/>\n<meta name=\"twitter:creator\" content=\"@yucatanencorto\" \/>\n<meta name=\"twitter:site\" content=\"@yucatanencorto\" \/>\n<meta name=\"twitter:label1\" content=\"Escrito por\" \/>\n\t<meta name=\"twitter:data1\" content=\"Yucat\u00e1n en Corto FC\" \/>\n\t<meta name=\"twitter:label2\" content=\"Tiempo de lectura\" \/>\n\t<meta name=\"twitter:data2\" content=\"3 minutos\" \/>\n<script type=\"application\/ld+json\" class=\"yoast-schema-graph\">{\"@context\":\"https:\\\/\\\/schema.org\",\"@graph\":[{\"@type\":\"Article\",\"@id\":\"https:\\\/\\\/www.yucatanencorto.com\\\/noticias\\\/trabajan-en-el-mejoramiento-de-la-infraestructura-vial\\\/#article\",\"isPartOf\":{\"@id\":\"https:\\\/\\\/www.yucatanencorto.com\\\/noticias\\\/trabajan-en-el-mejoramiento-de-la-infraestructura-vial\\\/\"},\"author\":{\"name\":\"Yucat\u00e1n en Corto FC\",\"@id\":\"https:\\\/\\\/www.yucatanencorto.com\\\/noticias\\\/#\\\/schema\\\/person\\\/14f82d355225a1f4075dd84a31f45a72\"},\"headline\":\"Trabajan en el mejoramiento de la infraestructura vial\",\"datePublished\":\"2022-07-12T22:28:07+00:00\",\"dateModified\":\"2022-07-12T22:28:30+00:00\",\"mainEntityOfPage\":{\"@id\":\"https:\\\/\\\/www.yucatanencorto.com\\\/noticias\\\/trabajan-en-el-mejoramiento-de-la-infraestructura-vial\\\/\"},\"wordCount\":482,\"image\":{\"@id\":\"https:\\\/\\\/www.yucatanencorto.com\\\/noticias\\\/trabajan-en-el-mejoramiento-de-la-infraestructura-vial\\\/#primaryimage\"},\"thumbnailUrl\":\"https:\\\/\\\/www.yucatanencorto.com\\\/noticias\\\/wp-content\\\/uploads\\\/2022\\\/07\\\/RBC-supervision-de-calles-2022-07-12-at-4.44.59-PM-scaled.jpeg\",\"articleSection\":[\"M\u00e9rida\"],\"inLanguage\":\"es\"},{\"@type\":\"WebPage\",\"@id\":\"https:\\\/\\\/www.yucatanencorto.com\\\/noticias\\\/trabajan-en-el-mejoramiento-de-la-infraestructura-vial\\\/\",\"url\":\"https:\\\/\\\/www.yucatanencorto.com\\\/noticias\\\/trabajan-en-el-mejoramiento-de-la-infraestructura-vial\\\/\",\"name\":\"Trabajan en el mejoramiento de la infraestructura vial - Yucat\u00e1n en corto\",\"isPartOf\":{\"@id\":\"https:\\\/\\\/www.yucatanencorto.com\\\/noticias\\\/#website\"},\"primaryImageOfPage\":{\"@id\":\"https:\\\/\\\/www.yucatanencorto.com\\\/noticias\\\/trabajan-en-el-mejoramiento-de-la-infraestructura-vial\\\/#primaryimage\"},\"image\":{\"@id\":\"https:\\\/\\\/www.yucatanencorto.com\\\/noticias\\\/trabajan-en-el-mejoramiento-de-la-infraestructura-vial\\\/#primaryimage\"},\"thumbnailUrl\":\"https:\\\/\\\/www.yucatanencorto.com\\\/noticias\\\/wp-content\\\/uploads\\\/2022\\\/07\\\/RBC-supervision-de-calles-2022-07-12-at-4.44.59-PM-scaled.jpeg\",\"datePublished\":\"2022-07-12T22:28:07+00:00\",\"dateModified\":\"2022-07-12T22:28:30+00:00\",\"author\":{\"@id\":\"https:\\\/\\\/www.yucatanencorto.com\\\/noticias\\\/#\\\/schema\\\/person\\\/14f82d355225a1f4075dd84a31f45a72\"},\"breadcrumb\":{\"@id\":\"https:\\\/\\\/www.yucatanencorto.com\\\/noticias\\\/trabajan-en-el-mejoramiento-de-la-infraestructura-vial\\\/#breadcrumb\"},\"inLanguage\":\"es\",\"potentialAction\":[{\"@type\":\"ReadAction\",\"target\":[\"https:\\\/\\\/www.yucatanencorto.com\\\/noticias\\\/trabajan-en-el-mejoramiento-de-la-infraestructura-vial\\\/\"]}]},{\"@type\":\"ImageObject\",\"inLanguage\":\"es\",\"@id\":\"https:\\\/\\\/www.yucatanencorto.com\\\/noticias\\\/trabajan-en-el-mejoramiento-de-la-infraestructura-vial\\\/#primaryimage\",\"url\":\"https:\\\/\\\/www.yucatanencorto.com\\\/noticias\\\/wp-content\\\/uploads\\\/2022\\\/07\\\/RBC-supervision-de-calles-2022-07-12-at-4.44.59-PM-scaled.jpeg\",\"contentUrl\":\"https:\\\/\\\/www.yucatanencorto.com\\\/noticias\\\/wp-content\\\/uploads\\\/2022\\\/07\\\/RBC-supervision-de-calles-2022-07-12-at-4.44.59-PM-scaled.jpeg\",\"width\":768,\"height\":512},{\"@type\":\"BreadcrumbList\",\"@id\":\"https:\\\/\\\/www.yucatanencorto.com\\\/noticias\\\/trabajan-en-el-mejoramiento-de-la-infraestructura-vial\\\/#breadcrumb\",\"itemListElement\":[{\"@type\":\"ListItem\",\"position\":1,\"name\":\"Portada\",\"item\":\"https:\\\/\\\/www.yucatanencorto.com\\\/noticias\\\/\"},{\"@type\":\"ListItem\",\"position\":2,\"name\":\"Trabajan en el mejoramiento de la infraestructura vial\"}]},{\"@type\":\"WebSite\",\"@id\":\"https:\\\/\\\/www.yucatanencorto.com\\\/noticias\\\/#website\",\"url\":\"https:\\\/\\\/www.yucatanencorto.com\\\/noticias\\\/\",\"name\":\"Yucat\u00e1n en corto\",\"description\":\"Noticias\",\"potentialAction\":[{\"@type\":\"SearchAction\",\"target\":{\"@type\":\"EntryPoint\",\"urlTemplate\":\"https:\\\/\\\/www.yucatanencorto.com\\\/noticias\\\/?s={search_term_string}\"},\"query-input\":{\"@type\":\"PropertyValueSpecification\",\"valueRequired\":true,\"valueName\":\"search_term_string\"}}],\"inLanguage\":\"es\"},{\"@type\":\"Person\",\"@id\":\"https:\\\/\\\/www.yucatanencorto.com\\\/noticias\\\/#\\\/schema\\\/person\\\/14f82d355225a1f4075dd84a31f45a72\",\"name\":\"Yucat\u00e1n en Corto FC\",\"image\":{\"@type\":\"ImageObject\",\"inLanguage\":\"es\",\"@id\":\"https:\\\/\\\/secure.gravatar.com\\\/avatar\\\/147d4b30cd728c53c29c49a3f7834dedca33707f4cd259761355846009a88250?s=96&d=mm&r=g\",\"url\":\"https:\\\/\\\/secure.gravatar.com\\\/avatar\\\/147d4b30cd728c53c29c49a3f7834dedca33707f4cd259761355846009a88250?s=96&d=mm&r=g\",\"contentUrl\":\"https:\\\/\\\/secure.gravatar.com\\\/avatar\\\/147d4b30cd728c53c29c49a3f7834dedca33707f4cd259761355846009a88250?s=96&d=mm&r=g\",\"caption\":\"Yucat\u00e1n en Corto FC\"},\"url\":\"https:\\\/\\\/www.yucatanencorto.com\\\/noticias\\\/author\\\/flor\\\/\"}]}<\/script>\n<!-- \/ Yoast SEO plugin. -->","yoast_head_json":{"title":"Trabajan en el mejoramiento de la infraestructura vial - Yucat\u00e1n en corto","robots":{"index":"index","follow":"follow","max-snippet":"max-snippet:-1","max-image-preview":"max-image-preview:large","max-video-preview":"max-video-preview:-1"},"canonical":"https:\/\/www.yucatanencorto.com\/noticias\/trabajan-en-el-mejoramiento-de-la-infraestructura-vial\/","og_locale":"es_ES","og_type":"article","og_title":"Trabajan en el mejoramiento de la infraestructura vial - Yucat\u00e1n en corto","og_description":"M\u00e9rida, Yucat\u00e1n, a 12 de julio de 2022.- En el Ayuntamiento avanzamos con acciones que permitan el desarrollo equitativo de la ciudad y mejoran la infraestructura vial, para una mejor movilidad de la ciudadan\u00eda y del transporte, as\u00ed como llevar servicios b\u00e1sicos integrales y de calidad, que privilegian siempre el bien com\u00fan, destac\u00f3 el Alcalde [&hellip;]","og_url":"https:\/\/www.yucatanencorto.com\/noticias\/trabajan-en-el-mejoramiento-de-la-infraestructura-vial\/","og_site_name":"Yucat\u00e1n en corto","article_publisher":"http:\/\/www.facebook.com\/yucatanencorto","article_published_time":"2022-07-12T22:28:07+00:00","article_modified_time":"2022-07-12T22:28:30+00:00","og_image":[{"width":768,"height":512,"url":"https:\/\/www.yucatanencorto.com\/noticias\/wp-content\/uploads\/2022\/07\/RBC-supervision-de-calles-2022-07-12-at-4.44.59-PM-scaled.jpeg","type":"image\/jpeg"}],"author":"Yucat\u00e1n en Corto FC","twitter_card":"summary_large_image","twitter_creator":"@yucatanencorto","twitter_site":"@yucatanencorto","twitter_misc":{"Escrito por":"Yucat\u00e1n en Corto FC","Tiempo de lectura":"3 minutos"},"schema":{"@context":"https:\/\/schema.org","@graph":[{"@type":"Article","@id":"https:\/\/www.yucatanencorto.com\/noticias\/trabajan-en-el-mejoramiento-de-la-infraestructura-vial\/#article","isPartOf":{"@id":"https:\/\/www.yucatanencorto.com\/noticias\/trabajan-en-el-mejoramiento-de-la-infraestructura-vial\/"},"author":{"name":"Yucat\u00e1n en Corto FC","@id":"https:\/\/www.yucatanencorto.com\/noticias\/#\/schema\/person\/14f82d355225a1f4075dd84a31f45a72"},"headline":"Trabajan en el mejoramiento de la infraestructura vial","datePublished":"2022-07-12T22:28:07+00:00","dateModified":"2022-07-12T22:28:30+00:00","mainEntityOfPage":{"@id":"https:\/\/www.yucatanencorto.com\/noticias\/trabajan-en-el-mejoramiento-de-la-infraestructura-vial\/"},"wordCount":482,"image":{"@id":"https:\/\/www.yucatanencorto.com\/noticias\/trabajan-en-el-mejoramiento-de-la-infraestructura-vial\/#primaryimage"},"thumbnailUrl":"https:\/\/www.yucatanencorto.com\/noticias\/wp-content\/uploads\/2022\/07\/RBC-supervision-de-calles-2022-07-12-at-4.44.59-PM-scaled.jpeg","articleSection":["M\u00e9rida"],"inLanguage":"es"},{"@type":"WebPage","@id":"https:\/\/www.yucatanencorto.com\/noticias\/trabajan-en-el-mejoramiento-de-la-infraestructura-vial\/","url":"https:\/\/www.yucatanencorto.com\/noticias\/trabajan-en-el-mejoramiento-de-la-infraestructura-vial\/","name":"Trabajan en el mejoramiento de la infraestructura vial - Yucat\u00e1n en corto","isPartOf":{"@id":"https:\/\/www.yucatanencorto.com\/noticias\/#website"},"primaryImageOfPage":{"@id":"https:\/\/www.yucatanencorto.com\/noticias\/trabajan-en-el-mejoramiento-de-la-infraestructura-vial\/#primaryimage"},"image":{"@id":"https:\/\/www.yucatanencorto.com\/noticias\/trabajan-en-el-mejoramiento-de-la-infraestructura-vial\/#primaryimage"},"thumbnailUrl":"https:\/\/www.yucatanencorto.com\/noticias\/wp-content\/uploads\/2022\/07\/RBC-supervision-de-calles-2022-07-12-at-4.44.59-PM-scaled.jpeg","datePublished":"2022-07-12T22:28:07+00:00","dateModified":"2022-07-12T22:28:30+00:00","author":{"@id":"https:\/\/www.yucatanencorto.com\/noticias\/#\/schema\/person\/14f82d355225a1f4075dd84a31f45a72"},"breadcrumb":{"@id":"https:\/\/www.yucatanencorto.com\/noticias\/trabajan-en-el-mejoramiento-de-la-infraestructura-vial\/#breadcrumb"},"inLanguage":"es","potentialAction":[{"@type":"ReadAction","target":["https:\/\/www.yucatanencorto.com\/noticias\/trabajan-en-el-mejoramiento-de-la-infraestructura-vial\/"]}]},{"@type":"ImageObject","inLanguage":"es","@id":"https:\/\/www.yucatanencorto.com\/noticias\/trabajan-en-el-mejoramiento-de-la-infraestructura-vial\/#primaryimage","url":"https:\/\/www.yucatanencorto.com\/noticias\/wp-content\/uploads\/2022\/07\/RBC-supervision-de-calles-2022-07-12-at-4.44.59-PM-scaled.jpeg","contentUrl":"https:\/\/www.yucatanencorto.com\/noticias\/wp-content\/uploads\/2022\/07\/RBC-supervision-de-calles-2022-07-12-at-4.44.59-PM-scaled.jpeg","width":768,"height":512},{"@type":"BreadcrumbList","@id":"https:\/\/www.yucatanencorto.com\/noticias\/trabajan-en-el-mejoramiento-de-la-infraestructura-vial\/#breadcrumb","itemListElement":[{"@type":"ListItem","position":1,"name":"Portada","item":"https:\/\/www.yucatanencorto.com\/noticias\/"},{"@type":"ListItem","position":2,"name":"Trabajan en el mejoramiento de la infraestructura vial"}]},{"@type":"WebSite","@id":"https:\/\/www.yucatanencorto.com\/noticias\/#website","url":"https:\/\/www.yucatanencorto.com\/noticias\/","name":"Yucat\u00e1n en corto","description":"Noticias","potentialAction":[{"@type":"SearchAction","target":{"@type":"EntryPoint","urlTemplate":"https:\/\/www.yucatanencorto.com\/noticias\/?s={search_term_string}"},"query-input":{"@type":"PropertyValueSpecification","valueRequired":true,"valueName":"search_term_string"}}],"inLanguage":"es"},{"@type":"Person","@id":"https:\/\/www.yucatanencorto.com\/noticias\/#\/schema\/person\/14f82d355225a1f4075dd84a31f45a72","name":"Yucat\u00e1n en Corto FC","image":{"@type":"ImageObject","inLanguage":"es","@id":"https:\/\/secure.gravatar.com\/avatar\/147d4b30cd728c53c29c49a3f7834dedca33707f4cd259761355846009a88250?s=96&d=mm&r=g","url":"https:\/\/secure.gravatar.com\/avatar\/147d4b30cd728c53c29c49a3f7834dedca33707f4cd259761355846009a88250?s=96&d=mm&r=g","contentUrl":"https:\/\/secure.gravatar.com\/avatar\/147d4b30cd728c53c29c49a3f7834dedca33707f4cd259761355846009a88250?s=96&d=mm&r=g","caption":"Yucat\u00e1n en Corto FC"},"url":"https:\/\/www.yucatanencorto.com\/noticias\/author\/flor\/"}]}},"_links":{"self":[{"href":"https:\/\/www.yucatanencorto.com\/noticias\/wp-json\/wp\/v2\/posts\/92192","targetHints":{"allow":["GET"]}}],"collection":[{"href":"https:\/\/www.yucatanencorto.com\/noticias\/wp-json\/wp\/v2\/posts"}],"about":[{"href":"https:\/\/www.yucatanencorto.com\/noticias\/wp-json\/wp\/v2\/types\/post"}],"author":[{"embeddable":true,"href":"https:\/\/www.yucatanencorto.com\/noticias\/wp-json\/wp\/v2\/users\/2"}],"replies":[{"embeddable":true,"href":"https:\/\/www.yucatanencorto.com\/noticias\/wp-json\/wp\/v2\/comments?post=92192"}],"version-history":[{"count":0,"href":"https:\/\/www.yucatanencorto.com\/noticias\/wp-json\/wp\/v2\/posts\/92192\/revisions"}],"wp:featuredmedia":[{"embeddable":true,"href":"https:\/\/www.yucatanencorto.com\/noticias\/wp-json\/wp\/v2\/media\/92193"}],"wp:attachment":[{"href":"https:\/\/www.yucatanencorto.com\/noticias\/wp-json\/wp\/v2\/media?parent=92192"}],"wp:term":[{"taxonomy":"category","embeddable":true,"href":"https:\/\/www.yucatanencorto.com\/noticias\/wp-json\/wp\/v2\/categories?post=92192"},{"taxonomy":"post_tag","embeddable":true,"href":"https:\/\/www.yucatanencorto.com\/noticias\/wp-json\/wp\/v2\/tags?post=92192"}],"curies":[{"name":"wp","href":"https:\/\/api.w.org\/{rel}","templated":true}]}}