{"id":92195,"date":"2022-07-12T17:45:36","date_gmt":"2022-07-12T22:45:36","guid":{"rendered":"https:\/\/www.yucatanencorto.com\/noticias\/?p=92195"},"modified":"2022-07-12T17:45:36","modified_gmt":"2022-07-12T22:45:36","slug":"ponen-en-marcha-escuela-de-verano-kaambal-yeetel-baaxal-con-la-participacion-de-300-ninas-y-ninos","status":"publish","type":"post","link":"https:\/\/www.yucatanencorto.com\/noticias\/ponen-en-marcha-escuela-de-verano-kaambal-yeetel-baaxal-con-la-participacion-de-300-ninas-y-ninos\/","title":{"rendered":"Ponen en marcha Escuela de Verano \u00abK&#8217;aambal Yeetel B&#8217;aaxal\u201d con la participaci\u00f3n de 300 ni\u00f1as y ni\u00f1os"},"content":{"rendered":"<p><img loading=\"lazy\" decoding=\"async\" class=\"alignnone size-full wp-image-92196\" src=\"https:\/\/www.yucatanencorto.com\/noticias\/wp-content\/uploads\/2022\/07\/IMG-20220712-WA0029-scaled.jpg\" alt=\"\" width=\"768\" height=\"574\" srcset=\"https:\/\/www.yucatanencorto.com\/noticias\/wp-content\/uploads\/2022\/07\/IMG-20220712-WA0029-scaled.jpg 768w, https:\/\/www.yucatanencorto.com\/noticias\/wp-content\/uploads\/2022\/07\/IMG-20220712-WA0029-696x520.jpg 696w, https:\/\/www.yucatanencorto.com\/noticias\/wp-content\/uploads\/2022\/07\/IMG-20220712-WA0029-1068x798.jpg 1068w, https:\/\/www.yucatanencorto.com\/noticias\/wp-content\/uploads\/2022\/07\/IMG-20220712-WA0029-562x420.jpg 562w, https:\/\/www.yucatanencorto.com\/noticias\/wp-content\/uploads\/2022\/07\/IMG-20220712-WA0029-80x60.jpg 80w, https:\/\/www.yucatanencorto.com\/noticias\/wp-content\/uploads\/2022\/07\/IMG-20220712-WA0029-265x198.jpg 265w\" sizes=\"auto, (max-width: 768px) 100vw, 768px\" \/><\/p>\n<p>Con el objetivo de divertirse sanamente y participar en actividades recreativas y de aprendizaje, el alcalde de Kanas\u00edn, Edwin Boj\u00f3rquez Ram\u00edrez, abander\u00f3 el inicio de la Escuela de Verano \u00abK&#8217;aambal Yeetel B&#8217;aaxal\u201d (Aprender y Jugar), en cuya primera edici\u00f3n participan alrededor de 300 ni\u00f1as y ni\u00f1os del municipio.<\/p>\n<p>&nbsp;<\/p>\n<p>\u201cEsta Escuela de Verano tiene como prop\u00f3sito crear un espacio sano y adecuado para que las ni\u00f1as y ni\u00f1os de 6 y 12 a\u00f1os de edad se diviertan y aprendan, participando en diversas actividades\u201d, indic\u00f3 el edil kanasinense.<\/p>\n<p>&nbsp;<\/p>\n<p>Indic\u00f3 que la Escuela de Verano se organiza en beneficio de la sociedad y como apoyo a las madres y padres trabajadores, as\u00ed como para fomentar el desarrollo educativo de los menores en esta temporada vacacional.<\/p>\n<p>&nbsp;<\/p>\n<p>Los ni\u00f1os que participen en K&#8217;aambal Yeetel B&#8217;aaxal se divertir\u00e1n de una manera original, pues para tal fin se crearon la Loter\u00eda de Kanas\u00edn y Serpientes y Escaleras de Kanas\u00edn, una edici\u00f3n muy regional de esos cl\u00e1sicos juegos de mesa pero con elementos que caracterizan a la gente y cultura del municipio. De igual manera se realizan otras actividades educativas y deportivas.<\/p>\n<p>&nbsp;<\/p>\n<p>\u201cDe esta manera estamos creando espacios dignos para la infancia y juventud de Kanas\u00edn, siempre priorizando el desarrollo educativo\u201d, dijo Edwin Boj\u00f3rquez.<\/p>\n<p>&nbsp;<\/p>\n<p>Esta primera edici\u00f3n se puso en marcha apenas ayer 11 de julio y se prev\u00e9 que culmine el pr\u00f3ximo d\u00eda 15. Se lleva al cabo en el campo \u201cAlfonso Palma\u201d.<\/p>\n","protected":false},"excerpt":{"rendered":"<p>Con el objetivo de divertirse sanamente y participar en actividades recreativas y de aprendizaje, el alcalde de Kanas\u00edn, Edwin Boj\u00f3rquez Ram\u00edrez, abander\u00f3 el inicio de la Escuela de Verano \u00abK&#8217;aambal Yeetel B&#8217;aaxal\u201d (Aprender y Jugar), en cuya primera edici\u00f3n participan alrededor de 300 ni\u00f1as y ni\u00f1os del municipio. &nbsp; \u201cEsta Escuela de Verano tiene como [&hellip;]<\/p>\n","protected":false},"author":2,"featured_media":92196,"comment_status":"closed","ping_status":"closed","sticky":false,"template":"","format":"standard","meta":{"footnotes":""},"categories":[3],"tags":[],"class_list":{"0":"post-92195","1":"post","2":"type-post","3":"status-publish","4":"format-standard","5":"has-post-thumbnail","7":"category-yucatan"},"yoast_head":"<!-- This site is optimized with the Yoast SEO plugin v27.4 - https:\/\/yoast.com\/product\/yoast-seo-wordpress\/ -->\n<title>Ponen en marcha Escuela de Verano &quot;K&#039;aambal Yeetel B&#039;aaxal\u201d con la participaci\u00f3n de 300 ni\u00f1as y ni\u00f1os - Yucat\u00e1n en corto<\/title>\n<meta name=\"robots\" content=\"index, follow, max-snippet:-1, max-image-preview:large, max-video-preview:-1\" \/>\n<link rel=\"canonical\" href=\"https:\/\/www.yucatanencorto.com\/noticias\/ponen-en-marcha-escuela-de-verano-kaambal-yeetel-baaxal-con-la-participacion-de-300-ninas-y-ninos\/\" \/>\n<meta property=\"og:locale\" content=\"es_ES\" \/>\n<meta property=\"og:type\" content=\"article\" \/>\n<meta property=\"og:title\" content=\"Ponen en marcha Escuela de Verano &quot;K&#039;aambal Yeetel B&#039;aaxal\u201d con la participaci\u00f3n de 300 ni\u00f1as y ni\u00f1os - Yucat\u00e1n en corto\" \/>\n<meta property=\"og:description\" content=\"Con el objetivo de divertirse sanamente y participar en actividades recreativas y de aprendizaje, el alcalde de Kanas\u00edn, Edwin Boj\u00f3rquez Ram\u00edrez, abander\u00f3 el inicio de la Escuela de Verano \u00abK&#8217;aambal Yeetel B&#8217;aaxal\u201d (Aprender y Jugar), en cuya primera edici\u00f3n participan alrededor de 300 ni\u00f1as y ni\u00f1os del municipio. &nbsp; \u201cEsta Escuela de Verano tiene como [&hellip;]\" \/>\n<meta property=\"og:url\" content=\"https:\/\/www.yucatanencorto.com\/noticias\/ponen-en-marcha-escuela-de-verano-kaambal-yeetel-baaxal-con-la-participacion-de-300-ninas-y-ninos\/\" \/>\n<meta property=\"og:site_name\" content=\"Yucat\u00e1n en corto\" \/>\n<meta property=\"article:publisher\" content=\"http:\/\/www.facebook.com\/yucatanencorto\" \/>\n<meta property=\"article:published_time\" content=\"2022-07-12T22:45:36+00:00\" \/>\n<meta property=\"og:image\" content=\"https:\/\/www.yucatanencorto.com\/noticias\/wp-content\/uploads\/2022\/07\/IMG-20220712-WA0029-scaled.jpg\" \/>\n\t<meta property=\"og:image:width\" content=\"768\" \/>\n\t<meta property=\"og:image:height\" content=\"574\" \/>\n\t<meta property=\"og:image:type\" content=\"image\/jpeg\" \/>\n<meta name=\"author\" content=\"Yucat\u00e1n en Corto FC\" \/>\n<meta name=\"twitter:card\" content=\"summary_large_image\" \/>\n<meta name=\"twitter:creator\" content=\"@yucatanencorto\" \/>\n<meta name=\"twitter:site\" content=\"@yucatanencorto\" \/>\n<meta name=\"twitter:label1\" content=\"Escrito por\" \/>\n\t<meta name=\"twitter:data1\" content=\"Yucat\u00e1n en Corto FC\" \/>\n\t<meta name=\"twitter:label2\" content=\"Tiempo de lectura\" \/>\n\t<meta name=\"twitter:data2\" content=\"2 minutos\" \/>\n<script type=\"application\/ld+json\" class=\"yoast-schema-graph\">{\"@context\":\"https:\\\/\\\/schema.org\",\"@graph\":[{\"@type\":\"Article\",\"@id\":\"https:\\\/\\\/www.yucatanencorto.com\\\/noticias\\\/ponen-en-marcha-escuela-de-verano-kaambal-yeetel-baaxal-con-la-participacion-de-300-ninas-y-ninos\\\/#article\",\"isPartOf\":{\"@id\":\"https:\\\/\\\/www.yucatanencorto.com\\\/noticias\\\/ponen-en-marcha-escuela-de-verano-kaambal-yeetel-baaxal-con-la-participacion-de-300-ninas-y-ninos\\\/\"},\"author\":{\"name\":\"Yucat\u00e1n en Corto FC\",\"@id\":\"https:\\\/\\\/www.yucatanencorto.com\\\/noticias\\\/#\\\/schema\\\/person\\\/14f82d355225a1f4075dd84a31f45a72\"},\"headline\":\"Ponen en marcha Escuela de Verano \u00abK&#8217;aambal Yeetel B&#8217;aaxal\u201d con la participaci\u00f3n de 300 ni\u00f1as y ni\u00f1os\",\"datePublished\":\"2022-07-12T22:45:36+00:00\",\"mainEntityOfPage\":{\"@id\":\"https:\\\/\\\/www.yucatanencorto.com\\\/noticias\\\/ponen-en-marcha-escuela-de-verano-kaambal-yeetel-baaxal-con-la-participacion-de-300-ninas-y-ninos\\\/\"},\"wordCount\":283,\"image\":{\"@id\":\"https:\\\/\\\/www.yucatanencorto.com\\\/noticias\\\/ponen-en-marcha-escuela-de-verano-kaambal-yeetel-baaxal-con-la-participacion-de-300-ninas-y-ninos\\\/#primaryimage\"},\"thumbnailUrl\":\"https:\\\/\\\/www.yucatanencorto.com\\\/noticias\\\/wp-content\\\/uploads\\\/2022\\\/07\\\/IMG-20220712-WA0029-scaled.jpg\",\"articleSection\":[\"Yucat\u00e1n\"],\"inLanguage\":\"es\"},{\"@type\":\"WebPage\",\"@id\":\"https:\\\/\\\/www.yucatanencorto.com\\\/noticias\\\/ponen-en-marcha-escuela-de-verano-kaambal-yeetel-baaxal-con-la-participacion-de-300-ninas-y-ninos\\\/\",\"url\":\"https:\\\/\\\/www.yucatanencorto.com\\\/noticias\\\/ponen-en-marcha-escuela-de-verano-kaambal-yeetel-baaxal-con-la-participacion-de-300-ninas-y-ninos\\\/\",\"name\":\"Ponen en marcha Escuela de Verano \\\"K'aambal Yeetel B'aaxal\u201d con la participaci\u00f3n de 300 ni\u00f1as y ni\u00f1os - Yucat\u00e1n en corto\",\"isPartOf\":{\"@id\":\"https:\\\/\\\/www.yucatanencorto.com\\\/noticias\\\/#website\"},\"primaryImageOfPage\":{\"@id\":\"https:\\\/\\\/www.yucatanencorto.com\\\/noticias\\\/ponen-en-marcha-escuela-de-verano-kaambal-yeetel-baaxal-con-la-participacion-de-300-ninas-y-ninos\\\/#primaryimage\"},\"image\":{\"@id\":\"https:\\\/\\\/www.yucatanencorto.com\\\/noticias\\\/ponen-en-marcha-escuela-de-verano-kaambal-yeetel-baaxal-con-la-participacion-de-300-ninas-y-ninos\\\/#primaryimage\"},\"thumbnailUrl\":\"https:\\\/\\\/www.yucatanencorto.com\\\/noticias\\\/wp-content\\\/uploads\\\/2022\\\/07\\\/IMG-20220712-WA0029-scaled.jpg\",\"datePublished\":\"2022-07-12T22:45:36+00:00\",\"author\":{\"@id\":\"https:\\\/\\\/www.yucatanencorto.com\\\/noticias\\\/#\\\/schema\\\/person\\\/14f82d355225a1f4075dd84a31f45a72\"},\"breadcrumb\":{\"@id\":\"https:\\\/\\\/www.yucatanencorto.com\\\/noticias\\\/ponen-en-marcha-escuela-de-verano-kaambal-yeetel-baaxal-con-la-participacion-de-300-ninas-y-ninos\\\/#breadcrumb\"},\"inLanguage\":\"es\",\"potentialAction\":[{\"@type\":\"ReadAction\",\"target\":[\"https:\\\/\\\/www.yucatanencorto.com\\\/noticias\\\/ponen-en-marcha-escuela-de-verano-kaambal-yeetel-baaxal-con-la-participacion-de-300-ninas-y-ninos\\\/\"]}]},{\"@type\":\"ImageObject\",\"inLanguage\":\"es\",\"@id\":\"https:\\\/\\\/www.yucatanencorto.com\\\/noticias\\\/ponen-en-marcha-escuela-de-verano-kaambal-yeetel-baaxal-con-la-participacion-de-300-ninas-y-ninos\\\/#primaryimage\",\"url\":\"https:\\\/\\\/www.yucatanencorto.com\\\/noticias\\\/wp-content\\\/uploads\\\/2022\\\/07\\\/IMG-20220712-WA0029-scaled.jpg\",\"contentUrl\":\"https:\\\/\\\/www.yucatanencorto.com\\\/noticias\\\/wp-content\\\/uploads\\\/2022\\\/07\\\/IMG-20220712-WA0029-scaled.jpg\",\"width\":768,\"height\":574},{\"@type\":\"BreadcrumbList\",\"@id\":\"https:\\\/\\\/www.yucatanencorto.com\\\/noticias\\\/ponen-en-marcha-escuela-de-verano-kaambal-yeetel-baaxal-con-la-participacion-de-300-ninas-y-ninos\\\/#breadcrumb\",\"itemListElement\":[{\"@type\":\"ListItem\",\"position\":1,\"name\":\"Portada\",\"item\":\"https:\\\/\\\/www.yucatanencorto.com\\\/noticias\\\/\"},{\"@type\":\"ListItem\",\"position\":2,\"name\":\"Ponen en marcha Escuela de Verano \u00abK&#8217;aambal Yeetel B&#8217;aaxal\u201d con la participaci\u00f3n de 300 ni\u00f1as y ni\u00f1os\"}]},{\"@type\":\"WebSite\",\"@id\":\"https:\\\/\\\/www.yucatanencorto.com\\\/noticias\\\/#website\",\"url\":\"https:\\\/\\\/www.yucatanencorto.com\\\/noticias\\\/\",\"name\":\"Yucat\u00e1n en corto\",\"description\":\"Noticias\",\"potentialAction\":[{\"@type\":\"SearchAction\",\"target\":{\"@type\":\"EntryPoint\",\"urlTemplate\":\"https:\\\/\\\/www.yucatanencorto.com\\\/noticias\\\/?s={search_term_string}\"},\"query-input\":{\"@type\":\"PropertyValueSpecification\",\"valueRequired\":true,\"valueName\":\"search_term_string\"}}],\"inLanguage\":\"es\"},{\"@type\":\"Person\",\"@id\":\"https:\\\/\\\/www.yucatanencorto.com\\\/noticias\\\/#\\\/schema\\\/person\\\/14f82d355225a1f4075dd84a31f45a72\",\"name\":\"Yucat\u00e1n en Corto FC\",\"image\":{\"@type\":\"ImageObject\",\"inLanguage\":\"es\",\"@id\":\"https:\\\/\\\/secure.gravatar.com\\\/avatar\\\/147d4b30cd728c53c29c49a3f7834dedca33707f4cd259761355846009a88250?s=96&d=mm&r=g\",\"url\":\"https:\\\/\\\/secure.gravatar.com\\\/avatar\\\/147d4b30cd728c53c29c49a3f7834dedca33707f4cd259761355846009a88250?s=96&d=mm&r=g\",\"contentUrl\":\"https:\\\/\\\/secure.gravatar.com\\\/avatar\\\/147d4b30cd728c53c29c49a3f7834dedca33707f4cd259761355846009a88250?s=96&d=mm&r=g\",\"caption\":\"Yucat\u00e1n en Corto FC\"},\"url\":\"https:\\\/\\\/www.yucatanencorto.com\\\/noticias\\\/author\\\/flor\\\/\"}]}<\/script>\n<!-- \/ Yoast SEO plugin. -->","yoast_head_json":{"title":"Ponen en marcha Escuela de Verano \"K'aambal Yeetel B'aaxal\u201d con la participaci\u00f3n de 300 ni\u00f1as y ni\u00f1os - Yucat\u00e1n en corto","robots":{"index":"index","follow":"follow","max-snippet":"max-snippet:-1","max-image-preview":"max-image-preview:large","max-video-preview":"max-video-preview:-1"},"canonical":"https:\/\/www.yucatanencorto.com\/noticias\/ponen-en-marcha-escuela-de-verano-kaambal-yeetel-baaxal-con-la-participacion-de-300-ninas-y-ninos\/","og_locale":"es_ES","og_type":"article","og_title":"Ponen en marcha Escuela de Verano \"K'aambal Yeetel B'aaxal\u201d con la participaci\u00f3n de 300 ni\u00f1as y ni\u00f1os - Yucat\u00e1n en corto","og_description":"Con el objetivo de divertirse sanamente y participar en actividades recreativas y de aprendizaje, el alcalde de Kanas\u00edn, Edwin Boj\u00f3rquez Ram\u00edrez, abander\u00f3 el inicio de la Escuela de Verano \u00abK&#8217;aambal Yeetel B&#8217;aaxal\u201d (Aprender y Jugar), en cuya primera edici\u00f3n participan alrededor de 300 ni\u00f1as y ni\u00f1os del municipio. &nbsp; \u201cEsta Escuela de Verano tiene como [&hellip;]","og_url":"https:\/\/www.yucatanencorto.com\/noticias\/ponen-en-marcha-escuela-de-verano-kaambal-yeetel-baaxal-con-la-participacion-de-300-ninas-y-ninos\/","og_site_name":"Yucat\u00e1n en corto","article_publisher":"http:\/\/www.facebook.com\/yucatanencorto","article_published_time":"2022-07-12T22:45:36+00:00","og_image":[{"width":768,"height":574,"url":"https:\/\/www.yucatanencorto.com\/noticias\/wp-content\/uploads\/2022\/07\/IMG-20220712-WA0029-scaled.jpg","type":"image\/jpeg"}],"author":"Yucat\u00e1n en Corto FC","twitter_card":"summary_large_image","twitter_creator":"@yucatanencorto","twitter_site":"@yucatanencorto","twitter_misc":{"Escrito por":"Yucat\u00e1n en Corto FC","Tiempo de lectura":"2 minutos"},"schema":{"@context":"https:\/\/schema.org","@graph":[{"@type":"Article","@id":"https:\/\/www.yucatanencorto.com\/noticias\/ponen-en-marcha-escuela-de-verano-kaambal-yeetel-baaxal-con-la-participacion-de-300-ninas-y-ninos\/#article","isPartOf":{"@id":"https:\/\/www.yucatanencorto.com\/noticias\/ponen-en-marcha-escuela-de-verano-kaambal-yeetel-baaxal-con-la-participacion-de-300-ninas-y-ninos\/"},"author":{"name":"Yucat\u00e1n en Corto FC","@id":"https:\/\/www.yucatanencorto.com\/noticias\/#\/schema\/person\/14f82d355225a1f4075dd84a31f45a72"},"headline":"Ponen en marcha Escuela de Verano \u00abK&#8217;aambal Yeetel B&#8217;aaxal\u201d con la participaci\u00f3n de 300 ni\u00f1as y ni\u00f1os","datePublished":"2022-07-12T22:45:36+00:00","mainEntityOfPage":{"@id":"https:\/\/www.yucatanencorto.com\/noticias\/ponen-en-marcha-escuela-de-verano-kaambal-yeetel-baaxal-con-la-participacion-de-300-ninas-y-ninos\/"},"wordCount":283,"image":{"@id":"https:\/\/www.yucatanencorto.com\/noticias\/ponen-en-marcha-escuela-de-verano-kaambal-yeetel-baaxal-con-la-participacion-de-300-ninas-y-ninos\/#primaryimage"},"thumbnailUrl":"https:\/\/www.yucatanencorto.com\/noticias\/wp-content\/uploads\/2022\/07\/IMG-20220712-WA0029-scaled.jpg","articleSection":["Yucat\u00e1n"],"inLanguage":"es"},{"@type":"WebPage","@id":"https:\/\/www.yucatanencorto.com\/noticias\/ponen-en-marcha-escuela-de-verano-kaambal-yeetel-baaxal-con-la-participacion-de-300-ninas-y-ninos\/","url":"https:\/\/www.yucatanencorto.com\/noticias\/ponen-en-marcha-escuela-de-verano-kaambal-yeetel-baaxal-con-la-participacion-de-300-ninas-y-ninos\/","name":"Ponen en marcha Escuela de Verano \"K'aambal Yeetel B'aaxal\u201d con la participaci\u00f3n de 300 ni\u00f1as y ni\u00f1os - Yucat\u00e1n en corto","isPartOf":{"@id":"https:\/\/www.yucatanencorto.com\/noticias\/#website"},"primaryImageOfPage":{"@id":"https:\/\/www.yucatanencorto.com\/noticias\/ponen-en-marcha-escuela-de-verano-kaambal-yeetel-baaxal-con-la-participacion-de-300-ninas-y-ninos\/#primaryimage"},"image":{"@id":"https:\/\/www.yucatanencorto.com\/noticias\/ponen-en-marcha-escuela-de-verano-kaambal-yeetel-baaxal-con-la-participacion-de-300-ninas-y-ninos\/#primaryimage"},"thumbnailUrl":"https:\/\/www.yucatanencorto.com\/noticias\/wp-content\/uploads\/2022\/07\/IMG-20220712-WA0029-scaled.jpg","datePublished":"2022-07-12T22:45:36+00:00","author":{"@id":"https:\/\/www.yucatanencorto.com\/noticias\/#\/schema\/person\/14f82d355225a1f4075dd84a31f45a72"},"breadcrumb":{"@id":"https:\/\/www.yucatanencorto.com\/noticias\/ponen-en-marcha-escuela-de-verano-kaambal-yeetel-baaxal-con-la-participacion-de-300-ninas-y-ninos\/#breadcrumb"},"inLanguage":"es","potentialAction":[{"@type":"ReadAction","target":["https:\/\/www.yucatanencorto.com\/noticias\/ponen-en-marcha-escuela-de-verano-kaambal-yeetel-baaxal-con-la-participacion-de-300-ninas-y-ninos\/"]}]},{"@type":"ImageObject","inLanguage":"es","@id":"https:\/\/www.yucatanencorto.com\/noticias\/ponen-en-marcha-escuela-de-verano-kaambal-yeetel-baaxal-con-la-participacion-de-300-ninas-y-ninos\/#primaryimage","url":"https:\/\/www.yucatanencorto.com\/noticias\/wp-content\/uploads\/2022\/07\/IMG-20220712-WA0029-scaled.jpg","contentUrl":"https:\/\/www.yucatanencorto.com\/noticias\/wp-content\/uploads\/2022\/07\/IMG-20220712-WA0029-scaled.jpg","width":768,"height":574},{"@type":"BreadcrumbList","@id":"https:\/\/www.yucatanencorto.com\/noticias\/ponen-en-marcha-escuela-de-verano-kaambal-yeetel-baaxal-con-la-participacion-de-300-ninas-y-ninos\/#breadcrumb","itemListElement":[{"@type":"ListItem","position":1,"name":"Portada","item":"https:\/\/www.yucatanencorto.com\/noticias\/"},{"@type":"ListItem","position":2,"name":"Ponen en marcha Escuela de Verano \u00abK&#8217;aambal Yeetel B&#8217;aaxal\u201d con la participaci\u00f3n de 300 ni\u00f1as y ni\u00f1os"}]},{"@type":"WebSite","@id":"https:\/\/www.yucatanencorto.com\/noticias\/#website","url":"https:\/\/www.yucatanencorto.com\/noticias\/","name":"Yucat\u00e1n en corto","description":"Noticias","potentialAction":[{"@type":"SearchAction","target":{"@type":"EntryPoint","urlTemplate":"https:\/\/www.yucatanencorto.com\/noticias\/?s={search_term_string}"},"query-input":{"@type":"PropertyValueSpecification","valueRequired":true,"valueName":"search_term_string"}}],"inLanguage":"es"},{"@type":"Person","@id":"https:\/\/www.yucatanencorto.com\/noticias\/#\/schema\/person\/14f82d355225a1f4075dd84a31f45a72","name":"Yucat\u00e1n en Corto FC","image":{"@type":"ImageObject","inLanguage":"es","@id":"https:\/\/secure.gravatar.com\/avatar\/147d4b30cd728c53c29c49a3f7834dedca33707f4cd259761355846009a88250?s=96&d=mm&r=g","url":"https:\/\/secure.gravatar.com\/avatar\/147d4b30cd728c53c29c49a3f7834dedca33707f4cd259761355846009a88250?s=96&d=mm&r=g","contentUrl":"https:\/\/secure.gravatar.com\/avatar\/147d4b30cd728c53c29c49a3f7834dedca33707f4cd259761355846009a88250?s=96&d=mm&r=g","caption":"Yucat\u00e1n en Corto FC"},"url":"https:\/\/www.yucatanencorto.com\/noticias\/author\/flor\/"}]}},"_links":{"self":[{"href":"https:\/\/www.yucatanencorto.com\/noticias\/wp-json\/wp\/v2\/posts\/92195","targetHints":{"allow":["GET"]}}],"collection":[{"href":"https:\/\/www.yucatanencorto.com\/noticias\/wp-json\/wp\/v2\/posts"}],"about":[{"href":"https:\/\/www.yucatanencorto.com\/noticias\/wp-json\/wp\/v2\/types\/post"}],"author":[{"embeddable":true,"href":"https:\/\/www.yucatanencorto.com\/noticias\/wp-json\/wp\/v2\/users\/2"}],"replies":[{"embeddable":true,"href":"https:\/\/www.yucatanencorto.com\/noticias\/wp-json\/wp\/v2\/comments?post=92195"}],"version-history":[{"count":0,"href":"https:\/\/www.yucatanencorto.com\/noticias\/wp-json\/wp\/v2\/posts\/92195\/revisions"}],"wp:featuredmedia":[{"embeddable":true,"href":"https:\/\/www.yucatanencorto.com\/noticias\/wp-json\/wp\/v2\/media\/92196"}],"wp:attachment":[{"href":"https:\/\/www.yucatanencorto.com\/noticias\/wp-json\/wp\/v2\/media?parent=92195"}],"wp:term":[{"taxonomy":"category","embeddable":true,"href":"https:\/\/www.yucatanencorto.com\/noticias\/wp-json\/wp\/v2\/categories?post=92195"},{"taxonomy":"post_tag","embeddable":true,"href":"https:\/\/www.yucatanencorto.com\/noticias\/wp-json\/wp\/v2\/tags?post=92195"}],"curies":[{"name":"wp","href":"https:\/\/api.w.org\/{rel}","templated":true}]}}