{"id":92198,"date":"2022-07-12T17:56:39","date_gmt":"2022-07-12T22:56:39","guid":{"rendered":"https:\/\/www.yucatanencorto.com\/noticias\/?p=92198"},"modified":"2022-07-12T17:56:39","modified_gmt":"2022-07-12T22:56:39","slug":"comision-especial-del-congreso-presenta-la-iniciativa-con-tecnica-legislativa-de-la-ley-del-isstey","status":"publish","type":"post","link":"https:\/\/www.yucatanencorto.com\/noticias\/comision-especial-del-congreso-presenta-la-iniciativa-con-tecnica-legislativa-de-la-ley-del-isstey\/","title":{"rendered":"Comisi\u00f3n Especial del Congreso presenta la iniciativa con t\u00e9cnica legislativa de la Ley del ISSTEY"},"content":{"rendered":"<p>&nbsp;<\/p>\n<p><img loading=\"lazy\" decoding=\"async\" class=\"alignnone size-full wp-image-92199\" src=\"https:\/\/www.yucatanencorto.com\/noticias\/wp-content\/uploads\/2022\/07\/IMG-20220712-WA0034-scaled.jpg\" alt=\"\" width=\"768\" height=\"512\" srcset=\"https:\/\/www.yucatanencorto.com\/noticias\/wp-content\/uploads\/2022\/07\/IMG-20220712-WA0034-scaled.jpg 768w, https:\/\/www.yucatanencorto.com\/noticias\/wp-content\/uploads\/2022\/07\/IMG-20220712-WA0034-696x464.jpg 696w, https:\/\/www.yucatanencorto.com\/noticias\/wp-content\/uploads\/2022\/07\/IMG-20220712-WA0034-1068x712.jpg 1068w, https:\/\/www.yucatanencorto.com\/noticias\/wp-content\/uploads\/2022\/07\/IMG-20220712-WA0034-630x420.jpg 630w\" sizes=\"auto, (max-width: 768px) 100vw, 768px\" \/><\/p>\n<p>M\u00e9rida, Yucat\u00e1n a 12 de julio de 2022<\/p>\n<p>&nbsp;<\/p>\n<p>&nbsp;<\/p>\n<p>El trabajo coordinado entre las fuerzas pol\u00edticas que conforman la comisi\u00f3n especial para la Atenci\u00f3n de la Situaci\u00f3n del Instituto de Seguridad Social de los Trabajadores del Estado de Yucat\u00e1n se reflej\u00f3 al presentarse la iniciativa con t\u00e9cnica legislativa de la Ley del ISSTEY, la cual contiene elementos y propuestas que fueron presentadas con el fin de asegurar las pensiones de los trabajadores.<\/p>\n<p>&nbsp;<\/p>\n<p>Luego de dar lectura a la propuesta, el presidente de la comisi\u00f3n, diputado Crescencio Guti\u00e9rrez Gonz\u00e1lez, explic\u00f3 que, a fin de dar continuidad con los trabajos, se suscribir\u00e1 la propuesta para que la comisi\u00f3n la presente y se inicie el procedimiento legislativo correspondiente.<\/p>\n<p>&nbsp;<\/p>\n<p>Como se ha informado, la instalaci\u00f3n de la comisi\u00f3n especial tiene como fin estudiar, analizar y dictaminar referente a los asuntos relacionados a la situaci\u00f3n financiera del ISSTEY, respetando los derechos de los trabajadores.<\/p>\n<p>&nbsp;<\/p>\n<p>Se sostuvo diversas reuniones de trabajo, entre las que destacan las realizadas con 8 agrupaciones y sindicatos, quienes manifestaron su pensar respecto al tema y presentaron propuestas para solucionar el problema por el que atraviesa.<\/p>\n<p>&nbsp;<\/p>\n<p>Con estas acciones, la LXIII Legislatura mantiene firme su compromiso encaminado al di\u00e1logo y al consenso con la ciudadan\u00eda, a fin de atender situaciones y proponer soluciones en beneficio de las yucatecas y los yucatecos.<\/p>\n","protected":false},"excerpt":{"rendered":"<p>&nbsp; M\u00e9rida, Yucat\u00e1n a 12 de julio de 2022 &nbsp; &nbsp; El trabajo coordinado entre las fuerzas pol\u00edticas que conforman la comisi\u00f3n especial para la Atenci\u00f3n de la Situaci\u00f3n del Instituto de Seguridad Social de los Trabajadores del Estado de Yucat\u00e1n se reflej\u00f3 al presentarse la iniciativa con t\u00e9cnica legislativa de la Ley del ISSTEY, [&hellip;]<\/p>\n","protected":false},"author":2,"featured_media":92199,"comment_status":"closed","ping_status":"closed","sticky":false,"template":"","format":"standard","meta":{"footnotes":""},"categories":[3],"tags":[],"class_list":{"0":"post-92198","1":"post","2":"type-post","3":"status-publish","4":"format-standard","5":"has-post-thumbnail","7":"category-yucatan"},"yoast_head":"<!-- This site is optimized with the Yoast SEO plugin v27.4 - https:\/\/yoast.com\/product\/yoast-seo-wordpress\/ -->\n<title>Comisi\u00f3n Especial del Congreso presenta la iniciativa con t\u00e9cnica legislativa de la Ley del ISSTEY - Yucat\u00e1n en corto<\/title>\n<meta name=\"robots\" content=\"index, follow, max-snippet:-1, max-image-preview:large, max-video-preview:-1\" \/>\n<link rel=\"canonical\" href=\"https:\/\/www.yucatanencorto.com\/noticias\/comision-especial-del-congreso-presenta-la-iniciativa-con-tecnica-legislativa-de-la-ley-del-isstey\/\" \/>\n<meta property=\"og:locale\" content=\"es_ES\" \/>\n<meta property=\"og:type\" content=\"article\" \/>\n<meta property=\"og:title\" content=\"Comisi\u00f3n Especial del Congreso presenta la iniciativa con t\u00e9cnica legislativa de la Ley del ISSTEY - Yucat\u00e1n en corto\" \/>\n<meta property=\"og:description\" content=\"&nbsp; M\u00e9rida, Yucat\u00e1n a 12 de julio de 2022 &nbsp; &nbsp; El trabajo coordinado entre las fuerzas pol\u00edticas que conforman la comisi\u00f3n especial para la Atenci\u00f3n de la Situaci\u00f3n del Instituto de Seguridad Social de los Trabajadores del Estado de Yucat\u00e1n se reflej\u00f3 al presentarse la iniciativa con t\u00e9cnica legislativa de la Ley del ISSTEY, [&hellip;]\" \/>\n<meta property=\"og:url\" content=\"https:\/\/www.yucatanencorto.com\/noticias\/comision-especial-del-congreso-presenta-la-iniciativa-con-tecnica-legislativa-de-la-ley-del-isstey\/\" \/>\n<meta property=\"og:site_name\" content=\"Yucat\u00e1n en corto\" \/>\n<meta property=\"article:publisher\" content=\"http:\/\/www.facebook.com\/yucatanencorto\" \/>\n<meta property=\"article:published_time\" content=\"2022-07-12T22:56:39+00:00\" \/>\n<meta property=\"og:image\" content=\"https:\/\/www.yucatanencorto.com\/noticias\/wp-content\/uploads\/2022\/07\/IMG-20220712-WA0034-scaled.jpg\" \/>\n\t<meta property=\"og:image:width\" content=\"768\" \/>\n\t<meta property=\"og:image:height\" content=\"512\" \/>\n\t<meta property=\"og:image:type\" content=\"image\/jpeg\" \/>\n<meta name=\"author\" content=\"Yucat\u00e1n en Corto FC\" \/>\n<meta name=\"twitter:card\" content=\"summary_large_image\" \/>\n<meta name=\"twitter:creator\" content=\"@yucatanencorto\" \/>\n<meta name=\"twitter:site\" content=\"@yucatanencorto\" \/>\n<meta name=\"twitter:label1\" content=\"Escrito por\" \/>\n\t<meta name=\"twitter:data1\" content=\"Yucat\u00e1n en Corto FC\" \/>\n\t<meta name=\"twitter:label2\" content=\"Tiempo de lectura\" \/>\n\t<meta name=\"twitter:data2\" content=\"2 minutos\" \/>\n<script type=\"application\/ld+json\" class=\"yoast-schema-graph\">{\"@context\":\"https:\\\/\\\/schema.org\",\"@graph\":[{\"@type\":\"Article\",\"@id\":\"https:\\\/\\\/www.yucatanencorto.com\\\/noticias\\\/comision-especial-del-congreso-presenta-la-iniciativa-con-tecnica-legislativa-de-la-ley-del-isstey\\\/#article\",\"isPartOf\":{\"@id\":\"https:\\\/\\\/www.yucatanencorto.com\\\/noticias\\\/comision-especial-del-congreso-presenta-la-iniciativa-con-tecnica-legislativa-de-la-ley-del-isstey\\\/\"},\"author\":{\"name\":\"Yucat\u00e1n en Corto FC\",\"@id\":\"https:\\\/\\\/www.yucatanencorto.com\\\/noticias\\\/#\\\/schema\\\/person\\\/14f82d355225a1f4075dd84a31f45a72\"},\"headline\":\"Comisi\u00f3n Especial del Congreso presenta la iniciativa con t\u00e9cnica legislativa de la Ley del ISSTEY\",\"datePublished\":\"2022-07-12T22:56:39+00:00\",\"mainEntityOfPage\":{\"@id\":\"https:\\\/\\\/www.yucatanencorto.com\\\/noticias\\\/comision-especial-del-congreso-presenta-la-iniciativa-con-tecnica-legislativa-de-la-ley-del-isstey\\\/\"},\"wordCount\":256,\"image\":{\"@id\":\"https:\\\/\\\/www.yucatanencorto.com\\\/noticias\\\/comision-especial-del-congreso-presenta-la-iniciativa-con-tecnica-legislativa-de-la-ley-del-isstey\\\/#primaryimage\"},\"thumbnailUrl\":\"https:\\\/\\\/www.yucatanencorto.com\\\/noticias\\\/wp-content\\\/uploads\\\/2022\\\/07\\\/IMG-20220712-WA0034-scaled.jpg\",\"articleSection\":[\"Yucat\u00e1n\"],\"inLanguage\":\"es\"},{\"@type\":\"WebPage\",\"@id\":\"https:\\\/\\\/www.yucatanencorto.com\\\/noticias\\\/comision-especial-del-congreso-presenta-la-iniciativa-con-tecnica-legislativa-de-la-ley-del-isstey\\\/\",\"url\":\"https:\\\/\\\/www.yucatanencorto.com\\\/noticias\\\/comision-especial-del-congreso-presenta-la-iniciativa-con-tecnica-legislativa-de-la-ley-del-isstey\\\/\",\"name\":\"Comisi\u00f3n Especial del Congreso presenta la iniciativa con t\u00e9cnica legislativa de la Ley del ISSTEY - Yucat\u00e1n en corto\",\"isPartOf\":{\"@id\":\"https:\\\/\\\/www.yucatanencorto.com\\\/noticias\\\/#website\"},\"primaryImageOfPage\":{\"@id\":\"https:\\\/\\\/www.yucatanencorto.com\\\/noticias\\\/comision-especial-del-congreso-presenta-la-iniciativa-con-tecnica-legislativa-de-la-ley-del-isstey\\\/#primaryimage\"},\"image\":{\"@id\":\"https:\\\/\\\/www.yucatanencorto.com\\\/noticias\\\/comision-especial-del-congreso-presenta-la-iniciativa-con-tecnica-legislativa-de-la-ley-del-isstey\\\/#primaryimage\"},\"thumbnailUrl\":\"https:\\\/\\\/www.yucatanencorto.com\\\/noticias\\\/wp-content\\\/uploads\\\/2022\\\/07\\\/IMG-20220712-WA0034-scaled.jpg\",\"datePublished\":\"2022-07-12T22:56:39+00:00\",\"author\":{\"@id\":\"https:\\\/\\\/www.yucatanencorto.com\\\/noticias\\\/#\\\/schema\\\/person\\\/14f82d355225a1f4075dd84a31f45a72\"},\"breadcrumb\":{\"@id\":\"https:\\\/\\\/www.yucatanencorto.com\\\/noticias\\\/comision-especial-del-congreso-presenta-la-iniciativa-con-tecnica-legislativa-de-la-ley-del-isstey\\\/#breadcrumb\"},\"inLanguage\":\"es\",\"potentialAction\":[{\"@type\":\"ReadAction\",\"target\":[\"https:\\\/\\\/www.yucatanencorto.com\\\/noticias\\\/comision-especial-del-congreso-presenta-la-iniciativa-con-tecnica-legislativa-de-la-ley-del-isstey\\\/\"]}]},{\"@type\":\"ImageObject\",\"inLanguage\":\"es\",\"@id\":\"https:\\\/\\\/www.yucatanencorto.com\\\/noticias\\\/comision-especial-del-congreso-presenta-la-iniciativa-con-tecnica-legislativa-de-la-ley-del-isstey\\\/#primaryimage\",\"url\":\"https:\\\/\\\/www.yucatanencorto.com\\\/noticias\\\/wp-content\\\/uploads\\\/2022\\\/07\\\/IMG-20220712-WA0034-scaled.jpg\",\"contentUrl\":\"https:\\\/\\\/www.yucatanencorto.com\\\/noticias\\\/wp-content\\\/uploads\\\/2022\\\/07\\\/IMG-20220712-WA0034-scaled.jpg\",\"width\":768,\"height\":512},{\"@type\":\"BreadcrumbList\",\"@id\":\"https:\\\/\\\/www.yucatanencorto.com\\\/noticias\\\/comision-especial-del-congreso-presenta-la-iniciativa-con-tecnica-legislativa-de-la-ley-del-isstey\\\/#breadcrumb\",\"itemListElement\":[{\"@type\":\"ListItem\",\"position\":1,\"name\":\"Portada\",\"item\":\"https:\\\/\\\/www.yucatanencorto.com\\\/noticias\\\/\"},{\"@type\":\"ListItem\",\"position\":2,\"name\":\"Comisi\u00f3n Especial del Congreso presenta la iniciativa con t\u00e9cnica legislativa de la Ley del ISSTEY\"}]},{\"@type\":\"WebSite\",\"@id\":\"https:\\\/\\\/www.yucatanencorto.com\\\/noticias\\\/#website\",\"url\":\"https:\\\/\\\/www.yucatanencorto.com\\\/noticias\\\/\",\"name\":\"Yucat\u00e1n en corto\",\"description\":\"Noticias\",\"potentialAction\":[{\"@type\":\"SearchAction\",\"target\":{\"@type\":\"EntryPoint\",\"urlTemplate\":\"https:\\\/\\\/www.yucatanencorto.com\\\/noticias\\\/?s={search_term_string}\"},\"query-input\":{\"@type\":\"PropertyValueSpecification\",\"valueRequired\":true,\"valueName\":\"search_term_string\"}}],\"inLanguage\":\"es\"},{\"@type\":\"Person\",\"@id\":\"https:\\\/\\\/www.yucatanencorto.com\\\/noticias\\\/#\\\/schema\\\/person\\\/14f82d355225a1f4075dd84a31f45a72\",\"name\":\"Yucat\u00e1n en Corto FC\",\"image\":{\"@type\":\"ImageObject\",\"inLanguage\":\"es\",\"@id\":\"https:\\\/\\\/secure.gravatar.com\\\/avatar\\\/147d4b30cd728c53c29c49a3f7834dedca33707f4cd259761355846009a88250?s=96&d=mm&r=g\",\"url\":\"https:\\\/\\\/secure.gravatar.com\\\/avatar\\\/147d4b30cd728c53c29c49a3f7834dedca33707f4cd259761355846009a88250?s=96&d=mm&r=g\",\"contentUrl\":\"https:\\\/\\\/secure.gravatar.com\\\/avatar\\\/147d4b30cd728c53c29c49a3f7834dedca33707f4cd259761355846009a88250?s=96&d=mm&r=g\",\"caption\":\"Yucat\u00e1n en Corto FC\"},\"url\":\"https:\\\/\\\/www.yucatanencorto.com\\\/noticias\\\/author\\\/flor\\\/\"}]}<\/script>\n<!-- \/ Yoast SEO plugin. -->","yoast_head_json":{"title":"Comisi\u00f3n Especial del Congreso presenta la iniciativa con t\u00e9cnica legislativa de la Ley del ISSTEY - Yucat\u00e1n en corto","robots":{"index":"index","follow":"follow","max-snippet":"max-snippet:-1","max-image-preview":"max-image-preview:large","max-video-preview":"max-video-preview:-1"},"canonical":"https:\/\/www.yucatanencorto.com\/noticias\/comision-especial-del-congreso-presenta-la-iniciativa-con-tecnica-legislativa-de-la-ley-del-isstey\/","og_locale":"es_ES","og_type":"article","og_title":"Comisi\u00f3n Especial del Congreso presenta la iniciativa con t\u00e9cnica legislativa de la Ley del ISSTEY - Yucat\u00e1n en corto","og_description":"&nbsp; M\u00e9rida, Yucat\u00e1n a 12 de julio de 2022 &nbsp; &nbsp; El trabajo coordinado entre las fuerzas pol\u00edticas que conforman la comisi\u00f3n especial para la Atenci\u00f3n de la Situaci\u00f3n del Instituto de Seguridad Social de los Trabajadores del Estado de Yucat\u00e1n se reflej\u00f3 al presentarse la iniciativa con t\u00e9cnica legislativa de la Ley del ISSTEY, [&hellip;]","og_url":"https:\/\/www.yucatanencorto.com\/noticias\/comision-especial-del-congreso-presenta-la-iniciativa-con-tecnica-legislativa-de-la-ley-del-isstey\/","og_site_name":"Yucat\u00e1n en corto","article_publisher":"http:\/\/www.facebook.com\/yucatanencorto","article_published_time":"2022-07-12T22:56:39+00:00","og_image":[{"width":768,"height":512,"url":"https:\/\/www.yucatanencorto.com\/noticias\/wp-content\/uploads\/2022\/07\/IMG-20220712-WA0034-scaled.jpg","type":"image\/jpeg"}],"author":"Yucat\u00e1n en Corto FC","twitter_card":"summary_large_image","twitter_creator":"@yucatanencorto","twitter_site":"@yucatanencorto","twitter_misc":{"Escrito por":"Yucat\u00e1n en Corto FC","Tiempo de lectura":"2 minutos"},"schema":{"@context":"https:\/\/schema.org","@graph":[{"@type":"Article","@id":"https:\/\/www.yucatanencorto.com\/noticias\/comision-especial-del-congreso-presenta-la-iniciativa-con-tecnica-legislativa-de-la-ley-del-isstey\/#article","isPartOf":{"@id":"https:\/\/www.yucatanencorto.com\/noticias\/comision-especial-del-congreso-presenta-la-iniciativa-con-tecnica-legislativa-de-la-ley-del-isstey\/"},"author":{"name":"Yucat\u00e1n en Corto FC","@id":"https:\/\/www.yucatanencorto.com\/noticias\/#\/schema\/person\/14f82d355225a1f4075dd84a31f45a72"},"headline":"Comisi\u00f3n Especial del Congreso presenta la iniciativa con t\u00e9cnica legislativa de la Ley del ISSTEY","datePublished":"2022-07-12T22:56:39+00:00","mainEntityOfPage":{"@id":"https:\/\/www.yucatanencorto.com\/noticias\/comision-especial-del-congreso-presenta-la-iniciativa-con-tecnica-legislativa-de-la-ley-del-isstey\/"},"wordCount":256,"image":{"@id":"https:\/\/www.yucatanencorto.com\/noticias\/comision-especial-del-congreso-presenta-la-iniciativa-con-tecnica-legislativa-de-la-ley-del-isstey\/#primaryimage"},"thumbnailUrl":"https:\/\/www.yucatanencorto.com\/noticias\/wp-content\/uploads\/2022\/07\/IMG-20220712-WA0034-scaled.jpg","articleSection":["Yucat\u00e1n"],"inLanguage":"es"},{"@type":"WebPage","@id":"https:\/\/www.yucatanencorto.com\/noticias\/comision-especial-del-congreso-presenta-la-iniciativa-con-tecnica-legislativa-de-la-ley-del-isstey\/","url":"https:\/\/www.yucatanencorto.com\/noticias\/comision-especial-del-congreso-presenta-la-iniciativa-con-tecnica-legislativa-de-la-ley-del-isstey\/","name":"Comisi\u00f3n Especial del Congreso presenta la iniciativa con t\u00e9cnica legislativa de la Ley del ISSTEY - Yucat\u00e1n en corto","isPartOf":{"@id":"https:\/\/www.yucatanencorto.com\/noticias\/#website"},"primaryImageOfPage":{"@id":"https:\/\/www.yucatanencorto.com\/noticias\/comision-especial-del-congreso-presenta-la-iniciativa-con-tecnica-legislativa-de-la-ley-del-isstey\/#primaryimage"},"image":{"@id":"https:\/\/www.yucatanencorto.com\/noticias\/comision-especial-del-congreso-presenta-la-iniciativa-con-tecnica-legislativa-de-la-ley-del-isstey\/#primaryimage"},"thumbnailUrl":"https:\/\/www.yucatanencorto.com\/noticias\/wp-content\/uploads\/2022\/07\/IMG-20220712-WA0034-scaled.jpg","datePublished":"2022-07-12T22:56:39+00:00","author":{"@id":"https:\/\/www.yucatanencorto.com\/noticias\/#\/schema\/person\/14f82d355225a1f4075dd84a31f45a72"},"breadcrumb":{"@id":"https:\/\/www.yucatanencorto.com\/noticias\/comision-especial-del-congreso-presenta-la-iniciativa-con-tecnica-legislativa-de-la-ley-del-isstey\/#breadcrumb"},"inLanguage":"es","potentialAction":[{"@type":"ReadAction","target":["https:\/\/www.yucatanencorto.com\/noticias\/comision-especial-del-congreso-presenta-la-iniciativa-con-tecnica-legislativa-de-la-ley-del-isstey\/"]}]},{"@type":"ImageObject","inLanguage":"es","@id":"https:\/\/www.yucatanencorto.com\/noticias\/comision-especial-del-congreso-presenta-la-iniciativa-con-tecnica-legislativa-de-la-ley-del-isstey\/#primaryimage","url":"https:\/\/www.yucatanencorto.com\/noticias\/wp-content\/uploads\/2022\/07\/IMG-20220712-WA0034-scaled.jpg","contentUrl":"https:\/\/www.yucatanencorto.com\/noticias\/wp-content\/uploads\/2022\/07\/IMG-20220712-WA0034-scaled.jpg","width":768,"height":512},{"@type":"BreadcrumbList","@id":"https:\/\/www.yucatanencorto.com\/noticias\/comision-especial-del-congreso-presenta-la-iniciativa-con-tecnica-legislativa-de-la-ley-del-isstey\/#breadcrumb","itemListElement":[{"@type":"ListItem","position":1,"name":"Portada","item":"https:\/\/www.yucatanencorto.com\/noticias\/"},{"@type":"ListItem","position":2,"name":"Comisi\u00f3n Especial del Congreso presenta la iniciativa con t\u00e9cnica legislativa de la Ley del ISSTEY"}]},{"@type":"WebSite","@id":"https:\/\/www.yucatanencorto.com\/noticias\/#website","url":"https:\/\/www.yucatanencorto.com\/noticias\/","name":"Yucat\u00e1n en corto","description":"Noticias","potentialAction":[{"@type":"SearchAction","target":{"@type":"EntryPoint","urlTemplate":"https:\/\/www.yucatanencorto.com\/noticias\/?s={search_term_string}"},"query-input":{"@type":"PropertyValueSpecification","valueRequired":true,"valueName":"search_term_string"}}],"inLanguage":"es"},{"@type":"Person","@id":"https:\/\/www.yucatanencorto.com\/noticias\/#\/schema\/person\/14f82d355225a1f4075dd84a31f45a72","name":"Yucat\u00e1n en Corto FC","image":{"@type":"ImageObject","inLanguage":"es","@id":"https:\/\/secure.gravatar.com\/avatar\/147d4b30cd728c53c29c49a3f7834dedca33707f4cd259761355846009a88250?s=96&d=mm&r=g","url":"https:\/\/secure.gravatar.com\/avatar\/147d4b30cd728c53c29c49a3f7834dedca33707f4cd259761355846009a88250?s=96&d=mm&r=g","contentUrl":"https:\/\/secure.gravatar.com\/avatar\/147d4b30cd728c53c29c49a3f7834dedca33707f4cd259761355846009a88250?s=96&d=mm&r=g","caption":"Yucat\u00e1n en Corto FC"},"url":"https:\/\/www.yucatanencorto.com\/noticias\/author\/flor\/"}]}},"_links":{"self":[{"href":"https:\/\/www.yucatanencorto.com\/noticias\/wp-json\/wp\/v2\/posts\/92198","targetHints":{"allow":["GET"]}}],"collection":[{"href":"https:\/\/www.yucatanencorto.com\/noticias\/wp-json\/wp\/v2\/posts"}],"about":[{"href":"https:\/\/www.yucatanencorto.com\/noticias\/wp-json\/wp\/v2\/types\/post"}],"author":[{"embeddable":true,"href":"https:\/\/www.yucatanencorto.com\/noticias\/wp-json\/wp\/v2\/users\/2"}],"replies":[{"embeddable":true,"href":"https:\/\/www.yucatanencorto.com\/noticias\/wp-json\/wp\/v2\/comments?post=92198"}],"version-history":[{"count":0,"href":"https:\/\/www.yucatanencorto.com\/noticias\/wp-json\/wp\/v2\/posts\/92198\/revisions"}],"wp:featuredmedia":[{"embeddable":true,"href":"https:\/\/www.yucatanencorto.com\/noticias\/wp-json\/wp\/v2\/media\/92199"}],"wp:attachment":[{"href":"https:\/\/www.yucatanencorto.com\/noticias\/wp-json\/wp\/v2\/media?parent=92198"}],"wp:term":[{"taxonomy":"category","embeddable":true,"href":"https:\/\/www.yucatanencorto.com\/noticias\/wp-json\/wp\/v2\/categories?post=92198"},{"taxonomy":"post_tag","embeddable":true,"href":"https:\/\/www.yucatanencorto.com\/noticias\/wp-json\/wp\/v2\/tags?post=92198"}],"curies":[{"name":"wp","href":"https:\/\/api.w.org\/{rel}","templated":true}]}}