{"id":92202,"date":"2022-07-12T21:20:52","date_gmt":"2022-07-13T02:20:52","guid":{"rendered":"https:\/\/www.yucatanencorto.com\/noticias\/?p=92202"},"modified":"2022-07-12T21:20:52","modified_gmt":"2022-07-13T02:20:52","slug":"promover-la-tecnologia-para-reducir-la-brecha-de-la-desigualdad","status":"publish","type":"post","link":"https:\/\/www.yucatanencorto.com\/noticias\/promover-la-tecnologia-para-reducir-la-brecha-de-la-desigualdad\/","title":{"rendered":"Promover la tecnolog\u00eda para reducir la brecha de la desigualdad"},"content":{"rendered":"<p><img loading=\"lazy\" decoding=\"async\" class=\"alignnone size-full wp-image-92203\" src=\"https:\/\/www.yucatanencorto.com\/noticias\/wp-content\/uploads\/2022\/07\/IMG-20220712-WA0055-scaled.jpg\" alt=\"\" width=\"768\" height=\"512\" srcset=\"https:\/\/www.yucatanencorto.com\/noticias\/wp-content\/uploads\/2022\/07\/IMG-20220712-WA0055-scaled.jpg 768w, https:\/\/www.yucatanencorto.com\/noticias\/wp-content\/uploads\/2022\/07\/IMG-20220712-WA0055-1536x1023.jpg 1536w, https:\/\/www.yucatanencorto.com\/noticias\/wp-content\/uploads\/2022\/07\/IMG-20220712-WA0055-696x464.jpg 696w, https:\/\/www.yucatanencorto.com\/noticias\/wp-content\/uploads\/2022\/07\/IMG-20220712-WA0055-1068x712.jpg 1068w, https:\/\/www.yucatanencorto.com\/noticias\/wp-content\/uploads\/2022\/07\/IMG-20220712-WA0055-630x420.jpg 630w\" sizes=\"auto, (max-width: 768px) 100vw, 768px\" \/><\/p>\n<p>M\u00e9xico, 12 de julio de 2022.- Durante su participaci\u00f3n en el foro \u201cEl papel de la tecnolog\u00eda en el desarrollo nacional: presente y futuro en M\u00e9xico\u201d, el senador por Yucat\u00e1n, Ra\u00fal Paz Alonzo, dijo que desde la C\u00e1mara Alta se deben promover las herramientas legislativas, que permitan introducir los instrumentos tecnol\u00f3gicos necesarios, para ayudar a reducir la brecha de desigualdad.<\/p>\n<p>&nbsp;<\/p>\n<p>\u201cTenemos que trabajar juntos para que dichos instrumentos formen parte de las pol\u00edticas p\u00fablicas que se impulsan en el pa\u00eds, porque sin el papel de la tecnolog\u00eda no se podr\u00edan solucionar problemas como el cambio clim\u00e1tico, la movilidad y la transparencia\u201d, manifest\u00f3.<\/p>\n<p>El encuentro estuvo encabezado por la presidenta del Senado de la Rep\u00fablica, Olga S\u00e1nchez Cordero y se destac\u00f3 que las transformaciones laborales, pol\u00edticas, sociales, as\u00ed como las nuevas relaciones humanas, requieren de una legislaci\u00f3n cient\u00edfica y tecnol\u00f3gica con orientaci\u00f3n humana.<\/p>\n<p>&nbsp;<\/p>\n<p>De igual manera, se propuso tener clara la estrategia y los temas prioritarios a fin de alcanzar metas a corto y largo plazo, y tomar en cuenta los efectos de la cuarta revoluci\u00f3n industrial y la transformaci\u00f3n digital.<\/p>\n<p>Algunos de los panelistas fueron Salvador Landeros Ayala, director general de la Agencia Espacial Mexicana y el doctor Jos\u00e9 Luis Mateos Trigos, integrante del Centro de Ciencias de la Complejidad de la UNAM.<\/p>\n<p>&nbsp;<\/p>\n<p>Al t\u00e9rmino del foro, Paz Alonzo destac\u00f3 la necesidad de seguir escuchando a los expertos para generar productos legislativos que sirvan a la sociedad.<\/p>\n<p>\u201cEse v\u00ednculo entre los expertos, la academia y quienes generamos leyes debe convertirse en un c\u00edrculo virtuoso de ganar-ganar que se traduzca en soluciones a los problemas cotidianos de las personas. Hac\u00eda all\u00e1 tenemos que trabajar\u201d, concluy\u00f3.<\/p>\n<p>&nbsp;<\/p>\n","protected":false},"excerpt":{"rendered":"<p>M\u00e9xico, 12 de julio de 2022.- Durante su participaci\u00f3n en el foro \u201cEl papel de la tecnolog\u00eda en el desarrollo nacional: presente y futuro en M\u00e9xico\u201d, el senador por Yucat\u00e1n, Ra\u00fal Paz Alonzo, dijo que desde la C\u00e1mara Alta se deben promover las herramientas legislativas, que permitan introducir los instrumentos tecnol\u00f3gicos necesarios, para ayudar a [&hellip;]<\/p>\n","protected":false},"author":2,"featured_media":92203,"comment_status":"closed","ping_status":"closed","sticky":false,"template":"","format":"standard","meta":{"footnotes":""},"categories":[3],"tags":[],"class_list":{"0":"post-92202","1":"post","2":"type-post","3":"status-publish","4":"format-standard","5":"has-post-thumbnail","7":"category-yucatan"},"yoast_head":"<!-- This site is optimized with the Yoast SEO plugin v27.4 - https:\/\/yoast.com\/product\/yoast-seo-wordpress\/ -->\n<title>Promover la tecnolog\u00eda para reducir la brecha de la desigualdad - Yucat\u00e1n en corto<\/title>\n<meta name=\"robots\" content=\"index, follow, max-snippet:-1, max-image-preview:large, max-video-preview:-1\" \/>\n<link rel=\"canonical\" href=\"https:\/\/www.yucatanencorto.com\/noticias\/promover-la-tecnologia-para-reducir-la-brecha-de-la-desigualdad\/\" \/>\n<meta property=\"og:locale\" content=\"es_ES\" \/>\n<meta property=\"og:type\" content=\"article\" \/>\n<meta property=\"og:title\" content=\"Promover la tecnolog\u00eda para reducir la brecha de la desigualdad - Yucat\u00e1n en corto\" \/>\n<meta property=\"og:description\" content=\"M\u00e9xico, 12 de julio de 2022.- Durante su participaci\u00f3n en el foro \u201cEl papel de la tecnolog\u00eda en el desarrollo nacional: presente y futuro en M\u00e9xico\u201d, el senador por Yucat\u00e1n, Ra\u00fal Paz Alonzo, dijo que desde la C\u00e1mara Alta se deben promover las herramientas legislativas, que permitan introducir los instrumentos tecnol\u00f3gicos necesarios, para ayudar a [&hellip;]\" \/>\n<meta property=\"og:url\" content=\"https:\/\/www.yucatanencorto.com\/noticias\/promover-la-tecnologia-para-reducir-la-brecha-de-la-desigualdad\/\" \/>\n<meta property=\"og:site_name\" content=\"Yucat\u00e1n en corto\" \/>\n<meta property=\"article:publisher\" content=\"http:\/\/www.facebook.com\/yucatanencorto\" \/>\n<meta property=\"article:published_time\" content=\"2022-07-13T02:20:52+00:00\" \/>\n<meta property=\"og:image\" content=\"https:\/\/www.yucatanencorto.com\/noticias\/wp-content\/uploads\/2022\/07\/IMG-20220712-WA0055-scaled.jpg\" \/>\n\t<meta property=\"og:image:width\" content=\"768\" \/>\n\t<meta property=\"og:image:height\" content=\"512\" \/>\n\t<meta property=\"og:image:type\" content=\"image\/jpeg\" \/>\n<meta name=\"author\" content=\"Yucat\u00e1n en Corto FC\" \/>\n<meta name=\"twitter:card\" content=\"summary_large_image\" \/>\n<meta name=\"twitter:creator\" content=\"@yucatanencorto\" \/>\n<meta name=\"twitter:site\" content=\"@yucatanencorto\" \/>\n<meta name=\"twitter:label1\" content=\"Escrito por\" \/>\n\t<meta name=\"twitter:data1\" content=\"Yucat\u00e1n en Corto FC\" \/>\n\t<meta name=\"twitter:label2\" content=\"Tiempo de lectura\" \/>\n\t<meta name=\"twitter:data2\" content=\"2 minutos\" \/>\n<script type=\"application\/ld+json\" class=\"yoast-schema-graph\">{\"@context\":\"https:\\\/\\\/schema.org\",\"@graph\":[{\"@type\":\"Article\",\"@id\":\"https:\\\/\\\/www.yucatanencorto.com\\\/noticias\\\/promover-la-tecnologia-para-reducir-la-brecha-de-la-desigualdad\\\/#article\",\"isPartOf\":{\"@id\":\"https:\\\/\\\/www.yucatanencorto.com\\\/noticias\\\/promover-la-tecnologia-para-reducir-la-brecha-de-la-desigualdad\\\/\"},\"author\":{\"name\":\"Yucat\u00e1n en Corto FC\",\"@id\":\"https:\\\/\\\/www.yucatanencorto.com\\\/noticias\\\/#\\\/schema\\\/person\\\/14f82d355225a1f4075dd84a31f45a72\"},\"headline\":\"Promover la tecnolog\u00eda para reducir la brecha de la desigualdad\",\"datePublished\":\"2022-07-13T02:20:52+00:00\",\"mainEntityOfPage\":{\"@id\":\"https:\\\/\\\/www.yucatanencorto.com\\\/noticias\\\/promover-la-tecnologia-para-reducir-la-brecha-de-la-desigualdad\\\/\"},\"wordCount\":315,\"image\":{\"@id\":\"https:\\\/\\\/www.yucatanencorto.com\\\/noticias\\\/promover-la-tecnologia-para-reducir-la-brecha-de-la-desigualdad\\\/#primaryimage\"},\"thumbnailUrl\":\"https:\\\/\\\/www.yucatanencorto.com\\\/noticias\\\/wp-content\\\/uploads\\\/2022\\\/07\\\/IMG-20220712-WA0055-scaled.jpg\",\"articleSection\":[\"Yucat\u00e1n\"],\"inLanguage\":\"es\"},{\"@type\":\"WebPage\",\"@id\":\"https:\\\/\\\/www.yucatanencorto.com\\\/noticias\\\/promover-la-tecnologia-para-reducir-la-brecha-de-la-desigualdad\\\/\",\"url\":\"https:\\\/\\\/www.yucatanencorto.com\\\/noticias\\\/promover-la-tecnologia-para-reducir-la-brecha-de-la-desigualdad\\\/\",\"name\":\"Promover la tecnolog\u00eda para reducir la brecha de la desigualdad - Yucat\u00e1n en corto\",\"isPartOf\":{\"@id\":\"https:\\\/\\\/www.yucatanencorto.com\\\/noticias\\\/#website\"},\"primaryImageOfPage\":{\"@id\":\"https:\\\/\\\/www.yucatanencorto.com\\\/noticias\\\/promover-la-tecnologia-para-reducir-la-brecha-de-la-desigualdad\\\/#primaryimage\"},\"image\":{\"@id\":\"https:\\\/\\\/www.yucatanencorto.com\\\/noticias\\\/promover-la-tecnologia-para-reducir-la-brecha-de-la-desigualdad\\\/#primaryimage\"},\"thumbnailUrl\":\"https:\\\/\\\/www.yucatanencorto.com\\\/noticias\\\/wp-content\\\/uploads\\\/2022\\\/07\\\/IMG-20220712-WA0055-scaled.jpg\",\"datePublished\":\"2022-07-13T02:20:52+00:00\",\"author\":{\"@id\":\"https:\\\/\\\/www.yucatanencorto.com\\\/noticias\\\/#\\\/schema\\\/person\\\/14f82d355225a1f4075dd84a31f45a72\"},\"breadcrumb\":{\"@id\":\"https:\\\/\\\/www.yucatanencorto.com\\\/noticias\\\/promover-la-tecnologia-para-reducir-la-brecha-de-la-desigualdad\\\/#breadcrumb\"},\"inLanguage\":\"es\",\"potentialAction\":[{\"@type\":\"ReadAction\",\"target\":[\"https:\\\/\\\/www.yucatanencorto.com\\\/noticias\\\/promover-la-tecnologia-para-reducir-la-brecha-de-la-desigualdad\\\/\"]}]},{\"@type\":\"ImageObject\",\"inLanguage\":\"es\",\"@id\":\"https:\\\/\\\/www.yucatanencorto.com\\\/noticias\\\/promover-la-tecnologia-para-reducir-la-brecha-de-la-desigualdad\\\/#primaryimage\",\"url\":\"https:\\\/\\\/www.yucatanencorto.com\\\/noticias\\\/wp-content\\\/uploads\\\/2022\\\/07\\\/IMG-20220712-WA0055-scaled.jpg\",\"contentUrl\":\"https:\\\/\\\/www.yucatanencorto.com\\\/noticias\\\/wp-content\\\/uploads\\\/2022\\\/07\\\/IMG-20220712-WA0055-scaled.jpg\",\"width\":768,\"height\":512},{\"@type\":\"BreadcrumbList\",\"@id\":\"https:\\\/\\\/www.yucatanencorto.com\\\/noticias\\\/promover-la-tecnologia-para-reducir-la-brecha-de-la-desigualdad\\\/#breadcrumb\",\"itemListElement\":[{\"@type\":\"ListItem\",\"position\":1,\"name\":\"Portada\",\"item\":\"https:\\\/\\\/www.yucatanencorto.com\\\/noticias\\\/\"},{\"@type\":\"ListItem\",\"position\":2,\"name\":\"Promover la tecnolog\u00eda para reducir la brecha de la desigualdad\"}]},{\"@type\":\"WebSite\",\"@id\":\"https:\\\/\\\/www.yucatanencorto.com\\\/noticias\\\/#website\",\"url\":\"https:\\\/\\\/www.yucatanencorto.com\\\/noticias\\\/\",\"name\":\"Yucat\u00e1n en corto\",\"description\":\"Noticias\",\"potentialAction\":[{\"@type\":\"SearchAction\",\"target\":{\"@type\":\"EntryPoint\",\"urlTemplate\":\"https:\\\/\\\/www.yucatanencorto.com\\\/noticias\\\/?s={search_term_string}\"},\"query-input\":{\"@type\":\"PropertyValueSpecification\",\"valueRequired\":true,\"valueName\":\"search_term_string\"}}],\"inLanguage\":\"es\"},{\"@type\":\"Person\",\"@id\":\"https:\\\/\\\/www.yucatanencorto.com\\\/noticias\\\/#\\\/schema\\\/person\\\/14f82d355225a1f4075dd84a31f45a72\",\"name\":\"Yucat\u00e1n en Corto FC\",\"image\":{\"@type\":\"ImageObject\",\"inLanguage\":\"es\",\"@id\":\"https:\\\/\\\/secure.gravatar.com\\\/avatar\\\/147d4b30cd728c53c29c49a3f7834dedca33707f4cd259761355846009a88250?s=96&d=mm&r=g\",\"url\":\"https:\\\/\\\/secure.gravatar.com\\\/avatar\\\/147d4b30cd728c53c29c49a3f7834dedca33707f4cd259761355846009a88250?s=96&d=mm&r=g\",\"contentUrl\":\"https:\\\/\\\/secure.gravatar.com\\\/avatar\\\/147d4b30cd728c53c29c49a3f7834dedca33707f4cd259761355846009a88250?s=96&d=mm&r=g\",\"caption\":\"Yucat\u00e1n en Corto FC\"},\"url\":\"https:\\\/\\\/www.yucatanencorto.com\\\/noticias\\\/author\\\/flor\\\/\"}]}<\/script>\n<!-- \/ Yoast SEO plugin. -->","yoast_head_json":{"title":"Promover la tecnolog\u00eda para reducir la brecha de la desigualdad - Yucat\u00e1n en corto","robots":{"index":"index","follow":"follow","max-snippet":"max-snippet:-1","max-image-preview":"max-image-preview:large","max-video-preview":"max-video-preview:-1"},"canonical":"https:\/\/www.yucatanencorto.com\/noticias\/promover-la-tecnologia-para-reducir-la-brecha-de-la-desigualdad\/","og_locale":"es_ES","og_type":"article","og_title":"Promover la tecnolog\u00eda para reducir la brecha de la desigualdad - Yucat\u00e1n en corto","og_description":"M\u00e9xico, 12 de julio de 2022.- Durante su participaci\u00f3n en el foro \u201cEl papel de la tecnolog\u00eda en el desarrollo nacional: presente y futuro en M\u00e9xico\u201d, el senador por Yucat\u00e1n, Ra\u00fal Paz Alonzo, dijo que desde la C\u00e1mara Alta se deben promover las herramientas legislativas, que permitan introducir los instrumentos tecnol\u00f3gicos necesarios, para ayudar a [&hellip;]","og_url":"https:\/\/www.yucatanencorto.com\/noticias\/promover-la-tecnologia-para-reducir-la-brecha-de-la-desigualdad\/","og_site_name":"Yucat\u00e1n en corto","article_publisher":"http:\/\/www.facebook.com\/yucatanencorto","article_published_time":"2022-07-13T02:20:52+00:00","og_image":[{"width":768,"height":512,"url":"https:\/\/www.yucatanencorto.com\/noticias\/wp-content\/uploads\/2022\/07\/IMG-20220712-WA0055-scaled.jpg","type":"image\/jpeg"}],"author":"Yucat\u00e1n en Corto FC","twitter_card":"summary_large_image","twitter_creator":"@yucatanencorto","twitter_site":"@yucatanencorto","twitter_misc":{"Escrito por":"Yucat\u00e1n en Corto FC","Tiempo de lectura":"2 minutos"},"schema":{"@context":"https:\/\/schema.org","@graph":[{"@type":"Article","@id":"https:\/\/www.yucatanencorto.com\/noticias\/promover-la-tecnologia-para-reducir-la-brecha-de-la-desigualdad\/#article","isPartOf":{"@id":"https:\/\/www.yucatanencorto.com\/noticias\/promover-la-tecnologia-para-reducir-la-brecha-de-la-desigualdad\/"},"author":{"name":"Yucat\u00e1n en Corto FC","@id":"https:\/\/www.yucatanencorto.com\/noticias\/#\/schema\/person\/14f82d355225a1f4075dd84a31f45a72"},"headline":"Promover la tecnolog\u00eda para reducir la brecha de la desigualdad","datePublished":"2022-07-13T02:20:52+00:00","mainEntityOfPage":{"@id":"https:\/\/www.yucatanencorto.com\/noticias\/promover-la-tecnologia-para-reducir-la-brecha-de-la-desigualdad\/"},"wordCount":315,"image":{"@id":"https:\/\/www.yucatanencorto.com\/noticias\/promover-la-tecnologia-para-reducir-la-brecha-de-la-desigualdad\/#primaryimage"},"thumbnailUrl":"https:\/\/www.yucatanencorto.com\/noticias\/wp-content\/uploads\/2022\/07\/IMG-20220712-WA0055-scaled.jpg","articleSection":["Yucat\u00e1n"],"inLanguage":"es"},{"@type":"WebPage","@id":"https:\/\/www.yucatanencorto.com\/noticias\/promover-la-tecnologia-para-reducir-la-brecha-de-la-desigualdad\/","url":"https:\/\/www.yucatanencorto.com\/noticias\/promover-la-tecnologia-para-reducir-la-brecha-de-la-desigualdad\/","name":"Promover la tecnolog\u00eda para reducir la brecha de la desigualdad - Yucat\u00e1n en corto","isPartOf":{"@id":"https:\/\/www.yucatanencorto.com\/noticias\/#website"},"primaryImageOfPage":{"@id":"https:\/\/www.yucatanencorto.com\/noticias\/promover-la-tecnologia-para-reducir-la-brecha-de-la-desigualdad\/#primaryimage"},"image":{"@id":"https:\/\/www.yucatanencorto.com\/noticias\/promover-la-tecnologia-para-reducir-la-brecha-de-la-desigualdad\/#primaryimage"},"thumbnailUrl":"https:\/\/www.yucatanencorto.com\/noticias\/wp-content\/uploads\/2022\/07\/IMG-20220712-WA0055-scaled.jpg","datePublished":"2022-07-13T02:20:52+00:00","author":{"@id":"https:\/\/www.yucatanencorto.com\/noticias\/#\/schema\/person\/14f82d355225a1f4075dd84a31f45a72"},"breadcrumb":{"@id":"https:\/\/www.yucatanencorto.com\/noticias\/promover-la-tecnologia-para-reducir-la-brecha-de-la-desigualdad\/#breadcrumb"},"inLanguage":"es","potentialAction":[{"@type":"ReadAction","target":["https:\/\/www.yucatanencorto.com\/noticias\/promover-la-tecnologia-para-reducir-la-brecha-de-la-desigualdad\/"]}]},{"@type":"ImageObject","inLanguage":"es","@id":"https:\/\/www.yucatanencorto.com\/noticias\/promover-la-tecnologia-para-reducir-la-brecha-de-la-desigualdad\/#primaryimage","url":"https:\/\/www.yucatanencorto.com\/noticias\/wp-content\/uploads\/2022\/07\/IMG-20220712-WA0055-scaled.jpg","contentUrl":"https:\/\/www.yucatanencorto.com\/noticias\/wp-content\/uploads\/2022\/07\/IMG-20220712-WA0055-scaled.jpg","width":768,"height":512},{"@type":"BreadcrumbList","@id":"https:\/\/www.yucatanencorto.com\/noticias\/promover-la-tecnologia-para-reducir-la-brecha-de-la-desigualdad\/#breadcrumb","itemListElement":[{"@type":"ListItem","position":1,"name":"Portada","item":"https:\/\/www.yucatanencorto.com\/noticias\/"},{"@type":"ListItem","position":2,"name":"Promover la tecnolog\u00eda para reducir la brecha de la desigualdad"}]},{"@type":"WebSite","@id":"https:\/\/www.yucatanencorto.com\/noticias\/#website","url":"https:\/\/www.yucatanencorto.com\/noticias\/","name":"Yucat\u00e1n en corto","description":"Noticias","potentialAction":[{"@type":"SearchAction","target":{"@type":"EntryPoint","urlTemplate":"https:\/\/www.yucatanencorto.com\/noticias\/?s={search_term_string}"},"query-input":{"@type":"PropertyValueSpecification","valueRequired":true,"valueName":"search_term_string"}}],"inLanguage":"es"},{"@type":"Person","@id":"https:\/\/www.yucatanencorto.com\/noticias\/#\/schema\/person\/14f82d355225a1f4075dd84a31f45a72","name":"Yucat\u00e1n en Corto FC","image":{"@type":"ImageObject","inLanguage":"es","@id":"https:\/\/secure.gravatar.com\/avatar\/147d4b30cd728c53c29c49a3f7834dedca33707f4cd259761355846009a88250?s=96&d=mm&r=g","url":"https:\/\/secure.gravatar.com\/avatar\/147d4b30cd728c53c29c49a3f7834dedca33707f4cd259761355846009a88250?s=96&d=mm&r=g","contentUrl":"https:\/\/secure.gravatar.com\/avatar\/147d4b30cd728c53c29c49a3f7834dedca33707f4cd259761355846009a88250?s=96&d=mm&r=g","caption":"Yucat\u00e1n en Corto FC"},"url":"https:\/\/www.yucatanencorto.com\/noticias\/author\/flor\/"}]}},"_links":{"self":[{"href":"https:\/\/www.yucatanencorto.com\/noticias\/wp-json\/wp\/v2\/posts\/92202","targetHints":{"allow":["GET"]}}],"collection":[{"href":"https:\/\/www.yucatanencorto.com\/noticias\/wp-json\/wp\/v2\/posts"}],"about":[{"href":"https:\/\/www.yucatanencorto.com\/noticias\/wp-json\/wp\/v2\/types\/post"}],"author":[{"embeddable":true,"href":"https:\/\/www.yucatanencorto.com\/noticias\/wp-json\/wp\/v2\/users\/2"}],"replies":[{"embeddable":true,"href":"https:\/\/www.yucatanencorto.com\/noticias\/wp-json\/wp\/v2\/comments?post=92202"}],"version-history":[{"count":0,"href":"https:\/\/www.yucatanencorto.com\/noticias\/wp-json\/wp\/v2\/posts\/92202\/revisions"}],"wp:featuredmedia":[{"embeddable":true,"href":"https:\/\/www.yucatanencorto.com\/noticias\/wp-json\/wp\/v2\/media\/92203"}],"wp:attachment":[{"href":"https:\/\/www.yucatanencorto.com\/noticias\/wp-json\/wp\/v2\/media?parent=92202"}],"wp:term":[{"taxonomy":"category","embeddable":true,"href":"https:\/\/www.yucatanencorto.com\/noticias\/wp-json\/wp\/v2\/categories?post=92202"},{"taxonomy":"post_tag","embeddable":true,"href":"https:\/\/www.yucatanencorto.com\/noticias\/wp-json\/wp\/v2\/tags?post=92202"}],"curies":[{"name":"wp","href":"https:\/\/api.w.org\/{rel}","templated":true}]}}