{"id":92249,"date":"2022-07-15T20:36:59","date_gmt":"2022-07-16T01:36:59","guid":{"rendered":"https:\/\/www.yucatanencorto.com\/noticias\/?p=92249"},"modified":"2022-07-15T20:36:59","modified_gmt":"2022-07-16T01:36:59","slug":"solicitan-elaboracion-de-dictamen-con-tecnica-legislativa-de-la-iniciativa-de-ley-del-isstey","status":"publish","type":"post","link":"https:\/\/www.yucatanencorto.com\/noticias\/solicitan-elaboracion-de-dictamen-con-tecnica-legislativa-de-la-iniciativa-de-ley-del-isstey\/","title":{"rendered":"Solicitan elaboraci\u00f3n de dictamen con t\u00e9cnica legislativa de la iniciativa de Ley del ISSTEY"},"content":{"rendered":"<p><img loading=\"lazy\" decoding=\"async\" class=\"alignnone size-full wp-image-92250\" src=\"https:\/\/www.yucatanencorto.com\/noticias\/wp-content\/uploads\/2022\/07\/IMG-20220715-WA0039-scaled.jpg\" alt=\"\" width=\"768\" height=\"512\" srcset=\"https:\/\/www.yucatanencorto.com\/noticias\/wp-content\/uploads\/2022\/07\/IMG-20220715-WA0039-scaled.jpg 768w, https:\/\/www.yucatanencorto.com\/noticias\/wp-content\/uploads\/2022\/07\/IMG-20220715-WA0039-696x464.jpg 696w, https:\/\/www.yucatanencorto.com\/noticias\/wp-content\/uploads\/2022\/07\/IMG-20220715-WA0039-1068x712.jpg 1068w, https:\/\/www.yucatanencorto.com\/noticias\/wp-content\/uploads\/2022\/07\/IMG-20220715-WA0039-630x420.jpg 630w\" sizes=\"auto, (max-width: 768px) 100vw, 768px\" \/><\/p>\n<p>M\u00e9rida, Yucat\u00e1n a 15 de julio de 2022<\/p>\n<p>&nbsp;<\/p>\n<p>&nbsp;<\/p>\n<p>Como parte de los trabajos referentes al an\u00e1lisis de la iniciativa de la Ley del ISSTEY presentada y suscrita por los diputados Crescencio Guti\u00e9rrez Gonz\u00e1lez, Erik Rihani Gonz\u00e1lez, Manuela Cocom Bolio, Luis Fern\u00e1ndez Vidal, Dafne L\u00f3pez Osorio y Jes\u00fas P\u00e9rez Ballote, se solicit\u00f3 a la Secretar\u00eda General la elaboraci\u00f3n de un proyecto de dictamen con t\u00e9cnica legislativa, mismo que ser\u00e1 analizado y discutido en una sesi\u00f3n posterior.<\/p>\n<p>&nbsp;<\/p>\n<p>Despu\u00e9s de la instalaci\u00f3n de la comisi\u00f3n especial, meses atr\u00e1s, cuyo fin es estudiar, analizar y dictaminar referente a los asuntos relacionados a la situaci\u00f3n financiera del ISSTEY, respetando los derechos de los trabajadores, se llevaron a cabo diversas reuniones de trabajo entre las que destacan las realizadas con 8 agrupaciones y sindicatos, quienes manifestaron su pensar respecto al tema y presentaron propuestas para solucionar el problema por el que atraviesa.<\/p>\n<p>&nbsp;<\/p>\n<p>Asimismo, durante los trabajos realizados en torno a la elaboraci\u00f3n de una nueva Ley para el Instituto de Seguridad Social para los Trabajadores el Estado de Yucat\u00e1n (ISSTEY), se cumpli\u00f3 con lo establecido al momento de la creaci\u00f3n de la comisi\u00f3n especial designada para tratar el tema, ya que adem\u00e1s de las reuniones de trabajo con los sindicatos y agrupaciones, se activ\u00f3 un micrositio en la p\u00e1gina del Congreso del Estado para que tambi\u00e9n las personas interesadas hicieran llegar sus propuestas por esa v\u00eda.<\/p>\n<p>&nbsp;<\/p>\n<p>Durante la sesi\u00f3n de la comisi\u00f3n especial para la Atenci\u00f3n de la Situaci\u00f3n del ISSTEY, el presidente Crescencio Guti\u00e9rrez Gonz\u00e1lez (NA), se\u00f1al\u00f3 que se retomaron todos los puntos de vista, incluyendo a las organizaciones de jubilados y pensionados.<\/p>\n<p>&nbsp;<\/p>\n<p>\u201cTen\u00edan incertidumbre sobre lo que iba a pasar con ellos y fue parte de los primeros acuerdos que esta comisi\u00f3n tom\u00f3, de salvaguardar los derechos de todos aquellos jubilados y sus pensiones, decirles de manera clara y categ\u00f3rica de que no va a pasar absolutamente nada y se les seguir\u00e1n otorgando sus pensiones en tiempo y forma con las actualizaciones anualizadas, como ya se conocen de acuerdo con el salario m\u00ednimo para aquellos que ahorita ya est\u00e1n jubilados\u201d, afirm\u00f3.<\/p>\n<p>&nbsp;<\/p>\n<p>Por su parte, el diputado Erik Rihani Gonz\u00e1lez, coincidi\u00f3 en afirmar que la iniciativa de la Ley del ISSTEY agrupa, adem\u00e1s de las opiniones y propuestas de las fuerzas pol\u00edticas que integran la comisi\u00f3n, las que hicieron en su momento los sindicatos durante las reuniones de trabajo que sostuvieron con los diputados.<\/p>\n<p>&nbsp;<\/p>\n<p>Al avanzar, el an\u00e1lisis de la iniciativa, el presidente de la comisi\u00f3n, diputado Crescencio Guti\u00e9rrez, present\u00f3 una propuesta referente al art\u00edculo S\u00e9ptimo Transitorio que habla del salario regulador proponiendo que las personas que tengan 30 a\u00f1os o m\u00e1s de servicio se les de 100 del porcentaje del salario regulador, de 29 y 28 a\u00f1os de servicio pasen del 92 al 95%, de 27 y 26 pasen del 91 al 93%, los que tengan 25 y 24 pasen de un 90 a 91% y los que tengan 23 a\u00f1os de servicio o menos tengan un 90%.<\/p>\n<p>&nbsp;<\/p>\n<p>La propuesta se aprob\u00f3 por mayor\u00eda con el voto en contra de los diputados Rafael Echazarreta Torres (Morena), Eduardo Sobrino Sierra (PRD) y Gaspar Quintal Parra (PRI).<\/p>\n","protected":false},"excerpt":{"rendered":"<p>M\u00e9rida, Yucat\u00e1n a 15 de julio de 2022 &nbsp; &nbsp; Como parte de los trabajos referentes al an\u00e1lisis de la iniciativa de la Ley del ISSTEY presentada y suscrita por los diputados Crescencio Guti\u00e9rrez Gonz\u00e1lez, Erik Rihani Gonz\u00e1lez, Manuela Cocom Bolio, Luis Fern\u00e1ndez Vidal, Dafne L\u00f3pez Osorio y Jes\u00fas P\u00e9rez Ballote, se solicit\u00f3 a la [&hellip;]<\/p>\n","protected":false},"author":2,"featured_media":92250,"comment_status":"closed","ping_status":"closed","sticky":false,"template":"","format":"standard","meta":{"footnotes":""},"categories":[3],"tags":[],"class_list":{"0":"post-92249","1":"post","2":"type-post","3":"status-publish","4":"format-standard","5":"has-post-thumbnail","7":"category-yucatan"},"yoast_head":"<!-- This site is optimized with the Yoast SEO plugin v27.4 - https:\/\/yoast.com\/product\/yoast-seo-wordpress\/ -->\n<title>Solicitan elaboraci\u00f3n de dictamen con t\u00e9cnica legislativa de la iniciativa de Ley del ISSTEY - Yucat\u00e1n en corto<\/title>\n<meta name=\"robots\" content=\"index, follow, max-snippet:-1, max-image-preview:large, max-video-preview:-1\" \/>\n<link rel=\"canonical\" href=\"https:\/\/www.yucatanencorto.com\/noticias\/solicitan-elaboracion-de-dictamen-con-tecnica-legislativa-de-la-iniciativa-de-ley-del-isstey\/\" \/>\n<meta property=\"og:locale\" content=\"es_ES\" \/>\n<meta property=\"og:type\" content=\"article\" \/>\n<meta property=\"og:title\" content=\"Solicitan elaboraci\u00f3n de dictamen con t\u00e9cnica legislativa de la iniciativa de Ley del ISSTEY - Yucat\u00e1n en corto\" \/>\n<meta property=\"og:description\" content=\"M\u00e9rida, Yucat\u00e1n a 15 de julio de 2022 &nbsp; &nbsp; Como parte de los trabajos referentes al an\u00e1lisis de la iniciativa de la Ley del ISSTEY presentada y suscrita por los diputados Crescencio Guti\u00e9rrez Gonz\u00e1lez, Erik Rihani Gonz\u00e1lez, Manuela Cocom Bolio, Luis Fern\u00e1ndez Vidal, Dafne L\u00f3pez Osorio y Jes\u00fas P\u00e9rez Ballote, se solicit\u00f3 a la [&hellip;]\" \/>\n<meta property=\"og:url\" content=\"https:\/\/www.yucatanencorto.com\/noticias\/solicitan-elaboracion-de-dictamen-con-tecnica-legislativa-de-la-iniciativa-de-ley-del-isstey\/\" \/>\n<meta property=\"og:site_name\" content=\"Yucat\u00e1n en corto\" \/>\n<meta property=\"article:publisher\" content=\"http:\/\/www.facebook.com\/yucatanencorto\" \/>\n<meta property=\"article:published_time\" content=\"2022-07-16T01:36:59+00:00\" \/>\n<meta property=\"og:image\" content=\"https:\/\/www.yucatanencorto.com\/noticias\/wp-content\/uploads\/2022\/07\/IMG-20220715-WA0039-scaled.jpg\" \/>\n\t<meta property=\"og:image:width\" content=\"768\" \/>\n\t<meta property=\"og:image:height\" content=\"512\" \/>\n\t<meta property=\"og:image:type\" content=\"image\/jpeg\" \/>\n<meta name=\"author\" content=\"Yucat\u00e1n en Corto FC\" \/>\n<meta name=\"twitter:card\" content=\"summary_large_image\" \/>\n<meta name=\"twitter:creator\" content=\"@yucatanencorto\" \/>\n<meta name=\"twitter:site\" content=\"@yucatanencorto\" \/>\n<meta name=\"twitter:label1\" content=\"Escrito por\" \/>\n\t<meta name=\"twitter:data1\" content=\"Yucat\u00e1n en Corto FC\" \/>\n\t<meta name=\"twitter:label2\" content=\"Tiempo de lectura\" \/>\n\t<meta name=\"twitter:data2\" content=\"3 minutos\" \/>\n<script type=\"application\/ld+json\" class=\"yoast-schema-graph\">{\"@context\":\"https:\\\/\\\/schema.org\",\"@graph\":[{\"@type\":\"Article\",\"@id\":\"https:\\\/\\\/www.yucatanencorto.com\\\/noticias\\\/solicitan-elaboracion-de-dictamen-con-tecnica-legislativa-de-la-iniciativa-de-ley-del-isstey\\\/#article\",\"isPartOf\":{\"@id\":\"https:\\\/\\\/www.yucatanencorto.com\\\/noticias\\\/solicitan-elaboracion-de-dictamen-con-tecnica-legislativa-de-la-iniciativa-de-ley-del-isstey\\\/\"},\"author\":{\"name\":\"Yucat\u00e1n en Corto FC\",\"@id\":\"https:\\\/\\\/www.yucatanencorto.com\\\/noticias\\\/#\\\/schema\\\/person\\\/14f82d355225a1f4075dd84a31f45a72\"},\"headline\":\"Solicitan elaboraci\u00f3n de dictamen con t\u00e9cnica legislativa de la iniciativa de Ley del ISSTEY\",\"datePublished\":\"2022-07-16T01:36:59+00:00\",\"mainEntityOfPage\":{\"@id\":\"https:\\\/\\\/www.yucatanencorto.com\\\/noticias\\\/solicitan-elaboracion-de-dictamen-con-tecnica-legislativa-de-la-iniciativa-de-ley-del-isstey\\\/\"},\"wordCount\":581,\"image\":{\"@id\":\"https:\\\/\\\/www.yucatanencorto.com\\\/noticias\\\/solicitan-elaboracion-de-dictamen-con-tecnica-legislativa-de-la-iniciativa-de-ley-del-isstey\\\/#primaryimage\"},\"thumbnailUrl\":\"https:\\\/\\\/www.yucatanencorto.com\\\/noticias\\\/wp-content\\\/uploads\\\/2022\\\/07\\\/IMG-20220715-WA0039-scaled.jpg\",\"articleSection\":[\"Yucat\u00e1n\"],\"inLanguage\":\"es\"},{\"@type\":\"WebPage\",\"@id\":\"https:\\\/\\\/www.yucatanencorto.com\\\/noticias\\\/solicitan-elaboracion-de-dictamen-con-tecnica-legislativa-de-la-iniciativa-de-ley-del-isstey\\\/\",\"url\":\"https:\\\/\\\/www.yucatanencorto.com\\\/noticias\\\/solicitan-elaboracion-de-dictamen-con-tecnica-legislativa-de-la-iniciativa-de-ley-del-isstey\\\/\",\"name\":\"Solicitan elaboraci\u00f3n de dictamen con t\u00e9cnica legislativa de la iniciativa de Ley del ISSTEY - Yucat\u00e1n en corto\",\"isPartOf\":{\"@id\":\"https:\\\/\\\/www.yucatanencorto.com\\\/noticias\\\/#website\"},\"primaryImageOfPage\":{\"@id\":\"https:\\\/\\\/www.yucatanencorto.com\\\/noticias\\\/solicitan-elaboracion-de-dictamen-con-tecnica-legislativa-de-la-iniciativa-de-ley-del-isstey\\\/#primaryimage\"},\"image\":{\"@id\":\"https:\\\/\\\/www.yucatanencorto.com\\\/noticias\\\/solicitan-elaboracion-de-dictamen-con-tecnica-legislativa-de-la-iniciativa-de-ley-del-isstey\\\/#primaryimage\"},\"thumbnailUrl\":\"https:\\\/\\\/www.yucatanencorto.com\\\/noticias\\\/wp-content\\\/uploads\\\/2022\\\/07\\\/IMG-20220715-WA0039-scaled.jpg\",\"datePublished\":\"2022-07-16T01:36:59+00:00\",\"author\":{\"@id\":\"https:\\\/\\\/www.yucatanencorto.com\\\/noticias\\\/#\\\/schema\\\/person\\\/14f82d355225a1f4075dd84a31f45a72\"},\"breadcrumb\":{\"@id\":\"https:\\\/\\\/www.yucatanencorto.com\\\/noticias\\\/solicitan-elaboracion-de-dictamen-con-tecnica-legislativa-de-la-iniciativa-de-ley-del-isstey\\\/#breadcrumb\"},\"inLanguage\":\"es\",\"potentialAction\":[{\"@type\":\"ReadAction\",\"target\":[\"https:\\\/\\\/www.yucatanencorto.com\\\/noticias\\\/solicitan-elaboracion-de-dictamen-con-tecnica-legislativa-de-la-iniciativa-de-ley-del-isstey\\\/\"]}]},{\"@type\":\"ImageObject\",\"inLanguage\":\"es\",\"@id\":\"https:\\\/\\\/www.yucatanencorto.com\\\/noticias\\\/solicitan-elaboracion-de-dictamen-con-tecnica-legislativa-de-la-iniciativa-de-ley-del-isstey\\\/#primaryimage\",\"url\":\"https:\\\/\\\/www.yucatanencorto.com\\\/noticias\\\/wp-content\\\/uploads\\\/2022\\\/07\\\/IMG-20220715-WA0039-scaled.jpg\",\"contentUrl\":\"https:\\\/\\\/www.yucatanencorto.com\\\/noticias\\\/wp-content\\\/uploads\\\/2022\\\/07\\\/IMG-20220715-WA0039-scaled.jpg\",\"width\":768,\"height\":512},{\"@type\":\"BreadcrumbList\",\"@id\":\"https:\\\/\\\/www.yucatanencorto.com\\\/noticias\\\/solicitan-elaboracion-de-dictamen-con-tecnica-legislativa-de-la-iniciativa-de-ley-del-isstey\\\/#breadcrumb\",\"itemListElement\":[{\"@type\":\"ListItem\",\"position\":1,\"name\":\"Portada\",\"item\":\"https:\\\/\\\/www.yucatanencorto.com\\\/noticias\\\/\"},{\"@type\":\"ListItem\",\"position\":2,\"name\":\"Solicitan elaboraci\u00f3n de dictamen con t\u00e9cnica legislativa de la iniciativa de Ley del ISSTEY\"}]},{\"@type\":\"WebSite\",\"@id\":\"https:\\\/\\\/www.yucatanencorto.com\\\/noticias\\\/#website\",\"url\":\"https:\\\/\\\/www.yucatanencorto.com\\\/noticias\\\/\",\"name\":\"Yucat\u00e1n en corto\",\"description\":\"Noticias\",\"potentialAction\":[{\"@type\":\"SearchAction\",\"target\":{\"@type\":\"EntryPoint\",\"urlTemplate\":\"https:\\\/\\\/www.yucatanencorto.com\\\/noticias\\\/?s={search_term_string}\"},\"query-input\":{\"@type\":\"PropertyValueSpecification\",\"valueRequired\":true,\"valueName\":\"search_term_string\"}}],\"inLanguage\":\"es\"},{\"@type\":\"Person\",\"@id\":\"https:\\\/\\\/www.yucatanencorto.com\\\/noticias\\\/#\\\/schema\\\/person\\\/14f82d355225a1f4075dd84a31f45a72\",\"name\":\"Yucat\u00e1n en Corto FC\",\"image\":{\"@type\":\"ImageObject\",\"inLanguage\":\"es\",\"@id\":\"https:\\\/\\\/secure.gravatar.com\\\/avatar\\\/147d4b30cd728c53c29c49a3f7834dedca33707f4cd259761355846009a88250?s=96&d=mm&r=g\",\"url\":\"https:\\\/\\\/secure.gravatar.com\\\/avatar\\\/147d4b30cd728c53c29c49a3f7834dedca33707f4cd259761355846009a88250?s=96&d=mm&r=g\",\"contentUrl\":\"https:\\\/\\\/secure.gravatar.com\\\/avatar\\\/147d4b30cd728c53c29c49a3f7834dedca33707f4cd259761355846009a88250?s=96&d=mm&r=g\",\"caption\":\"Yucat\u00e1n en Corto FC\"},\"url\":\"https:\\\/\\\/www.yucatanencorto.com\\\/noticias\\\/author\\\/flor\\\/\"}]}<\/script>\n<!-- \/ Yoast SEO plugin. -->","yoast_head_json":{"title":"Solicitan elaboraci\u00f3n de dictamen con t\u00e9cnica legislativa de la iniciativa de Ley del ISSTEY - Yucat\u00e1n en corto","robots":{"index":"index","follow":"follow","max-snippet":"max-snippet:-1","max-image-preview":"max-image-preview:large","max-video-preview":"max-video-preview:-1"},"canonical":"https:\/\/www.yucatanencorto.com\/noticias\/solicitan-elaboracion-de-dictamen-con-tecnica-legislativa-de-la-iniciativa-de-ley-del-isstey\/","og_locale":"es_ES","og_type":"article","og_title":"Solicitan elaboraci\u00f3n de dictamen con t\u00e9cnica legislativa de la iniciativa de Ley del ISSTEY - Yucat\u00e1n en corto","og_description":"M\u00e9rida, Yucat\u00e1n a 15 de julio de 2022 &nbsp; &nbsp; Como parte de los trabajos referentes al an\u00e1lisis de la iniciativa de la Ley del ISSTEY presentada y suscrita por los diputados Crescencio Guti\u00e9rrez Gonz\u00e1lez, Erik Rihani Gonz\u00e1lez, Manuela Cocom Bolio, Luis Fern\u00e1ndez Vidal, Dafne L\u00f3pez Osorio y Jes\u00fas P\u00e9rez Ballote, se solicit\u00f3 a la [&hellip;]","og_url":"https:\/\/www.yucatanencorto.com\/noticias\/solicitan-elaboracion-de-dictamen-con-tecnica-legislativa-de-la-iniciativa-de-ley-del-isstey\/","og_site_name":"Yucat\u00e1n en corto","article_publisher":"http:\/\/www.facebook.com\/yucatanencorto","article_published_time":"2022-07-16T01:36:59+00:00","og_image":[{"width":768,"height":512,"url":"https:\/\/www.yucatanencorto.com\/noticias\/wp-content\/uploads\/2022\/07\/IMG-20220715-WA0039-scaled.jpg","type":"image\/jpeg"}],"author":"Yucat\u00e1n en Corto FC","twitter_card":"summary_large_image","twitter_creator":"@yucatanencorto","twitter_site":"@yucatanencorto","twitter_misc":{"Escrito por":"Yucat\u00e1n en Corto FC","Tiempo de lectura":"3 minutos"},"schema":{"@context":"https:\/\/schema.org","@graph":[{"@type":"Article","@id":"https:\/\/www.yucatanencorto.com\/noticias\/solicitan-elaboracion-de-dictamen-con-tecnica-legislativa-de-la-iniciativa-de-ley-del-isstey\/#article","isPartOf":{"@id":"https:\/\/www.yucatanencorto.com\/noticias\/solicitan-elaboracion-de-dictamen-con-tecnica-legislativa-de-la-iniciativa-de-ley-del-isstey\/"},"author":{"name":"Yucat\u00e1n en Corto FC","@id":"https:\/\/www.yucatanencorto.com\/noticias\/#\/schema\/person\/14f82d355225a1f4075dd84a31f45a72"},"headline":"Solicitan elaboraci\u00f3n de dictamen con t\u00e9cnica legislativa de la iniciativa de Ley del ISSTEY","datePublished":"2022-07-16T01:36:59+00:00","mainEntityOfPage":{"@id":"https:\/\/www.yucatanencorto.com\/noticias\/solicitan-elaboracion-de-dictamen-con-tecnica-legislativa-de-la-iniciativa-de-ley-del-isstey\/"},"wordCount":581,"image":{"@id":"https:\/\/www.yucatanencorto.com\/noticias\/solicitan-elaboracion-de-dictamen-con-tecnica-legislativa-de-la-iniciativa-de-ley-del-isstey\/#primaryimage"},"thumbnailUrl":"https:\/\/www.yucatanencorto.com\/noticias\/wp-content\/uploads\/2022\/07\/IMG-20220715-WA0039-scaled.jpg","articleSection":["Yucat\u00e1n"],"inLanguage":"es"},{"@type":"WebPage","@id":"https:\/\/www.yucatanencorto.com\/noticias\/solicitan-elaboracion-de-dictamen-con-tecnica-legislativa-de-la-iniciativa-de-ley-del-isstey\/","url":"https:\/\/www.yucatanencorto.com\/noticias\/solicitan-elaboracion-de-dictamen-con-tecnica-legislativa-de-la-iniciativa-de-ley-del-isstey\/","name":"Solicitan elaboraci\u00f3n de dictamen con t\u00e9cnica legislativa de la iniciativa de Ley del ISSTEY - Yucat\u00e1n en corto","isPartOf":{"@id":"https:\/\/www.yucatanencorto.com\/noticias\/#website"},"primaryImageOfPage":{"@id":"https:\/\/www.yucatanencorto.com\/noticias\/solicitan-elaboracion-de-dictamen-con-tecnica-legislativa-de-la-iniciativa-de-ley-del-isstey\/#primaryimage"},"image":{"@id":"https:\/\/www.yucatanencorto.com\/noticias\/solicitan-elaboracion-de-dictamen-con-tecnica-legislativa-de-la-iniciativa-de-ley-del-isstey\/#primaryimage"},"thumbnailUrl":"https:\/\/www.yucatanencorto.com\/noticias\/wp-content\/uploads\/2022\/07\/IMG-20220715-WA0039-scaled.jpg","datePublished":"2022-07-16T01:36:59+00:00","author":{"@id":"https:\/\/www.yucatanencorto.com\/noticias\/#\/schema\/person\/14f82d355225a1f4075dd84a31f45a72"},"breadcrumb":{"@id":"https:\/\/www.yucatanencorto.com\/noticias\/solicitan-elaboracion-de-dictamen-con-tecnica-legislativa-de-la-iniciativa-de-ley-del-isstey\/#breadcrumb"},"inLanguage":"es","potentialAction":[{"@type":"ReadAction","target":["https:\/\/www.yucatanencorto.com\/noticias\/solicitan-elaboracion-de-dictamen-con-tecnica-legislativa-de-la-iniciativa-de-ley-del-isstey\/"]}]},{"@type":"ImageObject","inLanguage":"es","@id":"https:\/\/www.yucatanencorto.com\/noticias\/solicitan-elaboracion-de-dictamen-con-tecnica-legislativa-de-la-iniciativa-de-ley-del-isstey\/#primaryimage","url":"https:\/\/www.yucatanencorto.com\/noticias\/wp-content\/uploads\/2022\/07\/IMG-20220715-WA0039-scaled.jpg","contentUrl":"https:\/\/www.yucatanencorto.com\/noticias\/wp-content\/uploads\/2022\/07\/IMG-20220715-WA0039-scaled.jpg","width":768,"height":512},{"@type":"BreadcrumbList","@id":"https:\/\/www.yucatanencorto.com\/noticias\/solicitan-elaboracion-de-dictamen-con-tecnica-legislativa-de-la-iniciativa-de-ley-del-isstey\/#breadcrumb","itemListElement":[{"@type":"ListItem","position":1,"name":"Portada","item":"https:\/\/www.yucatanencorto.com\/noticias\/"},{"@type":"ListItem","position":2,"name":"Solicitan elaboraci\u00f3n de dictamen con t\u00e9cnica legislativa de la iniciativa de Ley del ISSTEY"}]},{"@type":"WebSite","@id":"https:\/\/www.yucatanencorto.com\/noticias\/#website","url":"https:\/\/www.yucatanencorto.com\/noticias\/","name":"Yucat\u00e1n en corto","description":"Noticias","potentialAction":[{"@type":"SearchAction","target":{"@type":"EntryPoint","urlTemplate":"https:\/\/www.yucatanencorto.com\/noticias\/?s={search_term_string}"},"query-input":{"@type":"PropertyValueSpecification","valueRequired":true,"valueName":"search_term_string"}}],"inLanguage":"es"},{"@type":"Person","@id":"https:\/\/www.yucatanencorto.com\/noticias\/#\/schema\/person\/14f82d355225a1f4075dd84a31f45a72","name":"Yucat\u00e1n en Corto FC","image":{"@type":"ImageObject","inLanguage":"es","@id":"https:\/\/secure.gravatar.com\/avatar\/147d4b30cd728c53c29c49a3f7834dedca33707f4cd259761355846009a88250?s=96&d=mm&r=g","url":"https:\/\/secure.gravatar.com\/avatar\/147d4b30cd728c53c29c49a3f7834dedca33707f4cd259761355846009a88250?s=96&d=mm&r=g","contentUrl":"https:\/\/secure.gravatar.com\/avatar\/147d4b30cd728c53c29c49a3f7834dedca33707f4cd259761355846009a88250?s=96&d=mm&r=g","caption":"Yucat\u00e1n en Corto FC"},"url":"https:\/\/www.yucatanencorto.com\/noticias\/author\/flor\/"}]}},"_links":{"self":[{"href":"https:\/\/www.yucatanencorto.com\/noticias\/wp-json\/wp\/v2\/posts\/92249","targetHints":{"allow":["GET"]}}],"collection":[{"href":"https:\/\/www.yucatanencorto.com\/noticias\/wp-json\/wp\/v2\/posts"}],"about":[{"href":"https:\/\/www.yucatanencorto.com\/noticias\/wp-json\/wp\/v2\/types\/post"}],"author":[{"embeddable":true,"href":"https:\/\/www.yucatanencorto.com\/noticias\/wp-json\/wp\/v2\/users\/2"}],"replies":[{"embeddable":true,"href":"https:\/\/www.yucatanencorto.com\/noticias\/wp-json\/wp\/v2\/comments?post=92249"}],"version-history":[{"count":0,"href":"https:\/\/www.yucatanencorto.com\/noticias\/wp-json\/wp\/v2\/posts\/92249\/revisions"}],"wp:featuredmedia":[{"embeddable":true,"href":"https:\/\/www.yucatanencorto.com\/noticias\/wp-json\/wp\/v2\/media\/92250"}],"wp:attachment":[{"href":"https:\/\/www.yucatanencorto.com\/noticias\/wp-json\/wp\/v2\/media?parent=92249"}],"wp:term":[{"taxonomy":"category","embeddable":true,"href":"https:\/\/www.yucatanencorto.com\/noticias\/wp-json\/wp\/v2\/categories?post=92249"},{"taxonomy":"post_tag","embeddable":true,"href":"https:\/\/www.yucatanencorto.com\/noticias\/wp-json\/wp\/v2\/tags?post=92249"}],"curies":[{"name":"wp","href":"https:\/\/api.w.org\/{rel}","templated":true}]}}