{"id":92253,"date":"2022-07-16T11:35:11","date_gmt":"2022-07-16T16:35:11","guid":{"rendered":"https:\/\/www.yucatanencorto.com\/noticias\/?p=92253"},"modified":"2022-07-16T11:35:11","modified_gmt":"2022-07-16T16:35:11","slug":"yucatan-se-consolida-como-socio-comercial-en-la-region-de-medio-oriente","status":"publish","type":"post","link":"https:\/\/www.yucatanencorto.com\/noticias\/yucatan-se-consolida-como-socio-comercial-en-la-region-de-medio-oriente\/","title":{"rendered":"Yucat\u00e1n se consolida como socio comercial en la regi\u00f3n de Medio Oriente"},"content":{"rendered":"<p><img loading=\"lazy\" decoding=\"async\" class=\"alignnone size-full wp-image-92254\" src=\"https:\/\/www.yucatanencorto.com\/noticias\/wp-content\/uploads\/2022\/07\/IMG-20220716-WA0005-scaled.jpg\" alt=\"\" width=\"768\" height=\"576\" srcset=\"https:\/\/www.yucatanencorto.com\/noticias\/wp-content\/uploads\/2022\/07\/IMG-20220716-WA0005-scaled.jpg 768w, https:\/\/www.yucatanencorto.com\/noticias\/wp-content\/uploads\/2022\/07\/IMG-20220716-WA0005-696x522.jpg 696w, https:\/\/www.yucatanencorto.com\/noticias\/wp-content\/uploads\/2022\/07\/IMG-20220716-WA0005-1068x801.jpg 1068w, https:\/\/www.yucatanencorto.com\/noticias\/wp-content\/uploads\/2022\/07\/IMG-20220716-WA0005-560x420.jpg 560w, https:\/\/www.yucatanencorto.com\/noticias\/wp-content\/uploads\/2022\/07\/IMG-20220716-WA0005-80x60.jpg 80w, https:\/\/www.yucatanencorto.com\/noticias\/wp-content\/uploads\/2022\/07\/IMG-20220716-WA0005-265x198.jpg 265w\" sizes=\"auto, (max-width: 768px) 100vw, 768px\" \/><\/p>\n<p>M\u00e9rida, Yucat\u00e1n, 16 de julio de 2022.- Como resultado de la fuerte promoci\u00f3n internacional de Yucat\u00e1n que ha realizado el Gobernador Mauricio Vila Dosal, la entidad se proyecta como un importante socio comercial para el mercado del Medio Oriente proyectando as\u00ed el inter\u00e9s y v\u00ednculos establecidos con naciones de esa regi\u00f3n del mundo para que el estado sea un proveedor de bienes y servicios lo cual se traduce en m\u00e1s y mejores oportunidades para los yucatecos.<\/p>\n<p>Ello es una consecuencia directa de la misi\u00f3n comercial que el Gobernador Vila Dosal emprendi\u00f3 junto con un grupo de empresarios yucatecos y dirigentes de c\u00e1maras comerciales en noviembre de 2021 a fin de dar a conocer a funcionarios de Arabia Saudita las ventajas de hacer negocios con Yucat\u00e1n, por su posici\u00f3n estrat\u00e9gica, al contar con infraestructura carretera, a\u00e9rea y portuaria de primer nivel, que facilita el flujo de productos a otras partes del mundo.<\/p>\n<p>Ejemplo de ello es la empresa de tradici\u00f3n yucateca La Anita, la cual recientemente realiz\u00f3 el tercer env\u00edo de un lote con su mercanc\u00eda elaborada en Yucat\u00e1n, que incluy\u00f3 sazonadores y marinadores de pastor y achiote, entre otros, que sirven para preparar diversos guisos tipo pibil para el deleite de los consumidores.<\/p>\n<p>Dicho env\u00edo de m\u00e1s de una tonelada tuvo como destino la famosa ciudad de Dubai en los Emiratos \u00c1rabes Unidos para el uso y consumo de diversos restaurantes del denominado Grupo Meshico, con lo que se muestra el resultado de las oportunidades de negocios derivadas de la visita de la comitiva yucateca el a\u00f1o pasado.<\/p>\n<p>En este sentido, se reafirma como un acierto la estrategia de promoci\u00f3n implementada por el Gobernador, la cual ha propiciado que los productos hechos en Yucat\u00e1n sean conocidos en distintas latitudes del mundo y con lo que tambi\u00e9n se proyecta a Yucat\u00e1n como un polo de inter\u00e9s e inversi\u00f3n.<\/p>\n<p>&nbsp;<\/p>\n<p>En este sentido, cabe recordar que en aquella misi\u00f3n comercial, la comitiva yucateca liderada por Vila Dosal expuso, ante funcionarios de la Federaci\u00f3n de C\u00e1maras de Comercio Saudita, los Ministerios de Inversiones y los Fondos de Desarrollos Agr\u00edcolas e Industriales, as\u00ed como de la Autoridad de Alimentos y Medicamentos, las bondades y ventajas de nuestra entidad adem\u00e1s de dar a conocer la amplia gama de productos que se elaboran en el territorio y que pueden ser de inter\u00e9s comercial en aquella naci\u00f3n.<\/p>\n<p>Adem\u00e1s, en aquel momento, el Gobernador abord\u00f3 temas como la amplia oferta tur\u00edstica, comercial e industrial de Yucat\u00e1n, y con ello ampliar la variedad de productos yucatecos que ya se exportan a esa regi\u00f3n del mundo as\u00ed como para introducir otros, especialmente del \u00e1rea agroindustrial, lo cual se suma a la certeza jur\u00eddica y las facilidades que brinda el Gobierno del Estado, a productores y empresarios que buscan exportar.<\/p>\n<p>A estas acciones se suma el paquete de m\u00e1s de 108,000 millones de pesos en inversiones de empresas como Amazon, Walmart, con su Centro de Distribuci\u00f3n, Tesla, con sus agencias de autos y Holcim, con Cementos Fortaleza as\u00ed como Fincantieri, entre otras.<\/p>\n<p>De igual forma, proyectos como la ampliaci\u00f3n del Puerto de Progreso, el Gran Parque de la Plancha, el Tren Maya, as\u00ed como la llegada del Ie-tram a Latinoam\u00e9rica, el sistema de transporte que va complementar el sistema \u201cVa y ven\u201d.<\/p>\n<p>Con esta estrategia impulsada desde el Gobierno del Estado, Yucat\u00e1n se consolida como un importante socio comercial y proveedor de productos y servicios para pa\u00edses del Medio Oriente, lo cual tambi\u00e9n se traduce en la posibilidad de generar m\u00e1s y mejores oportunidades para los yucatecos.<\/p>\n","protected":false},"excerpt":{"rendered":"<p>M\u00e9rida, Yucat\u00e1n, 16 de julio de 2022.- Como resultado de la fuerte promoci\u00f3n internacional de Yucat\u00e1n que ha realizado el Gobernador Mauricio Vila Dosal, la entidad se proyecta como un importante socio comercial para el mercado del Medio Oriente proyectando as\u00ed el inter\u00e9s y v\u00ednculos establecidos con naciones de esa regi\u00f3n del mundo para que [&hellip;]<\/p>\n","protected":false},"author":2,"featured_media":92254,"comment_status":"closed","ping_status":"closed","sticky":false,"template":"","format":"standard","meta":{"footnotes":""},"categories":[3],"tags":[],"class_list":{"0":"post-92253","1":"post","2":"type-post","3":"status-publish","4":"format-standard","5":"has-post-thumbnail","7":"category-yucatan"},"yoast_head":"<!-- This site is optimized with the Yoast SEO plugin v27.4 - https:\/\/yoast.com\/product\/yoast-seo-wordpress\/ -->\n<title>Yucat\u00e1n se consolida como socio comercial en la regi\u00f3n de Medio Oriente - Yucat\u00e1n en corto<\/title>\n<meta name=\"robots\" content=\"index, follow, max-snippet:-1, max-image-preview:large, max-video-preview:-1\" \/>\n<link rel=\"canonical\" href=\"https:\/\/www.yucatanencorto.com\/noticias\/yucatan-se-consolida-como-socio-comercial-en-la-region-de-medio-oriente\/\" \/>\n<meta property=\"og:locale\" content=\"es_ES\" \/>\n<meta property=\"og:type\" content=\"article\" \/>\n<meta property=\"og:title\" content=\"Yucat\u00e1n se consolida como socio comercial en la regi\u00f3n de Medio Oriente - Yucat\u00e1n en corto\" \/>\n<meta property=\"og:description\" content=\"M\u00e9rida, Yucat\u00e1n, 16 de julio de 2022.- Como resultado de la fuerte promoci\u00f3n internacional de Yucat\u00e1n que ha realizado el Gobernador Mauricio Vila Dosal, la entidad se proyecta como un importante socio comercial para el mercado del Medio Oriente proyectando as\u00ed el inter\u00e9s y v\u00ednculos establecidos con naciones de esa regi\u00f3n del mundo para que [&hellip;]\" \/>\n<meta property=\"og:url\" content=\"https:\/\/www.yucatanencorto.com\/noticias\/yucatan-se-consolida-como-socio-comercial-en-la-region-de-medio-oriente\/\" \/>\n<meta property=\"og:site_name\" content=\"Yucat\u00e1n en corto\" \/>\n<meta property=\"article:publisher\" content=\"http:\/\/www.facebook.com\/yucatanencorto\" \/>\n<meta property=\"article:published_time\" content=\"2022-07-16T16:35:11+00:00\" \/>\n<meta property=\"og:image\" content=\"https:\/\/www.yucatanencorto.com\/noticias\/wp-content\/uploads\/2022\/07\/IMG-20220716-WA0005-scaled.jpg\" \/>\n\t<meta property=\"og:image:width\" content=\"768\" \/>\n\t<meta property=\"og:image:height\" content=\"576\" \/>\n\t<meta property=\"og:image:type\" content=\"image\/jpeg\" \/>\n<meta name=\"author\" content=\"Yucat\u00e1n en Corto FC\" \/>\n<meta name=\"twitter:card\" content=\"summary_large_image\" \/>\n<meta name=\"twitter:creator\" content=\"@yucatanencorto\" \/>\n<meta name=\"twitter:site\" content=\"@yucatanencorto\" \/>\n<meta name=\"twitter:label1\" content=\"Escrito por\" \/>\n\t<meta name=\"twitter:data1\" content=\"Yucat\u00e1n en Corto FC\" \/>\n\t<meta name=\"twitter:label2\" content=\"Tiempo de lectura\" \/>\n\t<meta name=\"twitter:data2\" content=\"3 minutos\" \/>\n<script type=\"application\/ld+json\" class=\"yoast-schema-graph\">{\"@context\":\"https:\\\/\\\/schema.org\",\"@graph\":[{\"@type\":\"Article\",\"@id\":\"https:\\\/\\\/www.yucatanencorto.com\\\/noticias\\\/yucatan-se-consolida-como-socio-comercial-en-la-region-de-medio-oriente\\\/#article\",\"isPartOf\":{\"@id\":\"https:\\\/\\\/www.yucatanencorto.com\\\/noticias\\\/yucatan-se-consolida-como-socio-comercial-en-la-region-de-medio-oriente\\\/\"},\"author\":{\"name\":\"Yucat\u00e1n en Corto FC\",\"@id\":\"https:\\\/\\\/www.yucatanencorto.com\\\/noticias\\\/#\\\/schema\\\/person\\\/14f82d355225a1f4075dd84a31f45a72\"},\"headline\":\"Yucat\u00e1n se consolida como socio comercial en la regi\u00f3n de Medio Oriente\",\"datePublished\":\"2022-07-16T16:35:11+00:00\",\"mainEntityOfPage\":{\"@id\":\"https:\\\/\\\/www.yucatanencorto.com\\\/noticias\\\/yucatan-se-consolida-como-socio-comercial-en-la-region-de-medio-oriente\\\/\"},\"wordCount\":644,\"image\":{\"@id\":\"https:\\\/\\\/www.yucatanencorto.com\\\/noticias\\\/yucatan-se-consolida-como-socio-comercial-en-la-region-de-medio-oriente\\\/#primaryimage\"},\"thumbnailUrl\":\"https:\\\/\\\/www.yucatanencorto.com\\\/noticias\\\/wp-content\\\/uploads\\\/2022\\\/07\\\/IMG-20220716-WA0005-scaled.jpg\",\"articleSection\":[\"Yucat\u00e1n\"],\"inLanguage\":\"es\"},{\"@type\":\"WebPage\",\"@id\":\"https:\\\/\\\/www.yucatanencorto.com\\\/noticias\\\/yucatan-se-consolida-como-socio-comercial-en-la-region-de-medio-oriente\\\/\",\"url\":\"https:\\\/\\\/www.yucatanencorto.com\\\/noticias\\\/yucatan-se-consolida-como-socio-comercial-en-la-region-de-medio-oriente\\\/\",\"name\":\"Yucat\u00e1n se consolida como socio comercial en la regi\u00f3n de Medio Oriente - Yucat\u00e1n en corto\",\"isPartOf\":{\"@id\":\"https:\\\/\\\/www.yucatanencorto.com\\\/noticias\\\/#website\"},\"primaryImageOfPage\":{\"@id\":\"https:\\\/\\\/www.yucatanencorto.com\\\/noticias\\\/yucatan-se-consolida-como-socio-comercial-en-la-region-de-medio-oriente\\\/#primaryimage\"},\"image\":{\"@id\":\"https:\\\/\\\/www.yucatanencorto.com\\\/noticias\\\/yucatan-se-consolida-como-socio-comercial-en-la-region-de-medio-oriente\\\/#primaryimage\"},\"thumbnailUrl\":\"https:\\\/\\\/www.yucatanencorto.com\\\/noticias\\\/wp-content\\\/uploads\\\/2022\\\/07\\\/IMG-20220716-WA0005-scaled.jpg\",\"datePublished\":\"2022-07-16T16:35:11+00:00\",\"author\":{\"@id\":\"https:\\\/\\\/www.yucatanencorto.com\\\/noticias\\\/#\\\/schema\\\/person\\\/14f82d355225a1f4075dd84a31f45a72\"},\"breadcrumb\":{\"@id\":\"https:\\\/\\\/www.yucatanencorto.com\\\/noticias\\\/yucatan-se-consolida-como-socio-comercial-en-la-region-de-medio-oriente\\\/#breadcrumb\"},\"inLanguage\":\"es\",\"potentialAction\":[{\"@type\":\"ReadAction\",\"target\":[\"https:\\\/\\\/www.yucatanencorto.com\\\/noticias\\\/yucatan-se-consolida-como-socio-comercial-en-la-region-de-medio-oriente\\\/\"]}]},{\"@type\":\"ImageObject\",\"inLanguage\":\"es\",\"@id\":\"https:\\\/\\\/www.yucatanencorto.com\\\/noticias\\\/yucatan-se-consolida-como-socio-comercial-en-la-region-de-medio-oriente\\\/#primaryimage\",\"url\":\"https:\\\/\\\/www.yucatanencorto.com\\\/noticias\\\/wp-content\\\/uploads\\\/2022\\\/07\\\/IMG-20220716-WA0005-scaled.jpg\",\"contentUrl\":\"https:\\\/\\\/www.yucatanencorto.com\\\/noticias\\\/wp-content\\\/uploads\\\/2022\\\/07\\\/IMG-20220716-WA0005-scaled.jpg\",\"width\":768,\"height\":576},{\"@type\":\"BreadcrumbList\",\"@id\":\"https:\\\/\\\/www.yucatanencorto.com\\\/noticias\\\/yucatan-se-consolida-como-socio-comercial-en-la-region-de-medio-oriente\\\/#breadcrumb\",\"itemListElement\":[{\"@type\":\"ListItem\",\"position\":1,\"name\":\"Portada\",\"item\":\"https:\\\/\\\/www.yucatanencorto.com\\\/noticias\\\/\"},{\"@type\":\"ListItem\",\"position\":2,\"name\":\"Yucat\u00e1n se consolida como socio comercial en la regi\u00f3n de Medio Oriente\"}]},{\"@type\":\"WebSite\",\"@id\":\"https:\\\/\\\/www.yucatanencorto.com\\\/noticias\\\/#website\",\"url\":\"https:\\\/\\\/www.yucatanencorto.com\\\/noticias\\\/\",\"name\":\"Yucat\u00e1n en corto\",\"description\":\"Noticias\",\"potentialAction\":[{\"@type\":\"SearchAction\",\"target\":{\"@type\":\"EntryPoint\",\"urlTemplate\":\"https:\\\/\\\/www.yucatanencorto.com\\\/noticias\\\/?s={search_term_string}\"},\"query-input\":{\"@type\":\"PropertyValueSpecification\",\"valueRequired\":true,\"valueName\":\"search_term_string\"}}],\"inLanguage\":\"es\"},{\"@type\":\"Person\",\"@id\":\"https:\\\/\\\/www.yucatanencorto.com\\\/noticias\\\/#\\\/schema\\\/person\\\/14f82d355225a1f4075dd84a31f45a72\",\"name\":\"Yucat\u00e1n en Corto FC\",\"image\":{\"@type\":\"ImageObject\",\"inLanguage\":\"es\",\"@id\":\"https:\\\/\\\/secure.gravatar.com\\\/avatar\\\/147d4b30cd728c53c29c49a3f7834dedca33707f4cd259761355846009a88250?s=96&d=mm&r=g\",\"url\":\"https:\\\/\\\/secure.gravatar.com\\\/avatar\\\/147d4b30cd728c53c29c49a3f7834dedca33707f4cd259761355846009a88250?s=96&d=mm&r=g\",\"contentUrl\":\"https:\\\/\\\/secure.gravatar.com\\\/avatar\\\/147d4b30cd728c53c29c49a3f7834dedca33707f4cd259761355846009a88250?s=96&d=mm&r=g\",\"caption\":\"Yucat\u00e1n en Corto FC\"},\"url\":\"https:\\\/\\\/www.yucatanencorto.com\\\/noticias\\\/author\\\/flor\\\/\"}]}<\/script>\n<!-- \/ Yoast SEO plugin. -->","yoast_head_json":{"title":"Yucat\u00e1n se consolida como socio comercial en la regi\u00f3n de Medio Oriente - Yucat\u00e1n en corto","robots":{"index":"index","follow":"follow","max-snippet":"max-snippet:-1","max-image-preview":"max-image-preview:large","max-video-preview":"max-video-preview:-1"},"canonical":"https:\/\/www.yucatanencorto.com\/noticias\/yucatan-se-consolida-como-socio-comercial-en-la-region-de-medio-oriente\/","og_locale":"es_ES","og_type":"article","og_title":"Yucat\u00e1n se consolida como socio comercial en la regi\u00f3n de Medio Oriente - Yucat\u00e1n en corto","og_description":"M\u00e9rida, Yucat\u00e1n, 16 de julio de 2022.- Como resultado de la fuerte promoci\u00f3n internacional de Yucat\u00e1n que ha realizado el Gobernador Mauricio Vila Dosal, la entidad se proyecta como un importante socio comercial para el mercado del Medio Oriente proyectando as\u00ed el inter\u00e9s y v\u00ednculos establecidos con naciones de esa regi\u00f3n del mundo para que [&hellip;]","og_url":"https:\/\/www.yucatanencorto.com\/noticias\/yucatan-se-consolida-como-socio-comercial-en-la-region-de-medio-oriente\/","og_site_name":"Yucat\u00e1n en corto","article_publisher":"http:\/\/www.facebook.com\/yucatanencorto","article_published_time":"2022-07-16T16:35:11+00:00","og_image":[{"width":768,"height":576,"url":"https:\/\/www.yucatanencorto.com\/noticias\/wp-content\/uploads\/2022\/07\/IMG-20220716-WA0005-scaled.jpg","type":"image\/jpeg"}],"author":"Yucat\u00e1n en Corto FC","twitter_card":"summary_large_image","twitter_creator":"@yucatanencorto","twitter_site":"@yucatanencorto","twitter_misc":{"Escrito por":"Yucat\u00e1n en Corto FC","Tiempo de lectura":"3 minutos"},"schema":{"@context":"https:\/\/schema.org","@graph":[{"@type":"Article","@id":"https:\/\/www.yucatanencorto.com\/noticias\/yucatan-se-consolida-como-socio-comercial-en-la-region-de-medio-oriente\/#article","isPartOf":{"@id":"https:\/\/www.yucatanencorto.com\/noticias\/yucatan-se-consolida-como-socio-comercial-en-la-region-de-medio-oriente\/"},"author":{"name":"Yucat\u00e1n en Corto FC","@id":"https:\/\/www.yucatanencorto.com\/noticias\/#\/schema\/person\/14f82d355225a1f4075dd84a31f45a72"},"headline":"Yucat\u00e1n se consolida como socio comercial en la regi\u00f3n de Medio Oriente","datePublished":"2022-07-16T16:35:11+00:00","mainEntityOfPage":{"@id":"https:\/\/www.yucatanencorto.com\/noticias\/yucatan-se-consolida-como-socio-comercial-en-la-region-de-medio-oriente\/"},"wordCount":644,"image":{"@id":"https:\/\/www.yucatanencorto.com\/noticias\/yucatan-se-consolida-como-socio-comercial-en-la-region-de-medio-oriente\/#primaryimage"},"thumbnailUrl":"https:\/\/www.yucatanencorto.com\/noticias\/wp-content\/uploads\/2022\/07\/IMG-20220716-WA0005-scaled.jpg","articleSection":["Yucat\u00e1n"],"inLanguage":"es"},{"@type":"WebPage","@id":"https:\/\/www.yucatanencorto.com\/noticias\/yucatan-se-consolida-como-socio-comercial-en-la-region-de-medio-oriente\/","url":"https:\/\/www.yucatanencorto.com\/noticias\/yucatan-se-consolida-como-socio-comercial-en-la-region-de-medio-oriente\/","name":"Yucat\u00e1n se consolida como socio comercial en la regi\u00f3n de Medio Oriente - Yucat\u00e1n en corto","isPartOf":{"@id":"https:\/\/www.yucatanencorto.com\/noticias\/#website"},"primaryImageOfPage":{"@id":"https:\/\/www.yucatanencorto.com\/noticias\/yucatan-se-consolida-como-socio-comercial-en-la-region-de-medio-oriente\/#primaryimage"},"image":{"@id":"https:\/\/www.yucatanencorto.com\/noticias\/yucatan-se-consolida-como-socio-comercial-en-la-region-de-medio-oriente\/#primaryimage"},"thumbnailUrl":"https:\/\/www.yucatanencorto.com\/noticias\/wp-content\/uploads\/2022\/07\/IMG-20220716-WA0005-scaled.jpg","datePublished":"2022-07-16T16:35:11+00:00","author":{"@id":"https:\/\/www.yucatanencorto.com\/noticias\/#\/schema\/person\/14f82d355225a1f4075dd84a31f45a72"},"breadcrumb":{"@id":"https:\/\/www.yucatanencorto.com\/noticias\/yucatan-se-consolida-como-socio-comercial-en-la-region-de-medio-oriente\/#breadcrumb"},"inLanguage":"es","potentialAction":[{"@type":"ReadAction","target":["https:\/\/www.yucatanencorto.com\/noticias\/yucatan-se-consolida-como-socio-comercial-en-la-region-de-medio-oriente\/"]}]},{"@type":"ImageObject","inLanguage":"es","@id":"https:\/\/www.yucatanencorto.com\/noticias\/yucatan-se-consolida-como-socio-comercial-en-la-region-de-medio-oriente\/#primaryimage","url":"https:\/\/www.yucatanencorto.com\/noticias\/wp-content\/uploads\/2022\/07\/IMG-20220716-WA0005-scaled.jpg","contentUrl":"https:\/\/www.yucatanencorto.com\/noticias\/wp-content\/uploads\/2022\/07\/IMG-20220716-WA0005-scaled.jpg","width":768,"height":576},{"@type":"BreadcrumbList","@id":"https:\/\/www.yucatanencorto.com\/noticias\/yucatan-se-consolida-como-socio-comercial-en-la-region-de-medio-oriente\/#breadcrumb","itemListElement":[{"@type":"ListItem","position":1,"name":"Portada","item":"https:\/\/www.yucatanencorto.com\/noticias\/"},{"@type":"ListItem","position":2,"name":"Yucat\u00e1n se consolida como socio comercial en la regi\u00f3n de Medio Oriente"}]},{"@type":"WebSite","@id":"https:\/\/www.yucatanencorto.com\/noticias\/#website","url":"https:\/\/www.yucatanencorto.com\/noticias\/","name":"Yucat\u00e1n en corto","description":"Noticias","potentialAction":[{"@type":"SearchAction","target":{"@type":"EntryPoint","urlTemplate":"https:\/\/www.yucatanencorto.com\/noticias\/?s={search_term_string}"},"query-input":{"@type":"PropertyValueSpecification","valueRequired":true,"valueName":"search_term_string"}}],"inLanguage":"es"},{"@type":"Person","@id":"https:\/\/www.yucatanencorto.com\/noticias\/#\/schema\/person\/14f82d355225a1f4075dd84a31f45a72","name":"Yucat\u00e1n en Corto FC","image":{"@type":"ImageObject","inLanguage":"es","@id":"https:\/\/secure.gravatar.com\/avatar\/147d4b30cd728c53c29c49a3f7834dedca33707f4cd259761355846009a88250?s=96&d=mm&r=g","url":"https:\/\/secure.gravatar.com\/avatar\/147d4b30cd728c53c29c49a3f7834dedca33707f4cd259761355846009a88250?s=96&d=mm&r=g","contentUrl":"https:\/\/secure.gravatar.com\/avatar\/147d4b30cd728c53c29c49a3f7834dedca33707f4cd259761355846009a88250?s=96&d=mm&r=g","caption":"Yucat\u00e1n en Corto FC"},"url":"https:\/\/www.yucatanencorto.com\/noticias\/author\/flor\/"}]}},"_links":{"self":[{"href":"https:\/\/www.yucatanencorto.com\/noticias\/wp-json\/wp\/v2\/posts\/92253","targetHints":{"allow":["GET"]}}],"collection":[{"href":"https:\/\/www.yucatanencorto.com\/noticias\/wp-json\/wp\/v2\/posts"}],"about":[{"href":"https:\/\/www.yucatanencorto.com\/noticias\/wp-json\/wp\/v2\/types\/post"}],"author":[{"embeddable":true,"href":"https:\/\/www.yucatanencorto.com\/noticias\/wp-json\/wp\/v2\/users\/2"}],"replies":[{"embeddable":true,"href":"https:\/\/www.yucatanencorto.com\/noticias\/wp-json\/wp\/v2\/comments?post=92253"}],"version-history":[{"count":0,"href":"https:\/\/www.yucatanencorto.com\/noticias\/wp-json\/wp\/v2\/posts\/92253\/revisions"}],"wp:featuredmedia":[{"embeddable":true,"href":"https:\/\/www.yucatanencorto.com\/noticias\/wp-json\/wp\/v2\/media\/92254"}],"wp:attachment":[{"href":"https:\/\/www.yucatanencorto.com\/noticias\/wp-json\/wp\/v2\/media?parent=92253"}],"wp:term":[{"taxonomy":"category","embeddable":true,"href":"https:\/\/www.yucatanencorto.com\/noticias\/wp-json\/wp\/v2\/categories?post=92253"},{"taxonomy":"post_tag","embeddable":true,"href":"https:\/\/www.yucatanencorto.com\/noticias\/wp-json\/wp\/v2\/tags?post=92253"}],"curies":[{"name":"wp","href":"https:\/\/api.w.org\/{rel}","templated":true}]}}