{"id":92256,"date":"2022-07-16T14:12:31","date_gmt":"2022-07-16T19:12:31","guid":{"rendered":"https:\/\/www.yucatanencorto.com\/noticias\/?p=92256"},"modified":"2022-07-16T14:12:31","modified_gmt":"2022-07-16T19:12:31","slug":"inclusion-de-las-personas-con-discapacidad-compromiso-ineludible-para-el-ayuntamiento-de-merida","status":"publish","type":"post","link":"https:\/\/www.yucatanencorto.com\/noticias\/inclusion-de-las-personas-con-discapacidad-compromiso-ineludible-para-el-ayuntamiento-de-merida\/","title":{"rendered":"Inclusi\u00f3n de las personas con discapacidad, compromiso ineludible para el Ayuntamiento de M\u00e9rida"},"content":{"rendered":"<p><img loading=\"lazy\" decoding=\"async\" class=\"alignnone size-full wp-image-92257\" src=\"https:\/\/www.yucatanencorto.com\/noticias\/wp-content\/uploads\/2022\/07\/IMG-20220716-WA0042-scaled.jpg\" alt=\"\" width=\"768\" height=\"512\" srcset=\"https:\/\/www.yucatanencorto.com\/noticias\/wp-content\/uploads\/2022\/07\/IMG-20220716-WA0042-scaled.jpg 768w, https:\/\/www.yucatanencorto.com\/noticias\/wp-content\/uploads\/2022\/07\/IMG-20220716-WA0042-696x464.jpg 696w, https:\/\/www.yucatanencorto.com\/noticias\/wp-content\/uploads\/2022\/07\/IMG-20220716-WA0042-1068x712.jpg 1068w, https:\/\/www.yucatanencorto.com\/noticias\/wp-content\/uploads\/2022\/07\/IMG-20220716-WA0042-630x420.jpg 630w\" sizes=\"auto, (max-width: 768px) 100vw, 768px\" \/>M\u00e9rida, Yucat\u00e1n a 16 de julio de 2022.- En el Ayuntamiento, trabajamos en coordinaci\u00f3n y de la mano con la sociedad en estrategias y acciones para construir juntos, una M\u00e9rida m\u00e1s inclusiva, sensible y solidaria con las personas, donde se brinden oportunidades de desarrollo para todas y todos los meridanos, afirm\u00f3 el Alcalde Ren\u00e1n Barrera Concha.<\/p>\n<p>Es un compromiso ineludible y que asumimos con la mayor responsabilidad pues solo de esa forma podremos hacer de M\u00e9rida una ciudad m\u00e1s humana, y en un marco de respeto, visibilizaci\u00f3n y atenci\u00f3n a todas las personas que conforman la sociedad meridana, ofrecer m\u00e1s y mejores oportunidades para acceder a una mejor calidad de vida, reiter\u00f3 el Primer Edil.<\/p>\n<p>\u201cDesde el Ayuntamiento de M\u00e9rida, a trav\u00e9s del DIF Municipal, trabajamos para impulsar m\u00e1s pol\u00edticas p\u00fablicas que aludan a la inclusi\u00f3n porque solo de esa forma podremos hacer de M\u00e9rida un municipio m\u00e1s humano y arm\u00f3nico donde todas y todos los meridanos tengan las mismas oportunidades\u201d, expres\u00f3.<\/p>\n<p>En este contexto y a fin de brindar nuevas oportunidades de apoyo a las personas con discapacidad visual el DIF de M\u00e9rida, a trav\u00e9s de su Departamento de Atenci\u00f3n a Personas con Discapacidad y la empresa Kek\u00e9n, llevaron al cabo el \u201cTaller de Ense\u00f1anza del Sistema Braille\u201d con la finalidad de que m\u00e1s personas conozcan este m\u00e9todo de lectoescritura, considerada una herramienta de comunicaci\u00f3n y accesibilidad para las personas con discapacidad visual.<\/p>\n<p>Al presidir la ceremonia de clausura, la presidenta del DIF M\u00e9rida, Diana Castillo Laviada, refrend\u00f3 el compromiso del Alcalde Ren\u00e1n Barrera de trabajar en equipo por una ciudad m\u00e1s inclusiva que ofrezca mejor calidad de vida a las y los meridanos.<\/p>\n<p>Asimismo, felicit\u00f3 a todas y todos los participantes, por interesarse en lo que acontece a su alrededor, pero sobre todos porque con su participaci\u00f3n en programas inclusivos generan mayor conciencia social.<\/p>\n<p>Por su parte, la maestra Guadalupe Chan Ancona, dijo que este taller, al igual que el de Lengua de Se\u00f1as Mexicana y Lengua Maya, le ha permitido ampliar sus perspectivas de desarrollo y familiarizarse a\u00fan m\u00e1s con las personas con discapacidad visual o auditiva en los diferentes entornos donde lleva a cabo su labor como es el caso de las comunidades del Estado.<\/p>\n<p>De igual forma, agradeci\u00f3 al Ayuntamiento por fomentar estos espacios de capacitaci\u00f3n, donde las personas tienen la oportunidad de aprender nuevas formas de comunicarse derribando con ello las barreras sociales.<\/p>\n<p>El taller estuvo dirigido al p\u00fablico general y fue impartido por la T. S. Mar\u00eda Fernanda Bern\u00e9s \u00c1lvarez, quien tiene discapacidad visual, en el Centro Municipal de Emprendedores del Ayuntamiento de M\u00e9rida.<\/p>\n<p>El Braille es un m\u00e9todo de ense\u00f1anza de sistema de lectura y escritura t\u00e1ctil, y m\u00e1s all\u00e1 de ser considerada solo como una herramienta de comunicaci\u00f3n fomenta el acceso a la informaci\u00f3n, libertad de expresi\u00f3n, educaci\u00f3n y opini\u00f3n al ser una gu\u00eda y conector con el entorno.<\/p>\n<p>En el evento de clausura estuvieron presentes la directora del DIF, Silvia Sarti Gonz\u00e1lez; Miguel Carbajal Rodr\u00edguez, director de Sustentabilidad y Miguel Ferrer Campos, gerente de Capital Humano de la empresa porc\u00edcola Kek\u00e9n; as\u00ed como Alberto Quijano Borges, jefe del departamento de Atenci\u00f3n a Personas con Discapacidad del DIF M\u00e9rida.<\/p>\n","protected":false},"excerpt":{"rendered":"<p>M\u00e9rida, Yucat\u00e1n a 16 de julio de 2022.- En el Ayuntamiento, trabajamos en coordinaci\u00f3n y de la mano con la sociedad en estrategias y acciones para construir juntos, una M\u00e9rida m\u00e1s inclusiva, sensible y solidaria con las personas, donde se brinden oportunidades de desarrollo para todas y todos los meridanos, afirm\u00f3 el Alcalde Ren\u00e1n Barrera [&hellip;]<\/p>\n","protected":false},"author":2,"featured_media":92258,"comment_status":"closed","ping_status":"closed","sticky":false,"template":"","format":"standard","meta":{"footnotes":""},"categories":[2],"tags":[],"class_list":{"0":"post-92256","1":"post","2":"type-post","3":"status-publish","4":"format-standard","5":"has-post-thumbnail","7":"category-merida"},"yoast_head":"<!-- This site is optimized with the Yoast SEO plugin v27.4 - https:\/\/yoast.com\/product\/yoast-seo-wordpress\/ -->\n<title>Inclusi\u00f3n de las personas con discapacidad, compromiso ineludible para el Ayuntamiento de M\u00e9rida - Yucat\u00e1n en corto<\/title>\n<meta name=\"robots\" content=\"index, follow, max-snippet:-1, max-image-preview:large, max-video-preview:-1\" \/>\n<link rel=\"canonical\" href=\"https:\/\/www.yucatanencorto.com\/noticias\/inclusion-de-las-personas-con-discapacidad-compromiso-ineludible-para-el-ayuntamiento-de-merida\/\" \/>\n<meta property=\"og:locale\" content=\"es_ES\" \/>\n<meta property=\"og:type\" content=\"article\" \/>\n<meta property=\"og:title\" content=\"Inclusi\u00f3n de las personas con discapacidad, compromiso ineludible para el Ayuntamiento de M\u00e9rida - Yucat\u00e1n en corto\" \/>\n<meta property=\"og:description\" content=\"M\u00e9rida, Yucat\u00e1n a 16 de julio de 2022.- En el Ayuntamiento, trabajamos en coordinaci\u00f3n y de la mano con la sociedad en estrategias y acciones para construir juntos, una M\u00e9rida m\u00e1s inclusiva, sensible y solidaria con las personas, donde se brinden oportunidades de desarrollo para todas y todos los meridanos, afirm\u00f3 el Alcalde Ren\u00e1n Barrera [&hellip;]\" \/>\n<meta property=\"og:url\" content=\"https:\/\/www.yucatanencorto.com\/noticias\/inclusion-de-las-personas-con-discapacidad-compromiso-ineludible-para-el-ayuntamiento-de-merida\/\" \/>\n<meta property=\"og:site_name\" content=\"Yucat\u00e1n en corto\" \/>\n<meta property=\"article:publisher\" content=\"http:\/\/www.facebook.com\/yucatanencorto\" \/>\n<meta property=\"article:published_time\" content=\"2022-07-16T19:12:31+00:00\" \/>\n<meta property=\"og:image\" content=\"https:\/\/www.yucatanencorto.com\/noticias\/wp-content\/uploads\/2022\/07\/IMG-20220716-WA0040-scaled.jpg\" \/>\n\t<meta property=\"og:image:width\" content=\"768\" \/>\n\t<meta property=\"og:image:height\" content=\"620\" \/>\n\t<meta property=\"og:image:type\" content=\"image\/jpeg\" \/>\n<meta name=\"author\" content=\"Yucat\u00e1n en Corto FC\" \/>\n<meta name=\"twitter:card\" content=\"summary_large_image\" \/>\n<meta name=\"twitter:creator\" content=\"@yucatanencorto\" \/>\n<meta name=\"twitter:site\" content=\"@yucatanencorto\" \/>\n<meta name=\"twitter:label1\" content=\"Escrito por\" \/>\n\t<meta name=\"twitter:data1\" content=\"Yucat\u00e1n en Corto FC\" \/>\n\t<meta name=\"twitter:label2\" content=\"Tiempo de lectura\" \/>\n\t<meta name=\"twitter:data2\" content=\"3 minutos\" \/>\n<script type=\"application\/ld+json\" class=\"yoast-schema-graph\">{\"@context\":\"https:\\\/\\\/schema.org\",\"@graph\":[{\"@type\":\"Article\",\"@id\":\"https:\\\/\\\/www.yucatanencorto.com\\\/noticias\\\/inclusion-de-las-personas-con-discapacidad-compromiso-ineludible-para-el-ayuntamiento-de-merida\\\/#article\",\"isPartOf\":{\"@id\":\"https:\\\/\\\/www.yucatanencorto.com\\\/noticias\\\/inclusion-de-las-personas-con-discapacidad-compromiso-ineludible-para-el-ayuntamiento-de-merida\\\/\"},\"author\":{\"name\":\"Yucat\u00e1n en Corto FC\",\"@id\":\"https:\\\/\\\/www.yucatanencorto.com\\\/noticias\\\/#\\\/schema\\\/person\\\/14f82d355225a1f4075dd84a31f45a72\"},\"headline\":\"Inclusi\u00f3n de las personas con discapacidad, compromiso ineludible para el Ayuntamiento de M\u00e9rida\",\"datePublished\":\"2022-07-16T19:12:31+00:00\",\"mainEntityOfPage\":{\"@id\":\"https:\\\/\\\/www.yucatanencorto.com\\\/noticias\\\/inclusion-de-las-personas-con-discapacidad-compromiso-ineludible-para-el-ayuntamiento-de-merida\\\/\"},\"wordCount\":598,\"image\":{\"@id\":\"https:\\\/\\\/www.yucatanencorto.com\\\/noticias\\\/inclusion-de-las-personas-con-discapacidad-compromiso-ineludible-para-el-ayuntamiento-de-merida\\\/#primaryimage\"},\"thumbnailUrl\":\"https:\\\/\\\/www.yucatanencorto.com\\\/noticias\\\/wp-content\\\/uploads\\\/2022\\\/07\\\/IMG-20220716-WA0040-scaled.jpg\",\"articleSection\":[\"M\u00e9rida\"],\"inLanguage\":\"es\"},{\"@type\":\"WebPage\",\"@id\":\"https:\\\/\\\/www.yucatanencorto.com\\\/noticias\\\/inclusion-de-las-personas-con-discapacidad-compromiso-ineludible-para-el-ayuntamiento-de-merida\\\/\",\"url\":\"https:\\\/\\\/www.yucatanencorto.com\\\/noticias\\\/inclusion-de-las-personas-con-discapacidad-compromiso-ineludible-para-el-ayuntamiento-de-merida\\\/\",\"name\":\"Inclusi\u00f3n de las personas con discapacidad, compromiso ineludible para el Ayuntamiento de M\u00e9rida - Yucat\u00e1n en corto\",\"isPartOf\":{\"@id\":\"https:\\\/\\\/www.yucatanencorto.com\\\/noticias\\\/#website\"},\"primaryImageOfPage\":{\"@id\":\"https:\\\/\\\/www.yucatanencorto.com\\\/noticias\\\/inclusion-de-las-personas-con-discapacidad-compromiso-ineludible-para-el-ayuntamiento-de-merida\\\/#primaryimage\"},\"image\":{\"@id\":\"https:\\\/\\\/www.yucatanencorto.com\\\/noticias\\\/inclusion-de-las-personas-con-discapacidad-compromiso-ineludible-para-el-ayuntamiento-de-merida\\\/#primaryimage\"},\"thumbnailUrl\":\"https:\\\/\\\/www.yucatanencorto.com\\\/noticias\\\/wp-content\\\/uploads\\\/2022\\\/07\\\/IMG-20220716-WA0040-scaled.jpg\",\"datePublished\":\"2022-07-16T19:12:31+00:00\",\"author\":{\"@id\":\"https:\\\/\\\/www.yucatanencorto.com\\\/noticias\\\/#\\\/schema\\\/person\\\/14f82d355225a1f4075dd84a31f45a72\"},\"breadcrumb\":{\"@id\":\"https:\\\/\\\/www.yucatanencorto.com\\\/noticias\\\/inclusion-de-las-personas-con-discapacidad-compromiso-ineludible-para-el-ayuntamiento-de-merida\\\/#breadcrumb\"},\"inLanguage\":\"es\",\"potentialAction\":[{\"@type\":\"ReadAction\",\"target\":[\"https:\\\/\\\/www.yucatanencorto.com\\\/noticias\\\/inclusion-de-las-personas-con-discapacidad-compromiso-ineludible-para-el-ayuntamiento-de-merida\\\/\"]}]},{\"@type\":\"ImageObject\",\"inLanguage\":\"es\",\"@id\":\"https:\\\/\\\/www.yucatanencorto.com\\\/noticias\\\/inclusion-de-las-personas-con-discapacidad-compromiso-ineludible-para-el-ayuntamiento-de-merida\\\/#primaryimage\",\"url\":\"https:\\\/\\\/www.yucatanencorto.com\\\/noticias\\\/wp-content\\\/uploads\\\/2022\\\/07\\\/IMG-20220716-WA0040-scaled.jpg\",\"contentUrl\":\"https:\\\/\\\/www.yucatanencorto.com\\\/noticias\\\/wp-content\\\/uploads\\\/2022\\\/07\\\/IMG-20220716-WA0040-scaled.jpg\",\"width\":768,\"height\":620},{\"@type\":\"BreadcrumbList\",\"@id\":\"https:\\\/\\\/www.yucatanencorto.com\\\/noticias\\\/inclusion-de-las-personas-con-discapacidad-compromiso-ineludible-para-el-ayuntamiento-de-merida\\\/#breadcrumb\",\"itemListElement\":[{\"@type\":\"ListItem\",\"position\":1,\"name\":\"Portada\",\"item\":\"https:\\\/\\\/www.yucatanencorto.com\\\/noticias\\\/\"},{\"@type\":\"ListItem\",\"position\":2,\"name\":\"Inclusi\u00f3n de las personas con discapacidad, compromiso ineludible para el Ayuntamiento de M\u00e9rida\"}]},{\"@type\":\"WebSite\",\"@id\":\"https:\\\/\\\/www.yucatanencorto.com\\\/noticias\\\/#website\",\"url\":\"https:\\\/\\\/www.yucatanencorto.com\\\/noticias\\\/\",\"name\":\"Yucat\u00e1n en corto\",\"description\":\"Noticias\",\"potentialAction\":[{\"@type\":\"SearchAction\",\"target\":{\"@type\":\"EntryPoint\",\"urlTemplate\":\"https:\\\/\\\/www.yucatanencorto.com\\\/noticias\\\/?s={search_term_string}\"},\"query-input\":{\"@type\":\"PropertyValueSpecification\",\"valueRequired\":true,\"valueName\":\"search_term_string\"}}],\"inLanguage\":\"es\"},{\"@type\":\"Person\",\"@id\":\"https:\\\/\\\/www.yucatanencorto.com\\\/noticias\\\/#\\\/schema\\\/person\\\/14f82d355225a1f4075dd84a31f45a72\",\"name\":\"Yucat\u00e1n en Corto FC\",\"image\":{\"@type\":\"ImageObject\",\"inLanguage\":\"es\",\"@id\":\"https:\\\/\\\/secure.gravatar.com\\\/avatar\\\/147d4b30cd728c53c29c49a3f7834dedca33707f4cd259761355846009a88250?s=96&d=mm&r=g\",\"url\":\"https:\\\/\\\/secure.gravatar.com\\\/avatar\\\/147d4b30cd728c53c29c49a3f7834dedca33707f4cd259761355846009a88250?s=96&d=mm&r=g\",\"contentUrl\":\"https:\\\/\\\/secure.gravatar.com\\\/avatar\\\/147d4b30cd728c53c29c49a3f7834dedca33707f4cd259761355846009a88250?s=96&d=mm&r=g\",\"caption\":\"Yucat\u00e1n en Corto FC\"},\"url\":\"https:\\\/\\\/www.yucatanencorto.com\\\/noticias\\\/author\\\/flor\\\/\"}]}<\/script>\n<!-- \/ Yoast SEO plugin. -->","yoast_head_json":{"title":"Inclusi\u00f3n de las personas con discapacidad, compromiso ineludible para el Ayuntamiento de M\u00e9rida - Yucat\u00e1n en corto","robots":{"index":"index","follow":"follow","max-snippet":"max-snippet:-1","max-image-preview":"max-image-preview:large","max-video-preview":"max-video-preview:-1"},"canonical":"https:\/\/www.yucatanencorto.com\/noticias\/inclusion-de-las-personas-con-discapacidad-compromiso-ineludible-para-el-ayuntamiento-de-merida\/","og_locale":"es_ES","og_type":"article","og_title":"Inclusi\u00f3n de las personas con discapacidad, compromiso ineludible para el Ayuntamiento de M\u00e9rida - Yucat\u00e1n en corto","og_description":"M\u00e9rida, Yucat\u00e1n a 16 de julio de 2022.- En el Ayuntamiento, trabajamos en coordinaci\u00f3n y de la mano con la sociedad en estrategias y acciones para construir juntos, una M\u00e9rida m\u00e1s inclusiva, sensible y solidaria con las personas, donde se brinden oportunidades de desarrollo para todas y todos los meridanos, afirm\u00f3 el Alcalde Ren\u00e1n Barrera [&hellip;]","og_url":"https:\/\/www.yucatanencorto.com\/noticias\/inclusion-de-las-personas-con-discapacidad-compromiso-ineludible-para-el-ayuntamiento-de-merida\/","og_site_name":"Yucat\u00e1n en corto","article_publisher":"http:\/\/www.facebook.com\/yucatanencorto","article_published_time":"2022-07-16T19:12:31+00:00","og_image":[{"width":768,"height":620,"url":"https:\/\/www.yucatanencorto.com\/noticias\/wp-content\/uploads\/2022\/07\/IMG-20220716-WA0040-scaled.jpg","type":"image\/jpeg"}],"author":"Yucat\u00e1n en Corto FC","twitter_card":"summary_large_image","twitter_creator":"@yucatanencorto","twitter_site":"@yucatanencorto","twitter_misc":{"Escrito por":"Yucat\u00e1n en Corto FC","Tiempo de lectura":"3 minutos"},"schema":{"@context":"https:\/\/schema.org","@graph":[{"@type":"Article","@id":"https:\/\/www.yucatanencorto.com\/noticias\/inclusion-de-las-personas-con-discapacidad-compromiso-ineludible-para-el-ayuntamiento-de-merida\/#article","isPartOf":{"@id":"https:\/\/www.yucatanencorto.com\/noticias\/inclusion-de-las-personas-con-discapacidad-compromiso-ineludible-para-el-ayuntamiento-de-merida\/"},"author":{"name":"Yucat\u00e1n en Corto FC","@id":"https:\/\/www.yucatanencorto.com\/noticias\/#\/schema\/person\/14f82d355225a1f4075dd84a31f45a72"},"headline":"Inclusi\u00f3n de las personas con discapacidad, compromiso ineludible para el Ayuntamiento de M\u00e9rida","datePublished":"2022-07-16T19:12:31+00:00","mainEntityOfPage":{"@id":"https:\/\/www.yucatanencorto.com\/noticias\/inclusion-de-las-personas-con-discapacidad-compromiso-ineludible-para-el-ayuntamiento-de-merida\/"},"wordCount":598,"image":{"@id":"https:\/\/www.yucatanencorto.com\/noticias\/inclusion-de-las-personas-con-discapacidad-compromiso-ineludible-para-el-ayuntamiento-de-merida\/#primaryimage"},"thumbnailUrl":"https:\/\/www.yucatanencorto.com\/noticias\/wp-content\/uploads\/2022\/07\/IMG-20220716-WA0040-scaled.jpg","articleSection":["M\u00e9rida"],"inLanguage":"es"},{"@type":"WebPage","@id":"https:\/\/www.yucatanencorto.com\/noticias\/inclusion-de-las-personas-con-discapacidad-compromiso-ineludible-para-el-ayuntamiento-de-merida\/","url":"https:\/\/www.yucatanencorto.com\/noticias\/inclusion-de-las-personas-con-discapacidad-compromiso-ineludible-para-el-ayuntamiento-de-merida\/","name":"Inclusi\u00f3n de las personas con discapacidad, compromiso ineludible para el Ayuntamiento de M\u00e9rida - Yucat\u00e1n en corto","isPartOf":{"@id":"https:\/\/www.yucatanencorto.com\/noticias\/#website"},"primaryImageOfPage":{"@id":"https:\/\/www.yucatanencorto.com\/noticias\/inclusion-de-las-personas-con-discapacidad-compromiso-ineludible-para-el-ayuntamiento-de-merida\/#primaryimage"},"image":{"@id":"https:\/\/www.yucatanencorto.com\/noticias\/inclusion-de-las-personas-con-discapacidad-compromiso-ineludible-para-el-ayuntamiento-de-merida\/#primaryimage"},"thumbnailUrl":"https:\/\/www.yucatanencorto.com\/noticias\/wp-content\/uploads\/2022\/07\/IMG-20220716-WA0040-scaled.jpg","datePublished":"2022-07-16T19:12:31+00:00","author":{"@id":"https:\/\/www.yucatanencorto.com\/noticias\/#\/schema\/person\/14f82d355225a1f4075dd84a31f45a72"},"breadcrumb":{"@id":"https:\/\/www.yucatanencorto.com\/noticias\/inclusion-de-las-personas-con-discapacidad-compromiso-ineludible-para-el-ayuntamiento-de-merida\/#breadcrumb"},"inLanguage":"es","potentialAction":[{"@type":"ReadAction","target":["https:\/\/www.yucatanencorto.com\/noticias\/inclusion-de-las-personas-con-discapacidad-compromiso-ineludible-para-el-ayuntamiento-de-merida\/"]}]},{"@type":"ImageObject","inLanguage":"es","@id":"https:\/\/www.yucatanencorto.com\/noticias\/inclusion-de-las-personas-con-discapacidad-compromiso-ineludible-para-el-ayuntamiento-de-merida\/#primaryimage","url":"https:\/\/www.yucatanencorto.com\/noticias\/wp-content\/uploads\/2022\/07\/IMG-20220716-WA0040-scaled.jpg","contentUrl":"https:\/\/www.yucatanencorto.com\/noticias\/wp-content\/uploads\/2022\/07\/IMG-20220716-WA0040-scaled.jpg","width":768,"height":620},{"@type":"BreadcrumbList","@id":"https:\/\/www.yucatanencorto.com\/noticias\/inclusion-de-las-personas-con-discapacidad-compromiso-ineludible-para-el-ayuntamiento-de-merida\/#breadcrumb","itemListElement":[{"@type":"ListItem","position":1,"name":"Portada","item":"https:\/\/www.yucatanencorto.com\/noticias\/"},{"@type":"ListItem","position":2,"name":"Inclusi\u00f3n de las personas con discapacidad, compromiso ineludible para el Ayuntamiento de M\u00e9rida"}]},{"@type":"WebSite","@id":"https:\/\/www.yucatanencorto.com\/noticias\/#website","url":"https:\/\/www.yucatanencorto.com\/noticias\/","name":"Yucat\u00e1n en corto","description":"Noticias","potentialAction":[{"@type":"SearchAction","target":{"@type":"EntryPoint","urlTemplate":"https:\/\/www.yucatanencorto.com\/noticias\/?s={search_term_string}"},"query-input":{"@type":"PropertyValueSpecification","valueRequired":true,"valueName":"search_term_string"}}],"inLanguage":"es"},{"@type":"Person","@id":"https:\/\/www.yucatanencorto.com\/noticias\/#\/schema\/person\/14f82d355225a1f4075dd84a31f45a72","name":"Yucat\u00e1n en Corto FC","image":{"@type":"ImageObject","inLanguage":"es","@id":"https:\/\/secure.gravatar.com\/avatar\/147d4b30cd728c53c29c49a3f7834dedca33707f4cd259761355846009a88250?s=96&d=mm&r=g","url":"https:\/\/secure.gravatar.com\/avatar\/147d4b30cd728c53c29c49a3f7834dedca33707f4cd259761355846009a88250?s=96&d=mm&r=g","contentUrl":"https:\/\/secure.gravatar.com\/avatar\/147d4b30cd728c53c29c49a3f7834dedca33707f4cd259761355846009a88250?s=96&d=mm&r=g","caption":"Yucat\u00e1n en Corto FC"},"url":"https:\/\/www.yucatanencorto.com\/noticias\/author\/flor\/"}]}},"_links":{"self":[{"href":"https:\/\/www.yucatanencorto.com\/noticias\/wp-json\/wp\/v2\/posts\/92256","targetHints":{"allow":["GET"]}}],"collection":[{"href":"https:\/\/www.yucatanencorto.com\/noticias\/wp-json\/wp\/v2\/posts"}],"about":[{"href":"https:\/\/www.yucatanencorto.com\/noticias\/wp-json\/wp\/v2\/types\/post"}],"author":[{"embeddable":true,"href":"https:\/\/www.yucatanencorto.com\/noticias\/wp-json\/wp\/v2\/users\/2"}],"replies":[{"embeddable":true,"href":"https:\/\/www.yucatanencorto.com\/noticias\/wp-json\/wp\/v2\/comments?post=92256"}],"version-history":[{"count":0,"href":"https:\/\/www.yucatanencorto.com\/noticias\/wp-json\/wp\/v2\/posts\/92256\/revisions"}],"wp:featuredmedia":[{"embeddable":true,"href":"https:\/\/www.yucatanencorto.com\/noticias\/wp-json\/wp\/v2\/media\/92258"}],"wp:attachment":[{"href":"https:\/\/www.yucatanencorto.com\/noticias\/wp-json\/wp\/v2\/media?parent=92256"}],"wp:term":[{"taxonomy":"category","embeddable":true,"href":"https:\/\/www.yucatanencorto.com\/noticias\/wp-json\/wp\/v2\/categories?post=92256"},{"taxonomy":"post_tag","embeddable":true,"href":"https:\/\/www.yucatanencorto.com\/noticias\/wp-json\/wp\/v2\/tags?post=92256"}],"curies":[{"name":"wp","href":"https:\/\/api.w.org\/{rel}","templated":true}]}}