{"id":92560,"date":"2022-08-03T17:53:25","date_gmt":"2022-08-03T22:53:25","guid":{"rendered":"https:\/\/www.yucatanencorto.com\/noticias\/?p=92560"},"modified":"2022-08-03T17:53:25","modified_gmt":"2022-08-03T22:53:25","slug":"fomentan-el-desarrollo-artesanal-de-personas-con-discapacidad-auditiva","status":"publish","type":"post","link":"https:\/\/www.yucatanencorto.com\/noticias\/fomentan-el-desarrollo-artesanal-de-personas-con-discapacidad-auditiva\/","title":{"rendered":"Fomentan el desarrollo artesanal de personas con discapacidad auditiva"},"content":{"rendered":"<p><img loading=\"lazy\" decoding=\"async\" class=\"alignnone size-full wp-image-92561\" src=\"https:\/\/www.yucatanencorto.com\/noticias\/wp-content\/uploads\/2022\/08\/IMG-20220803-WA0027-scaled.jpg\" alt=\"\" width=\"768\" height=\"493\" srcset=\"https:\/\/www.yucatanencorto.com\/noticias\/wp-content\/uploads\/2022\/08\/IMG-20220803-WA0027-scaled.jpg 768w, https:\/\/www.yucatanencorto.com\/noticias\/wp-content\/uploads\/2022\/08\/IMG-20220803-WA0027-696x447.jpg 696w, https:\/\/www.yucatanencorto.com\/noticias\/wp-content\/uploads\/2022\/08\/IMG-20220803-WA0027-1068x686.jpg 1068w, https:\/\/www.yucatanencorto.com\/noticias\/wp-content\/uploads\/2022\/08\/IMG-20220803-WA0027-654x420.jpg 654w\" sizes=\"auto, (max-width: 768px) 100vw, 768px\" \/><\/p>\n<p>Tixm\u00e9huac, Yucat\u00e1n, 3 de agosto de 2022.- Para fomentar el desarrollo artesanal de Chic\u00e1n, Tixm\u00e9huac, la administraci\u00f3n que encabeza el Gobernador Mauricio Vila Dosal puso en marcha un programa para que las personas con discapacidad auditiva perfeccionen sus t\u00e9cnicas de urdido de hamaca, con tal de hacer sus piezas m\u00e1s competitivas en el mercado internacional.<\/p>\n<p>&nbsp;<\/p>\n<p>\u00abEste es el primer proyecto de desarrollo artesanal para la comunidad de personas sordas de la comisar\u00eda maya de Chic\u00e1n, conocida a nivel nacional e internacional por el desarrollo de su propia lengua de se\u00f1as maya\u00bb, dijo la directora General del Instituto para la Inclusi\u00f3n de las Personas con Discapacidad del Estado (Iipedey), Mar\u00eda Teresa V\u00e1zquez Baqueiro.<\/p>\n<p>&nbsp;<\/p>\n<p>Durante la ceremonia de entrega de hilos y bastidores, la funcionaria detall\u00f3 que el objetivo de este programa, desarrollado en coordinaci\u00f3n con la Secretar\u00eda de Desarrollo Social (Sedesol) y el Instituto Yucateco de Emprendedores (IYEM), es dejar un legado que trascienda y mejore la calidad de vida de los 17 habitantes con discapacidad auditiva de Chic\u00e1n, ubicada unos 100 kil\u00f3metros al sur de M\u00e9rida.<\/p>\n<p>&nbsp;<\/p>\n<p>Asimismo, explic\u00f3 que, los lunes de las pr\u00f3ximas seis semanas, las y los beneficiarios participar\u00e1n en una sesi\u00f3n de cinco horas, que impartir\u00e1 una maestra artesana, para aprender t\u00e9cnicas de bordado fino, como las llamadas \u201cagua\u201d y \u201cpuntada carioca\u201d; posteriormente, recibir\u00e1n capacitaci\u00f3n del IYEM, para determinar costos de producci\u00f3n y desarrollo de sus marcas.<\/p>\n<p>&nbsp;<\/p>\n<p>Por su parte, el titular de esta dependencia, Antonio Gonz\u00e1lez Blanco, destac\u00f3 el trabajo en equipo entre instancias estatales, para mejorar la calidad de vida de las familias, mediante la ense\u00f1anza de nuevas formas de urdir hamacas; en este sentido, agradeci\u00f3 el respaldo del Ayuntamiento anfitri\u00f3n y la iniciativa privada, para que la gente de Tixm\u00e9huac pueda \u201cproducir, desplazar y ganar, m\u00e1s y mejor\u201d.<\/p>\n<p>&nbsp;<\/p>\n<p>Juan Barea Canul, en representaci\u00f3n del secretario Roger Torres Peniche, de Sedesol, celebr\u00f3 la suma de esfuerzos en beneficio de esta poblaci\u00f3n que, por a\u00f1os, pidi\u00f3 ser tomada en cuenta para este tipo de proyectos. Luego, sostuvo que ninguna discapacidad es impedimento para salir adelante y que \u201caqu\u00ed vamos a estar, hoy y siempre, apoyando a esta comunidad de Chic\u00e1n y al municipio\u201d.<\/p>\n<p>&nbsp;<\/p>\n<p>Geli Marisol Coll\u00ed Coll\u00ed, a nombre de las y los beneficiarios, agradeci\u00f3 al Gobernador por considerar el talento de este sector, sobre todo porque se han dedicado a esta actividad por mucho tiempo y, ahora, tendr\u00e1n la oportunidad de mejorar sus t\u00e9cnicas.<\/p>\n<p>&nbsp;<\/p>\n<p>Se cont\u00f3 con la presencia de C\u00e9sar Iv\u00e1n Pinto S\u00e1nchez, jefe del Departamento de Atenci\u00f3n Jur\u00eddica y Derechos Ind\u00edgenas del Instituto para el Desarrollo de la Cultura Maya (Indemaya), y Samuel Furlong Boj\u00f3rquez, titular de la Unidad de Vinculaci\u00f3n del de Desarrollo Regional y Municipal (Inderm), en representaci\u00f3n de sus respectivos directores, Eric Villanueva Mukul y \u00c1ngel David Valdez Jim\u00e9nez.<\/p>\n<p>&nbsp;<\/p>\n<p>Tambi\u00e9n, Dulce Caballero Encalada, Rodolfo del R\u00edo Pinelo, Ver\u00f3nica Rosas Ortega, Jorge Canto Herrera y Janeth Polito Garc\u00eda, integrantes del Consejo Consultivo del Iipedey, as\u00ed como Marina P\u00e9rez Mart\u00ednez y Adri\u00e1n May Can, int\u00e9rpretes de Lengua de Se\u00f1as Mexicana (LSM).<\/p>\n<p>&nbsp;<\/p>\n<p>Finalmente, la subsecretaria de la Secretar\u00eda de las Mujeres (Semujeres), Yahayra Centeno Ceballos; el diputado por el XII Distrito local, Ra\u00fal Romero Chel; la alcaldesa local, Ang\u00e9lica Panti Cervera, y el comisario Andr\u00e9s Coll\u00ed Uc\u00e1n; la directora de Desarrollo Artesanal del IYEM, Paulina Viana G\u00f3mez, y por la C\u00e1mara Nacional de la Industria de la Transformaci\u00f3n (Canacintra), Rodrigo Achurra Medina.<\/p>\n","protected":false},"excerpt":{"rendered":"<p>Tixm\u00e9huac, Yucat\u00e1n, 3 de agosto de 2022.- Para fomentar el desarrollo artesanal de Chic\u00e1n, Tixm\u00e9huac, la administraci\u00f3n que encabeza el Gobernador Mauricio Vila Dosal puso en marcha un programa para que las personas con discapacidad auditiva perfeccionen sus t\u00e9cnicas de urdido de hamaca, con tal de hacer sus piezas m\u00e1s competitivas en el mercado internacional. [&hellip;]<\/p>\n","protected":false},"author":2,"featured_media":92561,"comment_status":"closed","ping_status":"closed","sticky":false,"template":"","format":"standard","meta":{"footnotes":""},"categories":[3],"tags":[],"class_list":{"0":"post-92560","1":"post","2":"type-post","3":"status-publish","4":"format-standard","5":"has-post-thumbnail","7":"category-yucatan"},"yoast_head":"<!-- This site is optimized with the Yoast SEO plugin v27.4 - https:\/\/yoast.com\/product\/yoast-seo-wordpress\/ -->\n<title>Fomentan el desarrollo artesanal de personas con discapacidad auditiva - Yucat\u00e1n en corto<\/title>\n<meta name=\"robots\" content=\"index, follow, max-snippet:-1, max-image-preview:large, max-video-preview:-1\" \/>\n<link rel=\"canonical\" href=\"https:\/\/www.yucatanencorto.com\/noticias\/fomentan-el-desarrollo-artesanal-de-personas-con-discapacidad-auditiva\/\" \/>\n<meta property=\"og:locale\" content=\"es_ES\" \/>\n<meta property=\"og:type\" content=\"article\" \/>\n<meta property=\"og:title\" content=\"Fomentan el desarrollo artesanal de personas con discapacidad auditiva - Yucat\u00e1n en corto\" \/>\n<meta property=\"og:description\" content=\"Tixm\u00e9huac, Yucat\u00e1n, 3 de agosto de 2022.- Para fomentar el desarrollo artesanal de Chic\u00e1n, Tixm\u00e9huac, la administraci\u00f3n que encabeza el Gobernador Mauricio Vila Dosal puso en marcha un programa para que las personas con discapacidad auditiva perfeccionen sus t\u00e9cnicas de urdido de hamaca, con tal de hacer sus piezas m\u00e1s competitivas en el mercado internacional. [&hellip;]\" \/>\n<meta property=\"og:url\" content=\"https:\/\/www.yucatanencorto.com\/noticias\/fomentan-el-desarrollo-artesanal-de-personas-con-discapacidad-auditiva\/\" \/>\n<meta property=\"og:site_name\" content=\"Yucat\u00e1n en corto\" \/>\n<meta property=\"article:publisher\" content=\"http:\/\/www.facebook.com\/yucatanencorto\" \/>\n<meta property=\"article:published_time\" content=\"2022-08-03T22:53:25+00:00\" \/>\n<meta property=\"og:image\" content=\"https:\/\/www.yucatanencorto.com\/noticias\/wp-content\/uploads\/2022\/08\/IMG-20220803-WA0027-scaled.jpg\" \/>\n\t<meta property=\"og:image:width\" content=\"768\" \/>\n\t<meta property=\"og:image:height\" content=\"493\" \/>\n\t<meta property=\"og:image:type\" content=\"image\/jpeg\" \/>\n<meta name=\"author\" content=\"Yucat\u00e1n en Corto FC\" \/>\n<meta name=\"twitter:card\" content=\"summary_large_image\" \/>\n<meta name=\"twitter:creator\" content=\"@yucatanencorto\" \/>\n<meta name=\"twitter:site\" content=\"@yucatanencorto\" \/>\n<meta name=\"twitter:label1\" content=\"Escrito por\" \/>\n\t<meta name=\"twitter:data1\" content=\"Yucat\u00e1n en Corto FC\" \/>\n\t<meta name=\"twitter:label2\" content=\"Tiempo de lectura\" \/>\n\t<meta name=\"twitter:data2\" content=\"3 minutos\" \/>\n<script type=\"application\/ld+json\" class=\"yoast-schema-graph\">{\"@context\":\"https:\\\/\\\/schema.org\",\"@graph\":[{\"@type\":\"Article\",\"@id\":\"https:\\\/\\\/www.yucatanencorto.com\\\/noticias\\\/fomentan-el-desarrollo-artesanal-de-personas-con-discapacidad-auditiva\\\/#article\",\"isPartOf\":{\"@id\":\"https:\\\/\\\/www.yucatanencorto.com\\\/noticias\\\/fomentan-el-desarrollo-artesanal-de-personas-con-discapacidad-auditiva\\\/\"},\"author\":{\"name\":\"Yucat\u00e1n en Corto FC\",\"@id\":\"https:\\\/\\\/www.yucatanencorto.com\\\/noticias\\\/#\\\/schema\\\/person\\\/14f82d355225a1f4075dd84a31f45a72\"},\"headline\":\"Fomentan el desarrollo artesanal de personas con discapacidad auditiva\",\"datePublished\":\"2022-08-03T22:53:25+00:00\",\"mainEntityOfPage\":{\"@id\":\"https:\\\/\\\/www.yucatanencorto.com\\\/noticias\\\/fomentan-el-desarrollo-artesanal-de-personas-con-discapacidad-auditiva\\\/\"},\"wordCount\":637,\"image\":{\"@id\":\"https:\\\/\\\/www.yucatanencorto.com\\\/noticias\\\/fomentan-el-desarrollo-artesanal-de-personas-con-discapacidad-auditiva\\\/#primaryimage\"},\"thumbnailUrl\":\"https:\\\/\\\/www.yucatanencorto.com\\\/noticias\\\/wp-content\\\/uploads\\\/2022\\\/08\\\/IMG-20220803-WA0027-scaled.jpg\",\"articleSection\":[\"Yucat\u00e1n\"],\"inLanguage\":\"es\"},{\"@type\":\"WebPage\",\"@id\":\"https:\\\/\\\/www.yucatanencorto.com\\\/noticias\\\/fomentan-el-desarrollo-artesanal-de-personas-con-discapacidad-auditiva\\\/\",\"url\":\"https:\\\/\\\/www.yucatanencorto.com\\\/noticias\\\/fomentan-el-desarrollo-artesanal-de-personas-con-discapacidad-auditiva\\\/\",\"name\":\"Fomentan el desarrollo artesanal de personas con discapacidad auditiva - Yucat\u00e1n en corto\",\"isPartOf\":{\"@id\":\"https:\\\/\\\/www.yucatanencorto.com\\\/noticias\\\/#website\"},\"primaryImageOfPage\":{\"@id\":\"https:\\\/\\\/www.yucatanencorto.com\\\/noticias\\\/fomentan-el-desarrollo-artesanal-de-personas-con-discapacidad-auditiva\\\/#primaryimage\"},\"image\":{\"@id\":\"https:\\\/\\\/www.yucatanencorto.com\\\/noticias\\\/fomentan-el-desarrollo-artesanal-de-personas-con-discapacidad-auditiva\\\/#primaryimage\"},\"thumbnailUrl\":\"https:\\\/\\\/www.yucatanencorto.com\\\/noticias\\\/wp-content\\\/uploads\\\/2022\\\/08\\\/IMG-20220803-WA0027-scaled.jpg\",\"datePublished\":\"2022-08-03T22:53:25+00:00\",\"author\":{\"@id\":\"https:\\\/\\\/www.yucatanencorto.com\\\/noticias\\\/#\\\/schema\\\/person\\\/14f82d355225a1f4075dd84a31f45a72\"},\"breadcrumb\":{\"@id\":\"https:\\\/\\\/www.yucatanencorto.com\\\/noticias\\\/fomentan-el-desarrollo-artesanal-de-personas-con-discapacidad-auditiva\\\/#breadcrumb\"},\"inLanguage\":\"es\",\"potentialAction\":[{\"@type\":\"ReadAction\",\"target\":[\"https:\\\/\\\/www.yucatanencorto.com\\\/noticias\\\/fomentan-el-desarrollo-artesanal-de-personas-con-discapacidad-auditiva\\\/\"]}]},{\"@type\":\"ImageObject\",\"inLanguage\":\"es\",\"@id\":\"https:\\\/\\\/www.yucatanencorto.com\\\/noticias\\\/fomentan-el-desarrollo-artesanal-de-personas-con-discapacidad-auditiva\\\/#primaryimage\",\"url\":\"https:\\\/\\\/www.yucatanencorto.com\\\/noticias\\\/wp-content\\\/uploads\\\/2022\\\/08\\\/IMG-20220803-WA0027-scaled.jpg\",\"contentUrl\":\"https:\\\/\\\/www.yucatanencorto.com\\\/noticias\\\/wp-content\\\/uploads\\\/2022\\\/08\\\/IMG-20220803-WA0027-scaled.jpg\",\"width\":768,\"height\":493},{\"@type\":\"BreadcrumbList\",\"@id\":\"https:\\\/\\\/www.yucatanencorto.com\\\/noticias\\\/fomentan-el-desarrollo-artesanal-de-personas-con-discapacidad-auditiva\\\/#breadcrumb\",\"itemListElement\":[{\"@type\":\"ListItem\",\"position\":1,\"name\":\"Portada\",\"item\":\"https:\\\/\\\/www.yucatanencorto.com\\\/noticias\\\/\"},{\"@type\":\"ListItem\",\"position\":2,\"name\":\"Fomentan el desarrollo artesanal de personas con discapacidad auditiva\"}]},{\"@type\":\"WebSite\",\"@id\":\"https:\\\/\\\/www.yucatanencorto.com\\\/noticias\\\/#website\",\"url\":\"https:\\\/\\\/www.yucatanencorto.com\\\/noticias\\\/\",\"name\":\"Yucat\u00e1n en corto\",\"description\":\"Noticias\",\"potentialAction\":[{\"@type\":\"SearchAction\",\"target\":{\"@type\":\"EntryPoint\",\"urlTemplate\":\"https:\\\/\\\/www.yucatanencorto.com\\\/noticias\\\/?s={search_term_string}\"},\"query-input\":{\"@type\":\"PropertyValueSpecification\",\"valueRequired\":true,\"valueName\":\"search_term_string\"}}],\"inLanguage\":\"es\"},{\"@type\":\"Person\",\"@id\":\"https:\\\/\\\/www.yucatanencorto.com\\\/noticias\\\/#\\\/schema\\\/person\\\/14f82d355225a1f4075dd84a31f45a72\",\"name\":\"Yucat\u00e1n en Corto FC\",\"image\":{\"@type\":\"ImageObject\",\"inLanguage\":\"es\",\"@id\":\"https:\\\/\\\/secure.gravatar.com\\\/avatar\\\/147d4b30cd728c53c29c49a3f7834dedca33707f4cd259761355846009a88250?s=96&d=mm&r=g\",\"url\":\"https:\\\/\\\/secure.gravatar.com\\\/avatar\\\/147d4b30cd728c53c29c49a3f7834dedca33707f4cd259761355846009a88250?s=96&d=mm&r=g\",\"contentUrl\":\"https:\\\/\\\/secure.gravatar.com\\\/avatar\\\/147d4b30cd728c53c29c49a3f7834dedca33707f4cd259761355846009a88250?s=96&d=mm&r=g\",\"caption\":\"Yucat\u00e1n en Corto FC\"},\"url\":\"https:\\\/\\\/www.yucatanencorto.com\\\/noticias\\\/author\\\/flor\\\/\"}]}<\/script>\n<!-- \/ Yoast SEO plugin. -->","yoast_head_json":{"title":"Fomentan el desarrollo artesanal de personas con discapacidad auditiva - Yucat\u00e1n en corto","robots":{"index":"index","follow":"follow","max-snippet":"max-snippet:-1","max-image-preview":"max-image-preview:large","max-video-preview":"max-video-preview:-1"},"canonical":"https:\/\/www.yucatanencorto.com\/noticias\/fomentan-el-desarrollo-artesanal-de-personas-con-discapacidad-auditiva\/","og_locale":"es_ES","og_type":"article","og_title":"Fomentan el desarrollo artesanal de personas con discapacidad auditiva - Yucat\u00e1n en corto","og_description":"Tixm\u00e9huac, Yucat\u00e1n, 3 de agosto de 2022.- Para fomentar el desarrollo artesanal de Chic\u00e1n, Tixm\u00e9huac, la administraci\u00f3n que encabeza el Gobernador Mauricio Vila Dosal puso en marcha un programa para que las personas con discapacidad auditiva perfeccionen sus t\u00e9cnicas de urdido de hamaca, con tal de hacer sus piezas m\u00e1s competitivas en el mercado internacional. [&hellip;]","og_url":"https:\/\/www.yucatanencorto.com\/noticias\/fomentan-el-desarrollo-artesanal-de-personas-con-discapacidad-auditiva\/","og_site_name":"Yucat\u00e1n en corto","article_publisher":"http:\/\/www.facebook.com\/yucatanencorto","article_published_time":"2022-08-03T22:53:25+00:00","og_image":[{"width":768,"height":493,"url":"https:\/\/www.yucatanencorto.com\/noticias\/wp-content\/uploads\/2022\/08\/IMG-20220803-WA0027-scaled.jpg","type":"image\/jpeg"}],"author":"Yucat\u00e1n en Corto FC","twitter_card":"summary_large_image","twitter_creator":"@yucatanencorto","twitter_site":"@yucatanencorto","twitter_misc":{"Escrito por":"Yucat\u00e1n en Corto FC","Tiempo de lectura":"3 minutos"},"schema":{"@context":"https:\/\/schema.org","@graph":[{"@type":"Article","@id":"https:\/\/www.yucatanencorto.com\/noticias\/fomentan-el-desarrollo-artesanal-de-personas-con-discapacidad-auditiva\/#article","isPartOf":{"@id":"https:\/\/www.yucatanencorto.com\/noticias\/fomentan-el-desarrollo-artesanal-de-personas-con-discapacidad-auditiva\/"},"author":{"name":"Yucat\u00e1n en Corto FC","@id":"https:\/\/www.yucatanencorto.com\/noticias\/#\/schema\/person\/14f82d355225a1f4075dd84a31f45a72"},"headline":"Fomentan el desarrollo artesanal de personas con discapacidad auditiva","datePublished":"2022-08-03T22:53:25+00:00","mainEntityOfPage":{"@id":"https:\/\/www.yucatanencorto.com\/noticias\/fomentan-el-desarrollo-artesanal-de-personas-con-discapacidad-auditiva\/"},"wordCount":637,"image":{"@id":"https:\/\/www.yucatanencorto.com\/noticias\/fomentan-el-desarrollo-artesanal-de-personas-con-discapacidad-auditiva\/#primaryimage"},"thumbnailUrl":"https:\/\/www.yucatanencorto.com\/noticias\/wp-content\/uploads\/2022\/08\/IMG-20220803-WA0027-scaled.jpg","articleSection":["Yucat\u00e1n"],"inLanguage":"es"},{"@type":"WebPage","@id":"https:\/\/www.yucatanencorto.com\/noticias\/fomentan-el-desarrollo-artesanal-de-personas-con-discapacidad-auditiva\/","url":"https:\/\/www.yucatanencorto.com\/noticias\/fomentan-el-desarrollo-artesanal-de-personas-con-discapacidad-auditiva\/","name":"Fomentan el desarrollo artesanal de personas con discapacidad auditiva - Yucat\u00e1n en corto","isPartOf":{"@id":"https:\/\/www.yucatanencorto.com\/noticias\/#website"},"primaryImageOfPage":{"@id":"https:\/\/www.yucatanencorto.com\/noticias\/fomentan-el-desarrollo-artesanal-de-personas-con-discapacidad-auditiva\/#primaryimage"},"image":{"@id":"https:\/\/www.yucatanencorto.com\/noticias\/fomentan-el-desarrollo-artesanal-de-personas-con-discapacidad-auditiva\/#primaryimage"},"thumbnailUrl":"https:\/\/www.yucatanencorto.com\/noticias\/wp-content\/uploads\/2022\/08\/IMG-20220803-WA0027-scaled.jpg","datePublished":"2022-08-03T22:53:25+00:00","author":{"@id":"https:\/\/www.yucatanencorto.com\/noticias\/#\/schema\/person\/14f82d355225a1f4075dd84a31f45a72"},"breadcrumb":{"@id":"https:\/\/www.yucatanencorto.com\/noticias\/fomentan-el-desarrollo-artesanal-de-personas-con-discapacidad-auditiva\/#breadcrumb"},"inLanguage":"es","potentialAction":[{"@type":"ReadAction","target":["https:\/\/www.yucatanencorto.com\/noticias\/fomentan-el-desarrollo-artesanal-de-personas-con-discapacidad-auditiva\/"]}]},{"@type":"ImageObject","inLanguage":"es","@id":"https:\/\/www.yucatanencorto.com\/noticias\/fomentan-el-desarrollo-artesanal-de-personas-con-discapacidad-auditiva\/#primaryimage","url":"https:\/\/www.yucatanencorto.com\/noticias\/wp-content\/uploads\/2022\/08\/IMG-20220803-WA0027-scaled.jpg","contentUrl":"https:\/\/www.yucatanencorto.com\/noticias\/wp-content\/uploads\/2022\/08\/IMG-20220803-WA0027-scaled.jpg","width":768,"height":493},{"@type":"BreadcrumbList","@id":"https:\/\/www.yucatanencorto.com\/noticias\/fomentan-el-desarrollo-artesanal-de-personas-con-discapacidad-auditiva\/#breadcrumb","itemListElement":[{"@type":"ListItem","position":1,"name":"Portada","item":"https:\/\/www.yucatanencorto.com\/noticias\/"},{"@type":"ListItem","position":2,"name":"Fomentan el desarrollo artesanal de personas con discapacidad auditiva"}]},{"@type":"WebSite","@id":"https:\/\/www.yucatanencorto.com\/noticias\/#website","url":"https:\/\/www.yucatanencorto.com\/noticias\/","name":"Yucat\u00e1n en corto","description":"Noticias","potentialAction":[{"@type":"SearchAction","target":{"@type":"EntryPoint","urlTemplate":"https:\/\/www.yucatanencorto.com\/noticias\/?s={search_term_string}"},"query-input":{"@type":"PropertyValueSpecification","valueRequired":true,"valueName":"search_term_string"}}],"inLanguage":"es"},{"@type":"Person","@id":"https:\/\/www.yucatanencorto.com\/noticias\/#\/schema\/person\/14f82d355225a1f4075dd84a31f45a72","name":"Yucat\u00e1n en Corto FC","image":{"@type":"ImageObject","inLanguage":"es","@id":"https:\/\/secure.gravatar.com\/avatar\/147d4b30cd728c53c29c49a3f7834dedca33707f4cd259761355846009a88250?s=96&d=mm&r=g","url":"https:\/\/secure.gravatar.com\/avatar\/147d4b30cd728c53c29c49a3f7834dedca33707f4cd259761355846009a88250?s=96&d=mm&r=g","contentUrl":"https:\/\/secure.gravatar.com\/avatar\/147d4b30cd728c53c29c49a3f7834dedca33707f4cd259761355846009a88250?s=96&d=mm&r=g","caption":"Yucat\u00e1n en Corto FC"},"url":"https:\/\/www.yucatanencorto.com\/noticias\/author\/flor\/"}]}},"_links":{"self":[{"href":"https:\/\/www.yucatanencorto.com\/noticias\/wp-json\/wp\/v2\/posts\/92560","targetHints":{"allow":["GET"]}}],"collection":[{"href":"https:\/\/www.yucatanencorto.com\/noticias\/wp-json\/wp\/v2\/posts"}],"about":[{"href":"https:\/\/www.yucatanencorto.com\/noticias\/wp-json\/wp\/v2\/types\/post"}],"author":[{"embeddable":true,"href":"https:\/\/www.yucatanencorto.com\/noticias\/wp-json\/wp\/v2\/users\/2"}],"replies":[{"embeddable":true,"href":"https:\/\/www.yucatanencorto.com\/noticias\/wp-json\/wp\/v2\/comments?post=92560"}],"version-history":[{"count":0,"href":"https:\/\/www.yucatanencorto.com\/noticias\/wp-json\/wp\/v2\/posts\/92560\/revisions"}],"wp:featuredmedia":[{"embeddable":true,"href":"https:\/\/www.yucatanencorto.com\/noticias\/wp-json\/wp\/v2\/media\/92561"}],"wp:attachment":[{"href":"https:\/\/www.yucatanencorto.com\/noticias\/wp-json\/wp\/v2\/media?parent=92560"}],"wp:term":[{"taxonomy":"category","embeddable":true,"href":"https:\/\/www.yucatanencorto.com\/noticias\/wp-json\/wp\/v2\/categories?post=92560"},{"taxonomy":"post_tag","embeddable":true,"href":"https:\/\/www.yucatanencorto.com\/noticias\/wp-json\/wp\/v2\/tags?post=92560"}],"curies":[{"name":"wp","href":"https:\/\/api.w.org\/{rel}","templated":true}]}}