{"id":92752,"date":"2022-08-16T16:56:07","date_gmt":"2022-08-16T21:56:07","guid":{"rendered":"https:\/\/www.yucatanencorto.com\/noticias\/?p=92752"},"modified":"2022-08-16T16:56:07","modified_gmt":"2022-08-16T21:56:07","slug":"onda-tropical-provocara-lluvias-en-yucatan-a-partir-de-este-jueves","status":"publish","type":"post","link":"https:\/\/www.yucatanencorto.com\/noticias\/onda-tropical-provocara-lluvias-en-yucatan-a-partir-de-este-jueves\/","title":{"rendered":"Onda tropical provocar\u00e1 lluvias en Yucat\u00e1n, a partir de este jueves"},"content":{"rendered":"<div dir=\"ltr\">\n<div dir=\"ltr\"><img loading=\"lazy\" decoding=\"async\" class=\"alignnone size-full wp-image-92753\" src=\"https:\/\/www.yucatanencorto.com\/noticias\/wp-content\/uploads\/2022\/08\/lluvias-aviso.jpg\" alt=\"\" width=\"756\" height=\"756\" srcset=\"https:\/\/www.yucatanencorto.com\/noticias\/wp-content\/uploads\/2022\/08\/lluvias-aviso.jpg 756w, https:\/\/www.yucatanencorto.com\/noticias\/wp-content\/uploads\/2022\/08\/lluvias-aviso-696x696.jpg 696w, https:\/\/www.yucatanencorto.com\/noticias\/wp-content\/uploads\/2022\/08\/lluvias-aviso-420x420.jpg 420w\" sizes=\"auto, (max-width: 756px) 100vw, 756px\" \/><\/div>\n<div dir=\"ltr\">Se aproxima a Yucat\u00e1n una onda tropical que provocar\u00e1 lluvias de variada intensidad, a partir de este jueves, aunque es baja la probabilidad de que se convierta en un cicl\u00f3n, inform\u00f3 la administraci\u00f3n que encabeza el Gobernador Mauricio Vila Dosal, a trav\u00e9s de la Coordinaci\u00f3n Estatal de Protecci\u00f3n Civil (Procivy).<\/p>\n<p>Mediante el Servicio de Monitoreo y Alertamiento (SEMA), se detect\u00f3 este sistema frente a las costas de Nicaragua, con pron\u00f3stico de influencia sobre la entidad, del 18 al 21 del presente, y un repunte en las precipitaciones pluviales, de moderadas a fuertes, sobre todo en las tardes, con mayor acumulaci\u00f3n en las zonas norte y poniente, inform\u00f3 el titular de la dependencia, Enrique Alcocer Basto.<\/p>\n<p>Seg\u00fan el an\u00e1lisis de las caracter\u00edsticas de dicho fen\u00f3meno, se determin\u00f3 que, por ahora, su potencial de desarrollo es reducido, de 20 por ciento en cinco d\u00edas, y no se considera necesario emitir una alerta para el territorio, expuso el funcionario; sin embargo, a\u00f1adi\u00f3, no se descarta que cobre fuerza, cuando se ubique sobre el suroeste del Golfo de M\u00e9xico.<\/p>\n<p>Como parte de la cultura de prevenci\u00f3n que impulsa el Gobernador, se record\u00f3 que el Sistema Estatal de Protecci\u00f3n Civil est\u00e1 preparado para desplegar, en caso necesario, todas las acciones de atenci\u00f3n y protecci\u00f3n de la poblaci\u00f3n tanto de la costa como del sur, las regiones m\u00e1s vulnerables.<\/p>\n<p>Finalmente, Alcocer Basto llam\u00f3 a la ciudadan\u00eda yucateca a mantenerse informada y pendiente, pues estamos en la etapa m\u00e1s activa de esta temporada, de agosto a septiembre, y reiter\u00f3 que el n\u00famero telef\u00f3nico gratuito 9-1-1 est\u00e1 disponible para reportar cualquier situaci\u00f3n de riesgo o peligro.<\/p><\/div>\n<\/div>\n","protected":false},"excerpt":{"rendered":"<p>Se aproxima a Yucat\u00e1n una onda tropical que provocar\u00e1 lluvias de variada intensidad, a partir de este jueves, aunque es baja la probabilidad de que se convierta en un cicl\u00f3n, inform\u00f3 la administraci\u00f3n que encabeza el Gobernador Mauricio Vila Dosal, a trav\u00e9s de la Coordinaci\u00f3n Estatal de Protecci\u00f3n Civil (Procivy). Mediante el Servicio de Monitoreo [&hellip;]<\/p>\n","protected":false},"author":2,"featured_media":92753,"comment_status":"closed","ping_status":"closed","sticky":false,"template":"","format":"standard","meta":{"footnotes":""},"categories":[3],"tags":[],"class_list":{"0":"post-92752","1":"post","2":"type-post","3":"status-publish","4":"format-standard","5":"has-post-thumbnail","7":"category-yucatan"},"yoast_head":"<!-- This site is optimized with the Yoast SEO plugin v27.5 - https:\/\/yoast.com\/product\/yoast-seo-wordpress\/ -->\n<title>Onda tropical provocar\u00e1 lluvias en Yucat\u00e1n, a partir de este jueves - Yucat\u00e1n en corto<\/title>\n<meta name=\"robots\" content=\"index, follow, max-snippet:-1, max-image-preview:large, max-video-preview:-1\" \/>\n<link rel=\"canonical\" href=\"https:\/\/www.yucatanencorto.com\/noticias\/onda-tropical-provocara-lluvias-en-yucatan-a-partir-de-este-jueves\/\" \/>\n<meta property=\"og:locale\" content=\"es_ES\" \/>\n<meta property=\"og:type\" content=\"article\" \/>\n<meta property=\"og:title\" content=\"Onda tropical provocar\u00e1 lluvias en Yucat\u00e1n, a partir de este jueves - Yucat\u00e1n en corto\" \/>\n<meta property=\"og:description\" content=\"Se aproxima a Yucat\u00e1n una onda tropical que provocar\u00e1 lluvias de variada intensidad, a partir de este jueves, aunque es baja la probabilidad de que se convierta en un cicl\u00f3n, inform\u00f3 la administraci\u00f3n que encabeza el Gobernador Mauricio Vila Dosal, a trav\u00e9s de la Coordinaci\u00f3n Estatal de Protecci\u00f3n Civil (Procivy). Mediante el Servicio de Monitoreo [&hellip;]\" \/>\n<meta property=\"og:url\" content=\"https:\/\/www.yucatanencorto.com\/noticias\/onda-tropical-provocara-lluvias-en-yucatan-a-partir-de-este-jueves\/\" \/>\n<meta property=\"og:site_name\" content=\"Yucat\u00e1n en corto\" \/>\n<meta property=\"article:publisher\" content=\"http:\/\/www.facebook.com\/yucatanencorto\" \/>\n<meta property=\"article:published_time\" content=\"2022-08-16T21:56:07+00:00\" \/>\n<meta property=\"og:image\" content=\"https:\/\/www.yucatanencorto.com\/noticias\/wp-content\/uploads\/2022\/08\/lluvias-aviso.jpg\" \/>\n\t<meta property=\"og:image:width\" content=\"756\" \/>\n\t<meta property=\"og:image:height\" content=\"756\" \/>\n\t<meta property=\"og:image:type\" content=\"image\/jpeg\" \/>\n<meta name=\"author\" content=\"Yucat\u00e1n en Corto FC\" \/>\n<meta name=\"twitter:card\" content=\"summary_large_image\" \/>\n<meta name=\"twitter:creator\" content=\"@yucatanencorto\" \/>\n<meta name=\"twitter:site\" content=\"@yucatanencorto\" \/>\n<meta name=\"twitter:label1\" content=\"Escrito por\" \/>\n\t<meta name=\"twitter:data1\" content=\"Yucat\u00e1n en Corto FC\" \/>\n\t<meta name=\"twitter:label2\" content=\"Tiempo de lectura\" \/>\n\t<meta name=\"twitter:data2\" content=\"2 minutos\" \/>\n<script type=\"application\/ld+json\" class=\"yoast-schema-graph\">{\"@context\":\"https:\\\/\\\/schema.org\",\"@graph\":[{\"@type\":\"Article\",\"@id\":\"https:\\\/\\\/www.yucatanencorto.com\\\/noticias\\\/onda-tropical-provocara-lluvias-en-yucatan-a-partir-de-este-jueves\\\/#article\",\"isPartOf\":{\"@id\":\"https:\\\/\\\/www.yucatanencorto.com\\\/noticias\\\/onda-tropical-provocara-lluvias-en-yucatan-a-partir-de-este-jueves\\\/\"},\"author\":{\"name\":\"Yucat\u00e1n en Corto FC\",\"@id\":\"https:\\\/\\\/www.yucatanencorto.com\\\/noticias\\\/#\\\/schema\\\/person\\\/14f82d355225a1f4075dd84a31f45a72\"},\"headline\":\"Onda tropical provocar\u00e1 lluvias en Yucat\u00e1n, a partir de este jueves\",\"datePublished\":\"2022-08-16T21:56:07+00:00\",\"mainEntityOfPage\":{\"@id\":\"https:\\\/\\\/www.yucatanencorto.com\\\/noticias\\\/onda-tropical-provocara-lluvias-en-yucatan-a-partir-de-este-jueves\\\/\"},\"wordCount\":304,\"image\":{\"@id\":\"https:\\\/\\\/www.yucatanencorto.com\\\/noticias\\\/onda-tropical-provocara-lluvias-en-yucatan-a-partir-de-este-jueves\\\/#primaryimage\"},\"thumbnailUrl\":\"https:\\\/\\\/www.yucatanencorto.com\\\/noticias\\\/wp-content\\\/uploads\\\/2022\\\/08\\\/lluvias-aviso.jpg\",\"articleSection\":[\"Yucat\u00e1n\"],\"inLanguage\":\"es\"},{\"@type\":\"WebPage\",\"@id\":\"https:\\\/\\\/www.yucatanencorto.com\\\/noticias\\\/onda-tropical-provocara-lluvias-en-yucatan-a-partir-de-este-jueves\\\/\",\"url\":\"https:\\\/\\\/www.yucatanencorto.com\\\/noticias\\\/onda-tropical-provocara-lluvias-en-yucatan-a-partir-de-este-jueves\\\/\",\"name\":\"Onda tropical provocar\u00e1 lluvias en Yucat\u00e1n, a partir de este jueves - Yucat\u00e1n en corto\",\"isPartOf\":{\"@id\":\"https:\\\/\\\/www.yucatanencorto.com\\\/noticias\\\/#website\"},\"primaryImageOfPage\":{\"@id\":\"https:\\\/\\\/www.yucatanencorto.com\\\/noticias\\\/onda-tropical-provocara-lluvias-en-yucatan-a-partir-de-este-jueves\\\/#primaryimage\"},\"image\":{\"@id\":\"https:\\\/\\\/www.yucatanencorto.com\\\/noticias\\\/onda-tropical-provocara-lluvias-en-yucatan-a-partir-de-este-jueves\\\/#primaryimage\"},\"thumbnailUrl\":\"https:\\\/\\\/www.yucatanencorto.com\\\/noticias\\\/wp-content\\\/uploads\\\/2022\\\/08\\\/lluvias-aviso.jpg\",\"datePublished\":\"2022-08-16T21:56:07+00:00\",\"author\":{\"@id\":\"https:\\\/\\\/www.yucatanencorto.com\\\/noticias\\\/#\\\/schema\\\/person\\\/14f82d355225a1f4075dd84a31f45a72\"},\"breadcrumb\":{\"@id\":\"https:\\\/\\\/www.yucatanencorto.com\\\/noticias\\\/onda-tropical-provocara-lluvias-en-yucatan-a-partir-de-este-jueves\\\/#breadcrumb\"},\"inLanguage\":\"es\",\"potentialAction\":[{\"@type\":\"ReadAction\",\"target\":[\"https:\\\/\\\/www.yucatanencorto.com\\\/noticias\\\/onda-tropical-provocara-lluvias-en-yucatan-a-partir-de-este-jueves\\\/\"]}]},{\"@type\":\"ImageObject\",\"inLanguage\":\"es\",\"@id\":\"https:\\\/\\\/www.yucatanencorto.com\\\/noticias\\\/onda-tropical-provocara-lluvias-en-yucatan-a-partir-de-este-jueves\\\/#primaryimage\",\"url\":\"https:\\\/\\\/www.yucatanencorto.com\\\/noticias\\\/wp-content\\\/uploads\\\/2022\\\/08\\\/lluvias-aviso.jpg\",\"contentUrl\":\"https:\\\/\\\/www.yucatanencorto.com\\\/noticias\\\/wp-content\\\/uploads\\\/2022\\\/08\\\/lluvias-aviso.jpg\",\"width\":756,\"height\":756},{\"@type\":\"BreadcrumbList\",\"@id\":\"https:\\\/\\\/www.yucatanencorto.com\\\/noticias\\\/onda-tropical-provocara-lluvias-en-yucatan-a-partir-de-este-jueves\\\/#breadcrumb\",\"itemListElement\":[{\"@type\":\"ListItem\",\"position\":1,\"name\":\"Portada\",\"item\":\"https:\\\/\\\/www.yucatanencorto.com\\\/noticias\\\/\"},{\"@type\":\"ListItem\",\"position\":2,\"name\":\"Onda tropical provocar\u00e1 lluvias en Yucat\u00e1n, a partir de este jueves\"}]},{\"@type\":\"WebSite\",\"@id\":\"https:\\\/\\\/www.yucatanencorto.com\\\/noticias\\\/#website\",\"url\":\"https:\\\/\\\/www.yucatanencorto.com\\\/noticias\\\/\",\"name\":\"Yucat\u00e1n en corto\",\"description\":\"Noticias\",\"potentialAction\":[{\"@type\":\"SearchAction\",\"target\":{\"@type\":\"EntryPoint\",\"urlTemplate\":\"https:\\\/\\\/www.yucatanencorto.com\\\/noticias\\\/?s={search_term_string}\"},\"query-input\":{\"@type\":\"PropertyValueSpecification\",\"valueRequired\":true,\"valueName\":\"search_term_string\"}}],\"inLanguage\":\"es\"},{\"@type\":\"Person\",\"@id\":\"https:\\\/\\\/www.yucatanencorto.com\\\/noticias\\\/#\\\/schema\\\/person\\\/14f82d355225a1f4075dd84a31f45a72\",\"name\":\"Yucat\u00e1n en Corto FC\",\"image\":{\"@type\":\"ImageObject\",\"inLanguage\":\"es\",\"@id\":\"https:\\\/\\\/secure.gravatar.com\\\/avatar\\\/147d4b30cd728c53c29c49a3f7834dedca33707f4cd259761355846009a88250?s=96&d=mm&r=g\",\"url\":\"https:\\\/\\\/secure.gravatar.com\\\/avatar\\\/147d4b30cd728c53c29c49a3f7834dedca33707f4cd259761355846009a88250?s=96&d=mm&r=g\",\"contentUrl\":\"https:\\\/\\\/secure.gravatar.com\\\/avatar\\\/147d4b30cd728c53c29c49a3f7834dedca33707f4cd259761355846009a88250?s=96&d=mm&r=g\",\"caption\":\"Yucat\u00e1n en Corto FC\"},\"url\":\"https:\\\/\\\/www.yucatanencorto.com\\\/noticias\\\/author\\\/flor\\\/\"}]}<\/script>\n<!-- \/ Yoast SEO plugin. -->","yoast_head_json":{"title":"Onda tropical provocar\u00e1 lluvias en Yucat\u00e1n, a partir de este jueves - Yucat\u00e1n en corto","robots":{"index":"index","follow":"follow","max-snippet":"max-snippet:-1","max-image-preview":"max-image-preview:large","max-video-preview":"max-video-preview:-1"},"canonical":"https:\/\/www.yucatanencorto.com\/noticias\/onda-tropical-provocara-lluvias-en-yucatan-a-partir-de-este-jueves\/","og_locale":"es_ES","og_type":"article","og_title":"Onda tropical provocar\u00e1 lluvias en Yucat\u00e1n, a partir de este jueves - Yucat\u00e1n en corto","og_description":"Se aproxima a Yucat\u00e1n una onda tropical que provocar\u00e1 lluvias de variada intensidad, a partir de este jueves, aunque es baja la probabilidad de que se convierta en un cicl\u00f3n, inform\u00f3 la administraci\u00f3n que encabeza el Gobernador Mauricio Vila Dosal, a trav\u00e9s de la Coordinaci\u00f3n Estatal de Protecci\u00f3n Civil (Procivy). Mediante el Servicio de Monitoreo [&hellip;]","og_url":"https:\/\/www.yucatanencorto.com\/noticias\/onda-tropical-provocara-lluvias-en-yucatan-a-partir-de-este-jueves\/","og_site_name":"Yucat\u00e1n en corto","article_publisher":"http:\/\/www.facebook.com\/yucatanencorto","article_published_time":"2022-08-16T21:56:07+00:00","og_image":[{"width":756,"height":756,"url":"https:\/\/www.yucatanencorto.com\/noticias\/wp-content\/uploads\/2022\/08\/lluvias-aviso.jpg","type":"image\/jpeg"}],"author":"Yucat\u00e1n en Corto FC","twitter_card":"summary_large_image","twitter_creator":"@yucatanencorto","twitter_site":"@yucatanencorto","twitter_misc":{"Escrito por":"Yucat\u00e1n en Corto FC","Tiempo de lectura":"2 minutos"},"schema":{"@context":"https:\/\/schema.org","@graph":[{"@type":"Article","@id":"https:\/\/www.yucatanencorto.com\/noticias\/onda-tropical-provocara-lluvias-en-yucatan-a-partir-de-este-jueves\/#article","isPartOf":{"@id":"https:\/\/www.yucatanencorto.com\/noticias\/onda-tropical-provocara-lluvias-en-yucatan-a-partir-de-este-jueves\/"},"author":{"name":"Yucat\u00e1n en Corto FC","@id":"https:\/\/www.yucatanencorto.com\/noticias\/#\/schema\/person\/14f82d355225a1f4075dd84a31f45a72"},"headline":"Onda tropical provocar\u00e1 lluvias en Yucat\u00e1n, a partir de este jueves","datePublished":"2022-08-16T21:56:07+00:00","mainEntityOfPage":{"@id":"https:\/\/www.yucatanencorto.com\/noticias\/onda-tropical-provocara-lluvias-en-yucatan-a-partir-de-este-jueves\/"},"wordCount":304,"image":{"@id":"https:\/\/www.yucatanencorto.com\/noticias\/onda-tropical-provocara-lluvias-en-yucatan-a-partir-de-este-jueves\/#primaryimage"},"thumbnailUrl":"https:\/\/www.yucatanencorto.com\/noticias\/wp-content\/uploads\/2022\/08\/lluvias-aviso.jpg","articleSection":["Yucat\u00e1n"],"inLanguage":"es"},{"@type":"WebPage","@id":"https:\/\/www.yucatanencorto.com\/noticias\/onda-tropical-provocara-lluvias-en-yucatan-a-partir-de-este-jueves\/","url":"https:\/\/www.yucatanencorto.com\/noticias\/onda-tropical-provocara-lluvias-en-yucatan-a-partir-de-este-jueves\/","name":"Onda tropical provocar\u00e1 lluvias en Yucat\u00e1n, a partir de este jueves - Yucat\u00e1n en corto","isPartOf":{"@id":"https:\/\/www.yucatanencorto.com\/noticias\/#website"},"primaryImageOfPage":{"@id":"https:\/\/www.yucatanencorto.com\/noticias\/onda-tropical-provocara-lluvias-en-yucatan-a-partir-de-este-jueves\/#primaryimage"},"image":{"@id":"https:\/\/www.yucatanencorto.com\/noticias\/onda-tropical-provocara-lluvias-en-yucatan-a-partir-de-este-jueves\/#primaryimage"},"thumbnailUrl":"https:\/\/www.yucatanencorto.com\/noticias\/wp-content\/uploads\/2022\/08\/lluvias-aviso.jpg","datePublished":"2022-08-16T21:56:07+00:00","author":{"@id":"https:\/\/www.yucatanencorto.com\/noticias\/#\/schema\/person\/14f82d355225a1f4075dd84a31f45a72"},"breadcrumb":{"@id":"https:\/\/www.yucatanencorto.com\/noticias\/onda-tropical-provocara-lluvias-en-yucatan-a-partir-de-este-jueves\/#breadcrumb"},"inLanguage":"es","potentialAction":[{"@type":"ReadAction","target":["https:\/\/www.yucatanencorto.com\/noticias\/onda-tropical-provocara-lluvias-en-yucatan-a-partir-de-este-jueves\/"]}]},{"@type":"ImageObject","inLanguage":"es","@id":"https:\/\/www.yucatanencorto.com\/noticias\/onda-tropical-provocara-lluvias-en-yucatan-a-partir-de-este-jueves\/#primaryimage","url":"https:\/\/www.yucatanencorto.com\/noticias\/wp-content\/uploads\/2022\/08\/lluvias-aviso.jpg","contentUrl":"https:\/\/www.yucatanencorto.com\/noticias\/wp-content\/uploads\/2022\/08\/lluvias-aviso.jpg","width":756,"height":756},{"@type":"BreadcrumbList","@id":"https:\/\/www.yucatanencorto.com\/noticias\/onda-tropical-provocara-lluvias-en-yucatan-a-partir-de-este-jueves\/#breadcrumb","itemListElement":[{"@type":"ListItem","position":1,"name":"Portada","item":"https:\/\/www.yucatanencorto.com\/noticias\/"},{"@type":"ListItem","position":2,"name":"Onda tropical provocar\u00e1 lluvias en Yucat\u00e1n, a partir de este jueves"}]},{"@type":"WebSite","@id":"https:\/\/www.yucatanencorto.com\/noticias\/#website","url":"https:\/\/www.yucatanencorto.com\/noticias\/","name":"Yucat\u00e1n en corto","description":"Noticias","potentialAction":[{"@type":"SearchAction","target":{"@type":"EntryPoint","urlTemplate":"https:\/\/www.yucatanencorto.com\/noticias\/?s={search_term_string}"},"query-input":{"@type":"PropertyValueSpecification","valueRequired":true,"valueName":"search_term_string"}}],"inLanguage":"es"},{"@type":"Person","@id":"https:\/\/www.yucatanencorto.com\/noticias\/#\/schema\/person\/14f82d355225a1f4075dd84a31f45a72","name":"Yucat\u00e1n en Corto FC","image":{"@type":"ImageObject","inLanguage":"es","@id":"https:\/\/secure.gravatar.com\/avatar\/147d4b30cd728c53c29c49a3f7834dedca33707f4cd259761355846009a88250?s=96&d=mm&r=g","url":"https:\/\/secure.gravatar.com\/avatar\/147d4b30cd728c53c29c49a3f7834dedca33707f4cd259761355846009a88250?s=96&d=mm&r=g","contentUrl":"https:\/\/secure.gravatar.com\/avatar\/147d4b30cd728c53c29c49a3f7834dedca33707f4cd259761355846009a88250?s=96&d=mm&r=g","caption":"Yucat\u00e1n en Corto FC"},"url":"https:\/\/www.yucatanencorto.com\/noticias\/author\/flor\/"}]}},"_links":{"self":[{"href":"https:\/\/www.yucatanencorto.com\/noticias\/wp-json\/wp\/v2\/posts\/92752","targetHints":{"allow":["GET"]}}],"collection":[{"href":"https:\/\/www.yucatanencorto.com\/noticias\/wp-json\/wp\/v2\/posts"}],"about":[{"href":"https:\/\/www.yucatanencorto.com\/noticias\/wp-json\/wp\/v2\/types\/post"}],"author":[{"embeddable":true,"href":"https:\/\/www.yucatanencorto.com\/noticias\/wp-json\/wp\/v2\/users\/2"}],"replies":[{"embeddable":true,"href":"https:\/\/www.yucatanencorto.com\/noticias\/wp-json\/wp\/v2\/comments?post=92752"}],"version-history":[{"count":0,"href":"https:\/\/www.yucatanencorto.com\/noticias\/wp-json\/wp\/v2\/posts\/92752\/revisions"}],"wp:featuredmedia":[{"embeddable":true,"href":"https:\/\/www.yucatanencorto.com\/noticias\/wp-json\/wp\/v2\/media\/92753"}],"wp:attachment":[{"href":"https:\/\/www.yucatanencorto.com\/noticias\/wp-json\/wp\/v2\/media?parent=92752"}],"wp:term":[{"taxonomy":"category","embeddable":true,"href":"https:\/\/www.yucatanencorto.com\/noticias\/wp-json\/wp\/v2\/categories?post=92752"},{"taxonomy":"post_tag","embeddable":true,"href":"https:\/\/www.yucatanencorto.com\/noticias\/wp-json\/wp\/v2\/tags?post=92752"}],"curies":[{"name":"wp","href":"https:\/\/api.w.org\/{rel}","templated":true}]}}