{"id":92758,"date":"2022-08-16T17:38:42","date_gmt":"2022-08-16T22:38:42","guid":{"rendered":"https:\/\/www.yucatanencorto.com\/noticias\/?p=92758"},"modified":"2022-08-16T17:38:42","modified_gmt":"2022-08-16T22:38:42","slug":"ponen-en-marcha-la-reconstruccion-del-centro-acuatico-rommel-pacheco-marrufo-y-las-canchas-de-fronton","status":"publish","type":"post","link":"https:\/\/www.yucatanencorto.com\/noticias\/ponen-en-marcha-la-reconstruccion-del-centro-acuatico-rommel-pacheco-marrufo-y-las-canchas-de-fronton\/","title":{"rendered":"Ponen en marcha la reconstrucci\u00f3n del Centro Acu\u00e1tico \u201cRommel Pacheco Marrufo\u201d y las canchas de front\u00f3n."},"content":{"rendered":"<p><img loading=\"lazy\" decoding=\"async\" class=\"alignnone size-full wp-image-92759\" src=\"https:\/\/www.yucatanencorto.com\/noticias\/wp-content\/uploads\/2022\/08\/IMG-20220816-WA0012-scaled.jpg\" alt=\"\" width=\"768\" height=\"512\" srcset=\"https:\/\/www.yucatanencorto.com\/noticias\/wp-content\/uploads\/2022\/08\/IMG-20220816-WA0012-scaled.jpg 768w, https:\/\/www.yucatanencorto.com\/noticias\/wp-content\/uploads\/2022\/08\/IMG-20220816-WA0012-696x464.jpg 696w, https:\/\/www.yucatanencorto.com\/noticias\/wp-content\/uploads\/2022\/08\/IMG-20220816-WA0012-1068x712.jpg 1068w, https:\/\/www.yucatanencorto.com\/noticias\/wp-content\/uploads\/2022\/08\/IMG-20220816-WA0012-630x420.jpg 630w\" sizes=\"auto, (max-width: 768px) 100vw, 768px\" \/><\/p>\n<p>M\u00e9rida, Yucat\u00e1n, 16 de agosto de 2022.- Talentos yucatecos podr\u00e1n practicar en espacios id\u00f3neos, m\u00e1s c\u00f3modos y funcionales, lo cual permitir\u00e1 mejorar su desempe\u00f1o en entrenamientos y competencias, con el mantenimiento del Centro de Alto Rendimiento Deportivo (CARD) y la reconstrucci\u00f3n, en la Unidad \u201cKukulk\u00e1n\u201d, del Centro Acu\u00e1tico \u201cRommel Pacheco Marrufo\u201d y las canchas de front\u00f3n, que impulsa el Gobernador Mauricio Vila Dosal, a trav\u00e9s de una inversi\u00f3n superior a 31.6 millones de pesos.<\/p>\n<p>&nbsp;<\/p>\n<p>Luego de que el Gobernador anunci\u00f3 estas obras el pasado 1 de junio, durante el abanderamiento de 800 atletas y t\u00e9cnicos que participaron en las Olimpiadas de la Comisi\u00f3n Nacional de Cultura F\u00edsica y Deporte (Conade) 2022, este d\u00eda acudi\u00f3 al CARD para supervisar su remodelaci\u00f3n y la edificaci\u00f3n de un m\u00f3dulo de sanitarios para mujeres.<\/p>\n<p>&nbsp;<\/p>\n<p>Posteriormente, se dirigi\u00f3 hacia el \u201cKukulk\u00e1n\u201d para poner en marcha las labores correspondientes; al dirigir su mensaje, resalt\u00f3 la importancia de fomentar y brindar todas las condiciones para hacer deporte en la entidad, pues as\u00ed, ni\u00f1as, ni\u00f1os, j\u00f3venes y adolescentes aprenden valores, forman su car\u00e1cter, conocen gente y lo m\u00e1s importante: logran los cambios que el estado requiere.<\/p>\n<p>&nbsp;<\/p>\n<p>\u00abComo Gobierno estamos comprometidos con el deporte para que todo aquel que quiera practicarlo tenga la oportunidad y el espacio adecuado para hacerlo, y que tambi\u00e9n pueda acceder a la capacitaci\u00f3n para desarrollarse mejor en su disciplina y en la vida\u00bb, afirm\u00f3.<\/p>\n<p>&nbsp;<\/p>\n<p>En ese sentido, Vila Dosal indic\u00f3 que se rehabilitar\u00e1 los centros del ramo en el territorio, como estaba planeado antes de la pandemia, con la firme convicci\u00f3n de dar oportunidades a quienes quieran realizar actividad f\u00edsica, por lo que, el pr\u00f3ximo a\u00f1o, se retomar\u00e1 la intervenci\u00f3n a la Unidad \u201cBenito Ju\u00e1rez\u201d.<\/p>\n<p>&nbsp;<\/p>\n<p>Record\u00f3 que, luego de 2 a\u00f1os muy dif\u00edciles para los deportistas yucatecos por la pandemia y el paso de fen\u00f3menos naturales que ocasionaron da\u00f1os en sus instalaciones, ahora, su administraci\u00f3n responde a estas necesidades para que la ni\u00f1ez, adolescencia y talentos locales tengan d\u00f3nde desarrollarse.<\/p>\n<p>&nbsp;<\/p>\n<p>Sobre el CARD, indic\u00f3 que a todos los inconvenientes causados por el tiempo que se mantuvo cerrado, por las contingencias sanitaria y meteorol\u00f3gicas, se suma que este edificio se construy\u00f3 hace 59 a\u00f1os, por lo que estos trabajos ya se hab\u00edan vuelto indispensables para su funcionamiento.<\/p>\n<p>&nbsp;<\/p>\n<p>\u00abVamos a seguir con estos proyectos, mejorando poco a poco la infraestructura deportiva del estado, en favor de la comunidad deportiva de la entidad, las ni\u00f1as, los ni\u00f1os y adolescentes de Yucat\u00e1n\u00bb, destac\u00f3 el Gobernador, ante atletas, entrenadores y padres de familia.<\/p>\n<p>&nbsp;<\/p>\n<p>A su vez, el alcalde de M\u00e9rida, Ren\u00e1n Barrera Concha, inform\u00f3 que, en la presente administraci\u00f3n, se cre\u00f3 la Secretar\u00eda Municipal del Deporte, que suma al impulso que el Gobierno del Estado brinda para promover una vida saludable, a trav\u00e9s de la pr\u00e1ctica de diversas disciplinas.<\/p>\n<p>&nbsp;<\/p>\n<p>Se\u00f1al\u00f3 que el Ayuntamiento trabaja en sinergia con el Ejecutivo, para dotar de mejor infraestructura a la ciudad; as\u00ed cuenta con siete unidades municipales, que atienden a un promedio de 2,400 personas al d\u00eda, aproximadamente 72,000 mensuales, que reciben clases variadas.<\/p>\n<p>&nbsp;<\/p>\n<p>\u00abEl papel del deporte en la salud y el bienestar general de la poblaci\u00f3n est\u00e1 fuera de toda duda, y tanto el Gobierno del Estado como el municipio enfocamos buena parte de nuestros esfuerzos en ofrecer una mejor infraestructura y m\u00e1s oportunidades para la pr\u00e1ctica de alguna disciplina\u00bb, expres\u00f3.<\/p>\n<p>&nbsp;<\/p>\n<p>Barrera Concha a\u00f1adi\u00f3 que la comuna opera junto con los mismos jugadores, para fortalecer y ampliar el radio de acci\u00f3n de la Liga Meridana de B\u00e9isbol, en la cual, ahora, participan equipos provenientes de Tixkokob, Um\u00e1n, Uc\u00fa y Chicxulub Pueblo.<\/p>\n<p>&nbsp;<\/p>\n<p>Por su parte, el diputado local Rommel Pacheco Marrufo, quien da nombre al Centro Acu\u00e1tico en cuesti\u00f3n, por su trayectoria y logros como atleta ol\u00edmpico, agradeci\u00f3 a Vila Dosal por sus esfuerzos para atender los requerimientos de este sector, ya que apostar por el deporte es una buena inversi\u00f3n, que previene enfermedades y delitos, fomenta valores y hace mejores a las personas.<\/p>\n<p>&nbsp;<\/p>\n<p>Mediante la erogaci\u00f3n de m\u00e1s de 14 millones de pesos, este espacio permitir\u00e1 a las y los alumnos estudiar en un sistema semiescolarizado mientras se preparan para competir; as\u00ed, se impulsa el talento que se forma en este recinto, del cual han surgido importantes figuras, que han representado a la entidad y a M\u00e9xico en prestigiosas contiendas.<\/p>\n<p>&nbsp;<\/p>\n<p>Entre las acciones, destacan las adaptaciones para garantizar la accesibilidad de personas con alg\u00fan requerimiento de movilidad; remodelaci\u00f3n de cocina y sanitarios con regaderas; sustituci\u00f3n de reflectores en el techo; construcci\u00f3n de ba\u00f1os en el \u00e1rea de dormitorios; mantenimiento en la bodega de alimentos; pintura general y murales nuevos; impermeabilizaci\u00f3n, y cambio de luminarias, puertas y canceler\u00eda.<\/p>\n<p>&nbsp;<\/p>\n<p>Actualmente, hay 112 estudiantes matriculados en sexto grado de primaria, as\u00ed como secundaria y preparatoria, aunque el CARD tiene cupo m\u00e1ximo para 210 alumnos y 50 internos; principalmente, son del interior del estado, que pueden estudiar y dormir en el lugar. Debido a la pandemia y estas labores, el curso pasado se imparti\u00f3 en l\u00ednea y se espera que esta obra se termine antes que el 2022.<\/p>\n<p>&nbsp;<\/p>\n<p>Sus integrantes practican atletismo, canotaje, clavados, esgrima, gimnasia r\u00edtmica y de trampol\u00edn, judo, levantamiento de pesas, nataci\u00f3n, nados sincronizado y paraol\u00edmpico, tenis de mesa, tiro deportivo y con arco, tae kwon do y boxeo.<\/p>\n<p>&nbsp;<\/p>\n<p>Con el ejercicio de 17.6 millones de pesos en el Complejo \u201cKukulk\u00e1n\u00bb, concretamente en el Centro Acu\u00e1tico y la zona de front\u00f3n, se lograr\u00e1 que la comunidad y usuarios vuelvan a disfrutar los deportes que se desarrollan en estas instalaciones, con beneficios para 45,252 personas.<\/p>\n<p>&nbsp;<\/p>\n<p>Igual, se contribuir\u00e1 con la formaci\u00f3n de atletas de alto rendimiento, pues seguir\u00e1 funcionando como un espacio para competencias nacionales e internacionales, y ayudar\u00e1 a que mejoren su calidad de vida y la de sus familias, al obtener resultados positivos en el tema de la salud tanto f\u00edsica como mental.<\/p>\n<p>&nbsp;<\/p>\n<p>Dentro del \u201cRommel Pacheco\u201d se dar\u00e1 mantenimiento a la cubierta a trav\u00e9s del cambio y la reposici\u00f3n de l\u00e1minas; pintura en estructura e iluminaci\u00f3n, toda vez que, tras el paso de huracanes y tormentas, el a\u00f1o pasado, este sitio sufri\u00f3 varios da\u00f1os que imped\u00edan una correcta preparaci\u00f3n para sus usuarios.<\/p>\n<p>&nbsp;<\/p>\n<p>Finalmente, en la cancha de front\u00f3n, que sufri\u00f3 afectaciones por la ca\u00edda de l\u00e1minas del Centro Acu\u00e1tico, se trabajar\u00e1 en la mejora y reposici\u00f3n de la estructura met\u00e1lica de soporte; suministro y colocaci\u00f3n de la red de protecci\u00f3n superior; instalaci\u00f3n de nueva malla cicl\u00f3nica en las zonas da\u00f1adas y faltantes; pintura en los muros, y cambio de luminarias.<\/p>\n","protected":false},"excerpt":{"rendered":"<p>M\u00e9rida, Yucat\u00e1n, 16 de agosto de 2022.- Talentos yucatecos podr\u00e1n practicar en espacios id\u00f3neos, m\u00e1s c\u00f3modos y funcionales, lo cual permitir\u00e1 mejorar su desempe\u00f1o en entrenamientos y competencias, con el mantenimiento del Centro de Alto Rendimiento Deportivo (CARD) y la reconstrucci\u00f3n, en la Unidad \u201cKukulk\u00e1n\u201d, del Centro Acu\u00e1tico \u201cRommel Pacheco Marrufo\u201d y las canchas de [&hellip;]<\/p>\n","protected":false},"author":2,"featured_media":92759,"comment_status":"closed","ping_status":"closed","sticky":false,"template":"","format":"standard","meta":{"footnotes":""},"categories":[3],"tags":[],"class_list":{"0":"post-92758","1":"post","2":"type-post","3":"status-publish","4":"format-standard","5":"has-post-thumbnail","7":"category-yucatan"},"yoast_head":"<!-- This site is optimized with the Yoast SEO plugin v27.5 - https:\/\/yoast.com\/product\/yoast-seo-wordpress\/ -->\n<title>Ponen en marcha la reconstrucci\u00f3n del Centro Acu\u00e1tico \u201cRommel Pacheco Marrufo\u201d y las canchas de front\u00f3n. - Yucat\u00e1n en corto<\/title>\n<meta name=\"robots\" content=\"index, follow, max-snippet:-1, max-image-preview:large, max-video-preview:-1\" \/>\n<link rel=\"canonical\" href=\"https:\/\/www.yucatanencorto.com\/noticias\/ponen-en-marcha-la-reconstruccion-del-centro-acuatico-rommel-pacheco-marrufo-y-las-canchas-de-fronton\/\" \/>\n<meta property=\"og:locale\" content=\"es_ES\" \/>\n<meta property=\"og:type\" content=\"article\" \/>\n<meta property=\"og:title\" content=\"Ponen en marcha la reconstrucci\u00f3n del Centro Acu\u00e1tico \u201cRommel Pacheco Marrufo\u201d y las canchas de front\u00f3n. - Yucat\u00e1n en corto\" \/>\n<meta property=\"og:description\" content=\"M\u00e9rida, Yucat\u00e1n, 16 de agosto de 2022.- Talentos yucatecos podr\u00e1n practicar en espacios id\u00f3neos, m\u00e1s c\u00f3modos y funcionales, lo cual permitir\u00e1 mejorar su desempe\u00f1o en entrenamientos y competencias, con el mantenimiento del Centro de Alto Rendimiento Deportivo (CARD) y la reconstrucci\u00f3n, en la Unidad \u201cKukulk\u00e1n\u201d, del Centro Acu\u00e1tico \u201cRommel Pacheco Marrufo\u201d y las canchas de [&hellip;]\" \/>\n<meta property=\"og:url\" content=\"https:\/\/www.yucatanencorto.com\/noticias\/ponen-en-marcha-la-reconstruccion-del-centro-acuatico-rommel-pacheco-marrufo-y-las-canchas-de-fronton\/\" \/>\n<meta property=\"og:site_name\" content=\"Yucat\u00e1n en corto\" \/>\n<meta property=\"article:publisher\" content=\"http:\/\/www.facebook.com\/yucatanencorto\" \/>\n<meta property=\"article:published_time\" content=\"2022-08-16T22:38:42+00:00\" \/>\n<meta property=\"og:image\" content=\"https:\/\/www.yucatanencorto.com\/noticias\/wp-content\/uploads\/2022\/08\/IMG-20220816-WA0012-scaled.jpg\" \/>\n\t<meta property=\"og:image:width\" content=\"768\" \/>\n\t<meta property=\"og:image:height\" content=\"512\" \/>\n\t<meta property=\"og:image:type\" content=\"image\/jpeg\" \/>\n<meta name=\"author\" content=\"Yucat\u00e1n en Corto FC\" \/>\n<meta name=\"twitter:card\" content=\"summary_large_image\" \/>\n<meta name=\"twitter:creator\" content=\"@yucatanencorto\" \/>\n<meta name=\"twitter:site\" content=\"@yucatanencorto\" \/>\n<meta name=\"twitter:label1\" content=\"Escrito por\" \/>\n\t<meta name=\"twitter:data1\" content=\"Yucat\u00e1n en Corto FC\" \/>\n\t<meta name=\"twitter:label2\" content=\"Tiempo de lectura\" \/>\n\t<meta name=\"twitter:data2\" content=\"6 minutos\" \/>\n<script type=\"application\/ld+json\" class=\"yoast-schema-graph\">{\"@context\":\"https:\\\/\\\/schema.org\",\"@graph\":[{\"@type\":\"Article\",\"@id\":\"https:\\\/\\\/www.yucatanencorto.com\\\/noticias\\\/ponen-en-marcha-la-reconstruccion-del-centro-acuatico-rommel-pacheco-marrufo-y-las-canchas-de-fronton\\\/#article\",\"isPartOf\":{\"@id\":\"https:\\\/\\\/www.yucatanencorto.com\\\/noticias\\\/ponen-en-marcha-la-reconstruccion-del-centro-acuatico-rommel-pacheco-marrufo-y-las-canchas-de-fronton\\\/\"},\"author\":{\"name\":\"Yucat\u00e1n en Corto FC\",\"@id\":\"https:\\\/\\\/www.yucatanencorto.com\\\/noticias\\\/#\\\/schema\\\/person\\\/14f82d355225a1f4075dd84a31f45a72\"},\"headline\":\"Ponen en marcha la reconstrucci\u00f3n del Centro Acu\u00e1tico \u201cRommel Pacheco Marrufo\u201d y las canchas de front\u00f3n.\",\"datePublished\":\"2022-08-16T22:38:42+00:00\",\"mainEntityOfPage\":{\"@id\":\"https:\\\/\\\/www.yucatanencorto.com\\\/noticias\\\/ponen-en-marcha-la-reconstruccion-del-centro-acuatico-rommel-pacheco-marrufo-y-las-canchas-de-fronton\\\/\"},\"wordCount\":1199,\"image\":{\"@id\":\"https:\\\/\\\/www.yucatanencorto.com\\\/noticias\\\/ponen-en-marcha-la-reconstruccion-del-centro-acuatico-rommel-pacheco-marrufo-y-las-canchas-de-fronton\\\/#primaryimage\"},\"thumbnailUrl\":\"https:\\\/\\\/www.yucatanencorto.com\\\/noticias\\\/wp-content\\\/uploads\\\/2022\\\/08\\\/IMG-20220816-WA0012-scaled.jpg\",\"articleSection\":[\"Yucat\u00e1n\"],\"inLanguage\":\"es\"},{\"@type\":\"WebPage\",\"@id\":\"https:\\\/\\\/www.yucatanencorto.com\\\/noticias\\\/ponen-en-marcha-la-reconstruccion-del-centro-acuatico-rommel-pacheco-marrufo-y-las-canchas-de-fronton\\\/\",\"url\":\"https:\\\/\\\/www.yucatanencorto.com\\\/noticias\\\/ponen-en-marcha-la-reconstruccion-del-centro-acuatico-rommel-pacheco-marrufo-y-las-canchas-de-fronton\\\/\",\"name\":\"Ponen en marcha la reconstrucci\u00f3n del Centro Acu\u00e1tico \u201cRommel Pacheco Marrufo\u201d y las canchas de front\u00f3n. - Yucat\u00e1n en corto\",\"isPartOf\":{\"@id\":\"https:\\\/\\\/www.yucatanencorto.com\\\/noticias\\\/#website\"},\"primaryImageOfPage\":{\"@id\":\"https:\\\/\\\/www.yucatanencorto.com\\\/noticias\\\/ponen-en-marcha-la-reconstruccion-del-centro-acuatico-rommel-pacheco-marrufo-y-las-canchas-de-fronton\\\/#primaryimage\"},\"image\":{\"@id\":\"https:\\\/\\\/www.yucatanencorto.com\\\/noticias\\\/ponen-en-marcha-la-reconstruccion-del-centro-acuatico-rommel-pacheco-marrufo-y-las-canchas-de-fronton\\\/#primaryimage\"},\"thumbnailUrl\":\"https:\\\/\\\/www.yucatanencorto.com\\\/noticias\\\/wp-content\\\/uploads\\\/2022\\\/08\\\/IMG-20220816-WA0012-scaled.jpg\",\"datePublished\":\"2022-08-16T22:38:42+00:00\",\"author\":{\"@id\":\"https:\\\/\\\/www.yucatanencorto.com\\\/noticias\\\/#\\\/schema\\\/person\\\/14f82d355225a1f4075dd84a31f45a72\"},\"breadcrumb\":{\"@id\":\"https:\\\/\\\/www.yucatanencorto.com\\\/noticias\\\/ponen-en-marcha-la-reconstruccion-del-centro-acuatico-rommel-pacheco-marrufo-y-las-canchas-de-fronton\\\/#breadcrumb\"},\"inLanguage\":\"es\",\"potentialAction\":[{\"@type\":\"ReadAction\",\"target\":[\"https:\\\/\\\/www.yucatanencorto.com\\\/noticias\\\/ponen-en-marcha-la-reconstruccion-del-centro-acuatico-rommel-pacheco-marrufo-y-las-canchas-de-fronton\\\/\"]}]},{\"@type\":\"ImageObject\",\"inLanguage\":\"es\",\"@id\":\"https:\\\/\\\/www.yucatanencorto.com\\\/noticias\\\/ponen-en-marcha-la-reconstruccion-del-centro-acuatico-rommel-pacheco-marrufo-y-las-canchas-de-fronton\\\/#primaryimage\",\"url\":\"https:\\\/\\\/www.yucatanencorto.com\\\/noticias\\\/wp-content\\\/uploads\\\/2022\\\/08\\\/IMG-20220816-WA0012-scaled.jpg\",\"contentUrl\":\"https:\\\/\\\/www.yucatanencorto.com\\\/noticias\\\/wp-content\\\/uploads\\\/2022\\\/08\\\/IMG-20220816-WA0012-scaled.jpg\",\"width\":768,\"height\":512},{\"@type\":\"BreadcrumbList\",\"@id\":\"https:\\\/\\\/www.yucatanencorto.com\\\/noticias\\\/ponen-en-marcha-la-reconstruccion-del-centro-acuatico-rommel-pacheco-marrufo-y-las-canchas-de-fronton\\\/#breadcrumb\",\"itemListElement\":[{\"@type\":\"ListItem\",\"position\":1,\"name\":\"Portada\",\"item\":\"https:\\\/\\\/www.yucatanencorto.com\\\/noticias\\\/\"},{\"@type\":\"ListItem\",\"position\":2,\"name\":\"Ponen en marcha la reconstrucci\u00f3n del Centro Acu\u00e1tico \u201cRommel Pacheco Marrufo\u201d y las canchas de front\u00f3n.\"}]},{\"@type\":\"WebSite\",\"@id\":\"https:\\\/\\\/www.yucatanencorto.com\\\/noticias\\\/#website\",\"url\":\"https:\\\/\\\/www.yucatanencorto.com\\\/noticias\\\/\",\"name\":\"Yucat\u00e1n en corto\",\"description\":\"Noticias\",\"potentialAction\":[{\"@type\":\"SearchAction\",\"target\":{\"@type\":\"EntryPoint\",\"urlTemplate\":\"https:\\\/\\\/www.yucatanencorto.com\\\/noticias\\\/?s={search_term_string}\"},\"query-input\":{\"@type\":\"PropertyValueSpecification\",\"valueRequired\":true,\"valueName\":\"search_term_string\"}}],\"inLanguage\":\"es\"},{\"@type\":\"Person\",\"@id\":\"https:\\\/\\\/www.yucatanencorto.com\\\/noticias\\\/#\\\/schema\\\/person\\\/14f82d355225a1f4075dd84a31f45a72\",\"name\":\"Yucat\u00e1n en Corto FC\",\"image\":{\"@type\":\"ImageObject\",\"inLanguage\":\"es\",\"@id\":\"https:\\\/\\\/secure.gravatar.com\\\/avatar\\\/147d4b30cd728c53c29c49a3f7834dedca33707f4cd259761355846009a88250?s=96&d=mm&r=g\",\"url\":\"https:\\\/\\\/secure.gravatar.com\\\/avatar\\\/147d4b30cd728c53c29c49a3f7834dedca33707f4cd259761355846009a88250?s=96&d=mm&r=g\",\"contentUrl\":\"https:\\\/\\\/secure.gravatar.com\\\/avatar\\\/147d4b30cd728c53c29c49a3f7834dedca33707f4cd259761355846009a88250?s=96&d=mm&r=g\",\"caption\":\"Yucat\u00e1n en Corto FC\"},\"url\":\"https:\\\/\\\/www.yucatanencorto.com\\\/noticias\\\/author\\\/flor\\\/\"}]}<\/script>\n<!-- \/ Yoast SEO plugin. -->","yoast_head_json":{"title":"Ponen en marcha la reconstrucci\u00f3n del Centro Acu\u00e1tico \u201cRommel Pacheco Marrufo\u201d y las canchas de front\u00f3n. - Yucat\u00e1n en corto","robots":{"index":"index","follow":"follow","max-snippet":"max-snippet:-1","max-image-preview":"max-image-preview:large","max-video-preview":"max-video-preview:-1"},"canonical":"https:\/\/www.yucatanencorto.com\/noticias\/ponen-en-marcha-la-reconstruccion-del-centro-acuatico-rommel-pacheco-marrufo-y-las-canchas-de-fronton\/","og_locale":"es_ES","og_type":"article","og_title":"Ponen en marcha la reconstrucci\u00f3n del Centro Acu\u00e1tico \u201cRommel Pacheco Marrufo\u201d y las canchas de front\u00f3n. - Yucat\u00e1n en corto","og_description":"M\u00e9rida, Yucat\u00e1n, 16 de agosto de 2022.- Talentos yucatecos podr\u00e1n practicar en espacios id\u00f3neos, m\u00e1s c\u00f3modos y funcionales, lo cual permitir\u00e1 mejorar su desempe\u00f1o en entrenamientos y competencias, con el mantenimiento del Centro de Alto Rendimiento Deportivo (CARD) y la reconstrucci\u00f3n, en la Unidad \u201cKukulk\u00e1n\u201d, del Centro Acu\u00e1tico \u201cRommel Pacheco Marrufo\u201d y las canchas de [&hellip;]","og_url":"https:\/\/www.yucatanencorto.com\/noticias\/ponen-en-marcha-la-reconstruccion-del-centro-acuatico-rommel-pacheco-marrufo-y-las-canchas-de-fronton\/","og_site_name":"Yucat\u00e1n en corto","article_publisher":"http:\/\/www.facebook.com\/yucatanencorto","article_published_time":"2022-08-16T22:38:42+00:00","og_image":[{"width":768,"height":512,"url":"https:\/\/www.yucatanencorto.com\/noticias\/wp-content\/uploads\/2022\/08\/IMG-20220816-WA0012-scaled.jpg","type":"image\/jpeg"}],"author":"Yucat\u00e1n en Corto FC","twitter_card":"summary_large_image","twitter_creator":"@yucatanencorto","twitter_site":"@yucatanencorto","twitter_misc":{"Escrito por":"Yucat\u00e1n en Corto FC","Tiempo de lectura":"6 minutos"},"schema":{"@context":"https:\/\/schema.org","@graph":[{"@type":"Article","@id":"https:\/\/www.yucatanencorto.com\/noticias\/ponen-en-marcha-la-reconstruccion-del-centro-acuatico-rommel-pacheco-marrufo-y-las-canchas-de-fronton\/#article","isPartOf":{"@id":"https:\/\/www.yucatanencorto.com\/noticias\/ponen-en-marcha-la-reconstruccion-del-centro-acuatico-rommel-pacheco-marrufo-y-las-canchas-de-fronton\/"},"author":{"name":"Yucat\u00e1n en Corto FC","@id":"https:\/\/www.yucatanencorto.com\/noticias\/#\/schema\/person\/14f82d355225a1f4075dd84a31f45a72"},"headline":"Ponen en marcha la reconstrucci\u00f3n del Centro Acu\u00e1tico \u201cRommel Pacheco Marrufo\u201d y las canchas de front\u00f3n.","datePublished":"2022-08-16T22:38:42+00:00","mainEntityOfPage":{"@id":"https:\/\/www.yucatanencorto.com\/noticias\/ponen-en-marcha-la-reconstruccion-del-centro-acuatico-rommel-pacheco-marrufo-y-las-canchas-de-fronton\/"},"wordCount":1199,"image":{"@id":"https:\/\/www.yucatanencorto.com\/noticias\/ponen-en-marcha-la-reconstruccion-del-centro-acuatico-rommel-pacheco-marrufo-y-las-canchas-de-fronton\/#primaryimage"},"thumbnailUrl":"https:\/\/www.yucatanencorto.com\/noticias\/wp-content\/uploads\/2022\/08\/IMG-20220816-WA0012-scaled.jpg","articleSection":["Yucat\u00e1n"],"inLanguage":"es"},{"@type":"WebPage","@id":"https:\/\/www.yucatanencorto.com\/noticias\/ponen-en-marcha-la-reconstruccion-del-centro-acuatico-rommel-pacheco-marrufo-y-las-canchas-de-fronton\/","url":"https:\/\/www.yucatanencorto.com\/noticias\/ponen-en-marcha-la-reconstruccion-del-centro-acuatico-rommel-pacheco-marrufo-y-las-canchas-de-fronton\/","name":"Ponen en marcha la reconstrucci\u00f3n del Centro Acu\u00e1tico \u201cRommel Pacheco Marrufo\u201d y las canchas de front\u00f3n. - Yucat\u00e1n en corto","isPartOf":{"@id":"https:\/\/www.yucatanencorto.com\/noticias\/#website"},"primaryImageOfPage":{"@id":"https:\/\/www.yucatanencorto.com\/noticias\/ponen-en-marcha-la-reconstruccion-del-centro-acuatico-rommel-pacheco-marrufo-y-las-canchas-de-fronton\/#primaryimage"},"image":{"@id":"https:\/\/www.yucatanencorto.com\/noticias\/ponen-en-marcha-la-reconstruccion-del-centro-acuatico-rommel-pacheco-marrufo-y-las-canchas-de-fronton\/#primaryimage"},"thumbnailUrl":"https:\/\/www.yucatanencorto.com\/noticias\/wp-content\/uploads\/2022\/08\/IMG-20220816-WA0012-scaled.jpg","datePublished":"2022-08-16T22:38:42+00:00","author":{"@id":"https:\/\/www.yucatanencorto.com\/noticias\/#\/schema\/person\/14f82d355225a1f4075dd84a31f45a72"},"breadcrumb":{"@id":"https:\/\/www.yucatanencorto.com\/noticias\/ponen-en-marcha-la-reconstruccion-del-centro-acuatico-rommel-pacheco-marrufo-y-las-canchas-de-fronton\/#breadcrumb"},"inLanguage":"es","potentialAction":[{"@type":"ReadAction","target":["https:\/\/www.yucatanencorto.com\/noticias\/ponen-en-marcha-la-reconstruccion-del-centro-acuatico-rommel-pacheco-marrufo-y-las-canchas-de-fronton\/"]}]},{"@type":"ImageObject","inLanguage":"es","@id":"https:\/\/www.yucatanencorto.com\/noticias\/ponen-en-marcha-la-reconstruccion-del-centro-acuatico-rommel-pacheco-marrufo-y-las-canchas-de-fronton\/#primaryimage","url":"https:\/\/www.yucatanencorto.com\/noticias\/wp-content\/uploads\/2022\/08\/IMG-20220816-WA0012-scaled.jpg","contentUrl":"https:\/\/www.yucatanencorto.com\/noticias\/wp-content\/uploads\/2022\/08\/IMG-20220816-WA0012-scaled.jpg","width":768,"height":512},{"@type":"BreadcrumbList","@id":"https:\/\/www.yucatanencorto.com\/noticias\/ponen-en-marcha-la-reconstruccion-del-centro-acuatico-rommel-pacheco-marrufo-y-las-canchas-de-fronton\/#breadcrumb","itemListElement":[{"@type":"ListItem","position":1,"name":"Portada","item":"https:\/\/www.yucatanencorto.com\/noticias\/"},{"@type":"ListItem","position":2,"name":"Ponen en marcha la reconstrucci\u00f3n del Centro Acu\u00e1tico \u201cRommel Pacheco Marrufo\u201d y las canchas de front\u00f3n."}]},{"@type":"WebSite","@id":"https:\/\/www.yucatanencorto.com\/noticias\/#website","url":"https:\/\/www.yucatanencorto.com\/noticias\/","name":"Yucat\u00e1n en corto","description":"Noticias","potentialAction":[{"@type":"SearchAction","target":{"@type":"EntryPoint","urlTemplate":"https:\/\/www.yucatanencorto.com\/noticias\/?s={search_term_string}"},"query-input":{"@type":"PropertyValueSpecification","valueRequired":true,"valueName":"search_term_string"}}],"inLanguage":"es"},{"@type":"Person","@id":"https:\/\/www.yucatanencorto.com\/noticias\/#\/schema\/person\/14f82d355225a1f4075dd84a31f45a72","name":"Yucat\u00e1n en Corto FC","image":{"@type":"ImageObject","inLanguage":"es","@id":"https:\/\/secure.gravatar.com\/avatar\/147d4b30cd728c53c29c49a3f7834dedca33707f4cd259761355846009a88250?s=96&d=mm&r=g","url":"https:\/\/secure.gravatar.com\/avatar\/147d4b30cd728c53c29c49a3f7834dedca33707f4cd259761355846009a88250?s=96&d=mm&r=g","contentUrl":"https:\/\/secure.gravatar.com\/avatar\/147d4b30cd728c53c29c49a3f7834dedca33707f4cd259761355846009a88250?s=96&d=mm&r=g","caption":"Yucat\u00e1n en Corto FC"},"url":"https:\/\/www.yucatanencorto.com\/noticias\/author\/flor\/"}]}},"_links":{"self":[{"href":"https:\/\/www.yucatanencorto.com\/noticias\/wp-json\/wp\/v2\/posts\/92758","targetHints":{"allow":["GET"]}}],"collection":[{"href":"https:\/\/www.yucatanencorto.com\/noticias\/wp-json\/wp\/v2\/posts"}],"about":[{"href":"https:\/\/www.yucatanencorto.com\/noticias\/wp-json\/wp\/v2\/types\/post"}],"author":[{"embeddable":true,"href":"https:\/\/www.yucatanencorto.com\/noticias\/wp-json\/wp\/v2\/users\/2"}],"replies":[{"embeddable":true,"href":"https:\/\/www.yucatanencorto.com\/noticias\/wp-json\/wp\/v2\/comments?post=92758"}],"version-history":[{"count":0,"href":"https:\/\/www.yucatanencorto.com\/noticias\/wp-json\/wp\/v2\/posts\/92758\/revisions"}],"wp:featuredmedia":[{"embeddable":true,"href":"https:\/\/www.yucatanencorto.com\/noticias\/wp-json\/wp\/v2\/media\/92759"}],"wp:attachment":[{"href":"https:\/\/www.yucatanencorto.com\/noticias\/wp-json\/wp\/v2\/media?parent=92758"}],"wp:term":[{"taxonomy":"category","embeddable":true,"href":"https:\/\/www.yucatanencorto.com\/noticias\/wp-json\/wp\/v2\/categories?post=92758"},{"taxonomy":"post_tag","embeddable":true,"href":"https:\/\/www.yucatanencorto.com\/noticias\/wp-json\/wp\/v2\/tags?post=92758"}],"curies":[{"name":"wp","href":"https:\/\/api.w.org\/{rel}","templated":true}]}}