{"id":92762,"date":"2022-08-16T20:56:43","date_gmt":"2022-08-17T01:56:43","guid":{"rendered":"https:\/\/www.yucatanencorto.com\/noticias\/?p=92762"},"modified":"2022-08-16T20:56:43","modified_gmt":"2022-08-17T01:56:43","slug":"don-jose-librado-concha-casanova-de-santa-maria-cansahcab-festeja-en-grande-102-anos-de-vida","status":"publish","type":"post","link":"https:\/\/www.yucatanencorto.com\/noticias\/don-jose-librado-concha-casanova-de-santa-maria-cansahcab-festeja-en-grande-102-anos-de-vida\/","title":{"rendered":"DON JOS\u00c9 LIBRADO CONCHA CASANOVA, DE SANTA MAR\u00cdA, CANSAHCAB FESTEJA EN GRANDE 102 A\u00d1OS DE VIDA."},"content":{"rendered":"<p><img loading=\"lazy\" decoding=\"async\" class=\"alignnone size-full wp-image-92763\" src=\"https:\/\/www.yucatanencorto.com\/noticias\/wp-content\/uploads\/2022\/08\/IMG-20220816-WA0024-scaled.jpg\" alt=\"\" width=\"768\" height=\"575\" srcset=\"https:\/\/www.yucatanencorto.com\/noticias\/wp-content\/uploads\/2022\/08\/IMG-20220816-WA0024-scaled.jpg 768w, https:\/\/www.yucatanencorto.com\/noticias\/wp-content\/uploads\/2022\/08\/IMG-20220816-WA0024-696x521.jpg 696w, https:\/\/www.yucatanencorto.com\/noticias\/wp-content\/uploads\/2022\/08\/IMG-20220816-WA0024-1068x799.jpg 1068w, https:\/\/www.yucatanencorto.com\/noticias\/wp-content\/uploads\/2022\/08\/IMG-20220816-WA0024-561x420.jpg 561w, https:\/\/www.yucatanencorto.com\/noticias\/wp-content\/uploads\/2022\/08\/IMG-20220816-WA0024-80x60.jpg 80w, https:\/\/www.yucatanencorto.com\/noticias\/wp-content\/uploads\/2022\/08\/IMG-20220816-WA0024-265x198.jpg 265w\" sizes=\"auto, (max-width: 768px) 100vw, 768px\" \/><\/p>\n<p>Con una gran fiesta donde se reunieron m\u00e1s de 100 personas y una duraci\u00f3n de m\u00e1s de 8 horas, la familia de Don Jos\u00e9 Librado Concha Casanova celebr\u00f3 el cumplea\u00f1os No. 102 en el lugar que lo vio nacer, con la tem\u00e1tica de traje regional, estuvo ataviado con guayabera, pantal\u00f3n blanco, sombrero y sus tradicionales alpargatas, el festejo comenz\u00f3 desde el s\u00e1bado 13 de agosto con una misa en la Iglesia Santa Mar\u00eda de Guadalupe, acompa\u00f1ado de familiares y amigos.<\/p>\n<p>&nbsp;<\/p>\n<p>El domingo al mediod\u00eda se realiz\u00f3 un desfile con la charanga que lo acompa\u00f1\u00f3 con mestizas y mestizos que bailaron la tradicional jarana hasta llegar al Domo Municipal donde se presentaron bailes regionales por el especial acontecimiento, a ello se sum\u00f3 la presentaci\u00f3n de dos mariachis y un tecladista que se encargaron de amenizar la fiesta, a lo que \u00e9l no se quiso quedar con las ganas y se puso de pie para bailar una de las canciones que se estaban tocando, aunque estaba en una silla de ruedas para que no se fatigara, as\u00ed estuvo bailando con las mestizas que lo rodeaban, disfrutando su fiesta en todo momento.<\/p>\n<p>&nbsp;<\/p>\n<p>A Don L\u00ed le dicen \u201cPape\u201d o \u201cPap\u00e1 Grande\u201d de cari\u00f1o por sus hijos, nietos, bisnietos y tataranietos, naci\u00f3 un 17 de agosto de 1920 en la poblaci\u00f3n de Santa Mar\u00eda, Municipio de Cansahcab, Yucat\u00e1n, mayero y orgullosamente mestizo de pies a cabeza, es ferviente cat\u00f3lico, su fe le ha dado paz espiritual y fuerza para mantenerse l\u00facido y saludable durante estos a\u00f1os, don Librado es la cabeza de una gran familia, es un abuelo amoroso y un gran ejemplo a seguir para todos.<\/p>\n<p>&nbsp;<\/p>\n<p>Hijo de los se\u00f1ores Jos\u00e9 Vicente Concha May y la se\u00f1ora Mar\u00eda Mercedes Casanova Cen (Q.E.P.D) en su juventud se dedic\u00f3 a trabajar en la terracer\u00eda, fue pocero, albarrador y agricultor, siempre trabaj\u00f3 la tierra con lo que le dio sustento a la familia que form\u00f3 con la se\u00f1ora Martina Cutz T\u00fan (Q.E.P.D.) y sus 7 hijos: Martha y Jos\u00e9 Vicente (Q.E.P.D) Tula, Rita, Diony, Elvira y Flor.<\/p>\n<p>&nbsp;<\/p>\n<p>Bail\u00f3 vaquer\u00eda hasta los 75 a\u00f1os, es gran admirador y aficionado de los Leones de Yucat\u00e1n, como buen yucateco sigue viendo todos los juegos de b\u00e9isbol en la tele y no se va a dormir hasta que terminen los partidos.<\/p>\n<p>&nbsp;<\/p>\n<p>Fel\u00edz cumplea\u00f1os No. 102 al se\u00f1or Jos\u00e9 Librado Concha Casanova.<\/p>\n","protected":false},"excerpt":{"rendered":"<p>Con una gran fiesta donde se reunieron m\u00e1s de 100 personas y una duraci\u00f3n de m\u00e1s de 8 horas, la familia de Don Jos\u00e9 Librado Concha Casanova celebr\u00f3 el cumplea\u00f1os No. 102 en el lugar que lo vio nacer, con la tem\u00e1tica de traje regional, estuvo ataviado con guayabera, pantal\u00f3n blanco, sombrero y sus tradicionales [&hellip;]<\/p>\n","protected":false},"author":2,"featured_media":92763,"comment_status":"closed","ping_status":"closed","sticky":false,"template":"","format":"standard","meta":{"footnotes":""},"categories":[3],"tags":[],"class_list":{"0":"post-92762","1":"post","2":"type-post","3":"status-publish","4":"format-standard","5":"has-post-thumbnail","7":"category-yucatan"},"yoast_head":"<!-- This site is optimized with the Yoast SEO plugin v27.5 - https:\/\/yoast.com\/product\/yoast-seo-wordpress\/ -->\n<title>DON JOS\u00c9 LIBRADO CONCHA CASANOVA, DE SANTA MAR\u00cdA, CANSAHCAB FESTEJA EN GRANDE 102 A\u00d1OS DE VIDA. - Yucat\u00e1n en corto<\/title>\n<meta name=\"robots\" content=\"index, follow, max-snippet:-1, max-image-preview:large, max-video-preview:-1\" \/>\n<link rel=\"canonical\" href=\"https:\/\/www.yucatanencorto.com\/noticias\/don-jose-librado-concha-casanova-de-santa-maria-cansahcab-festeja-en-grande-102-anos-de-vida\/\" \/>\n<meta property=\"og:locale\" content=\"es_ES\" \/>\n<meta property=\"og:type\" content=\"article\" \/>\n<meta property=\"og:title\" content=\"DON JOS\u00c9 LIBRADO CONCHA CASANOVA, DE SANTA MAR\u00cdA, CANSAHCAB FESTEJA EN GRANDE 102 A\u00d1OS DE VIDA. - Yucat\u00e1n en corto\" \/>\n<meta property=\"og:description\" content=\"Con una gran fiesta donde se reunieron m\u00e1s de 100 personas y una duraci\u00f3n de m\u00e1s de 8 horas, la familia de Don Jos\u00e9 Librado Concha Casanova celebr\u00f3 el cumplea\u00f1os No. 102 en el lugar que lo vio nacer, con la tem\u00e1tica de traje regional, estuvo ataviado con guayabera, pantal\u00f3n blanco, sombrero y sus tradicionales [&hellip;]\" \/>\n<meta property=\"og:url\" content=\"https:\/\/www.yucatanencorto.com\/noticias\/don-jose-librado-concha-casanova-de-santa-maria-cansahcab-festeja-en-grande-102-anos-de-vida\/\" \/>\n<meta property=\"og:site_name\" content=\"Yucat\u00e1n en corto\" \/>\n<meta property=\"article:publisher\" content=\"http:\/\/www.facebook.com\/yucatanencorto\" \/>\n<meta property=\"article:published_time\" content=\"2022-08-17T01:56:43+00:00\" \/>\n<meta property=\"og:image\" content=\"https:\/\/www.yucatanencorto.com\/noticias\/wp-content\/uploads\/2022\/08\/IMG-20220816-WA0024-scaled.jpg\" \/>\n\t<meta property=\"og:image:width\" content=\"768\" \/>\n\t<meta property=\"og:image:height\" content=\"575\" \/>\n\t<meta property=\"og:image:type\" content=\"image\/jpeg\" \/>\n<meta name=\"author\" content=\"Yucat\u00e1n en Corto FC\" \/>\n<meta name=\"twitter:card\" content=\"summary_large_image\" \/>\n<meta name=\"twitter:creator\" content=\"@yucatanencorto\" \/>\n<meta name=\"twitter:site\" content=\"@yucatanencorto\" \/>\n<meta name=\"twitter:label1\" content=\"Escrito por\" \/>\n\t<meta name=\"twitter:data1\" content=\"Yucat\u00e1n en Corto FC\" \/>\n\t<meta name=\"twitter:label2\" content=\"Tiempo de lectura\" \/>\n\t<meta name=\"twitter:data2\" content=\"2 minutos\" \/>\n<script type=\"application\/ld+json\" class=\"yoast-schema-graph\">{\"@context\":\"https:\\\/\\\/schema.org\",\"@graph\":[{\"@type\":\"Article\",\"@id\":\"https:\\\/\\\/www.yucatanencorto.com\\\/noticias\\\/don-jose-librado-concha-casanova-de-santa-maria-cansahcab-festeja-en-grande-102-anos-de-vida\\\/#article\",\"isPartOf\":{\"@id\":\"https:\\\/\\\/www.yucatanencorto.com\\\/noticias\\\/don-jose-librado-concha-casanova-de-santa-maria-cansahcab-festeja-en-grande-102-anos-de-vida\\\/\"},\"author\":{\"name\":\"Yucat\u00e1n en Corto FC\",\"@id\":\"https:\\\/\\\/www.yucatanencorto.com\\\/noticias\\\/#\\\/schema\\\/person\\\/14f82d355225a1f4075dd84a31f45a72\"},\"headline\":\"DON JOS\u00c9 LIBRADO CONCHA CASANOVA, DE SANTA MAR\u00cdA, CANSAHCAB FESTEJA EN GRANDE 102 A\u00d1OS DE VIDA.\",\"datePublished\":\"2022-08-17T01:56:43+00:00\",\"mainEntityOfPage\":{\"@id\":\"https:\\\/\\\/www.yucatanencorto.com\\\/noticias\\\/don-jose-librado-concha-casanova-de-santa-maria-cansahcab-festeja-en-grande-102-anos-de-vida\\\/\"},\"wordCount\":444,\"image\":{\"@id\":\"https:\\\/\\\/www.yucatanencorto.com\\\/noticias\\\/don-jose-librado-concha-casanova-de-santa-maria-cansahcab-festeja-en-grande-102-anos-de-vida\\\/#primaryimage\"},\"thumbnailUrl\":\"https:\\\/\\\/www.yucatanencorto.com\\\/noticias\\\/wp-content\\\/uploads\\\/2022\\\/08\\\/IMG-20220816-WA0024-scaled.jpg\",\"articleSection\":[\"Yucat\u00e1n\"],\"inLanguage\":\"es\"},{\"@type\":\"WebPage\",\"@id\":\"https:\\\/\\\/www.yucatanencorto.com\\\/noticias\\\/don-jose-librado-concha-casanova-de-santa-maria-cansahcab-festeja-en-grande-102-anos-de-vida\\\/\",\"url\":\"https:\\\/\\\/www.yucatanencorto.com\\\/noticias\\\/don-jose-librado-concha-casanova-de-santa-maria-cansahcab-festeja-en-grande-102-anos-de-vida\\\/\",\"name\":\"DON JOS\u00c9 LIBRADO CONCHA CASANOVA, DE SANTA MAR\u00cdA, CANSAHCAB FESTEJA EN GRANDE 102 A\u00d1OS DE VIDA. - Yucat\u00e1n en corto\",\"isPartOf\":{\"@id\":\"https:\\\/\\\/www.yucatanencorto.com\\\/noticias\\\/#website\"},\"primaryImageOfPage\":{\"@id\":\"https:\\\/\\\/www.yucatanencorto.com\\\/noticias\\\/don-jose-librado-concha-casanova-de-santa-maria-cansahcab-festeja-en-grande-102-anos-de-vida\\\/#primaryimage\"},\"image\":{\"@id\":\"https:\\\/\\\/www.yucatanencorto.com\\\/noticias\\\/don-jose-librado-concha-casanova-de-santa-maria-cansahcab-festeja-en-grande-102-anos-de-vida\\\/#primaryimage\"},\"thumbnailUrl\":\"https:\\\/\\\/www.yucatanencorto.com\\\/noticias\\\/wp-content\\\/uploads\\\/2022\\\/08\\\/IMG-20220816-WA0024-scaled.jpg\",\"datePublished\":\"2022-08-17T01:56:43+00:00\",\"author\":{\"@id\":\"https:\\\/\\\/www.yucatanencorto.com\\\/noticias\\\/#\\\/schema\\\/person\\\/14f82d355225a1f4075dd84a31f45a72\"},\"breadcrumb\":{\"@id\":\"https:\\\/\\\/www.yucatanencorto.com\\\/noticias\\\/don-jose-librado-concha-casanova-de-santa-maria-cansahcab-festeja-en-grande-102-anos-de-vida\\\/#breadcrumb\"},\"inLanguage\":\"es\",\"potentialAction\":[{\"@type\":\"ReadAction\",\"target\":[\"https:\\\/\\\/www.yucatanencorto.com\\\/noticias\\\/don-jose-librado-concha-casanova-de-santa-maria-cansahcab-festeja-en-grande-102-anos-de-vida\\\/\"]}]},{\"@type\":\"ImageObject\",\"inLanguage\":\"es\",\"@id\":\"https:\\\/\\\/www.yucatanencorto.com\\\/noticias\\\/don-jose-librado-concha-casanova-de-santa-maria-cansahcab-festeja-en-grande-102-anos-de-vida\\\/#primaryimage\",\"url\":\"https:\\\/\\\/www.yucatanencorto.com\\\/noticias\\\/wp-content\\\/uploads\\\/2022\\\/08\\\/IMG-20220816-WA0024-scaled.jpg\",\"contentUrl\":\"https:\\\/\\\/www.yucatanencorto.com\\\/noticias\\\/wp-content\\\/uploads\\\/2022\\\/08\\\/IMG-20220816-WA0024-scaled.jpg\",\"width\":768,\"height\":575},{\"@type\":\"BreadcrumbList\",\"@id\":\"https:\\\/\\\/www.yucatanencorto.com\\\/noticias\\\/don-jose-librado-concha-casanova-de-santa-maria-cansahcab-festeja-en-grande-102-anos-de-vida\\\/#breadcrumb\",\"itemListElement\":[{\"@type\":\"ListItem\",\"position\":1,\"name\":\"Portada\",\"item\":\"https:\\\/\\\/www.yucatanencorto.com\\\/noticias\\\/\"},{\"@type\":\"ListItem\",\"position\":2,\"name\":\"DON JOS\u00c9 LIBRADO CONCHA CASANOVA, DE SANTA MAR\u00cdA, CANSAHCAB FESTEJA EN GRANDE 102 A\u00d1OS DE VIDA.\"}]},{\"@type\":\"WebSite\",\"@id\":\"https:\\\/\\\/www.yucatanencorto.com\\\/noticias\\\/#website\",\"url\":\"https:\\\/\\\/www.yucatanencorto.com\\\/noticias\\\/\",\"name\":\"Yucat\u00e1n en corto\",\"description\":\"Noticias\",\"potentialAction\":[{\"@type\":\"SearchAction\",\"target\":{\"@type\":\"EntryPoint\",\"urlTemplate\":\"https:\\\/\\\/www.yucatanencorto.com\\\/noticias\\\/?s={search_term_string}\"},\"query-input\":{\"@type\":\"PropertyValueSpecification\",\"valueRequired\":true,\"valueName\":\"search_term_string\"}}],\"inLanguage\":\"es\"},{\"@type\":\"Person\",\"@id\":\"https:\\\/\\\/www.yucatanencorto.com\\\/noticias\\\/#\\\/schema\\\/person\\\/14f82d355225a1f4075dd84a31f45a72\",\"name\":\"Yucat\u00e1n en Corto FC\",\"image\":{\"@type\":\"ImageObject\",\"inLanguage\":\"es\",\"@id\":\"https:\\\/\\\/secure.gravatar.com\\\/avatar\\\/147d4b30cd728c53c29c49a3f7834dedca33707f4cd259761355846009a88250?s=96&d=mm&r=g\",\"url\":\"https:\\\/\\\/secure.gravatar.com\\\/avatar\\\/147d4b30cd728c53c29c49a3f7834dedca33707f4cd259761355846009a88250?s=96&d=mm&r=g\",\"contentUrl\":\"https:\\\/\\\/secure.gravatar.com\\\/avatar\\\/147d4b30cd728c53c29c49a3f7834dedca33707f4cd259761355846009a88250?s=96&d=mm&r=g\",\"caption\":\"Yucat\u00e1n en Corto FC\"},\"url\":\"https:\\\/\\\/www.yucatanencorto.com\\\/noticias\\\/author\\\/flor\\\/\"}]}<\/script>\n<!-- \/ Yoast SEO plugin. -->","yoast_head_json":{"title":"DON JOS\u00c9 LIBRADO CONCHA CASANOVA, DE SANTA MAR\u00cdA, CANSAHCAB FESTEJA EN GRANDE 102 A\u00d1OS DE VIDA. - Yucat\u00e1n en corto","robots":{"index":"index","follow":"follow","max-snippet":"max-snippet:-1","max-image-preview":"max-image-preview:large","max-video-preview":"max-video-preview:-1"},"canonical":"https:\/\/www.yucatanencorto.com\/noticias\/don-jose-librado-concha-casanova-de-santa-maria-cansahcab-festeja-en-grande-102-anos-de-vida\/","og_locale":"es_ES","og_type":"article","og_title":"DON JOS\u00c9 LIBRADO CONCHA CASANOVA, DE SANTA MAR\u00cdA, CANSAHCAB FESTEJA EN GRANDE 102 A\u00d1OS DE VIDA. - Yucat\u00e1n en corto","og_description":"Con una gran fiesta donde se reunieron m\u00e1s de 100 personas y una duraci\u00f3n de m\u00e1s de 8 horas, la familia de Don Jos\u00e9 Librado Concha Casanova celebr\u00f3 el cumplea\u00f1os No. 102 en el lugar que lo vio nacer, con la tem\u00e1tica de traje regional, estuvo ataviado con guayabera, pantal\u00f3n blanco, sombrero y sus tradicionales [&hellip;]","og_url":"https:\/\/www.yucatanencorto.com\/noticias\/don-jose-librado-concha-casanova-de-santa-maria-cansahcab-festeja-en-grande-102-anos-de-vida\/","og_site_name":"Yucat\u00e1n en corto","article_publisher":"http:\/\/www.facebook.com\/yucatanencorto","article_published_time":"2022-08-17T01:56:43+00:00","og_image":[{"width":768,"height":575,"url":"https:\/\/www.yucatanencorto.com\/noticias\/wp-content\/uploads\/2022\/08\/IMG-20220816-WA0024-scaled.jpg","type":"image\/jpeg"}],"author":"Yucat\u00e1n en Corto FC","twitter_card":"summary_large_image","twitter_creator":"@yucatanencorto","twitter_site":"@yucatanencorto","twitter_misc":{"Escrito por":"Yucat\u00e1n en Corto FC","Tiempo de lectura":"2 minutos"},"schema":{"@context":"https:\/\/schema.org","@graph":[{"@type":"Article","@id":"https:\/\/www.yucatanencorto.com\/noticias\/don-jose-librado-concha-casanova-de-santa-maria-cansahcab-festeja-en-grande-102-anos-de-vida\/#article","isPartOf":{"@id":"https:\/\/www.yucatanencorto.com\/noticias\/don-jose-librado-concha-casanova-de-santa-maria-cansahcab-festeja-en-grande-102-anos-de-vida\/"},"author":{"name":"Yucat\u00e1n en Corto FC","@id":"https:\/\/www.yucatanencorto.com\/noticias\/#\/schema\/person\/14f82d355225a1f4075dd84a31f45a72"},"headline":"DON JOS\u00c9 LIBRADO CONCHA CASANOVA, DE SANTA MAR\u00cdA, CANSAHCAB FESTEJA EN GRANDE 102 A\u00d1OS DE VIDA.","datePublished":"2022-08-17T01:56:43+00:00","mainEntityOfPage":{"@id":"https:\/\/www.yucatanencorto.com\/noticias\/don-jose-librado-concha-casanova-de-santa-maria-cansahcab-festeja-en-grande-102-anos-de-vida\/"},"wordCount":444,"image":{"@id":"https:\/\/www.yucatanencorto.com\/noticias\/don-jose-librado-concha-casanova-de-santa-maria-cansahcab-festeja-en-grande-102-anos-de-vida\/#primaryimage"},"thumbnailUrl":"https:\/\/www.yucatanencorto.com\/noticias\/wp-content\/uploads\/2022\/08\/IMG-20220816-WA0024-scaled.jpg","articleSection":["Yucat\u00e1n"],"inLanguage":"es"},{"@type":"WebPage","@id":"https:\/\/www.yucatanencorto.com\/noticias\/don-jose-librado-concha-casanova-de-santa-maria-cansahcab-festeja-en-grande-102-anos-de-vida\/","url":"https:\/\/www.yucatanencorto.com\/noticias\/don-jose-librado-concha-casanova-de-santa-maria-cansahcab-festeja-en-grande-102-anos-de-vida\/","name":"DON JOS\u00c9 LIBRADO CONCHA CASANOVA, DE SANTA MAR\u00cdA, CANSAHCAB FESTEJA EN GRANDE 102 A\u00d1OS DE VIDA. - Yucat\u00e1n en corto","isPartOf":{"@id":"https:\/\/www.yucatanencorto.com\/noticias\/#website"},"primaryImageOfPage":{"@id":"https:\/\/www.yucatanencorto.com\/noticias\/don-jose-librado-concha-casanova-de-santa-maria-cansahcab-festeja-en-grande-102-anos-de-vida\/#primaryimage"},"image":{"@id":"https:\/\/www.yucatanencorto.com\/noticias\/don-jose-librado-concha-casanova-de-santa-maria-cansahcab-festeja-en-grande-102-anos-de-vida\/#primaryimage"},"thumbnailUrl":"https:\/\/www.yucatanencorto.com\/noticias\/wp-content\/uploads\/2022\/08\/IMG-20220816-WA0024-scaled.jpg","datePublished":"2022-08-17T01:56:43+00:00","author":{"@id":"https:\/\/www.yucatanencorto.com\/noticias\/#\/schema\/person\/14f82d355225a1f4075dd84a31f45a72"},"breadcrumb":{"@id":"https:\/\/www.yucatanencorto.com\/noticias\/don-jose-librado-concha-casanova-de-santa-maria-cansahcab-festeja-en-grande-102-anos-de-vida\/#breadcrumb"},"inLanguage":"es","potentialAction":[{"@type":"ReadAction","target":["https:\/\/www.yucatanencorto.com\/noticias\/don-jose-librado-concha-casanova-de-santa-maria-cansahcab-festeja-en-grande-102-anos-de-vida\/"]}]},{"@type":"ImageObject","inLanguage":"es","@id":"https:\/\/www.yucatanencorto.com\/noticias\/don-jose-librado-concha-casanova-de-santa-maria-cansahcab-festeja-en-grande-102-anos-de-vida\/#primaryimage","url":"https:\/\/www.yucatanencorto.com\/noticias\/wp-content\/uploads\/2022\/08\/IMG-20220816-WA0024-scaled.jpg","contentUrl":"https:\/\/www.yucatanencorto.com\/noticias\/wp-content\/uploads\/2022\/08\/IMG-20220816-WA0024-scaled.jpg","width":768,"height":575},{"@type":"BreadcrumbList","@id":"https:\/\/www.yucatanencorto.com\/noticias\/don-jose-librado-concha-casanova-de-santa-maria-cansahcab-festeja-en-grande-102-anos-de-vida\/#breadcrumb","itemListElement":[{"@type":"ListItem","position":1,"name":"Portada","item":"https:\/\/www.yucatanencorto.com\/noticias\/"},{"@type":"ListItem","position":2,"name":"DON JOS\u00c9 LIBRADO CONCHA CASANOVA, DE SANTA MAR\u00cdA, CANSAHCAB FESTEJA EN GRANDE 102 A\u00d1OS DE VIDA."}]},{"@type":"WebSite","@id":"https:\/\/www.yucatanencorto.com\/noticias\/#website","url":"https:\/\/www.yucatanencorto.com\/noticias\/","name":"Yucat\u00e1n en corto","description":"Noticias","potentialAction":[{"@type":"SearchAction","target":{"@type":"EntryPoint","urlTemplate":"https:\/\/www.yucatanencorto.com\/noticias\/?s={search_term_string}"},"query-input":{"@type":"PropertyValueSpecification","valueRequired":true,"valueName":"search_term_string"}}],"inLanguage":"es"},{"@type":"Person","@id":"https:\/\/www.yucatanencorto.com\/noticias\/#\/schema\/person\/14f82d355225a1f4075dd84a31f45a72","name":"Yucat\u00e1n en Corto FC","image":{"@type":"ImageObject","inLanguage":"es","@id":"https:\/\/secure.gravatar.com\/avatar\/147d4b30cd728c53c29c49a3f7834dedca33707f4cd259761355846009a88250?s=96&d=mm&r=g","url":"https:\/\/secure.gravatar.com\/avatar\/147d4b30cd728c53c29c49a3f7834dedca33707f4cd259761355846009a88250?s=96&d=mm&r=g","contentUrl":"https:\/\/secure.gravatar.com\/avatar\/147d4b30cd728c53c29c49a3f7834dedca33707f4cd259761355846009a88250?s=96&d=mm&r=g","caption":"Yucat\u00e1n en Corto FC"},"url":"https:\/\/www.yucatanencorto.com\/noticias\/author\/flor\/"}]}},"_links":{"self":[{"href":"https:\/\/www.yucatanencorto.com\/noticias\/wp-json\/wp\/v2\/posts\/92762","targetHints":{"allow":["GET"]}}],"collection":[{"href":"https:\/\/www.yucatanencorto.com\/noticias\/wp-json\/wp\/v2\/posts"}],"about":[{"href":"https:\/\/www.yucatanencorto.com\/noticias\/wp-json\/wp\/v2\/types\/post"}],"author":[{"embeddable":true,"href":"https:\/\/www.yucatanencorto.com\/noticias\/wp-json\/wp\/v2\/users\/2"}],"replies":[{"embeddable":true,"href":"https:\/\/www.yucatanencorto.com\/noticias\/wp-json\/wp\/v2\/comments?post=92762"}],"version-history":[{"count":0,"href":"https:\/\/www.yucatanencorto.com\/noticias\/wp-json\/wp\/v2\/posts\/92762\/revisions"}],"wp:featuredmedia":[{"embeddable":true,"href":"https:\/\/www.yucatanencorto.com\/noticias\/wp-json\/wp\/v2\/media\/92763"}],"wp:attachment":[{"href":"https:\/\/www.yucatanencorto.com\/noticias\/wp-json\/wp\/v2\/media?parent=92762"}],"wp:term":[{"taxonomy":"category","embeddable":true,"href":"https:\/\/www.yucatanencorto.com\/noticias\/wp-json\/wp\/v2\/categories?post=92762"},{"taxonomy":"post_tag","embeddable":true,"href":"https:\/\/www.yucatanencorto.com\/noticias\/wp-json\/wp\/v2\/tags?post=92762"}],"curies":[{"name":"wp","href":"https:\/\/api.w.org\/{rel}","templated":true}]}}