{"id":92765,"date":"2022-08-17T16:51:17","date_gmt":"2022-08-17T21:51:17","guid":{"rendered":"https:\/\/www.yucatanencorto.com\/noticias\/?p=92765"},"modified":"2022-08-17T16:51:17","modified_gmt":"2022-08-17T21:51:17","slug":"distribuyen-mas-de-267-mil-paquetes-utiles-escolares-del-programa-impulso-escolar","status":"publish","type":"post","link":"https:\/\/www.yucatanencorto.com\/noticias\/distribuyen-mas-de-267-mil-paquetes-utiles-escolares-del-programa-impulso-escolar\/","title":{"rendered":"Distribuyen m\u00e1s de 267 mil paquetes \u00fatiles escolares del programa \u201cImpulso Escolar\u201d\u00a0"},"content":{"rendered":"<p>&nbsp;<\/p>\n<p><img loading=\"lazy\" decoding=\"async\" class=\"alignnone size-full wp-image-92766\" src=\"https:\/\/www.yucatanencorto.com\/noticias\/wp-content\/uploads\/2022\/08\/IMG-20220817-WA0012-scaled.jpg\" alt=\"\" width=\"768\" height=\"594\" srcset=\"https:\/\/www.yucatanencorto.com\/noticias\/wp-content\/uploads\/2022\/08\/IMG-20220817-WA0012-scaled.jpg 768w, https:\/\/www.yucatanencorto.com\/noticias\/wp-content\/uploads\/2022\/08\/IMG-20220817-WA0012-696x538.jpg 696w, https:\/\/www.yucatanencorto.com\/noticias\/wp-content\/uploads\/2022\/08\/IMG-20220817-WA0012-1068x826.jpg 1068w, https:\/\/www.yucatanencorto.com\/noticias\/wp-content\/uploads\/2022\/08\/IMG-20220817-WA0012-543x420.jpg 543w\" sizes=\"auto, (max-width: 768px) 100vw, 768px\" \/><\/p>\n<p>M\u00e9rida, Yucat\u00e1n, 17 de agosto de 2022.- Acompa\u00f1ado de las alumnas de cuarto grado de primaria, Victoria Valentina Romero Rivero y de sexto grado, Milca Valentina Valdez Gallegos, el Gobernador Mauricio Vila Dosal dio el banderazo de salida de las primeras 6 unidades cargadas con los paquetes escolares que llegar\u00e1n a ni\u00f1as y ni\u00f1os de 6 comisar\u00edas del municipio de Tizim\u00edn, gracias a un esfuerzo de m\u00e1s de 47.2 millones de pesos de inversi\u00f3n estatal.<\/p>\n<p>&nbsp;<\/p>\n<p>Estudiantes de escuelas p\u00fablicas de nivel primaria de todo el estado y secundaria de municipios del interior y las comisar\u00edas de M\u00e9rida, contar\u00e1n con todo lo necesario para el regreso a clases al poner en marcha el Gobernador Mauricio Vila Dosal la distribuci\u00f3n de 267,931 paquetes de \u00fatiles escolares del programa \u201cImpulso Escolar\u201d, as\u00ed como uniformes y desayunos escolares, que significa un ahorro de 2,850 pesos por cada hijo para las familias yucatecas, ante el inicio del ciclo escolar 2022-2023.<\/p>\n<p>&nbsp;<\/p>\n<p>\u201cCon este programa lo que garantizamos es que de arranque todos tengan las mismas condiciones para salir adelante, para poder aprovechar sus estudios y ser buenos estudiantes y adem\u00e1s significa un ahorro familiar, pues siempre el regreso a clases es una situaci\u00f3n complicada para las familias y con este apoyo cada familia se est\u00e1 ahorrando, 2,850 pesos por estudiante, por ejemplo, si una familia tiene 2 o 3 ni\u00f1os en primaria, pues se est\u00e1n ahorrando poco m\u00e1s de 8 mil pesos, que tendr\u00edan que estar sacando de su bolsa\u201d, asever\u00f3 Vila Dosal.<\/p>\n<p>&nbsp;<\/p>\n<p>Durante un recorrido por la bodega de Sedesol, desde donde se distribuyen estos materiales, el Gobernador tambi\u00e9n constat\u00f3 los kits de libros de texto gratuitos, los cuales se complementar\u00e1n con 206,534 paquetes de uniformes para alumnos de primaria de escuelas p\u00fablicas, conformados por 2 camisas, un par de zapatos y una mochila, en respaldo a la econom\u00eda de las familias yucatecas.<\/p>\n<p>&nbsp;<\/p>\n<p>Adem\u00e1s, el Gobierno del Estado tambi\u00e9n distribuir\u00e1 desayunos escolares fr\u00edos y calientes para un total de 118,512 ni\u00f1as y ni\u00f1os de todo el estado de planteles de nivel preescolar y de primero y segundo grado de primaria para que los menores cuenten con esos productos alimenticios para un mejor desempe\u00f1o y aprovechamiento escolar.<\/p>\n<p>&nbsp;<\/p>\n<p>En su mensaje, el Gobernador indic\u00f3 que Impulso Escolar adem\u00e1s de promover la econom\u00eda en el interior del estado, con m\u00e1s de 2,000 familias que se dedican a fabricar las mochilas, los zapatos y las camisas, tambi\u00e9n se est\u00e1 generando un tema de igualdad en las escuelas p\u00fablicas para que ning\u00fan ni\u00f1o acuda a la escuela sin \u00fatiles escolares. Tambi\u00e9n, Vila Dosal record\u00f3 que este apoyo se complementa con la entrega de chamarras, las cuales son parte del esquema Impulso Escolar, pero se distribuir\u00e1n en el mes de diciembre para proteger de la temporada invernal a los estudiantes.<\/p>\n<p>&nbsp;<\/p>\n<p>\u201cPor eso, mam\u00e1s y pap\u00e1s, vamos a seguir trabajando muy fuertemente y agradecemos a la C\u00e1mara del Vestido por el apoyo y porque han cumplido, en tiempo y forma, con los talleres de artesanos en el interior del estado y en 3 semanas todo este apoyo ya estar\u00e1 entregado a todas las escuelas de Yucat\u00e1n para seguir haciendo los cambios que necesitamos para lograr la transformaci\u00f3n que el estado necesita para que nuestras ni\u00f1as y ni\u00f1os tengan lo necesario para poder aprovechar sus estudios\u201d, concluy\u00f3 Vila Dosal ante los titulares de las Secretar\u00edas de Desarrollo Social (Sedesol), Roger Torres Peniche y de Educaci\u00f3n (Segey), Liborio Vidal Aguilar.<\/p>\n<p>&nbsp;<\/p>\n<p>Al explicar sobre el apoyo de uniformes, zapatos y mochila a estudiantes de primaria, Torres Peniche se\u00f1al\u00f3 que Impulso Escolar es un programa con el que cada ni\u00f1o que estudia en una escuela p\u00fablica recibe un paquete gracias al Gobernador y el esfuerzo econ\u00f3mico de mantener este programa que, dinamiza no s\u00f3lo la econom\u00eda del interior del estado, sino representa un ahorro para cada familia de los estudiantes.<\/p>\n<p>&nbsp;<\/p>\n<p>Con la elaboraci\u00f3n de zapatos, camisas y mochilas, indic\u00f3 el titular de la Sedesol, se benefici\u00f3 a 2 mil familias de artesanos yucatecos textiles y de calzado que trabajan en 90 talleres de 13 municipios del estado, al ser los encargados de fabricar estas piezas con buena calidad, por ejemplo, los zapatos cuentan con suelas antiderrapantes, son m\u00e1s duraderos y c\u00f3modos para los ni\u00f1os con un forro de mejor calidad y un termopl\u00e1stico que evita la deformaci\u00f3n del zapato y lo hace m\u00e1s duradero, adem\u00e1s de que se entregan con una caja de zapatos did\u00e1ctica que contiene juegos impresos para fomentar el reciclaje.<\/p>\n<p>&nbsp;<\/p>\n<p>\u201cLas camisas de tela popelina se fabricaron lo suficientemente gruesas para garantizar su durabilidad, se mejor\u00f3 el dise\u00f1o y tiene bolsas para verse m\u00e1s modernas; as\u00ed como las mochilas fueron reforzadas para aguantar m\u00e1s y son repelentes al agua, confeccionadas con nylon 100% poli\u00e9ster y tiene 2 bolsas con malla y lapicera delantera\u201d, detall\u00f3 Torres Peniche.<\/p>\n<p>&nbsp;<\/p>\n<p>Sobre el contenido de los paquetes de \u00fatiles escolares, el titular de la Segey, Liborio Vidal Aguilar, indic\u00f3 que, var\u00eda dependiendo del grado escolar y cumple con los requerimientos del cuadro b\u00e1sico de material emitido por la Secretar\u00eda de Educaci\u00f3n P\u00fablica (SEP), con el objetivo de que los ni\u00f1os y j\u00f3venes cuenten con lo necesario para su permanencia y buen desempe\u00f1o en la escuela.<\/p>\n<p>&nbsp;<\/p>\n<p>\u201cEn el nivel de primaria, se atienden a 68,489 alumnos de primero y segundo; de tercer grado, a 35,369; 102,274 para cuarto, quinto y sexto; 20,915 para alumnos de primer grado de secundaria y finalmente, 40,884 estudiantes de segundo de secundaria\u201d, indic\u00f3 Vidal Aguilar.<\/p>\n<p>&nbsp;<\/p>\n<p>Para primero y segundo de primaria, el paquete contiene 5 cuadernos cuadros grandes de forma italiana, 1 caja de crayones,1 caja de l\u00e1pices de colores, 1 borrador, 3 l\u00e1pices, 1 l\u00e1piz adhesivo, 1 l\u00e1piz bicolor y 1 sacapuntas; para tercero de primaria, 1 bol\u00edgrafo color azul, 1 bol\u00edgrafo color negro, 1 caja de l\u00e1pices de colores, 1 cuaderno profesional a rayas, 4 cuadernos profesional cuadro grande, 1 borrador, 1 l\u00e1piz, 1 l\u00e1piz adhesivo, 1 l\u00e1piz bicolor, 1 regla, 1 tijera escolar y 1 sacapuntas.<\/p>\n<p>&nbsp;<\/p>\n<p>En cuanto los alumnos de cuarto, quinto y sexto de primaria, contar\u00e1n con 1 bol\u00edgrafo color azul, 1 bol\u00edgrafo color negro, 1 caja de l\u00e1pices de colores, 1 cuaderno profesional a rayas, 4 cuadernos profesional cuadro grande, 1 borrador, 1 juego de geometr\u00eda, 1 l\u00e1piz, 1 l\u00e1piz adhesivo, 1 l\u00e1piz bicolor, 1 marca texto, 1 tijera escolar y 1 sacapuntas.<\/p>\n<p>&nbsp;<\/p>\n<p>Para primero de secundaria, 2 bol\u00edgrafos color azul, 2 bol\u00edgrafos color negro, 1 bol\u00edgrafo color rojo, 1 caja de l\u00e1pices de colores, 1 calculadora b\u00e1sica, 8 cuadernos profesional cuadro grande, 1 borrador, 1 juego de geometr\u00eda, 1 l\u00e1piz, 1 l\u00e1piz adhesivo, 1 marca texto y 1 sacapuntas.<\/p>\n<p>&nbsp;<\/p>\n<p>Finalmente, los paquetes de segundo y tercero de secundaria 2 bol\u00edgrafos color azul, 2 bol\u00edgrafos color negro, 1 bol\u00edgrafo color rojo, 1 caja de l\u00e1pices de colores, 8 cuadernos profesional cuadro grande, 1 borrador, 1 l\u00e1piz, 1 l\u00e1piz adhesivo, 1 marca texto y 1 sacapuntas.<\/p>\n<p>&nbsp;<\/p>\n<p>La directora del Sistema para el Desarrollo Integral de la Familia en Yucat\u00e1n (DIF), Mar\u00eda Teresa Boehm Calero, explic\u00f3 que se tienen dos modalidades de desayuno: la fr\u00eda que llega a 100 mil alumnos y consta de una cajita de leche y una barra de cereal con fruta deshidratada y oleaginosas como nuez y cacahuate; y puede incluir tambi\u00e9n fruta fresca, este apoyo llegar\u00e1 a 1,571 escuelas de 104 municipios.<\/p>\n<p>&nbsp;<\/p>\n<p>Los desayunos calientes se preparan en las propias escuelas con apoyo de los padres de familia, por lo que se entregan productos alimentarios perecederos y no perecederos a 172 escuelas en 52 municipios, modalidad que ha crecido en los \u00faltimos dos a\u00f1os y ahora se atienden a m\u00e1s de 18,500 alumnos.<\/p>\n","protected":false},"excerpt":{"rendered":"<p>&nbsp; M\u00e9rida, Yucat\u00e1n, 17 de agosto de 2022.- Acompa\u00f1ado de las alumnas de cuarto grado de primaria, Victoria Valentina Romero Rivero y de sexto grado, Milca Valentina Valdez Gallegos, el Gobernador Mauricio Vila Dosal dio el banderazo de salida de las primeras 6 unidades cargadas con los paquetes escolares que llegar\u00e1n a ni\u00f1as y ni\u00f1os [&hellip;]<\/p>\n","protected":false},"author":2,"featured_media":92766,"comment_status":"closed","ping_status":"closed","sticky":false,"template":"","format":"standard","meta":{"footnotes":""},"categories":[3],"tags":[],"class_list":{"0":"post-92765","1":"post","2":"type-post","3":"status-publish","4":"format-standard","5":"has-post-thumbnail","7":"category-yucatan"},"yoast_head":"<!-- This site is optimized with the Yoast SEO plugin v27.5 - https:\/\/yoast.com\/product\/yoast-seo-wordpress\/ -->\n<title>Distribuyen m\u00e1s de 267 mil paquetes \u00fatiles escolares del programa \u201cImpulso Escolar\u201d\u00a0 - Yucat\u00e1n en corto<\/title>\n<meta name=\"robots\" content=\"index, follow, max-snippet:-1, max-image-preview:large, max-video-preview:-1\" \/>\n<link rel=\"canonical\" href=\"https:\/\/www.yucatanencorto.com\/noticias\/distribuyen-mas-de-267-mil-paquetes-utiles-escolares-del-programa-impulso-escolar\/\" \/>\n<meta property=\"og:locale\" content=\"es_ES\" \/>\n<meta property=\"og:type\" content=\"article\" \/>\n<meta property=\"og:title\" content=\"Distribuyen m\u00e1s de 267 mil paquetes \u00fatiles escolares del programa \u201cImpulso Escolar\u201d\u00a0 - Yucat\u00e1n en corto\" \/>\n<meta property=\"og:description\" content=\"&nbsp; M\u00e9rida, Yucat\u00e1n, 17 de agosto de 2022.- Acompa\u00f1ado de las alumnas de cuarto grado de primaria, Victoria Valentina Romero Rivero y de sexto grado, Milca Valentina Valdez Gallegos, el Gobernador Mauricio Vila Dosal dio el banderazo de salida de las primeras 6 unidades cargadas con los paquetes escolares que llegar\u00e1n a ni\u00f1as y ni\u00f1os [&hellip;]\" \/>\n<meta property=\"og:url\" content=\"https:\/\/www.yucatanencorto.com\/noticias\/distribuyen-mas-de-267-mil-paquetes-utiles-escolares-del-programa-impulso-escolar\/\" \/>\n<meta property=\"og:site_name\" content=\"Yucat\u00e1n en corto\" \/>\n<meta property=\"article:publisher\" content=\"http:\/\/www.facebook.com\/yucatanencorto\" \/>\n<meta property=\"article:published_time\" content=\"2022-08-17T21:51:17+00:00\" \/>\n<meta property=\"og:image\" content=\"https:\/\/www.yucatanencorto.com\/noticias\/wp-content\/uploads\/2022\/08\/IMG-20220817-WA0012-scaled.jpg\" \/>\n\t<meta property=\"og:image:width\" content=\"768\" \/>\n\t<meta property=\"og:image:height\" content=\"594\" \/>\n\t<meta property=\"og:image:type\" content=\"image\/jpeg\" \/>\n<meta name=\"author\" content=\"Yucat\u00e1n en Corto FC\" \/>\n<meta name=\"twitter:card\" content=\"summary_large_image\" \/>\n<meta name=\"twitter:creator\" content=\"@yucatanencorto\" \/>\n<meta name=\"twitter:site\" content=\"@yucatanencorto\" \/>\n<meta name=\"twitter:label1\" content=\"Escrito por\" \/>\n\t<meta name=\"twitter:data1\" content=\"Yucat\u00e1n en Corto FC\" \/>\n\t<meta name=\"twitter:label2\" content=\"Tiempo de lectura\" \/>\n\t<meta name=\"twitter:data2\" content=\"6 minutos\" \/>\n<script type=\"application\/ld+json\" class=\"yoast-schema-graph\">{\"@context\":\"https:\\\/\\\/schema.org\",\"@graph\":[{\"@type\":\"Article\",\"@id\":\"https:\\\/\\\/www.yucatanencorto.com\\\/noticias\\\/distribuyen-mas-de-267-mil-paquetes-utiles-escolares-del-programa-impulso-escolar\\\/#article\",\"isPartOf\":{\"@id\":\"https:\\\/\\\/www.yucatanencorto.com\\\/noticias\\\/distribuyen-mas-de-267-mil-paquetes-utiles-escolares-del-programa-impulso-escolar\\\/\"},\"author\":{\"name\":\"Yucat\u00e1n en Corto FC\",\"@id\":\"https:\\\/\\\/www.yucatanencorto.com\\\/noticias\\\/#\\\/schema\\\/person\\\/14f82d355225a1f4075dd84a31f45a72\"},\"headline\":\"Distribuyen m\u00e1s de 267 mil paquetes \u00fatiles escolares del programa \u201cImpulso Escolar\u201d\u00a0\",\"datePublished\":\"2022-08-17T21:51:17+00:00\",\"mainEntityOfPage\":{\"@id\":\"https:\\\/\\\/www.yucatanencorto.com\\\/noticias\\\/distribuyen-mas-de-267-mil-paquetes-utiles-escolares-del-programa-impulso-escolar\\\/\"},\"wordCount\":1317,\"image\":{\"@id\":\"https:\\\/\\\/www.yucatanencorto.com\\\/noticias\\\/distribuyen-mas-de-267-mil-paquetes-utiles-escolares-del-programa-impulso-escolar\\\/#primaryimage\"},\"thumbnailUrl\":\"https:\\\/\\\/www.yucatanencorto.com\\\/noticias\\\/wp-content\\\/uploads\\\/2022\\\/08\\\/IMG-20220817-WA0012-scaled.jpg\",\"articleSection\":[\"Yucat\u00e1n\"],\"inLanguage\":\"es\"},{\"@type\":\"WebPage\",\"@id\":\"https:\\\/\\\/www.yucatanencorto.com\\\/noticias\\\/distribuyen-mas-de-267-mil-paquetes-utiles-escolares-del-programa-impulso-escolar\\\/\",\"url\":\"https:\\\/\\\/www.yucatanencorto.com\\\/noticias\\\/distribuyen-mas-de-267-mil-paquetes-utiles-escolares-del-programa-impulso-escolar\\\/\",\"name\":\"Distribuyen m\u00e1s de 267 mil paquetes \u00fatiles escolares del programa \u201cImpulso Escolar\u201d\u00a0 - Yucat\u00e1n en corto\",\"isPartOf\":{\"@id\":\"https:\\\/\\\/www.yucatanencorto.com\\\/noticias\\\/#website\"},\"primaryImageOfPage\":{\"@id\":\"https:\\\/\\\/www.yucatanencorto.com\\\/noticias\\\/distribuyen-mas-de-267-mil-paquetes-utiles-escolares-del-programa-impulso-escolar\\\/#primaryimage\"},\"image\":{\"@id\":\"https:\\\/\\\/www.yucatanencorto.com\\\/noticias\\\/distribuyen-mas-de-267-mil-paquetes-utiles-escolares-del-programa-impulso-escolar\\\/#primaryimage\"},\"thumbnailUrl\":\"https:\\\/\\\/www.yucatanencorto.com\\\/noticias\\\/wp-content\\\/uploads\\\/2022\\\/08\\\/IMG-20220817-WA0012-scaled.jpg\",\"datePublished\":\"2022-08-17T21:51:17+00:00\",\"author\":{\"@id\":\"https:\\\/\\\/www.yucatanencorto.com\\\/noticias\\\/#\\\/schema\\\/person\\\/14f82d355225a1f4075dd84a31f45a72\"},\"breadcrumb\":{\"@id\":\"https:\\\/\\\/www.yucatanencorto.com\\\/noticias\\\/distribuyen-mas-de-267-mil-paquetes-utiles-escolares-del-programa-impulso-escolar\\\/#breadcrumb\"},\"inLanguage\":\"es\",\"potentialAction\":[{\"@type\":\"ReadAction\",\"target\":[\"https:\\\/\\\/www.yucatanencorto.com\\\/noticias\\\/distribuyen-mas-de-267-mil-paquetes-utiles-escolares-del-programa-impulso-escolar\\\/\"]}]},{\"@type\":\"ImageObject\",\"inLanguage\":\"es\",\"@id\":\"https:\\\/\\\/www.yucatanencorto.com\\\/noticias\\\/distribuyen-mas-de-267-mil-paquetes-utiles-escolares-del-programa-impulso-escolar\\\/#primaryimage\",\"url\":\"https:\\\/\\\/www.yucatanencorto.com\\\/noticias\\\/wp-content\\\/uploads\\\/2022\\\/08\\\/IMG-20220817-WA0012-scaled.jpg\",\"contentUrl\":\"https:\\\/\\\/www.yucatanencorto.com\\\/noticias\\\/wp-content\\\/uploads\\\/2022\\\/08\\\/IMG-20220817-WA0012-scaled.jpg\",\"width\":768,\"height\":594},{\"@type\":\"BreadcrumbList\",\"@id\":\"https:\\\/\\\/www.yucatanencorto.com\\\/noticias\\\/distribuyen-mas-de-267-mil-paquetes-utiles-escolares-del-programa-impulso-escolar\\\/#breadcrumb\",\"itemListElement\":[{\"@type\":\"ListItem\",\"position\":1,\"name\":\"Portada\",\"item\":\"https:\\\/\\\/www.yucatanencorto.com\\\/noticias\\\/\"},{\"@type\":\"ListItem\",\"position\":2,\"name\":\"Distribuyen m\u00e1s de 267 mil paquetes \u00fatiles escolares del programa \u201cImpulso Escolar\u201d\u00a0\"}]},{\"@type\":\"WebSite\",\"@id\":\"https:\\\/\\\/www.yucatanencorto.com\\\/noticias\\\/#website\",\"url\":\"https:\\\/\\\/www.yucatanencorto.com\\\/noticias\\\/\",\"name\":\"Yucat\u00e1n en corto\",\"description\":\"Noticias\",\"potentialAction\":[{\"@type\":\"SearchAction\",\"target\":{\"@type\":\"EntryPoint\",\"urlTemplate\":\"https:\\\/\\\/www.yucatanencorto.com\\\/noticias\\\/?s={search_term_string}\"},\"query-input\":{\"@type\":\"PropertyValueSpecification\",\"valueRequired\":true,\"valueName\":\"search_term_string\"}}],\"inLanguage\":\"es\"},{\"@type\":\"Person\",\"@id\":\"https:\\\/\\\/www.yucatanencorto.com\\\/noticias\\\/#\\\/schema\\\/person\\\/14f82d355225a1f4075dd84a31f45a72\",\"name\":\"Yucat\u00e1n en Corto FC\",\"image\":{\"@type\":\"ImageObject\",\"inLanguage\":\"es\",\"@id\":\"https:\\\/\\\/secure.gravatar.com\\\/avatar\\\/147d4b30cd728c53c29c49a3f7834dedca33707f4cd259761355846009a88250?s=96&d=mm&r=g\",\"url\":\"https:\\\/\\\/secure.gravatar.com\\\/avatar\\\/147d4b30cd728c53c29c49a3f7834dedca33707f4cd259761355846009a88250?s=96&d=mm&r=g\",\"contentUrl\":\"https:\\\/\\\/secure.gravatar.com\\\/avatar\\\/147d4b30cd728c53c29c49a3f7834dedca33707f4cd259761355846009a88250?s=96&d=mm&r=g\",\"caption\":\"Yucat\u00e1n en Corto FC\"},\"url\":\"https:\\\/\\\/www.yucatanencorto.com\\\/noticias\\\/author\\\/flor\\\/\"}]}<\/script>\n<!-- \/ Yoast SEO plugin. -->","yoast_head_json":{"title":"Distribuyen m\u00e1s de 267 mil paquetes \u00fatiles escolares del programa \u201cImpulso Escolar\u201d\u00a0 - Yucat\u00e1n en corto","robots":{"index":"index","follow":"follow","max-snippet":"max-snippet:-1","max-image-preview":"max-image-preview:large","max-video-preview":"max-video-preview:-1"},"canonical":"https:\/\/www.yucatanencorto.com\/noticias\/distribuyen-mas-de-267-mil-paquetes-utiles-escolares-del-programa-impulso-escolar\/","og_locale":"es_ES","og_type":"article","og_title":"Distribuyen m\u00e1s de 267 mil paquetes \u00fatiles escolares del programa \u201cImpulso Escolar\u201d\u00a0 - Yucat\u00e1n en corto","og_description":"&nbsp; M\u00e9rida, Yucat\u00e1n, 17 de agosto de 2022.- Acompa\u00f1ado de las alumnas de cuarto grado de primaria, Victoria Valentina Romero Rivero y de sexto grado, Milca Valentina Valdez Gallegos, el Gobernador Mauricio Vila Dosal dio el banderazo de salida de las primeras 6 unidades cargadas con los paquetes escolares que llegar\u00e1n a ni\u00f1as y ni\u00f1os [&hellip;]","og_url":"https:\/\/www.yucatanencorto.com\/noticias\/distribuyen-mas-de-267-mil-paquetes-utiles-escolares-del-programa-impulso-escolar\/","og_site_name":"Yucat\u00e1n en corto","article_publisher":"http:\/\/www.facebook.com\/yucatanencorto","article_published_time":"2022-08-17T21:51:17+00:00","og_image":[{"width":768,"height":594,"url":"https:\/\/www.yucatanencorto.com\/noticias\/wp-content\/uploads\/2022\/08\/IMG-20220817-WA0012-scaled.jpg","type":"image\/jpeg"}],"author":"Yucat\u00e1n en Corto FC","twitter_card":"summary_large_image","twitter_creator":"@yucatanencorto","twitter_site":"@yucatanencorto","twitter_misc":{"Escrito por":"Yucat\u00e1n en Corto FC","Tiempo de lectura":"6 minutos"},"schema":{"@context":"https:\/\/schema.org","@graph":[{"@type":"Article","@id":"https:\/\/www.yucatanencorto.com\/noticias\/distribuyen-mas-de-267-mil-paquetes-utiles-escolares-del-programa-impulso-escolar\/#article","isPartOf":{"@id":"https:\/\/www.yucatanencorto.com\/noticias\/distribuyen-mas-de-267-mil-paquetes-utiles-escolares-del-programa-impulso-escolar\/"},"author":{"name":"Yucat\u00e1n en Corto FC","@id":"https:\/\/www.yucatanencorto.com\/noticias\/#\/schema\/person\/14f82d355225a1f4075dd84a31f45a72"},"headline":"Distribuyen m\u00e1s de 267 mil paquetes \u00fatiles escolares del programa \u201cImpulso Escolar\u201d\u00a0","datePublished":"2022-08-17T21:51:17+00:00","mainEntityOfPage":{"@id":"https:\/\/www.yucatanencorto.com\/noticias\/distribuyen-mas-de-267-mil-paquetes-utiles-escolares-del-programa-impulso-escolar\/"},"wordCount":1317,"image":{"@id":"https:\/\/www.yucatanencorto.com\/noticias\/distribuyen-mas-de-267-mil-paquetes-utiles-escolares-del-programa-impulso-escolar\/#primaryimage"},"thumbnailUrl":"https:\/\/www.yucatanencorto.com\/noticias\/wp-content\/uploads\/2022\/08\/IMG-20220817-WA0012-scaled.jpg","articleSection":["Yucat\u00e1n"],"inLanguage":"es"},{"@type":"WebPage","@id":"https:\/\/www.yucatanencorto.com\/noticias\/distribuyen-mas-de-267-mil-paquetes-utiles-escolares-del-programa-impulso-escolar\/","url":"https:\/\/www.yucatanencorto.com\/noticias\/distribuyen-mas-de-267-mil-paquetes-utiles-escolares-del-programa-impulso-escolar\/","name":"Distribuyen m\u00e1s de 267 mil paquetes \u00fatiles escolares del programa \u201cImpulso Escolar\u201d\u00a0 - Yucat\u00e1n en corto","isPartOf":{"@id":"https:\/\/www.yucatanencorto.com\/noticias\/#website"},"primaryImageOfPage":{"@id":"https:\/\/www.yucatanencorto.com\/noticias\/distribuyen-mas-de-267-mil-paquetes-utiles-escolares-del-programa-impulso-escolar\/#primaryimage"},"image":{"@id":"https:\/\/www.yucatanencorto.com\/noticias\/distribuyen-mas-de-267-mil-paquetes-utiles-escolares-del-programa-impulso-escolar\/#primaryimage"},"thumbnailUrl":"https:\/\/www.yucatanencorto.com\/noticias\/wp-content\/uploads\/2022\/08\/IMG-20220817-WA0012-scaled.jpg","datePublished":"2022-08-17T21:51:17+00:00","author":{"@id":"https:\/\/www.yucatanencorto.com\/noticias\/#\/schema\/person\/14f82d355225a1f4075dd84a31f45a72"},"breadcrumb":{"@id":"https:\/\/www.yucatanencorto.com\/noticias\/distribuyen-mas-de-267-mil-paquetes-utiles-escolares-del-programa-impulso-escolar\/#breadcrumb"},"inLanguage":"es","potentialAction":[{"@type":"ReadAction","target":["https:\/\/www.yucatanencorto.com\/noticias\/distribuyen-mas-de-267-mil-paquetes-utiles-escolares-del-programa-impulso-escolar\/"]}]},{"@type":"ImageObject","inLanguage":"es","@id":"https:\/\/www.yucatanencorto.com\/noticias\/distribuyen-mas-de-267-mil-paquetes-utiles-escolares-del-programa-impulso-escolar\/#primaryimage","url":"https:\/\/www.yucatanencorto.com\/noticias\/wp-content\/uploads\/2022\/08\/IMG-20220817-WA0012-scaled.jpg","contentUrl":"https:\/\/www.yucatanencorto.com\/noticias\/wp-content\/uploads\/2022\/08\/IMG-20220817-WA0012-scaled.jpg","width":768,"height":594},{"@type":"BreadcrumbList","@id":"https:\/\/www.yucatanencorto.com\/noticias\/distribuyen-mas-de-267-mil-paquetes-utiles-escolares-del-programa-impulso-escolar\/#breadcrumb","itemListElement":[{"@type":"ListItem","position":1,"name":"Portada","item":"https:\/\/www.yucatanencorto.com\/noticias\/"},{"@type":"ListItem","position":2,"name":"Distribuyen m\u00e1s de 267 mil paquetes \u00fatiles escolares del programa \u201cImpulso Escolar\u201d\u00a0"}]},{"@type":"WebSite","@id":"https:\/\/www.yucatanencorto.com\/noticias\/#website","url":"https:\/\/www.yucatanencorto.com\/noticias\/","name":"Yucat\u00e1n en corto","description":"Noticias","potentialAction":[{"@type":"SearchAction","target":{"@type":"EntryPoint","urlTemplate":"https:\/\/www.yucatanencorto.com\/noticias\/?s={search_term_string}"},"query-input":{"@type":"PropertyValueSpecification","valueRequired":true,"valueName":"search_term_string"}}],"inLanguage":"es"},{"@type":"Person","@id":"https:\/\/www.yucatanencorto.com\/noticias\/#\/schema\/person\/14f82d355225a1f4075dd84a31f45a72","name":"Yucat\u00e1n en Corto FC","image":{"@type":"ImageObject","inLanguage":"es","@id":"https:\/\/secure.gravatar.com\/avatar\/147d4b30cd728c53c29c49a3f7834dedca33707f4cd259761355846009a88250?s=96&d=mm&r=g","url":"https:\/\/secure.gravatar.com\/avatar\/147d4b30cd728c53c29c49a3f7834dedca33707f4cd259761355846009a88250?s=96&d=mm&r=g","contentUrl":"https:\/\/secure.gravatar.com\/avatar\/147d4b30cd728c53c29c49a3f7834dedca33707f4cd259761355846009a88250?s=96&d=mm&r=g","caption":"Yucat\u00e1n en Corto FC"},"url":"https:\/\/www.yucatanencorto.com\/noticias\/author\/flor\/"}]}},"_links":{"self":[{"href":"https:\/\/www.yucatanencorto.com\/noticias\/wp-json\/wp\/v2\/posts\/92765","targetHints":{"allow":["GET"]}}],"collection":[{"href":"https:\/\/www.yucatanencorto.com\/noticias\/wp-json\/wp\/v2\/posts"}],"about":[{"href":"https:\/\/www.yucatanencorto.com\/noticias\/wp-json\/wp\/v2\/types\/post"}],"author":[{"embeddable":true,"href":"https:\/\/www.yucatanencorto.com\/noticias\/wp-json\/wp\/v2\/users\/2"}],"replies":[{"embeddable":true,"href":"https:\/\/www.yucatanencorto.com\/noticias\/wp-json\/wp\/v2\/comments?post=92765"}],"version-history":[{"count":0,"href":"https:\/\/www.yucatanencorto.com\/noticias\/wp-json\/wp\/v2\/posts\/92765\/revisions"}],"wp:featuredmedia":[{"embeddable":true,"href":"https:\/\/www.yucatanencorto.com\/noticias\/wp-json\/wp\/v2\/media\/92766"}],"wp:attachment":[{"href":"https:\/\/www.yucatanencorto.com\/noticias\/wp-json\/wp\/v2\/media?parent=92765"}],"wp:term":[{"taxonomy":"category","embeddable":true,"href":"https:\/\/www.yucatanencorto.com\/noticias\/wp-json\/wp\/v2\/categories?post=92765"},{"taxonomy":"post_tag","embeddable":true,"href":"https:\/\/www.yucatanencorto.com\/noticias\/wp-json\/wp\/v2\/tags?post=92765"}],"curies":[{"name":"wp","href":"https:\/\/api.w.org\/{rel}","templated":true}]}}