{"id":92771,"date":"2022-08-17T16:56:48","date_gmt":"2022-08-17T21:56:48","guid":{"rendered":"https:\/\/www.yucatanencorto.com\/noticias\/?p=92771"},"modified":"2022-08-17T16:56:48","modified_gmt":"2022-08-17T21:56:48","slug":"reactivan-la-oferta-artistica-en-merida-en-domingo","status":"publish","type":"post","link":"https:\/\/www.yucatanencorto.com\/noticias\/reactivan-la-oferta-artistica-en-merida-en-domingo\/","title":{"rendered":"Reactivan la oferta art\u00edstica en \u201cM\u00e9rida en Domingo\u201d"},"content":{"rendered":"<p><img loading=\"lazy\" decoding=\"async\" class=\"alignnone size-full wp-image-92772\" src=\"https:\/\/www.yucatanencorto.com\/noticias\/wp-content\/uploads\/2022\/08\/IMG-20220817-WA0020-scaled.jpg\" alt=\"\" width=\"768\" height=\"512\" srcset=\"https:\/\/www.yucatanencorto.com\/noticias\/wp-content\/uploads\/2022\/08\/IMG-20220817-WA0020-scaled.jpg 768w, https:\/\/www.yucatanencorto.com\/noticias\/wp-content\/uploads\/2022\/08\/IMG-20220817-WA0020-696x464.jpg 696w, https:\/\/www.yucatanencorto.com\/noticias\/wp-content\/uploads\/2022\/08\/IMG-20220817-WA0020-630x420.jpg 630w\" sizes=\"auto, (max-width: 768px) 100vw, 768px\" \/><\/p>\n<p>M\u00e9rida, Yucat\u00e1n a 17 de agosto de 2022.- Luego de m\u00e1s de dos a\u00f1os de pausa debido a la situaci\u00f3n de pandemia, el programa \u201cM\u00e9rida en Domingo\u201d del Ayuntamiento de M\u00e9rida retoma su oferta art\u00edstica para nutrir la din\u00e1mica cultural de la ciudad y fomentar la convivencia familiar.<\/p>\n<p>La Direcci\u00f3n de Cultura informa que con el regreso del programa art\u00edstico se completa la programaci\u00f3n de la Semana Meridana, en el cual de lunes a domingo se ofrecer\u00e1 diferentes actividades en las que se promueven las tradiciones, el arte y la cultura que nos dan identidad, en diferentes sedes del coraz\u00f3n del Centro Hist\u00f3rico, como parte de las acciones y pol\u00edticas de la actual administraci\u00f3n municipal.<\/p>\n<p>\u201cM\u00e9rida en Domingo\u201d inici\u00f3 sus actividades en 1985 pero debido a la pandemia del Covid y las medidas indicadas por las autoridades de Salud para cuidar a las y los ciudadanos, en el mes de marzo de 2020 se suspendi\u00f3 el programa dominical. Con la reactivaci\u00f3n econ\u00f3mica que se dio en la entidad, los diferentes programas art\u00edsticos fueron regresando paulatinamente al espacio p\u00fablico, como la \u201cNoche Mexicana\u201d y \u201cSerenata Yucateca\u201d y hasta ahora completar todos los d\u00edas con actividades.<\/p>\n<p>Este 21 de agosto, el elenco art\u00edstico de \u201cM\u00e9rida en Domingo\u201d lo conforman los espect\u00e1culos infantiles de botargas y el payasito Franky, la comicidad regional de Claudia C\u00e1mara \u201cShirly La Chonchita\u201d, as\u00ed como el Ballet Folcl\u00f3rico Juvenil con la \u201cVaquer\u00eda Yucateca\u201d, la Orquesta Jaranera y Banda del Ayuntamiento de M\u00e9rida y el grupo \u201cTentaci\u00f3n Musical\u201d. El programa inicia al mediod\u00eda y finaliza poco despu\u00e9s de las 8 de la noche y cada semana mantendr\u00e1 este horario, con elencos diferentes.<\/p>\n<p>Adem\u00e1s de promover las tradiciones, el alcalde Ren\u00e1n Barrera Concha propuso incluir en la oferta de la Semana Meridana actividades literarias y de fomento a la lectura. Es as\u00ed como surge \u201cVoz Viva\u201d, donde los s\u00e1bados al mediod\u00eda se puede disfrutar la lectura de textos y obras en boca de los mismos escritores yucatecos en el Centro Cultural Jos\u00e9 Mart\u00ed. Esta iniciativa inici\u00f3 en marzo de este a\u00f1o, ya lleva 21 programas realizados en los que han tomado parte las plumas de Margarita Robleda, Ileana Garma, Joaqu\u00edn Filio, Manuel Iris, Carlos Reyes \u00c1vila, Feliciano S\u00e1nchez, Rosely Quijano y Marco Antonio Murrillo, entre otros. Este s\u00e1bado 20 se escuchar\u00e1n textos y comentarios con el escritor Will Rodr\u00edguez.<\/p>\n<p>La oferta art\u00edstica de la Semana Meridana inicia los lunes con la \u201cVaquer\u00eda Yucateca\u201d en bajos del Palacio Municipal; los martes se da paso a la m\u00fasica rom\u00e1ntica en el \u201cMartes de Trova\u201d en el Auditorio del Centro Cultural Olimpo y a los bailes de sal\u00f3n con las \u201cRemembranzas Musicales\u201d en el parque de Santiago. Los mi\u00e9rcoles se proyectan los \u201cDi\u00e1logos del Conquistador\u201d, que incluye video mapping, una representaci\u00f3n hist\u00f3rica entre el ind\u00edgena y el conquistador espa\u00f1ol y un baile de sones y jarabes antiguos a las puertas del Museo Casa Montejo.<\/p>\n<p>Los jueves toca el turno a la \u201cSerenata Yucateca\u201d en el parque de Santa Luc\u00eda, en la que se combina la m\u00fasica, poes\u00eda, danza regional y canciones; el viernes sigue \u201cPiedras Sagradas\u201d en la fachada de la Catedral de M\u00e9rida, en el que adem\u00e1s del video mapping se escuchan narraciones y poemas en maya que aluden a la construcci\u00f3n del templo y la fundaci\u00f3n de la ciudad. Los s\u00e1bados se realiza la representaci\u00f3n del juego de pelota maya \u201cPok Ta Pok\u201d frente a la Catedral, y el espect\u00e1culo folcl\u00f3rico musical de \u201cNoche Mexicana\u201d en el Remate del Paseo de Montejo.<\/p>\n<p>En la p\u00e1gina www.merida.gob.mx\/cultura se pueden consultar m\u00e1s detalles de los horarios. La entrada a todos los espect\u00e1culos es gratuita y se invita a los meridanos y visitantes a seguir los protocolos vigentes de salud.<\/p>\n<p>&nbsp;<\/p>\n<p>DIRECCI\u00d3N DE CULTURA<\/p>\n","protected":false},"excerpt":{"rendered":"<p>M\u00e9rida, Yucat\u00e1n a 17 de agosto de 2022.- Luego de m\u00e1s de dos a\u00f1os de pausa debido a la situaci\u00f3n de pandemia, el programa \u201cM\u00e9rida en Domingo\u201d del Ayuntamiento de M\u00e9rida retoma su oferta art\u00edstica para nutrir la din\u00e1mica cultural de la ciudad y fomentar la convivencia familiar. La Direcci\u00f3n de Cultura informa que con [&hellip;]<\/p>\n","protected":false},"author":2,"featured_media":92772,"comment_status":"closed","ping_status":"closed","sticky":false,"template":"","format":"standard","meta":{"footnotes":""},"categories":[2],"tags":[],"class_list":{"0":"post-92771","1":"post","2":"type-post","3":"status-publish","4":"format-standard","5":"has-post-thumbnail","7":"category-merida"},"yoast_head":"<!-- This site is optimized with the Yoast SEO plugin v27.5 - https:\/\/yoast.com\/product\/yoast-seo-wordpress\/ -->\n<title>Reactivan la oferta art\u00edstica en \u201cM\u00e9rida en Domingo\u201d - Yucat\u00e1n en corto<\/title>\n<meta name=\"robots\" content=\"index, follow, max-snippet:-1, max-image-preview:large, max-video-preview:-1\" \/>\n<link rel=\"canonical\" href=\"https:\/\/www.yucatanencorto.com\/noticias\/reactivan-la-oferta-artistica-en-merida-en-domingo\/\" \/>\n<meta property=\"og:locale\" content=\"es_ES\" \/>\n<meta property=\"og:type\" content=\"article\" \/>\n<meta property=\"og:title\" content=\"Reactivan la oferta art\u00edstica en \u201cM\u00e9rida en Domingo\u201d - Yucat\u00e1n en corto\" \/>\n<meta property=\"og:description\" content=\"M\u00e9rida, Yucat\u00e1n a 17 de agosto de 2022.- Luego de m\u00e1s de dos a\u00f1os de pausa debido a la situaci\u00f3n de pandemia, el programa \u201cM\u00e9rida en Domingo\u201d del Ayuntamiento de M\u00e9rida retoma su oferta art\u00edstica para nutrir la din\u00e1mica cultural de la ciudad y fomentar la convivencia familiar. La Direcci\u00f3n de Cultura informa que con [&hellip;]\" \/>\n<meta property=\"og:url\" content=\"https:\/\/www.yucatanencorto.com\/noticias\/reactivan-la-oferta-artistica-en-merida-en-domingo\/\" \/>\n<meta property=\"og:site_name\" content=\"Yucat\u00e1n en corto\" \/>\n<meta property=\"article:publisher\" content=\"http:\/\/www.facebook.com\/yucatanencorto\" \/>\n<meta property=\"article:published_time\" content=\"2022-08-17T21:56:48+00:00\" \/>\n<meta property=\"og:image\" content=\"https:\/\/www.yucatanencorto.com\/noticias\/wp-content\/uploads\/2022\/08\/IMG-20220817-WA0020-scaled.jpg\" \/>\n\t<meta property=\"og:image:width\" content=\"768\" \/>\n\t<meta property=\"og:image:height\" content=\"512\" \/>\n\t<meta property=\"og:image:type\" content=\"image\/jpeg\" \/>\n<meta name=\"author\" content=\"Yucat\u00e1n en Corto FC\" \/>\n<meta name=\"twitter:card\" content=\"summary_large_image\" \/>\n<meta name=\"twitter:creator\" content=\"@yucatanencorto\" \/>\n<meta name=\"twitter:site\" content=\"@yucatanencorto\" \/>\n<meta name=\"twitter:label1\" content=\"Escrito por\" \/>\n\t<meta name=\"twitter:data1\" content=\"Yucat\u00e1n en Corto FC\" \/>\n\t<meta name=\"twitter:label2\" content=\"Tiempo de lectura\" \/>\n\t<meta name=\"twitter:data2\" content=\"4 minutos\" \/>\n<script type=\"application\/ld+json\" class=\"yoast-schema-graph\">{\"@context\":\"https:\\\/\\\/schema.org\",\"@graph\":[{\"@type\":\"Article\",\"@id\":\"https:\\\/\\\/www.yucatanencorto.com\\\/noticias\\\/reactivan-la-oferta-artistica-en-merida-en-domingo\\\/#article\",\"isPartOf\":{\"@id\":\"https:\\\/\\\/www.yucatanencorto.com\\\/noticias\\\/reactivan-la-oferta-artistica-en-merida-en-domingo\\\/\"},\"author\":{\"name\":\"Yucat\u00e1n en Corto FC\",\"@id\":\"https:\\\/\\\/www.yucatanencorto.com\\\/noticias\\\/#\\\/schema\\\/person\\\/14f82d355225a1f4075dd84a31f45a72\"},\"headline\":\"Reactivan la oferta art\u00edstica en \u201cM\u00e9rida en Domingo\u201d\",\"datePublished\":\"2022-08-17T21:56:48+00:00\",\"mainEntityOfPage\":{\"@id\":\"https:\\\/\\\/www.yucatanencorto.com\\\/noticias\\\/reactivan-la-oferta-artistica-en-merida-en-domingo\\\/\"},\"wordCount\":695,\"image\":{\"@id\":\"https:\\\/\\\/www.yucatanencorto.com\\\/noticias\\\/reactivan-la-oferta-artistica-en-merida-en-domingo\\\/#primaryimage\"},\"thumbnailUrl\":\"https:\\\/\\\/www.yucatanencorto.com\\\/noticias\\\/wp-content\\\/uploads\\\/2022\\\/08\\\/IMG-20220817-WA0020-scaled.jpg\",\"articleSection\":[\"M\u00e9rida\"],\"inLanguage\":\"es\"},{\"@type\":\"WebPage\",\"@id\":\"https:\\\/\\\/www.yucatanencorto.com\\\/noticias\\\/reactivan-la-oferta-artistica-en-merida-en-domingo\\\/\",\"url\":\"https:\\\/\\\/www.yucatanencorto.com\\\/noticias\\\/reactivan-la-oferta-artistica-en-merida-en-domingo\\\/\",\"name\":\"Reactivan la oferta art\u00edstica en \u201cM\u00e9rida en Domingo\u201d - Yucat\u00e1n en corto\",\"isPartOf\":{\"@id\":\"https:\\\/\\\/www.yucatanencorto.com\\\/noticias\\\/#website\"},\"primaryImageOfPage\":{\"@id\":\"https:\\\/\\\/www.yucatanencorto.com\\\/noticias\\\/reactivan-la-oferta-artistica-en-merida-en-domingo\\\/#primaryimage\"},\"image\":{\"@id\":\"https:\\\/\\\/www.yucatanencorto.com\\\/noticias\\\/reactivan-la-oferta-artistica-en-merida-en-domingo\\\/#primaryimage\"},\"thumbnailUrl\":\"https:\\\/\\\/www.yucatanencorto.com\\\/noticias\\\/wp-content\\\/uploads\\\/2022\\\/08\\\/IMG-20220817-WA0020-scaled.jpg\",\"datePublished\":\"2022-08-17T21:56:48+00:00\",\"author\":{\"@id\":\"https:\\\/\\\/www.yucatanencorto.com\\\/noticias\\\/#\\\/schema\\\/person\\\/14f82d355225a1f4075dd84a31f45a72\"},\"breadcrumb\":{\"@id\":\"https:\\\/\\\/www.yucatanencorto.com\\\/noticias\\\/reactivan-la-oferta-artistica-en-merida-en-domingo\\\/#breadcrumb\"},\"inLanguage\":\"es\",\"potentialAction\":[{\"@type\":\"ReadAction\",\"target\":[\"https:\\\/\\\/www.yucatanencorto.com\\\/noticias\\\/reactivan-la-oferta-artistica-en-merida-en-domingo\\\/\"]}]},{\"@type\":\"ImageObject\",\"inLanguage\":\"es\",\"@id\":\"https:\\\/\\\/www.yucatanencorto.com\\\/noticias\\\/reactivan-la-oferta-artistica-en-merida-en-domingo\\\/#primaryimage\",\"url\":\"https:\\\/\\\/www.yucatanencorto.com\\\/noticias\\\/wp-content\\\/uploads\\\/2022\\\/08\\\/IMG-20220817-WA0020-scaled.jpg\",\"contentUrl\":\"https:\\\/\\\/www.yucatanencorto.com\\\/noticias\\\/wp-content\\\/uploads\\\/2022\\\/08\\\/IMG-20220817-WA0020-scaled.jpg\",\"width\":768,\"height\":512},{\"@type\":\"BreadcrumbList\",\"@id\":\"https:\\\/\\\/www.yucatanencorto.com\\\/noticias\\\/reactivan-la-oferta-artistica-en-merida-en-domingo\\\/#breadcrumb\",\"itemListElement\":[{\"@type\":\"ListItem\",\"position\":1,\"name\":\"Portada\",\"item\":\"https:\\\/\\\/www.yucatanencorto.com\\\/noticias\\\/\"},{\"@type\":\"ListItem\",\"position\":2,\"name\":\"Reactivan la oferta art\u00edstica en \u201cM\u00e9rida en Domingo\u201d\"}]},{\"@type\":\"WebSite\",\"@id\":\"https:\\\/\\\/www.yucatanencorto.com\\\/noticias\\\/#website\",\"url\":\"https:\\\/\\\/www.yucatanencorto.com\\\/noticias\\\/\",\"name\":\"Yucat\u00e1n en corto\",\"description\":\"Noticias\",\"potentialAction\":[{\"@type\":\"SearchAction\",\"target\":{\"@type\":\"EntryPoint\",\"urlTemplate\":\"https:\\\/\\\/www.yucatanencorto.com\\\/noticias\\\/?s={search_term_string}\"},\"query-input\":{\"@type\":\"PropertyValueSpecification\",\"valueRequired\":true,\"valueName\":\"search_term_string\"}}],\"inLanguage\":\"es\"},{\"@type\":\"Person\",\"@id\":\"https:\\\/\\\/www.yucatanencorto.com\\\/noticias\\\/#\\\/schema\\\/person\\\/14f82d355225a1f4075dd84a31f45a72\",\"name\":\"Yucat\u00e1n en Corto FC\",\"image\":{\"@type\":\"ImageObject\",\"inLanguage\":\"es\",\"@id\":\"https:\\\/\\\/secure.gravatar.com\\\/avatar\\\/147d4b30cd728c53c29c49a3f7834dedca33707f4cd259761355846009a88250?s=96&d=mm&r=g\",\"url\":\"https:\\\/\\\/secure.gravatar.com\\\/avatar\\\/147d4b30cd728c53c29c49a3f7834dedca33707f4cd259761355846009a88250?s=96&d=mm&r=g\",\"contentUrl\":\"https:\\\/\\\/secure.gravatar.com\\\/avatar\\\/147d4b30cd728c53c29c49a3f7834dedca33707f4cd259761355846009a88250?s=96&d=mm&r=g\",\"caption\":\"Yucat\u00e1n en Corto FC\"},\"url\":\"https:\\\/\\\/www.yucatanencorto.com\\\/noticias\\\/author\\\/flor\\\/\"}]}<\/script>\n<!-- \/ Yoast SEO plugin. -->","yoast_head_json":{"title":"Reactivan la oferta art\u00edstica en \u201cM\u00e9rida en Domingo\u201d - Yucat\u00e1n en corto","robots":{"index":"index","follow":"follow","max-snippet":"max-snippet:-1","max-image-preview":"max-image-preview:large","max-video-preview":"max-video-preview:-1"},"canonical":"https:\/\/www.yucatanencorto.com\/noticias\/reactivan-la-oferta-artistica-en-merida-en-domingo\/","og_locale":"es_ES","og_type":"article","og_title":"Reactivan la oferta art\u00edstica en \u201cM\u00e9rida en Domingo\u201d - Yucat\u00e1n en corto","og_description":"M\u00e9rida, Yucat\u00e1n a 17 de agosto de 2022.- Luego de m\u00e1s de dos a\u00f1os de pausa debido a la situaci\u00f3n de pandemia, el programa \u201cM\u00e9rida en Domingo\u201d del Ayuntamiento de M\u00e9rida retoma su oferta art\u00edstica para nutrir la din\u00e1mica cultural de la ciudad y fomentar la convivencia familiar. La Direcci\u00f3n de Cultura informa que con [&hellip;]","og_url":"https:\/\/www.yucatanencorto.com\/noticias\/reactivan-la-oferta-artistica-en-merida-en-domingo\/","og_site_name":"Yucat\u00e1n en corto","article_publisher":"http:\/\/www.facebook.com\/yucatanencorto","article_published_time":"2022-08-17T21:56:48+00:00","og_image":[{"width":768,"height":512,"url":"https:\/\/www.yucatanencorto.com\/noticias\/wp-content\/uploads\/2022\/08\/IMG-20220817-WA0020-scaled.jpg","type":"image\/jpeg"}],"author":"Yucat\u00e1n en Corto FC","twitter_card":"summary_large_image","twitter_creator":"@yucatanencorto","twitter_site":"@yucatanencorto","twitter_misc":{"Escrito por":"Yucat\u00e1n en Corto FC","Tiempo de lectura":"4 minutos"},"schema":{"@context":"https:\/\/schema.org","@graph":[{"@type":"Article","@id":"https:\/\/www.yucatanencorto.com\/noticias\/reactivan-la-oferta-artistica-en-merida-en-domingo\/#article","isPartOf":{"@id":"https:\/\/www.yucatanencorto.com\/noticias\/reactivan-la-oferta-artistica-en-merida-en-domingo\/"},"author":{"name":"Yucat\u00e1n en Corto FC","@id":"https:\/\/www.yucatanencorto.com\/noticias\/#\/schema\/person\/14f82d355225a1f4075dd84a31f45a72"},"headline":"Reactivan la oferta art\u00edstica en \u201cM\u00e9rida en Domingo\u201d","datePublished":"2022-08-17T21:56:48+00:00","mainEntityOfPage":{"@id":"https:\/\/www.yucatanencorto.com\/noticias\/reactivan-la-oferta-artistica-en-merida-en-domingo\/"},"wordCount":695,"image":{"@id":"https:\/\/www.yucatanencorto.com\/noticias\/reactivan-la-oferta-artistica-en-merida-en-domingo\/#primaryimage"},"thumbnailUrl":"https:\/\/www.yucatanencorto.com\/noticias\/wp-content\/uploads\/2022\/08\/IMG-20220817-WA0020-scaled.jpg","articleSection":["M\u00e9rida"],"inLanguage":"es"},{"@type":"WebPage","@id":"https:\/\/www.yucatanencorto.com\/noticias\/reactivan-la-oferta-artistica-en-merida-en-domingo\/","url":"https:\/\/www.yucatanencorto.com\/noticias\/reactivan-la-oferta-artistica-en-merida-en-domingo\/","name":"Reactivan la oferta art\u00edstica en \u201cM\u00e9rida en Domingo\u201d - Yucat\u00e1n en corto","isPartOf":{"@id":"https:\/\/www.yucatanencorto.com\/noticias\/#website"},"primaryImageOfPage":{"@id":"https:\/\/www.yucatanencorto.com\/noticias\/reactivan-la-oferta-artistica-en-merida-en-domingo\/#primaryimage"},"image":{"@id":"https:\/\/www.yucatanencorto.com\/noticias\/reactivan-la-oferta-artistica-en-merida-en-domingo\/#primaryimage"},"thumbnailUrl":"https:\/\/www.yucatanencorto.com\/noticias\/wp-content\/uploads\/2022\/08\/IMG-20220817-WA0020-scaled.jpg","datePublished":"2022-08-17T21:56:48+00:00","author":{"@id":"https:\/\/www.yucatanencorto.com\/noticias\/#\/schema\/person\/14f82d355225a1f4075dd84a31f45a72"},"breadcrumb":{"@id":"https:\/\/www.yucatanencorto.com\/noticias\/reactivan-la-oferta-artistica-en-merida-en-domingo\/#breadcrumb"},"inLanguage":"es","potentialAction":[{"@type":"ReadAction","target":["https:\/\/www.yucatanencorto.com\/noticias\/reactivan-la-oferta-artistica-en-merida-en-domingo\/"]}]},{"@type":"ImageObject","inLanguage":"es","@id":"https:\/\/www.yucatanencorto.com\/noticias\/reactivan-la-oferta-artistica-en-merida-en-domingo\/#primaryimage","url":"https:\/\/www.yucatanencorto.com\/noticias\/wp-content\/uploads\/2022\/08\/IMG-20220817-WA0020-scaled.jpg","contentUrl":"https:\/\/www.yucatanencorto.com\/noticias\/wp-content\/uploads\/2022\/08\/IMG-20220817-WA0020-scaled.jpg","width":768,"height":512},{"@type":"BreadcrumbList","@id":"https:\/\/www.yucatanencorto.com\/noticias\/reactivan-la-oferta-artistica-en-merida-en-domingo\/#breadcrumb","itemListElement":[{"@type":"ListItem","position":1,"name":"Portada","item":"https:\/\/www.yucatanencorto.com\/noticias\/"},{"@type":"ListItem","position":2,"name":"Reactivan la oferta art\u00edstica en \u201cM\u00e9rida en Domingo\u201d"}]},{"@type":"WebSite","@id":"https:\/\/www.yucatanencorto.com\/noticias\/#website","url":"https:\/\/www.yucatanencorto.com\/noticias\/","name":"Yucat\u00e1n en corto","description":"Noticias","potentialAction":[{"@type":"SearchAction","target":{"@type":"EntryPoint","urlTemplate":"https:\/\/www.yucatanencorto.com\/noticias\/?s={search_term_string}"},"query-input":{"@type":"PropertyValueSpecification","valueRequired":true,"valueName":"search_term_string"}}],"inLanguage":"es"},{"@type":"Person","@id":"https:\/\/www.yucatanencorto.com\/noticias\/#\/schema\/person\/14f82d355225a1f4075dd84a31f45a72","name":"Yucat\u00e1n en Corto FC","image":{"@type":"ImageObject","inLanguage":"es","@id":"https:\/\/secure.gravatar.com\/avatar\/147d4b30cd728c53c29c49a3f7834dedca33707f4cd259761355846009a88250?s=96&d=mm&r=g","url":"https:\/\/secure.gravatar.com\/avatar\/147d4b30cd728c53c29c49a3f7834dedca33707f4cd259761355846009a88250?s=96&d=mm&r=g","contentUrl":"https:\/\/secure.gravatar.com\/avatar\/147d4b30cd728c53c29c49a3f7834dedca33707f4cd259761355846009a88250?s=96&d=mm&r=g","caption":"Yucat\u00e1n en Corto FC"},"url":"https:\/\/www.yucatanencorto.com\/noticias\/author\/flor\/"}]}},"_links":{"self":[{"href":"https:\/\/www.yucatanencorto.com\/noticias\/wp-json\/wp\/v2\/posts\/92771","targetHints":{"allow":["GET"]}}],"collection":[{"href":"https:\/\/www.yucatanencorto.com\/noticias\/wp-json\/wp\/v2\/posts"}],"about":[{"href":"https:\/\/www.yucatanencorto.com\/noticias\/wp-json\/wp\/v2\/types\/post"}],"author":[{"embeddable":true,"href":"https:\/\/www.yucatanencorto.com\/noticias\/wp-json\/wp\/v2\/users\/2"}],"replies":[{"embeddable":true,"href":"https:\/\/www.yucatanencorto.com\/noticias\/wp-json\/wp\/v2\/comments?post=92771"}],"version-history":[{"count":0,"href":"https:\/\/www.yucatanencorto.com\/noticias\/wp-json\/wp\/v2\/posts\/92771\/revisions"}],"wp:featuredmedia":[{"embeddable":true,"href":"https:\/\/www.yucatanencorto.com\/noticias\/wp-json\/wp\/v2\/media\/92772"}],"wp:attachment":[{"href":"https:\/\/www.yucatanencorto.com\/noticias\/wp-json\/wp\/v2\/media?parent=92771"}],"wp:term":[{"taxonomy":"category","embeddable":true,"href":"https:\/\/www.yucatanencorto.com\/noticias\/wp-json\/wp\/v2\/categories?post=92771"},{"taxonomy":"post_tag","embeddable":true,"href":"https:\/\/www.yucatanencorto.com\/noticias\/wp-json\/wp\/v2\/tags?post=92771"}],"curies":[{"name":"wp","href":"https:\/\/api.w.org\/{rel}","templated":true}]}}