{"id":92780,"date":"2022-08-17T19:08:14","date_gmt":"2022-08-18T00:08:14","guid":{"rendered":"https:\/\/www.yucatanencorto.com\/noticias\/?p=92780"},"modified":"2022-08-17T19:08:14","modified_gmt":"2022-08-18T00:08:14","slug":"presentan-resultados-de-la-feria-artesanal-tunich-2022","status":"publish","type":"post","link":"https:\/\/www.yucatanencorto.com\/noticias\/presentan-resultados-de-la-feria-artesanal-tunich-2022\/","title":{"rendered":"Presentan resultados de la Feria Artesanal Tunich 2022"},"content":{"rendered":"<p><img loading=\"lazy\" decoding=\"async\" class=\"alignnone size-full wp-image-92781\" src=\"https:\/\/www.yucatanencorto.com\/noticias\/wp-content\/uploads\/2022\/08\/IMG-20220817-WA0027-scaled.jpg\" alt=\"\" width=\"768\" height=\"512\" srcset=\"https:\/\/www.yucatanencorto.com\/noticias\/wp-content\/uploads\/2022\/08\/IMG-20220817-WA0027-scaled.jpg 768w, https:\/\/www.yucatanencorto.com\/noticias\/wp-content\/uploads\/2022\/08\/IMG-20220817-WA0027-696x464.jpg 696w, https:\/\/www.yucatanencorto.com\/noticias\/wp-content\/uploads\/2022\/08\/IMG-20220817-WA0027-630x420.jpg 630w\" sizes=\"auto, (max-width: 768px) 100vw, 768px\" \/><\/p>\n<p>M\u00e9rida, Yucat\u00e1n a 17 de agosto de 2022.- El Ayuntamiento de M\u00e9rida encabezado por el alcalde Ren\u00e1n Barrera, present\u00f3 esta ma\u00f1ana los resultados obtenidos tras la realizaci\u00f3n de la XXI Edici\u00f3n de la Feria Artesanal Tunich 2022 del 29 de Julio al 7 de agosto.<\/p>\n<p>En rueda de prensa llevada a cabo por funcionarios municipales e integrantes de la comunidad artesanal de la comisar\u00eda de Dzity\u00e1, brindaron detalles que confirmaron a la Feria Artesanal Tunich como la m\u00e1s importante de todo el sureste.<\/p>\n<p>Se cont\u00f3 con la participaci\u00f3n de 165 expositores de M\u00e9rida, sus comisar\u00edas, interior del Estado, Estados y pa\u00edses invitados, oferentes de comunidad y emprendedores de programas municipales, ocasionando una derrama econ\u00f3mica total de $5,813,855.50, la cual representa un r\u00e9cord con respecto a la edici\u00f3n 2019 previa a la pandemia al obtener un incremento del 53% en las ventas.<\/p>\n<p>Al respecto, el Lic. Jos\u00e9 Luis Mart\u00ednez Semerena indic\u00f3 que este magno evento no hubiera sido posible sin el trabajo coordinado entre diversas dependencias como la Polic\u00eda Estatal y Polic\u00eda Municipal con el despliegue de 40 elementos por d\u00eda para salvaguardar la integridad de las y los asistentes, la Direcci\u00f3n de Cultura, Obras P\u00fablicas, Servicios P\u00fablicos Municipales quienes procuraron el mantenimiento general de la comisar\u00eda y en las estructuras fijas, limpieza y poda general, verificaci\u00f3n de alumbrado p\u00fablico, recoja de basura y limpieza de rejillas y desazolve de pozos pluviales, la Secretar\u00eda de Salud del Estado de Yucat\u00e1n y la Direcci\u00f3n de Gobernaci\u00f3n con personal de protecci\u00f3n civil para la verificaci\u00f3n de instalaciones el\u00e9ctricas, instalaciones de gas, seguridad de estructuras, la supervisi\u00f3n del aforo al recinto y el cumplimiento con respecto al reglamento municipal, para los estacionamientos temporales habilitados.<\/p>\n<p>El director Mart\u00ednez Semerena, de igual manera mencion\u00f3 que adem\u00e1s de las ganancias econ\u00f3micas que resultan de este evento, tambi\u00e9n se fortalecen lazos y contactos entre la comunidad artesanal y los interesados en adquirir sus productos. Tal es el caso del artesano Rusell Avil\u00e9s Zapata, quien realiza juguetes en madera tallada y pudo vender dos piezas con un costo de $50,000 a un director de Grupo Xcaret.<\/p>\n<p>M\u00e1s de 100,000 personas entre locales y visitantes nacionales y extranjeros pudieron disfrutar de la riqueza artesanal, gastron\u00f3mica y cultural de Tunich 2022 durante los 10 d\u00edas de su realizaci\u00f3n.<\/p>\n<p>\u201cPor indicaciones del alcalde Ren\u00e1n Barrera seguiremos realizando eventos y por supuesto acciones que garanticen el desarrollo de las y los ciudadanos, colaborando as\u00ed a una mejor calidad de vida para todas y todos. Est\u00e9n atentos a la edici\u00f3n del 2023 ya que a\u00f1o con a\u00f1o trabajaremos para superar las expectativas de las y los involucrados ofreciendo a locales y visitantes m\u00e1s y mejores ofertas para disfrutar de nuestra ciudad\u201d. Finaliz\u00f3.<\/p>\n","protected":false},"excerpt":{"rendered":"<p>M\u00e9rida, Yucat\u00e1n a 17 de agosto de 2022.- El Ayuntamiento de M\u00e9rida encabezado por el alcalde Ren\u00e1n Barrera, present\u00f3 esta ma\u00f1ana los resultados obtenidos tras la realizaci\u00f3n de la XXI Edici\u00f3n de la Feria Artesanal Tunich 2022 del 29 de Julio al 7 de agosto. En rueda de prensa llevada a cabo por funcionarios municipales [&hellip;]<\/p>\n","protected":false},"author":2,"featured_media":92781,"comment_status":"closed","ping_status":"closed","sticky":false,"template":"","format":"standard","meta":{"footnotes":""},"categories":[4],"tags":[],"class_list":{"0":"post-92780","1":"post","2":"type-post","3":"status-publish","4":"format-standard","5":"has-post-thumbnail","7":"category-mexico"},"yoast_head":"<!-- This site is optimized with the Yoast SEO plugin v27.5 - https:\/\/yoast.com\/product\/yoast-seo-wordpress\/ -->\n<title>Presentan resultados de la Feria Artesanal Tunich 2022 - Yucat\u00e1n en corto<\/title>\n<meta name=\"robots\" content=\"index, follow, max-snippet:-1, max-image-preview:large, max-video-preview:-1\" \/>\n<link rel=\"canonical\" href=\"https:\/\/www.yucatanencorto.com\/noticias\/presentan-resultados-de-la-feria-artesanal-tunich-2022\/\" \/>\n<meta property=\"og:locale\" content=\"es_ES\" \/>\n<meta property=\"og:type\" content=\"article\" \/>\n<meta property=\"og:title\" content=\"Presentan resultados de la Feria Artesanal Tunich 2022 - Yucat\u00e1n en corto\" \/>\n<meta property=\"og:description\" content=\"M\u00e9rida, Yucat\u00e1n a 17 de agosto de 2022.- El Ayuntamiento de M\u00e9rida encabezado por el alcalde Ren\u00e1n Barrera, present\u00f3 esta ma\u00f1ana los resultados obtenidos tras la realizaci\u00f3n de la XXI Edici\u00f3n de la Feria Artesanal Tunich 2022 del 29 de Julio al 7 de agosto. En rueda de prensa llevada a cabo por funcionarios municipales [&hellip;]\" \/>\n<meta property=\"og:url\" content=\"https:\/\/www.yucatanencorto.com\/noticias\/presentan-resultados-de-la-feria-artesanal-tunich-2022\/\" \/>\n<meta property=\"og:site_name\" content=\"Yucat\u00e1n en corto\" \/>\n<meta property=\"article:publisher\" content=\"http:\/\/www.facebook.com\/yucatanencorto\" \/>\n<meta property=\"article:published_time\" content=\"2022-08-18T00:08:14+00:00\" \/>\n<meta property=\"og:image\" content=\"https:\/\/www.yucatanencorto.com\/noticias\/wp-content\/uploads\/2022\/08\/IMG-20220817-WA0027-scaled.jpg\" \/>\n\t<meta property=\"og:image:width\" content=\"768\" \/>\n\t<meta property=\"og:image:height\" content=\"512\" \/>\n\t<meta property=\"og:image:type\" content=\"image\/jpeg\" \/>\n<meta name=\"author\" content=\"Yucat\u00e1n en Corto FC\" \/>\n<meta name=\"twitter:card\" content=\"summary_large_image\" \/>\n<meta name=\"twitter:creator\" content=\"@yucatanencorto\" \/>\n<meta name=\"twitter:site\" content=\"@yucatanencorto\" \/>\n<meta name=\"twitter:label1\" content=\"Escrito por\" \/>\n\t<meta name=\"twitter:data1\" content=\"Yucat\u00e1n en Corto FC\" \/>\n\t<meta name=\"twitter:label2\" content=\"Tiempo de lectura\" \/>\n\t<meta name=\"twitter:data2\" content=\"3 minutos\" \/>\n<script type=\"application\/ld+json\" class=\"yoast-schema-graph\">{\"@context\":\"https:\\\/\\\/schema.org\",\"@graph\":[{\"@type\":\"Article\",\"@id\":\"https:\\\/\\\/www.yucatanencorto.com\\\/noticias\\\/presentan-resultados-de-la-feria-artesanal-tunich-2022\\\/#article\",\"isPartOf\":{\"@id\":\"https:\\\/\\\/www.yucatanencorto.com\\\/noticias\\\/presentan-resultados-de-la-feria-artesanal-tunich-2022\\\/\"},\"author\":{\"name\":\"Yucat\u00e1n en Corto FC\",\"@id\":\"https:\\\/\\\/www.yucatanencorto.com\\\/noticias\\\/#\\\/schema\\\/person\\\/14f82d355225a1f4075dd84a31f45a72\"},\"headline\":\"Presentan resultados de la Feria Artesanal Tunich 2022\",\"datePublished\":\"2022-08-18T00:08:14+00:00\",\"mainEntityOfPage\":{\"@id\":\"https:\\\/\\\/www.yucatanencorto.com\\\/noticias\\\/presentan-resultados-de-la-feria-artesanal-tunich-2022\\\/\"},\"wordCount\":490,\"image\":{\"@id\":\"https:\\\/\\\/www.yucatanencorto.com\\\/noticias\\\/presentan-resultados-de-la-feria-artesanal-tunich-2022\\\/#primaryimage\"},\"thumbnailUrl\":\"https:\\\/\\\/www.yucatanencorto.com\\\/noticias\\\/wp-content\\\/uploads\\\/2022\\\/08\\\/IMG-20220817-WA0027-scaled.jpg\",\"articleSection\":[\"M\u00e9xico\"],\"inLanguage\":\"es\"},{\"@type\":\"WebPage\",\"@id\":\"https:\\\/\\\/www.yucatanencorto.com\\\/noticias\\\/presentan-resultados-de-la-feria-artesanal-tunich-2022\\\/\",\"url\":\"https:\\\/\\\/www.yucatanencorto.com\\\/noticias\\\/presentan-resultados-de-la-feria-artesanal-tunich-2022\\\/\",\"name\":\"Presentan resultados de la Feria Artesanal Tunich 2022 - Yucat\u00e1n en corto\",\"isPartOf\":{\"@id\":\"https:\\\/\\\/www.yucatanencorto.com\\\/noticias\\\/#website\"},\"primaryImageOfPage\":{\"@id\":\"https:\\\/\\\/www.yucatanencorto.com\\\/noticias\\\/presentan-resultados-de-la-feria-artesanal-tunich-2022\\\/#primaryimage\"},\"image\":{\"@id\":\"https:\\\/\\\/www.yucatanencorto.com\\\/noticias\\\/presentan-resultados-de-la-feria-artesanal-tunich-2022\\\/#primaryimage\"},\"thumbnailUrl\":\"https:\\\/\\\/www.yucatanencorto.com\\\/noticias\\\/wp-content\\\/uploads\\\/2022\\\/08\\\/IMG-20220817-WA0027-scaled.jpg\",\"datePublished\":\"2022-08-18T00:08:14+00:00\",\"author\":{\"@id\":\"https:\\\/\\\/www.yucatanencorto.com\\\/noticias\\\/#\\\/schema\\\/person\\\/14f82d355225a1f4075dd84a31f45a72\"},\"breadcrumb\":{\"@id\":\"https:\\\/\\\/www.yucatanencorto.com\\\/noticias\\\/presentan-resultados-de-la-feria-artesanal-tunich-2022\\\/#breadcrumb\"},\"inLanguage\":\"es\",\"potentialAction\":[{\"@type\":\"ReadAction\",\"target\":[\"https:\\\/\\\/www.yucatanencorto.com\\\/noticias\\\/presentan-resultados-de-la-feria-artesanal-tunich-2022\\\/\"]}]},{\"@type\":\"ImageObject\",\"inLanguage\":\"es\",\"@id\":\"https:\\\/\\\/www.yucatanencorto.com\\\/noticias\\\/presentan-resultados-de-la-feria-artesanal-tunich-2022\\\/#primaryimage\",\"url\":\"https:\\\/\\\/www.yucatanencorto.com\\\/noticias\\\/wp-content\\\/uploads\\\/2022\\\/08\\\/IMG-20220817-WA0027-scaled.jpg\",\"contentUrl\":\"https:\\\/\\\/www.yucatanencorto.com\\\/noticias\\\/wp-content\\\/uploads\\\/2022\\\/08\\\/IMG-20220817-WA0027-scaled.jpg\",\"width\":768,\"height\":512},{\"@type\":\"BreadcrumbList\",\"@id\":\"https:\\\/\\\/www.yucatanencorto.com\\\/noticias\\\/presentan-resultados-de-la-feria-artesanal-tunich-2022\\\/#breadcrumb\",\"itemListElement\":[{\"@type\":\"ListItem\",\"position\":1,\"name\":\"Portada\",\"item\":\"https:\\\/\\\/www.yucatanencorto.com\\\/noticias\\\/\"},{\"@type\":\"ListItem\",\"position\":2,\"name\":\"Presentan resultados de la Feria Artesanal Tunich 2022\"}]},{\"@type\":\"WebSite\",\"@id\":\"https:\\\/\\\/www.yucatanencorto.com\\\/noticias\\\/#website\",\"url\":\"https:\\\/\\\/www.yucatanencorto.com\\\/noticias\\\/\",\"name\":\"Yucat\u00e1n en corto\",\"description\":\"Noticias\",\"potentialAction\":[{\"@type\":\"SearchAction\",\"target\":{\"@type\":\"EntryPoint\",\"urlTemplate\":\"https:\\\/\\\/www.yucatanencorto.com\\\/noticias\\\/?s={search_term_string}\"},\"query-input\":{\"@type\":\"PropertyValueSpecification\",\"valueRequired\":true,\"valueName\":\"search_term_string\"}}],\"inLanguage\":\"es\"},{\"@type\":\"Person\",\"@id\":\"https:\\\/\\\/www.yucatanencorto.com\\\/noticias\\\/#\\\/schema\\\/person\\\/14f82d355225a1f4075dd84a31f45a72\",\"name\":\"Yucat\u00e1n en Corto FC\",\"image\":{\"@type\":\"ImageObject\",\"inLanguage\":\"es\",\"@id\":\"https:\\\/\\\/secure.gravatar.com\\\/avatar\\\/147d4b30cd728c53c29c49a3f7834dedca33707f4cd259761355846009a88250?s=96&d=mm&r=g\",\"url\":\"https:\\\/\\\/secure.gravatar.com\\\/avatar\\\/147d4b30cd728c53c29c49a3f7834dedca33707f4cd259761355846009a88250?s=96&d=mm&r=g\",\"contentUrl\":\"https:\\\/\\\/secure.gravatar.com\\\/avatar\\\/147d4b30cd728c53c29c49a3f7834dedca33707f4cd259761355846009a88250?s=96&d=mm&r=g\",\"caption\":\"Yucat\u00e1n en Corto FC\"},\"url\":\"https:\\\/\\\/www.yucatanencorto.com\\\/noticias\\\/author\\\/flor\\\/\"}]}<\/script>\n<!-- \/ Yoast SEO plugin. -->","yoast_head_json":{"title":"Presentan resultados de la Feria Artesanal Tunich 2022 - Yucat\u00e1n en corto","robots":{"index":"index","follow":"follow","max-snippet":"max-snippet:-1","max-image-preview":"max-image-preview:large","max-video-preview":"max-video-preview:-1"},"canonical":"https:\/\/www.yucatanencorto.com\/noticias\/presentan-resultados-de-la-feria-artesanal-tunich-2022\/","og_locale":"es_ES","og_type":"article","og_title":"Presentan resultados de la Feria Artesanal Tunich 2022 - Yucat\u00e1n en corto","og_description":"M\u00e9rida, Yucat\u00e1n a 17 de agosto de 2022.- El Ayuntamiento de M\u00e9rida encabezado por el alcalde Ren\u00e1n Barrera, present\u00f3 esta ma\u00f1ana los resultados obtenidos tras la realizaci\u00f3n de la XXI Edici\u00f3n de la Feria Artesanal Tunich 2022 del 29 de Julio al 7 de agosto. En rueda de prensa llevada a cabo por funcionarios municipales [&hellip;]","og_url":"https:\/\/www.yucatanencorto.com\/noticias\/presentan-resultados-de-la-feria-artesanal-tunich-2022\/","og_site_name":"Yucat\u00e1n en corto","article_publisher":"http:\/\/www.facebook.com\/yucatanencorto","article_published_time":"2022-08-18T00:08:14+00:00","og_image":[{"width":768,"height":512,"url":"https:\/\/www.yucatanencorto.com\/noticias\/wp-content\/uploads\/2022\/08\/IMG-20220817-WA0027-scaled.jpg","type":"image\/jpeg"}],"author":"Yucat\u00e1n en Corto FC","twitter_card":"summary_large_image","twitter_creator":"@yucatanencorto","twitter_site":"@yucatanencorto","twitter_misc":{"Escrito por":"Yucat\u00e1n en Corto FC","Tiempo de lectura":"3 minutos"},"schema":{"@context":"https:\/\/schema.org","@graph":[{"@type":"Article","@id":"https:\/\/www.yucatanencorto.com\/noticias\/presentan-resultados-de-la-feria-artesanal-tunich-2022\/#article","isPartOf":{"@id":"https:\/\/www.yucatanencorto.com\/noticias\/presentan-resultados-de-la-feria-artesanal-tunich-2022\/"},"author":{"name":"Yucat\u00e1n en Corto FC","@id":"https:\/\/www.yucatanencorto.com\/noticias\/#\/schema\/person\/14f82d355225a1f4075dd84a31f45a72"},"headline":"Presentan resultados de la Feria Artesanal Tunich 2022","datePublished":"2022-08-18T00:08:14+00:00","mainEntityOfPage":{"@id":"https:\/\/www.yucatanencorto.com\/noticias\/presentan-resultados-de-la-feria-artesanal-tunich-2022\/"},"wordCount":490,"image":{"@id":"https:\/\/www.yucatanencorto.com\/noticias\/presentan-resultados-de-la-feria-artesanal-tunich-2022\/#primaryimage"},"thumbnailUrl":"https:\/\/www.yucatanencorto.com\/noticias\/wp-content\/uploads\/2022\/08\/IMG-20220817-WA0027-scaled.jpg","articleSection":["M\u00e9xico"],"inLanguage":"es"},{"@type":"WebPage","@id":"https:\/\/www.yucatanencorto.com\/noticias\/presentan-resultados-de-la-feria-artesanal-tunich-2022\/","url":"https:\/\/www.yucatanencorto.com\/noticias\/presentan-resultados-de-la-feria-artesanal-tunich-2022\/","name":"Presentan resultados de la Feria Artesanal Tunich 2022 - Yucat\u00e1n en corto","isPartOf":{"@id":"https:\/\/www.yucatanencorto.com\/noticias\/#website"},"primaryImageOfPage":{"@id":"https:\/\/www.yucatanencorto.com\/noticias\/presentan-resultados-de-la-feria-artesanal-tunich-2022\/#primaryimage"},"image":{"@id":"https:\/\/www.yucatanencorto.com\/noticias\/presentan-resultados-de-la-feria-artesanal-tunich-2022\/#primaryimage"},"thumbnailUrl":"https:\/\/www.yucatanencorto.com\/noticias\/wp-content\/uploads\/2022\/08\/IMG-20220817-WA0027-scaled.jpg","datePublished":"2022-08-18T00:08:14+00:00","author":{"@id":"https:\/\/www.yucatanencorto.com\/noticias\/#\/schema\/person\/14f82d355225a1f4075dd84a31f45a72"},"breadcrumb":{"@id":"https:\/\/www.yucatanencorto.com\/noticias\/presentan-resultados-de-la-feria-artesanal-tunich-2022\/#breadcrumb"},"inLanguage":"es","potentialAction":[{"@type":"ReadAction","target":["https:\/\/www.yucatanencorto.com\/noticias\/presentan-resultados-de-la-feria-artesanal-tunich-2022\/"]}]},{"@type":"ImageObject","inLanguage":"es","@id":"https:\/\/www.yucatanencorto.com\/noticias\/presentan-resultados-de-la-feria-artesanal-tunich-2022\/#primaryimage","url":"https:\/\/www.yucatanencorto.com\/noticias\/wp-content\/uploads\/2022\/08\/IMG-20220817-WA0027-scaled.jpg","contentUrl":"https:\/\/www.yucatanencorto.com\/noticias\/wp-content\/uploads\/2022\/08\/IMG-20220817-WA0027-scaled.jpg","width":768,"height":512},{"@type":"BreadcrumbList","@id":"https:\/\/www.yucatanencorto.com\/noticias\/presentan-resultados-de-la-feria-artesanal-tunich-2022\/#breadcrumb","itemListElement":[{"@type":"ListItem","position":1,"name":"Portada","item":"https:\/\/www.yucatanencorto.com\/noticias\/"},{"@type":"ListItem","position":2,"name":"Presentan resultados de la Feria Artesanal Tunich 2022"}]},{"@type":"WebSite","@id":"https:\/\/www.yucatanencorto.com\/noticias\/#website","url":"https:\/\/www.yucatanencorto.com\/noticias\/","name":"Yucat\u00e1n en corto","description":"Noticias","potentialAction":[{"@type":"SearchAction","target":{"@type":"EntryPoint","urlTemplate":"https:\/\/www.yucatanencorto.com\/noticias\/?s={search_term_string}"},"query-input":{"@type":"PropertyValueSpecification","valueRequired":true,"valueName":"search_term_string"}}],"inLanguage":"es"},{"@type":"Person","@id":"https:\/\/www.yucatanencorto.com\/noticias\/#\/schema\/person\/14f82d355225a1f4075dd84a31f45a72","name":"Yucat\u00e1n en Corto FC","image":{"@type":"ImageObject","inLanguage":"es","@id":"https:\/\/secure.gravatar.com\/avatar\/147d4b30cd728c53c29c49a3f7834dedca33707f4cd259761355846009a88250?s=96&d=mm&r=g","url":"https:\/\/secure.gravatar.com\/avatar\/147d4b30cd728c53c29c49a3f7834dedca33707f4cd259761355846009a88250?s=96&d=mm&r=g","contentUrl":"https:\/\/secure.gravatar.com\/avatar\/147d4b30cd728c53c29c49a3f7834dedca33707f4cd259761355846009a88250?s=96&d=mm&r=g","caption":"Yucat\u00e1n en Corto FC"},"url":"https:\/\/www.yucatanencorto.com\/noticias\/author\/flor\/"}]}},"_links":{"self":[{"href":"https:\/\/www.yucatanencorto.com\/noticias\/wp-json\/wp\/v2\/posts\/92780","targetHints":{"allow":["GET"]}}],"collection":[{"href":"https:\/\/www.yucatanencorto.com\/noticias\/wp-json\/wp\/v2\/posts"}],"about":[{"href":"https:\/\/www.yucatanencorto.com\/noticias\/wp-json\/wp\/v2\/types\/post"}],"author":[{"embeddable":true,"href":"https:\/\/www.yucatanencorto.com\/noticias\/wp-json\/wp\/v2\/users\/2"}],"replies":[{"embeddable":true,"href":"https:\/\/www.yucatanencorto.com\/noticias\/wp-json\/wp\/v2\/comments?post=92780"}],"version-history":[{"count":0,"href":"https:\/\/www.yucatanencorto.com\/noticias\/wp-json\/wp\/v2\/posts\/92780\/revisions"}],"wp:featuredmedia":[{"embeddable":true,"href":"https:\/\/www.yucatanencorto.com\/noticias\/wp-json\/wp\/v2\/media\/92781"}],"wp:attachment":[{"href":"https:\/\/www.yucatanencorto.com\/noticias\/wp-json\/wp\/v2\/media?parent=92780"}],"wp:term":[{"taxonomy":"category","embeddable":true,"href":"https:\/\/www.yucatanencorto.com\/noticias\/wp-json\/wp\/v2\/categories?post=92780"},{"taxonomy":"post_tag","embeddable":true,"href":"https:\/\/www.yucatanencorto.com\/noticias\/wp-json\/wp\/v2\/tags?post=92780"}],"curies":[{"name":"wp","href":"https:\/\/api.w.org\/{rel}","templated":true}]}}