{"id":92783,"date":"2022-08-18T09:09:06","date_gmt":"2022-08-18T14:09:06","guid":{"rendered":"https:\/\/www.yucatanencorto.com\/noticias\/?p=92783"},"modified":"2022-08-18T09:09:06","modified_gmt":"2022-08-18T14:09:06","slug":"joven-muere-al-ir-por-anillo-de-compromiso","status":"publish","type":"post","link":"https:\/\/www.yucatanencorto.com\/noticias\/joven-muere-al-ir-por-anillo-de-compromiso\/","title":{"rendered":"Joven muere al ir por anillo de compromiso"},"content":{"rendered":"<h3 data-t=\"{&quot;n&quot;:&quot;blueLinks&quot;}\"><img loading=\"lazy\" decoding=\"async\" class=\"alignnone size-full wp-image-92784\" src=\"https:\/\/www.yucatanencorto.com\/noticias\/wp-content\/uploads\/2022\/08\/carta.png\" alt=\"\" width=\"439\" height=\"491\" srcset=\"https:\/\/www.yucatanencorto.com\/noticias\/wp-content\/uploads\/2022\/08\/carta.png 439w, https:\/\/www.yucatanencorto.com\/noticias\/wp-content\/uploads\/2022\/08\/carta-376x420.png 376w\" sizes=\"auto, (max-width: 439px) 100vw, 439px\" \/><\/h3>\n<h3 data-t=\"{&quot;n&quot;:&quot;blueLinks&quot;}\">Sin importar lo material, el joven<b>\u00a0realiz\u00f3 la propuesta<\/b>\u00a0a su novia con una\u00a0<b>sortija de papel.<\/b>\u00a0Al recibir el s\u00ed, el enamorado\u00a0<b>prometi\u00f3<\/b>\u00a0que lo cambiar\u00eda por un\u00a0<b>anillo real.<\/b>\u00a0Po eso, el hombre<b>\u00a0acudi\u00f3 a una joyer\u00eda\u00a0<\/b>donde busc\u00f3 el objeto\u00a0<b>m\u00e1s precioso,<\/b>\u00a0y entre tantas opciones\u00a0<b>se decidi\u00f3 por uno.<\/b>\u00a0El lugar le dijo que\u00a0<b>en tres d\u00edas tendr\u00edan el regalo<\/b>. Despu\u00e9s de esa fecha\u00a0<b>Alejandro no se present\u00f3 por \u00e9l.<\/b><\/h3>\n<div class=\"twitter-slot\">\n<h3 data-t=\"{&quot;n&quot;:&quot;blueLinks&quot;}\">Ante esto,\u00a0<b>el establecimiento decidi\u00f3 buscar a Alejandro\u00a0<\/b>y entregarle la pieza. La sorpresa fue enterarse que<b>\u00a0su cliente falleci\u00f3 cuando intentaba trasladarse a la joyer\u00eda\u00a0<\/b>por el anillo. Despu\u00e9s de localizar a algunos familiares del occiso, los gerentes\u00a0<b>enviaron una carta a la novia, Samantha<\/b>.<\/h3>\n<h3 class=\"continue-read-break\" data-t=\"{&quot;n&quot;:&quot;blueLinks&quot;}\"><b>\u201cSon una historia muy especial\u00a0<\/b>para nosotros, tocaron muchos\u00a0<b>corazones<\/b>, es por eso que no \u00edbamos a parar hasta\u00a0<b>hac\u00e9rtelo llegar,<\/b>\u00a0te mereces recibir este anillo con todo el amor del mundo y en especial del cielo, estamos seguros de que<b>\u00a0mientras lo recibes y te lo pones,\u00a0<\/b>\u00e9l estar\u00e1 junto a ti\u00a0<b>sonriendo<\/b>\u00a0porque de alguna manera no cumpli\u00f3\u201d, se lee en la hoja.<\/h3>\n<h3 data-t=\"{&quot;n&quot;:&quot;blueLinks&quot;}\">Asimismo, explicaron que<b>\u00a0el anillo es el s\u00edmbolo de la promesa\u00a0<\/b>de estar siempre juntos, de\u00a0<b>estar siempre en los momentos felices y en los dif\u00edciles.<\/b>\u00a0\u201cTodo nuestro equipo te desea de coraz\u00f3n las mayores\u00a0<b>bendiciones<\/b>, que tu nuevo camino s\u00f3lo brille<b>, te haga ser m\u00e1s fuerte\u00a0<\/b>y seguir adelante. Recuerda, cuando un amor es real es hasta la eternidad y\u00a0<b>ahora tienes un amor eterno<\/b>\u00a0representado como una bonita estrella que\u00a0<b>hoy brilla en el cielo\u201d.<\/b><\/h3>\n<h3 data-t=\"{&quot;n&quot;:&quot;blueLinks&quot;}\"><b>Grecia Isabel,<\/b>\u00a0prima de Alejandro, se encarg\u00f3 de\u00a0<b>subir la carta\u00a0<\/b>a su cuenta personal de Twitter donde\u00a0<b>suma miles de reacciones<\/b>\u00a0y cientos de mensajes. Algunos de los comentarios que se pueden leer son:\u00a0<b>\u201cMe fue imposible no llorar<\/b>. Dios le de fortaleza a la chica\u201d o \u201cEs una historia amargo dulce, sin duda hab\u00eda mucho amor, pero muy triste que no pudieran\u00a0<b>cumplir muchos sue\u00f1os\u201d.<\/b><\/h3>\n<\/div>\n","protected":false},"excerpt":{"rendered":"<p>Sin importar lo material, el joven\u00a0realiz\u00f3 la propuesta\u00a0a su novia con una\u00a0sortija de papel.\u00a0Al recibir el s\u00ed, el enamorado\u00a0prometi\u00f3\u00a0que lo cambiar\u00eda por un\u00a0anillo real.\u00a0Po eso, el hombre\u00a0acudi\u00f3 a una joyer\u00eda\u00a0donde busc\u00f3 el objeto\u00a0m\u00e1s precioso,\u00a0y entre tantas opciones\u00a0se decidi\u00f3 por uno.\u00a0El lugar le dijo que\u00a0en tres d\u00edas tendr\u00edan el regalo. Despu\u00e9s de esa fecha\u00a0Alejandro no se [&hellip;]<\/p>\n","protected":false},"author":2,"featured_media":92784,"comment_status":"closed","ping_status":"closed","sticky":false,"template":"","format":"standard","meta":{"footnotes":""},"categories":[8908],"tags":[],"class_list":{"0":"post-92783","1":"post","2":"type-post","3":"status-publish","4":"format-standard","5":"has-post-thumbnail","7":"category-viral-y-asombroso"},"yoast_head":"<!-- This site is optimized with the Yoast SEO plugin v27.5 - https:\/\/yoast.com\/product\/yoast-seo-wordpress\/ -->\n<title>Joven muere al ir por anillo de compromiso - Yucat\u00e1n en corto<\/title>\n<meta name=\"robots\" content=\"index, follow, max-snippet:-1, max-image-preview:large, max-video-preview:-1\" \/>\n<link rel=\"canonical\" href=\"https:\/\/www.yucatanencorto.com\/noticias\/joven-muere-al-ir-por-anillo-de-compromiso\/\" \/>\n<meta property=\"og:locale\" content=\"es_ES\" \/>\n<meta property=\"og:type\" content=\"article\" \/>\n<meta property=\"og:title\" content=\"Joven muere al ir por anillo de compromiso - Yucat\u00e1n en corto\" \/>\n<meta property=\"og:description\" content=\"Sin importar lo material, el joven\u00a0realiz\u00f3 la propuesta\u00a0a su novia con una\u00a0sortija de papel.\u00a0Al recibir el s\u00ed, el enamorado\u00a0prometi\u00f3\u00a0que lo cambiar\u00eda por un\u00a0anillo real.\u00a0Po eso, el hombre\u00a0acudi\u00f3 a una joyer\u00eda\u00a0donde busc\u00f3 el objeto\u00a0m\u00e1s precioso,\u00a0y entre tantas opciones\u00a0se decidi\u00f3 por uno.\u00a0El lugar le dijo que\u00a0en tres d\u00edas tendr\u00edan el regalo. Despu\u00e9s de esa fecha\u00a0Alejandro no se [&hellip;]\" \/>\n<meta property=\"og:url\" content=\"https:\/\/www.yucatanencorto.com\/noticias\/joven-muere-al-ir-por-anillo-de-compromiso\/\" \/>\n<meta property=\"og:site_name\" content=\"Yucat\u00e1n en corto\" \/>\n<meta property=\"article:publisher\" content=\"http:\/\/www.facebook.com\/yucatanencorto\" \/>\n<meta property=\"article:published_time\" content=\"2022-08-18T14:09:06+00:00\" \/>\n<meta property=\"og:image\" content=\"https:\/\/www.yucatanencorto.com\/noticias\/wp-content\/uploads\/2022\/08\/carta.png\" \/>\n\t<meta property=\"og:image:width\" content=\"439\" \/>\n\t<meta property=\"og:image:height\" content=\"491\" \/>\n\t<meta property=\"og:image:type\" content=\"image\/png\" \/>\n<meta name=\"author\" content=\"Yucat\u00e1n en Corto FC\" \/>\n<meta name=\"twitter:card\" content=\"summary_large_image\" \/>\n<meta name=\"twitter:creator\" content=\"@yucatanencorto\" \/>\n<meta name=\"twitter:site\" content=\"@yucatanencorto\" \/>\n<meta name=\"twitter:label1\" content=\"Escrito por\" \/>\n\t<meta name=\"twitter:data1\" content=\"Yucat\u00e1n en Corto FC\" \/>\n\t<meta name=\"twitter:label2\" content=\"Tiempo de lectura\" \/>\n\t<meta name=\"twitter:data2\" content=\"2 minutos\" \/>\n<script type=\"application\/ld+json\" class=\"yoast-schema-graph\">{\"@context\":\"https:\\\/\\\/schema.org\",\"@graph\":[{\"@type\":\"Article\",\"@id\":\"https:\\\/\\\/www.yucatanencorto.com\\\/noticias\\\/joven-muere-al-ir-por-anillo-de-compromiso\\\/#article\",\"isPartOf\":{\"@id\":\"https:\\\/\\\/www.yucatanencorto.com\\\/noticias\\\/joven-muere-al-ir-por-anillo-de-compromiso\\\/\"},\"author\":{\"name\":\"Yucat\u00e1n en Corto FC\",\"@id\":\"https:\\\/\\\/www.yucatanencorto.com\\\/noticias\\\/#\\\/schema\\\/person\\\/14f82d355225a1f4075dd84a31f45a72\"},\"headline\":\"Joven muere al ir por anillo de compromiso\",\"datePublished\":\"2022-08-18T14:09:06+00:00\",\"mainEntityOfPage\":{\"@id\":\"https:\\\/\\\/www.yucatanencorto.com\\\/noticias\\\/joven-muere-al-ir-por-anillo-de-compromiso\\\/\"},\"wordCount\":353,\"image\":{\"@id\":\"https:\\\/\\\/www.yucatanencorto.com\\\/noticias\\\/joven-muere-al-ir-por-anillo-de-compromiso\\\/#primaryimage\"},\"thumbnailUrl\":\"https:\\\/\\\/www.yucatanencorto.com\\\/noticias\\\/wp-content\\\/uploads\\\/2022\\\/08\\\/carta.png\",\"articleSection\":[\"Viral y Asombroso\"],\"inLanguage\":\"es\"},{\"@type\":\"WebPage\",\"@id\":\"https:\\\/\\\/www.yucatanencorto.com\\\/noticias\\\/joven-muere-al-ir-por-anillo-de-compromiso\\\/\",\"url\":\"https:\\\/\\\/www.yucatanencorto.com\\\/noticias\\\/joven-muere-al-ir-por-anillo-de-compromiso\\\/\",\"name\":\"Joven muere al ir por anillo de compromiso - Yucat\u00e1n en corto\",\"isPartOf\":{\"@id\":\"https:\\\/\\\/www.yucatanencorto.com\\\/noticias\\\/#website\"},\"primaryImageOfPage\":{\"@id\":\"https:\\\/\\\/www.yucatanencorto.com\\\/noticias\\\/joven-muere-al-ir-por-anillo-de-compromiso\\\/#primaryimage\"},\"image\":{\"@id\":\"https:\\\/\\\/www.yucatanencorto.com\\\/noticias\\\/joven-muere-al-ir-por-anillo-de-compromiso\\\/#primaryimage\"},\"thumbnailUrl\":\"https:\\\/\\\/www.yucatanencorto.com\\\/noticias\\\/wp-content\\\/uploads\\\/2022\\\/08\\\/carta.png\",\"datePublished\":\"2022-08-18T14:09:06+00:00\",\"author\":{\"@id\":\"https:\\\/\\\/www.yucatanencorto.com\\\/noticias\\\/#\\\/schema\\\/person\\\/14f82d355225a1f4075dd84a31f45a72\"},\"breadcrumb\":{\"@id\":\"https:\\\/\\\/www.yucatanencorto.com\\\/noticias\\\/joven-muere-al-ir-por-anillo-de-compromiso\\\/#breadcrumb\"},\"inLanguage\":\"es\",\"potentialAction\":[{\"@type\":\"ReadAction\",\"target\":[\"https:\\\/\\\/www.yucatanencorto.com\\\/noticias\\\/joven-muere-al-ir-por-anillo-de-compromiso\\\/\"]}]},{\"@type\":\"ImageObject\",\"inLanguage\":\"es\",\"@id\":\"https:\\\/\\\/www.yucatanencorto.com\\\/noticias\\\/joven-muere-al-ir-por-anillo-de-compromiso\\\/#primaryimage\",\"url\":\"https:\\\/\\\/www.yucatanencorto.com\\\/noticias\\\/wp-content\\\/uploads\\\/2022\\\/08\\\/carta.png\",\"contentUrl\":\"https:\\\/\\\/www.yucatanencorto.com\\\/noticias\\\/wp-content\\\/uploads\\\/2022\\\/08\\\/carta.png\",\"width\":439,\"height\":491},{\"@type\":\"BreadcrumbList\",\"@id\":\"https:\\\/\\\/www.yucatanencorto.com\\\/noticias\\\/joven-muere-al-ir-por-anillo-de-compromiso\\\/#breadcrumb\",\"itemListElement\":[{\"@type\":\"ListItem\",\"position\":1,\"name\":\"Portada\",\"item\":\"https:\\\/\\\/www.yucatanencorto.com\\\/noticias\\\/\"},{\"@type\":\"ListItem\",\"position\":2,\"name\":\"Joven muere al ir por anillo de compromiso\"}]},{\"@type\":\"WebSite\",\"@id\":\"https:\\\/\\\/www.yucatanencorto.com\\\/noticias\\\/#website\",\"url\":\"https:\\\/\\\/www.yucatanencorto.com\\\/noticias\\\/\",\"name\":\"Yucat\u00e1n en corto\",\"description\":\"Noticias\",\"potentialAction\":[{\"@type\":\"SearchAction\",\"target\":{\"@type\":\"EntryPoint\",\"urlTemplate\":\"https:\\\/\\\/www.yucatanencorto.com\\\/noticias\\\/?s={search_term_string}\"},\"query-input\":{\"@type\":\"PropertyValueSpecification\",\"valueRequired\":true,\"valueName\":\"search_term_string\"}}],\"inLanguage\":\"es\"},{\"@type\":\"Person\",\"@id\":\"https:\\\/\\\/www.yucatanencorto.com\\\/noticias\\\/#\\\/schema\\\/person\\\/14f82d355225a1f4075dd84a31f45a72\",\"name\":\"Yucat\u00e1n en Corto FC\",\"image\":{\"@type\":\"ImageObject\",\"inLanguage\":\"es\",\"@id\":\"https:\\\/\\\/secure.gravatar.com\\\/avatar\\\/147d4b30cd728c53c29c49a3f7834dedca33707f4cd259761355846009a88250?s=96&d=mm&r=g\",\"url\":\"https:\\\/\\\/secure.gravatar.com\\\/avatar\\\/147d4b30cd728c53c29c49a3f7834dedca33707f4cd259761355846009a88250?s=96&d=mm&r=g\",\"contentUrl\":\"https:\\\/\\\/secure.gravatar.com\\\/avatar\\\/147d4b30cd728c53c29c49a3f7834dedca33707f4cd259761355846009a88250?s=96&d=mm&r=g\",\"caption\":\"Yucat\u00e1n en Corto FC\"},\"url\":\"https:\\\/\\\/www.yucatanencorto.com\\\/noticias\\\/author\\\/flor\\\/\"}]}<\/script>\n<!-- \/ Yoast SEO plugin. -->","yoast_head_json":{"title":"Joven muere al ir por anillo de compromiso - Yucat\u00e1n en corto","robots":{"index":"index","follow":"follow","max-snippet":"max-snippet:-1","max-image-preview":"max-image-preview:large","max-video-preview":"max-video-preview:-1"},"canonical":"https:\/\/www.yucatanencorto.com\/noticias\/joven-muere-al-ir-por-anillo-de-compromiso\/","og_locale":"es_ES","og_type":"article","og_title":"Joven muere al ir por anillo de compromiso - Yucat\u00e1n en corto","og_description":"Sin importar lo material, el joven\u00a0realiz\u00f3 la propuesta\u00a0a su novia con una\u00a0sortija de papel.\u00a0Al recibir el s\u00ed, el enamorado\u00a0prometi\u00f3\u00a0que lo cambiar\u00eda por un\u00a0anillo real.\u00a0Po eso, el hombre\u00a0acudi\u00f3 a una joyer\u00eda\u00a0donde busc\u00f3 el objeto\u00a0m\u00e1s precioso,\u00a0y entre tantas opciones\u00a0se decidi\u00f3 por uno.\u00a0El lugar le dijo que\u00a0en tres d\u00edas tendr\u00edan el regalo. Despu\u00e9s de esa fecha\u00a0Alejandro no se [&hellip;]","og_url":"https:\/\/www.yucatanencorto.com\/noticias\/joven-muere-al-ir-por-anillo-de-compromiso\/","og_site_name":"Yucat\u00e1n en corto","article_publisher":"http:\/\/www.facebook.com\/yucatanencorto","article_published_time":"2022-08-18T14:09:06+00:00","og_image":[{"width":439,"height":491,"url":"https:\/\/www.yucatanencorto.com\/noticias\/wp-content\/uploads\/2022\/08\/carta.png","type":"image\/png"}],"author":"Yucat\u00e1n en Corto FC","twitter_card":"summary_large_image","twitter_creator":"@yucatanencorto","twitter_site":"@yucatanencorto","twitter_misc":{"Escrito por":"Yucat\u00e1n en Corto FC","Tiempo de lectura":"2 minutos"},"schema":{"@context":"https:\/\/schema.org","@graph":[{"@type":"Article","@id":"https:\/\/www.yucatanencorto.com\/noticias\/joven-muere-al-ir-por-anillo-de-compromiso\/#article","isPartOf":{"@id":"https:\/\/www.yucatanencorto.com\/noticias\/joven-muere-al-ir-por-anillo-de-compromiso\/"},"author":{"name":"Yucat\u00e1n en Corto FC","@id":"https:\/\/www.yucatanencorto.com\/noticias\/#\/schema\/person\/14f82d355225a1f4075dd84a31f45a72"},"headline":"Joven muere al ir por anillo de compromiso","datePublished":"2022-08-18T14:09:06+00:00","mainEntityOfPage":{"@id":"https:\/\/www.yucatanencorto.com\/noticias\/joven-muere-al-ir-por-anillo-de-compromiso\/"},"wordCount":353,"image":{"@id":"https:\/\/www.yucatanencorto.com\/noticias\/joven-muere-al-ir-por-anillo-de-compromiso\/#primaryimage"},"thumbnailUrl":"https:\/\/www.yucatanencorto.com\/noticias\/wp-content\/uploads\/2022\/08\/carta.png","articleSection":["Viral y Asombroso"],"inLanguage":"es"},{"@type":"WebPage","@id":"https:\/\/www.yucatanencorto.com\/noticias\/joven-muere-al-ir-por-anillo-de-compromiso\/","url":"https:\/\/www.yucatanencorto.com\/noticias\/joven-muere-al-ir-por-anillo-de-compromiso\/","name":"Joven muere al ir por anillo de compromiso - Yucat\u00e1n en corto","isPartOf":{"@id":"https:\/\/www.yucatanencorto.com\/noticias\/#website"},"primaryImageOfPage":{"@id":"https:\/\/www.yucatanencorto.com\/noticias\/joven-muere-al-ir-por-anillo-de-compromiso\/#primaryimage"},"image":{"@id":"https:\/\/www.yucatanencorto.com\/noticias\/joven-muere-al-ir-por-anillo-de-compromiso\/#primaryimage"},"thumbnailUrl":"https:\/\/www.yucatanencorto.com\/noticias\/wp-content\/uploads\/2022\/08\/carta.png","datePublished":"2022-08-18T14:09:06+00:00","author":{"@id":"https:\/\/www.yucatanencorto.com\/noticias\/#\/schema\/person\/14f82d355225a1f4075dd84a31f45a72"},"breadcrumb":{"@id":"https:\/\/www.yucatanencorto.com\/noticias\/joven-muere-al-ir-por-anillo-de-compromiso\/#breadcrumb"},"inLanguage":"es","potentialAction":[{"@type":"ReadAction","target":["https:\/\/www.yucatanencorto.com\/noticias\/joven-muere-al-ir-por-anillo-de-compromiso\/"]}]},{"@type":"ImageObject","inLanguage":"es","@id":"https:\/\/www.yucatanencorto.com\/noticias\/joven-muere-al-ir-por-anillo-de-compromiso\/#primaryimage","url":"https:\/\/www.yucatanencorto.com\/noticias\/wp-content\/uploads\/2022\/08\/carta.png","contentUrl":"https:\/\/www.yucatanencorto.com\/noticias\/wp-content\/uploads\/2022\/08\/carta.png","width":439,"height":491},{"@type":"BreadcrumbList","@id":"https:\/\/www.yucatanencorto.com\/noticias\/joven-muere-al-ir-por-anillo-de-compromiso\/#breadcrumb","itemListElement":[{"@type":"ListItem","position":1,"name":"Portada","item":"https:\/\/www.yucatanencorto.com\/noticias\/"},{"@type":"ListItem","position":2,"name":"Joven muere al ir por anillo de compromiso"}]},{"@type":"WebSite","@id":"https:\/\/www.yucatanencorto.com\/noticias\/#website","url":"https:\/\/www.yucatanencorto.com\/noticias\/","name":"Yucat\u00e1n en corto","description":"Noticias","potentialAction":[{"@type":"SearchAction","target":{"@type":"EntryPoint","urlTemplate":"https:\/\/www.yucatanencorto.com\/noticias\/?s={search_term_string}"},"query-input":{"@type":"PropertyValueSpecification","valueRequired":true,"valueName":"search_term_string"}}],"inLanguage":"es"},{"@type":"Person","@id":"https:\/\/www.yucatanencorto.com\/noticias\/#\/schema\/person\/14f82d355225a1f4075dd84a31f45a72","name":"Yucat\u00e1n en Corto FC","image":{"@type":"ImageObject","inLanguage":"es","@id":"https:\/\/secure.gravatar.com\/avatar\/147d4b30cd728c53c29c49a3f7834dedca33707f4cd259761355846009a88250?s=96&d=mm&r=g","url":"https:\/\/secure.gravatar.com\/avatar\/147d4b30cd728c53c29c49a3f7834dedca33707f4cd259761355846009a88250?s=96&d=mm&r=g","contentUrl":"https:\/\/secure.gravatar.com\/avatar\/147d4b30cd728c53c29c49a3f7834dedca33707f4cd259761355846009a88250?s=96&d=mm&r=g","caption":"Yucat\u00e1n en Corto FC"},"url":"https:\/\/www.yucatanencorto.com\/noticias\/author\/flor\/"}]}},"_links":{"self":[{"href":"https:\/\/www.yucatanencorto.com\/noticias\/wp-json\/wp\/v2\/posts\/92783","targetHints":{"allow":["GET"]}}],"collection":[{"href":"https:\/\/www.yucatanencorto.com\/noticias\/wp-json\/wp\/v2\/posts"}],"about":[{"href":"https:\/\/www.yucatanencorto.com\/noticias\/wp-json\/wp\/v2\/types\/post"}],"author":[{"embeddable":true,"href":"https:\/\/www.yucatanencorto.com\/noticias\/wp-json\/wp\/v2\/users\/2"}],"replies":[{"embeddable":true,"href":"https:\/\/www.yucatanencorto.com\/noticias\/wp-json\/wp\/v2\/comments?post=92783"}],"version-history":[{"count":0,"href":"https:\/\/www.yucatanencorto.com\/noticias\/wp-json\/wp\/v2\/posts\/92783\/revisions"}],"wp:featuredmedia":[{"embeddable":true,"href":"https:\/\/www.yucatanencorto.com\/noticias\/wp-json\/wp\/v2\/media\/92784"}],"wp:attachment":[{"href":"https:\/\/www.yucatanencorto.com\/noticias\/wp-json\/wp\/v2\/media?parent=92783"}],"wp:term":[{"taxonomy":"category","embeddable":true,"href":"https:\/\/www.yucatanencorto.com\/noticias\/wp-json\/wp\/v2\/categories?post=92783"},{"taxonomy":"post_tag","embeddable":true,"href":"https:\/\/www.yucatanencorto.com\/noticias\/wp-json\/wp\/v2\/tags?post=92783"}],"curies":[{"name":"wp","href":"https:\/\/api.w.org\/{rel}","templated":true}]}}