{"id":92789,"date":"2022-08-18T15:21:27","date_gmt":"2022-08-18T20:21:27","guid":{"rendered":"https:\/\/www.yucatanencorto.com\/noticias\/?p=92789"},"modified":"2022-08-18T15:21:27","modified_gmt":"2022-08-18T20:21:27","slug":"llega-a-kanasin-caravana-yucatan-por-el-hambre-cero","status":"publish","type":"post","link":"https:\/\/www.yucatanencorto.com\/noticias\/llega-a-kanasin-caravana-yucatan-por-el-hambre-cero\/","title":{"rendered":"Llega a Kanas\u00edn caravana \u201cYucat\u00e1n por el Hambre Cero\u201d\u00a0"},"content":{"rendered":"<p><img loading=\"lazy\" decoding=\"async\" class=\"alignnone size-full wp-image-92790\" src=\"https:\/\/www.yucatanencorto.com\/noticias\/wp-content\/uploads\/2022\/08\/IMG-20220818-WA0018-scaled.jpg\" alt=\"\" width=\"768\" height=\"768\" srcset=\"https:\/\/www.yucatanencorto.com\/noticias\/wp-content\/uploads\/2022\/08\/IMG-20220818-WA0018-scaled.jpg 768w, https:\/\/www.yucatanencorto.com\/noticias\/wp-content\/uploads\/2022\/08\/IMG-20220818-WA0018-696x697.jpg 696w, https:\/\/www.yucatanencorto.com\/noticias\/wp-content\/uploads\/2022\/08\/IMG-20220818-WA0018-1068x1069.jpg 1068w, https:\/\/www.yucatanencorto.com\/noticias\/wp-content\/uploads\/2022\/08\/IMG-20220818-WA0018-420x420.jpg 420w\" sizes=\"auto, (max-width: 768px) 100vw, 768px\" \/><\/p>\n<p>El Ayuntamiento de Kanas\u00edn extiende una cordial invitaci\u00f3n a participar en la caravana \u201cYucat\u00e1n por el Hambre Cero\u201d, a trav\u00e9s de la cual se brindar\u00e1n una serie de servicios de manera gratuita, de atenci\u00f3n m\u00e9dica y nutricionales, a fin de promover la salud y una adecuada alimentaci\u00f3n entre las familias del municipio.<\/p>\n<p>&nbsp;<\/p>\n<p>Este evento se llevar\u00e1 al cabo este viernes 19 de agosto en el campo deportivo \u201cAlfonso Palma Carrillo, a partir de las 5 de la tare, y es organizado por el sistema DIF Yucat\u00e1n y el DIF de Kanas\u00edn.<\/p>\n<p>&nbsp;<\/p>\n<p>\u201cYucat\u00e1n por el Hambre Cero\u201d es un programa del Gobierno del Estado que tiene como principal objetivo combatir la pobreza y la desnutrici\u00f3n, especialmente a favor de los sectores m\u00e1s vulnerables de la poblaci\u00f3n, de manera que s logra una mejora en la calidad de vida de las personas.<\/p>\n<p>&nbsp;<\/p>\n<p>Adem\u00e1s de que quienes asistan a la caravana podr\u00e1n recibir servicios m\u00e9dicos e informaci\u00f3n nutricional, todo esto de manera gratuita, los asistentes tambi\u00e9n podr\u00e1n participar en diversos juegos, actividades, funciones de teatro, entre otras actividades dirigidas a las ni\u00f1as, ni\u00f1os y j\u00f3venes de Kanas\u00edn.<\/p>\n<p>&nbsp;<\/p>\n<p>La llegada de la caravana \u201cYucat\u00e1n por el Hambre Cero\u201d es tambi\u00e9n resultado de las gestiones que realiza el alcalde Edwin Boj\u00f3rquez Ram\u00edrez, de llevar al municipio servicios y acciones que impulsen una mejor calidad de vida entre la poblaci\u00f3n, pero sobre todo dando respuesta a su compromiso de trabajar a favor de las personas que viven en vulnerabilidad.<\/p>\n","protected":false},"excerpt":{"rendered":"<p>El Ayuntamiento de Kanas\u00edn extiende una cordial invitaci\u00f3n a participar en la caravana \u201cYucat\u00e1n por el Hambre Cero\u201d, a trav\u00e9s de la cual se brindar\u00e1n una serie de servicios de manera gratuita, de atenci\u00f3n m\u00e9dica y nutricionales, a fin de promover la salud y una adecuada alimentaci\u00f3n entre las familias del municipio. &nbsp; Este evento [&hellip;]<\/p>\n","protected":false},"author":2,"featured_media":92790,"comment_status":"closed","ping_status":"closed","sticky":false,"template":"","format":"standard","meta":{"footnotes":""},"categories":[3],"tags":[],"class_list":{"0":"post-92789","1":"post","2":"type-post","3":"status-publish","4":"format-standard","5":"has-post-thumbnail","7":"category-yucatan"},"yoast_head":"<!-- This site is optimized with the Yoast SEO plugin v27.5 - https:\/\/yoast.com\/product\/yoast-seo-wordpress\/ -->\n<title>Llega a Kanas\u00edn caravana \u201cYucat\u00e1n por el Hambre Cero\u201d\u00a0 - Yucat\u00e1n en corto<\/title>\n<meta name=\"robots\" content=\"index, follow, max-snippet:-1, max-image-preview:large, max-video-preview:-1\" \/>\n<link rel=\"canonical\" href=\"https:\/\/www.yucatanencorto.com\/noticias\/llega-a-kanasin-caravana-yucatan-por-el-hambre-cero\/\" \/>\n<meta property=\"og:locale\" content=\"es_ES\" \/>\n<meta property=\"og:type\" content=\"article\" \/>\n<meta property=\"og:title\" content=\"Llega a Kanas\u00edn caravana \u201cYucat\u00e1n por el Hambre Cero\u201d\u00a0 - Yucat\u00e1n en corto\" \/>\n<meta property=\"og:description\" content=\"El Ayuntamiento de Kanas\u00edn extiende una cordial invitaci\u00f3n a participar en la caravana \u201cYucat\u00e1n por el Hambre Cero\u201d, a trav\u00e9s de la cual se brindar\u00e1n una serie de servicios de manera gratuita, de atenci\u00f3n m\u00e9dica y nutricionales, a fin de promover la salud y una adecuada alimentaci\u00f3n entre las familias del municipio. &nbsp; Este evento [&hellip;]\" \/>\n<meta property=\"og:url\" content=\"https:\/\/www.yucatanencorto.com\/noticias\/llega-a-kanasin-caravana-yucatan-por-el-hambre-cero\/\" \/>\n<meta property=\"og:site_name\" content=\"Yucat\u00e1n en corto\" \/>\n<meta property=\"article:publisher\" content=\"http:\/\/www.facebook.com\/yucatanencorto\" \/>\n<meta property=\"article:published_time\" content=\"2022-08-18T20:21:27+00:00\" \/>\n<meta property=\"og:image\" content=\"https:\/\/www.yucatanencorto.com\/noticias\/wp-content\/uploads\/2022\/08\/IMG-20220818-WA0018-scaled.jpg\" \/>\n\t<meta property=\"og:image:width\" content=\"768\" \/>\n\t<meta property=\"og:image:height\" content=\"768\" \/>\n\t<meta property=\"og:image:type\" content=\"image\/jpeg\" \/>\n<meta name=\"author\" content=\"Yucat\u00e1n en Corto FC\" \/>\n<meta name=\"twitter:card\" content=\"summary_large_image\" \/>\n<meta name=\"twitter:creator\" content=\"@yucatanencorto\" \/>\n<meta name=\"twitter:site\" content=\"@yucatanencorto\" \/>\n<meta name=\"twitter:label1\" content=\"Escrito por\" \/>\n\t<meta name=\"twitter:data1\" content=\"Yucat\u00e1n en Corto FC\" \/>\n\t<meta name=\"twitter:label2\" content=\"Tiempo de lectura\" \/>\n\t<meta name=\"twitter:data2\" content=\"2 minutos\" \/>\n<script type=\"application\/ld+json\" class=\"yoast-schema-graph\">{\"@context\":\"https:\\\/\\\/schema.org\",\"@graph\":[{\"@type\":\"Article\",\"@id\":\"https:\\\/\\\/www.yucatanencorto.com\\\/noticias\\\/llega-a-kanasin-caravana-yucatan-por-el-hambre-cero\\\/#article\",\"isPartOf\":{\"@id\":\"https:\\\/\\\/www.yucatanencorto.com\\\/noticias\\\/llega-a-kanasin-caravana-yucatan-por-el-hambre-cero\\\/\"},\"author\":{\"name\":\"Yucat\u00e1n en Corto FC\",\"@id\":\"https:\\\/\\\/www.yucatanencorto.com\\\/noticias\\\/#\\\/schema\\\/person\\\/14f82d355225a1f4075dd84a31f45a72\"},\"headline\":\"Llega a Kanas\u00edn caravana \u201cYucat\u00e1n por el Hambre Cero\u201d\u00a0\",\"datePublished\":\"2022-08-18T20:21:27+00:00\",\"mainEntityOfPage\":{\"@id\":\"https:\\\/\\\/www.yucatanencorto.com\\\/noticias\\\/llega-a-kanasin-caravana-yucatan-por-el-hambre-cero\\\/\"},\"wordCount\":285,\"image\":{\"@id\":\"https:\\\/\\\/www.yucatanencorto.com\\\/noticias\\\/llega-a-kanasin-caravana-yucatan-por-el-hambre-cero\\\/#primaryimage\"},\"thumbnailUrl\":\"https:\\\/\\\/www.yucatanencorto.com\\\/noticias\\\/wp-content\\\/uploads\\\/2022\\\/08\\\/IMG-20220818-WA0018-scaled.jpg\",\"articleSection\":[\"Yucat\u00e1n\"],\"inLanguage\":\"es\"},{\"@type\":\"WebPage\",\"@id\":\"https:\\\/\\\/www.yucatanencorto.com\\\/noticias\\\/llega-a-kanasin-caravana-yucatan-por-el-hambre-cero\\\/\",\"url\":\"https:\\\/\\\/www.yucatanencorto.com\\\/noticias\\\/llega-a-kanasin-caravana-yucatan-por-el-hambre-cero\\\/\",\"name\":\"Llega a Kanas\u00edn caravana \u201cYucat\u00e1n por el Hambre Cero\u201d\u00a0 - Yucat\u00e1n en corto\",\"isPartOf\":{\"@id\":\"https:\\\/\\\/www.yucatanencorto.com\\\/noticias\\\/#website\"},\"primaryImageOfPage\":{\"@id\":\"https:\\\/\\\/www.yucatanencorto.com\\\/noticias\\\/llega-a-kanasin-caravana-yucatan-por-el-hambre-cero\\\/#primaryimage\"},\"image\":{\"@id\":\"https:\\\/\\\/www.yucatanencorto.com\\\/noticias\\\/llega-a-kanasin-caravana-yucatan-por-el-hambre-cero\\\/#primaryimage\"},\"thumbnailUrl\":\"https:\\\/\\\/www.yucatanencorto.com\\\/noticias\\\/wp-content\\\/uploads\\\/2022\\\/08\\\/IMG-20220818-WA0018-scaled.jpg\",\"datePublished\":\"2022-08-18T20:21:27+00:00\",\"author\":{\"@id\":\"https:\\\/\\\/www.yucatanencorto.com\\\/noticias\\\/#\\\/schema\\\/person\\\/14f82d355225a1f4075dd84a31f45a72\"},\"breadcrumb\":{\"@id\":\"https:\\\/\\\/www.yucatanencorto.com\\\/noticias\\\/llega-a-kanasin-caravana-yucatan-por-el-hambre-cero\\\/#breadcrumb\"},\"inLanguage\":\"es\",\"potentialAction\":[{\"@type\":\"ReadAction\",\"target\":[\"https:\\\/\\\/www.yucatanencorto.com\\\/noticias\\\/llega-a-kanasin-caravana-yucatan-por-el-hambre-cero\\\/\"]}]},{\"@type\":\"ImageObject\",\"inLanguage\":\"es\",\"@id\":\"https:\\\/\\\/www.yucatanencorto.com\\\/noticias\\\/llega-a-kanasin-caravana-yucatan-por-el-hambre-cero\\\/#primaryimage\",\"url\":\"https:\\\/\\\/www.yucatanencorto.com\\\/noticias\\\/wp-content\\\/uploads\\\/2022\\\/08\\\/IMG-20220818-WA0018-scaled.jpg\",\"contentUrl\":\"https:\\\/\\\/www.yucatanencorto.com\\\/noticias\\\/wp-content\\\/uploads\\\/2022\\\/08\\\/IMG-20220818-WA0018-scaled.jpg\",\"width\":768,\"height\":768},{\"@type\":\"BreadcrumbList\",\"@id\":\"https:\\\/\\\/www.yucatanencorto.com\\\/noticias\\\/llega-a-kanasin-caravana-yucatan-por-el-hambre-cero\\\/#breadcrumb\",\"itemListElement\":[{\"@type\":\"ListItem\",\"position\":1,\"name\":\"Portada\",\"item\":\"https:\\\/\\\/www.yucatanencorto.com\\\/noticias\\\/\"},{\"@type\":\"ListItem\",\"position\":2,\"name\":\"Llega a Kanas\u00edn caravana \u201cYucat\u00e1n por el Hambre Cero\u201d\u00a0\"}]},{\"@type\":\"WebSite\",\"@id\":\"https:\\\/\\\/www.yucatanencorto.com\\\/noticias\\\/#website\",\"url\":\"https:\\\/\\\/www.yucatanencorto.com\\\/noticias\\\/\",\"name\":\"Yucat\u00e1n en corto\",\"description\":\"Noticias\",\"potentialAction\":[{\"@type\":\"SearchAction\",\"target\":{\"@type\":\"EntryPoint\",\"urlTemplate\":\"https:\\\/\\\/www.yucatanencorto.com\\\/noticias\\\/?s={search_term_string}\"},\"query-input\":{\"@type\":\"PropertyValueSpecification\",\"valueRequired\":true,\"valueName\":\"search_term_string\"}}],\"inLanguage\":\"es\"},{\"@type\":\"Person\",\"@id\":\"https:\\\/\\\/www.yucatanencorto.com\\\/noticias\\\/#\\\/schema\\\/person\\\/14f82d355225a1f4075dd84a31f45a72\",\"name\":\"Yucat\u00e1n en Corto FC\",\"image\":{\"@type\":\"ImageObject\",\"inLanguage\":\"es\",\"@id\":\"https:\\\/\\\/secure.gravatar.com\\\/avatar\\\/147d4b30cd728c53c29c49a3f7834dedca33707f4cd259761355846009a88250?s=96&d=mm&r=g\",\"url\":\"https:\\\/\\\/secure.gravatar.com\\\/avatar\\\/147d4b30cd728c53c29c49a3f7834dedca33707f4cd259761355846009a88250?s=96&d=mm&r=g\",\"contentUrl\":\"https:\\\/\\\/secure.gravatar.com\\\/avatar\\\/147d4b30cd728c53c29c49a3f7834dedca33707f4cd259761355846009a88250?s=96&d=mm&r=g\",\"caption\":\"Yucat\u00e1n en Corto FC\"},\"url\":\"https:\\\/\\\/www.yucatanencorto.com\\\/noticias\\\/author\\\/flor\\\/\"}]}<\/script>\n<!-- \/ Yoast SEO plugin. -->","yoast_head_json":{"title":"Llega a Kanas\u00edn caravana \u201cYucat\u00e1n por el Hambre Cero\u201d\u00a0 - Yucat\u00e1n en corto","robots":{"index":"index","follow":"follow","max-snippet":"max-snippet:-1","max-image-preview":"max-image-preview:large","max-video-preview":"max-video-preview:-1"},"canonical":"https:\/\/www.yucatanencorto.com\/noticias\/llega-a-kanasin-caravana-yucatan-por-el-hambre-cero\/","og_locale":"es_ES","og_type":"article","og_title":"Llega a Kanas\u00edn caravana \u201cYucat\u00e1n por el Hambre Cero\u201d\u00a0 - Yucat\u00e1n en corto","og_description":"El Ayuntamiento de Kanas\u00edn extiende una cordial invitaci\u00f3n a participar en la caravana \u201cYucat\u00e1n por el Hambre Cero\u201d, a trav\u00e9s de la cual se brindar\u00e1n una serie de servicios de manera gratuita, de atenci\u00f3n m\u00e9dica y nutricionales, a fin de promover la salud y una adecuada alimentaci\u00f3n entre las familias del municipio. &nbsp; Este evento [&hellip;]","og_url":"https:\/\/www.yucatanencorto.com\/noticias\/llega-a-kanasin-caravana-yucatan-por-el-hambre-cero\/","og_site_name":"Yucat\u00e1n en corto","article_publisher":"http:\/\/www.facebook.com\/yucatanencorto","article_published_time":"2022-08-18T20:21:27+00:00","og_image":[{"width":768,"height":768,"url":"https:\/\/www.yucatanencorto.com\/noticias\/wp-content\/uploads\/2022\/08\/IMG-20220818-WA0018-scaled.jpg","type":"image\/jpeg"}],"author":"Yucat\u00e1n en Corto FC","twitter_card":"summary_large_image","twitter_creator":"@yucatanencorto","twitter_site":"@yucatanencorto","twitter_misc":{"Escrito por":"Yucat\u00e1n en Corto FC","Tiempo de lectura":"2 minutos"},"schema":{"@context":"https:\/\/schema.org","@graph":[{"@type":"Article","@id":"https:\/\/www.yucatanencorto.com\/noticias\/llega-a-kanasin-caravana-yucatan-por-el-hambre-cero\/#article","isPartOf":{"@id":"https:\/\/www.yucatanencorto.com\/noticias\/llega-a-kanasin-caravana-yucatan-por-el-hambre-cero\/"},"author":{"name":"Yucat\u00e1n en Corto FC","@id":"https:\/\/www.yucatanencorto.com\/noticias\/#\/schema\/person\/14f82d355225a1f4075dd84a31f45a72"},"headline":"Llega a Kanas\u00edn caravana \u201cYucat\u00e1n por el Hambre Cero\u201d\u00a0","datePublished":"2022-08-18T20:21:27+00:00","mainEntityOfPage":{"@id":"https:\/\/www.yucatanencorto.com\/noticias\/llega-a-kanasin-caravana-yucatan-por-el-hambre-cero\/"},"wordCount":285,"image":{"@id":"https:\/\/www.yucatanencorto.com\/noticias\/llega-a-kanasin-caravana-yucatan-por-el-hambre-cero\/#primaryimage"},"thumbnailUrl":"https:\/\/www.yucatanencorto.com\/noticias\/wp-content\/uploads\/2022\/08\/IMG-20220818-WA0018-scaled.jpg","articleSection":["Yucat\u00e1n"],"inLanguage":"es"},{"@type":"WebPage","@id":"https:\/\/www.yucatanencorto.com\/noticias\/llega-a-kanasin-caravana-yucatan-por-el-hambre-cero\/","url":"https:\/\/www.yucatanencorto.com\/noticias\/llega-a-kanasin-caravana-yucatan-por-el-hambre-cero\/","name":"Llega a Kanas\u00edn caravana \u201cYucat\u00e1n por el Hambre Cero\u201d\u00a0 - Yucat\u00e1n en corto","isPartOf":{"@id":"https:\/\/www.yucatanencorto.com\/noticias\/#website"},"primaryImageOfPage":{"@id":"https:\/\/www.yucatanencorto.com\/noticias\/llega-a-kanasin-caravana-yucatan-por-el-hambre-cero\/#primaryimage"},"image":{"@id":"https:\/\/www.yucatanencorto.com\/noticias\/llega-a-kanasin-caravana-yucatan-por-el-hambre-cero\/#primaryimage"},"thumbnailUrl":"https:\/\/www.yucatanencorto.com\/noticias\/wp-content\/uploads\/2022\/08\/IMG-20220818-WA0018-scaled.jpg","datePublished":"2022-08-18T20:21:27+00:00","author":{"@id":"https:\/\/www.yucatanencorto.com\/noticias\/#\/schema\/person\/14f82d355225a1f4075dd84a31f45a72"},"breadcrumb":{"@id":"https:\/\/www.yucatanencorto.com\/noticias\/llega-a-kanasin-caravana-yucatan-por-el-hambre-cero\/#breadcrumb"},"inLanguage":"es","potentialAction":[{"@type":"ReadAction","target":["https:\/\/www.yucatanencorto.com\/noticias\/llega-a-kanasin-caravana-yucatan-por-el-hambre-cero\/"]}]},{"@type":"ImageObject","inLanguage":"es","@id":"https:\/\/www.yucatanencorto.com\/noticias\/llega-a-kanasin-caravana-yucatan-por-el-hambre-cero\/#primaryimage","url":"https:\/\/www.yucatanencorto.com\/noticias\/wp-content\/uploads\/2022\/08\/IMG-20220818-WA0018-scaled.jpg","contentUrl":"https:\/\/www.yucatanencorto.com\/noticias\/wp-content\/uploads\/2022\/08\/IMG-20220818-WA0018-scaled.jpg","width":768,"height":768},{"@type":"BreadcrumbList","@id":"https:\/\/www.yucatanencorto.com\/noticias\/llega-a-kanasin-caravana-yucatan-por-el-hambre-cero\/#breadcrumb","itemListElement":[{"@type":"ListItem","position":1,"name":"Portada","item":"https:\/\/www.yucatanencorto.com\/noticias\/"},{"@type":"ListItem","position":2,"name":"Llega a Kanas\u00edn caravana \u201cYucat\u00e1n por el Hambre Cero\u201d\u00a0"}]},{"@type":"WebSite","@id":"https:\/\/www.yucatanencorto.com\/noticias\/#website","url":"https:\/\/www.yucatanencorto.com\/noticias\/","name":"Yucat\u00e1n en corto","description":"Noticias","potentialAction":[{"@type":"SearchAction","target":{"@type":"EntryPoint","urlTemplate":"https:\/\/www.yucatanencorto.com\/noticias\/?s={search_term_string}"},"query-input":{"@type":"PropertyValueSpecification","valueRequired":true,"valueName":"search_term_string"}}],"inLanguage":"es"},{"@type":"Person","@id":"https:\/\/www.yucatanencorto.com\/noticias\/#\/schema\/person\/14f82d355225a1f4075dd84a31f45a72","name":"Yucat\u00e1n en Corto FC","image":{"@type":"ImageObject","inLanguage":"es","@id":"https:\/\/secure.gravatar.com\/avatar\/147d4b30cd728c53c29c49a3f7834dedca33707f4cd259761355846009a88250?s=96&d=mm&r=g","url":"https:\/\/secure.gravatar.com\/avatar\/147d4b30cd728c53c29c49a3f7834dedca33707f4cd259761355846009a88250?s=96&d=mm&r=g","contentUrl":"https:\/\/secure.gravatar.com\/avatar\/147d4b30cd728c53c29c49a3f7834dedca33707f4cd259761355846009a88250?s=96&d=mm&r=g","caption":"Yucat\u00e1n en Corto FC"},"url":"https:\/\/www.yucatanencorto.com\/noticias\/author\/flor\/"}]}},"_links":{"self":[{"href":"https:\/\/www.yucatanencorto.com\/noticias\/wp-json\/wp\/v2\/posts\/92789","targetHints":{"allow":["GET"]}}],"collection":[{"href":"https:\/\/www.yucatanencorto.com\/noticias\/wp-json\/wp\/v2\/posts"}],"about":[{"href":"https:\/\/www.yucatanencorto.com\/noticias\/wp-json\/wp\/v2\/types\/post"}],"author":[{"embeddable":true,"href":"https:\/\/www.yucatanencorto.com\/noticias\/wp-json\/wp\/v2\/users\/2"}],"replies":[{"embeddable":true,"href":"https:\/\/www.yucatanencorto.com\/noticias\/wp-json\/wp\/v2\/comments?post=92789"}],"version-history":[{"count":0,"href":"https:\/\/www.yucatanencorto.com\/noticias\/wp-json\/wp\/v2\/posts\/92789\/revisions"}],"wp:featuredmedia":[{"embeddable":true,"href":"https:\/\/www.yucatanencorto.com\/noticias\/wp-json\/wp\/v2\/media\/92790"}],"wp:attachment":[{"href":"https:\/\/www.yucatanencorto.com\/noticias\/wp-json\/wp\/v2\/media?parent=92789"}],"wp:term":[{"taxonomy":"category","embeddable":true,"href":"https:\/\/www.yucatanencorto.com\/noticias\/wp-json\/wp\/v2\/categories?post=92789"},{"taxonomy":"post_tag","embeddable":true,"href":"https:\/\/www.yucatanencorto.com\/noticias\/wp-json\/wp\/v2\/tags?post=92789"}],"curies":[{"name":"wp","href":"https:\/\/api.w.org\/{rel}","templated":true}]}}