{"id":92802,"date":"2022-08-19T15:46:16","date_gmt":"2022-08-19T20:46:16","guid":{"rendered":"https:\/\/www.yucatanencorto.com\/noticias\/?p=92802"},"modified":"2022-08-19T15:46:16","modified_gmt":"2022-08-19T20:46:16","slug":"apoyan-a-ninas-yucatecas-para-que-participen-en-concurso-internacional-de-ciencias-en-paraguay","status":"publish","type":"post","link":"https:\/\/www.yucatanencorto.com\/noticias\/apoyan-a-ninas-yucatecas-para-que-participen-en-concurso-internacional-de-ciencias-en-paraguay\/","title":{"rendered":"Apoyan a ni\u00f1as yucatecas para que participen en concurso internacional de ciencias en Paraguay"},"content":{"rendered":"<p dir=\"ltr\"><img loading=\"lazy\" decoding=\"async\" class=\"alignnone size-full wp-image-92803\" src=\"https:\/\/www.yucatanencorto.com\/noticias\/wp-content\/uploads\/2022\/08\/0001-3-scaled.jpg\" alt=\"\" width=\"768\" height=\"539\" srcset=\"https:\/\/www.yucatanencorto.com\/noticias\/wp-content\/uploads\/2022\/08\/0001-3-scaled.jpg 768w, https:\/\/www.yucatanencorto.com\/noticias\/wp-content\/uploads\/2022\/08\/0001-3-696x489.jpg 696w, https:\/\/www.yucatanencorto.com\/noticias\/wp-content\/uploads\/2022\/08\/0001-3-1068x750.jpg 1068w, https:\/\/www.yucatanencorto.com\/noticias\/wp-content\/uploads\/2022\/08\/0001-3-598x420.jpg 598w, https:\/\/www.yucatanencorto.com\/noticias\/wp-content\/uploads\/2022\/08\/0001-3-100x70.jpg 100w\" sizes=\"auto, (max-width: 768px) 100vw, 768px\" \/><\/p>\n<p dir=\"ltr\">M\u00e9rida, Yucat\u00e1n, 19 de agosto de 2022.- El talento, el esfuerzo y la dedicaci\u00f3n que Evelyn Noem\u00ed Lugo G\u00f3ngora y Andrea Gabriela Burgos Maga\u00f1a han puesto en su proyecto de ciencia, recibieron impulso del Gobernador Mauricio Vila Dosal, quien las apoya con la transportaci\u00f3n a\u00e9rea y un est\u00edmulo econ\u00f3mico, destinados a los gastos de su viaje para participar en la ExpoCiencias internacional \u201cFacitec Girasoles\u201d 2022, que se realizar\u00e1 del 22 al 28 de agosto, en Paraguay.<\/p>\n<p>&nbsp;<\/p>\n<p dir=\"ltr\">Vila Dosal recibi\u00f3 a las originarias de Oxkutzcab, egresadas de la escuela primaria \u201cValent\u00edn G\u00f3mez Far\u00edas\u201d, y les reiter\u00f3 su respaldo para continuar poniendo en alto los nombres de Yucat\u00e1n y M\u00e9xico en el extranjero, con \u201cCiencia Maya. Los hallazgos sorprendentes del castillo de Chich\u00e9n Itz\u00e1\u201d, prototipo que, con una maqueta, demuestra el descenso de Kukulc\u00e1n, la Serpiente Emplumada, desde la cosmovisi\u00f3n maya.<\/p>\n<p>&nbsp;<\/p>\n<p dir=\"ltr\">Para ello, otorg\u00f3 a Evelyn Noem\u00ed, de 12 a\u00f1os, y Andrea Gabriela, de 11, respaldo para sus vuelos y garantizar su asistencia a dicho encuentro internacional, viaje que podr\u00e1n realizar tambi\u00e9n con sus mam\u00e1s, as\u00ed como apoyo econ\u00f3mico para sus traslados y comidas, durante su estancia en el pa\u00eds sudamericano.<\/p>\n<p>&nbsp;<\/p>\n<p dir=\"ltr\">Las estudiantes, acompa\u00f1adas de sus madres y la titular de la Secretar\u00eda de las Mujeres (Semujeres), Mar\u00eda Cristina Castillo Espinosa, explicaron al Gobernador de qu\u00e9 se trata su iniciativa innovadora, con la cual se medir\u00e1n en el certamen, como dignas representantes de la entidad y todo el pa\u00eds.<\/p>\n<p>&nbsp;<\/p>\n<p dir=\"ltr\">Ambas alumnas dijeron sentirse muy emocionadas de haber conocido personalmente a Vila Dosal y que les ofrezca ayuda para que su trabajo pueda traspasar fronteras y ser reconocido en diferentes partes tanto de la Rep\u00fablica como del mundo, que es de sus principales aspiraciones.<\/p>\n<p>&nbsp;<\/p>\n<p dir=\"ltr\">\u201cNo puedo creer que conocimos al Gobernador, me siento muy orgullosa de que reconozca el trabajo que, con mucho esfuerzo, hice con mi compa\u00f1era\u201d, indic\u00f3 Andrea Gabriela.<\/p>\n<p>&nbsp;<\/p>\n<p dir=\"ltr\">En su oportunidad, Evelyn Noem\u00ed agradeci\u00f3 a Vila Dosal por el respaldo que les est\u00e1 brindando para llegar hasta Paraguay y mostrar su proyecto, pues \u201cse siente bonito que reconozcan as\u00ed lo que haces, porque quiere decir que lo haces bien\u201d.<\/p>\n<p>&nbsp;<\/p>\n<p dir=\"ltr\">Por su parte, las mam\u00e1s, Julia Gabriela Maga\u00f1a Ruiz y Rosa Luc\u00eda G\u00f3ngora Pacheco, indicaron que se sienten muy orgullosas y satisfechas con el apoyo que sus hijas han recibido del Gobierno, ya que este ha sido fundamental para que sus esfuerzos lleguen tan lejos.<\/p>\n<p>&nbsp;<\/p>\n<p dir=\"ltr\">\u201cEs bonito ver c\u00f3mo su proyecto ha generado tanto inter\u00e9s y apoyo; vemos c\u00f3mo se est\u00e1n cumpliendo sus sue\u00f1os y eso, como mam\u00e1, es lo que nos hace muy felices y nos hace seguir impuls\u00e1ndolos\u201d, a\u00f1adi\u00f3 la primera, madre de Andrea Gabriela.<\/p>\n<p>&nbsp;<\/p>\n<p dir=\"ltr\">Fue en 2021 cuando las ni\u00f1as ocuparon el primer lugar de la ExpoCiencias Yucat\u00e1n, categor\u00eda Pandilla Cient\u00edfica Kids; en diciembre, ganaron su certificaci\u00f3n al certamen de Paraguay durante la Expo Ciencias Nacional, en Durango, y en el D\u00eda Internacional de la Mujer, fueron parte de la campa\u00f1a \u201cMujeres que inspiran\u201d 2022, que promovi\u00f3 la Semujeres.<\/p>\n<p>&nbsp;<\/p>\n","protected":false},"excerpt":{"rendered":"<p>M\u00e9rida, Yucat\u00e1n, 19 de agosto de 2022.- El talento, el esfuerzo y la dedicaci\u00f3n que Evelyn Noem\u00ed Lugo G\u00f3ngora y Andrea Gabriela Burgos Maga\u00f1a han puesto en su proyecto de ciencia, recibieron impulso del Gobernador Mauricio Vila Dosal, quien las apoya con la transportaci\u00f3n a\u00e9rea y un est\u00edmulo econ\u00f3mico, destinados a los gastos de su [&hellip;]<\/p>\n","protected":false},"author":2,"featured_media":92803,"comment_status":"closed","ping_status":"closed","sticky":false,"template":"","format":"standard","meta":{"footnotes":""},"categories":[3],"tags":[],"class_list":{"0":"post-92802","1":"post","2":"type-post","3":"status-publish","4":"format-standard","5":"has-post-thumbnail","7":"category-yucatan"},"yoast_head":"<!-- This site is optimized with the Yoast SEO plugin v27.5 - https:\/\/yoast.com\/product\/yoast-seo-wordpress\/ -->\n<title>Apoyan a ni\u00f1as yucatecas para que participen en concurso internacional de ciencias en Paraguay - Yucat\u00e1n en corto<\/title>\n<meta name=\"robots\" content=\"index, follow, max-snippet:-1, max-image-preview:large, max-video-preview:-1\" \/>\n<link rel=\"canonical\" href=\"https:\/\/www.yucatanencorto.com\/noticias\/apoyan-a-ninas-yucatecas-para-que-participen-en-concurso-internacional-de-ciencias-en-paraguay\/\" \/>\n<meta property=\"og:locale\" content=\"es_ES\" \/>\n<meta property=\"og:type\" content=\"article\" \/>\n<meta property=\"og:title\" content=\"Apoyan a ni\u00f1as yucatecas para que participen en concurso internacional de ciencias en Paraguay - Yucat\u00e1n en corto\" \/>\n<meta property=\"og:description\" content=\"M\u00e9rida, Yucat\u00e1n, 19 de agosto de 2022.- El talento, el esfuerzo y la dedicaci\u00f3n que Evelyn Noem\u00ed Lugo G\u00f3ngora y Andrea Gabriela Burgos Maga\u00f1a han puesto en su proyecto de ciencia, recibieron impulso del Gobernador Mauricio Vila Dosal, quien las apoya con la transportaci\u00f3n a\u00e9rea y un est\u00edmulo econ\u00f3mico, destinados a los gastos de su [&hellip;]\" \/>\n<meta property=\"og:url\" content=\"https:\/\/www.yucatanencorto.com\/noticias\/apoyan-a-ninas-yucatecas-para-que-participen-en-concurso-internacional-de-ciencias-en-paraguay\/\" \/>\n<meta property=\"og:site_name\" content=\"Yucat\u00e1n en corto\" \/>\n<meta property=\"article:publisher\" content=\"http:\/\/www.facebook.com\/yucatanencorto\" \/>\n<meta property=\"article:published_time\" content=\"2022-08-19T20:46:16+00:00\" \/>\n<meta property=\"og:image\" content=\"https:\/\/www.yucatanencorto.com\/noticias\/wp-content\/uploads\/2022\/08\/0001-3-scaled.jpg\" \/>\n\t<meta property=\"og:image:width\" content=\"768\" \/>\n\t<meta property=\"og:image:height\" content=\"539\" \/>\n\t<meta property=\"og:image:type\" content=\"image\/jpeg\" \/>\n<meta name=\"author\" content=\"Yucat\u00e1n en Corto FC\" \/>\n<meta name=\"twitter:card\" content=\"summary_large_image\" \/>\n<meta name=\"twitter:creator\" content=\"@yucatanencorto\" \/>\n<meta name=\"twitter:site\" content=\"@yucatanencorto\" \/>\n<meta name=\"twitter:label1\" content=\"Escrito por\" \/>\n\t<meta name=\"twitter:data1\" content=\"Yucat\u00e1n en Corto FC\" \/>\n\t<meta name=\"twitter:label2\" content=\"Tiempo de lectura\" \/>\n\t<meta name=\"twitter:data2\" content=\"3 minutos\" \/>\n<script type=\"application\/ld+json\" class=\"yoast-schema-graph\">{\"@context\":\"https:\\\/\\\/schema.org\",\"@graph\":[{\"@type\":\"Article\",\"@id\":\"https:\\\/\\\/www.yucatanencorto.com\\\/noticias\\\/apoyan-a-ninas-yucatecas-para-que-participen-en-concurso-internacional-de-ciencias-en-paraguay\\\/#article\",\"isPartOf\":{\"@id\":\"https:\\\/\\\/www.yucatanencorto.com\\\/noticias\\\/apoyan-a-ninas-yucatecas-para-que-participen-en-concurso-internacional-de-ciencias-en-paraguay\\\/\"},\"author\":{\"name\":\"Yucat\u00e1n en Corto FC\",\"@id\":\"https:\\\/\\\/www.yucatanencorto.com\\\/noticias\\\/#\\\/schema\\\/person\\\/14f82d355225a1f4075dd84a31f45a72\"},\"headline\":\"Apoyan a ni\u00f1as yucatecas para que participen en concurso internacional de ciencias en Paraguay\",\"datePublished\":\"2022-08-19T20:46:16+00:00\",\"mainEntityOfPage\":{\"@id\":\"https:\\\/\\\/www.yucatanencorto.com\\\/noticias\\\/apoyan-a-ninas-yucatecas-para-que-participen-en-concurso-internacional-de-ciencias-en-paraguay\\\/\"},\"wordCount\":556,\"image\":{\"@id\":\"https:\\\/\\\/www.yucatanencorto.com\\\/noticias\\\/apoyan-a-ninas-yucatecas-para-que-participen-en-concurso-internacional-de-ciencias-en-paraguay\\\/#primaryimage\"},\"thumbnailUrl\":\"https:\\\/\\\/www.yucatanencorto.com\\\/noticias\\\/wp-content\\\/uploads\\\/2022\\\/08\\\/0001-3-scaled.jpg\",\"articleSection\":[\"Yucat\u00e1n\"],\"inLanguage\":\"es\"},{\"@type\":\"WebPage\",\"@id\":\"https:\\\/\\\/www.yucatanencorto.com\\\/noticias\\\/apoyan-a-ninas-yucatecas-para-que-participen-en-concurso-internacional-de-ciencias-en-paraguay\\\/\",\"url\":\"https:\\\/\\\/www.yucatanencorto.com\\\/noticias\\\/apoyan-a-ninas-yucatecas-para-que-participen-en-concurso-internacional-de-ciencias-en-paraguay\\\/\",\"name\":\"Apoyan a ni\u00f1as yucatecas para que participen en concurso internacional de ciencias en Paraguay - Yucat\u00e1n en corto\",\"isPartOf\":{\"@id\":\"https:\\\/\\\/www.yucatanencorto.com\\\/noticias\\\/#website\"},\"primaryImageOfPage\":{\"@id\":\"https:\\\/\\\/www.yucatanencorto.com\\\/noticias\\\/apoyan-a-ninas-yucatecas-para-que-participen-en-concurso-internacional-de-ciencias-en-paraguay\\\/#primaryimage\"},\"image\":{\"@id\":\"https:\\\/\\\/www.yucatanencorto.com\\\/noticias\\\/apoyan-a-ninas-yucatecas-para-que-participen-en-concurso-internacional-de-ciencias-en-paraguay\\\/#primaryimage\"},\"thumbnailUrl\":\"https:\\\/\\\/www.yucatanencorto.com\\\/noticias\\\/wp-content\\\/uploads\\\/2022\\\/08\\\/0001-3-scaled.jpg\",\"datePublished\":\"2022-08-19T20:46:16+00:00\",\"author\":{\"@id\":\"https:\\\/\\\/www.yucatanencorto.com\\\/noticias\\\/#\\\/schema\\\/person\\\/14f82d355225a1f4075dd84a31f45a72\"},\"breadcrumb\":{\"@id\":\"https:\\\/\\\/www.yucatanencorto.com\\\/noticias\\\/apoyan-a-ninas-yucatecas-para-que-participen-en-concurso-internacional-de-ciencias-en-paraguay\\\/#breadcrumb\"},\"inLanguage\":\"es\",\"potentialAction\":[{\"@type\":\"ReadAction\",\"target\":[\"https:\\\/\\\/www.yucatanencorto.com\\\/noticias\\\/apoyan-a-ninas-yucatecas-para-que-participen-en-concurso-internacional-de-ciencias-en-paraguay\\\/\"]}]},{\"@type\":\"ImageObject\",\"inLanguage\":\"es\",\"@id\":\"https:\\\/\\\/www.yucatanencorto.com\\\/noticias\\\/apoyan-a-ninas-yucatecas-para-que-participen-en-concurso-internacional-de-ciencias-en-paraguay\\\/#primaryimage\",\"url\":\"https:\\\/\\\/www.yucatanencorto.com\\\/noticias\\\/wp-content\\\/uploads\\\/2022\\\/08\\\/0001-3-scaled.jpg\",\"contentUrl\":\"https:\\\/\\\/www.yucatanencorto.com\\\/noticias\\\/wp-content\\\/uploads\\\/2022\\\/08\\\/0001-3-scaled.jpg\",\"width\":768,\"height\":539},{\"@type\":\"BreadcrumbList\",\"@id\":\"https:\\\/\\\/www.yucatanencorto.com\\\/noticias\\\/apoyan-a-ninas-yucatecas-para-que-participen-en-concurso-internacional-de-ciencias-en-paraguay\\\/#breadcrumb\",\"itemListElement\":[{\"@type\":\"ListItem\",\"position\":1,\"name\":\"Portada\",\"item\":\"https:\\\/\\\/www.yucatanencorto.com\\\/noticias\\\/\"},{\"@type\":\"ListItem\",\"position\":2,\"name\":\"Apoyan a ni\u00f1as yucatecas para que participen en concurso internacional de ciencias en Paraguay\"}]},{\"@type\":\"WebSite\",\"@id\":\"https:\\\/\\\/www.yucatanencorto.com\\\/noticias\\\/#website\",\"url\":\"https:\\\/\\\/www.yucatanencorto.com\\\/noticias\\\/\",\"name\":\"Yucat\u00e1n en corto\",\"description\":\"Noticias\",\"potentialAction\":[{\"@type\":\"SearchAction\",\"target\":{\"@type\":\"EntryPoint\",\"urlTemplate\":\"https:\\\/\\\/www.yucatanencorto.com\\\/noticias\\\/?s={search_term_string}\"},\"query-input\":{\"@type\":\"PropertyValueSpecification\",\"valueRequired\":true,\"valueName\":\"search_term_string\"}}],\"inLanguage\":\"es\"},{\"@type\":\"Person\",\"@id\":\"https:\\\/\\\/www.yucatanencorto.com\\\/noticias\\\/#\\\/schema\\\/person\\\/14f82d355225a1f4075dd84a31f45a72\",\"name\":\"Yucat\u00e1n en Corto FC\",\"image\":{\"@type\":\"ImageObject\",\"inLanguage\":\"es\",\"@id\":\"https:\\\/\\\/secure.gravatar.com\\\/avatar\\\/147d4b30cd728c53c29c49a3f7834dedca33707f4cd259761355846009a88250?s=96&d=mm&r=g\",\"url\":\"https:\\\/\\\/secure.gravatar.com\\\/avatar\\\/147d4b30cd728c53c29c49a3f7834dedca33707f4cd259761355846009a88250?s=96&d=mm&r=g\",\"contentUrl\":\"https:\\\/\\\/secure.gravatar.com\\\/avatar\\\/147d4b30cd728c53c29c49a3f7834dedca33707f4cd259761355846009a88250?s=96&d=mm&r=g\",\"caption\":\"Yucat\u00e1n en Corto FC\"},\"url\":\"https:\\\/\\\/www.yucatanencorto.com\\\/noticias\\\/author\\\/flor\\\/\"}]}<\/script>\n<!-- \/ Yoast SEO plugin. -->","yoast_head_json":{"title":"Apoyan a ni\u00f1as yucatecas para que participen en concurso internacional de ciencias en Paraguay - Yucat\u00e1n en corto","robots":{"index":"index","follow":"follow","max-snippet":"max-snippet:-1","max-image-preview":"max-image-preview:large","max-video-preview":"max-video-preview:-1"},"canonical":"https:\/\/www.yucatanencorto.com\/noticias\/apoyan-a-ninas-yucatecas-para-que-participen-en-concurso-internacional-de-ciencias-en-paraguay\/","og_locale":"es_ES","og_type":"article","og_title":"Apoyan a ni\u00f1as yucatecas para que participen en concurso internacional de ciencias en Paraguay - Yucat\u00e1n en corto","og_description":"M\u00e9rida, Yucat\u00e1n, 19 de agosto de 2022.- El talento, el esfuerzo y la dedicaci\u00f3n que Evelyn Noem\u00ed Lugo G\u00f3ngora y Andrea Gabriela Burgos Maga\u00f1a han puesto en su proyecto de ciencia, recibieron impulso del Gobernador Mauricio Vila Dosal, quien las apoya con la transportaci\u00f3n a\u00e9rea y un est\u00edmulo econ\u00f3mico, destinados a los gastos de su [&hellip;]","og_url":"https:\/\/www.yucatanencorto.com\/noticias\/apoyan-a-ninas-yucatecas-para-que-participen-en-concurso-internacional-de-ciencias-en-paraguay\/","og_site_name":"Yucat\u00e1n en corto","article_publisher":"http:\/\/www.facebook.com\/yucatanencorto","article_published_time":"2022-08-19T20:46:16+00:00","og_image":[{"width":768,"height":539,"url":"https:\/\/www.yucatanencorto.com\/noticias\/wp-content\/uploads\/2022\/08\/0001-3-scaled.jpg","type":"image\/jpeg"}],"author":"Yucat\u00e1n en Corto FC","twitter_card":"summary_large_image","twitter_creator":"@yucatanencorto","twitter_site":"@yucatanencorto","twitter_misc":{"Escrito por":"Yucat\u00e1n en Corto FC","Tiempo de lectura":"3 minutos"},"schema":{"@context":"https:\/\/schema.org","@graph":[{"@type":"Article","@id":"https:\/\/www.yucatanencorto.com\/noticias\/apoyan-a-ninas-yucatecas-para-que-participen-en-concurso-internacional-de-ciencias-en-paraguay\/#article","isPartOf":{"@id":"https:\/\/www.yucatanencorto.com\/noticias\/apoyan-a-ninas-yucatecas-para-que-participen-en-concurso-internacional-de-ciencias-en-paraguay\/"},"author":{"name":"Yucat\u00e1n en Corto FC","@id":"https:\/\/www.yucatanencorto.com\/noticias\/#\/schema\/person\/14f82d355225a1f4075dd84a31f45a72"},"headline":"Apoyan a ni\u00f1as yucatecas para que participen en concurso internacional de ciencias en Paraguay","datePublished":"2022-08-19T20:46:16+00:00","mainEntityOfPage":{"@id":"https:\/\/www.yucatanencorto.com\/noticias\/apoyan-a-ninas-yucatecas-para-que-participen-en-concurso-internacional-de-ciencias-en-paraguay\/"},"wordCount":556,"image":{"@id":"https:\/\/www.yucatanencorto.com\/noticias\/apoyan-a-ninas-yucatecas-para-que-participen-en-concurso-internacional-de-ciencias-en-paraguay\/#primaryimage"},"thumbnailUrl":"https:\/\/www.yucatanencorto.com\/noticias\/wp-content\/uploads\/2022\/08\/0001-3-scaled.jpg","articleSection":["Yucat\u00e1n"],"inLanguage":"es"},{"@type":"WebPage","@id":"https:\/\/www.yucatanencorto.com\/noticias\/apoyan-a-ninas-yucatecas-para-que-participen-en-concurso-internacional-de-ciencias-en-paraguay\/","url":"https:\/\/www.yucatanencorto.com\/noticias\/apoyan-a-ninas-yucatecas-para-que-participen-en-concurso-internacional-de-ciencias-en-paraguay\/","name":"Apoyan a ni\u00f1as yucatecas para que participen en concurso internacional de ciencias en Paraguay - Yucat\u00e1n en corto","isPartOf":{"@id":"https:\/\/www.yucatanencorto.com\/noticias\/#website"},"primaryImageOfPage":{"@id":"https:\/\/www.yucatanencorto.com\/noticias\/apoyan-a-ninas-yucatecas-para-que-participen-en-concurso-internacional-de-ciencias-en-paraguay\/#primaryimage"},"image":{"@id":"https:\/\/www.yucatanencorto.com\/noticias\/apoyan-a-ninas-yucatecas-para-que-participen-en-concurso-internacional-de-ciencias-en-paraguay\/#primaryimage"},"thumbnailUrl":"https:\/\/www.yucatanencorto.com\/noticias\/wp-content\/uploads\/2022\/08\/0001-3-scaled.jpg","datePublished":"2022-08-19T20:46:16+00:00","author":{"@id":"https:\/\/www.yucatanencorto.com\/noticias\/#\/schema\/person\/14f82d355225a1f4075dd84a31f45a72"},"breadcrumb":{"@id":"https:\/\/www.yucatanencorto.com\/noticias\/apoyan-a-ninas-yucatecas-para-que-participen-en-concurso-internacional-de-ciencias-en-paraguay\/#breadcrumb"},"inLanguage":"es","potentialAction":[{"@type":"ReadAction","target":["https:\/\/www.yucatanencorto.com\/noticias\/apoyan-a-ninas-yucatecas-para-que-participen-en-concurso-internacional-de-ciencias-en-paraguay\/"]}]},{"@type":"ImageObject","inLanguage":"es","@id":"https:\/\/www.yucatanencorto.com\/noticias\/apoyan-a-ninas-yucatecas-para-que-participen-en-concurso-internacional-de-ciencias-en-paraguay\/#primaryimage","url":"https:\/\/www.yucatanencorto.com\/noticias\/wp-content\/uploads\/2022\/08\/0001-3-scaled.jpg","contentUrl":"https:\/\/www.yucatanencorto.com\/noticias\/wp-content\/uploads\/2022\/08\/0001-3-scaled.jpg","width":768,"height":539},{"@type":"BreadcrumbList","@id":"https:\/\/www.yucatanencorto.com\/noticias\/apoyan-a-ninas-yucatecas-para-que-participen-en-concurso-internacional-de-ciencias-en-paraguay\/#breadcrumb","itemListElement":[{"@type":"ListItem","position":1,"name":"Portada","item":"https:\/\/www.yucatanencorto.com\/noticias\/"},{"@type":"ListItem","position":2,"name":"Apoyan a ni\u00f1as yucatecas para que participen en concurso internacional de ciencias en Paraguay"}]},{"@type":"WebSite","@id":"https:\/\/www.yucatanencorto.com\/noticias\/#website","url":"https:\/\/www.yucatanencorto.com\/noticias\/","name":"Yucat\u00e1n en corto","description":"Noticias","potentialAction":[{"@type":"SearchAction","target":{"@type":"EntryPoint","urlTemplate":"https:\/\/www.yucatanencorto.com\/noticias\/?s={search_term_string}"},"query-input":{"@type":"PropertyValueSpecification","valueRequired":true,"valueName":"search_term_string"}}],"inLanguage":"es"},{"@type":"Person","@id":"https:\/\/www.yucatanencorto.com\/noticias\/#\/schema\/person\/14f82d355225a1f4075dd84a31f45a72","name":"Yucat\u00e1n en Corto FC","image":{"@type":"ImageObject","inLanguage":"es","@id":"https:\/\/secure.gravatar.com\/avatar\/147d4b30cd728c53c29c49a3f7834dedca33707f4cd259761355846009a88250?s=96&d=mm&r=g","url":"https:\/\/secure.gravatar.com\/avatar\/147d4b30cd728c53c29c49a3f7834dedca33707f4cd259761355846009a88250?s=96&d=mm&r=g","contentUrl":"https:\/\/secure.gravatar.com\/avatar\/147d4b30cd728c53c29c49a3f7834dedca33707f4cd259761355846009a88250?s=96&d=mm&r=g","caption":"Yucat\u00e1n en Corto FC"},"url":"https:\/\/www.yucatanencorto.com\/noticias\/author\/flor\/"}]}},"_links":{"self":[{"href":"https:\/\/www.yucatanencorto.com\/noticias\/wp-json\/wp\/v2\/posts\/92802","targetHints":{"allow":["GET"]}}],"collection":[{"href":"https:\/\/www.yucatanencorto.com\/noticias\/wp-json\/wp\/v2\/posts"}],"about":[{"href":"https:\/\/www.yucatanencorto.com\/noticias\/wp-json\/wp\/v2\/types\/post"}],"author":[{"embeddable":true,"href":"https:\/\/www.yucatanencorto.com\/noticias\/wp-json\/wp\/v2\/users\/2"}],"replies":[{"embeddable":true,"href":"https:\/\/www.yucatanencorto.com\/noticias\/wp-json\/wp\/v2\/comments?post=92802"}],"version-history":[{"count":0,"href":"https:\/\/www.yucatanencorto.com\/noticias\/wp-json\/wp\/v2\/posts\/92802\/revisions"}],"wp:featuredmedia":[{"embeddable":true,"href":"https:\/\/www.yucatanencorto.com\/noticias\/wp-json\/wp\/v2\/media\/92803"}],"wp:attachment":[{"href":"https:\/\/www.yucatanencorto.com\/noticias\/wp-json\/wp\/v2\/media?parent=92802"}],"wp:term":[{"taxonomy":"category","embeddable":true,"href":"https:\/\/www.yucatanencorto.com\/noticias\/wp-json\/wp\/v2\/categories?post=92802"},{"taxonomy":"post_tag","embeddable":true,"href":"https:\/\/www.yucatanencorto.com\/noticias\/wp-json\/wp\/v2\/tags?post=92802"}],"curies":[{"name":"wp","href":"https:\/\/api.w.org\/{rel}","templated":true}]}}