{"id":92805,"date":"2022-08-19T17:37:26","date_gmt":"2022-08-19T22:37:26","guid":{"rendered":"https:\/\/www.yucatanencorto.com\/noticias\/?p=92805"},"modified":"2022-08-19T17:37:26","modified_gmt":"2022-08-19T22:37:26","slug":"dirigente-estatal-de-morena-mario-mex-albornoz-niega-ir-en-alianza-con-el-pri-en-las-elecciones-de-2024","status":"publish","type":"post","link":"https:\/\/www.yucatanencorto.com\/noticias\/dirigente-estatal-de-morena-mario-mex-albornoz-niega-ir-en-alianza-con-el-pri-en-las-elecciones-de-2024\/","title":{"rendered":"Dirigente estatal de Morena, Mario Mex Albornoz, niega  ir en alianza con el PRI en las elecciones de 2024"},"content":{"rendered":"<p><img loading=\"lazy\" decoding=\"async\" class=\"alignnone size-full wp-image-92806\" src=\"https:\/\/www.yucatanencorto.com\/noticias\/wp-content\/uploads\/2022\/08\/IMG-20220819-WA0014-scaled.jpg\" alt=\"\" width=\"768\" height=\"346\" srcset=\"https:\/\/www.yucatanencorto.com\/noticias\/wp-content\/uploads\/2022\/08\/IMG-20220819-WA0014-scaled.jpg 768w, https:\/\/www.yucatanencorto.com\/noticias\/wp-content\/uploads\/2022\/08\/IMG-20220819-WA0014-1536x691.jpg 1536w, https:\/\/www.yucatanencorto.com\/noticias\/wp-content\/uploads\/2022\/08\/IMG-20220819-WA0014-696x313.jpg 696w, https:\/\/www.yucatanencorto.com\/noticias\/wp-content\/uploads\/2022\/08\/IMG-20220819-WA0014-1068x481.jpg 1068w, https:\/\/www.yucatanencorto.com\/noticias\/wp-content\/uploads\/2022\/08\/IMG-20220819-WA0014-933x420.jpg 933w\" sizes=\"auto, (max-width: 768px) 100vw, 768px\" \/><\/p>\n<p>M\u00e9rida, Yucat\u00e1n, 19 de agosto de 2022.- El Presidente del Comit\u00e9 Directivo Estatal de Morena, Mario Mex Albornoz, neg\u00f3 intereses del partido en hacer alianza con el PRI para las elecciones del 2024, pues ha sido un partido que siempre se ha opuesto a la Cuarta Transformaci\u00f3n.<\/p>\n<p>&nbsp;<\/p>\n<p>El dirigente estatal se\u00f1al\u00f3 que, en Yucat\u00e1n, el Movimiento Revolucionario Nacional, contrario a lo que se comenta, se busca continuar las alianzas con los partidos que han apoyado al Presidente y su pol\u00edtica de Gobierno.<\/p>\n<p>&nbsp;<\/p>\n<p>\u201cEl PRI ha puesto obst\u00e1culos oponi\u00e9ndose a las reformas que impulsa el Presidente Andr\u00e9s Manuel L\u00f3\u00e9z Obrador y las Reformas que se ha promovido para el bienestar de los mexicanos\u201d, a\u00f1adi\u00f3.<\/p>\n<p>&nbsp;<\/p>\n<p>Dijo que el tricolor est\u00e1 pasando por crisis muy seria \u201ccon la actividad delictiva que est\u00e1 cometiendo su presidente nacional, Alejandro Moreno C\u00e1rdenas, lo que seguramente les dar\u00e1 el repudio de la poblaci\u00f3n\u201d.<\/p>\n<p>&nbsp;<\/p>\n<p>\u201cEstamos seguros que los m\u00e1s adecuando es que se apoye a morenistas que han trabajado por el Movimiento y que tienen la simpat\u00eda de la gente, que es lo que el Comit\u00e9 Estatal siempre ha apoyado\u201d, finaliz\u00f3 Mex Albornoz.<\/p>\n","protected":false},"excerpt":{"rendered":"<p>M\u00e9rida, Yucat\u00e1n, 19 de agosto de 2022.- El Presidente del Comit\u00e9 Directivo Estatal de Morena, Mario Mex Albornoz, neg\u00f3 intereses del partido en hacer alianza con el PRI para las elecciones del 2024, pues ha sido un partido que siempre se ha opuesto a la Cuarta Transformaci\u00f3n. &nbsp; El dirigente estatal se\u00f1al\u00f3 que, en Yucat\u00e1n, [&hellip;]<\/p>\n","protected":false},"author":2,"featured_media":92806,"comment_status":"closed","ping_status":"closed","sticky":false,"template":"","format":"standard","meta":{"footnotes":""},"categories":[3],"tags":[],"class_list":{"0":"post-92805","1":"post","2":"type-post","3":"status-publish","4":"format-standard","5":"has-post-thumbnail","7":"category-yucatan"},"yoast_head":"<!-- This site is optimized with the Yoast SEO plugin v27.5 - https:\/\/yoast.com\/product\/yoast-seo-wordpress\/ -->\n<title>Dirigente estatal de Morena, Mario Mex Albornoz, niega ir en alianza con el PRI en las elecciones de 2024 - Yucat\u00e1n en corto<\/title>\n<meta name=\"robots\" content=\"index, follow, max-snippet:-1, max-image-preview:large, max-video-preview:-1\" \/>\n<link rel=\"canonical\" href=\"https:\/\/www.yucatanencorto.com\/noticias\/dirigente-estatal-de-morena-mario-mex-albornoz-niega-ir-en-alianza-con-el-pri-en-las-elecciones-de-2024\/\" \/>\n<meta property=\"og:locale\" content=\"es_ES\" \/>\n<meta property=\"og:type\" content=\"article\" \/>\n<meta property=\"og:title\" content=\"Dirigente estatal de Morena, Mario Mex Albornoz, niega ir en alianza con el PRI en las elecciones de 2024 - Yucat\u00e1n en corto\" \/>\n<meta property=\"og:description\" content=\"M\u00e9rida, Yucat\u00e1n, 19 de agosto de 2022.- El Presidente del Comit\u00e9 Directivo Estatal de Morena, Mario Mex Albornoz, neg\u00f3 intereses del partido en hacer alianza con el PRI para las elecciones del 2024, pues ha sido un partido que siempre se ha opuesto a la Cuarta Transformaci\u00f3n. &nbsp; El dirigente estatal se\u00f1al\u00f3 que, en Yucat\u00e1n, [&hellip;]\" \/>\n<meta property=\"og:url\" content=\"https:\/\/www.yucatanencorto.com\/noticias\/dirigente-estatal-de-morena-mario-mex-albornoz-niega-ir-en-alianza-con-el-pri-en-las-elecciones-de-2024\/\" \/>\n<meta property=\"og:site_name\" content=\"Yucat\u00e1n en corto\" \/>\n<meta property=\"article:publisher\" content=\"http:\/\/www.facebook.com\/yucatanencorto\" \/>\n<meta property=\"article:published_time\" content=\"2022-08-19T22:37:26+00:00\" \/>\n<meta property=\"og:image\" content=\"https:\/\/www.yucatanencorto.com\/noticias\/wp-content\/uploads\/2022\/08\/IMG-20220819-WA0014-scaled.jpg\" \/>\n\t<meta property=\"og:image:width\" content=\"768\" \/>\n\t<meta property=\"og:image:height\" content=\"346\" \/>\n\t<meta property=\"og:image:type\" content=\"image\/jpeg\" \/>\n<meta name=\"author\" content=\"Yucat\u00e1n en Corto FC\" \/>\n<meta name=\"twitter:card\" content=\"summary_large_image\" \/>\n<meta name=\"twitter:creator\" content=\"@yucatanencorto\" \/>\n<meta name=\"twitter:site\" content=\"@yucatanencorto\" \/>\n<meta name=\"twitter:label1\" content=\"Escrito por\" \/>\n\t<meta name=\"twitter:data1\" content=\"Yucat\u00e1n en Corto FC\" \/>\n\t<meta name=\"twitter:label2\" content=\"Tiempo de lectura\" \/>\n\t<meta name=\"twitter:data2\" content=\"2 minutos\" \/>\n<script type=\"application\/ld+json\" class=\"yoast-schema-graph\">{\"@context\":\"https:\\\/\\\/schema.org\",\"@graph\":[{\"@type\":\"Article\",\"@id\":\"https:\\\/\\\/www.yucatanencorto.com\\\/noticias\\\/dirigente-estatal-de-morena-mario-mex-albornoz-niega-ir-en-alianza-con-el-pri-en-las-elecciones-de-2024\\\/#article\",\"isPartOf\":{\"@id\":\"https:\\\/\\\/www.yucatanencorto.com\\\/noticias\\\/dirigente-estatal-de-morena-mario-mex-albornoz-niega-ir-en-alianza-con-el-pri-en-las-elecciones-de-2024\\\/\"},\"author\":{\"name\":\"Yucat\u00e1n en Corto FC\",\"@id\":\"https:\\\/\\\/www.yucatanencorto.com\\\/noticias\\\/#\\\/schema\\\/person\\\/14f82d355225a1f4075dd84a31f45a72\"},\"headline\":\"Dirigente estatal de Morena, Mario Mex Albornoz, niega ir en alianza con el PRI en las elecciones de 2024\",\"datePublished\":\"2022-08-19T22:37:26+00:00\",\"mainEntityOfPage\":{\"@id\":\"https:\\\/\\\/www.yucatanencorto.com\\\/noticias\\\/dirigente-estatal-de-morena-mario-mex-albornoz-niega-ir-en-alianza-con-el-pri-en-las-elecciones-de-2024\\\/\"},\"wordCount\":220,\"image\":{\"@id\":\"https:\\\/\\\/www.yucatanencorto.com\\\/noticias\\\/dirigente-estatal-de-morena-mario-mex-albornoz-niega-ir-en-alianza-con-el-pri-en-las-elecciones-de-2024\\\/#primaryimage\"},\"thumbnailUrl\":\"https:\\\/\\\/www.yucatanencorto.com\\\/noticias\\\/wp-content\\\/uploads\\\/2022\\\/08\\\/IMG-20220819-WA0014-scaled.jpg\",\"articleSection\":[\"Yucat\u00e1n\"],\"inLanguage\":\"es\"},{\"@type\":\"WebPage\",\"@id\":\"https:\\\/\\\/www.yucatanencorto.com\\\/noticias\\\/dirigente-estatal-de-morena-mario-mex-albornoz-niega-ir-en-alianza-con-el-pri-en-las-elecciones-de-2024\\\/\",\"url\":\"https:\\\/\\\/www.yucatanencorto.com\\\/noticias\\\/dirigente-estatal-de-morena-mario-mex-albornoz-niega-ir-en-alianza-con-el-pri-en-las-elecciones-de-2024\\\/\",\"name\":\"Dirigente estatal de Morena, Mario Mex Albornoz, niega ir en alianza con el PRI en las elecciones de 2024 - Yucat\u00e1n en corto\",\"isPartOf\":{\"@id\":\"https:\\\/\\\/www.yucatanencorto.com\\\/noticias\\\/#website\"},\"primaryImageOfPage\":{\"@id\":\"https:\\\/\\\/www.yucatanencorto.com\\\/noticias\\\/dirigente-estatal-de-morena-mario-mex-albornoz-niega-ir-en-alianza-con-el-pri-en-las-elecciones-de-2024\\\/#primaryimage\"},\"image\":{\"@id\":\"https:\\\/\\\/www.yucatanencorto.com\\\/noticias\\\/dirigente-estatal-de-morena-mario-mex-albornoz-niega-ir-en-alianza-con-el-pri-en-las-elecciones-de-2024\\\/#primaryimage\"},\"thumbnailUrl\":\"https:\\\/\\\/www.yucatanencorto.com\\\/noticias\\\/wp-content\\\/uploads\\\/2022\\\/08\\\/IMG-20220819-WA0014-scaled.jpg\",\"datePublished\":\"2022-08-19T22:37:26+00:00\",\"author\":{\"@id\":\"https:\\\/\\\/www.yucatanencorto.com\\\/noticias\\\/#\\\/schema\\\/person\\\/14f82d355225a1f4075dd84a31f45a72\"},\"breadcrumb\":{\"@id\":\"https:\\\/\\\/www.yucatanencorto.com\\\/noticias\\\/dirigente-estatal-de-morena-mario-mex-albornoz-niega-ir-en-alianza-con-el-pri-en-las-elecciones-de-2024\\\/#breadcrumb\"},\"inLanguage\":\"es\",\"potentialAction\":[{\"@type\":\"ReadAction\",\"target\":[\"https:\\\/\\\/www.yucatanencorto.com\\\/noticias\\\/dirigente-estatal-de-morena-mario-mex-albornoz-niega-ir-en-alianza-con-el-pri-en-las-elecciones-de-2024\\\/\"]}]},{\"@type\":\"ImageObject\",\"inLanguage\":\"es\",\"@id\":\"https:\\\/\\\/www.yucatanencorto.com\\\/noticias\\\/dirigente-estatal-de-morena-mario-mex-albornoz-niega-ir-en-alianza-con-el-pri-en-las-elecciones-de-2024\\\/#primaryimage\",\"url\":\"https:\\\/\\\/www.yucatanencorto.com\\\/noticias\\\/wp-content\\\/uploads\\\/2022\\\/08\\\/IMG-20220819-WA0014-scaled.jpg\",\"contentUrl\":\"https:\\\/\\\/www.yucatanencorto.com\\\/noticias\\\/wp-content\\\/uploads\\\/2022\\\/08\\\/IMG-20220819-WA0014-scaled.jpg\",\"width\":768,\"height\":346},{\"@type\":\"BreadcrumbList\",\"@id\":\"https:\\\/\\\/www.yucatanencorto.com\\\/noticias\\\/dirigente-estatal-de-morena-mario-mex-albornoz-niega-ir-en-alianza-con-el-pri-en-las-elecciones-de-2024\\\/#breadcrumb\",\"itemListElement\":[{\"@type\":\"ListItem\",\"position\":1,\"name\":\"Portada\",\"item\":\"https:\\\/\\\/www.yucatanencorto.com\\\/noticias\\\/\"},{\"@type\":\"ListItem\",\"position\":2,\"name\":\"Dirigente estatal de Morena, Mario Mex Albornoz, niega ir en alianza con el PRI en las elecciones de 2024\"}]},{\"@type\":\"WebSite\",\"@id\":\"https:\\\/\\\/www.yucatanencorto.com\\\/noticias\\\/#website\",\"url\":\"https:\\\/\\\/www.yucatanencorto.com\\\/noticias\\\/\",\"name\":\"Yucat\u00e1n en corto\",\"description\":\"Noticias\",\"potentialAction\":[{\"@type\":\"SearchAction\",\"target\":{\"@type\":\"EntryPoint\",\"urlTemplate\":\"https:\\\/\\\/www.yucatanencorto.com\\\/noticias\\\/?s={search_term_string}\"},\"query-input\":{\"@type\":\"PropertyValueSpecification\",\"valueRequired\":true,\"valueName\":\"search_term_string\"}}],\"inLanguage\":\"es\"},{\"@type\":\"Person\",\"@id\":\"https:\\\/\\\/www.yucatanencorto.com\\\/noticias\\\/#\\\/schema\\\/person\\\/14f82d355225a1f4075dd84a31f45a72\",\"name\":\"Yucat\u00e1n en Corto FC\",\"image\":{\"@type\":\"ImageObject\",\"inLanguage\":\"es\",\"@id\":\"https:\\\/\\\/secure.gravatar.com\\\/avatar\\\/147d4b30cd728c53c29c49a3f7834dedca33707f4cd259761355846009a88250?s=96&d=mm&r=g\",\"url\":\"https:\\\/\\\/secure.gravatar.com\\\/avatar\\\/147d4b30cd728c53c29c49a3f7834dedca33707f4cd259761355846009a88250?s=96&d=mm&r=g\",\"contentUrl\":\"https:\\\/\\\/secure.gravatar.com\\\/avatar\\\/147d4b30cd728c53c29c49a3f7834dedca33707f4cd259761355846009a88250?s=96&d=mm&r=g\",\"caption\":\"Yucat\u00e1n en Corto FC\"},\"url\":\"https:\\\/\\\/www.yucatanencorto.com\\\/noticias\\\/author\\\/flor\\\/\"}]}<\/script>\n<!-- \/ Yoast SEO plugin. -->","yoast_head_json":{"title":"Dirigente estatal de Morena, Mario Mex Albornoz, niega ir en alianza con el PRI en las elecciones de 2024 - Yucat\u00e1n en corto","robots":{"index":"index","follow":"follow","max-snippet":"max-snippet:-1","max-image-preview":"max-image-preview:large","max-video-preview":"max-video-preview:-1"},"canonical":"https:\/\/www.yucatanencorto.com\/noticias\/dirigente-estatal-de-morena-mario-mex-albornoz-niega-ir-en-alianza-con-el-pri-en-las-elecciones-de-2024\/","og_locale":"es_ES","og_type":"article","og_title":"Dirigente estatal de Morena, Mario Mex Albornoz, niega ir en alianza con el PRI en las elecciones de 2024 - Yucat\u00e1n en corto","og_description":"M\u00e9rida, Yucat\u00e1n, 19 de agosto de 2022.- El Presidente del Comit\u00e9 Directivo Estatal de Morena, Mario Mex Albornoz, neg\u00f3 intereses del partido en hacer alianza con el PRI para las elecciones del 2024, pues ha sido un partido que siempre se ha opuesto a la Cuarta Transformaci\u00f3n. &nbsp; El dirigente estatal se\u00f1al\u00f3 que, en Yucat\u00e1n, [&hellip;]","og_url":"https:\/\/www.yucatanencorto.com\/noticias\/dirigente-estatal-de-morena-mario-mex-albornoz-niega-ir-en-alianza-con-el-pri-en-las-elecciones-de-2024\/","og_site_name":"Yucat\u00e1n en corto","article_publisher":"http:\/\/www.facebook.com\/yucatanencorto","article_published_time":"2022-08-19T22:37:26+00:00","og_image":[{"width":768,"height":346,"url":"https:\/\/www.yucatanencorto.com\/noticias\/wp-content\/uploads\/2022\/08\/IMG-20220819-WA0014-scaled.jpg","type":"image\/jpeg"}],"author":"Yucat\u00e1n en Corto FC","twitter_card":"summary_large_image","twitter_creator":"@yucatanencorto","twitter_site":"@yucatanencorto","twitter_misc":{"Escrito por":"Yucat\u00e1n en Corto FC","Tiempo de lectura":"2 minutos"},"schema":{"@context":"https:\/\/schema.org","@graph":[{"@type":"Article","@id":"https:\/\/www.yucatanencorto.com\/noticias\/dirigente-estatal-de-morena-mario-mex-albornoz-niega-ir-en-alianza-con-el-pri-en-las-elecciones-de-2024\/#article","isPartOf":{"@id":"https:\/\/www.yucatanencorto.com\/noticias\/dirigente-estatal-de-morena-mario-mex-albornoz-niega-ir-en-alianza-con-el-pri-en-las-elecciones-de-2024\/"},"author":{"name":"Yucat\u00e1n en Corto FC","@id":"https:\/\/www.yucatanencorto.com\/noticias\/#\/schema\/person\/14f82d355225a1f4075dd84a31f45a72"},"headline":"Dirigente estatal de Morena, Mario Mex Albornoz, niega ir en alianza con el PRI en las elecciones de 2024","datePublished":"2022-08-19T22:37:26+00:00","mainEntityOfPage":{"@id":"https:\/\/www.yucatanencorto.com\/noticias\/dirigente-estatal-de-morena-mario-mex-albornoz-niega-ir-en-alianza-con-el-pri-en-las-elecciones-de-2024\/"},"wordCount":220,"image":{"@id":"https:\/\/www.yucatanencorto.com\/noticias\/dirigente-estatal-de-morena-mario-mex-albornoz-niega-ir-en-alianza-con-el-pri-en-las-elecciones-de-2024\/#primaryimage"},"thumbnailUrl":"https:\/\/www.yucatanencorto.com\/noticias\/wp-content\/uploads\/2022\/08\/IMG-20220819-WA0014-scaled.jpg","articleSection":["Yucat\u00e1n"],"inLanguage":"es"},{"@type":"WebPage","@id":"https:\/\/www.yucatanencorto.com\/noticias\/dirigente-estatal-de-morena-mario-mex-albornoz-niega-ir-en-alianza-con-el-pri-en-las-elecciones-de-2024\/","url":"https:\/\/www.yucatanencorto.com\/noticias\/dirigente-estatal-de-morena-mario-mex-albornoz-niega-ir-en-alianza-con-el-pri-en-las-elecciones-de-2024\/","name":"Dirigente estatal de Morena, Mario Mex Albornoz, niega ir en alianza con el PRI en las elecciones de 2024 - Yucat\u00e1n en corto","isPartOf":{"@id":"https:\/\/www.yucatanencorto.com\/noticias\/#website"},"primaryImageOfPage":{"@id":"https:\/\/www.yucatanencorto.com\/noticias\/dirigente-estatal-de-morena-mario-mex-albornoz-niega-ir-en-alianza-con-el-pri-en-las-elecciones-de-2024\/#primaryimage"},"image":{"@id":"https:\/\/www.yucatanencorto.com\/noticias\/dirigente-estatal-de-morena-mario-mex-albornoz-niega-ir-en-alianza-con-el-pri-en-las-elecciones-de-2024\/#primaryimage"},"thumbnailUrl":"https:\/\/www.yucatanencorto.com\/noticias\/wp-content\/uploads\/2022\/08\/IMG-20220819-WA0014-scaled.jpg","datePublished":"2022-08-19T22:37:26+00:00","author":{"@id":"https:\/\/www.yucatanencorto.com\/noticias\/#\/schema\/person\/14f82d355225a1f4075dd84a31f45a72"},"breadcrumb":{"@id":"https:\/\/www.yucatanencorto.com\/noticias\/dirigente-estatal-de-morena-mario-mex-albornoz-niega-ir-en-alianza-con-el-pri-en-las-elecciones-de-2024\/#breadcrumb"},"inLanguage":"es","potentialAction":[{"@type":"ReadAction","target":["https:\/\/www.yucatanencorto.com\/noticias\/dirigente-estatal-de-morena-mario-mex-albornoz-niega-ir-en-alianza-con-el-pri-en-las-elecciones-de-2024\/"]}]},{"@type":"ImageObject","inLanguage":"es","@id":"https:\/\/www.yucatanencorto.com\/noticias\/dirigente-estatal-de-morena-mario-mex-albornoz-niega-ir-en-alianza-con-el-pri-en-las-elecciones-de-2024\/#primaryimage","url":"https:\/\/www.yucatanencorto.com\/noticias\/wp-content\/uploads\/2022\/08\/IMG-20220819-WA0014-scaled.jpg","contentUrl":"https:\/\/www.yucatanencorto.com\/noticias\/wp-content\/uploads\/2022\/08\/IMG-20220819-WA0014-scaled.jpg","width":768,"height":346},{"@type":"BreadcrumbList","@id":"https:\/\/www.yucatanencorto.com\/noticias\/dirigente-estatal-de-morena-mario-mex-albornoz-niega-ir-en-alianza-con-el-pri-en-las-elecciones-de-2024\/#breadcrumb","itemListElement":[{"@type":"ListItem","position":1,"name":"Portada","item":"https:\/\/www.yucatanencorto.com\/noticias\/"},{"@type":"ListItem","position":2,"name":"Dirigente estatal de Morena, Mario Mex Albornoz, niega ir en alianza con el PRI en las elecciones de 2024"}]},{"@type":"WebSite","@id":"https:\/\/www.yucatanencorto.com\/noticias\/#website","url":"https:\/\/www.yucatanencorto.com\/noticias\/","name":"Yucat\u00e1n en corto","description":"Noticias","potentialAction":[{"@type":"SearchAction","target":{"@type":"EntryPoint","urlTemplate":"https:\/\/www.yucatanencorto.com\/noticias\/?s={search_term_string}"},"query-input":{"@type":"PropertyValueSpecification","valueRequired":true,"valueName":"search_term_string"}}],"inLanguage":"es"},{"@type":"Person","@id":"https:\/\/www.yucatanencorto.com\/noticias\/#\/schema\/person\/14f82d355225a1f4075dd84a31f45a72","name":"Yucat\u00e1n en Corto FC","image":{"@type":"ImageObject","inLanguage":"es","@id":"https:\/\/secure.gravatar.com\/avatar\/147d4b30cd728c53c29c49a3f7834dedca33707f4cd259761355846009a88250?s=96&d=mm&r=g","url":"https:\/\/secure.gravatar.com\/avatar\/147d4b30cd728c53c29c49a3f7834dedca33707f4cd259761355846009a88250?s=96&d=mm&r=g","contentUrl":"https:\/\/secure.gravatar.com\/avatar\/147d4b30cd728c53c29c49a3f7834dedca33707f4cd259761355846009a88250?s=96&d=mm&r=g","caption":"Yucat\u00e1n en Corto FC"},"url":"https:\/\/www.yucatanencorto.com\/noticias\/author\/flor\/"}]}},"_links":{"self":[{"href":"https:\/\/www.yucatanencorto.com\/noticias\/wp-json\/wp\/v2\/posts\/92805","targetHints":{"allow":["GET"]}}],"collection":[{"href":"https:\/\/www.yucatanencorto.com\/noticias\/wp-json\/wp\/v2\/posts"}],"about":[{"href":"https:\/\/www.yucatanencorto.com\/noticias\/wp-json\/wp\/v2\/types\/post"}],"author":[{"embeddable":true,"href":"https:\/\/www.yucatanencorto.com\/noticias\/wp-json\/wp\/v2\/users\/2"}],"replies":[{"embeddable":true,"href":"https:\/\/www.yucatanencorto.com\/noticias\/wp-json\/wp\/v2\/comments?post=92805"}],"version-history":[{"count":0,"href":"https:\/\/www.yucatanencorto.com\/noticias\/wp-json\/wp\/v2\/posts\/92805\/revisions"}],"wp:featuredmedia":[{"embeddable":true,"href":"https:\/\/www.yucatanencorto.com\/noticias\/wp-json\/wp\/v2\/media\/92806"}],"wp:attachment":[{"href":"https:\/\/www.yucatanencorto.com\/noticias\/wp-json\/wp\/v2\/media?parent=92805"}],"wp:term":[{"taxonomy":"category","embeddable":true,"href":"https:\/\/www.yucatanencorto.com\/noticias\/wp-json\/wp\/v2\/categories?post=92805"},{"taxonomy":"post_tag","embeddable":true,"href":"https:\/\/www.yucatanencorto.com\/noticias\/wp-json\/wp\/v2\/tags?post=92805"}],"curies":[{"name":"wp","href":"https:\/\/api.w.org\/{rel}","templated":true}]}}