{"id":92808,"date":"2022-08-19T17:55:04","date_gmt":"2022-08-19T22:55:04","guid":{"rendered":"https:\/\/www.yucatanencorto.com\/noticias\/?p=92808"},"modified":"2022-08-19T17:55:04","modified_gmt":"2022-08-19T22:55:04","slug":"renuevan-los-parques-de-las-comisarias-de-chalmuch-y-susula","status":"publish","type":"post","link":"https:\/\/www.yucatanencorto.com\/noticias\/renuevan-los-parques-de-las-comisarias-de-chalmuch-y-susula\/","title":{"rendered":"Renuevan los parques de las comisar\u00edas de Chalmuch y Susul\u00e1"},"content":{"rendered":"<p><img loading=\"lazy\" decoding=\"async\" class=\"alignnone size-full wp-image-92809\" src=\"https:\/\/www.yucatanencorto.com\/noticias\/wp-content\/uploads\/2022\/08\/Supervicion-parques-2022-08-19-at-11.47.43-PM-1-scaled.jpeg\" alt=\"\" width=\"768\" height=\"656\" srcset=\"https:\/\/www.yucatanencorto.com\/noticias\/wp-content\/uploads\/2022\/08\/Supervicion-parques-2022-08-19-at-11.47.43-PM-1-scaled.jpeg 768w, https:\/\/www.yucatanencorto.com\/noticias\/wp-content\/uploads\/2022\/08\/Supervicion-parques-2022-08-19-at-11.47.43-PM-1-696x594.jpeg 696w, https:\/\/www.yucatanencorto.com\/noticias\/wp-content\/uploads\/2022\/08\/Supervicion-parques-2022-08-19-at-11.47.43-PM-1-492x420.jpeg 492w\" sizes=\"auto, (max-width: 768px) 100vw, 768px\" \/><\/p>\n<p>&nbsp;<\/p>\n<p>M\u00e9rida, Yucat\u00e1n a 19 de agosto de 2022.- El Ayuntamiento trabaja para construir una M\u00e9rida m\u00e1s fuerte, a trav\u00e9s de la rehabilitaci\u00f3n y el mantenimiento de los espacios p\u00fablicos dedicados a las familias del Municipio, como es dotar a nuestros parques de la infraestructura urbana adecuada para que cuenten con aditamentos para hacer ejercicio, promover el cuidado de la salud y la convivencia familiar arm\u00f3nica, afirm\u00f3 el Alcalde Ren\u00e1n Barrera Concha.<\/p>\n<p>En el recorrido de supervisi\u00f3n que realiz\u00f3 para conocer los avances en los trabajos de rehabilitaci\u00f3n de los parques de las comisar\u00edas de Chalmuch y Susul\u00e1, el Presidente Municipal destac\u00f3 que esta administraci\u00f3n invierte en obras p\u00fablicas que atiendan las necesidades de la comunidad, generando as\u00ed un bien com\u00fan para todas y todos.<\/p>\n<p>\u201cNuestros espacios p\u00fablicos representan la paz c\u00edvica que construimos juntos, que lo consideren todas y todos ustedes como suyos, que sean centros de esparcimiento que ofrezcan actividades para todas las edades, propiciando as\u00ed, un espacio de convivencia que transmita seguridad y armon\u00eda para todos los que aqu\u00ed habitan\u00bb, dijo.<\/p>\n<p>Acompa\u00f1ado de los comisarios Jos\u00e9 Canch\u00e9 Sulub, de Chalmuch y Jos\u00e9 Gonz\u00e1lez Estrella, de Susul\u00e1, de los directores David Lor\u00eda Magdub, de Obras P\u00fablicas; Jos\u00e9 Collado Soberanis y Mar\u00eda Jos\u00e9 C\u00e1ceres Delgado, de Desarrollo Social, el Alcalde recorri\u00f3 las \u00e1reas que ser\u00e1n rehabilitadas en las comunidades de Chalmuch y Susul\u00e1.<\/p>\n<p>Barrera Concha precis\u00f3 que la segunda priorizaci\u00f3n del Comit\u00e9 del Fondo de Infraestructura Social Municipal 2022 se considera hist\u00f3rica porque destin\u00f3 una inversi\u00f3n de $173 millones 470 mil 744.28, y, en dicho monto, se incluy\u00f3 las construcciones o rehabilitaciones a seis parques de las comisar\u00edas de Santa Cruz Palomeque, Chalmuch, Dzibichalt\u00fan, San Pedro Chimay, Sierra Papacal y Susul\u00e1.<\/p>\n<p>Indic\u00f3 que la construcci\u00f3n y rehabilitaci\u00f3n de los espacios p\u00fablicos fortalece la paz ciudadana en el Municipio, adem\u00e1s que son obras planeadas y dise\u00f1adas para incluir las necesidades que presentaron las y los ciudadanos.<\/p>\n<p>\u00abEs a trav\u00e9s de la creaci\u00f3n de infraestructura p\u00fablica y la dotaci\u00f3n de servicios p\u00fablicos de calidad a sus habitantes, en donde esta ciudad adquiere su connotaci\u00f3n humana basada en el bien com\u00fan\u00bb, mencion\u00f3.<\/p>\n<p>Por su parte, las y los vecinos de las comisar\u00edas de Chalmuch y Susul\u00e1 agradecieron al Alcalde Ren\u00e1n Barrera por la rehabilitaci\u00f3n de estos parques, ya que era un sue\u00f1o anhelado el contar con un espacio p\u00fablico que se adapte a sus necesidades, que permita tanto a las y los ni\u00f1os como a los adultos desarrollar diferentes actividades como deportes, convivir con sus vecinos y pasear a sus animales de compa\u00f1\u00eda.<\/p>\n<p>Mar\u00eda Canul Puc, vecina de Chalmuch, indic\u00f3 que la rehabilitaci\u00f3n del parque ayudar\u00e1 a darle una mejor imagen urbana a la comunidad, adem\u00e1s de ser un espacio donde ni\u00f1as, ni\u00f1os, j\u00f3venes y adultos podr\u00e1n convivir en armon\u00eda.<\/p>\n<p>\u201cEste es un parque que hace a\u00f1os que no se rehabilitaba y los juegos estaban muy da\u00f1ados, ahora, con las nuevas instalaciones, la comisar\u00eda se ver\u00e1 m\u00e1s bonita, adem\u00e1s que tambi\u00e9n ser\u00e1 un espacio donde nos reuniremos todos a platicar, hacer ejercicio o ver a nuestros hijos jugar\u201d, mencion\u00f3.<\/p>\n<p>En la comisar\u00eda de Susul\u00e1, Virginia Prado Mart\u00ednez, dijo que son muchos los beneficios que el parque aporta a la comunidad, ya que es un espacio donde se fomenta el sano esparcimiento familiar, adem\u00e1s de que aleja a las y los j\u00f3venes de los vicios.<\/p>\n<p>\u201cEso es necesario para la gente de todas las edades porque las y los ni\u00f1os pueden jugar y los adultos pueden sentarse a platicar o a caminar en los alrededores, y lo que m\u00e1s me da gusto que va a ser un espacio pensado para cada persona\u201d, platic\u00f3.<\/p>\n<p>Margarita Xool Chal\u00e9 agradeci\u00f3 al Alcalde por preocuparse por el desarrollo de\u00a0 Susul\u00e1, ya que con estas acciones se percibe un gobierno cercano y que atiende las necesidades de la poblaci\u00f3n.<\/p>\n<p>\u201cNos encant\u00f3 que se haya hecho esta obra porque el Presidente Municipal est\u00e1 escuchando nuestras solicitudes y estoy segura que vendr\u00e1n m\u00e1s acciones para nuestra comisar\u00eda\u201d.<\/p>\n<p>En su intervenci\u00f3n, el director de Obras P\u00fablicas, David Lor\u00eda Magdub, inform\u00f3 que en la rehabilitaci\u00f3n del parque de Chalmuch se est\u00e1 invirtiendo la cantidad de $1 mill\u00f3n 889 mil 848.96 en la reubicaci\u00f3n del \u00e1rea infantil, pasto sint\u00e9tico, \u00e1rea infantil con juegos tradicionales e inclusivos, bancas, mesas de picnic, andadores, \u00e1reas verdes, botes de basura e iluminaci\u00f3n.<\/p>\n<p>Finalmente, en cuanto a la rehabilitaci\u00f3n del parque de Susul\u00e1 se invierte la cantidad de $2 millones 179 mil 032.09 en el nuevo andador, bancas, \u00e1rea de picnic, \u00e1rea infantil con pasto sint\u00e9tico con juego inclusivo, cancha de usos m\u00faltiples, ejercitadores, botes de basura, sistema de iluminaci\u00f3n y papeleras para excremento canino.<\/p>\n","protected":false},"excerpt":{"rendered":"<p>&nbsp; M\u00e9rida, Yucat\u00e1n a 19 de agosto de 2022.- El Ayuntamiento trabaja para construir una M\u00e9rida m\u00e1s fuerte, a trav\u00e9s de la rehabilitaci\u00f3n y el mantenimiento de los espacios p\u00fablicos dedicados a las familias del Municipio, como es dotar a nuestros parques de la infraestructura urbana adecuada para que cuenten con aditamentos para hacer ejercicio, [&hellip;]<\/p>\n","protected":false},"author":2,"featured_media":92809,"comment_status":"closed","ping_status":"closed","sticky":false,"template":"","format":"standard","meta":{"footnotes":""},"categories":[2],"tags":[],"class_list":{"0":"post-92808","1":"post","2":"type-post","3":"status-publish","4":"format-standard","5":"has-post-thumbnail","7":"category-merida"},"yoast_head":"<!-- This site is optimized with the Yoast SEO plugin v27.5 - https:\/\/yoast.com\/product\/yoast-seo-wordpress\/ -->\n<title>Renuevan los parques de las comisar\u00edas de Chalmuch y Susul\u00e1 - Yucat\u00e1n en corto<\/title>\n<meta name=\"robots\" content=\"index, follow, max-snippet:-1, max-image-preview:large, max-video-preview:-1\" \/>\n<link rel=\"canonical\" href=\"https:\/\/www.yucatanencorto.com\/noticias\/renuevan-los-parques-de-las-comisarias-de-chalmuch-y-susula\/\" \/>\n<meta property=\"og:locale\" content=\"es_ES\" \/>\n<meta property=\"og:type\" content=\"article\" \/>\n<meta property=\"og:title\" content=\"Renuevan los parques de las comisar\u00edas de Chalmuch y Susul\u00e1 - Yucat\u00e1n en corto\" \/>\n<meta property=\"og:description\" content=\"&nbsp; M\u00e9rida, Yucat\u00e1n a 19 de agosto de 2022.- El Ayuntamiento trabaja para construir una M\u00e9rida m\u00e1s fuerte, a trav\u00e9s de la rehabilitaci\u00f3n y el mantenimiento de los espacios p\u00fablicos dedicados a las familias del Municipio, como es dotar a nuestros parques de la infraestructura urbana adecuada para que cuenten con aditamentos para hacer ejercicio, [&hellip;]\" \/>\n<meta property=\"og:url\" content=\"https:\/\/www.yucatanencorto.com\/noticias\/renuevan-los-parques-de-las-comisarias-de-chalmuch-y-susula\/\" \/>\n<meta property=\"og:site_name\" content=\"Yucat\u00e1n en corto\" \/>\n<meta property=\"article:publisher\" content=\"http:\/\/www.facebook.com\/yucatanencorto\" \/>\n<meta property=\"article:published_time\" content=\"2022-08-19T22:55:04+00:00\" \/>\n<meta property=\"og:image\" content=\"https:\/\/www.yucatanencorto.com\/noticias\/wp-content\/uploads\/2022\/08\/Supervicion-parques-2022-08-19-at-11.47.43-PM-1-scaled.jpeg\" \/>\n\t<meta property=\"og:image:width\" content=\"768\" \/>\n\t<meta property=\"og:image:height\" content=\"656\" \/>\n\t<meta property=\"og:image:type\" content=\"image\/jpeg\" \/>\n<meta name=\"author\" content=\"Yucat\u00e1n en Corto FC\" \/>\n<meta name=\"twitter:card\" content=\"summary_large_image\" \/>\n<meta name=\"twitter:creator\" content=\"@yucatanencorto\" \/>\n<meta name=\"twitter:site\" content=\"@yucatanencorto\" \/>\n<meta name=\"twitter:label1\" content=\"Escrito por\" \/>\n\t<meta name=\"twitter:data1\" content=\"Yucat\u00e1n en Corto FC\" \/>\n\t<meta name=\"twitter:label2\" content=\"Tiempo de lectura\" \/>\n\t<meta name=\"twitter:data2\" content=\"4 minutos\" \/>\n<script type=\"application\/ld+json\" class=\"yoast-schema-graph\">{\"@context\":\"https:\\\/\\\/schema.org\",\"@graph\":[{\"@type\":\"Article\",\"@id\":\"https:\\\/\\\/www.yucatanencorto.com\\\/noticias\\\/renuevan-los-parques-de-las-comisarias-de-chalmuch-y-susula\\\/#article\",\"isPartOf\":{\"@id\":\"https:\\\/\\\/www.yucatanencorto.com\\\/noticias\\\/renuevan-los-parques-de-las-comisarias-de-chalmuch-y-susula\\\/\"},\"author\":{\"name\":\"Yucat\u00e1n en Corto FC\",\"@id\":\"https:\\\/\\\/www.yucatanencorto.com\\\/noticias\\\/#\\\/schema\\\/person\\\/14f82d355225a1f4075dd84a31f45a72\"},\"headline\":\"Renuevan los parques de las comisar\u00edas de Chalmuch y Susul\u00e1\",\"datePublished\":\"2022-08-19T22:55:04+00:00\",\"mainEntityOfPage\":{\"@id\":\"https:\\\/\\\/www.yucatanencorto.com\\\/noticias\\\/renuevan-los-parques-de-las-comisarias-de-chalmuch-y-susula\\\/\"},\"wordCount\":852,\"image\":{\"@id\":\"https:\\\/\\\/www.yucatanencorto.com\\\/noticias\\\/renuevan-los-parques-de-las-comisarias-de-chalmuch-y-susula\\\/#primaryimage\"},\"thumbnailUrl\":\"https:\\\/\\\/www.yucatanencorto.com\\\/noticias\\\/wp-content\\\/uploads\\\/2022\\\/08\\\/Supervicion-parques-2022-08-19-at-11.47.43-PM-1-scaled.jpeg\",\"articleSection\":[\"M\u00e9rida\"],\"inLanguage\":\"es\"},{\"@type\":\"WebPage\",\"@id\":\"https:\\\/\\\/www.yucatanencorto.com\\\/noticias\\\/renuevan-los-parques-de-las-comisarias-de-chalmuch-y-susula\\\/\",\"url\":\"https:\\\/\\\/www.yucatanencorto.com\\\/noticias\\\/renuevan-los-parques-de-las-comisarias-de-chalmuch-y-susula\\\/\",\"name\":\"Renuevan los parques de las comisar\u00edas de Chalmuch y Susul\u00e1 - Yucat\u00e1n en corto\",\"isPartOf\":{\"@id\":\"https:\\\/\\\/www.yucatanencorto.com\\\/noticias\\\/#website\"},\"primaryImageOfPage\":{\"@id\":\"https:\\\/\\\/www.yucatanencorto.com\\\/noticias\\\/renuevan-los-parques-de-las-comisarias-de-chalmuch-y-susula\\\/#primaryimage\"},\"image\":{\"@id\":\"https:\\\/\\\/www.yucatanencorto.com\\\/noticias\\\/renuevan-los-parques-de-las-comisarias-de-chalmuch-y-susula\\\/#primaryimage\"},\"thumbnailUrl\":\"https:\\\/\\\/www.yucatanencorto.com\\\/noticias\\\/wp-content\\\/uploads\\\/2022\\\/08\\\/Supervicion-parques-2022-08-19-at-11.47.43-PM-1-scaled.jpeg\",\"datePublished\":\"2022-08-19T22:55:04+00:00\",\"author\":{\"@id\":\"https:\\\/\\\/www.yucatanencorto.com\\\/noticias\\\/#\\\/schema\\\/person\\\/14f82d355225a1f4075dd84a31f45a72\"},\"breadcrumb\":{\"@id\":\"https:\\\/\\\/www.yucatanencorto.com\\\/noticias\\\/renuevan-los-parques-de-las-comisarias-de-chalmuch-y-susula\\\/#breadcrumb\"},\"inLanguage\":\"es\",\"potentialAction\":[{\"@type\":\"ReadAction\",\"target\":[\"https:\\\/\\\/www.yucatanencorto.com\\\/noticias\\\/renuevan-los-parques-de-las-comisarias-de-chalmuch-y-susula\\\/\"]}]},{\"@type\":\"ImageObject\",\"inLanguage\":\"es\",\"@id\":\"https:\\\/\\\/www.yucatanencorto.com\\\/noticias\\\/renuevan-los-parques-de-las-comisarias-de-chalmuch-y-susula\\\/#primaryimage\",\"url\":\"https:\\\/\\\/www.yucatanencorto.com\\\/noticias\\\/wp-content\\\/uploads\\\/2022\\\/08\\\/Supervicion-parques-2022-08-19-at-11.47.43-PM-1-scaled.jpeg\",\"contentUrl\":\"https:\\\/\\\/www.yucatanencorto.com\\\/noticias\\\/wp-content\\\/uploads\\\/2022\\\/08\\\/Supervicion-parques-2022-08-19-at-11.47.43-PM-1-scaled.jpeg\",\"width\":768,\"height\":656},{\"@type\":\"BreadcrumbList\",\"@id\":\"https:\\\/\\\/www.yucatanencorto.com\\\/noticias\\\/renuevan-los-parques-de-las-comisarias-de-chalmuch-y-susula\\\/#breadcrumb\",\"itemListElement\":[{\"@type\":\"ListItem\",\"position\":1,\"name\":\"Portada\",\"item\":\"https:\\\/\\\/www.yucatanencorto.com\\\/noticias\\\/\"},{\"@type\":\"ListItem\",\"position\":2,\"name\":\"Renuevan los parques de las comisar\u00edas de Chalmuch y Susul\u00e1\"}]},{\"@type\":\"WebSite\",\"@id\":\"https:\\\/\\\/www.yucatanencorto.com\\\/noticias\\\/#website\",\"url\":\"https:\\\/\\\/www.yucatanencorto.com\\\/noticias\\\/\",\"name\":\"Yucat\u00e1n en corto\",\"description\":\"Noticias\",\"potentialAction\":[{\"@type\":\"SearchAction\",\"target\":{\"@type\":\"EntryPoint\",\"urlTemplate\":\"https:\\\/\\\/www.yucatanencorto.com\\\/noticias\\\/?s={search_term_string}\"},\"query-input\":{\"@type\":\"PropertyValueSpecification\",\"valueRequired\":true,\"valueName\":\"search_term_string\"}}],\"inLanguage\":\"es\"},{\"@type\":\"Person\",\"@id\":\"https:\\\/\\\/www.yucatanencorto.com\\\/noticias\\\/#\\\/schema\\\/person\\\/14f82d355225a1f4075dd84a31f45a72\",\"name\":\"Yucat\u00e1n en Corto FC\",\"image\":{\"@type\":\"ImageObject\",\"inLanguage\":\"es\",\"@id\":\"https:\\\/\\\/secure.gravatar.com\\\/avatar\\\/147d4b30cd728c53c29c49a3f7834dedca33707f4cd259761355846009a88250?s=96&d=mm&r=g\",\"url\":\"https:\\\/\\\/secure.gravatar.com\\\/avatar\\\/147d4b30cd728c53c29c49a3f7834dedca33707f4cd259761355846009a88250?s=96&d=mm&r=g\",\"contentUrl\":\"https:\\\/\\\/secure.gravatar.com\\\/avatar\\\/147d4b30cd728c53c29c49a3f7834dedca33707f4cd259761355846009a88250?s=96&d=mm&r=g\",\"caption\":\"Yucat\u00e1n en Corto FC\"},\"url\":\"https:\\\/\\\/www.yucatanencorto.com\\\/noticias\\\/author\\\/flor\\\/\"}]}<\/script>\n<!-- \/ Yoast SEO plugin. -->","yoast_head_json":{"title":"Renuevan los parques de las comisar\u00edas de Chalmuch y Susul\u00e1 - Yucat\u00e1n en corto","robots":{"index":"index","follow":"follow","max-snippet":"max-snippet:-1","max-image-preview":"max-image-preview:large","max-video-preview":"max-video-preview:-1"},"canonical":"https:\/\/www.yucatanencorto.com\/noticias\/renuevan-los-parques-de-las-comisarias-de-chalmuch-y-susula\/","og_locale":"es_ES","og_type":"article","og_title":"Renuevan los parques de las comisar\u00edas de Chalmuch y Susul\u00e1 - Yucat\u00e1n en corto","og_description":"&nbsp; M\u00e9rida, Yucat\u00e1n a 19 de agosto de 2022.- El Ayuntamiento trabaja para construir una M\u00e9rida m\u00e1s fuerte, a trav\u00e9s de la rehabilitaci\u00f3n y el mantenimiento de los espacios p\u00fablicos dedicados a las familias del Municipio, como es dotar a nuestros parques de la infraestructura urbana adecuada para que cuenten con aditamentos para hacer ejercicio, [&hellip;]","og_url":"https:\/\/www.yucatanencorto.com\/noticias\/renuevan-los-parques-de-las-comisarias-de-chalmuch-y-susula\/","og_site_name":"Yucat\u00e1n en corto","article_publisher":"http:\/\/www.facebook.com\/yucatanencorto","article_published_time":"2022-08-19T22:55:04+00:00","og_image":[{"width":768,"height":656,"url":"https:\/\/www.yucatanencorto.com\/noticias\/wp-content\/uploads\/2022\/08\/Supervicion-parques-2022-08-19-at-11.47.43-PM-1-scaled.jpeg","type":"image\/jpeg"}],"author":"Yucat\u00e1n en Corto FC","twitter_card":"summary_large_image","twitter_creator":"@yucatanencorto","twitter_site":"@yucatanencorto","twitter_misc":{"Escrito por":"Yucat\u00e1n en Corto FC","Tiempo de lectura":"4 minutos"},"schema":{"@context":"https:\/\/schema.org","@graph":[{"@type":"Article","@id":"https:\/\/www.yucatanencorto.com\/noticias\/renuevan-los-parques-de-las-comisarias-de-chalmuch-y-susula\/#article","isPartOf":{"@id":"https:\/\/www.yucatanencorto.com\/noticias\/renuevan-los-parques-de-las-comisarias-de-chalmuch-y-susula\/"},"author":{"name":"Yucat\u00e1n en Corto FC","@id":"https:\/\/www.yucatanencorto.com\/noticias\/#\/schema\/person\/14f82d355225a1f4075dd84a31f45a72"},"headline":"Renuevan los parques de las comisar\u00edas de Chalmuch y Susul\u00e1","datePublished":"2022-08-19T22:55:04+00:00","mainEntityOfPage":{"@id":"https:\/\/www.yucatanencorto.com\/noticias\/renuevan-los-parques-de-las-comisarias-de-chalmuch-y-susula\/"},"wordCount":852,"image":{"@id":"https:\/\/www.yucatanencorto.com\/noticias\/renuevan-los-parques-de-las-comisarias-de-chalmuch-y-susula\/#primaryimage"},"thumbnailUrl":"https:\/\/www.yucatanencorto.com\/noticias\/wp-content\/uploads\/2022\/08\/Supervicion-parques-2022-08-19-at-11.47.43-PM-1-scaled.jpeg","articleSection":["M\u00e9rida"],"inLanguage":"es"},{"@type":"WebPage","@id":"https:\/\/www.yucatanencorto.com\/noticias\/renuevan-los-parques-de-las-comisarias-de-chalmuch-y-susula\/","url":"https:\/\/www.yucatanencorto.com\/noticias\/renuevan-los-parques-de-las-comisarias-de-chalmuch-y-susula\/","name":"Renuevan los parques de las comisar\u00edas de Chalmuch y Susul\u00e1 - Yucat\u00e1n en corto","isPartOf":{"@id":"https:\/\/www.yucatanencorto.com\/noticias\/#website"},"primaryImageOfPage":{"@id":"https:\/\/www.yucatanencorto.com\/noticias\/renuevan-los-parques-de-las-comisarias-de-chalmuch-y-susula\/#primaryimage"},"image":{"@id":"https:\/\/www.yucatanencorto.com\/noticias\/renuevan-los-parques-de-las-comisarias-de-chalmuch-y-susula\/#primaryimage"},"thumbnailUrl":"https:\/\/www.yucatanencorto.com\/noticias\/wp-content\/uploads\/2022\/08\/Supervicion-parques-2022-08-19-at-11.47.43-PM-1-scaled.jpeg","datePublished":"2022-08-19T22:55:04+00:00","author":{"@id":"https:\/\/www.yucatanencorto.com\/noticias\/#\/schema\/person\/14f82d355225a1f4075dd84a31f45a72"},"breadcrumb":{"@id":"https:\/\/www.yucatanencorto.com\/noticias\/renuevan-los-parques-de-las-comisarias-de-chalmuch-y-susula\/#breadcrumb"},"inLanguage":"es","potentialAction":[{"@type":"ReadAction","target":["https:\/\/www.yucatanencorto.com\/noticias\/renuevan-los-parques-de-las-comisarias-de-chalmuch-y-susula\/"]}]},{"@type":"ImageObject","inLanguage":"es","@id":"https:\/\/www.yucatanencorto.com\/noticias\/renuevan-los-parques-de-las-comisarias-de-chalmuch-y-susula\/#primaryimage","url":"https:\/\/www.yucatanencorto.com\/noticias\/wp-content\/uploads\/2022\/08\/Supervicion-parques-2022-08-19-at-11.47.43-PM-1-scaled.jpeg","contentUrl":"https:\/\/www.yucatanencorto.com\/noticias\/wp-content\/uploads\/2022\/08\/Supervicion-parques-2022-08-19-at-11.47.43-PM-1-scaled.jpeg","width":768,"height":656},{"@type":"BreadcrumbList","@id":"https:\/\/www.yucatanencorto.com\/noticias\/renuevan-los-parques-de-las-comisarias-de-chalmuch-y-susula\/#breadcrumb","itemListElement":[{"@type":"ListItem","position":1,"name":"Portada","item":"https:\/\/www.yucatanencorto.com\/noticias\/"},{"@type":"ListItem","position":2,"name":"Renuevan los parques de las comisar\u00edas de Chalmuch y Susul\u00e1"}]},{"@type":"WebSite","@id":"https:\/\/www.yucatanencorto.com\/noticias\/#website","url":"https:\/\/www.yucatanencorto.com\/noticias\/","name":"Yucat\u00e1n en corto","description":"Noticias","potentialAction":[{"@type":"SearchAction","target":{"@type":"EntryPoint","urlTemplate":"https:\/\/www.yucatanencorto.com\/noticias\/?s={search_term_string}"},"query-input":{"@type":"PropertyValueSpecification","valueRequired":true,"valueName":"search_term_string"}}],"inLanguage":"es"},{"@type":"Person","@id":"https:\/\/www.yucatanencorto.com\/noticias\/#\/schema\/person\/14f82d355225a1f4075dd84a31f45a72","name":"Yucat\u00e1n en Corto FC","image":{"@type":"ImageObject","inLanguage":"es","@id":"https:\/\/secure.gravatar.com\/avatar\/147d4b30cd728c53c29c49a3f7834dedca33707f4cd259761355846009a88250?s=96&d=mm&r=g","url":"https:\/\/secure.gravatar.com\/avatar\/147d4b30cd728c53c29c49a3f7834dedca33707f4cd259761355846009a88250?s=96&d=mm&r=g","contentUrl":"https:\/\/secure.gravatar.com\/avatar\/147d4b30cd728c53c29c49a3f7834dedca33707f4cd259761355846009a88250?s=96&d=mm&r=g","caption":"Yucat\u00e1n en Corto FC"},"url":"https:\/\/www.yucatanencorto.com\/noticias\/author\/flor\/"}]}},"_links":{"self":[{"href":"https:\/\/www.yucatanencorto.com\/noticias\/wp-json\/wp\/v2\/posts\/92808","targetHints":{"allow":["GET"]}}],"collection":[{"href":"https:\/\/www.yucatanencorto.com\/noticias\/wp-json\/wp\/v2\/posts"}],"about":[{"href":"https:\/\/www.yucatanencorto.com\/noticias\/wp-json\/wp\/v2\/types\/post"}],"author":[{"embeddable":true,"href":"https:\/\/www.yucatanencorto.com\/noticias\/wp-json\/wp\/v2\/users\/2"}],"replies":[{"embeddable":true,"href":"https:\/\/www.yucatanencorto.com\/noticias\/wp-json\/wp\/v2\/comments?post=92808"}],"version-history":[{"count":0,"href":"https:\/\/www.yucatanencorto.com\/noticias\/wp-json\/wp\/v2\/posts\/92808\/revisions"}],"wp:featuredmedia":[{"embeddable":true,"href":"https:\/\/www.yucatanencorto.com\/noticias\/wp-json\/wp\/v2\/media\/92809"}],"wp:attachment":[{"href":"https:\/\/www.yucatanencorto.com\/noticias\/wp-json\/wp\/v2\/media?parent=92808"}],"wp:term":[{"taxonomy":"category","embeddable":true,"href":"https:\/\/www.yucatanencorto.com\/noticias\/wp-json\/wp\/v2\/categories?post=92808"},{"taxonomy":"post_tag","embeddable":true,"href":"https:\/\/www.yucatanencorto.com\/noticias\/wp-json\/wp\/v2\/tags?post=92808"}],"curies":[{"name":"wp","href":"https:\/\/api.w.org\/{rel}","templated":true}]}}