{"id":92814,"date":"2022-08-20T11:18:32","date_gmt":"2022-08-20T16:18:32","guid":{"rendered":"https:\/\/www.yucatanencorto.com\/noticias\/?p=92814"},"modified":"2022-08-20T11:18:32","modified_gmt":"2022-08-20T16:18:32","slug":"caravana-yucatan-por-el-hambre-cero-llega-a-kanasin","status":"publish","type":"post","link":"https:\/\/www.yucatanencorto.com\/noticias\/caravana-yucatan-por-el-hambre-cero-llega-a-kanasin\/","title":{"rendered":"Caravana \u00abYucat\u00e1n por el Hambre cero\u00bb llega a Kanas\u00edn"},"content":{"rendered":"<h1><span style=\"color: #222222; font-family: Verdana, BlinkMacSystemFont, -apple-system, 'Segoe UI', Roboto, Oxygen, Ubuntu, Cantarell, 'Open Sans', 'Helvetica Neue', sans-serif; font-size: 15px;\"><img loading=\"lazy\" decoding=\"async\" class=\"alignnone size-full wp-image-92815\" src=\"https:\/\/www.yucatanencorto.com\/noticias\/wp-content\/uploads\/2022\/08\/IMG-20220820-WA0007-scaled.jpg\" alt=\"\" width=\"768\" height=\"512\" srcset=\"https:\/\/www.yucatanencorto.com\/noticias\/wp-content\/uploads\/2022\/08\/IMG-20220820-WA0007-scaled.jpg 768w, https:\/\/www.yucatanencorto.com\/noticias\/wp-content\/uploads\/2022\/08\/IMG-20220820-WA0007-696x464.jpg 696w, https:\/\/www.yucatanencorto.com\/noticias\/wp-content\/uploads\/2022\/08\/IMG-20220820-WA0007-1068x712.jpg 1068w, https:\/\/www.yucatanencorto.com\/noticias\/wp-content\/uploads\/2022\/08\/IMG-20220820-WA0007-630x420.jpg 630w\" sizes=\"auto, (max-width: 768px) 100vw, 768px\" \/>A fin de promover una sana alimentaci\u00f3n y la atenci\u00f3n oportuna en servicios de salud, ayer vienes por la tarde Kanas\u00edn recibi\u00f3 la caravana \u00abYucat\u00e1n por el Hambre Cero\u00bb, evento al que asistieron decenas de familias del municipio.<\/span><\/h1>\n<p>&nbsp;<\/p>\n<p>El alcalde de Kanas\u00edn, Edwin Boj\u00f3rquez Ram\u00edrez, dio la bienvenida al evento y destac\u00f3 que \u201cpara nuestra administraci\u00f3n es de suma importancia que las y los kanasinenses cuenten una mejor alimentaci\u00f3n y mayor salud, pues son elementos necesarios para un crecimiento integral y sustentable en el municipio.\u00bb<\/p>\n<p>&nbsp;<\/p>\n<p>Ante la presencia de invitados especiales y teniendo como sede el campo deportivo \u201cAlfonso Palma\u201d, el edil se\u00f1al\u00f3 que \u201cel trabajo que municipio y Gobierno de Yucat\u00e1n realizan tiene como finalidad disminuir los \u00edndices de pobreza, pero sobre todo que las familias kanasinenses tengan una vida digna, y eso solo se lograr\u00e1 teniendo una adecuada alimentaci\u00f3n y servicios m\u00e9dicos de calidad\u201d.<\/p>\n<p>&nbsp;<\/p>\n<p>Indic\u00f3 que un punto neur\u00e1lgico de su administraci\u00f3n es \u201catender a la poblaci\u00f3n en vulnerabilidad, porque sabemos del rezago que todav\u00eda existen y los retos que hay por delante para sacar de la pobreza y de la inadecuada alimentaci\u00f3n y condiciones de salud a las familias del municipio que viven en vulnerabilidad\u201d.<\/p>\n<p>&nbsp;<\/p>\n<p>\u201cPor eso quiero establecer un compromiso de trabajo con ustedes, para que gradualmente les apoyemos a salir adelante. Queremos darles esas oportunidades que durante muchos a\u00f1os se les han negado y queremos transformar y cambiar sus vidas y la de sus familias\u201d, dijo.<\/p>\n<p>&nbsp;<\/p>\n<p>La caravana \u00abYucat\u00e1n por el Hambre Cero\u00bb es impulsada por el Gobierno de Yucat\u00e1n, a trav\u00e9s del DIF de Yucat\u00e1n, y consisti\u00f3 en ofrecer servicios m\u00e9dicos y nutricionales sin costo, adem\u00e1s de diversas actividades recreativas y culturales.<\/p>\n<p>&nbsp;<\/p>\n<p>Un toral de 12 dependencias de gobierno participaron en la caravana y se cont\u00f3 con una excelente respuesta por parte de la poblaci\u00f3n.<\/p>\n<p>&nbsp;<\/p>\n<p>En el evento se cont\u00f3 con la presencia de Sayda Rodriguez G\u00f3mez, Secretaria de Desarrollo Sustentable de Yucat\u00e1n; la presidenta del DIF Kanas\u00edn Raquel Balam Rocha de Boj\u00f3rquez; Mar\u00eda Teresa Boehm Calero, directora del DIF Yucat\u00e1n; Manuela Cocom Bolio, Diputada por el VI distrito local; el diputado federal Rommel Pacheco Marrufo; y, Jorge Avil\u00e9s Lizama, secretario general de planeaci\u00f3n del Gobierno de Yucat\u00e1n.<\/p>\n","protected":false},"excerpt":{"rendered":"<p>A fin de promover una sana alimentaci\u00f3n y la atenci\u00f3n oportuna en servicios de salud, ayer vienes por la tarde Kanas\u00edn recibi\u00f3 la caravana \u00abYucat\u00e1n por el Hambre Cero\u00bb, evento al que asistieron decenas de familias del municipio. &nbsp; El alcalde de Kanas\u00edn, Edwin Boj\u00f3rquez Ram\u00edrez, dio la bienvenida al evento y destac\u00f3 que \u201cpara [&hellip;]<\/p>\n","protected":false},"author":2,"featured_media":92815,"comment_status":"closed","ping_status":"closed","sticky":false,"template":"","format":"standard","meta":{"footnotes":""},"categories":[3],"tags":[],"class_list":{"0":"post-92814","1":"post","2":"type-post","3":"status-publish","4":"format-standard","5":"has-post-thumbnail","7":"category-yucatan"},"yoast_head":"<!-- This site is optimized with the Yoast SEO plugin v27.5 - https:\/\/yoast.com\/product\/yoast-seo-wordpress\/ -->\n<title>Caravana &quot;Yucat\u00e1n por el Hambre cero&quot; llega a Kanas\u00edn - Yucat\u00e1n en corto<\/title>\n<meta name=\"robots\" content=\"index, follow, max-snippet:-1, max-image-preview:large, max-video-preview:-1\" \/>\n<link rel=\"canonical\" href=\"https:\/\/www.yucatanencorto.com\/noticias\/caravana-yucatan-por-el-hambre-cero-llega-a-kanasin\/\" \/>\n<meta property=\"og:locale\" content=\"es_ES\" \/>\n<meta property=\"og:type\" content=\"article\" \/>\n<meta property=\"og:title\" content=\"Caravana &quot;Yucat\u00e1n por el Hambre cero&quot; llega a Kanas\u00edn - Yucat\u00e1n en corto\" \/>\n<meta property=\"og:description\" content=\"A fin de promover una sana alimentaci\u00f3n y la atenci\u00f3n oportuna en servicios de salud, ayer vienes por la tarde Kanas\u00edn recibi\u00f3 la caravana \u00abYucat\u00e1n por el Hambre Cero\u00bb, evento al que asistieron decenas de familias del municipio. &nbsp; El alcalde de Kanas\u00edn, Edwin Boj\u00f3rquez Ram\u00edrez, dio la bienvenida al evento y destac\u00f3 que \u201cpara [&hellip;]\" \/>\n<meta property=\"og:url\" content=\"https:\/\/www.yucatanencorto.com\/noticias\/caravana-yucatan-por-el-hambre-cero-llega-a-kanasin\/\" \/>\n<meta property=\"og:site_name\" content=\"Yucat\u00e1n en corto\" \/>\n<meta property=\"article:publisher\" content=\"http:\/\/www.facebook.com\/yucatanencorto\" \/>\n<meta property=\"article:published_time\" content=\"2022-08-20T16:18:32+00:00\" \/>\n<meta property=\"og:image\" content=\"https:\/\/www.yucatanencorto.com\/noticias\/wp-content\/uploads\/2022\/08\/IMG-20220820-WA0007-scaled.jpg\" \/>\n\t<meta property=\"og:image:width\" content=\"768\" \/>\n\t<meta property=\"og:image:height\" content=\"512\" \/>\n\t<meta property=\"og:image:type\" content=\"image\/jpeg\" \/>\n<meta name=\"author\" content=\"Yucat\u00e1n en Corto FC\" \/>\n<meta name=\"twitter:card\" content=\"summary_large_image\" \/>\n<meta name=\"twitter:creator\" content=\"@yucatanencorto\" \/>\n<meta name=\"twitter:site\" content=\"@yucatanencorto\" \/>\n<meta name=\"twitter:label1\" content=\"Escrito por\" \/>\n\t<meta name=\"twitter:data1\" content=\"Yucat\u00e1n en Corto FC\" \/>\n\t<meta name=\"twitter:label2\" content=\"Tiempo de lectura\" \/>\n\t<meta name=\"twitter:data2\" content=\"2 minutos\" \/>\n<script type=\"application\/ld+json\" class=\"yoast-schema-graph\">{\"@context\":\"https:\\\/\\\/schema.org\",\"@graph\":[{\"@type\":\"Article\",\"@id\":\"https:\\\/\\\/www.yucatanencorto.com\\\/noticias\\\/caravana-yucatan-por-el-hambre-cero-llega-a-kanasin\\\/#article\",\"isPartOf\":{\"@id\":\"https:\\\/\\\/www.yucatanencorto.com\\\/noticias\\\/caravana-yucatan-por-el-hambre-cero-llega-a-kanasin\\\/\"},\"author\":{\"name\":\"Yucat\u00e1n en Corto FC\",\"@id\":\"https:\\\/\\\/www.yucatanencorto.com\\\/noticias\\\/#\\\/schema\\\/person\\\/14f82d355225a1f4075dd84a31f45a72\"},\"headline\":\"Caravana \u00abYucat\u00e1n por el Hambre cero\u00bb llega a Kanas\u00edn\",\"datePublished\":\"2022-08-20T16:18:32+00:00\",\"mainEntityOfPage\":{\"@id\":\"https:\\\/\\\/www.yucatanencorto.com\\\/noticias\\\/caravana-yucatan-por-el-hambre-cero-llega-a-kanasin\\\/\"},\"wordCount\":416,\"image\":{\"@id\":\"https:\\\/\\\/www.yucatanencorto.com\\\/noticias\\\/caravana-yucatan-por-el-hambre-cero-llega-a-kanasin\\\/#primaryimage\"},\"thumbnailUrl\":\"https:\\\/\\\/www.yucatanencorto.com\\\/noticias\\\/wp-content\\\/uploads\\\/2022\\\/08\\\/IMG-20220820-WA0007-scaled.jpg\",\"articleSection\":[\"Yucat\u00e1n\"],\"inLanguage\":\"es\"},{\"@type\":\"WebPage\",\"@id\":\"https:\\\/\\\/www.yucatanencorto.com\\\/noticias\\\/caravana-yucatan-por-el-hambre-cero-llega-a-kanasin\\\/\",\"url\":\"https:\\\/\\\/www.yucatanencorto.com\\\/noticias\\\/caravana-yucatan-por-el-hambre-cero-llega-a-kanasin\\\/\",\"name\":\"Caravana \\\"Yucat\u00e1n por el Hambre cero\\\" llega a Kanas\u00edn - Yucat\u00e1n en corto\",\"isPartOf\":{\"@id\":\"https:\\\/\\\/www.yucatanencorto.com\\\/noticias\\\/#website\"},\"primaryImageOfPage\":{\"@id\":\"https:\\\/\\\/www.yucatanencorto.com\\\/noticias\\\/caravana-yucatan-por-el-hambre-cero-llega-a-kanasin\\\/#primaryimage\"},\"image\":{\"@id\":\"https:\\\/\\\/www.yucatanencorto.com\\\/noticias\\\/caravana-yucatan-por-el-hambre-cero-llega-a-kanasin\\\/#primaryimage\"},\"thumbnailUrl\":\"https:\\\/\\\/www.yucatanencorto.com\\\/noticias\\\/wp-content\\\/uploads\\\/2022\\\/08\\\/IMG-20220820-WA0007-scaled.jpg\",\"datePublished\":\"2022-08-20T16:18:32+00:00\",\"author\":{\"@id\":\"https:\\\/\\\/www.yucatanencorto.com\\\/noticias\\\/#\\\/schema\\\/person\\\/14f82d355225a1f4075dd84a31f45a72\"},\"breadcrumb\":{\"@id\":\"https:\\\/\\\/www.yucatanencorto.com\\\/noticias\\\/caravana-yucatan-por-el-hambre-cero-llega-a-kanasin\\\/#breadcrumb\"},\"inLanguage\":\"es\",\"potentialAction\":[{\"@type\":\"ReadAction\",\"target\":[\"https:\\\/\\\/www.yucatanencorto.com\\\/noticias\\\/caravana-yucatan-por-el-hambre-cero-llega-a-kanasin\\\/\"]}]},{\"@type\":\"ImageObject\",\"inLanguage\":\"es\",\"@id\":\"https:\\\/\\\/www.yucatanencorto.com\\\/noticias\\\/caravana-yucatan-por-el-hambre-cero-llega-a-kanasin\\\/#primaryimage\",\"url\":\"https:\\\/\\\/www.yucatanencorto.com\\\/noticias\\\/wp-content\\\/uploads\\\/2022\\\/08\\\/IMG-20220820-WA0007-scaled.jpg\",\"contentUrl\":\"https:\\\/\\\/www.yucatanencorto.com\\\/noticias\\\/wp-content\\\/uploads\\\/2022\\\/08\\\/IMG-20220820-WA0007-scaled.jpg\",\"width\":768,\"height\":512},{\"@type\":\"BreadcrumbList\",\"@id\":\"https:\\\/\\\/www.yucatanencorto.com\\\/noticias\\\/caravana-yucatan-por-el-hambre-cero-llega-a-kanasin\\\/#breadcrumb\",\"itemListElement\":[{\"@type\":\"ListItem\",\"position\":1,\"name\":\"Portada\",\"item\":\"https:\\\/\\\/www.yucatanencorto.com\\\/noticias\\\/\"},{\"@type\":\"ListItem\",\"position\":2,\"name\":\"Caravana \u00abYucat\u00e1n por el Hambre cero\u00bb llega a Kanas\u00edn\"}]},{\"@type\":\"WebSite\",\"@id\":\"https:\\\/\\\/www.yucatanencorto.com\\\/noticias\\\/#website\",\"url\":\"https:\\\/\\\/www.yucatanencorto.com\\\/noticias\\\/\",\"name\":\"Yucat\u00e1n en corto\",\"description\":\"Noticias\",\"potentialAction\":[{\"@type\":\"SearchAction\",\"target\":{\"@type\":\"EntryPoint\",\"urlTemplate\":\"https:\\\/\\\/www.yucatanencorto.com\\\/noticias\\\/?s={search_term_string}\"},\"query-input\":{\"@type\":\"PropertyValueSpecification\",\"valueRequired\":true,\"valueName\":\"search_term_string\"}}],\"inLanguage\":\"es\"},{\"@type\":\"Person\",\"@id\":\"https:\\\/\\\/www.yucatanencorto.com\\\/noticias\\\/#\\\/schema\\\/person\\\/14f82d355225a1f4075dd84a31f45a72\",\"name\":\"Yucat\u00e1n en Corto FC\",\"image\":{\"@type\":\"ImageObject\",\"inLanguage\":\"es\",\"@id\":\"https:\\\/\\\/secure.gravatar.com\\\/avatar\\\/147d4b30cd728c53c29c49a3f7834dedca33707f4cd259761355846009a88250?s=96&d=mm&r=g\",\"url\":\"https:\\\/\\\/secure.gravatar.com\\\/avatar\\\/147d4b30cd728c53c29c49a3f7834dedca33707f4cd259761355846009a88250?s=96&d=mm&r=g\",\"contentUrl\":\"https:\\\/\\\/secure.gravatar.com\\\/avatar\\\/147d4b30cd728c53c29c49a3f7834dedca33707f4cd259761355846009a88250?s=96&d=mm&r=g\",\"caption\":\"Yucat\u00e1n en Corto FC\"},\"url\":\"https:\\\/\\\/www.yucatanencorto.com\\\/noticias\\\/author\\\/flor\\\/\"}]}<\/script>\n<!-- \/ Yoast SEO plugin. -->","yoast_head_json":{"title":"Caravana \"Yucat\u00e1n por el Hambre cero\" llega a Kanas\u00edn - Yucat\u00e1n en corto","robots":{"index":"index","follow":"follow","max-snippet":"max-snippet:-1","max-image-preview":"max-image-preview:large","max-video-preview":"max-video-preview:-1"},"canonical":"https:\/\/www.yucatanencorto.com\/noticias\/caravana-yucatan-por-el-hambre-cero-llega-a-kanasin\/","og_locale":"es_ES","og_type":"article","og_title":"Caravana \"Yucat\u00e1n por el Hambre cero\" llega a Kanas\u00edn - Yucat\u00e1n en corto","og_description":"A fin de promover una sana alimentaci\u00f3n y la atenci\u00f3n oportuna en servicios de salud, ayer vienes por la tarde Kanas\u00edn recibi\u00f3 la caravana \u00abYucat\u00e1n por el Hambre Cero\u00bb, evento al que asistieron decenas de familias del municipio. &nbsp; El alcalde de Kanas\u00edn, Edwin Boj\u00f3rquez Ram\u00edrez, dio la bienvenida al evento y destac\u00f3 que \u201cpara [&hellip;]","og_url":"https:\/\/www.yucatanencorto.com\/noticias\/caravana-yucatan-por-el-hambre-cero-llega-a-kanasin\/","og_site_name":"Yucat\u00e1n en corto","article_publisher":"http:\/\/www.facebook.com\/yucatanencorto","article_published_time":"2022-08-20T16:18:32+00:00","og_image":[{"width":768,"height":512,"url":"https:\/\/www.yucatanencorto.com\/noticias\/wp-content\/uploads\/2022\/08\/IMG-20220820-WA0007-scaled.jpg","type":"image\/jpeg"}],"author":"Yucat\u00e1n en Corto FC","twitter_card":"summary_large_image","twitter_creator":"@yucatanencorto","twitter_site":"@yucatanencorto","twitter_misc":{"Escrito por":"Yucat\u00e1n en Corto FC","Tiempo de lectura":"2 minutos"},"schema":{"@context":"https:\/\/schema.org","@graph":[{"@type":"Article","@id":"https:\/\/www.yucatanencorto.com\/noticias\/caravana-yucatan-por-el-hambre-cero-llega-a-kanasin\/#article","isPartOf":{"@id":"https:\/\/www.yucatanencorto.com\/noticias\/caravana-yucatan-por-el-hambre-cero-llega-a-kanasin\/"},"author":{"name":"Yucat\u00e1n en Corto FC","@id":"https:\/\/www.yucatanencorto.com\/noticias\/#\/schema\/person\/14f82d355225a1f4075dd84a31f45a72"},"headline":"Caravana \u00abYucat\u00e1n por el Hambre cero\u00bb llega a Kanas\u00edn","datePublished":"2022-08-20T16:18:32+00:00","mainEntityOfPage":{"@id":"https:\/\/www.yucatanencorto.com\/noticias\/caravana-yucatan-por-el-hambre-cero-llega-a-kanasin\/"},"wordCount":416,"image":{"@id":"https:\/\/www.yucatanencorto.com\/noticias\/caravana-yucatan-por-el-hambre-cero-llega-a-kanasin\/#primaryimage"},"thumbnailUrl":"https:\/\/www.yucatanencorto.com\/noticias\/wp-content\/uploads\/2022\/08\/IMG-20220820-WA0007-scaled.jpg","articleSection":["Yucat\u00e1n"],"inLanguage":"es"},{"@type":"WebPage","@id":"https:\/\/www.yucatanencorto.com\/noticias\/caravana-yucatan-por-el-hambre-cero-llega-a-kanasin\/","url":"https:\/\/www.yucatanencorto.com\/noticias\/caravana-yucatan-por-el-hambre-cero-llega-a-kanasin\/","name":"Caravana \"Yucat\u00e1n por el Hambre cero\" llega a Kanas\u00edn - Yucat\u00e1n en corto","isPartOf":{"@id":"https:\/\/www.yucatanencorto.com\/noticias\/#website"},"primaryImageOfPage":{"@id":"https:\/\/www.yucatanencorto.com\/noticias\/caravana-yucatan-por-el-hambre-cero-llega-a-kanasin\/#primaryimage"},"image":{"@id":"https:\/\/www.yucatanencorto.com\/noticias\/caravana-yucatan-por-el-hambre-cero-llega-a-kanasin\/#primaryimage"},"thumbnailUrl":"https:\/\/www.yucatanencorto.com\/noticias\/wp-content\/uploads\/2022\/08\/IMG-20220820-WA0007-scaled.jpg","datePublished":"2022-08-20T16:18:32+00:00","author":{"@id":"https:\/\/www.yucatanencorto.com\/noticias\/#\/schema\/person\/14f82d355225a1f4075dd84a31f45a72"},"breadcrumb":{"@id":"https:\/\/www.yucatanencorto.com\/noticias\/caravana-yucatan-por-el-hambre-cero-llega-a-kanasin\/#breadcrumb"},"inLanguage":"es","potentialAction":[{"@type":"ReadAction","target":["https:\/\/www.yucatanencorto.com\/noticias\/caravana-yucatan-por-el-hambre-cero-llega-a-kanasin\/"]}]},{"@type":"ImageObject","inLanguage":"es","@id":"https:\/\/www.yucatanencorto.com\/noticias\/caravana-yucatan-por-el-hambre-cero-llega-a-kanasin\/#primaryimage","url":"https:\/\/www.yucatanencorto.com\/noticias\/wp-content\/uploads\/2022\/08\/IMG-20220820-WA0007-scaled.jpg","contentUrl":"https:\/\/www.yucatanencorto.com\/noticias\/wp-content\/uploads\/2022\/08\/IMG-20220820-WA0007-scaled.jpg","width":768,"height":512},{"@type":"BreadcrumbList","@id":"https:\/\/www.yucatanencorto.com\/noticias\/caravana-yucatan-por-el-hambre-cero-llega-a-kanasin\/#breadcrumb","itemListElement":[{"@type":"ListItem","position":1,"name":"Portada","item":"https:\/\/www.yucatanencorto.com\/noticias\/"},{"@type":"ListItem","position":2,"name":"Caravana \u00abYucat\u00e1n por el Hambre cero\u00bb llega a Kanas\u00edn"}]},{"@type":"WebSite","@id":"https:\/\/www.yucatanencorto.com\/noticias\/#website","url":"https:\/\/www.yucatanencorto.com\/noticias\/","name":"Yucat\u00e1n en corto","description":"Noticias","potentialAction":[{"@type":"SearchAction","target":{"@type":"EntryPoint","urlTemplate":"https:\/\/www.yucatanencorto.com\/noticias\/?s={search_term_string}"},"query-input":{"@type":"PropertyValueSpecification","valueRequired":true,"valueName":"search_term_string"}}],"inLanguage":"es"},{"@type":"Person","@id":"https:\/\/www.yucatanencorto.com\/noticias\/#\/schema\/person\/14f82d355225a1f4075dd84a31f45a72","name":"Yucat\u00e1n en Corto FC","image":{"@type":"ImageObject","inLanguage":"es","@id":"https:\/\/secure.gravatar.com\/avatar\/147d4b30cd728c53c29c49a3f7834dedca33707f4cd259761355846009a88250?s=96&d=mm&r=g","url":"https:\/\/secure.gravatar.com\/avatar\/147d4b30cd728c53c29c49a3f7834dedca33707f4cd259761355846009a88250?s=96&d=mm&r=g","contentUrl":"https:\/\/secure.gravatar.com\/avatar\/147d4b30cd728c53c29c49a3f7834dedca33707f4cd259761355846009a88250?s=96&d=mm&r=g","caption":"Yucat\u00e1n en Corto FC"},"url":"https:\/\/www.yucatanencorto.com\/noticias\/author\/flor\/"}]}},"_links":{"self":[{"href":"https:\/\/www.yucatanencorto.com\/noticias\/wp-json\/wp\/v2\/posts\/92814","targetHints":{"allow":["GET"]}}],"collection":[{"href":"https:\/\/www.yucatanencorto.com\/noticias\/wp-json\/wp\/v2\/posts"}],"about":[{"href":"https:\/\/www.yucatanencorto.com\/noticias\/wp-json\/wp\/v2\/types\/post"}],"author":[{"embeddable":true,"href":"https:\/\/www.yucatanencorto.com\/noticias\/wp-json\/wp\/v2\/users\/2"}],"replies":[{"embeddable":true,"href":"https:\/\/www.yucatanencorto.com\/noticias\/wp-json\/wp\/v2\/comments?post=92814"}],"version-history":[{"count":0,"href":"https:\/\/www.yucatanencorto.com\/noticias\/wp-json\/wp\/v2\/posts\/92814\/revisions"}],"wp:featuredmedia":[{"embeddable":true,"href":"https:\/\/www.yucatanencorto.com\/noticias\/wp-json\/wp\/v2\/media\/92815"}],"wp:attachment":[{"href":"https:\/\/www.yucatanencorto.com\/noticias\/wp-json\/wp\/v2\/media?parent=92814"}],"wp:term":[{"taxonomy":"category","embeddable":true,"href":"https:\/\/www.yucatanencorto.com\/noticias\/wp-json\/wp\/v2\/categories?post=92814"},{"taxonomy":"post_tag","embeddable":true,"href":"https:\/\/www.yucatanencorto.com\/noticias\/wp-json\/wp\/v2\/tags?post=92814"}],"curies":[{"name":"wp","href":"https:\/\/api.w.org\/{rel}","templated":true}]}}