{"id":92817,"date":"2022-08-20T15:17:30","date_gmt":"2022-08-20T20:17:30","guid":{"rendered":"https:\/\/www.yucatanencorto.com\/noticias\/?p=92817"},"modified":"2022-08-20T15:17:30","modified_gmt":"2022-08-20T20:17:30","slug":"entregan-maiz-para-las-familias-de-kinil","status":"publish","type":"post","link":"https:\/\/www.yucatanencorto.com\/noticias\/entregan-maiz-para-las-familias-de-kinil\/","title":{"rendered":"Entregan ma\u00edz para las familias de Kinil"},"content":{"rendered":"<p><img loading=\"lazy\" decoding=\"async\" class=\"alignnone size-full wp-image-92818\" src=\"https:\/\/www.yucatanencorto.com\/noticias\/wp-content\/uploads\/2022\/08\/0003-12-scaled.jpg\" alt=\"\" width=\"768\" height=\"576\" srcset=\"https:\/\/www.yucatanencorto.com\/noticias\/wp-content\/uploads\/2022\/08\/0003-12-scaled.jpg 768w, https:\/\/www.yucatanencorto.com\/noticias\/wp-content\/uploads\/2022\/08\/0003-12-696x522.jpg 696w, https:\/\/www.yucatanencorto.com\/noticias\/wp-content\/uploads\/2022\/08\/0003-12-1068x801.jpg 1068w, https:\/\/www.yucatanencorto.com\/noticias\/wp-content\/uploads\/2022\/08\/0003-12-560x420.jpg 560w, https:\/\/www.yucatanencorto.com\/noticias\/wp-content\/uploads\/2022\/08\/0003-12-80x60.jpg 80w, https:\/\/www.yucatanencorto.com\/noticias\/wp-content\/uploads\/2022\/08\/0003-12-265x198.jpg 265w\" sizes=\"auto, (max-width: 768px) 100vw, 768px\" \/><\/p>\n<p>&nbsp;<\/p>\n<p>Tekax, Yucat\u00e1n, 20 de agosto de 2022.- Familias del sur del estado contin\u00faan mejorando su alimentaci\u00f3n y econom\u00eda, luego de que el Gobernador Mauricio Vila Dosal entreg\u00f3 4,000 paquetes de ma\u00edz para consumo humano a habitantes de la comisar\u00eda de Kinil.<\/p>\n<p>En gira de trabajo por Tekax, Vila Dosal y el alcalde anfitri\u00f3n, Diego Jos\u00e9 \u00c1vila Romero, dieron el banderazo para distribuir el alimento y entregaron los trabajos de mantenimiento a la Casa Ejidal, donde se re\u00fanen 325 campesinos.<\/p>\n<p>Al dirigir un mensaje, el Gobernador reconoci\u00f3 que, en los niveles nacional y local, se enfrenta tiempos dif\u00edciles econ\u00f3micamente y los productos de consumo humano han encarecido; de ah\u00ed la importancia de dotar a los sectores m\u00e1s vulnerables con este respaldo a su nutrici\u00f3n y la de sus familias.<\/p>\n<p>\u00abAhora, las cosas no son como antes, cuando se entregaba los apoyos a unos s\u00ed y otros no; ac\u00e1, en mi Gobierno, siempre lo he dicho, a m\u00ed no me importa qui\u00e9n es rojo, azul, morado o amarillo; aqu\u00ed, los apoyos se entregan parejos y a todos. Por eso, estamos viniendo a entregar a cada familia un apoyo de ma\u00edz, para que todos tengan en beneficio\u00bb, reiter\u00f3.<\/p>\n<p>En representaci\u00f3n de los recipiendarios, Macaria Couh May comparti\u00f3 que, con la pandemia y las lluvias, les ha costado mucho trabajo recuperar sus cultivos, ya que todo est\u00e1 m\u00e1s caro y apenas pueden costear sus insumos, por lo que estos bienes les permitir\u00e1n tener un ingreso extra y una mejor alimentaci\u00f3n.<\/p>\n<p>\u00abCon este ma\u00edz, podemos hacer tamales, salbutes, panuchos y empanadas para vender, y, adem\u00e1s, lo podemos comer, es una ayuda doble; as\u00ed, podemos comprar lo que nos falta para fertilizar nuestros cultivos y nos vamos ayudando, poco a poco. Estamos muy agradecidos con el Gobernador, por preocuparse por la gente de los pueblos\u00bb, agreg\u00f3 la mujer, quien tiene a su cargo a sus padres y 2 hijos.<\/p>\n<p>Al dar detalles sobre las acciones de este d\u00eda, el titular de la Secretar\u00eda de Desarrollo Rural (Seder), Jorge D\u00edaz Loeza, explic\u00f3 que se distribuy\u00f3 4,000 paquetes de dicho grano, provenientes del Programa de Seguridad Alimentaria, que este a\u00f1o, entregar\u00e1 2,466 toneladas, con una inversi\u00f3n de 25.9 millones de pesos.<\/p>\n<p>Por lo que toca a la Casa Ejidal, el subsecretario de Asuntos Agrarios, Roberto Tolosa Peniche explic\u00f3 que el proceso consisti\u00f3 en cambio de pintura, instalaci\u00f3n de ventiladores y suministro de equipo de sonido, para juntas y eventos.<\/p>\n<p>En su estancia en dicho municipio, el Gobernador platic\u00f3 y atendi\u00f3 las solicitudes de algunos pobladores de la zona que acercan a saludarlo.<\/p>\n<p>Previamente, hombres y mujeres ataviados con trajes regionales presentaron al Gobernador, dem\u00e1s autoridades y p\u00fablico presente una tradicional jarana, actividad que adem\u00e1s de mantener viva su cultura, practican para fomentar la activaci\u00f3n f\u00edsica y alejar a los m\u00e1s j\u00f3venes de malas conductas.<\/p>\n","protected":false},"excerpt":{"rendered":"<p>&nbsp; Tekax, Yucat\u00e1n, 20 de agosto de 2022.- Familias del sur del estado contin\u00faan mejorando su alimentaci\u00f3n y econom\u00eda, luego de que el Gobernador Mauricio Vila Dosal entreg\u00f3 4,000 paquetes de ma\u00edz para consumo humano a habitantes de la comisar\u00eda de Kinil. En gira de trabajo por Tekax, Vila Dosal y el alcalde anfitri\u00f3n, Diego [&hellip;]<\/p>\n","protected":false},"author":2,"featured_media":92818,"comment_status":"closed","ping_status":"closed","sticky":false,"template":"","format":"standard","meta":{"footnotes":""},"categories":[3],"tags":[],"class_list":{"0":"post-92817","1":"post","2":"type-post","3":"status-publish","4":"format-standard","5":"has-post-thumbnail","7":"category-yucatan"},"yoast_head":"<!-- This site is optimized with the Yoast SEO plugin v27.5 - https:\/\/yoast.com\/product\/yoast-seo-wordpress\/ -->\n<title>Entregan ma\u00edz para las familias de Kinil - Yucat\u00e1n en corto<\/title>\n<meta name=\"robots\" content=\"index, follow, max-snippet:-1, max-image-preview:large, max-video-preview:-1\" \/>\n<link rel=\"canonical\" href=\"https:\/\/www.yucatanencorto.com\/noticias\/entregan-maiz-para-las-familias-de-kinil\/\" \/>\n<meta property=\"og:locale\" content=\"es_ES\" \/>\n<meta property=\"og:type\" content=\"article\" \/>\n<meta property=\"og:title\" content=\"Entregan ma\u00edz para las familias de Kinil - Yucat\u00e1n en corto\" \/>\n<meta property=\"og:description\" content=\"&nbsp; Tekax, Yucat\u00e1n, 20 de agosto de 2022.- Familias del sur del estado contin\u00faan mejorando su alimentaci\u00f3n y econom\u00eda, luego de que el Gobernador Mauricio Vila Dosal entreg\u00f3 4,000 paquetes de ma\u00edz para consumo humano a habitantes de la comisar\u00eda de Kinil. En gira de trabajo por Tekax, Vila Dosal y el alcalde anfitri\u00f3n, Diego [&hellip;]\" \/>\n<meta property=\"og:url\" content=\"https:\/\/www.yucatanencorto.com\/noticias\/entregan-maiz-para-las-familias-de-kinil\/\" \/>\n<meta property=\"og:site_name\" content=\"Yucat\u00e1n en corto\" \/>\n<meta property=\"article:publisher\" content=\"http:\/\/www.facebook.com\/yucatanencorto\" \/>\n<meta property=\"article:published_time\" content=\"2022-08-20T20:17:30+00:00\" \/>\n<meta property=\"og:image\" content=\"https:\/\/www.yucatanencorto.com\/noticias\/wp-content\/uploads\/2022\/08\/0003-12-scaled.jpg\" \/>\n\t<meta property=\"og:image:width\" content=\"768\" \/>\n\t<meta property=\"og:image:height\" content=\"576\" \/>\n\t<meta property=\"og:image:type\" content=\"image\/jpeg\" \/>\n<meta name=\"author\" content=\"Yucat\u00e1n en Corto FC\" \/>\n<meta name=\"twitter:card\" content=\"summary_large_image\" \/>\n<meta name=\"twitter:creator\" content=\"@yucatanencorto\" \/>\n<meta name=\"twitter:site\" content=\"@yucatanencorto\" \/>\n<meta name=\"twitter:label1\" content=\"Escrito por\" \/>\n\t<meta name=\"twitter:data1\" content=\"Yucat\u00e1n en Corto FC\" \/>\n\t<meta name=\"twitter:label2\" content=\"Tiempo de lectura\" \/>\n\t<meta name=\"twitter:data2\" content=\"3 minutos\" \/>\n<script type=\"application\/ld+json\" class=\"yoast-schema-graph\">{\"@context\":\"https:\\\/\\\/schema.org\",\"@graph\":[{\"@type\":\"Article\",\"@id\":\"https:\\\/\\\/www.yucatanencorto.com\\\/noticias\\\/entregan-maiz-para-las-familias-de-kinil\\\/#article\",\"isPartOf\":{\"@id\":\"https:\\\/\\\/www.yucatanencorto.com\\\/noticias\\\/entregan-maiz-para-las-familias-de-kinil\\\/\"},\"author\":{\"name\":\"Yucat\u00e1n en Corto FC\",\"@id\":\"https:\\\/\\\/www.yucatanencorto.com\\\/noticias\\\/#\\\/schema\\\/person\\\/14f82d355225a1f4075dd84a31f45a72\"},\"headline\":\"Entregan ma\u00edz para las familias de Kinil\",\"datePublished\":\"2022-08-20T20:17:30+00:00\",\"mainEntityOfPage\":{\"@id\":\"https:\\\/\\\/www.yucatanencorto.com\\\/noticias\\\/entregan-maiz-para-las-familias-de-kinil\\\/\"},\"wordCount\":501,\"image\":{\"@id\":\"https:\\\/\\\/www.yucatanencorto.com\\\/noticias\\\/entregan-maiz-para-las-familias-de-kinil\\\/#primaryimage\"},\"thumbnailUrl\":\"https:\\\/\\\/www.yucatanencorto.com\\\/noticias\\\/wp-content\\\/uploads\\\/2022\\\/08\\\/0003-12-scaled.jpg\",\"articleSection\":[\"Yucat\u00e1n\"],\"inLanguage\":\"es\"},{\"@type\":\"WebPage\",\"@id\":\"https:\\\/\\\/www.yucatanencorto.com\\\/noticias\\\/entregan-maiz-para-las-familias-de-kinil\\\/\",\"url\":\"https:\\\/\\\/www.yucatanencorto.com\\\/noticias\\\/entregan-maiz-para-las-familias-de-kinil\\\/\",\"name\":\"Entregan ma\u00edz para las familias de Kinil - Yucat\u00e1n en corto\",\"isPartOf\":{\"@id\":\"https:\\\/\\\/www.yucatanencorto.com\\\/noticias\\\/#website\"},\"primaryImageOfPage\":{\"@id\":\"https:\\\/\\\/www.yucatanencorto.com\\\/noticias\\\/entregan-maiz-para-las-familias-de-kinil\\\/#primaryimage\"},\"image\":{\"@id\":\"https:\\\/\\\/www.yucatanencorto.com\\\/noticias\\\/entregan-maiz-para-las-familias-de-kinil\\\/#primaryimage\"},\"thumbnailUrl\":\"https:\\\/\\\/www.yucatanencorto.com\\\/noticias\\\/wp-content\\\/uploads\\\/2022\\\/08\\\/0003-12-scaled.jpg\",\"datePublished\":\"2022-08-20T20:17:30+00:00\",\"author\":{\"@id\":\"https:\\\/\\\/www.yucatanencorto.com\\\/noticias\\\/#\\\/schema\\\/person\\\/14f82d355225a1f4075dd84a31f45a72\"},\"breadcrumb\":{\"@id\":\"https:\\\/\\\/www.yucatanencorto.com\\\/noticias\\\/entregan-maiz-para-las-familias-de-kinil\\\/#breadcrumb\"},\"inLanguage\":\"es\",\"potentialAction\":[{\"@type\":\"ReadAction\",\"target\":[\"https:\\\/\\\/www.yucatanencorto.com\\\/noticias\\\/entregan-maiz-para-las-familias-de-kinil\\\/\"]}]},{\"@type\":\"ImageObject\",\"inLanguage\":\"es\",\"@id\":\"https:\\\/\\\/www.yucatanencorto.com\\\/noticias\\\/entregan-maiz-para-las-familias-de-kinil\\\/#primaryimage\",\"url\":\"https:\\\/\\\/www.yucatanencorto.com\\\/noticias\\\/wp-content\\\/uploads\\\/2022\\\/08\\\/0003-12-scaled.jpg\",\"contentUrl\":\"https:\\\/\\\/www.yucatanencorto.com\\\/noticias\\\/wp-content\\\/uploads\\\/2022\\\/08\\\/0003-12-scaled.jpg\",\"width\":768,\"height\":576},{\"@type\":\"BreadcrumbList\",\"@id\":\"https:\\\/\\\/www.yucatanencorto.com\\\/noticias\\\/entregan-maiz-para-las-familias-de-kinil\\\/#breadcrumb\",\"itemListElement\":[{\"@type\":\"ListItem\",\"position\":1,\"name\":\"Portada\",\"item\":\"https:\\\/\\\/www.yucatanencorto.com\\\/noticias\\\/\"},{\"@type\":\"ListItem\",\"position\":2,\"name\":\"Entregan ma\u00edz para las familias de Kinil\"}]},{\"@type\":\"WebSite\",\"@id\":\"https:\\\/\\\/www.yucatanencorto.com\\\/noticias\\\/#website\",\"url\":\"https:\\\/\\\/www.yucatanencorto.com\\\/noticias\\\/\",\"name\":\"Yucat\u00e1n en corto\",\"description\":\"Noticias\",\"potentialAction\":[{\"@type\":\"SearchAction\",\"target\":{\"@type\":\"EntryPoint\",\"urlTemplate\":\"https:\\\/\\\/www.yucatanencorto.com\\\/noticias\\\/?s={search_term_string}\"},\"query-input\":{\"@type\":\"PropertyValueSpecification\",\"valueRequired\":true,\"valueName\":\"search_term_string\"}}],\"inLanguage\":\"es\"},{\"@type\":\"Person\",\"@id\":\"https:\\\/\\\/www.yucatanencorto.com\\\/noticias\\\/#\\\/schema\\\/person\\\/14f82d355225a1f4075dd84a31f45a72\",\"name\":\"Yucat\u00e1n en Corto FC\",\"image\":{\"@type\":\"ImageObject\",\"inLanguage\":\"es\",\"@id\":\"https:\\\/\\\/secure.gravatar.com\\\/avatar\\\/147d4b30cd728c53c29c49a3f7834dedca33707f4cd259761355846009a88250?s=96&d=mm&r=g\",\"url\":\"https:\\\/\\\/secure.gravatar.com\\\/avatar\\\/147d4b30cd728c53c29c49a3f7834dedca33707f4cd259761355846009a88250?s=96&d=mm&r=g\",\"contentUrl\":\"https:\\\/\\\/secure.gravatar.com\\\/avatar\\\/147d4b30cd728c53c29c49a3f7834dedca33707f4cd259761355846009a88250?s=96&d=mm&r=g\",\"caption\":\"Yucat\u00e1n en Corto FC\"},\"url\":\"https:\\\/\\\/www.yucatanencorto.com\\\/noticias\\\/author\\\/flor\\\/\"}]}<\/script>\n<!-- \/ Yoast SEO plugin. -->","yoast_head_json":{"title":"Entregan ma\u00edz para las familias de Kinil - Yucat\u00e1n en corto","robots":{"index":"index","follow":"follow","max-snippet":"max-snippet:-1","max-image-preview":"max-image-preview:large","max-video-preview":"max-video-preview:-1"},"canonical":"https:\/\/www.yucatanencorto.com\/noticias\/entregan-maiz-para-las-familias-de-kinil\/","og_locale":"es_ES","og_type":"article","og_title":"Entregan ma\u00edz para las familias de Kinil - Yucat\u00e1n en corto","og_description":"&nbsp; Tekax, Yucat\u00e1n, 20 de agosto de 2022.- Familias del sur del estado contin\u00faan mejorando su alimentaci\u00f3n y econom\u00eda, luego de que el Gobernador Mauricio Vila Dosal entreg\u00f3 4,000 paquetes de ma\u00edz para consumo humano a habitantes de la comisar\u00eda de Kinil. En gira de trabajo por Tekax, Vila Dosal y el alcalde anfitri\u00f3n, Diego [&hellip;]","og_url":"https:\/\/www.yucatanencorto.com\/noticias\/entregan-maiz-para-las-familias-de-kinil\/","og_site_name":"Yucat\u00e1n en corto","article_publisher":"http:\/\/www.facebook.com\/yucatanencorto","article_published_time":"2022-08-20T20:17:30+00:00","og_image":[{"width":768,"height":576,"url":"https:\/\/www.yucatanencorto.com\/noticias\/wp-content\/uploads\/2022\/08\/0003-12-scaled.jpg","type":"image\/jpeg"}],"author":"Yucat\u00e1n en Corto FC","twitter_card":"summary_large_image","twitter_creator":"@yucatanencorto","twitter_site":"@yucatanencorto","twitter_misc":{"Escrito por":"Yucat\u00e1n en Corto FC","Tiempo de lectura":"3 minutos"},"schema":{"@context":"https:\/\/schema.org","@graph":[{"@type":"Article","@id":"https:\/\/www.yucatanencorto.com\/noticias\/entregan-maiz-para-las-familias-de-kinil\/#article","isPartOf":{"@id":"https:\/\/www.yucatanencorto.com\/noticias\/entregan-maiz-para-las-familias-de-kinil\/"},"author":{"name":"Yucat\u00e1n en Corto FC","@id":"https:\/\/www.yucatanencorto.com\/noticias\/#\/schema\/person\/14f82d355225a1f4075dd84a31f45a72"},"headline":"Entregan ma\u00edz para las familias de Kinil","datePublished":"2022-08-20T20:17:30+00:00","mainEntityOfPage":{"@id":"https:\/\/www.yucatanencorto.com\/noticias\/entregan-maiz-para-las-familias-de-kinil\/"},"wordCount":501,"image":{"@id":"https:\/\/www.yucatanencorto.com\/noticias\/entregan-maiz-para-las-familias-de-kinil\/#primaryimage"},"thumbnailUrl":"https:\/\/www.yucatanencorto.com\/noticias\/wp-content\/uploads\/2022\/08\/0003-12-scaled.jpg","articleSection":["Yucat\u00e1n"],"inLanguage":"es"},{"@type":"WebPage","@id":"https:\/\/www.yucatanencorto.com\/noticias\/entregan-maiz-para-las-familias-de-kinil\/","url":"https:\/\/www.yucatanencorto.com\/noticias\/entregan-maiz-para-las-familias-de-kinil\/","name":"Entregan ma\u00edz para las familias de Kinil - Yucat\u00e1n en corto","isPartOf":{"@id":"https:\/\/www.yucatanencorto.com\/noticias\/#website"},"primaryImageOfPage":{"@id":"https:\/\/www.yucatanencorto.com\/noticias\/entregan-maiz-para-las-familias-de-kinil\/#primaryimage"},"image":{"@id":"https:\/\/www.yucatanencorto.com\/noticias\/entregan-maiz-para-las-familias-de-kinil\/#primaryimage"},"thumbnailUrl":"https:\/\/www.yucatanencorto.com\/noticias\/wp-content\/uploads\/2022\/08\/0003-12-scaled.jpg","datePublished":"2022-08-20T20:17:30+00:00","author":{"@id":"https:\/\/www.yucatanencorto.com\/noticias\/#\/schema\/person\/14f82d355225a1f4075dd84a31f45a72"},"breadcrumb":{"@id":"https:\/\/www.yucatanencorto.com\/noticias\/entregan-maiz-para-las-familias-de-kinil\/#breadcrumb"},"inLanguage":"es","potentialAction":[{"@type":"ReadAction","target":["https:\/\/www.yucatanencorto.com\/noticias\/entregan-maiz-para-las-familias-de-kinil\/"]}]},{"@type":"ImageObject","inLanguage":"es","@id":"https:\/\/www.yucatanencorto.com\/noticias\/entregan-maiz-para-las-familias-de-kinil\/#primaryimage","url":"https:\/\/www.yucatanencorto.com\/noticias\/wp-content\/uploads\/2022\/08\/0003-12-scaled.jpg","contentUrl":"https:\/\/www.yucatanencorto.com\/noticias\/wp-content\/uploads\/2022\/08\/0003-12-scaled.jpg","width":768,"height":576},{"@type":"BreadcrumbList","@id":"https:\/\/www.yucatanencorto.com\/noticias\/entregan-maiz-para-las-familias-de-kinil\/#breadcrumb","itemListElement":[{"@type":"ListItem","position":1,"name":"Portada","item":"https:\/\/www.yucatanencorto.com\/noticias\/"},{"@type":"ListItem","position":2,"name":"Entregan ma\u00edz para las familias de Kinil"}]},{"@type":"WebSite","@id":"https:\/\/www.yucatanencorto.com\/noticias\/#website","url":"https:\/\/www.yucatanencorto.com\/noticias\/","name":"Yucat\u00e1n en corto","description":"Noticias","potentialAction":[{"@type":"SearchAction","target":{"@type":"EntryPoint","urlTemplate":"https:\/\/www.yucatanencorto.com\/noticias\/?s={search_term_string}"},"query-input":{"@type":"PropertyValueSpecification","valueRequired":true,"valueName":"search_term_string"}}],"inLanguage":"es"},{"@type":"Person","@id":"https:\/\/www.yucatanencorto.com\/noticias\/#\/schema\/person\/14f82d355225a1f4075dd84a31f45a72","name":"Yucat\u00e1n en Corto FC","image":{"@type":"ImageObject","inLanguage":"es","@id":"https:\/\/secure.gravatar.com\/avatar\/147d4b30cd728c53c29c49a3f7834dedca33707f4cd259761355846009a88250?s=96&d=mm&r=g","url":"https:\/\/secure.gravatar.com\/avatar\/147d4b30cd728c53c29c49a3f7834dedca33707f4cd259761355846009a88250?s=96&d=mm&r=g","contentUrl":"https:\/\/secure.gravatar.com\/avatar\/147d4b30cd728c53c29c49a3f7834dedca33707f4cd259761355846009a88250?s=96&d=mm&r=g","caption":"Yucat\u00e1n en Corto FC"},"url":"https:\/\/www.yucatanencorto.com\/noticias\/author\/flor\/"}]}},"_links":{"self":[{"href":"https:\/\/www.yucatanencorto.com\/noticias\/wp-json\/wp\/v2\/posts\/92817","targetHints":{"allow":["GET"]}}],"collection":[{"href":"https:\/\/www.yucatanencorto.com\/noticias\/wp-json\/wp\/v2\/posts"}],"about":[{"href":"https:\/\/www.yucatanencorto.com\/noticias\/wp-json\/wp\/v2\/types\/post"}],"author":[{"embeddable":true,"href":"https:\/\/www.yucatanencorto.com\/noticias\/wp-json\/wp\/v2\/users\/2"}],"replies":[{"embeddable":true,"href":"https:\/\/www.yucatanencorto.com\/noticias\/wp-json\/wp\/v2\/comments?post=92817"}],"version-history":[{"count":0,"href":"https:\/\/www.yucatanencorto.com\/noticias\/wp-json\/wp\/v2\/posts\/92817\/revisions"}],"wp:featuredmedia":[{"embeddable":true,"href":"https:\/\/www.yucatanencorto.com\/noticias\/wp-json\/wp\/v2\/media\/92818"}],"wp:attachment":[{"href":"https:\/\/www.yucatanencorto.com\/noticias\/wp-json\/wp\/v2\/media?parent=92817"}],"wp:term":[{"taxonomy":"category","embeddable":true,"href":"https:\/\/www.yucatanencorto.com\/noticias\/wp-json\/wp\/v2\/categories?post=92817"},{"taxonomy":"post_tag","embeddable":true,"href":"https:\/\/www.yucatanencorto.com\/noticias\/wp-json\/wp\/v2\/tags?post=92817"}],"curies":[{"name":"wp","href":"https:\/\/api.w.org\/{rel}","templated":true}]}}