{"id":92820,"date":"2022-08-20T16:41:38","date_gmt":"2022-08-20T21:41:38","guid":{"rendered":"https:\/\/www.yucatanencorto.com\/noticias\/?p=92820"},"modified":"2022-08-20T16:42:30","modified_gmt":"2022-08-20T21:42:30","slug":"realizan-un-encuentro-ciudadano-en-la-comisaria-de-caucelrealiza-un-encuentro-ciudadano-en-la-comisaria-de-caucel","status":"publish","type":"post","link":"https:\/\/www.yucatanencorto.com\/noticias\/realizan-un-encuentro-ciudadano-en-la-comisaria-de-caucelrealiza-un-encuentro-ciudadano-en-la-comisaria-de-caucel\/","title":{"rendered":"Realizan un encuentro ciudadano en la comisar\u00eda de Caucel"},"content":{"rendered":"<p>&nbsp;<\/p>\n<p><img loading=\"lazy\" decoding=\"async\" class=\"alignnone size-full wp-image-92821\" src=\"https:\/\/www.yucatanencorto.com\/noticias\/wp-content\/uploads\/2022\/08\/Informe-de-actividades-en-comisarias-2022-08-20-at-2.41.40-PM-scaled.jpeg\" alt=\"\" width=\"768\" height=\"511\" srcset=\"https:\/\/www.yucatanencorto.com\/noticias\/wp-content\/uploads\/2022\/08\/Informe-de-actividades-en-comisarias-2022-08-20-at-2.41.40-PM-scaled.jpeg 768w, https:\/\/www.yucatanencorto.com\/noticias\/wp-content\/uploads\/2022\/08\/Informe-de-actividades-en-comisarias-2022-08-20-at-2.41.40-PM-696x464.jpeg 696w, https:\/\/www.yucatanencorto.com\/noticias\/wp-content\/uploads\/2022\/08\/Informe-de-actividades-en-comisarias-2022-08-20-at-2.41.40-PM-631x420.jpeg 631w\" sizes=\"auto, (max-width: 768px) 100vw, 768px\" \/><\/p>\n<p>M\u00e9rida, Yucat\u00e1n a 20 de agosto de 2022.- Con la participaci\u00f3n y el esfuerzo de todas y todos los ciudadanos, M\u00e9rida es una ciudad m\u00e1s fuerte, que se distingue por sus elevados \u00edndices de seguridad, la calidad de los servicios p\u00fablicos y la toma de decisiones conjunta entre sociedad y gobierno, asegur\u00f3 el Alcalde Ren\u00e1n Barrera Concha.<\/p>\n<p>&nbsp;<\/p>\n<p>En el encuentro ciudadano con las y los vecinos de la comisar\u00eda de Caucel, el Presidente Municipal present\u00f3 las principales acciones y programas que se han impulsado en este primer a\u00f1o de la administraci\u00f3n municipal, en donde destac\u00f3 los principales logros e inversiones que se realizaron para abatir el rezago social, dotar de espacios p\u00fablicos dignos y mejorar la calidad de vida de las 47 comisar\u00edas del Municipio.<\/p>\n<p>&nbsp;<\/p>\n<p>En la presentaci\u00f3n de estos avances en materia de desarrollo econ\u00f3mico, social y cultural, Barrera Concha record\u00f3 que, aunque el Primer Informe de Gobierno se realizar\u00e1 el pr\u00f3ximo lunes a las 11:00 horas en el Centro Internacional de Congresos, ha realizado varios encuentros ciudadanos con las y los habitantes para presentarles los compromisos cumplidos y los logros obtenidos de septiembre de 2021 a agosto de 2022.<\/p>\n<p>&nbsp;<\/p>\n<p>En su intervenci\u00f3n, el Presidente Municipal reiter\u00f3 que el trabajo que hoy realiza el Ayuntamiento cuenta con el respaldo y la aprobaci\u00f3n de sus ciudadanos, quienes participan de manera activa y dan seguimiento a los programas y obras, garantizando que este desarrollo urbano y social llegue a las zonas donde m\u00e1s se necesita.<\/p>\n<p>&nbsp;<\/p>\n<p>\u201cEl pilar de lo que hace que M\u00e9rida sea lo que es, sin duda, es la participaci\u00f3n de su gente, esta ciudad es lo que es gracias a ustedes las y los ciudadanos, no es gracias al Alcalde, no gracias al Ayuntamiento, si algo hemos procurado durante estas administraciones son los consejos de participaci\u00f3n ciudadana, y el consultar con las personas lo mejor que podemos hacer en diferentes partes de la ciudad\u201d, abund\u00f3.<\/p>\n<p>&nbsp;<\/p>\n<p>En materia de obras y servicios, Barrera Concha inform\u00f3 que gracias al buen manejo de los recursos p\u00fablicos, en este primer a\u00f1o se han invertido alrededor de 287millones de pesos en programas y acciones para el combate a la pobreza en los que destacan m\u00e1s de 1,600 acciones de vivienda, ba\u00f1os, techos y otros apoyos para beneficiar a las familias m\u00e1s vulnerables del municipio y sus comunidades.<\/p>\n<p>&nbsp;<\/p>\n<p>Asimismo, mencion\u00f3 que se han rehabilitado 21 parques bajo el esquema del programa de Dise\u00f1o Participativo en 10 comisar\u00edas y 11 colonias de la ciudad con una inversi\u00f3n superior a los 57 millones de pesos, beneficiando a m\u00e1s de 26,722 ciudadanos.<\/p>\n<p>&nbsp;<\/p>\n<p>\u201cAl final de cuentas, el ser una ciudad participativa, el ser una sociedad exigente, hace que tengamos m\u00e1s y mejores condiciones y m\u00e1s profesionalizaci\u00f3n en los que hacemos como gobierno\u201d, se\u00f1al\u00f3.<\/p>\n<p>&nbsp;<\/p>\n<p>En ese contexto, tambi\u00e9n agradeci\u00f3 la labor que realizan las comisarias y comisarios del Municipio, quienes se han sumado con entusiasmo al trabajo municipal para llevar los recursos a donde se necesitan.<\/p>\n<p>&nbsp;<\/p>\n<p>En este tercer encuentro con las y los ciudadanos, Ren\u00e1n Barrera inform\u00f3 que durante el primer a\u00f1o de gesti\u00f3n municipal se han construido o rehabilitado m\u00e1s de 89 km de vialidades en colonias y comisar\u00edas, con una inversi\u00f3n de m\u00e1s de 128 millones de pesos.<\/p>\n<p>&nbsp;<\/p>\n<p>Asimismo, el Concejal inform\u00f3 que en el rubro de alumbrado p\u00fablico, a la fecha, ciudad ya cuenta con 4,500 luminarias tipo LED la inversi\u00f3n para este fin es de 10 millones de pesos, garantizando con ello mayor seguridad a la ciudadan\u00eda.<\/p>\n<p>&nbsp;<\/p>\n<p>En materia de programas sociales, el Alcalde mencion\u00f3 que para apoyar a m\u00e1s familias vulnerables se ha impulsado con mayor \u00e9nfasis el programa Computadora en Casa, a trav\u00e9s del cual se han entregado cientos de equipos; como parte del programa Circulo 47 se entregaron alrededor de 408 apoyos directos a personas de escasos recursos en situaci\u00f3n de vulnerabilidad, con una erogaci\u00f3n de $ 1,021,569.74 pesos.<\/p>\n<p>&nbsp;<\/p>\n<p>Asimismo, se\u00f1al\u00f3 que a trav\u00e9s del Programa Proyectos Productivos se canalizaron 386 mil 766 pesos para beneficiar a 16 productores y micronegocios mediante apoyos directos y cr\u00e9ditos que van de los $20,000 hasta los $50,000.<\/p>\n<p>&nbsp;<\/p>\n<p>El Alcalde agreg\u00f3 que para atender el programa de Rezago Cero en agua y electrificaci\u00f3n, en las colonias y comisar\u00edas se destinaron recursos por $31 millones 305 mil 725.98 provenientes del Fondo de Aportaciones para la Infraestructura Social (FAIS), para realizar 63 obras que equivalen a 23 kil\u00f3metros de red, beneficiando de manera directa a 908 viviendas y 2091 personas.<\/p>\n<p>&nbsp;<\/p>\n<p>Record\u00f3 que se han hecho 46 obras de construcci\u00f3n y rehabilitaci\u00f3n de vialidades, lo que equivale a 8.2 kil\u00f3metros (74,655.86 m2), beneficiando de manera directa a 1,250 viviendas y a 4,154 personas de manera indirecta en colonias y comisarias del municipio de M\u00e9rida, con una inversi\u00f3n de $30,414,707.41.<\/p>\n<p>&nbsp;<\/p>\n<p>A la fecha dijo, suman 95 acciones implementadas por el Ayuntamiento para fomentar proyectos productivos viables, mediante el otorgamiento de insumos, herramientas y equipo, para mejorar la calidad de la producci\u00f3n agropecuaria de las comisar\u00edas y colonias del municipio de M\u00e9rida, con una inversi\u00f3n de $51,524.00 pesos.<\/p>\n<p>&nbsp;<\/p>\n<p>Barrera Concha indic\u00f3 que, entre otras acciones, destacan obras de construcci\u00f3n y rehabilitaci\u00f3n de carreteras y caminos; la construcci\u00f3n de una ciclopista a la comisar\u00eda de Xcuny\u00e1; la rehabilitaci\u00f3n de los parques de las comisar\u00edas de Dzoyaxch\u00e9, Onc\u00e1n, Chalmuch, Dzibilchalt\u00fan, Tixcacal y Santa Cruz Palomeque y otras 2,059 acciones de mejoramiento de vivienda, en colonias y comisarias.<\/p>\n<p>&nbsp;<\/p>\n<p>Finalmente, al evento asistieron la Diputada Local, Karem Achach Ram\u00edrez; Arturo Le\u00f3n Itz\u00e1, Presidente del Comit\u00e9 Directivo Municipal del PAN en M\u00e9rida; los regidores, Alejandro Ruz Castro, Paulina Peniche Rodr\u00edguez y Ricardo Ascencio Maldonado.<\/p>\n","protected":false},"excerpt":{"rendered":"<p>&nbsp; M\u00e9rida, Yucat\u00e1n a 20 de agosto de 2022.- Con la participaci\u00f3n y el esfuerzo de todas y todos los ciudadanos, M\u00e9rida es una ciudad m\u00e1s fuerte, que se distingue por sus elevados \u00edndices de seguridad, la calidad de los servicios p\u00fablicos y la toma de decisiones conjunta entre sociedad y gobierno, asegur\u00f3 el Alcalde [&hellip;]<\/p>\n","protected":false},"author":2,"featured_media":92821,"comment_status":"closed","ping_status":"closed","sticky":false,"template":"","format":"standard","meta":{"footnotes":""},"categories":[2],"tags":[],"class_list":{"0":"post-92820","1":"post","2":"type-post","3":"status-publish","4":"format-standard","5":"has-post-thumbnail","7":"category-merida"},"yoast_head":"<!-- This site is optimized with the Yoast SEO plugin v27.5 - https:\/\/yoast.com\/product\/yoast-seo-wordpress\/ -->\n<title>Realizan un encuentro ciudadano en la comisar\u00eda de Caucel - Yucat\u00e1n en corto<\/title>\n<meta name=\"robots\" content=\"index, follow, max-snippet:-1, max-image-preview:large, max-video-preview:-1\" \/>\n<link rel=\"canonical\" href=\"https:\/\/www.yucatanencorto.com\/noticias\/realizan-un-encuentro-ciudadano-en-la-comisaria-de-caucelrealiza-un-encuentro-ciudadano-en-la-comisaria-de-caucel\/\" \/>\n<meta property=\"og:locale\" content=\"es_ES\" \/>\n<meta property=\"og:type\" content=\"article\" \/>\n<meta property=\"og:title\" content=\"Realizan un encuentro ciudadano en la comisar\u00eda de Caucel - Yucat\u00e1n en corto\" \/>\n<meta property=\"og:description\" content=\"&nbsp; M\u00e9rida, Yucat\u00e1n a 20 de agosto de 2022.- Con la participaci\u00f3n y el esfuerzo de todas y todos los ciudadanos, M\u00e9rida es una ciudad m\u00e1s fuerte, que se distingue por sus elevados \u00edndices de seguridad, la calidad de los servicios p\u00fablicos y la toma de decisiones conjunta entre sociedad y gobierno, asegur\u00f3 el Alcalde [&hellip;]\" \/>\n<meta property=\"og:url\" content=\"https:\/\/www.yucatanencorto.com\/noticias\/realizan-un-encuentro-ciudadano-en-la-comisaria-de-caucelrealiza-un-encuentro-ciudadano-en-la-comisaria-de-caucel\/\" \/>\n<meta property=\"og:site_name\" content=\"Yucat\u00e1n en corto\" \/>\n<meta property=\"article:publisher\" content=\"http:\/\/www.facebook.com\/yucatanencorto\" \/>\n<meta property=\"article:published_time\" content=\"2022-08-20T21:41:38+00:00\" \/>\n<meta property=\"article:modified_time\" content=\"2022-08-20T21:42:30+00:00\" \/>\n<meta property=\"og:image\" content=\"https:\/\/www.yucatanencorto.com\/noticias\/wp-content\/uploads\/2022\/08\/Informe-de-actividades-en-comisarias-2022-08-20-at-2.41.40-PM-scaled.jpeg\" \/>\n\t<meta property=\"og:image:width\" content=\"768\" \/>\n\t<meta property=\"og:image:height\" content=\"511\" \/>\n\t<meta property=\"og:image:type\" content=\"image\/jpeg\" \/>\n<meta name=\"author\" content=\"Yucat\u00e1n en Corto FC\" \/>\n<meta name=\"twitter:card\" content=\"summary_large_image\" \/>\n<meta name=\"twitter:creator\" content=\"@yucatanencorto\" \/>\n<meta name=\"twitter:site\" content=\"@yucatanencorto\" \/>\n<meta name=\"twitter:label1\" content=\"Escrito por\" \/>\n\t<meta name=\"twitter:data1\" content=\"Yucat\u00e1n en Corto FC\" \/>\n\t<meta name=\"twitter:label2\" content=\"Tiempo de lectura\" \/>\n\t<meta name=\"twitter:data2\" content=\"5 minutos\" \/>\n<script type=\"application\/ld+json\" class=\"yoast-schema-graph\">{\"@context\":\"https:\\\/\\\/schema.org\",\"@graph\":[{\"@type\":\"Article\",\"@id\":\"https:\\\/\\\/www.yucatanencorto.com\\\/noticias\\\/realizan-un-encuentro-ciudadano-en-la-comisaria-de-caucelrealiza-un-encuentro-ciudadano-en-la-comisaria-de-caucel\\\/#article\",\"isPartOf\":{\"@id\":\"https:\\\/\\\/www.yucatanencorto.com\\\/noticias\\\/realizan-un-encuentro-ciudadano-en-la-comisaria-de-caucelrealiza-un-encuentro-ciudadano-en-la-comisaria-de-caucel\\\/\"},\"author\":{\"name\":\"Yucat\u00e1n en Corto FC\",\"@id\":\"https:\\\/\\\/www.yucatanencorto.com\\\/noticias\\\/#\\\/schema\\\/person\\\/14f82d355225a1f4075dd84a31f45a72\"},\"headline\":\"Realizan un encuentro ciudadano en la comisar\u00eda de Caucel\",\"datePublished\":\"2022-08-20T21:41:38+00:00\",\"dateModified\":\"2022-08-20T21:42:30+00:00\",\"mainEntityOfPage\":{\"@id\":\"https:\\\/\\\/www.yucatanencorto.com\\\/noticias\\\/realizan-un-encuentro-ciudadano-en-la-comisaria-de-caucelrealiza-un-encuentro-ciudadano-en-la-comisaria-de-caucel\\\/\"},\"wordCount\":984,\"image\":{\"@id\":\"https:\\\/\\\/www.yucatanencorto.com\\\/noticias\\\/realizan-un-encuentro-ciudadano-en-la-comisaria-de-caucelrealiza-un-encuentro-ciudadano-en-la-comisaria-de-caucel\\\/#primaryimage\"},\"thumbnailUrl\":\"https:\\\/\\\/www.yucatanencorto.com\\\/noticias\\\/wp-content\\\/uploads\\\/2022\\\/08\\\/Informe-de-actividades-en-comisarias-2022-08-20-at-2.41.40-PM-scaled.jpeg\",\"articleSection\":[\"M\u00e9rida\"],\"inLanguage\":\"es\"},{\"@type\":\"WebPage\",\"@id\":\"https:\\\/\\\/www.yucatanencorto.com\\\/noticias\\\/realizan-un-encuentro-ciudadano-en-la-comisaria-de-caucelrealiza-un-encuentro-ciudadano-en-la-comisaria-de-caucel\\\/\",\"url\":\"https:\\\/\\\/www.yucatanencorto.com\\\/noticias\\\/realizan-un-encuentro-ciudadano-en-la-comisaria-de-caucelrealiza-un-encuentro-ciudadano-en-la-comisaria-de-caucel\\\/\",\"name\":\"Realizan un encuentro ciudadano en la comisar\u00eda de Caucel - Yucat\u00e1n en corto\",\"isPartOf\":{\"@id\":\"https:\\\/\\\/www.yucatanencorto.com\\\/noticias\\\/#website\"},\"primaryImageOfPage\":{\"@id\":\"https:\\\/\\\/www.yucatanencorto.com\\\/noticias\\\/realizan-un-encuentro-ciudadano-en-la-comisaria-de-caucelrealiza-un-encuentro-ciudadano-en-la-comisaria-de-caucel\\\/#primaryimage\"},\"image\":{\"@id\":\"https:\\\/\\\/www.yucatanencorto.com\\\/noticias\\\/realizan-un-encuentro-ciudadano-en-la-comisaria-de-caucelrealiza-un-encuentro-ciudadano-en-la-comisaria-de-caucel\\\/#primaryimage\"},\"thumbnailUrl\":\"https:\\\/\\\/www.yucatanencorto.com\\\/noticias\\\/wp-content\\\/uploads\\\/2022\\\/08\\\/Informe-de-actividades-en-comisarias-2022-08-20-at-2.41.40-PM-scaled.jpeg\",\"datePublished\":\"2022-08-20T21:41:38+00:00\",\"dateModified\":\"2022-08-20T21:42:30+00:00\",\"author\":{\"@id\":\"https:\\\/\\\/www.yucatanencorto.com\\\/noticias\\\/#\\\/schema\\\/person\\\/14f82d355225a1f4075dd84a31f45a72\"},\"breadcrumb\":{\"@id\":\"https:\\\/\\\/www.yucatanencorto.com\\\/noticias\\\/realizan-un-encuentro-ciudadano-en-la-comisaria-de-caucelrealiza-un-encuentro-ciudadano-en-la-comisaria-de-caucel\\\/#breadcrumb\"},\"inLanguage\":\"es\",\"potentialAction\":[{\"@type\":\"ReadAction\",\"target\":[\"https:\\\/\\\/www.yucatanencorto.com\\\/noticias\\\/realizan-un-encuentro-ciudadano-en-la-comisaria-de-caucelrealiza-un-encuentro-ciudadano-en-la-comisaria-de-caucel\\\/\"]}]},{\"@type\":\"ImageObject\",\"inLanguage\":\"es\",\"@id\":\"https:\\\/\\\/www.yucatanencorto.com\\\/noticias\\\/realizan-un-encuentro-ciudadano-en-la-comisaria-de-caucelrealiza-un-encuentro-ciudadano-en-la-comisaria-de-caucel\\\/#primaryimage\",\"url\":\"https:\\\/\\\/www.yucatanencorto.com\\\/noticias\\\/wp-content\\\/uploads\\\/2022\\\/08\\\/Informe-de-actividades-en-comisarias-2022-08-20-at-2.41.40-PM-scaled.jpeg\",\"contentUrl\":\"https:\\\/\\\/www.yucatanencorto.com\\\/noticias\\\/wp-content\\\/uploads\\\/2022\\\/08\\\/Informe-de-actividades-en-comisarias-2022-08-20-at-2.41.40-PM-scaled.jpeg\",\"width\":768,\"height\":511},{\"@type\":\"BreadcrumbList\",\"@id\":\"https:\\\/\\\/www.yucatanencorto.com\\\/noticias\\\/realizan-un-encuentro-ciudadano-en-la-comisaria-de-caucelrealiza-un-encuentro-ciudadano-en-la-comisaria-de-caucel\\\/#breadcrumb\",\"itemListElement\":[{\"@type\":\"ListItem\",\"position\":1,\"name\":\"Portada\",\"item\":\"https:\\\/\\\/www.yucatanencorto.com\\\/noticias\\\/\"},{\"@type\":\"ListItem\",\"position\":2,\"name\":\"Realizan un encuentro ciudadano en la comisar\u00eda de Caucel\"}]},{\"@type\":\"WebSite\",\"@id\":\"https:\\\/\\\/www.yucatanencorto.com\\\/noticias\\\/#website\",\"url\":\"https:\\\/\\\/www.yucatanencorto.com\\\/noticias\\\/\",\"name\":\"Yucat\u00e1n en corto\",\"description\":\"Noticias\",\"potentialAction\":[{\"@type\":\"SearchAction\",\"target\":{\"@type\":\"EntryPoint\",\"urlTemplate\":\"https:\\\/\\\/www.yucatanencorto.com\\\/noticias\\\/?s={search_term_string}\"},\"query-input\":{\"@type\":\"PropertyValueSpecification\",\"valueRequired\":true,\"valueName\":\"search_term_string\"}}],\"inLanguage\":\"es\"},{\"@type\":\"Person\",\"@id\":\"https:\\\/\\\/www.yucatanencorto.com\\\/noticias\\\/#\\\/schema\\\/person\\\/14f82d355225a1f4075dd84a31f45a72\",\"name\":\"Yucat\u00e1n en Corto FC\",\"image\":{\"@type\":\"ImageObject\",\"inLanguage\":\"es\",\"@id\":\"https:\\\/\\\/secure.gravatar.com\\\/avatar\\\/147d4b30cd728c53c29c49a3f7834dedca33707f4cd259761355846009a88250?s=96&d=mm&r=g\",\"url\":\"https:\\\/\\\/secure.gravatar.com\\\/avatar\\\/147d4b30cd728c53c29c49a3f7834dedca33707f4cd259761355846009a88250?s=96&d=mm&r=g\",\"contentUrl\":\"https:\\\/\\\/secure.gravatar.com\\\/avatar\\\/147d4b30cd728c53c29c49a3f7834dedca33707f4cd259761355846009a88250?s=96&d=mm&r=g\",\"caption\":\"Yucat\u00e1n en Corto FC\"},\"url\":\"https:\\\/\\\/www.yucatanencorto.com\\\/noticias\\\/author\\\/flor\\\/\"}]}<\/script>\n<!-- \/ Yoast SEO plugin. -->","yoast_head_json":{"title":"Realizan un encuentro ciudadano en la comisar\u00eda de Caucel - Yucat\u00e1n en corto","robots":{"index":"index","follow":"follow","max-snippet":"max-snippet:-1","max-image-preview":"max-image-preview:large","max-video-preview":"max-video-preview:-1"},"canonical":"https:\/\/www.yucatanencorto.com\/noticias\/realizan-un-encuentro-ciudadano-en-la-comisaria-de-caucelrealiza-un-encuentro-ciudadano-en-la-comisaria-de-caucel\/","og_locale":"es_ES","og_type":"article","og_title":"Realizan un encuentro ciudadano en la comisar\u00eda de Caucel - Yucat\u00e1n en corto","og_description":"&nbsp; M\u00e9rida, Yucat\u00e1n a 20 de agosto de 2022.- Con la participaci\u00f3n y el esfuerzo de todas y todos los ciudadanos, M\u00e9rida es una ciudad m\u00e1s fuerte, que se distingue por sus elevados \u00edndices de seguridad, la calidad de los servicios p\u00fablicos y la toma de decisiones conjunta entre sociedad y gobierno, asegur\u00f3 el Alcalde [&hellip;]","og_url":"https:\/\/www.yucatanencorto.com\/noticias\/realizan-un-encuentro-ciudadano-en-la-comisaria-de-caucelrealiza-un-encuentro-ciudadano-en-la-comisaria-de-caucel\/","og_site_name":"Yucat\u00e1n en corto","article_publisher":"http:\/\/www.facebook.com\/yucatanencorto","article_published_time":"2022-08-20T21:41:38+00:00","article_modified_time":"2022-08-20T21:42:30+00:00","og_image":[{"width":768,"height":511,"url":"https:\/\/www.yucatanencorto.com\/noticias\/wp-content\/uploads\/2022\/08\/Informe-de-actividades-en-comisarias-2022-08-20-at-2.41.40-PM-scaled.jpeg","type":"image\/jpeg"}],"author":"Yucat\u00e1n en Corto FC","twitter_card":"summary_large_image","twitter_creator":"@yucatanencorto","twitter_site":"@yucatanencorto","twitter_misc":{"Escrito por":"Yucat\u00e1n en Corto FC","Tiempo de lectura":"5 minutos"},"schema":{"@context":"https:\/\/schema.org","@graph":[{"@type":"Article","@id":"https:\/\/www.yucatanencorto.com\/noticias\/realizan-un-encuentro-ciudadano-en-la-comisaria-de-caucelrealiza-un-encuentro-ciudadano-en-la-comisaria-de-caucel\/#article","isPartOf":{"@id":"https:\/\/www.yucatanencorto.com\/noticias\/realizan-un-encuentro-ciudadano-en-la-comisaria-de-caucelrealiza-un-encuentro-ciudadano-en-la-comisaria-de-caucel\/"},"author":{"name":"Yucat\u00e1n en Corto FC","@id":"https:\/\/www.yucatanencorto.com\/noticias\/#\/schema\/person\/14f82d355225a1f4075dd84a31f45a72"},"headline":"Realizan un encuentro ciudadano en la comisar\u00eda de Caucel","datePublished":"2022-08-20T21:41:38+00:00","dateModified":"2022-08-20T21:42:30+00:00","mainEntityOfPage":{"@id":"https:\/\/www.yucatanencorto.com\/noticias\/realizan-un-encuentro-ciudadano-en-la-comisaria-de-caucelrealiza-un-encuentro-ciudadano-en-la-comisaria-de-caucel\/"},"wordCount":984,"image":{"@id":"https:\/\/www.yucatanencorto.com\/noticias\/realizan-un-encuentro-ciudadano-en-la-comisaria-de-caucelrealiza-un-encuentro-ciudadano-en-la-comisaria-de-caucel\/#primaryimage"},"thumbnailUrl":"https:\/\/www.yucatanencorto.com\/noticias\/wp-content\/uploads\/2022\/08\/Informe-de-actividades-en-comisarias-2022-08-20-at-2.41.40-PM-scaled.jpeg","articleSection":["M\u00e9rida"],"inLanguage":"es"},{"@type":"WebPage","@id":"https:\/\/www.yucatanencorto.com\/noticias\/realizan-un-encuentro-ciudadano-en-la-comisaria-de-caucelrealiza-un-encuentro-ciudadano-en-la-comisaria-de-caucel\/","url":"https:\/\/www.yucatanencorto.com\/noticias\/realizan-un-encuentro-ciudadano-en-la-comisaria-de-caucelrealiza-un-encuentro-ciudadano-en-la-comisaria-de-caucel\/","name":"Realizan un encuentro ciudadano en la comisar\u00eda de Caucel - Yucat\u00e1n en corto","isPartOf":{"@id":"https:\/\/www.yucatanencorto.com\/noticias\/#website"},"primaryImageOfPage":{"@id":"https:\/\/www.yucatanencorto.com\/noticias\/realizan-un-encuentro-ciudadano-en-la-comisaria-de-caucelrealiza-un-encuentro-ciudadano-en-la-comisaria-de-caucel\/#primaryimage"},"image":{"@id":"https:\/\/www.yucatanencorto.com\/noticias\/realizan-un-encuentro-ciudadano-en-la-comisaria-de-caucelrealiza-un-encuentro-ciudadano-en-la-comisaria-de-caucel\/#primaryimage"},"thumbnailUrl":"https:\/\/www.yucatanencorto.com\/noticias\/wp-content\/uploads\/2022\/08\/Informe-de-actividades-en-comisarias-2022-08-20-at-2.41.40-PM-scaled.jpeg","datePublished":"2022-08-20T21:41:38+00:00","dateModified":"2022-08-20T21:42:30+00:00","author":{"@id":"https:\/\/www.yucatanencorto.com\/noticias\/#\/schema\/person\/14f82d355225a1f4075dd84a31f45a72"},"breadcrumb":{"@id":"https:\/\/www.yucatanencorto.com\/noticias\/realizan-un-encuentro-ciudadano-en-la-comisaria-de-caucelrealiza-un-encuentro-ciudadano-en-la-comisaria-de-caucel\/#breadcrumb"},"inLanguage":"es","potentialAction":[{"@type":"ReadAction","target":["https:\/\/www.yucatanencorto.com\/noticias\/realizan-un-encuentro-ciudadano-en-la-comisaria-de-caucelrealiza-un-encuentro-ciudadano-en-la-comisaria-de-caucel\/"]}]},{"@type":"ImageObject","inLanguage":"es","@id":"https:\/\/www.yucatanencorto.com\/noticias\/realizan-un-encuentro-ciudadano-en-la-comisaria-de-caucelrealiza-un-encuentro-ciudadano-en-la-comisaria-de-caucel\/#primaryimage","url":"https:\/\/www.yucatanencorto.com\/noticias\/wp-content\/uploads\/2022\/08\/Informe-de-actividades-en-comisarias-2022-08-20-at-2.41.40-PM-scaled.jpeg","contentUrl":"https:\/\/www.yucatanencorto.com\/noticias\/wp-content\/uploads\/2022\/08\/Informe-de-actividades-en-comisarias-2022-08-20-at-2.41.40-PM-scaled.jpeg","width":768,"height":511},{"@type":"BreadcrumbList","@id":"https:\/\/www.yucatanencorto.com\/noticias\/realizan-un-encuentro-ciudadano-en-la-comisaria-de-caucelrealiza-un-encuentro-ciudadano-en-la-comisaria-de-caucel\/#breadcrumb","itemListElement":[{"@type":"ListItem","position":1,"name":"Portada","item":"https:\/\/www.yucatanencorto.com\/noticias\/"},{"@type":"ListItem","position":2,"name":"Realizan un encuentro ciudadano en la comisar\u00eda de Caucel"}]},{"@type":"WebSite","@id":"https:\/\/www.yucatanencorto.com\/noticias\/#website","url":"https:\/\/www.yucatanencorto.com\/noticias\/","name":"Yucat\u00e1n en corto","description":"Noticias","potentialAction":[{"@type":"SearchAction","target":{"@type":"EntryPoint","urlTemplate":"https:\/\/www.yucatanencorto.com\/noticias\/?s={search_term_string}"},"query-input":{"@type":"PropertyValueSpecification","valueRequired":true,"valueName":"search_term_string"}}],"inLanguage":"es"},{"@type":"Person","@id":"https:\/\/www.yucatanencorto.com\/noticias\/#\/schema\/person\/14f82d355225a1f4075dd84a31f45a72","name":"Yucat\u00e1n en Corto FC","image":{"@type":"ImageObject","inLanguage":"es","@id":"https:\/\/secure.gravatar.com\/avatar\/147d4b30cd728c53c29c49a3f7834dedca33707f4cd259761355846009a88250?s=96&d=mm&r=g","url":"https:\/\/secure.gravatar.com\/avatar\/147d4b30cd728c53c29c49a3f7834dedca33707f4cd259761355846009a88250?s=96&d=mm&r=g","contentUrl":"https:\/\/secure.gravatar.com\/avatar\/147d4b30cd728c53c29c49a3f7834dedca33707f4cd259761355846009a88250?s=96&d=mm&r=g","caption":"Yucat\u00e1n en Corto FC"},"url":"https:\/\/www.yucatanencorto.com\/noticias\/author\/flor\/"}]}},"_links":{"self":[{"href":"https:\/\/www.yucatanencorto.com\/noticias\/wp-json\/wp\/v2\/posts\/92820","targetHints":{"allow":["GET"]}}],"collection":[{"href":"https:\/\/www.yucatanencorto.com\/noticias\/wp-json\/wp\/v2\/posts"}],"about":[{"href":"https:\/\/www.yucatanencorto.com\/noticias\/wp-json\/wp\/v2\/types\/post"}],"author":[{"embeddable":true,"href":"https:\/\/www.yucatanencorto.com\/noticias\/wp-json\/wp\/v2\/users\/2"}],"replies":[{"embeddable":true,"href":"https:\/\/www.yucatanencorto.com\/noticias\/wp-json\/wp\/v2\/comments?post=92820"}],"version-history":[{"count":0,"href":"https:\/\/www.yucatanencorto.com\/noticias\/wp-json\/wp\/v2\/posts\/92820\/revisions"}],"wp:featuredmedia":[{"embeddable":true,"href":"https:\/\/www.yucatanencorto.com\/noticias\/wp-json\/wp\/v2\/media\/92821"}],"wp:attachment":[{"href":"https:\/\/www.yucatanencorto.com\/noticias\/wp-json\/wp\/v2\/media?parent=92820"}],"wp:term":[{"taxonomy":"category","embeddable":true,"href":"https:\/\/www.yucatanencorto.com\/noticias\/wp-json\/wp\/v2\/categories?post=92820"},{"taxonomy":"post_tag","embeddable":true,"href":"https:\/\/www.yucatanencorto.com\/noticias\/wp-json\/wp\/v2\/tags?post=92820"}],"curies":[{"name":"wp","href":"https:\/\/api.w.org\/{rel}","templated":true}]}}