{"id":92824,"date":"2022-08-20T22:01:23","date_gmt":"2022-08-21T03:01:23","guid":{"rendered":"https:\/\/www.yucatanencorto.com\/noticias\/?p=92824"},"modified":"2022-08-20T22:01:23","modified_gmt":"2022-08-21T03:01:23","slug":"inicia-el-festival-del-globo-maya-2022","status":"publish","type":"post","link":"https:\/\/www.yucatanencorto.com\/noticias\/inicia-el-festival-del-globo-maya-2022\/","title":{"rendered":"Inicia el Festival del Globo Maya 2022"},"content":{"rendered":"<p>&nbsp;<\/p>\n<p><img loading=\"lazy\" decoding=\"async\" class=\"alignnone size-full wp-image-92825\" src=\"https:\/\/www.yucatanencorto.com\/noticias\/wp-content\/uploads\/2022\/08\/0001-15-scaled.jpg\" alt=\"\" width=\"768\" height=\"705\" srcset=\"https:\/\/www.yucatanencorto.com\/noticias\/wp-content\/uploads\/2022\/08\/0001-15-scaled.jpg 768w, https:\/\/www.yucatanencorto.com\/noticias\/wp-content\/uploads\/2022\/08\/0001-15-696x639.jpg 696w, https:\/\/www.yucatanencorto.com\/noticias\/wp-content\/uploads\/2022\/08\/0001-15-458x420.jpg 458w\" sizes=\"auto, (max-width: 768px) 100vw, 768px\" \/><\/p>\n<p>Tahmek, Yucat\u00e1n, 20 de agosto de 2022.- Figuras con distintos personajes y tem\u00e1ticas se elevaron por el cielo durante el inicio del Segundo Festival del Globo Maya de Tahmek en el que participaron artesanos de M\u00e9xico y Colombia, evento que forma parte de la estrategia que impulsa el Gobernador Mauricio Vila Dosal para ofrecer nuevos atractivos tur\u00edsticos que generen empleos y derrama econ\u00f3mica en el interior de estado.<\/p>\n<p>&nbsp;<\/p>\n<p>&nbsp;<\/p>\n<p>&nbsp;<\/p>\n<p>La titular de la Secretar\u00eda de la Cultura y las Artes (Sedeculta), Loreto Villanueva Trujillo, acudi\u00f3 en representaci\u00f3n de Vila Dosal a inaugurar la actividad que adem\u00e1s incluy\u00f3 una muestra artesanal, gastron\u00f3mica y un programa art\u00edstico que se extender\u00e1 ma\u00f1ana domingo a partir de las 18:00 horas.<\/p>\n<p>&nbsp;<\/p>\n<p>&nbsp;<\/p>\n<p>&nbsp;<\/p>\n<p>La funcionaria destac\u00f3 el trabajo coordinado entre la dependencia a su cargo, la Secretaria de Fomento Tur\u00edstico (Sefotur) y Protecci\u00f3n Civil de Yucat\u00e1n (Procivy) con el ayuntamiento sede para poder realizar el festival que seguro ser\u00e1 del gozo para las yucatecas y yucatecos, as\u00ed como de los visitantes de otros lugares que acudieron a disfrutar de la belleza de los dise\u00f1os de los artesanos globleros que se dieron a esta edici\u00f3n.<\/p>\n<p>&nbsp;<\/p>\n<p>&nbsp;<\/p>\n<p>&nbsp;<\/p>\n<p>Asimismo, coment\u00f3 que con este tipo de actividades se reactiva el sector econ\u00f3mico, especialmente de productores y artesanos como se est\u00e1 realizando con el proyecto del Ejecutivo Yucat\u00e1n Expone que lleva una muestra de nuestro estado a otras partes del pa\u00eds y este certamen tambi\u00e9n re\u00fane e trabajo de otros municipios que se ponen a la vista de todo Yucat\u00e1n.<\/p>\n<p>&nbsp;<\/p>\n<p>&nbsp;<\/p>\n<p>&nbsp;<\/p>\n<p>Por su parte la alcaldesa del lugar, Neyda Mar\u00eda Heredia Leal agradeci\u00f3 el apoyo de las autoridades y detall\u00f3 que \u201cla finalidad del festival es darle identidad a su municipio para que lo conozcan como un pueblo de artesanos globeros que junto con los dem\u00e1s productores que se encuentran en el corredor cultural puedan vender sus obras que los ayude a mejorar su econom\u00eda\u201d.<\/p>\n<p>&nbsp;<\/p>\n<p>&nbsp;<\/p>\n<p>&nbsp;<\/p>\n<p>Globos de cantoya de diversos modelos entre los que se encuentran los denominados estrellas, multiestrellas y trompo estrellas siendo algunos de tama\u00f1os monumentales, fueron apreciados por los asistentes que observaron el trabajo de los distintos exponentes.<\/p>\n<p>&nbsp;<\/p>\n<p>&nbsp;<\/p>\n<p>&nbsp;<\/p>\n<p>Participaron los grupos \u201cItlan de H\u00fci\u201d, \u201cTurma Chincocuac\u201d de Estado de M\u00e9xico; \u201cGlobos Don Nabor\u201d de Morelos; \u201cTurma Tlaloc\u201d y \u201cTlayoli\u201d de la Ciudad de M\u00e9xico; \u201cTitanes\u201d y \u201cRock World\u201d de Veracruz; \u201cCant\u00f3yuz\u201d, \u201cGlobos Tlatoany\u201d, \u201cArte y Tradici\u00f3n\u201d, \u201cGrupo Araquen\u201d as\u00ed como \u201cTruma Arte y Vida de Michoac\u00e1n; siendo los invitados especiales \u201cTradici\u00f3n prohibida\u201d de Medell\u00edn, Colombia.<\/p>\n<p>&nbsp;<\/p>\n<p>&nbsp;<\/p>\n<p>&nbsp;<\/p>\n<p>Por parte de nuestro estado estuvieron presentes \u201cDaniel Art\u201d, \u201cGlobos JC\u201d y \u201cTurma Maya\u201d de Tixkokob; \u201cT Globo\u201d de M\u00e9rida y \u201cGlobos Nueva Era\u201d, \u201cArtesanos de Tahmek\u00bb y el Taller de Globos de la Casa de la Cultura de la localidad.<\/p>\n<p>&nbsp;<\/p>\n<p>&nbsp;<\/p>\n<p>&nbsp;<\/p>\n<p>Asimismo, las familias pudieron recorrer el pabell\u00f3n de artesan\u00edas donde se encontraba el trabajo el trabajo de exponentes de Hoct\u00fan, Hom\u00fan, Xocchel, Timucuy, Tahmek, Sey\u00e9, Huh\u00ed, Hocab\u00e1, y Sotuta como hamacas, textiles bordados, tallados de madera, productos de miel, entre otros.<\/p>\n<p>&nbsp;<\/p>\n<p>&nbsp;<\/p>\n<p>&nbsp;<\/p>\n<p>Tambi\u00e9n disfrutaron la actuaci\u00f3n del Ballet Folkl\u00f3rico Juvenil del Estado, quienes deleitaron a los espectadores con las coreograf\u00edas Fiesta en Quintana Roo, Fandango Veracruzano y Campeche de mis amores.<\/p>\n","protected":false},"excerpt":{"rendered":"<p>&nbsp; Tahmek, Yucat\u00e1n, 20 de agosto de 2022.- Figuras con distintos personajes y tem\u00e1ticas se elevaron por el cielo durante el inicio del Segundo Festival del Globo Maya de Tahmek en el que participaron artesanos de M\u00e9xico y Colombia, evento que forma parte de la estrategia que impulsa el Gobernador Mauricio Vila Dosal para ofrecer [&hellip;]<\/p>\n","protected":false},"author":2,"featured_media":92825,"comment_status":"closed","ping_status":"closed","sticky":false,"template":"","format":"standard","meta":{"footnotes":""},"categories":[3],"tags":[],"class_list":{"0":"post-92824","1":"post","2":"type-post","3":"status-publish","4":"format-standard","5":"has-post-thumbnail","7":"category-yucatan"},"yoast_head":"<!-- This site is optimized with the Yoast SEO plugin v27.5 - https:\/\/yoast.com\/product\/yoast-seo-wordpress\/ -->\n<title>Inicia el Festival del Globo Maya 2022 - Yucat\u00e1n en corto<\/title>\n<meta name=\"robots\" content=\"index, follow, max-snippet:-1, max-image-preview:large, max-video-preview:-1\" \/>\n<link rel=\"canonical\" href=\"https:\/\/www.yucatanencorto.com\/noticias\/inicia-el-festival-del-globo-maya-2022\/\" \/>\n<meta property=\"og:locale\" content=\"es_ES\" \/>\n<meta property=\"og:type\" content=\"article\" \/>\n<meta property=\"og:title\" content=\"Inicia el Festival del Globo Maya 2022 - Yucat\u00e1n en corto\" \/>\n<meta property=\"og:description\" content=\"&nbsp; Tahmek, Yucat\u00e1n, 20 de agosto de 2022.- Figuras con distintos personajes y tem\u00e1ticas se elevaron por el cielo durante el inicio del Segundo Festival del Globo Maya de Tahmek en el que participaron artesanos de M\u00e9xico y Colombia, evento que forma parte de la estrategia que impulsa el Gobernador Mauricio Vila Dosal para ofrecer [&hellip;]\" \/>\n<meta property=\"og:url\" content=\"https:\/\/www.yucatanencorto.com\/noticias\/inicia-el-festival-del-globo-maya-2022\/\" \/>\n<meta property=\"og:site_name\" content=\"Yucat\u00e1n en corto\" \/>\n<meta property=\"article:publisher\" content=\"http:\/\/www.facebook.com\/yucatanencorto\" \/>\n<meta property=\"article:published_time\" content=\"2022-08-21T03:01:23+00:00\" \/>\n<meta property=\"og:image\" content=\"https:\/\/www.yucatanencorto.com\/noticias\/wp-content\/uploads\/2022\/08\/0001-15-scaled.jpg\" \/>\n\t<meta property=\"og:image:width\" content=\"768\" \/>\n\t<meta property=\"og:image:height\" content=\"705\" \/>\n\t<meta property=\"og:image:type\" content=\"image\/jpeg\" \/>\n<meta name=\"author\" content=\"Yucat\u00e1n en Corto FC\" \/>\n<meta name=\"twitter:card\" content=\"summary_large_image\" \/>\n<meta name=\"twitter:creator\" content=\"@yucatanencorto\" \/>\n<meta name=\"twitter:site\" content=\"@yucatanencorto\" \/>\n<meta name=\"twitter:label1\" content=\"Escrito por\" \/>\n\t<meta name=\"twitter:data1\" content=\"Yucat\u00e1n en Corto FC\" \/>\n\t<meta name=\"twitter:label2\" content=\"Tiempo de lectura\" \/>\n\t<meta name=\"twitter:data2\" content=\"3 minutos\" \/>\n<script type=\"application\/ld+json\" class=\"yoast-schema-graph\">{\"@context\":\"https:\\\/\\\/schema.org\",\"@graph\":[{\"@type\":\"Article\",\"@id\":\"https:\\\/\\\/www.yucatanencorto.com\\\/noticias\\\/inicia-el-festival-del-globo-maya-2022\\\/#article\",\"isPartOf\":{\"@id\":\"https:\\\/\\\/www.yucatanencorto.com\\\/noticias\\\/inicia-el-festival-del-globo-maya-2022\\\/\"},\"author\":{\"name\":\"Yucat\u00e1n en Corto FC\",\"@id\":\"https:\\\/\\\/www.yucatanencorto.com\\\/noticias\\\/#\\\/schema\\\/person\\\/14f82d355225a1f4075dd84a31f45a72\"},\"headline\":\"Inicia el Festival del Globo Maya 2022\",\"datePublished\":\"2022-08-21T03:01:23+00:00\",\"mainEntityOfPage\":{\"@id\":\"https:\\\/\\\/www.yucatanencorto.com\\\/noticias\\\/inicia-el-festival-del-globo-maya-2022\\\/\"},\"wordCount\":589,\"image\":{\"@id\":\"https:\\\/\\\/www.yucatanencorto.com\\\/noticias\\\/inicia-el-festival-del-globo-maya-2022\\\/#primaryimage\"},\"thumbnailUrl\":\"https:\\\/\\\/www.yucatanencorto.com\\\/noticias\\\/wp-content\\\/uploads\\\/2022\\\/08\\\/0001-15-scaled.jpg\",\"articleSection\":[\"Yucat\u00e1n\"],\"inLanguage\":\"es\"},{\"@type\":\"WebPage\",\"@id\":\"https:\\\/\\\/www.yucatanencorto.com\\\/noticias\\\/inicia-el-festival-del-globo-maya-2022\\\/\",\"url\":\"https:\\\/\\\/www.yucatanencorto.com\\\/noticias\\\/inicia-el-festival-del-globo-maya-2022\\\/\",\"name\":\"Inicia el Festival del Globo Maya 2022 - Yucat\u00e1n en corto\",\"isPartOf\":{\"@id\":\"https:\\\/\\\/www.yucatanencorto.com\\\/noticias\\\/#website\"},\"primaryImageOfPage\":{\"@id\":\"https:\\\/\\\/www.yucatanencorto.com\\\/noticias\\\/inicia-el-festival-del-globo-maya-2022\\\/#primaryimage\"},\"image\":{\"@id\":\"https:\\\/\\\/www.yucatanencorto.com\\\/noticias\\\/inicia-el-festival-del-globo-maya-2022\\\/#primaryimage\"},\"thumbnailUrl\":\"https:\\\/\\\/www.yucatanencorto.com\\\/noticias\\\/wp-content\\\/uploads\\\/2022\\\/08\\\/0001-15-scaled.jpg\",\"datePublished\":\"2022-08-21T03:01:23+00:00\",\"author\":{\"@id\":\"https:\\\/\\\/www.yucatanencorto.com\\\/noticias\\\/#\\\/schema\\\/person\\\/14f82d355225a1f4075dd84a31f45a72\"},\"breadcrumb\":{\"@id\":\"https:\\\/\\\/www.yucatanencorto.com\\\/noticias\\\/inicia-el-festival-del-globo-maya-2022\\\/#breadcrumb\"},\"inLanguage\":\"es\",\"potentialAction\":[{\"@type\":\"ReadAction\",\"target\":[\"https:\\\/\\\/www.yucatanencorto.com\\\/noticias\\\/inicia-el-festival-del-globo-maya-2022\\\/\"]}]},{\"@type\":\"ImageObject\",\"inLanguage\":\"es\",\"@id\":\"https:\\\/\\\/www.yucatanencorto.com\\\/noticias\\\/inicia-el-festival-del-globo-maya-2022\\\/#primaryimage\",\"url\":\"https:\\\/\\\/www.yucatanencorto.com\\\/noticias\\\/wp-content\\\/uploads\\\/2022\\\/08\\\/0001-15-scaled.jpg\",\"contentUrl\":\"https:\\\/\\\/www.yucatanencorto.com\\\/noticias\\\/wp-content\\\/uploads\\\/2022\\\/08\\\/0001-15-scaled.jpg\",\"width\":768,\"height\":705},{\"@type\":\"BreadcrumbList\",\"@id\":\"https:\\\/\\\/www.yucatanencorto.com\\\/noticias\\\/inicia-el-festival-del-globo-maya-2022\\\/#breadcrumb\",\"itemListElement\":[{\"@type\":\"ListItem\",\"position\":1,\"name\":\"Portada\",\"item\":\"https:\\\/\\\/www.yucatanencorto.com\\\/noticias\\\/\"},{\"@type\":\"ListItem\",\"position\":2,\"name\":\"Inicia el Festival del Globo Maya 2022\"}]},{\"@type\":\"WebSite\",\"@id\":\"https:\\\/\\\/www.yucatanencorto.com\\\/noticias\\\/#website\",\"url\":\"https:\\\/\\\/www.yucatanencorto.com\\\/noticias\\\/\",\"name\":\"Yucat\u00e1n en corto\",\"description\":\"Noticias\",\"potentialAction\":[{\"@type\":\"SearchAction\",\"target\":{\"@type\":\"EntryPoint\",\"urlTemplate\":\"https:\\\/\\\/www.yucatanencorto.com\\\/noticias\\\/?s={search_term_string}\"},\"query-input\":{\"@type\":\"PropertyValueSpecification\",\"valueRequired\":true,\"valueName\":\"search_term_string\"}}],\"inLanguage\":\"es\"},{\"@type\":\"Person\",\"@id\":\"https:\\\/\\\/www.yucatanencorto.com\\\/noticias\\\/#\\\/schema\\\/person\\\/14f82d355225a1f4075dd84a31f45a72\",\"name\":\"Yucat\u00e1n en Corto FC\",\"image\":{\"@type\":\"ImageObject\",\"inLanguage\":\"es\",\"@id\":\"https:\\\/\\\/secure.gravatar.com\\\/avatar\\\/147d4b30cd728c53c29c49a3f7834dedca33707f4cd259761355846009a88250?s=96&d=mm&r=g\",\"url\":\"https:\\\/\\\/secure.gravatar.com\\\/avatar\\\/147d4b30cd728c53c29c49a3f7834dedca33707f4cd259761355846009a88250?s=96&d=mm&r=g\",\"contentUrl\":\"https:\\\/\\\/secure.gravatar.com\\\/avatar\\\/147d4b30cd728c53c29c49a3f7834dedca33707f4cd259761355846009a88250?s=96&d=mm&r=g\",\"caption\":\"Yucat\u00e1n en Corto FC\"},\"url\":\"https:\\\/\\\/www.yucatanencorto.com\\\/noticias\\\/author\\\/flor\\\/\"}]}<\/script>\n<!-- \/ Yoast SEO plugin. -->","yoast_head_json":{"title":"Inicia el Festival del Globo Maya 2022 - Yucat\u00e1n en corto","robots":{"index":"index","follow":"follow","max-snippet":"max-snippet:-1","max-image-preview":"max-image-preview:large","max-video-preview":"max-video-preview:-1"},"canonical":"https:\/\/www.yucatanencorto.com\/noticias\/inicia-el-festival-del-globo-maya-2022\/","og_locale":"es_ES","og_type":"article","og_title":"Inicia el Festival del Globo Maya 2022 - Yucat\u00e1n en corto","og_description":"&nbsp; Tahmek, Yucat\u00e1n, 20 de agosto de 2022.- Figuras con distintos personajes y tem\u00e1ticas se elevaron por el cielo durante el inicio del Segundo Festival del Globo Maya de Tahmek en el que participaron artesanos de M\u00e9xico y Colombia, evento que forma parte de la estrategia que impulsa el Gobernador Mauricio Vila Dosal para ofrecer [&hellip;]","og_url":"https:\/\/www.yucatanencorto.com\/noticias\/inicia-el-festival-del-globo-maya-2022\/","og_site_name":"Yucat\u00e1n en corto","article_publisher":"http:\/\/www.facebook.com\/yucatanencorto","article_published_time":"2022-08-21T03:01:23+00:00","og_image":[{"width":768,"height":705,"url":"https:\/\/www.yucatanencorto.com\/noticias\/wp-content\/uploads\/2022\/08\/0001-15-scaled.jpg","type":"image\/jpeg"}],"author":"Yucat\u00e1n en Corto FC","twitter_card":"summary_large_image","twitter_creator":"@yucatanencorto","twitter_site":"@yucatanencorto","twitter_misc":{"Escrito por":"Yucat\u00e1n en Corto FC","Tiempo de lectura":"3 minutos"},"schema":{"@context":"https:\/\/schema.org","@graph":[{"@type":"Article","@id":"https:\/\/www.yucatanencorto.com\/noticias\/inicia-el-festival-del-globo-maya-2022\/#article","isPartOf":{"@id":"https:\/\/www.yucatanencorto.com\/noticias\/inicia-el-festival-del-globo-maya-2022\/"},"author":{"name":"Yucat\u00e1n en Corto FC","@id":"https:\/\/www.yucatanencorto.com\/noticias\/#\/schema\/person\/14f82d355225a1f4075dd84a31f45a72"},"headline":"Inicia el Festival del Globo Maya 2022","datePublished":"2022-08-21T03:01:23+00:00","mainEntityOfPage":{"@id":"https:\/\/www.yucatanencorto.com\/noticias\/inicia-el-festival-del-globo-maya-2022\/"},"wordCount":589,"image":{"@id":"https:\/\/www.yucatanencorto.com\/noticias\/inicia-el-festival-del-globo-maya-2022\/#primaryimage"},"thumbnailUrl":"https:\/\/www.yucatanencorto.com\/noticias\/wp-content\/uploads\/2022\/08\/0001-15-scaled.jpg","articleSection":["Yucat\u00e1n"],"inLanguage":"es"},{"@type":"WebPage","@id":"https:\/\/www.yucatanencorto.com\/noticias\/inicia-el-festival-del-globo-maya-2022\/","url":"https:\/\/www.yucatanencorto.com\/noticias\/inicia-el-festival-del-globo-maya-2022\/","name":"Inicia el Festival del Globo Maya 2022 - Yucat\u00e1n en corto","isPartOf":{"@id":"https:\/\/www.yucatanencorto.com\/noticias\/#website"},"primaryImageOfPage":{"@id":"https:\/\/www.yucatanencorto.com\/noticias\/inicia-el-festival-del-globo-maya-2022\/#primaryimage"},"image":{"@id":"https:\/\/www.yucatanencorto.com\/noticias\/inicia-el-festival-del-globo-maya-2022\/#primaryimage"},"thumbnailUrl":"https:\/\/www.yucatanencorto.com\/noticias\/wp-content\/uploads\/2022\/08\/0001-15-scaled.jpg","datePublished":"2022-08-21T03:01:23+00:00","author":{"@id":"https:\/\/www.yucatanencorto.com\/noticias\/#\/schema\/person\/14f82d355225a1f4075dd84a31f45a72"},"breadcrumb":{"@id":"https:\/\/www.yucatanencorto.com\/noticias\/inicia-el-festival-del-globo-maya-2022\/#breadcrumb"},"inLanguage":"es","potentialAction":[{"@type":"ReadAction","target":["https:\/\/www.yucatanencorto.com\/noticias\/inicia-el-festival-del-globo-maya-2022\/"]}]},{"@type":"ImageObject","inLanguage":"es","@id":"https:\/\/www.yucatanencorto.com\/noticias\/inicia-el-festival-del-globo-maya-2022\/#primaryimage","url":"https:\/\/www.yucatanencorto.com\/noticias\/wp-content\/uploads\/2022\/08\/0001-15-scaled.jpg","contentUrl":"https:\/\/www.yucatanencorto.com\/noticias\/wp-content\/uploads\/2022\/08\/0001-15-scaled.jpg","width":768,"height":705},{"@type":"BreadcrumbList","@id":"https:\/\/www.yucatanencorto.com\/noticias\/inicia-el-festival-del-globo-maya-2022\/#breadcrumb","itemListElement":[{"@type":"ListItem","position":1,"name":"Portada","item":"https:\/\/www.yucatanencorto.com\/noticias\/"},{"@type":"ListItem","position":2,"name":"Inicia el Festival del Globo Maya 2022"}]},{"@type":"WebSite","@id":"https:\/\/www.yucatanencorto.com\/noticias\/#website","url":"https:\/\/www.yucatanencorto.com\/noticias\/","name":"Yucat\u00e1n en corto","description":"Noticias","potentialAction":[{"@type":"SearchAction","target":{"@type":"EntryPoint","urlTemplate":"https:\/\/www.yucatanencorto.com\/noticias\/?s={search_term_string}"},"query-input":{"@type":"PropertyValueSpecification","valueRequired":true,"valueName":"search_term_string"}}],"inLanguage":"es"},{"@type":"Person","@id":"https:\/\/www.yucatanencorto.com\/noticias\/#\/schema\/person\/14f82d355225a1f4075dd84a31f45a72","name":"Yucat\u00e1n en Corto FC","image":{"@type":"ImageObject","inLanguage":"es","@id":"https:\/\/secure.gravatar.com\/avatar\/147d4b30cd728c53c29c49a3f7834dedca33707f4cd259761355846009a88250?s=96&d=mm&r=g","url":"https:\/\/secure.gravatar.com\/avatar\/147d4b30cd728c53c29c49a3f7834dedca33707f4cd259761355846009a88250?s=96&d=mm&r=g","contentUrl":"https:\/\/secure.gravatar.com\/avatar\/147d4b30cd728c53c29c49a3f7834dedca33707f4cd259761355846009a88250?s=96&d=mm&r=g","caption":"Yucat\u00e1n en Corto FC"},"url":"https:\/\/www.yucatanencorto.com\/noticias\/author\/flor\/"}]}},"_links":{"self":[{"href":"https:\/\/www.yucatanencorto.com\/noticias\/wp-json\/wp\/v2\/posts\/92824","targetHints":{"allow":["GET"]}}],"collection":[{"href":"https:\/\/www.yucatanencorto.com\/noticias\/wp-json\/wp\/v2\/posts"}],"about":[{"href":"https:\/\/www.yucatanencorto.com\/noticias\/wp-json\/wp\/v2\/types\/post"}],"author":[{"embeddable":true,"href":"https:\/\/www.yucatanencorto.com\/noticias\/wp-json\/wp\/v2\/users\/2"}],"replies":[{"embeddable":true,"href":"https:\/\/www.yucatanencorto.com\/noticias\/wp-json\/wp\/v2\/comments?post=92824"}],"version-history":[{"count":0,"href":"https:\/\/www.yucatanencorto.com\/noticias\/wp-json\/wp\/v2\/posts\/92824\/revisions"}],"wp:featuredmedia":[{"embeddable":true,"href":"https:\/\/www.yucatanencorto.com\/noticias\/wp-json\/wp\/v2\/media\/92825"}],"wp:attachment":[{"href":"https:\/\/www.yucatanencorto.com\/noticias\/wp-json\/wp\/v2\/media?parent=92824"}],"wp:term":[{"taxonomy":"category","embeddable":true,"href":"https:\/\/www.yucatanencorto.com\/noticias\/wp-json\/wp\/v2\/categories?post=92824"},{"taxonomy":"post_tag","embeddable":true,"href":"https:\/\/www.yucatanencorto.com\/noticias\/wp-json\/wp\/v2\/tags?post=92824"}],"curies":[{"name":"wp","href":"https:\/\/api.w.org\/{rel}","templated":true}]}}