{"id":92827,"date":"2022-08-21T14:21:39","date_gmt":"2022-08-21T19:21:39","guid":{"rendered":"https:\/\/www.yucatanencorto.com\/noticias\/?p=92827"},"modified":"2022-08-21T14:21:39","modified_gmt":"2022-08-21T19:21:39","slug":"continuan-trabajando-fuertemente-en-la-rehabilitacion-de-las-glorietas-y-fuentes-de-las-principales-avenidas","status":"publish","type":"post","link":"https:\/\/www.yucatanencorto.com\/noticias\/continuan-trabajando-fuertemente-en-la-rehabilitacion-de-las-glorietas-y-fuentes-de-las-principales-avenidas\/","title":{"rendered":"Contin\u00faan trabajando fuertemente en la rehabilitaci\u00f3n de las glorietas y fuentes de las principales avenidas"},"content":{"rendered":"<p><img loading=\"lazy\" decoding=\"async\" class=\"alignnone size-full wp-image-92828\" src=\"https:\/\/www.yucatanencorto.com\/noticias\/wp-content\/uploads\/2022\/08\/IMG-20220821-WA0002-scaled.jpg\" alt=\"\" width=\"768\" height=\"512\" srcset=\"https:\/\/www.yucatanencorto.com\/noticias\/wp-content\/uploads\/2022\/08\/IMG-20220821-WA0002-scaled.jpg 768w, https:\/\/www.yucatanencorto.com\/noticias\/wp-content\/uploads\/2022\/08\/IMG-20220821-WA0002-696x464.jpg 696w, https:\/\/www.yucatanencorto.com\/noticias\/wp-content\/uploads\/2022\/08\/IMG-20220821-WA0002-1068x712.jpg 1068w, https:\/\/www.yucatanencorto.com\/noticias\/wp-content\/uploads\/2022\/08\/IMG-20220821-WA0002-630x420.jpg 630w\" sizes=\"auto, (max-width: 768px) 100vw, 768px\" \/><\/p>\n<p>M\u00e9rida, Yucat\u00e1n a 21 de agosto de 2022.- Para consolidar a M\u00e9rida como una ciudad m\u00e1s fuerte, el Ayuntamiento interviene los espacios p\u00fablicos para que sean funcionales, contribuyan a embellecer la imagen urbana y hacer m\u00e1s atractivo el Municipio como un polo de inversi\u00f3n, manifest\u00f3 el Alcalde, Ren\u00e1n Barrera Concha.<\/p>\n<p>En la revisi\u00f3n de los avances de la primera etapa de la rehabilitaci\u00f3n y remozamiento de las glorietas y fuentes de las principales avenidas de la ciudad, el Presidente Municipal asegur\u00f3 que la administraci\u00f3n trabaja para que estos espacios sean dotados de los sistemas de agua y drenaje, mecanismos el\u00e9ctricos y remozamiento de la infraestructura para que funcionen correctamente.<\/p>\n<p>\u201cLa cohesi\u00f3n social y la sana convivencia son esenciales para que en el Municipio prevalezca la seguridad, la paz social y la armon\u00eda por eso durante esta administraci\u00f3n estamos destinando recursos para mejorar los espacios p\u00fablicos, dej\u00e1ndolos en \u00f3ptimas condiciones para el disfrute de todos los que vivimos aqu\u00ed y de quienes nos visitan\u201d, subray\u00f3.<\/p>\n<p>Por su parte, Jos\u00e9 Collado Soberanis, director de Servicios P\u00fablicos Municipales, inform\u00f3 que los trabajos de rehabilitaci\u00f3n de fuentes y glorietas avanzan a buen ritmo por lo que se espera entregarlas a en los primeros d\u00edas de septiembre de 2022.<\/p>\n<p>\u201cEstamos en los \u00faltimos ajustes, el lunes nos debe llegar el material el\u00e9ctrico y de plomer\u00eda que solicitamos en una licitaci\u00f3n para colocarlas en las fuentes y puedan funcionar las 24 horas del d\u00eda cosa que esperamos dejar listo en los primeros 15 d\u00edas de septiembre\u201d, coment\u00f3.<\/p>\n<p>Collado Soberanis record\u00f3 que el Ayuntamiento trabaja en la rehabilitaci\u00f3n de 33 fuentes y glorietas con el prop\u00f3sito de darles una nueva imagen urbana que vaya acorde con el desarrollo de la ciudad.<\/p>\n<p>\u201cEn este tema de las fuentes y glorietas a\u00fan tenemos algunos trabajos pendientes en materia de ornamentaci\u00f3n e iluminaci\u00f3n en cinco de estos espacios, porque cuentan con una fuente acu\u00e1tica que requieren materiales que se colocan dentro del agua para darle mayor realce\u201d, a\u00f1adi\u00f3.<\/p>\n<p>Record\u00f3 que en las fuentes se llevan al cabo trabajos de desag\u00fce, limpieza, lavado, y pintura general en el interior y exterior de la infraestructura. Como se sabe, el mantenimiento de las glorietas y fuentes inici\u00f3 a principios del mes de julio y forma parte de una primera etapa en la que el Ayuntamiento de M\u00e9rida invierte 5 millones 853 mil 122 pesos de un total de 11 millones 53 mil 557.25 pesos destinados a este proyecto.<\/p>\n<p>En otro tema, el director de Servicios P\u00fablicos Municipales adelant\u00f3 que con motivo de las fiestas patrias, personal de la direcci\u00f3n a su cargo ya se encuentra trabajando en la colocaci\u00f3n de los casi 600 adornos patrios en calles, avenidas, glorietas y parques principales de M\u00e9rida as\u00ed como del Centro Hist\u00f3rico.<\/p>\n<p>\u201cEste es un trabajo que iniciamos desde el mes de junio con el mantenimiento de los adornos para tenerlos en perfecto estado para su instalaci\u00f3n, misma que comenzamos a mediados de agosto por lo que nuestro personal ya se puede ver trabajando en algunas zonas de la ciudad\u201d, se\u00f1al\u00f3.<\/p>\n<p>Finalmente, el funcionario precis\u00f3 que entre los adornos que ya se est\u00e1n instalando figuran escudos, pendones, mangueras luminosas en colores verde, blanco y rojo, carretas, banderas, escudos, medallones, libros, pendones y cactus entre otros.<\/p>\n","protected":false},"excerpt":{"rendered":"<p>M\u00e9rida, Yucat\u00e1n a 21 de agosto de 2022.- Para consolidar a M\u00e9rida como una ciudad m\u00e1s fuerte, el Ayuntamiento interviene los espacios p\u00fablicos para que sean funcionales, contribuyan a embellecer la imagen urbana y hacer m\u00e1s atractivo el Municipio como un polo de inversi\u00f3n, manifest\u00f3 el Alcalde, Ren\u00e1n Barrera Concha. En la revisi\u00f3n de los [&hellip;]<\/p>\n","protected":false},"author":2,"featured_media":92828,"comment_status":"closed","ping_status":"closed","sticky":false,"template":"","format":"standard","meta":{"footnotes":""},"categories":[2,9],"tags":[],"class_list":{"0":"post-92827","1":"post","2":"type-post","3":"status-publish","4":"format-standard","5":"has-post-thumbnail","7":"category-merida","8":"category-sociedad-y-espectaculos"},"yoast_head":"<!-- This site is optimized with the Yoast SEO plugin v27.5 - https:\/\/yoast.com\/product\/yoast-seo-wordpress\/ -->\n<title>Contin\u00faan trabajando fuertemente en la rehabilitaci\u00f3n de las glorietas y fuentes de las principales avenidas - Yucat\u00e1n en corto<\/title>\n<meta name=\"robots\" content=\"index, follow, max-snippet:-1, max-image-preview:large, max-video-preview:-1\" \/>\n<link rel=\"canonical\" href=\"https:\/\/www.yucatanencorto.com\/noticias\/continuan-trabajando-fuertemente-en-la-rehabilitacion-de-las-glorietas-y-fuentes-de-las-principales-avenidas\/\" \/>\n<meta property=\"og:locale\" content=\"es_ES\" \/>\n<meta property=\"og:type\" content=\"article\" \/>\n<meta property=\"og:title\" content=\"Contin\u00faan trabajando fuertemente en la rehabilitaci\u00f3n de las glorietas y fuentes de las principales avenidas - Yucat\u00e1n en corto\" \/>\n<meta property=\"og:description\" content=\"M\u00e9rida, Yucat\u00e1n a 21 de agosto de 2022.- Para consolidar a M\u00e9rida como una ciudad m\u00e1s fuerte, el Ayuntamiento interviene los espacios p\u00fablicos para que sean funcionales, contribuyan a embellecer la imagen urbana y hacer m\u00e1s atractivo el Municipio como un polo de inversi\u00f3n, manifest\u00f3 el Alcalde, Ren\u00e1n Barrera Concha. En la revisi\u00f3n de los [&hellip;]\" \/>\n<meta property=\"og:url\" content=\"https:\/\/www.yucatanencorto.com\/noticias\/continuan-trabajando-fuertemente-en-la-rehabilitacion-de-las-glorietas-y-fuentes-de-las-principales-avenidas\/\" \/>\n<meta property=\"og:site_name\" content=\"Yucat\u00e1n en corto\" \/>\n<meta property=\"article:publisher\" content=\"http:\/\/www.facebook.com\/yucatanencorto\" \/>\n<meta property=\"article:published_time\" content=\"2022-08-21T19:21:39+00:00\" \/>\n<meta property=\"og:image\" content=\"https:\/\/www.yucatanencorto.com\/noticias\/wp-content\/uploads\/2022\/08\/IMG-20220821-WA0002-scaled.jpg\" \/>\n\t<meta property=\"og:image:width\" content=\"768\" \/>\n\t<meta property=\"og:image:height\" content=\"512\" \/>\n\t<meta property=\"og:image:type\" content=\"image\/jpeg\" \/>\n<meta name=\"author\" content=\"Yucat\u00e1n en Corto FC\" \/>\n<meta name=\"twitter:card\" content=\"summary_large_image\" \/>\n<meta name=\"twitter:creator\" content=\"@yucatanencorto\" \/>\n<meta name=\"twitter:site\" content=\"@yucatanencorto\" \/>\n<meta name=\"twitter:label1\" content=\"Escrito por\" \/>\n\t<meta name=\"twitter:data1\" content=\"Yucat\u00e1n en Corto FC\" \/>\n\t<meta name=\"twitter:label2\" content=\"Tiempo de lectura\" \/>\n\t<meta name=\"twitter:data2\" content=\"3 minutos\" \/>\n<script type=\"application\/ld+json\" class=\"yoast-schema-graph\">{\"@context\":\"https:\\\/\\\/schema.org\",\"@graph\":[{\"@type\":\"Article\",\"@id\":\"https:\\\/\\\/www.yucatanencorto.com\\\/noticias\\\/continuan-trabajando-fuertemente-en-la-rehabilitacion-de-las-glorietas-y-fuentes-de-las-principales-avenidas\\\/#article\",\"isPartOf\":{\"@id\":\"https:\\\/\\\/www.yucatanencorto.com\\\/noticias\\\/continuan-trabajando-fuertemente-en-la-rehabilitacion-de-las-glorietas-y-fuentes-de-las-principales-avenidas\\\/\"},\"author\":{\"name\":\"Yucat\u00e1n en Corto FC\",\"@id\":\"https:\\\/\\\/www.yucatanencorto.com\\\/noticias\\\/#\\\/schema\\\/person\\\/14f82d355225a1f4075dd84a31f45a72\"},\"headline\":\"Contin\u00faan trabajando fuertemente en la rehabilitaci\u00f3n de las glorietas y fuentes de las principales avenidas\",\"datePublished\":\"2022-08-21T19:21:39+00:00\",\"mainEntityOfPage\":{\"@id\":\"https:\\\/\\\/www.yucatanencorto.com\\\/noticias\\\/continuan-trabajando-fuertemente-en-la-rehabilitacion-de-las-glorietas-y-fuentes-de-las-principales-avenidas\\\/\"},\"wordCount\":586,\"image\":{\"@id\":\"https:\\\/\\\/www.yucatanencorto.com\\\/noticias\\\/continuan-trabajando-fuertemente-en-la-rehabilitacion-de-las-glorietas-y-fuentes-de-las-principales-avenidas\\\/#primaryimage\"},\"thumbnailUrl\":\"https:\\\/\\\/www.yucatanencorto.com\\\/noticias\\\/wp-content\\\/uploads\\\/2022\\\/08\\\/IMG-20220821-WA0002-scaled.jpg\",\"articleSection\":[\"M\u00e9rida\",\"Sociedad y Espect\u00e1culos\"],\"inLanguage\":\"es\"},{\"@type\":\"WebPage\",\"@id\":\"https:\\\/\\\/www.yucatanencorto.com\\\/noticias\\\/continuan-trabajando-fuertemente-en-la-rehabilitacion-de-las-glorietas-y-fuentes-de-las-principales-avenidas\\\/\",\"url\":\"https:\\\/\\\/www.yucatanencorto.com\\\/noticias\\\/continuan-trabajando-fuertemente-en-la-rehabilitacion-de-las-glorietas-y-fuentes-de-las-principales-avenidas\\\/\",\"name\":\"Contin\u00faan trabajando fuertemente en la rehabilitaci\u00f3n de las glorietas y fuentes de las principales avenidas - Yucat\u00e1n en corto\",\"isPartOf\":{\"@id\":\"https:\\\/\\\/www.yucatanencorto.com\\\/noticias\\\/#website\"},\"primaryImageOfPage\":{\"@id\":\"https:\\\/\\\/www.yucatanencorto.com\\\/noticias\\\/continuan-trabajando-fuertemente-en-la-rehabilitacion-de-las-glorietas-y-fuentes-de-las-principales-avenidas\\\/#primaryimage\"},\"image\":{\"@id\":\"https:\\\/\\\/www.yucatanencorto.com\\\/noticias\\\/continuan-trabajando-fuertemente-en-la-rehabilitacion-de-las-glorietas-y-fuentes-de-las-principales-avenidas\\\/#primaryimage\"},\"thumbnailUrl\":\"https:\\\/\\\/www.yucatanencorto.com\\\/noticias\\\/wp-content\\\/uploads\\\/2022\\\/08\\\/IMG-20220821-WA0002-scaled.jpg\",\"datePublished\":\"2022-08-21T19:21:39+00:00\",\"author\":{\"@id\":\"https:\\\/\\\/www.yucatanencorto.com\\\/noticias\\\/#\\\/schema\\\/person\\\/14f82d355225a1f4075dd84a31f45a72\"},\"breadcrumb\":{\"@id\":\"https:\\\/\\\/www.yucatanencorto.com\\\/noticias\\\/continuan-trabajando-fuertemente-en-la-rehabilitacion-de-las-glorietas-y-fuentes-de-las-principales-avenidas\\\/#breadcrumb\"},\"inLanguage\":\"es\",\"potentialAction\":[{\"@type\":\"ReadAction\",\"target\":[\"https:\\\/\\\/www.yucatanencorto.com\\\/noticias\\\/continuan-trabajando-fuertemente-en-la-rehabilitacion-de-las-glorietas-y-fuentes-de-las-principales-avenidas\\\/\"]}]},{\"@type\":\"ImageObject\",\"inLanguage\":\"es\",\"@id\":\"https:\\\/\\\/www.yucatanencorto.com\\\/noticias\\\/continuan-trabajando-fuertemente-en-la-rehabilitacion-de-las-glorietas-y-fuentes-de-las-principales-avenidas\\\/#primaryimage\",\"url\":\"https:\\\/\\\/www.yucatanencorto.com\\\/noticias\\\/wp-content\\\/uploads\\\/2022\\\/08\\\/IMG-20220821-WA0002-scaled.jpg\",\"contentUrl\":\"https:\\\/\\\/www.yucatanencorto.com\\\/noticias\\\/wp-content\\\/uploads\\\/2022\\\/08\\\/IMG-20220821-WA0002-scaled.jpg\",\"width\":768,\"height\":512},{\"@type\":\"BreadcrumbList\",\"@id\":\"https:\\\/\\\/www.yucatanencorto.com\\\/noticias\\\/continuan-trabajando-fuertemente-en-la-rehabilitacion-de-las-glorietas-y-fuentes-de-las-principales-avenidas\\\/#breadcrumb\",\"itemListElement\":[{\"@type\":\"ListItem\",\"position\":1,\"name\":\"Portada\",\"item\":\"https:\\\/\\\/www.yucatanencorto.com\\\/noticias\\\/\"},{\"@type\":\"ListItem\",\"position\":2,\"name\":\"Contin\u00faan trabajando fuertemente en la rehabilitaci\u00f3n de las glorietas y fuentes de las principales avenidas\"}]},{\"@type\":\"WebSite\",\"@id\":\"https:\\\/\\\/www.yucatanencorto.com\\\/noticias\\\/#website\",\"url\":\"https:\\\/\\\/www.yucatanencorto.com\\\/noticias\\\/\",\"name\":\"Yucat\u00e1n en corto\",\"description\":\"Noticias\",\"potentialAction\":[{\"@type\":\"SearchAction\",\"target\":{\"@type\":\"EntryPoint\",\"urlTemplate\":\"https:\\\/\\\/www.yucatanencorto.com\\\/noticias\\\/?s={search_term_string}\"},\"query-input\":{\"@type\":\"PropertyValueSpecification\",\"valueRequired\":true,\"valueName\":\"search_term_string\"}}],\"inLanguage\":\"es\"},{\"@type\":\"Person\",\"@id\":\"https:\\\/\\\/www.yucatanencorto.com\\\/noticias\\\/#\\\/schema\\\/person\\\/14f82d355225a1f4075dd84a31f45a72\",\"name\":\"Yucat\u00e1n en Corto FC\",\"image\":{\"@type\":\"ImageObject\",\"inLanguage\":\"es\",\"@id\":\"https:\\\/\\\/secure.gravatar.com\\\/avatar\\\/147d4b30cd728c53c29c49a3f7834dedca33707f4cd259761355846009a88250?s=96&d=mm&r=g\",\"url\":\"https:\\\/\\\/secure.gravatar.com\\\/avatar\\\/147d4b30cd728c53c29c49a3f7834dedca33707f4cd259761355846009a88250?s=96&d=mm&r=g\",\"contentUrl\":\"https:\\\/\\\/secure.gravatar.com\\\/avatar\\\/147d4b30cd728c53c29c49a3f7834dedca33707f4cd259761355846009a88250?s=96&d=mm&r=g\",\"caption\":\"Yucat\u00e1n en Corto FC\"},\"url\":\"https:\\\/\\\/www.yucatanencorto.com\\\/noticias\\\/author\\\/flor\\\/\"}]}<\/script>\n<!-- \/ Yoast SEO plugin. -->","yoast_head_json":{"title":"Contin\u00faan trabajando fuertemente en la rehabilitaci\u00f3n de las glorietas y fuentes de las principales avenidas - Yucat\u00e1n en corto","robots":{"index":"index","follow":"follow","max-snippet":"max-snippet:-1","max-image-preview":"max-image-preview:large","max-video-preview":"max-video-preview:-1"},"canonical":"https:\/\/www.yucatanencorto.com\/noticias\/continuan-trabajando-fuertemente-en-la-rehabilitacion-de-las-glorietas-y-fuentes-de-las-principales-avenidas\/","og_locale":"es_ES","og_type":"article","og_title":"Contin\u00faan trabajando fuertemente en la rehabilitaci\u00f3n de las glorietas y fuentes de las principales avenidas - Yucat\u00e1n en corto","og_description":"M\u00e9rida, Yucat\u00e1n a 21 de agosto de 2022.- Para consolidar a M\u00e9rida como una ciudad m\u00e1s fuerte, el Ayuntamiento interviene los espacios p\u00fablicos para que sean funcionales, contribuyan a embellecer la imagen urbana y hacer m\u00e1s atractivo el Municipio como un polo de inversi\u00f3n, manifest\u00f3 el Alcalde, Ren\u00e1n Barrera Concha. En la revisi\u00f3n de los [&hellip;]","og_url":"https:\/\/www.yucatanencorto.com\/noticias\/continuan-trabajando-fuertemente-en-la-rehabilitacion-de-las-glorietas-y-fuentes-de-las-principales-avenidas\/","og_site_name":"Yucat\u00e1n en corto","article_publisher":"http:\/\/www.facebook.com\/yucatanencorto","article_published_time":"2022-08-21T19:21:39+00:00","og_image":[{"width":768,"height":512,"url":"https:\/\/www.yucatanencorto.com\/noticias\/wp-content\/uploads\/2022\/08\/IMG-20220821-WA0002-scaled.jpg","type":"image\/jpeg"}],"author":"Yucat\u00e1n en Corto FC","twitter_card":"summary_large_image","twitter_creator":"@yucatanencorto","twitter_site":"@yucatanencorto","twitter_misc":{"Escrito por":"Yucat\u00e1n en Corto FC","Tiempo de lectura":"3 minutos"},"schema":{"@context":"https:\/\/schema.org","@graph":[{"@type":"Article","@id":"https:\/\/www.yucatanencorto.com\/noticias\/continuan-trabajando-fuertemente-en-la-rehabilitacion-de-las-glorietas-y-fuentes-de-las-principales-avenidas\/#article","isPartOf":{"@id":"https:\/\/www.yucatanencorto.com\/noticias\/continuan-trabajando-fuertemente-en-la-rehabilitacion-de-las-glorietas-y-fuentes-de-las-principales-avenidas\/"},"author":{"name":"Yucat\u00e1n en Corto FC","@id":"https:\/\/www.yucatanencorto.com\/noticias\/#\/schema\/person\/14f82d355225a1f4075dd84a31f45a72"},"headline":"Contin\u00faan trabajando fuertemente en la rehabilitaci\u00f3n de las glorietas y fuentes de las principales avenidas","datePublished":"2022-08-21T19:21:39+00:00","mainEntityOfPage":{"@id":"https:\/\/www.yucatanencorto.com\/noticias\/continuan-trabajando-fuertemente-en-la-rehabilitacion-de-las-glorietas-y-fuentes-de-las-principales-avenidas\/"},"wordCount":586,"image":{"@id":"https:\/\/www.yucatanencorto.com\/noticias\/continuan-trabajando-fuertemente-en-la-rehabilitacion-de-las-glorietas-y-fuentes-de-las-principales-avenidas\/#primaryimage"},"thumbnailUrl":"https:\/\/www.yucatanencorto.com\/noticias\/wp-content\/uploads\/2022\/08\/IMG-20220821-WA0002-scaled.jpg","articleSection":["M\u00e9rida","Sociedad y Espect\u00e1culos"],"inLanguage":"es"},{"@type":"WebPage","@id":"https:\/\/www.yucatanencorto.com\/noticias\/continuan-trabajando-fuertemente-en-la-rehabilitacion-de-las-glorietas-y-fuentes-de-las-principales-avenidas\/","url":"https:\/\/www.yucatanencorto.com\/noticias\/continuan-trabajando-fuertemente-en-la-rehabilitacion-de-las-glorietas-y-fuentes-de-las-principales-avenidas\/","name":"Contin\u00faan trabajando fuertemente en la rehabilitaci\u00f3n de las glorietas y fuentes de las principales avenidas - Yucat\u00e1n en corto","isPartOf":{"@id":"https:\/\/www.yucatanencorto.com\/noticias\/#website"},"primaryImageOfPage":{"@id":"https:\/\/www.yucatanencorto.com\/noticias\/continuan-trabajando-fuertemente-en-la-rehabilitacion-de-las-glorietas-y-fuentes-de-las-principales-avenidas\/#primaryimage"},"image":{"@id":"https:\/\/www.yucatanencorto.com\/noticias\/continuan-trabajando-fuertemente-en-la-rehabilitacion-de-las-glorietas-y-fuentes-de-las-principales-avenidas\/#primaryimage"},"thumbnailUrl":"https:\/\/www.yucatanencorto.com\/noticias\/wp-content\/uploads\/2022\/08\/IMG-20220821-WA0002-scaled.jpg","datePublished":"2022-08-21T19:21:39+00:00","author":{"@id":"https:\/\/www.yucatanencorto.com\/noticias\/#\/schema\/person\/14f82d355225a1f4075dd84a31f45a72"},"breadcrumb":{"@id":"https:\/\/www.yucatanencorto.com\/noticias\/continuan-trabajando-fuertemente-en-la-rehabilitacion-de-las-glorietas-y-fuentes-de-las-principales-avenidas\/#breadcrumb"},"inLanguage":"es","potentialAction":[{"@type":"ReadAction","target":["https:\/\/www.yucatanencorto.com\/noticias\/continuan-trabajando-fuertemente-en-la-rehabilitacion-de-las-glorietas-y-fuentes-de-las-principales-avenidas\/"]}]},{"@type":"ImageObject","inLanguage":"es","@id":"https:\/\/www.yucatanencorto.com\/noticias\/continuan-trabajando-fuertemente-en-la-rehabilitacion-de-las-glorietas-y-fuentes-de-las-principales-avenidas\/#primaryimage","url":"https:\/\/www.yucatanencorto.com\/noticias\/wp-content\/uploads\/2022\/08\/IMG-20220821-WA0002-scaled.jpg","contentUrl":"https:\/\/www.yucatanencorto.com\/noticias\/wp-content\/uploads\/2022\/08\/IMG-20220821-WA0002-scaled.jpg","width":768,"height":512},{"@type":"BreadcrumbList","@id":"https:\/\/www.yucatanencorto.com\/noticias\/continuan-trabajando-fuertemente-en-la-rehabilitacion-de-las-glorietas-y-fuentes-de-las-principales-avenidas\/#breadcrumb","itemListElement":[{"@type":"ListItem","position":1,"name":"Portada","item":"https:\/\/www.yucatanencorto.com\/noticias\/"},{"@type":"ListItem","position":2,"name":"Contin\u00faan trabajando fuertemente en la rehabilitaci\u00f3n de las glorietas y fuentes de las principales avenidas"}]},{"@type":"WebSite","@id":"https:\/\/www.yucatanencorto.com\/noticias\/#website","url":"https:\/\/www.yucatanencorto.com\/noticias\/","name":"Yucat\u00e1n en corto","description":"Noticias","potentialAction":[{"@type":"SearchAction","target":{"@type":"EntryPoint","urlTemplate":"https:\/\/www.yucatanencorto.com\/noticias\/?s={search_term_string}"},"query-input":{"@type":"PropertyValueSpecification","valueRequired":true,"valueName":"search_term_string"}}],"inLanguage":"es"},{"@type":"Person","@id":"https:\/\/www.yucatanencorto.com\/noticias\/#\/schema\/person\/14f82d355225a1f4075dd84a31f45a72","name":"Yucat\u00e1n en Corto FC","image":{"@type":"ImageObject","inLanguage":"es","@id":"https:\/\/secure.gravatar.com\/avatar\/147d4b30cd728c53c29c49a3f7834dedca33707f4cd259761355846009a88250?s=96&d=mm&r=g","url":"https:\/\/secure.gravatar.com\/avatar\/147d4b30cd728c53c29c49a3f7834dedca33707f4cd259761355846009a88250?s=96&d=mm&r=g","contentUrl":"https:\/\/secure.gravatar.com\/avatar\/147d4b30cd728c53c29c49a3f7834dedca33707f4cd259761355846009a88250?s=96&d=mm&r=g","caption":"Yucat\u00e1n en Corto FC"},"url":"https:\/\/www.yucatanencorto.com\/noticias\/author\/flor\/"}]}},"_links":{"self":[{"href":"https:\/\/www.yucatanencorto.com\/noticias\/wp-json\/wp\/v2\/posts\/92827","targetHints":{"allow":["GET"]}}],"collection":[{"href":"https:\/\/www.yucatanencorto.com\/noticias\/wp-json\/wp\/v2\/posts"}],"about":[{"href":"https:\/\/www.yucatanencorto.com\/noticias\/wp-json\/wp\/v2\/types\/post"}],"author":[{"embeddable":true,"href":"https:\/\/www.yucatanencorto.com\/noticias\/wp-json\/wp\/v2\/users\/2"}],"replies":[{"embeddable":true,"href":"https:\/\/www.yucatanencorto.com\/noticias\/wp-json\/wp\/v2\/comments?post=92827"}],"version-history":[{"count":0,"href":"https:\/\/www.yucatanencorto.com\/noticias\/wp-json\/wp\/v2\/posts\/92827\/revisions"}],"wp:featuredmedia":[{"embeddable":true,"href":"https:\/\/www.yucatanencorto.com\/noticias\/wp-json\/wp\/v2\/media\/92828"}],"wp:attachment":[{"href":"https:\/\/www.yucatanencorto.com\/noticias\/wp-json\/wp\/v2\/media?parent=92827"}],"wp:term":[{"taxonomy":"category","embeddable":true,"href":"https:\/\/www.yucatanencorto.com\/noticias\/wp-json\/wp\/v2\/categories?post=92827"},{"taxonomy":"post_tag","embeddable":true,"href":"https:\/\/www.yucatanencorto.com\/noticias\/wp-json\/wp\/v2\/tags?post=92827"}],"curies":[{"name":"wp","href":"https:\/\/api.w.org\/{rel}","templated":true}]}}