{"id":92842,"date":"2022-08-23T08:40:29","date_gmt":"2022-08-23T13:40:29","guid":{"rendered":"https:\/\/www.yucatanencorto.com\/noticias\/?p=92842"},"modified":"2022-08-23T08:40:29","modified_gmt":"2022-08-23T13:40:29","slug":"el-mejor-regalo-nino-llora-al-recibir-foto-de-su-abuelito-fallecido","status":"publish","type":"post","link":"https:\/\/www.yucatanencorto.com\/noticias\/el-mejor-regalo-nino-llora-al-recibir-foto-de-su-abuelito-fallecido\/","title":{"rendered":"\u00a1El mejor regalo! Ni\u00f1o llora al recibir foto de su abuelito fallecido"},"content":{"rendered":"<p><img loading=\"lazy\" decoding=\"async\" class=\"alignnone size-full wp-image-92843\" src=\"https:\/\/www.yucatanencorto.com\/noticias\/wp-content\/uploads\/2022\/08\/t_e8152a8753ff48df9910aaa77769c148_name_La_madre_de_familia_justifico__los_hechos_causados_a_la_maestra_por_llamar__burra__a_su_hija__4_.png\" alt=\"\" width=\"768\" height=\"432\" srcset=\"https:\/\/www.yucatanencorto.com\/noticias\/wp-content\/uploads\/2022\/08\/t_e8152a8753ff48df9910aaa77769c148_name_La_madre_de_familia_justifico__los_hechos_causados_a_la_maestra_por_llamar__burra__a_su_hija__4_.png 768w, https:\/\/www.yucatanencorto.com\/noticias\/wp-content\/uploads\/2022\/08\/t_e8152a8753ff48df9910aaa77769c148_name_La_madre_de_familia_justifico__los_hechos_causados_a_la_maestra_por_llamar__burra__a_su_hija__4_-696x392.png 696w, https:\/\/www.yucatanencorto.com\/noticias\/wp-content\/uploads\/2022\/08\/t_e8152a8753ff48df9910aaa77769c148_name_La_madre_de_familia_justifico__los_hechos_causados_a_la_maestra_por_llamar__burra__a_su_hija__4_-1068x601.png 1068w, https:\/\/www.yucatanencorto.com\/noticias\/wp-content\/uploads\/2022\/08\/t_e8152a8753ff48df9910aaa77769c148_name_La_madre_de_familia_justifico__los_hechos_causados_a_la_maestra_por_llamar__burra__a_su_hija__4_-747x420.png 747w\" sizes=\"auto, (max-width: 768px) 100vw, 768px\" \/><\/p>\n<p><b>Blanca Guti\u00e9rrez\u00a0<\/b>se encarg\u00f3 de compartir, mediante redes sociales, el instante en que\u00a0<b>su hijo celebraba su fiesta de cumplea\u00f1os.<\/b>\u00a0En esta fecha, es muy com\u00fan la entrega de\u00a0<b>regalos<\/b>\u00a0para el festejado. Asimismo, se come\u00a0<b>pastel<\/b>\u00a0y la comida favorita de quien cumple una vuelta m\u00e1s al sol.<\/p>\n<p><b>As\u00ed fue la fiesta del peque\u00f1o<\/b>, al momento de abrir uno de sus regalos,\u00a0<b>descubri\u00f3<\/b>\u00a0que se trataba de un cuadro; al ver la\u00a0<b>fotograf\u00eda<\/b>, el menor comenz\u00f3 a llorar. Su abuela se acerc\u00f3 a su nieto<b>\u00a0y lo abraz\u00f3<\/b>. Al voltear el regalo, se ve qu\u00e9 es lo que le obsequiaron sus seres queridos,\u00a0<b>una fotograf\u00eda con su abuelo.<\/b><\/p>\n<p>Todos comenzaron a\u00a0<b>aplaudir<\/b>\u00a0y all\u00ed finaliz\u00f3 el TikTok. Hasta el momento la grabaci\u00f3n cuenta con m\u00e1s de\u00a0<b>900 mil reproducciones,<\/b>\u00a0misma donde se pueden leer mensajes como:\u00a0<b>\u201cMi pasi\u00f3n, llorar por desconocidos,<\/b>\u00a0algo tan hermoso. Me acord\u00e9 de mi abuelo\u201d o \u201cHasta yo llor\u00e9 su carita t<b>u abuelito te cuidar\u00e1 desde arriba\u201d.<\/b><\/p>\n","protected":false},"excerpt":{"rendered":"<p>Blanca Guti\u00e9rrez\u00a0se encarg\u00f3 de compartir, mediante redes sociales, el instante en que\u00a0su hijo celebraba su fiesta de cumplea\u00f1os.\u00a0En esta fecha, es muy com\u00fan la entrega de\u00a0regalos\u00a0para el festejado. Asimismo, se come\u00a0pastel\u00a0y la comida favorita de quien cumple una vuelta m\u00e1s al sol. As\u00ed fue la fiesta del peque\u00f1o, al momento de abrir uno de sus [&hellip;]<\/p>\n","protected":false},"author":2,"featured_media":92843,"comment_status":"closed","ping_status":"closed","sticky":false,"template":"","format":"standard","meta":{"footnotes":""},"categories":[8908],"tags":[],"class_list":["post-92842","post","type-post","status-publish","format-standard","has-post-thumbnail","category-viral-y-asombroso"],"yoast_head":"<!-- This site is optimized with the Yoast SEO plugin v28.3 - https:\/\/yoast.com\/product\/yoast-seo-wordpress\/ -->\n<title>\u00a1El mejor regalo! Ni\u00f1o llora al recibir foto de su abuelito fallecido - Yucat\u00e1n en corto<\/title>\n<meta name=\"robots\" content=\"index, follow, max-snippet:-1, max-image-preview:large, max-video-preview:-1\" \/>\n<link rel=\"canonical\" href=\"https:\/\/www.yucatanencorto.com\/noticias\/el-mejor-regalo-nino-llora-al-recibir-foto-de-su-abuelito-fallecido\/\" \/>\n<meta property=\"og:locale\" content=\"es_ES\" \/>\n<meta property=\"og:type\" content=\"article\" \/>\n<meta property=\"og:title\" content=\"\u00a1El mejor regalo! Ni\u00f1o llora al recibir foto de su abuelito fallecido - Yucat\u00e1n en corto\" \/>\n<meta property=\"og:description\" content=\"Blanca Guti\u00e9rrez\u00a0se encarg\u00f3 de compartir, mediante redes sociales, el instante en que\u00a0su hijo celebraba su fiesta de cumplea\u00f1os.\u00a0En esta fecha, es muy com\u00fan la entrega de\u00a0regalos\u00a0para el festejado. Asimismo, se come\u00a0pastel\u00a0y la comida favorita de quien cumple una vuelta m\u00e1s al sol. As\u00ed fue la fiesta del peque\u00f1o, al momento de abrir uno de sus [&hellip;]\" \/>\n<meta property=\"og:url\" content=\"https:\/\/www.yucatanencorto.com\/noticias\/el-mejor-regalo-nino-llora-al-recibir-foto-de-su-abuelito-fallecido\/\" \/>\n<meta property=\"og:site_name\" content=\"Yucat\u00e1n en corto\" \/>\n<meta property=\"article:publisher\" content=\"http:\/\/www.facebook.com\/yucatanencorto\" \/>\n<meta property=\"article:published_time\" content=\"2022-08-23T13:40:29+00:00\" \/>\n<meta property=\"og:image\" content=\"https:\/\/www.yucatanencorto.com\/noticias\/wp-content\/uploads\/2022\/08\/t_e8152a8753ff48df9910aaa77769c148_name_La_madre_de_familia_justifico__los_hechos_causados_a_la_maestra_por_llamar__burra__a_su_hija__4_.png\" \/>\n\t<meta property=\"og:image:width\" content=\"768\" \/>\n\t<meta property=\"og:image:height\" content=\"432\" \/>\n\t<meta property=\"og:image:type\" content=\"image\/png\" \/>\n<meta name=\"author\" content=\"Yucat\u00e1n en Corto FC\" \/>\n<meta name=\"twitter:card\" content=\"summary_large_image\" \/>\n<meta name=\"twitter:creator\" content=\"@yucatanencorto\" \/>\n<meta name=\"twitter:site\" content=\"@yucatanencorto\" \/>\n<meta name=\"twitter:label1\" content=\"Escrito por\" \/>\n\t<meta name=\"twitter:data1\" content=\"Yucat\u00e1n en Corto FC\" \/>\n\t<meta name=\"twitter:label2\" content=\"Tiempo de lectura\" \/>\n\t<meta name=\"twitter:data2\" content=\"1 minuto\" \/>\n<script type=\"application\/ld+json\" class=\"yoast-schema-graph\">{\"@context\":\"https:\\\/\\\/schema.org\",\"@graph\":[{\"@type\":\"Article\",\"@id\":\"https:\\\/\\\/www.yucatanencorto.com\\\/noticias\\\/el-mejor-regalo-nino-llora-al-recibir-foto-de-su-abuelito-fallecido\\\/#article\",\"isPartOf\":{\"@id\":\"https:\\\/\\\/www.yucatanencorto.com\\\/noticias\\\/el-mejor-regalo-nino-llora-al-recibir-foto-de-su-abuelito-fallecido\\\/\"},\"author\":{\"name\":\"Yucat\u00e1n en Corto FC\",\"@id\":\"https:\\\/\\\/www.yucatanencorto.com\\\/noticias\\\/#\\\/schema\\\/person\\\/14f82d355225a1f4075dd84a31f45a72\"},\"headline\":\"\u00a1El mejor regalo! Ni\u00f1o llora al recibir foto de su abuelito fallecido\",\"datePublished\":\"2022-08-23T13:40:29+00:00\",\"mainEntityOfPage\":{\"@id\":\"https:\\\/\\\/www.yucatanencorto.com\\\/noticias\\\/el-mejor-regalo-nino-llora-al-recibir-foto-de-su-abuelito-fallecido\\\/\"},\"wordCount\":184,\"publisher\":{\"@id\":\"https:\\\/\\\/www.yucatanencorto.com\\\/noticias\\\/#organization\"},\"image\":{\"@id\":\"https:\\\/\\\/www.yucatanencorto.com\\\/noticias\\\/el-mejor-regalo-nino-llora-al-recibir-foto-de-su-abuelito-fallecido\\\/#primaryimage\"},\"thumbnailUrl\":\"https:\\\/\\\/www.yucatanencorto.com\\\/noticias\\\/wp-content\\\/uploads\\\/2022\\\/08\\\/t_e8152a8753ff48df9910aaa77769c148_name_La_madre_de_familia_justifico__los_hechos_causados_a_la_maestra_por_llamar__burra__a_su_hija__4_.png\",\"articleSection\":[\"Viral y Asombroso\"],\"inLanguage\":\"es\"},{\"@type\":\"WebPage\",\"@id\":\"https:\\\/\\\/www.yucatanencorto.com\\\/noticias\\\/el-mejor-regalo-nino-llora-al-recibir-foto-de-su-abuelito-fallecido\\\/\",\"url\":\"https:\\\/\\\/www.yucatanencorto.com\\\/noticias\\\/el-mejor-regalo-nino-llora-al-recibir-foto-de-su-abuelito-fallecido\\\/\",\"name\":\"\u00a1El mejor regalo! Ni\u00f1o llora al recibir foto de su abuelito fallecido - Yucat\u00e1n en corto\",\"isPartOf\":{\"@id\":\"https:\\\/\\\/www.yucatanencorto.com\\\/noticias\\\/#website\"},\"primaryImageOfPage\":{\"@id\":\"https:\\\/\\\/www.yucatanencorto.com\\\/noticias\\\/el-mejor-regalo-nino-llora-al-recibir-foto-de-su-abuelito-fallecido\\\/#primaryimage\"},\"image\":{\"@id\":\"https:\\\/\\\/www.yucatanencorto.com\\\/noticias\\\/el-mejor-regalo-nino-llora-al-recibir-foto-de-su-abuelito-fallecido\\\/#primaryimage\"},\"thumbnailUrl\":\"https:\\\/\\\/www.yucatanencorto.com\\\/noticias\\\/wp-content\\\/uploads\\\/2022\\\/08\\\/t_e8152a8753ff48df9910aaa77769c148_name_La_madre_de_familia_justifico__los_hechos_causados_a_la_maestra_por_llamar__burra__a_su_hija__4_.png\",\"datePublished\":\"2022-08-23T13:40:29+00:00\",\"breadcrumb\":{\"@id\":\"https:\\\/\\\/www.yucatanencorto.com\\\/noticias\\\/el-mejor-regalo-nino-llora-al-recibir-foto-de-su-abuelito-fallecido\\\/#breadcrumb\"},\"inLanguage\":\"es\",\"potentialAction\":[{\"@type\":\"ReadAction\",\"target\":[\"https:\\\/\\\/www.yucatanencorto.com\\\/noticias\\\/el-mejor-regalo-nino-llora-al-recibir-foto-de-su-abuelito-fallecido\\\/\"]}]},{\"@type\":\"ImageObject\",\"inLanguage\":\"es\",\"@id\":\"https:\\\/\\\/www.yucatanencorto.com\\\/noticias\\\/el-mejor-regalo-nino-llora-al-recibir-foto-de-su-abuelito-fallecido\\\/#primaryimage\",\"url\":\"https:\\\/\\\/www.yucatanencorto.com\\\/noticias\\\/wp-content\\\/uploads\\\/2022\\\/08\\\/t_e8152a8753ff48df9910aaa77769c148_name_La_madre_de_familia_justifico__los_hechos_causados_a_la_maestra_por_llamar__burra__a_su_hija__4_.png\",\"contentUrl\":\"https:\\\/\\\/www.yucatanencorto.com\\\/noticias\\\/wp-content\\\/uploads\\\/2022\\\/08\\\/t_e8152a8753ff48df9910aaa77769c148_name_La_madre_de_familia_justifico__los_hechos_causados_a_la_maestra_por_llamar__burra__a_su_hija__4_.png\",\"width\":768,\"height\":432},{\"@type\":\"BreadcrumbList\",\"@id\":\"https:\\\/\\\/www.yucatanencorto.com\\\/noticias\\\/el-mejor-regalo-nino-llora-al-recibir-foto-de-su-abuelito-fallecido\\\/#breadcrumb\",\"itemListElement\":[{\"@type\":\"ListItem\",\"position\":1,\"name\":\"Portada\",\"item\":\"https:\\\/\\\/www.yucatanencorto.com\\\/noticias\\\/\"},{\"@type\":\"ListItem\",\"position\":2,\"name\":\"\u00a1El mejor regalo! Ni\u00f1o llora al recibir foto de su abuelito fallecido\"}]},{\"@type\":\"WebSite\",\"@id\":\"https:\\\/\\\/www.yucatanencorto.com\\\/noticias\\\/#website\",\"url\":\"https:\\\/\\\/www.yucatanencorto.com\\\/noticias\\\/\",\"name\":\"Yucat\u00e1n en corto\",\"description\":\"Noticias\",\"publisher\":{\"@id\":\"https:\\\/\\\/www.yucatanencorto.com\\\/noticias\\\/#organization\"},\"potentialAction\":[{\"@type\":\"SearchAction\",\"target\":{\"@type\":\"EntryPoint\",\"urlTemplate\":\"https:\\\/\\\/www.yucatanencorto.com\\\/noticias\\\/?s={search_term_string}\"},\"query-input\":{\"@type\":\"PropertyValueSpecification\",\"valueRequired\":true,\"valueName\":\"search_term_string\"}}],\"inLanguage\":\"es\"},{\"@type\":\"Organization\",\"@id\":\"https:\\\/\\\/www.yucatanencorto.com\\\/noticias\\\/#organization\",\"name\":\"Yucat\u00e1n en corto\",\"url\":\"https:\\\/\\\/www.yucatanencorto.com\\\/noticias\\\/\",\"logo\":{\"@type\":\"ImageObject\",\"inLanguage\":\"es\",\"@id\":\"https:\\\/\\\/www.yucatanencorto.com\\\/noticias\\\/#\\\/schema\\\/logo\\\/image\\\/\",\"url\":\"https:\\\/\\\/www.yucatanencorto.com\\\/noticias\\\/wp-content\\\/uploads\\\/2026\\\/08\\\/Logo-web.png\",\"contentUrl\":\"https:\\\/\\\/www.yucatanencorto.com\\\/noticias\\\/wp-content\\\/uploads\\\/2026\\\/08\\\/Logo-web.png\",\"width\":272,\"height\":90,\"caption\":\"Yucat\u00e1n en corto\"},\"image\":{\"@id\":\"https:\\\/\\\/www.yucatanencorto.com\\\/noticias\\\/#\\\/schema\\\/logo\\\/image\\\/\"},\"sameAs\":[\"http:\\\/\\\/www.facebook.com\\\/yucatanencorto\",\"https:\\\/\\\/x.com\\\/yucatanencorto\"]},{\"@type\":\"Person\",\"@id\":\"https:\\\/\\\/www.yucatanencorto.com\\\/noticias\\\/#\\\/schema\\\/person\\\/14f82d355225a1f4075dd84a31f45a72\",\"name\":\"Yucat\u00e1n en Corto FC\",\"image\":{\"@type\":\"ImageObject\",\"inLanguage\":\"es\",\"@id\":\"https:\\\/\\\/secure.gravatar.com\\\/avatar\\\/147d4b30cd728c53c29c49a3f7834dedca33707f4cd259761355846009a88250?s=96&d=mm&r=g\",\"url\":\"https:\\\/\\\/secure.gravatar.com\\\/avatar\\\/147d4b30cd728c53c29c49a3f7834dedca33707f4cd259761355846009a88250?s=96&d=mm&r=g\",\"contentUrl\":\"https:\\\/\\\/secure.gravatar.com\\\/avatar\\\/147d4b30cd728c53c29c49a3f7834dedca33707f4cd259761355846009a88250?s=96&d=mm&r=g\",\"caption\":\"Yucat\u00e1n en Corto FC\"},\"url\":\"https:\\\/\\\/www.yucatanencorto.com\\\/noticias\\\/author\\\/flor\\\/\"}]}<\/script>\n<!-- \/ Yoast SEO plugin. -->","yoast_head_json":{"title":"\u00a1El mejor regalo! Ni\u00f1o llora al recibir foto de su abuelito fallecido - Yucat\u00e1n en corto","robots":{"index":"index","follow":"follow","max-snippet":"max-snippet:-1","max-image-preview":"max-image-preview:large","max-video-preview":"max-video-preview:-1"},"canonical":"https:\/\/www.yucatanencorto.com\/noticias\/el-mejor-regalo-nino-llora-al-recibir-foto-de-su-abuelito-fallecido\/","og_locale":"es_ES","og_type":"article","og_title":"\u00a1El mejor regalo! Ni\u00f1o llora al recibir foto de su abuelito fallecido - Yucat\u00e1n en corto","og_description":"Blanca Guti\u00e9rrez\u00a0se encarg\u00f3 de compartir, mediante redes sociales, el instante en que\u00a0su hijo celebraba su fiesta de cumplea\u00f1os.\u00a0En esta fecha, es muy com\u00fan la entrega de\u00a0regalos\u00a0para el festejado. Asimismo, se come\u00a0pastel\u00a0y la comida favorita de quien cumple una vuelta m\u00e1s al sol. As\u00ed fue la fiesta del peque\u00f1o, al momento de abrir uno de sus [&hellip;]","og_url":"https:\/\/www.yucatanencorto.com\/noticias\/el-mejor-regalo-nino-llora-al-recibir-foto-de-su-abuelito-fallecido\/","og_site_name":"Yucat\u00e1n en corto","article_publisher":"http:\/\/www.facebook.com\/yucatanencorto","article_published_time":"2022-08-23T13:40:29+00:00","og_image":[{"width":768,"height":432,"url":"https:\/\/www.yucatanencorto.com\/noticias\/wp-content\/uploads\/2022\/08\/t_e8152a8753ff48df9910aaa77769c148_name_La_madre_de_familia_justifico__los_hechos_causados_a_la_maestra_por_llamar__burra__a_su_hija__4_.png","type":"image\/png"}],"author":"Yucat\u00e1n en Corto FC","twitter_card":"summary_large_image","twitter_creator":"@yucatanencorto","twitter_site":"@yucatanencorto","twitter_misc":{"Escrito por":"Yucat\u00e1n en Corto FC","Tiempo de lectura":"1 minuto"},"schema":{"@context":"https:\/\/schema.org","@graph":[{"@type":"Article","@id":"https:\/\/www.yucatanencorto.com\/noticias\/el-mejor-regalo-nino-llora-al-recibir-foto-de-su-abuelito-fallecido\/#article","isPartOf":{"@id":"https:\/\/www.yucatanencorto.com\/noticias\/el-mejor-regalo-nino-llora-al-recibir-foto-de-su-abuelito-fallecido\/"},"author":{"name":"Yucat\u00e1n en Corto FC","@id":"https:\/\/www.yucatanencorto.com\/noticias\/#\/schema\/person\/14f82d355225a1f4075dd84a31f45a72"},"headline":"\u00a1El mejor regalo! Ni\u00f1o llora al recibir foto de su abuelito fallecido","datePublished":"2022-08-23T13:40:29+00:00","mainEntityOfPage":{"@id":"https:\/\/www.yucatanencorto.com\/noticias\/el-mejor-regalo-nino-llora-al-recibir-foto-de-su-abuelito-fallecido\/"},"wordCount":184,"publisher":{"@id":"https:\/\/www.yucatanencorto.com\/noticias\/#organization"},"image":{"@id":"https:\/\/www.yucatanencorto.com\/noticias\/el-mejor-regalo-nino-llora-al-recibir-foto-de-su-abuelito-fallecido\/#primaryimage"},"thumbnailUrl":"https:\/\/www.yucatanencorto.com\/noticias\/wp-content\/uploads\/2022\/08\/t_e8152a8753ff48df9910aaa77769c148_name_La_madre_de_familia_justifico__los_hechos_causados_a_la_maestra_por_llamar__burra__a_su_hija__4_.png","articleSection":["Viral y Asombroso"],"inLanguage":"es"},{"@type":"WebPage","@id":"https:\/\/www.yucatanencorto.com\/noticias\/el-mejor-regalo-nino-llora-al-recibir-foto-de-su-abuelito-fallecido\/","url":"https:\/\/www.yucatanencorto.com\/noticias\/el-mejor-regalo-nino-llora-al-recibir-foto-de-su-abuelito-fallecido\/","name":"\u00a1El mejor regalo! Ni\u00f1o llora al recibir foto de su abuelito fallecido - Yucat\u00e1n en corto","isPartOf":{"@id":"https:\/\/www.yucatanencorto.com\/noticias\/#website"},"primaryImageOfPage":{"@id":"https:\/\/www.yucatanencorto.com\/noticias\/el-mejor-regalo-nino-llora-al-recibir-foto-de-su-abuelito-fallecido\/#primaryimage"},"image":{"@id":"https:\/\/www.yucatanencorto.com\/noticias\/el-mejor-regalo-nino-llora-al-recibir-foto-de-su-abuelito-fallecido\/#primaryimage"},"thumbnailUrl":"https:\/\/www.yucatanencorto.com\/noticias\/wp-content\/uploads\/2022\/08\/t_e8152a8753ff48df9910aaa77769c148_name_La_madre_de_familia_justifico__los_hechos_causados_a_la_maestra_por_llamar__burra__a_su_hija__4_.png","datePublished":"2022-08-23T13:40:29+00:00","breadcrumb":{"@id":"https:\/\/www.yucatanencorto.com\/noticias\/el-mejor-regalo-nino-llora-al-recibir-foto-de-su-abuelito-fallecido\/#breadcrumb"},"inLanguage":"es","potentialAction":[{"@type":"ReadAction","target":["https:\/\/www.yucatanencorto.com\/noticias\/el-mejor-regalo-nino-llora-al-recibir-foto-de-su-abuelito-fallecido\/"]}]},{"@type":"ImageObject","inLanguage":"es","@id":"https:\/\/www.yucatanencorto.com\/noticias\/el-mejor-regalo-nino-llora-al-recibir-foto-de-su-abuelito-fallecido\/#primaryimage","url":"https:\/\/www.yucatanencorto.com\/noticias\/wp-content\/uploads\/2022\/08\/t_e8152a8753ff48df9910aaa77769c148_name_La_madre_de_familia_justifico__los_hechos_causados_a_la_maestra_por_llamar__burra__a_su_hija__4_.png","contentUrl":"https:\/\/www.yucatanencorto.com\/noticias\/wp-content\/uploads\/2022\/08\/t_e8152a8753ff48df9910aaa77769c148_name_La_madre_de_familia_justifico__los_hechos_causados_a_la_maestra_por_llamar__burra__a_su_hija__4_.png","width":768,"height":432},{"@type":"BreadcrumbList","@id":"https:\/\/www.yucatanencorto.com\/noticias\/el-mejor-regalo-nino-llora-al-recibir-foto-de-su-abuelito-fallecido\/#breadcrumb","itemListElement":[{"@type":"ListItem","position":1,"name":"Portada","item":"https:\/\/www.yucatanencorto.com\/noticias\/"},{"@type":"ListItem","position":2,"name":"\u00a1El mejor regalo! Ni\u00f1o llora al recibir foto de su abuelito fallecido"}]},{"@type":"WebSite","@id":"https:\/\/www.yucatanencorto.com\/noticias\/#website","url":"https:\/\/www.yucatanencorto.com\/noticias\/","name":"Yucat\u00e1n en corto","description":"Noticias","publisher":{"@id":"https:\/\/www.yucatanencorto.com\/noticias\/#organization"},"potentialAction":[{"@type":"SearchAction","target":{"@type":"EntryPoint","urlTemplate":"https:\/\/www.yucatanencorto.com\/noticias\/?s={search_term_string}"},"query-input":{"@type":"PropertyValueSpecification","valueRequired":true,"valueName":"search_term_string"}}],"inLanguage":"es"},{"@type":"Organization","@id":"https:\/\/www.yucatanencorto.com\/noticias\/#organization","name":"Yucat\u00e1n en corto","url":"https:\/\/www.yucatanencorto.com\/noticias\/","logo":{"@type":"ImageObject","inLanguage":"es","@id":"https:\/\/www.yucatanencorto.com\/noticias\/#\/schema\/logo\/image\/","url":"https:\/\/www.yucatanencorto.com\/noticias\/wp-content\/uploads\/2026\/08\/Logo-web.png","contentUrl":"https:\/\/www.yucatanencorto.com\/noticias\/wp-content\/uploads\/2026\/08\/Logo-web.png","width":272,"height":90,"caption":"Yucat\u00e1n en corto"},"image":{"@id":"https:\/\/www.yucatanencorto.com\/noticias\/#\/schema\/logo\/image\/"},"sameAs":["http:\/\/www.facebook.com\/yucatanencorto","https:\/\/x.com\/yucatanencorto"]},{"@type":"Person","@id":"https:\/\/www.yucatanencorto.com\/noticias\/#\/schema\/person\/14f82d355225a1f4075dd84a31f45a72","name":"Yucat\u00e1n en Corto FC","image":{"@type":"ImageObject","inLanguage":"es","@id":"https:\/\/secure.gravatar.com\/avatar\/147d4b30cd728c53c29c49a3f7834dedca33707f4cd259761355846009a88250?s=96&d=mm&r=g","url":"https:\/\/secure.gravatar.com\/avatar\/147d4b30cd728c53c29c49a3f7834dedca33707f4cd259761355846009a88250?s=96&d=mm&r=g","contentUrl":"https:\/\/secure.gravatar.com\/avatar\/147d4b30cd728c53c29c49a3f7834dedca33707f4cd259761355846009a88250?s=96&d=mm&r=g","caption":"Yucat\u00e1n en Corto FC"},"url":"https:\/\/www.yucatanencorto.com\/noticias\/author\/flor\/"}]}},"_links":{"self":[{"href":"https:\/\/www.yucatanencorto.com\/noticias\/wp-json\/wp\/v2\/posts\/92842","targetHints":{"allow":["GET"]}}],"collection":[{"href":"https:\/\/www.yucatanencorto.com\/noticias\/wp-json\/wp\/v2\/posts"}],"about":[{"href":"https:\/\/www.yucatanencorto.com\/noticias\/wp-json\/wp\/v2\/types\/post"}],"author":[{"embeddable":true,"href":"https:\/\/www.yucatanencorto.com\/noticias\/wp-json\/wp\/v2\/users\/2"}],"replies":[{"embeddable":true,"href":"https:\/\/www.yucatanencorto.com\/noticias\/wp-json\/wp\/v2\/comments?post=92842"}],"version-history":[{"count":0,"href":"https:\/\/www.yucatanencorto.com\/noticias\/wp-json\/wp\/v2\/posts\/92842\/revisions"}],"wp:featuredmedia":[{"embeddable":true,"href":"https:\/\/www.yucatanencorto.com\/noticias\/wp-json\/wp\/v2\/media\/92843"}],"wp:attachment":[{"href":"https:\/\/www.yucatanencorto.com\/noticias\/wp-json\/wp\/v2\/media?parent=92842"}],"wp:term":[{"taxonomy":"category","embeddable":true,"href":"https:\/\/www.yucatanencorto.com\/noticias\/wp-json\/wp\/v2\/categories?post=92842"},{"taxonomy":"post_tag","embeddable":true,"href":"https:\/\/www.yucatanencorto.com\/noticias\/wp-json\/wp\/v2\/tags?post=92842"}],"curies":[{"name":"wp","href":"https:\/\/api.w.org\/{rel}","templated":true}]}}