{"id":93792,"date":"2022-10-05T09:15:39","date_gmt":"2022-10-05T14:15:39","guid":{"rendered":"https:\/\/www.yucatanencorto.com\/noticias\/?p=93792"},"modified":"2022-10-05T09:15:39","modified_gmt":"2022-10-05T14:15:39","slug":"sobrino-de-ricky-martin-asegura-que-el-cantante-abuso-de-el-cuando-tenia-11-anos","status":"publish","type":"post","link":"https:\/\/www.yucatanencorto.com\/noticias\/sobrino-de-ricky-martin-asegura-que-el-cantante-abuso-de-el-cuando-tenia-11-anos\/","title":{"rendered":"Sobrino de Ricky Martin asegura que el cantante abus\u00f3 de \u00e9l cuando ten\u00eda 11 a\u00f1os"},"content":{"rendered":"<h3 data-t=\"{&quot;n&quot;:&quot;blueLinks&quot;}\"><img loading=\"lazy\" decoding=\"async\" class=\"alignnone size-full wp-image-93793\" src=\"https:\/\/www.yucatanencorto.com\/noticias\/wp-content\/uploads\/2022\/10\/AA12Cted.jpg\" alt=\"\" width=\"768\" height=\"512\" srcset=\"https:\/\/www.yucatanencorto.com\/noticias\/wp-content\/uploads\/2022\/10\/AA12Cted.jpg 768w, https:\/\/www.yucatanencorto.com\/noticias\/wp-content\/uploads\/2022\/10\/AA12Cted-696x464.jpg 696w, https:\/\/www.yucatanencorto.com\/noticias\/wp-content\/uploads\/2022\/10\/AA12Cted-630x420.jpg 630w\" sizes=\"auto, (max-width: 768px) 100vw, 768px\" \/><\/h3>\n<h3 data-t=\"{&quot;n&quot;:&quot;blueLinks&quot;}\">Denis S\u00e1nchez, sobrino del cantante puertorrique\u00f1o Ricky Martin, asegur\u00f3 que\u00a0<strong>\u00e9ste abus\u00f3 de \u00e9l en el a\u00f1o 2012, cuando ten\u00eda once a\u00f1os de edad.<\/strong><\/h3>\n<h3 data-t=\"{&quot;n&quot;:&quot;blueLinks&quot;}\">Lo anterior se desprende de la demanda que present\u00f3 en contra del int\u00e9rprete en una corte de Puerto Rico, en la que se\u00f1al\u00f3 que\u00a0<strong>los hechos tuvieron lugar en Nueva York<\/strong>, tras la funci\u00f3n de la obra teatral \u2018Evita\u2019, en la que particip\u00f3 Martin.<\/h3>\n<h3 data-t=\"{&quot;n&quot;:&quot;blueLinks&quot;}\">Medios boricuas dieron a conocer detalles de la demanda, presentada el pasado 9 de septiembre, un d\u00eda despu\u00e9s de que la justicia de la isla<strong>\u00a0concediera al cantante una orden de restricci\u00f3n contra su sobrino,<\/strong>\u00a0por considerar que \u00e9ste y su familia corren riesgos ante las actuaciones de S\u00e1nchez.<\/h3>\n<h3 data-t=\"{&quot;n&quot;:&quot;blueLinks&quot;}\">El abogado del cantante, Jos\u00e9 Andreu Fuentes, rechaz\u00f3 las \u201cfalas y alocadas\u201d acusaciones y apunt\u00f3 que los se\u00f1alamientos contradicen una declaraci\u00f3n anterior que ofreci\u00f3 bajo juramento, adem\u00e1s de que\u00a0<strong>achac\u00f3 las denuncias a la condici\u00f3n mental del joven de 21 a\u00f1os.<\/strong><\/h3>\n<h3 data-t=\"{&quot;n&quot;:&quot;blueLinks&quot;}\"><strong>El pr\u00f3ximo 10 de noviembre tendr\u00e1 lugar la audiencia<\/strong>\u00a0de la orden de protecci\u00f3n concedida a Martin el pasado 8 de septiembre, tras posponerse en dos ocasiones. Incluso, pidi\u00f3 que se env\u00ede al joven a un hospital psiqui\u00e1trico para que sea atendido.<\/h3>\n<h3 class=\"continue-read-break\" data-t=\"{&quot;n&quot;:&quot;blueLinks&quot;}\">La denuncia por agresi\u00f3n sexual contra Ricky Martin ocurri\u00f3\u00a0<strong>luego de que el cantante demandara su sobrino por 20 millones de d\u00f3lares,<\/strong>\u00a0debido a los se\u00f1alamientos que calific\u00f3 como falsos.<\/h3>\n<h3 data-t=\"{&quot;n&quot;:&quot;blueLinks&quot;}\">El Tribunal de Primera Instancia de San Juan de Puerto Rico decidi\u00f3 conceder la orden al int\u00e9rprete de 50 a\u00f1os. Martin sostiene que su sobrino ha mostrado \u201cun patr\u00f3n de conducta consistente en amenazas, persecuci\u00f3n u hostigamiento\u201d y present\u00f3 como prueba los\u00a0<strong>diez mensajes diarios que le enviaba, mismos que valid\u00f3 el tribunal.<\/strong><\/h3>\n<h3 data-t=\"{&quot;n&quot;:&quot;blueLinks&quot;}\">El Tribunal de Primera Instancia de San Juan de Puerto Rico decidi\u00f3 conceder la orden al int\u00e9rprete de 50 a\u00f1os. Martin sostiene que su sobrino ha mostrado \u201cun patr\u00f3n de conducta consistente en amenazas, persecuci\u00f3n u hostigamiento\u201d y present\u00f3 como prueba los\u00a0<strong>diez mensajes diarios que le enviaba, mismos que valid\u00f3 el tribunal.<\/strong><\/h3>\n<h3 data-t=\"{&quot;n&quot;:&quot;blueLinks&quot;}\">El domingo, el abogado de Ricky Martin, Jos\u00e9 Andreu Fuentes, rechaz\u00f3 la acusaci\u00f3n de agresi\u00f3n sexual presentada por S\u00e1nchez Martin y dijo que se trata de<strong>\u00a0se\u00f1alamientos hechos en el marco de un patr\u00f3n de caso contra el cantante.<\/strong><\/h3>\n<h3 data-t=\"{&quot;n&quot;:&quot;blueLinks&quot;}\">\u201cEstas acusaciones son parte de un patr\u00f3n de acoso se dan en reacci\u00f3n al reclamo del artista para que se reivindique su nombre ante las falsas alegaciones en su contra.\u00a0<strong>Estas afirmaciones son tremendamente ofensivas y completamente falsas y desvinculadas de la realidad\u201d,<\/strong>\u00a0asegur\u00f3 en un comunicado de prensa.<\/h3>\n<p class=\"wp-caption-text\" data-t=\"{&quot;n&quot;:&quot;blueLinks&quot;}\">Martin demand\u00f3 a su sobrino en una corte de San Juan de Puerto Rico, ya que se\u00f1al\u00f3 que un mes despu\u00e9s de que \u00e9ste retir\u00f3 la orden de alejamiento en su contra, comenz\u00f3 a enviarle mensajes a trav\u00e9s de<em>\u00a0Instagram<\/em>, amenaz\u00e1ndole con\u00a0<strong>\u201casesinar su reputaci\u00f3n e integridad\u201d si no le daba dinero.<\/strong><\/p>\n<h3 data-t=\"{&quot;n&quot;:&quot;blueLinks&quot;}\">A medidos de julio, una jueza de Puerto Rico\u00a0<strong>levant\u00f3 la orden de restricci\u00f3n que pesaba contra Enrique Mart\u00edn Morales,<\/strong>\u00a0nombre real del cantante, luego de que su sobrino retirara la demanda en su contra.<\/h3>\n<h3 data-t=\"{&quot;n&quot;:&quot;blueLinks&quot;}\"><strong>\u201cLa verdad prevalece\u201d,<\/strong>\u00a0celebr\u00f3 entonces el puertorrique\u00f1o en una publicaci\u00f3n en sus redes sociales.<\/h3>\n<h3 data-t=\"{&quot;n&quot;:&quot;blueLinks&quot;}\">Ricky comparti\u00f3 un documento en el que se lee la decisi\u00f3n de la jueza y se asegura que en todo momento, tanto \u00e9l como su equipo legal, \u201cinsistieron en que<strong>\u00a0no hab\u00eda veracidad en las alegaciones hechas contra \u00e9l,<\/strong>\u00a0confianza que qued\u00f3 confirmada con el resultado de la audiencia de hoy\u201d.<\/h3>\n","protected":false},"excerpt":{"rendered":"<p>Denis S\u00e1nchez, sobrino del cantante puertorrique\u00f1o Ricky Martin, asegur\u00f3 que\u00a0\u00e9ste abus\u00f3 de \u00e9l en el a\u00f1o 2012, cuando ten\u00eda once a\u00f1os de edad. Lo anterior se desprende de la demanda que present\u00f3 en contra del int\u00e9rprete en una corte de Puerto Rico, en la que se\u00f1al\u00f3 que\u00a0los hechos tuvieron lugar en Nueva York, tras la [&hellip;]<\/p>\n","protected":false},"author":2,"featured_media":93793,"comment_status":"closed","ping_status":"closed","sticky":false,"template":"","format":"standard","meta":{"footnotes":""},"categories":[9],"tags":[],"class_list":{"0":"post-93792","1":"post","2":"type-post","3":"status-publish","4":"format-standard","5":"has-post-thumbnail","7":"category-sociedad-y-espectaculos"},"yoast_head":"<!-- This site is optimized with the Yoast SEO plugin v27.5 - https:\/\/yoast.com\/product\/yoast-seo-wordpress\/ -->\n<title>Sobrino de Ricky Martin asegura que el cantante abus\u00f3 de \u00e9l cuando ten\u00eda 11 a\u00f1os - Yucat\u00e1n en corto<\/title>\n<meta name=\"robots\" content=\"index, follow, max-snippet:-1, max-image-preview:large, max-video-preview:-1\" \/>\n<link rel=\"canonical\" href=\"https:\/\/www.yucatanencorto.com\/noticias\/sobrino-de-ricky-martin-asegura-que-el-cantante-abuso-de-el-cuando-tenia-11-anos\/\" \/>\n<meta property=\"og:locale\" content=\"es_ES\" \/>\n<meta property=\"og:type\" content=\"article\" \/>\n<meta property=\"og:title\" content=\"Sobrino de Ricky Martin asegura que el cantante abus\u00f3 de \u00e9l cuando ten\u00eda 11 a\u00f1os - Yucat\u00e1n en corto\" \/>\n<meta property=\"og:description\" content=\"Denis S\u00e1nchez, sobrino del cantante puertorrique\u00f1o Ricky Martin, asegur\u00f3 que\u00a0\u00e9ste abus\u00f3 de \u00e9l en el a\u00f1o 2012, cuando ten\u00eda once a\u00f1os de edad. Lo anterior se desprende de la demanda que present\u00f3 en contra del int\u00e9rprete en una corte de Puerto Rico, en la que se\u00f1al\u00f3 que\u00a0los hechos tuvieron lugar en Nueva York, tras la [&hellip;]\" \/>\n<meta property=\"og:url\" content=\"https:\/\/www.yucatanencorto.com\/noticias\/sobrino-de-ricky-martin-asegura-que-el-cantante-abuso-de-el-cuando-tenia-11-anos\/\" \/>\n<meta property=\"og:site_name\" content=\"Yucat\u00e1n en corto\" \/>\n<meta property=\"article:publisher\" content=\"http:\/\/www.facebook.com\/yucatanencorto\" \/>\n<meta property=\"article:published_time\" content=\"2022-10-05T14:15:39+00:00\" \/>\n<meta property=\"og:image\" content=\"https:\/\/www.yucatanencorto.com\/noticias\/wp-content\/uploads\/2022\/10\/AA12Cted.jpg\" \/>\n\t<meta property=\"og:image:width\" content=\"768\" \/>\n\t<meta property=\"og:image:height\" content=\"512\" \/>\n\t<meta property=\"og:image:type\" content=\"image\/jpeg\" \/>\n<meta name=\"author\" content=\"Yucat\u00e1n en Corto FC\" \/>\n<meta name=\"twitter:card\" content=\"summary_large_image\" \/>\n<meta name=\"twitter:creator\" content=\"@yucatanencorto\" \/>\n<meta name=\"twitter:site\" content=\"@yucatanencorto\" \/>\n<meta name=\"twitter:label1\" content=\"Escrito por\" \/>\n\t<meta name=\"twitter:data1\" content=\"Yucat\u00e1n en Corto FC\" \/>\n\t<meta name=\"twitter:label2\" content=\"Tiempo de lectura\" \/>\n\t<meta name=\"twitter:data2\" content=\"3 minutos\" \/>\n<script type=\"application\/ld+json\" class=\"yoast-schema-graph\">{\"@context\":\"https:\\\/\\\/schema.org\",\"@graph\":[{\"@type\":\"Article\",\"@id\":\"https:\\\/\\\/www.yucatanencorto.com\\\/noticias\\\/sobrino-de-ricky-martin-asegura-que-el-cantante-abuso-de-el-cuando-tenia-11-anos\\\/#article\",\"isPartOf\":{\"@id\":\"https:\\\/\\\/www.yucatanencorto.com\\\/noticias\\\/sobrino-de-ricky-martin-asegura-que-el-cantante-abuso-de-el-cuando-tenia-11-anos\\\/\"},\"author\":{\"name\":\"Yucat\u00e1n en Corto FC\",\"@id\":\"https:\\\/\\\/www.yucatanencorto.com\\\/noticias\\\/#\\\/schema\\\/person\\\/14f82d355225a1f4075dd84a31f45a72\"},\"headline\":\"Sobrino de Ricky Martin asegura que el cantante abus\u00f3 de \u00e9l cuando ten\u00eda 11 a\u00f1os\",\"datePublished\":\"2022-10-05T14:15:39+00:00\",\"mainEntityOfPage\":{\"@id\":\"https:\\\/\\\/www.yucatanencorto.com\\\/noticias\\\/sobrino-de-ricky-martin-asegura-que-el-cantante-abuso-de-el-cuando-tenia-11-anos\\\/\"},\"wordCount\":634,\"image\":{\"@id\":\"https:\\\/\\\/www.yucatanencorto.com\\\/noticias\\\/sobrino-de-ricky-martin-asegura-que-el-cantante-abuso-de-el-cuando-tenia-11-anos\\\/#primaryimage\"},\"thumbnailUrl\":\"https:\\\/\\\/www.yucatanencorto.com\\\/noticias\\\/wp-content\\\/uploads\\\/2022\\\/10\\\/AA12Cted.jpg\",\"articleSection\":[\"Sociedad y Espect\u00e1culos\"],\"inLanguage\":\"es\"},{\"@type\":\"WebPage\",\"@id\":\"https:\\\/\\\/www.yucatanencorto.com\\\/noticias\\\/sobrino-de-ricky-martin-asegura-que-el-cantante-abuso-de-el-cuando-tenia-11-anos\\\/\",\"url\":\"https:\\\/\\\/www.yucatanencorto.com\\\/noticias\\\/sobrino-de-ricky-martin-asegura-que-el-cantante-abuso-de-el-cuando-tenia-11-anos\\\/\",\"name\":\"Sobrino de Ricky Martin asegura que el cantante abus\u00f3 de \u00e9l cuando ten\u00eda 11 a\u00f1os - Yucat\u00e1n en corto\",\"isPartOf\":{\"@id\":\"https:\\\/\\\/www.yucatanencorto.com\\\/noticias\\\/#website\"},\"primaryImageOfPage\":{\"@id\":\"https:\\\/\\\/www.yucatanencorto.com\\\/noticias\\\/sobrino-de-ricky-martin-asegura-que-el-cantante-abuso-de-el-cuando-tenia-11-anos\\\/#primaryimage\"},\"image\":{\"@id\":\"https:\\\/\\\/www.yucatanencorto.com\\\/noticias\\\/sobrino-de-ricky-martin-asegura-que-el-cantante-abuso-de-el-cuando-tenia-11-anos\\\/#primaryimage\"},\"thumbnailUrl\":\"https:\\\/\\\/www.yucatanencorto.com\\\/noticias\\\/wp-content\\\/uploads\\\/2022\\\/10\\\/AA12Cted.jpg\",\"datePublished\":\"2022-10-05T14:15:39+00:00\",\"author\":{\"@id\":\"https:\\\/\\\/www.yucatanencorto.com\\\/noticias\\\/#\\\/schema\\\/person\\\/14f82d355225a1f4075dd84a31f45a72\"},\"breadcrumb\":{\"@id\":\"https:\\\/\\\/www.yucatanencorto.com\\\/noticias\\\/sobrino-de-ricky-martin-asegura-que-el-cantante-abuso-de-el-cuando-tenia-11-anos\\\/#breadcrumb\"},\"inLanguage\":\"es\",\"potentialAction\":[{\"@type\":\"ReadAction\",\"target\":[\"https:\\\/\\\/www.yucatanencorto.com\\\/noticias\\\/sobrino-de-ricky-martin-asegura-que-el-cantante-abuso-de-el-cuando-tenia-11-anos\\\/\"]}]},{\"@type\":\"ImageObject\",\"inLanguage\":\"es\",\"@id\":\"https:\\\/\\\/www.yucatanencorto.com\\\/noticias\\\/sobrino-de-ricky-martin-asegura-que-el-cantante-abuso-de-el-cuando-tenia-11-anos\\\/#primaryimage\",\"url\":\"https:\\\/\\\/www.yucatanencorto.com\\\/noticias\\\/wp-content\\\/uploads\\\/2022\\\/10\\\/AA12Cted.jpg\",\"contentUrl\":\"https:\\\/\\\/www.yucatanencorto.com\\\/noticias\\\/wp-content\\\/uploads\\\/2022\\\/10\\\/AA12Cted.jpg\",\"width\":768,\"height\":512},{\"@type\":\"BreadcrumbList\",\"@id\":\"https:\\\/\\\/www.yucatanencorto.com\\\/noticias\\\/sobrino-de-ricky-martin-asegura-que-el-cantante-abuso-de-el-cuando-tenia-11-anos\\\/#breadcrumb\",\"itemListElement\":[{\"@type\":\"ListItem\",\"position\":1,\"name\":\"Portada\",\"item\":\"https:\\\/\\\/www.yucatanencorto.com\\\/noticias\\\/\"},{\"@type\":\"ListItem\",\"position\":2,\"name\":\"Sobrino de Ricky Martin asegura que el cantante abus\u00f3 de \u00e9l cuando ten\u00eda 11 a\u00f1os\"}]},{\"@type\":\"WebSite\",\"@id\":\"https:\\\/\\\/www.yucatanencorto.com\\\/noticias\\\/#website\",\"url\":\"https:\\\/\\\/www.yucatanencorto.com\\\/noticias\\\/\",\"name\":\"Yucat\u00e1n en corto\",\"description\":\"Noticias\",\"potentialAction\":[{\"@type\":\"SearchAction\",\"target\":{\"@type\":\"EntryPoint\",\"urlTemplate\":\"https:\\\/\\\/www.yucatanencorto.com\\\/noticias\\\/?s={search_term_string}\"},\"query-input\":{\"@type\":\"PropertyValueSpecification\",\"valueRequired\":true,\"valueName\":\"search_term_string\"}}],\"inLanguage\":\"es\"},{\"@type\":\"Person\",\"@id\":\"https:\\\/\\\/www.yucatanencorto.com\\\/noticias\\\/#\\\/schema\\\/person\\\/14f82d355225a1f4075dd84a31f45a72\",\"name\":\"Yucat\u00e1n en Corto FC\",\"image\":{\"@type\":\"ImageObject\",\"inLanguage\":\"es\",\"@id\":\"https:\\\/\\\/secure.gravatar.com\\\/avatar\\\/147d4b30cd728c53c29c49a3f7834dedca33707f4cd259761355846009a88250?s=96&d=mm&r=g\",\"url\":\"https:\\\/\\\/secure.gravatar.com\\\/avatar\\\/147d4b30cd728c53c29c49a3f7834dedca33707f4cd259761355846009a88250?s=96&d=mm&r=g\",\"contentUrl\":\"https:\\\/\\\/secure.gravatar.com\\\/avatar\\\/147d4b30cd728c53c29c49a3f7834dedca33707f4cd259761355846009a88250?s=96&d=mm&r=g\",\"caption\":\"Yucat\u00e1n en Corto FC\"},\"url\":\"https:\\\/\\\/www.yucatanencorto.com\\\/noticias\\\/author\\\/flor\\\/\"}]}<\/script>\n<!-- \/ Yoast SEO plugin. -->","yoast_head_json":{"title":"Sobrino de Ricky Martin asegura que el cantante abus\u00f3 de \u00e9l cuando ten\u00eda 11 a\u00f1os - Yucat\u00e1n en corto","robots":{"index":"index","follow":"follow","max-snippet":"max-snippet:-1","max-image-preview":"max-image-preview:large","max-video-preview":"max-video-preview:-1"},"canonical":"https:\/\/www.yucatanencorto.com\/noticias\/sobrino-de-ricky-martin-asegura-que-el-cantante-abuso-de-el-cuando-tenia-11-anos\/","og_locale":"es_ES","og_type":"article","og_title":"Sobrino de Ricky Martin asegura que el cantante abus\u00f3 de \u00e9l cuando ten\u00eda 11 a\u00f1os - Yucat\u00e1n en corto","og_description":"Denis S\u00e1nchez, sobrino del cantante puertorrique\u00f1o Ricky Martin, asegur\u00f3 que\u00a0\u00e9ste abus\u00f3 de \u00e9l en el a\u00f1o 2012, cuando ten\u00eda once a\u00f1os de edad. Lo anterior se desprende de la demanda que present\u00f3 en contra del int\u00e9rprete en una corte de Puerto Rico, en la que se\u00f1al\u00f3 que\u00a0los hechos tuvieron lugar en Nueva York, tras la [&hellip;]","og_url":"https:\/\/www.yucatanencorto.com\/noticias\/sobrino-de-ricky-martin-asegura-que-el-cantante-abuso-de-el-cuando-tenia-11-anos\/","og_site_name":"Yucat\u00e1n en corto","article_publisher":"http:\/\/www.facebook.com\/yucatanencorto","article_published_time":"2022-10-05T14:15:39+00:00","og_image":[{"width":768,"height":512,"url":"https:\/\/www.yucatanencorto.com\/noticias\/wp-content\/uploads\/2022\/10\/AA12Cted.jpg","type":"image\/jpeg"}],"author":"Yucat\u00e1n en Corto FC","twitter_card":"summary_large_image","twitter_creator":"@yucatanencorto","twitter_site":"@yucatanencorto","twitter_misc":{"Escrito por":"Yucat\u00e1n en Corto FC","Tiempo de lectura":"3 minutos"},"schema":{"@context":"https:\/\/schema.org","@graph":[{"@type":"Article","@id":"https:\/\/www.yucatanencorto.com\/noticias\/sobrino-de-ricky-martin-asegura-que-el-cantante-abuso-de-el-cuando-tenia-11-anos\/#article","isPartOf":{"@id":"https:\/\/www.yucatanencorto.com\/noticias\/sobrino-de-ricky-martin-asegura-que-el-cantante-abuso-de-el-cuando-tenia-11-anos\/"},"author":{"name":"Yucat\u00e1n en Corto FC","@id":"https:\/\/www.yucatanencorto.com\/noticias\/#\/schema\/person\/14f82d355225a1f4075dd84a31f45a72"},"headline":"Sobrino de Ricky Martin asegura que el cantante abus\u00f3 de \u00e9l cuando ten\u00eda 11 a\u00f1os","datePublished":"2022-10-05T14:15:39+00:00","mainEntityOfPage":{"@id":"https:\/\/www.yucatanencorto.com\/noticias\/sobrino-de-ricky-martin-asegura-que-el-cantante-abuso-de-el-cuando-tenia-11-anos\/"},"wordCount":634,"image":{"@id":"https:\/\/www.yucatanencorto.com\/noticias\/sobrino-de-ricky-martin-asegura-que-el-cantante-abuso-de-el-cuando-tenia-11-anos\/#primaryimage"},"thumbnailUrl":"https:\/\/www.yucatanencorto.com\/noticias\/wp-content\/uploads\/2022\/10\/AA12Cted.jpg","articleSection":["Sociedad y Espect\u00e1culos"],"inLanguage":"es"},{"@type":"WebPage","@id":"https:\/\/www.yucatanencorto.com\/noticias\/sobrino-de-ricky-martin-asegura-que-el-cantante-abuso-de-el-cuando-tenia-11-anos\/","url":"https:\/\/www.yucatanencorto.com\/noticias\/sobrino-de-ricky-martin-asegura-que-el-cantante-abuso-de-el-cuando-tenia-11-anos\/","name":"Sobrino de Ricky Martin asegura que el cantante abus\u00f3 de \u00e9l cuando ten\u00eda 11 a\u00f1os - Yucat\u00e1n en corto","isPartOf":{"@id":"https:\/\/www.yucatanencorto.com\/noticias\/#website"},"primaryImageOfPage":{"@id":"https:\/\/www.yucatanencorto.com\/noticias\/sobrino-de-ricky-martin-asegura-que-el-cantante-abuso-de-el-cuando-tenia-11-anos\/#primaryimage"},"image":{"@id":"https:\/\/www.yucatanencorto.com\/noticias\/sobrino-de-ricky-martin-asegura-que-el-cantante-abuso-de-el-cuando-tenia-11-anos\/#primaryimage"},"thumbnailUrl":"https:\/\/www.yucatanencorto.com\/noticias\/wp-content\/uploads\/2022\/10\/AA12Cted.jpg","datePublished":"2022-10-05T14:15:39+00:00","author":{"@id":"https:\/\/www.yucatanencorto.com\/noticias\/#\/schema\/person\/14f82d355225a1f4075dd84a31f45a72"},"breadcrumb":{"@id":"https:\/\/www.yucatanencorto.com\/noticias\/sobrino-de-ricky-martin-asegura-que-el-cantante-abuso-de-el-cuando-tenia-11-anos\/#breadcrumb"},"inLanguage":"es","potentialAction":[{"@type":"ReadAction","target":["https:\/\/www.yucatanencorto.com\/noticias\/sobrino-de-ricky-martin-asegura-que-el-cantante-abuso-de-el-cuando-tenia-11-anos\/"]}]},{"@type":"ImageObject","inLanguage":"es","@id":"https:\/\/www.yucatanencorto.com\/noticias\/sobrino-de-ricky-martin-asegura-que-el-cantante-abuso-de-el-cuando-tenia-11-anos\/#primaryimage","url":"https:\/\/www.yucatanencorto.com\/noticias\/wp-content\/uploads\/2022\/10\/AA12Cted.jpg","contentUrl":"https:\/\/www.yucatanencorto.com\/noticias\/wp-content\/uploads\/2022\/10\/AA12Cted.jpg","width":768,"height":512},{"@type":"BreadcrumbList","@id":"https:\/\/www.yucatanencorto.com\/noticias\/sobrino-de-ricky-martin-asegura-que-el-cantante-abuso-de-el-cuando-tenia-11-anos\/#breadcrumb","itemListElement":[{"@type":"ListItem","position":1,"name":"Portada","item":"https:\/\/www.yucatanencorto.com\/noticias\/"},{"@type":"ListItem","position":2,"name":"Sobrino de Ricky Martin asegura que el cantante abus\u00f3 de \u00e9l cuando ten\u00eda 11 a\u00f1os"}]},{"@type":"WebSite","@id":"https:\/\/www.yucatanencorto.com\/noticias\/#website","url":"https:\/\/www.yucatanencorto.com\/noticias\/","name":"Yucat\u00e1n en corto","description":"Noticias","potentialAction":[{"@type":"SearchAction","target":{"@type":"EntryPoint","urlTemplate":"https:\/\/www.yucatanencorto.com\/noticias\/?s={search_term_string}"},"query-input":{"@type":"PropertyValueSpecification","valueRequired":true,"valueName":"search_term_string"}}],"inLanguage":"es"},{"@type":"Person","@id":"https:\/\/www.yucatanencorto.com\/noticias\/#\/schema\/person\/14f82d355225a1f4075dd84a31f45a72","name":"Yucat\u00e1n en Corto FC","image":{"@type":"ImageObject","inLanguage":"es","@id":"https:\/\/secure.gravatar.com\/avatar\/147d4b30cd728c53c29c49a3f7834dedca33707f4cd259761355846009a88250?s=96&d=mm&r=g","url":"https:\/\/secure.gravatar.com\/avatar\/147d4b30cd728c53c29c49a3f7834dedca33707f4cd259761355846009a88250?s=96&d=mm&r=g","contentUrl":"https:\/\/secure.gravatar.com\/avatar\/147d4b30cd728c53c29c49a3f7834dedca33707f4cd259761355846009a88250?s=96&d=mm&r=g","caption":"Yucat\u00e1n en Corto FC"},"url":"https:\/\/www.yucatanencorto.com\/noticias\/author\/flor\/"}]}},"_links":{"self":[{"href":"https:\/\/www.yucatanencorto.com\/noticias\/wp-json\/wp\/v2\/posts\/93792","targetHints":{"allow":["GET"]}}],"collection":[{"href":"https:\/\/www.yucatanencorto.com\/noticias\/wp-json\/wp\/v2\/posts"}],"about":[{"href":"https:\/\/www.yucatanencorto.com\/noticias\/wp-json\/wp\/v2\/types\/post"}],"author":[{"embeddable":true,"href":"https:\/\/www.yucatanencorto.com\/noticias\/wp-json\/wp\/v2\/users\/2"}],"replies":[{"embeddable":true,"href":"https:\/\/www.yucatanencorto.com\/noticias\/wp-json\/wp\/v2\/comments?post=93792"}],"version-history":[{"count":0,"href":"https:\/\/www.yucatanencorto.com\/noticias\/wp-json\/wp\/v2\/posts\/93792\/revisions"}],"wp:featuredmedia":[{"embeddable":true,"href":"https:\/\/www.yucatanencorto.com\/noticias\/wp-json\/wp\/v2\/media\/93793"}],"wp:attachment":[{"href":"https:\/\/www.yucatanencorto.com\/noticias\/wp-json\/wp\/v2\/media?parent=93792"}],"wp:term":[{"taxonomy":"category","embeddable":true,"href":"https:\/\/www.yucatanencorto.com\/noticias\/wp-json\/wp\/v2\/categories?post=93792"},{"taxonomy":"post_tag","embeddable":true,"href":"https:\/\/www.yucatanencorto.com\/noticias\/wp-json\/wp\/v2\/tags?post=93792"}],"curies":[{"name":"wp","href":"https:\/\/api.w.org\/{rel}","templated":true}]}}