{"id":93800,"date":"2022-10-05T11:50:25","date_gmt":"2022-10-05T16:50:25","guid":{"rendered":"https:\/\/www.yucatanencorto.com\/noticias\/?p=93800"},"modified":"2022-10-05T11:50:25","modified_gmt":"2022-10-05T16:50:25","slug":"miguel-bose-es-hospitalizado-en-mexico-entro-a-cirugia-de-emergencia","status":"publish","type":"post","link":"https:\/\/www.yucatanencorto.com\/noticias\/miguel-bose-es-hospitalizado-en-mexico-entro-a-cirugia-de-emergencia\/","title":{"rendered":"Miguel Bos\u00e9 es hospitalizado en M\u00e9xico; entr\u00f3 a cirug\u00eda de emergencia."},"content":{"rendered":"<div><img loading=\"lazy\" decoding=\"async\" class=\"alignnone size-full wp-image-93801\" src=\"https:\/\/www.yucatanencorto.com\/noticias\/wp-content\/uploads\/2022\/10\/miguelbose-hospital-cirugia-libro-mexico-scaled.jpg\" alt=\"\" width=\"768\" height=\"432\" srcset=\"https:\/\/www.yucatanencorto.com\/noticias\/wp-content\/uploads\/2022\/10\/miguelbose-hospital-cirugia-libro-mexico-scaled.jpg 768w, https:\/\/www.yucatanencorto.com\/noticias\/wp-content\/uploads\/2022\/10\/miguelbose-hospital-cirugia-libro-mexico-696x392.jpg 696w, https:\/\/www.yucatanencorto.com\/noticias\/wp-content\/uploads\/2022\/10\/miguelbose-hospital-cirugia-libro-mexico-747x420.jpg 747w\" sizes=\"auto, (max-width: 768px) 100vw, 768px\" \/><\/div>\n<div class=\"rtejustify\">La noche del 4 de octubre, trascendi\u00f3 que Miguel Bos\u00e9 fue hospitalizado en la Ciudad de M\u00e9xico y fue sometido a una cirug\u00eda de emergencia.<\/div>\n<p>&nbsp;<\/p>\n<div class=\"rtejustify\">Se sabe que la cirug\u00eda fue de una hernia discal por los dolores que ya presentaba desde hace tiempo, sin embargo fueron avanzando a tal grado que ya eran insoportables.<\/div>\n<div class=\"rtejustify\">\n<div><\/div>\n<div class=\"rtejustify\">El cantante se encontraba en M\u00e9xico y debido a la cirug\u00eda,\u00a0<strong>no podr\u00e1 viajar a Espa\u00f1a<\/strong>\u00a0y hacer la presentaci\u00f3n de su libro, \u2018Historias Secretas de mis Mejores Canciones\u2019.<\/div>\n<div class=\"rtejustify\">De hecho, hace unos momentos coloc\u00f3 un\u00a0<strong>video<\/strong>\u00a0en el que promociona su<strong>\u00a0libro<\/strong>\u00a0pero \u00e9l no aparece y en el fondo se ven s\u00e1banas blancas.<\/div>\n<div class=\"rtejustify\">Seg\u00fan reportes, Miguel Bos\u00e9 se recuperar\u00e1 en algunas semanas, sin embargo los detalles de su estado de salud no se han dado a conocer.<\/div>\n<div class=\"rtejustify\">Miguel Bos\u00e9 se ha mantenido lejos de los medios de comunicaci\u00f3n en los \u00faltimos meses, aunque ha llamado la atenci\u00f3n por su salud cuando se ha atrevido a conceder alguna entrevista.<\/div>\n<\/div>\n<div><\/div>\n<div><\/div>\n<div>\n<div class=\"article-list-slot\">\n<ul>\n<li data-t=\"{&quot;n&quot;:&quot;blueLinks&quot;}\">Miguel Bos\u00e9 presentar\u00eda su libro en M\u00e9xico pero tuvo que cancelar el evento por su estado de salud.<\/li>\n<li data-t=\"{&quot;n&quot;:&quot;blueLinks&quot;}\">El cantante fue sometido a una cirug\u00eda de emergencia.<\/li>\n<\/ul>\n<\/div>\n<\/div>\n","protected":false},"excerpt":{"rendered":"<p>La noche del 4 de octubre, trascendi\u00f3 que Miguel Bos\u00e9 fue hospitalizado en la Ciudad de M\u00e9xico y fue sometido a una cirug\u00eda de emergencia. &nbsp; Se sabe que la cirug\u00eda fue de una hernia discal por los dolores que ya presentaba desde hace tiempo, sin embargo fueron avanzando a tal grado que ya eran [&hellip;]<\/p>\n","protected":false},"author":2,"featured_media":93801,"comment_status":"closed","ping_status":"closed","sticky":false,"template":"","format":"standard","meta":{"footnotes":""},"categories":[9],"tags":[],"class_list":{"0":"post-93800","1":"post","2":"type-post","3":"status-publish","4":"format-standard","5":"has-post-thumbnail","7":"category-sociedad-y-espectaculos"},"yoast_head":"<!-- This site is optimized with the Yoast SEO plugin v27.5 - https:\/\/yoast.com\/product\/yoast-seo-wordpress\/ -->\n<title>Miguel Bos\u00e9 es hospitalizado en M\u00e9xico; entr\u00f3 a cirug\u00eda de emergencia. - Yucat\u00e1n en corto<\/title>\n<meta name=\"robots\" content=\"index, follow, max-snippet:-1, max-image-preview:large, max-video-preview:-1\" \/>\n<link rel=\"canonical\" href=\"https:\/\/www.yucatanencorto.com\/noticias\/miguel-bose-es-hospitalizado-en-mexico-entro-a-cirugia-de-emergencia\/\" \/>\n<meta property=\"og:locale\" content=\"es_ES\" \/>\n<meta property=\"og:type\" content=\"article\" \/>\n<meta property=\"og:title\" content=\"Miguel Bos\u00e9 es hospitalizado en M\u00e9xico; entr\u00f3 a cirug\u00eda de emergencia. - Yucat\u00e1n en corto\" \/>\n<meta property=\"og:description\" content=\"La noche del 4 de octubre, trascendi\u00f3 que Miguel Bos\u00e9 fue hospitalizado en la Ciudad de M\u00e9xico y fue sometido a una cirug\u00eda de emergencia. &nbsp; Se sabe que la cirug\u00eda fue de una hernia discal por los dolores que ya presentaba desde hace tiempo, sin embargo fueron avanzando a tal grado que ya eran [&hellip;]\" \/>\n<meta property=\"og:url\" content=\"https:\/\/www.yucatanencorto.com\/noticias\/miguel-bose-es-hospitalizado-en-mexico-entro-a-cirugia-de-emergencia\/\" \/>\n<meta property=\"og:site_name\" content=\"Yucat\u00e1n en corto\" \/>\n<meta property=\"article:publisher\" content=\"http:\/\/www.facebook.com\/yucatanencorto\" \/>\n<meta property=\"article:published_time\" content=\"2022-10-05T16:50:25+00:00\" \/>\n<meta property=\"og:image\" content=\"https:\/\/www.yucatanencorto.com\/noticias\/wp-content\/uploads\/2022\/10\/miguelbose-hospital-cirugia-libro-mexico-scaled.jpg\" \/>\n\t<meta property=\"og:image:width\" content=\"768\" \/>\n\t<meta property=\"og:image:height\" content=\"432\" \/>\n\t<meta property=\"og:image:type\" content=\"image\/jpeg\" \/>\n<meta name=\"author\" content=\"Yucat\u00e1n en Corto FC\" \/>\n<meta name=\"twitter:card\" content=\"summary_large_image\" \/>\n<meta name=\"twitter:creator\" content=\"@yucatanencorto\" \/>\n<meta name=\"twitter:site\" content=\"@yucatanencorto\" \/>\n<meta name=\"twitter:label1\" content=\"Escrito por\" \/>\n\t<meta name=\"twitter:data1\" content=\"Yucat\u00e1n en Corto FC\" \/>\n\t<meta name=\"twitter:label2\" content=\"Tiempo de lectura\" \/>\n\t<meta name=\"twitter:data2\" content=\"1 minuto\" \/>\n<script type=\"application\/ld+json\" class=\"yoast-schema-graph\">{\"@context\":\"https:\\\/\\\/schema.org\",\"@graph\":[{\"@type\":\"Article\",\"@id\":\"https:\\\/\\\/www.yucatanencorto.com\\\/noticias\\\/miguel-bose-es-hospitalizado-en-mexico-entro-a-cirugia-de-emergencia\\\/#article\",\"isPartOf\":{\"@id\":\"https:\\\/\\\/www.yucatanencorto.com\\\/noticias\\\/miguel-bose-es-hospitalizado-en-mexico-entro-a-cirugia-de-emergencia\\\/\"},\"author\":{\"name\":\"Yucat\u00e1n en Corto FC\",\"@id\":\"https:\\\/\\\/www.yucatanencorto.com\\\/noticias\\\/#\\\/schema\\\/person\\\/14f82d355225a1f4075dd84a31f45a72\"},\"headline\":\"Miguel Bos\u00e9 es hospitalizado en M\u00e9xico; entr\u00f3 a cirug\u00eda de emergencia.\",\"datePublished\":\"2022-10-05T16:50:25+00:00\",\"mainEntityOfPage\":{\"@id\":\"https:\\\/\\\/www.yucatanencorto.com\\\/noticias\\\/miguel-bose-es-hospitalizado-en-mexico-entro-a-cirugia-de-emergencia\\\/\"},\"wordCount\":219,\"image\":{\"@id\":\"https:\\\/\\\/www.yucatanencorto.com\\\/noticias\\\/miguel-bose-es-hospitalizado-en-mexico-entro-a-cirugia-de-emergencia\\\/#primaryimage\"},\"thumbnailUrl\":\"https:\\\/\\\/www.yucatanencorto.com\\\/noticias\\\/wp-content\\\/uploads\\\/2022\\\/10\\\/miguelbose-hospital-cirugia-libro-mexico-scaled.jpg\",\"articleSection\":[\"Sociedad y Espect\u00e1culos\"],\"inLanguage\":\"es\"},{\"@type\":\"WebPage\",\"@id\":\"https:\\\/\\\/www.yucatanencorto.com\\\/noticias\\\/miguel-bose-es-hospitalizado-en-mexico-entro-a-cirugia-de-emergencia\\\/\",\"url\":\"https:\\\/\\\/www.yucatanencorto.com\\\/noticias\\\/miguel-bose-es-hospitalizado-en-mexico-entro-a-cirugia-de-emergencia\\\/\",\"name\":\"Miguel Bos\u00e9 es hospitalizado en M\u00e9xico; entr\u00f3 a cirug\u00eda de emergencia. - Yucat\u00e1n en corto\",\"isPartOf\":{\"@id\":\"https:\\\/\\\/www.yucatanencorto.com\\\/noticias\\\/#website\"},\"primaryImageOfPage\":{\"@id\":\"https:\\\/\\\/www.yucatanencorto.com\\\/noticias\\\/miguel-bose-es-hospitalizado-en-mexico-entro-a-cirugia-de-emergencia\\\/#primaryimage\"},\"image\":{\"@id\":\"https:\\\/\\\/www.yucatanencorto.com\\\/noticias\\\/miguel-bose-es-hospitalizado-en-mexico-entro-a-cirugia-de-emergencia\\\/#primaryimage\"},\"thumbnailUrl\":\"https:\\\/\\\/www.yucatanencorto.com\\\/noticias\\\/wp-content\\\/uploads\\\/2022\\\/10\\\/miguelbose-hospital-cirugia-libro-mexico-scaled.jpg\",\"datePublished\":\"2022-10-05T16:50:25+00:00\",\"author\":{\"@id\":\"https:\\\/\\\/www.yucatanencorto.com\\\/noticias\\\/#\\\/schema\\\/person\\\/14f82d355225a1f4075dd84a31f45a72\"},\"breadcrumb\":{\"@id\":\"https:\\\/\\\/www.yucatanencorto.com\\\/noticias\\\/miguel-bose-es-hospitalizado-en-mexico-entro-a-cirugia-de-emergencia\\\/#breadcrumb\"},\"inLanguage\":\"es\",\"potentialAction\":[{\"@type\":\"ReadAction\",\"target\":[\"https:\\\/\\\/www.yucatanencorto.com\\\/noticias\\\/miguel-bose-es-hospitalizado-en-mexico-entro-a-cirugia-de-emergencia\\\/\"]}]},{\"@type\":\"ImageObject\",\"inLanguage\":\"es\",\"@id\":\"https:\\\/\\\/www.yucatanencorto.com\\\/noticias\\\/miguel-bose-es-hospitalizado-en-mexico-entro-a-cirugia-de-emergencia\\\/#primaryimage\",\"url\":\"https:\\\/\\\/www.yucatanencorto.com\\\/noticias\\\/wp-content\\\/uploads\\\/2022\\\/10\\\/miguelbose-hospital-cirugia-libro-mexico-scaled.jpg\",\"contentUrl\":\"https:\\\/\\\/www.yucatanencorto.com\\\/noticias\\\/wp-content\\\/uploads\\\/2022\\\/10\\\/miguelbose-hospital-cirugia-libro-mexico-scaled.jpg\",\"width\":768,\"height\":432},{\"@type\":\"BreadcrumbList\",\"@id\":\"https:\\\/\\\/www.yucatanencorto.com\\\/noticias\\\/miguel-bose-es-hospitalizado-en-mexico-entro-a-cirugia-de-emergencia\\\/#breadcrumb\",\"itemListElement\":[{\"@type\":\"ListItem\",\"position\":1,\"name\":\"Portada\",\"item\":\"https:\\\/\\\/www.yucatanencorto.com\\\/noticias\\\/\"},{\"@type\":\"ListItem\",\"position\":2,\"name\":\"Miguel Bos\u00e9 es hospitalizado en M\u00e9xico; entr\u00f3 a cirug\u00eda de emergencia.\"}]},{\"@type\":\"WebSite\",\"@id\":\"https:\\\/\\\/www.yucatanencorto.com\\\/noticias\\\/#website\",\"url\":\"https:\\\/\\\/www.yucatanencorto.com\\\/noticias\\\/\",\"name\":\"Yucat\u00e1n en corto\",\"description\":\"Noticias\",\"potentialAction\":[{\"@type\":\"SearchAction\",\"target\":{\"@type\":\"EntryPoint\",\"urlTemplate\":\"https:\\\/\\\/www.yucatanencorto.com\\\/noticias\\\/?s={search_term_string}\"},\"query-input\":{\"@type\":\"PropertyValueSpecification\",\"valueRequired\":true,\"valueName\":\"search_term_string\"}}],\"inLanguage\":\"es\"},{\"@type\":\"Person\",\"@id\":\"https:\\\/\\\/www.yucatanencorto.com\\\/noticias\\\/#\\\/schema\\\/person\\\/14f82d355225a1f4075dd84a31f45a72\",\"name\":\"Yucat\u00e1n en Corto FC\",\"image\":{\"@type\":\"ImageObject\",\"inLanguage\":\"es\",\"@id\":\"https:\\\/\\\/secure.gravatar.com\\\/avatar\\\/147d4b30cd728c53c29c49a3f7834dedca33707f4cd259761355846009a88250?s=96&d=mm&r=g\",\"url\":\"https:\\\/\\\/secure.gravatar.com\\\/avatar\\\/147d4b30cd728c53c29c49a3f7834dedca33707f4cd259761355846009a88250?s=96&d=mm&r=g\",\"contentUrl\":\"https:\\\/\\\/secure.gravatar.com\\\/avatar\\\/147d4b30cd728c53c29c49a3f7834dedca33707f4cd259761355846009a88250?s=96&d=mm&r=g\",\"caption\":\"Yucat\u00e1n en Corto FC\"},\"url\":\"https:\\\/\\\/www.yucatanencorto.com\\\/noticias\\\/author\\\/flor\\\/\"}]}<\/script>\n<!-- \/ Yoast SEO plugin. -->","yoast_head_json":{"title":"Miguel Bos\u00e9 es hospitalizado en M\u00e9xico; entr\u00f3 a cirug\u00eda de emergencia. - Yucat\u00e1n en corto","robots":{"index":"index","follow":"follow","max-snippet":"max-snippet:-1","max-image-preview":"max-image-preview:large","max-video-preview":"max-video-preview:-1"},"canonical":"https:\/\/www.yucatanencorto.com\/noticias\/miguel-bose-es-hospitalizado-en-mexico-entro-a-cirugia-de-emergencia\/","og_locale":"es_ES","og_type":"article","og_title":"Miguel Bos\u00e9 es hospitalizado en M\u00e9xico; entr\u00f3 a cirug\u00eda de emergencia. - Yucat\u00e1n en corto","og_description":"La noche del 4 de octubre, trascendi\u00f3 que Miguel Bos\u00e9 fue hospitalizado en la Ciudad de M\u00e9xico y fue sometido a una cirug\u00eda de emergencia. &nbsp; Se sabe que la cirug\u00eda fue de una hernia discal por los dolores que ya presentaba desde hace tiempo, sin embargo fueron avanzando a tal grado que ya eran [&hellip;]","og_url":"https:\/\/www.yucatanencorto.com\/noticias\/miguel-bose-es-hospitalizado-en-mexico-entro-a-cirugia-de-emergencia\/","og_site_name":"Yucat\u00e1n en corto","article_publisher":"http:\/\/www.facebook.com\/yucatanencorto","article_published_time":"2022-10-05T16:50:25+00:00","og_image":[{"width":768,"height":432,"url":"https:\/\/www.yucatanencorto.com\/noticias\/wp-content\/uploads\/2022\/10\/miguelbose-hospital-cirugia-libro-mexico-scaled.jpg","type":"image\/jpeg"}],"author":"Yucat\u00e1n en Corto FC","twitter_card":"summary_large_image","twitter_creator":"@yucatanencorto","twitter_site":"@yucatanencorto","twitter_misc":{"Escrito por":"Yucat\u00e1n en Corto FC","Tiempo de lectura":"1 minuto"},"schema":{"@context":"https:\/\/schema.org","@graph":[{"@type":"Article","@id":"https:\/\/www.yucatanencorto.com\/noticias\/miguel-bose-es-hospitalizado-en-mexico-entro-a-cirugia-de-emergencia\/#article","isPartOf":{"@id":"https:\/\/www.yucatanencorto.com\/noticias\/miguel-bose-es-hospitalizado-en-mexico-entro-a-cirugia-de-emergencia\/"},"author":{"name":"Yucat\u00e1n en Corto FC","@id":"https:\/\/www.yucatanencorto.com\/noticias\/#\/schema\/person\/14f82d355225a1f4075dd84a31f45a72"},"headline":"Miguel Bos\u00e9 es hospitalizado en M\u00e9xico; entr\u00f3 a cirug\u00eda de emergencia.","datePublished":"2022-10-05T16:50:25+00:00","mainEntityOfPage":{"@id":"https:\/\/www.yucatanencorto.com\/noticias\/miguel-bose-es-hospitalizado-en-mexico-entro-a-cirugia-de-emergencia\/"},"wordCount":219,"image":{"@id":"https:\/\/www.yucatanencorto.com\/noticias\/miguel-bose-es-hospitalizado-en-mexico-entro-a-cirugia-de-emergencia\/#primaryimage"},"thumbnailUrl":"https:\/\/www.yucatanencorto.com\/noticias\/wp-content\/uploads\/2022\/10\/miguelbose-hospital-cirugia-libro-mexico-scaled.jpg","articleSection":["Sociedad y Espect\u00e1culos"],"inLanguage":"es"},{"@type":"WebPage","@id":"https:\/\/www.yucatanencorto.com\/noticias\/miguel-bose-es-hospitalizado-en-mexico-entro-a-cirugia-de-emergencia\/","url":"https:\/\/www.yucatanencorto.com\/noticias\/miguel-bose-es-hospitalizado-en-mexico-entro-a-cirugia-de-emergencia\/","name":"Miguel Bos\u00e9 es hospitalizado en M\u00e9xico; entr\u00f3 a cirug\u00eda de emergencia. - Yucat\u00e1n en corto","isPartOf":{"@id":"https:\/\/www.yucatanencorto.com\/noticias\/#website"},"primaryImageOfPage":{"@id":"https:\/\/www.yucatanencorto.com\/noticias\/miguel-bose-es-hospitalizado-en-mexico-entro-a-cirugia-de-emergencia\/#primaryimage"},"image":{"@id":"https:\/\/www.yucatanencorto.com\/noticias\/miguel-bose-es-hospitalizado-en-mexico-entro-a-cirugia-de-emergencia\/#primaryimage"},"thumbnailUrl":"https:\/\/www.yucatanencorto.com\/noticias\/wp-content\/uploads\/2022\/10\/miguelbose-hospital-cirugia-libro-mexico-scaled.jpg","datePublished":"2022-10-05T16:50:25+00:00","author":{"@id":"https:\/\/www.yucatanencorto.com\/noticias\/#\/schema\/person\/14f82d355225a1f4075dd84a31f45a72"},"breadcrumb":{"@id":"https:\/\/www.yucatanencorto.com\/noticias\/miguel-bose-es-hospitalizado-en-mexico-entro-a-cirugia-de-emergencia\/#breadcrumb"},"inLanguage":"es","potentialAction":[{"@type":"ReadAction","target":["https:\/\/www.yucatanencorto.com\/noticias\/miguel-bose-es-hospitalizado-en-mexico-entro-a-cirugia-de-emergencia\/"]}]},{"@type":"ImageObject","inLanguage":"es","@id":"https:\/\/www.yucatanencorto.com\/noticias\/miguel-bose-es-hospitalizado-en-mexico-entro-a-cirugia-de-emergencia\/#primaryimage","url":"https:\/\/www.yucatanencorto.com\/noticias\/wp-content\/uploads\/2022\/10\/miguelbose-hospital-cirugia-libro-mexico-scaled.jpg","contentUrl":"https:\/\/www.yucatanencorto.com\/noticias\/wp-content\/uploads\/2022\/10\/miguelbose-hospital-cirugia-libro-mexico-scaled.jpg","width":768,"height":432},{"@type":"BreadcrumbList","@id":"https:\/\/www.yucatanencorto.com\/noticias\/miguel-bose-es-hospitalizado-en-mexico-entro-a-cirugia-de-emergencia\/#breadcrumb","itemListElement":[{"@type":"ListItem","position":1,"name":"Portada","item":"https:\/\/www.yucatanencorto.com\/noticias\/"},{"@type":"ListItem","position":2,"name":"Miguel Bos\u00e9 es hospitalizado en M\u00e9xico; entr\u00f3 a cirug\u00eda de emergencia."}]},{"@type":"WebSite","@id":"https:\/\/www.yucatanencorto.com\/noticias\/#website","url":"https:\/\/www.yucatanencorto.com\/noticias\/","name":"Yucat\u00e1n en corto","description":"Noticias","potentialAction":[{"@type":"SearchAction","target":{"@type":"EntryPoint","urlTemplate":"https:\/\/www.yucatanencorto.com\/noticias\/?s={search_term_string}"},"query-input":{"@type":"PropertyValueSpecification","valueRequired":true,"valueName":"search_term_string"}}],"inLanguage":"es"},{"@type":"Person","@id":"https:\/\/www.yucatanencorto.com\/noticias\/#\/schema\/person\/14f82d355225a1f4075dd84a31f45a72","name":"Yucat\u00e1n en Corto FC","image":{"@type":"ImageObject","inLanguage":"es","@id":"https:\/\/secure.gravatar.com\/avatar\/147d4b30cd728c53c29c49a3f7834dedca33707f4cd259761355846009a88250?s=96&d=mm&r=g","url":"https:\/\/secure.gravatar.com\/avatar\/147d4b30cd728c53c29c49a3f7834dedca33707f4cd259761355846009a88250?s=96&d=mm&r=g","contentUrl":"https:\/\/secure.gravatar.com\/avatar\/147d4b30cd728c53c29c49a3f7834dedca33707f4cd259761355846009a88250?s=96&d=mm&r=g","caption":"Yucat\u00e1n en Corto FC"},"url":"https:\/\/www.yucatanencorto.com\/noticias\/author\/flor\/"}]}},"_links":{"self":[{"href":"https:\/\/www.yucatanencorto.com\/noticias\/wp-json\/wp\/v2\/posts\/93800","targetHints":{"allow":["GET"]}}],"collection":[{"href":"https:\/\/www.yucatanencorto.com\/noticias\/wp-json\/wp\/v2\/posts"}],"about":[{"href":"https:\/\/www.yucatanencorto.com\/noticias\/wp-json\/wp\/v2\/types\/post"}],"author":[{"embeddable":true,"href":"https:\/\/www.yucatanencorto.com\/noticias\/wp-json\/wp\/v2\/users\/2"}],"replies":[{"embeddable":true,"href":"https:\/\/www.yucatanencorto.com\/noticias\/wp-json\/wp\/v2\/comments?post=93800"}],"version-history":[{"count":0,"href":"https:\/\/www.yucatanencorto.com\/noticias\/wp-json\/wp\/v2\/posts\/93800\/revisions"}],"wp:featuredmedia":[{"embeddable":true,"href":"https:\/\/www.yucatanencorto.com\/noticias\/wp-json\/wp\/v2\/media\/93801"}],"wp:attachment":[{"href":"https:\/\/www.yucatanencorto.com\/noticias\/wp-json\/wp\/v2\/media?parent=93800"}],"wp:term":[{"taxonomy":"category","embeddable":true,"href":"https:\/\/www.yucatanencorto.com\/noticias\/wp-json\/wp\/v2\/categories?post=93800"},{"taxonomy":"post_tag","embeddable":true,"href":"https:\/\/www.yucatanencorto.com\/noticias\/wp-json\/wp\/v2\/tags?post=93800"}],"curies":[{"name":"wp","href":"https:\/\/api.w.org\/{rel}","templated":true}]}}