{"id":93824,"date":"2022-10-06T08:34:33","date_gmt":"2022-10-06T13:34:33","guid":{"rendered":"https:\/\/www.yucatanencorto.com\/noticias\/?p=93824"},"modified":"2022-10-06T08:55:15","modified_gmt":"2022-10-06T13:55:15","slug":"hilary-swank-a-sus-48-anos-anuncia-que-esta-embarazada-por-primera-vez-y-de-gemelos-andrea-bouchot-ayer-a-las-0958","status":"publish","type":"post","link":"https:\/\/www.yucatanencorto.com\/noticias\/hilary-swank-a-sus-48-anos-anuncia-que-esta-embarazada-por-primera-vez-y-de-gemelos-andrea-bouchot-ayer-a-las-0958\/","title":{"rendered":"Hilary Swank, a sus 48 a\u00f1os, anuncia que est\u00e1 embarazada por primera vez, \u00a1y de gemelos!"},"content":{"rendered":"<p data-t=\"{&quot;n&quot;:&quot;blueLinks&quot;}\"><img loading=\"lazy\" decoding=\"async\" class=\"alignnone size-full wp-image-93825\" src=\"https:\/\/www.yucatanencorto.com\/noticias\/wp-content\/uploads\/2022\/10\/descarga-scaled.jpg\" alt=\"\" width=\"768\" height=\"512\" srcset=\"https:\/\/www.yucatanencorto.com\/noticias\/wp-content\/uploads\/2022\/10\/descarga-scaled.jpg 768w, https:\/\/www.yucatanencorto.com\/noticias\/wp-content\/uploads\/2022\/10\/descarga-696x464.jpg 696w, https:\/\/www.yucatanencorto.com\/noticias\/wp-content\/uploads\/2022\/10\/descarga-1068x712.jpg 1068w, https:\/\/www.yucatanencorto.com\/noticias\/wp-content\/uploads\/2022\/10\/descarga-630x420.jpg 630w\" sizes=\"auto, (max-width: 768px) 100vw, 768px\" \/><\/p>\n<p data-t=\"{&quot;n&quot;:&quot;blueLinks&quot;}\">\u00ab\u00a1Voy a ser mam\u00e1! Y no solo de uno, sino de dos\u00bb, dijo Hilary en el programa matutino. \u00abEs tan lindo poder hablar de esto y compartirlo\u00bb. Poco despu\u00e9s, aclar\u00f3 en &#8216;Live With Kelly And Ryan&#8217; que\u00a0<b>est\u00e1 embarazada<\/b>\u00a0de los\u00a0gemelos, aunque no se pod\u00eda ver ning\u00fan bulto y que est\u00e1 en su segundo trimestre. Y Hilary agreg\u00f3 que sent\u00eda que era un \u00abmilagro\u00bb.<\/p>\n<p data-t=\"{&quot;n&quot;:&quot;blueLinks&quot;}\">Poco despu\u00e9s, decidi\u00f3 compartir la noticia en sus propias redes sociales. En Instagram, subi\u00f3 un clip corto donde se la ve se\u00f1alando a su\u00a0pancita de embarazo\u00a0y escribi\u00f3:\u00a0<b>\u00abPr\u00f3ximamente&#8230; \u00a1funci\u00f3n DOBLE!\u00bb<\/b><\/p>\n<p data-t=\"{&quot;n&quot;:&quot;blueLinks&quot;}\">En el segundo programa matutino, sin embargo, habl\u00f3 a\u00fan m\u00e1s sobre convertirse en madre\u00a0<b>por primera vez<\/b>. Swank le dijo a Kelly Ripa que en realidad est\u00e1 embarazada de los gemelos y est\u00e1 muy emocionada de convertirse en madre.<\/p>\n<div class=\"article-clear-div\"><\/div>\n<blockquote class=\"blockquote-text\"><p>\u00abMe siento muy bien en este momento, incluso con el tiempo, ya sabes, estoy en la hora del Pac\u00edfico, as\u00ed que estoy un poco bizca con eso. Pero me siento bien en este momento\u00bb, agreg\u00f3 la estrella de cine.\u00bb<\/p><\/blockquote>\n<p class=\"continue-read-break\" data-t=\"{&quot;n&quot;:&quot;blueLinks&quot;}\">Y a pesar de no llevar muchos meses de embarazo, ya est\u00e1 sintiendo el gran cambio que conlleva la maternidad. \u00abMi ropa comenz\u00f3 a no quedarme as\u00ed que tuve que hacerlo, el otro d\u00eda&#8230; cort\u00e9 mis jeans abiertos. Y luego me puse una chaqueta que no ten\u00eda continuidad\u00bb, dijo la actriz sobre estar en el set de su nueva serie,\u00a0<b>\u00abAlaska Daily\u00bb.<\/b><\/p>\n<blockquote>\n<div class=\"article-clear-div\"><\/div>\n<blockquote class=\"blockquote-text\"><p>\u00abY ellos vinieron y dijeron: &#8216;Eso no est\u00e1 en continuidad&#8217;. Dije: &#8216;Oh, creo que funciona&#8217;. &#8216;No funciona&#8217;. &#8216;No, funciona. Voy a hacer que funcione,\u00bb dijo. \u00abSi eres un productor ejecutivo, puedes hacerlo, pero esto es raro\u00bb.<\/p><\/blockquote>\n<\/blockquote>\n<p class=\"\" data-t=\"{&quot;n&quot;:&quot;blueLinks&quot;}\">Hilary tambi\u00e9n comparti\u00f3 que tanto en su familia como en la de Schneider hay\u00a0<a tabindex=\"0\" href=\"https:\/\/www.chicmagazine.com.mx\/personajes\/ashley-graham-ya-nacieron-gemelos-modelo-en-casa\" target=\"_blank\" rel=\"noopener\" data-t=\"{&quot;n&quot;:&quot;destination&quot;,&quot;t&quot;:13,&quot;b&quot;:1,&quot;c.t&quot;:7}\">gemelos<\/a>. \u00abEs una bendici\u00f3n.\u00a0<b>Es un milagro total.<\/b>\u00a0Es incre\u00edble\u00bb, dijo entusiasmada.<\/p>\n<p class=\"\" data-t=\"{&quot;n&quot;:&quot;blueLinks&quot;}\">En GMA ella sonri\u00f3 y dio la noticia al final de su segmento despu\u00e9s de hablar sobre su nueva serie de televisi\u00f3n: \u00abEsto es algo que he querido compartir desde hace mucho tiempo, lo siguiente es que voy a ser mam\u00e1, y no solo de uno\u00a0<b>sino de dos<\/b>\u00ab, dijo.<\/p>\n<blockquote>\n<blockquote>\n<div class=\"article-clear-div\"><\/div>\n<blockquote class=\"blockquote-text\"><p>\u00abEs muy bueno poder hablar sobre eso y compartirlo\u00bb, dijo mientras un presentador dec\u00eda que era bueno escucharlo directamente de Swank y no a trav\u00e9s de un informe. \u00abEst\u00e1 lo suficientemente avanzado como para poder compartirlo. Y lo estoy compartiendo ahora mismo por primera vez\u00bb.<\/p><\/blockquote>\n<\/blockquote>\n<\/blockquote>\n<p>Cuando se le pregunt\u00f3 cu\u00e1ndo iba a nacer el beb\u00e9, Swank hizo una mueca que transmit\u00eda que no quer\u00eda dar\u00a0<b>una fecha<\/b>, pero al final la noticia es m\u00e1s que suficiente para hacer felices a todos.<\/p>\n","protected":false},"excerpt":{"rendered":"<p>\u00ab\u00a1Voy a ser mam\u00e1! Y no solo de uno, sino de dos\u00bb, dijo Hilary en el programa matutino. \u00abEs tan lindo poder hablar de esto y compartirlo\u00bb. Poco despu\u00e9s, aclar\u00f3 en &#8216;Live With Kelly And Ryan&#8217; que\u00a0est\u00e1 embarazada\u00a0de los\u00a0gemelos, aunque no se pod\u00eda ver ning\u00fan bulto y que est\u00e1 en su segundo trimestre. Y Hilary [&hellip;]<\/p>\n","protected":false},"author":2,"featured_media":93825,"comment_status":"closed","ping_status":"closed","sticky":false,"template":"","format":"standard","meta":{"footnotes":""},"categories":[9],"tags":[],"class_list":{"0":"post-93824","1":"post","2":"type-post","3":"status-publish","4":"format-standard","5":"has-post-thumbnail","7":"category-sociedad-y-espectaculos"},"yoast_head":"<!-- This site is optimized with the Yoast SEO plugin v27.5 - https:\/\/yoast.com\/product\/yoast-seo-wordpress\/ -->\n<title>Hilary Swank, a sus 48 a\u00f1os, anuncia que est\u00e1 embarazada por primera vez, \u00a1y de gemelos! - Yucat\u00e1n en corto<\/title>\n<meta name=\"robots\" content=\"index, follow, max-snippet:-1, max-image-preview:large, max-video-preview:-1\" \/>\n<link rel=\"canonical\" href=\"https:\/\/www.yucatanencorto.com\/noticias\/hilary-swank-a-sus-48-anos-anuncia-que-esta-embarazada-por-primera-vez-y-de-gemelos-andrea-bouchot-ayer-a-las-0958\/\" \/>\n<meta property=\"og:locale\" content=\"es_ES\" \/>\n<meta property=\"og:type\" content=\"article\" \/>\n<meta property=\"og:title\" content=\"Hilary Swank, a sus 48 a\u00f1os, anuncia que est\u00e1 embarazada por primera vez, \u00a1y de gemelos! - Yucat\u00e1n en corto\" \/>\n<meta property=\"og:description\" content=\"\u00ab\u00a1Voy a ser mam\u00e1! Y no solo de uno, sino de dos\u00bb, dijo Hilary en el programa matutino. \u00abEs tan lindo poder hablar de esto y compartirlo\u00bb. Poco despu\u00e9s, aclar\u00f3 en &#8216;Live With Kelly And Ryan&#8217; que\u00a0est\u00e1 embarazada\u00a0de los\u00a0gemelos, aunque no se pod\u00eda ver ning\u00fan bulto y que est\u00e1 en su segundo trimestre. Y Hilary [&hellip;]\" \/>\n<meta property=\"og:url\" content=\"https:\/\/www.yucatanencorto.com\/noticias\/hilary-swank-a-sus-48-anos-anuncia-que-esta-embarazada-por-primera-vez-y-de-gemelos-andrea-bouchot-ayer-a-las-0958\/\" \/>\n<meta property=\"og:site_name\" content=\"Yucat\u00e1n en corto\" \/>\n<meta property=\"article:publisher\" content=\"http:\/\/www.facebook.com\/yucatanencorto\" \/>\n<meta property=\"article:published_time\" content=\"2022-10-06T13:34:33+00:00\" \/>\n<meta property=\"article:modified_time\" content=\"2022-10-06T13:55:15+00:00\" \/>\n<meta property=\"og:image\" content=\"https:\/\/www.yucatanencorto.com\/noticias\/wp-content\/uploads\/2022\/10\/descarga-scaled.jpg\" \/>\n\t<meta property=\"og:image:width\" content=\"768\" \/>\n\t<meta property=\"og:image:height\" content=\"512\" \/>\n\t<meta property=\"og:image:type\" content=\"image\/jpeg\" \/>\n<meta name=\"author\" content=\"Yucat\u00e1n en Corto FC\" \/>\n<meta name=\"twitter:card\" content=\"summary_large_image\" \/>\n<meta name=\"twitter:creator\" content=\"@yucatanencorto\" \/>\n<meta name=\"twitter:site\" content=\"@yucatanencorto\" \/>\n<meta name=\"twitter:label1\" content=\"Escrito por\" \/>\n\t<meta name=\"twitter:data1\" content=\"Yucat\u00e1n en Corto FC\" \/>\n\t<meta name=\"twitter:label2\" content=\"Tiempo de lectura\" \/>\n\t<meta name=\"twitter:data2\" content=\"3 minutos\" \/>\n<script type=\"application\/ld+json\" class=\"yoast-schema-graph\">{\"@context\":\"https:\\\/\\\/schema.org\",\"@graph\":[{\"@type\":\"Article\",\"@id\":\"https:\\\/\\\/www.yucatanencorto.com\\\/noticias\\\/hilary-swank-a-sus-48-anos-anuncia-que-esta-embarazada-por-primera-vez-y-de-gemelos-andrea-bouchot-ayer-a-las-0958\\\/#article\",\"isPartOf\":{\"@id\":\"https:\\\/\\\/www.yucatanencorto.com\\\/noticias\\\/hilary-swank-a-sus-48-anos-anuncia-que-esta-embarazada-por-primera-vez-y-de-gemelos-andrea-bouchot-ayer-a-las-0958\\\/\"},\"author\":{\"name\":\"Yucat\u00e1n en Corto FC\",\"@id\":\"https:\\\/\\\/www.yucatanencorto.com\\\/noticias\\\/#\\\/schema\\\/person\\\/14f82d355225a1f4075dd84a31f45a72\"},\"headline\":\"Hilary Swank, a sus 48 a\u00f1os, anuncia que est\u00e1 embarazada por primera vez, \u00a1y de gemelos!\",\"datePublished\":\"2022-10-06T13:34:33+00:00\",\"dateModified\":\"2022-10-06T13:55:15+00:00\",\"mainEntityOfPage\":{\"@id\":\"https:\\\/\\\/www.yucatanencorto.com\\\/noticias\\\/hilary-swank-a-sus-48-anos-anuncia-que-esta-embarazada-por-primera-vez-y-de-gemelos-andrea-bouchot-ayer-a-las-0958\\\/\"},\"wordCount\":470,\"image\":{\"@id\":\"https:\\\/\\\/www.yucatanencorto.com\\\/noticias\\\/hilary-swank-a-sus-48-anos-anuncia-que-esta-embarazada-por-primera-vez-y-de-gemelos-andrea-bouchot-ayer-a-las-0958\\\/#primaryimage\"},\"thumbnailUrl\":\"https:\\\/\\\/www.yucatanencorto.com\\\/noticias\\\/wp-content\\\/uploads\\\/2022\\\/10\\\/descarga-scaled.jpg\",\"articleSection\":[\"Sociedad y Espect\u00e1culos\"],\"inLanguage\":\"es\"},{\"@type\":\"WebPage\",\"@id\":\"https:\\\/\\\/www.yucatanencorto.com\\\/noticias\\\/hilary-swank-a-sus-48-anos-anuncia-que-esta-embarazada-por-primera-vez-y-de-gemelos-andrea-bouchot-ayer-a-las-0958\\\/\",\"url\":\"https:\\\/\\\/www.yucatanencorto.com\\\/noticias\\\/hilary-swank-a-sus-48-anos-anuncia-que-esta-embarazada-por-primera-vez-y-de-gemelos-andrea-bouchot-ayer-a-las-0958\\\/\",\"name\":\"Hilary Swank, a sus 48 a\u00f1os, anuncia que est\u00e1 embarazada por primera vez, \u00a1y de gemelos! - Yucat\u00e1n en corto\",\"isPartOf\":{\"@id\":\"https:\\\/\\\/www.yucatanencorto.com\\\/noticias\\\/#website\"},\"primaryImageOfPage\":{\"@id\":\"https:\\\/\\\/www.yucatanencorto.com\\\/noticias\\\/hilary-swank-a-sus-48-anos-anuncia-que-esta-embarazada-por-primera-vez-y-de-gemelos-andrea-bouchot-ayer-a-las-0958\\\/#primaryimage\"},\"image\":{\"@id\":\"https:\\\/\\\/www.yucatanencorto.com\\\/noticias\\\/hilary-swank-a-sus-48-anos-anuncia-que-esta-embarazada-por-primera-vez-y-de-gemelos-andrea-bouchot-ayer-a-las-0958\\\/#primaryimage\"},\"thumbnailUrl\":\"https:\\\/\\\/www.yucatanencorto.com\\\/noticias\\\/wp-content\\\/uploads\\\/2022\\\/10\\\/descarga-scaled.jpg\",\"datePublished\":\"2022-10-06T13:34:33+00:00\",\"dateModified\":\"2022-10-06T13:55:15+00:00\",\"author\":{\"@id\":\"https:\\\/\\\/www.yucatanencorto.com\\\/noticias\\\/#\\\/schema\\\/person\\\/14f82d355225a1f4075dd84a31f45a72\"},\"breadcrumb\":{\"@id\":\"https:\\\/\\\/www.yucatanencorto.com\\\/noticias\\\/hilary-swank-a-sus-48-anos-anuncia-que-esta-embarazada-por-primera-vez-y-de-gemelos-andrea-bouchot-ayer-a-las-0958\\\/#breadcrumb\"},\"inLanguage\":\"es\",\"potentialAction\":[{\"@type\":\"ReadAction\",\"target\":[\"https:\\\/\\\/www.yucatanencorto.com\\\/noticias\\\/hilary-swank-a-sus-48-anos-anuncia-que-esta-embarazada-por-primera-vez-y-de-gemelos-andrea-bouchot-ayer-a-las-0958\\\/\"]}]},{\"@type\":\"ImageObject\",\"inLanguage\":\"es\",\"@id\":\"https:\\\/\\\/www.yucatanencorto.com\\\/noticias\\\/hilary-swank-a-sus-48-anos-anuncia-que-esta-embarazada-por-primera-vez-y-de-gemelos-andrea-bouchot-ayer-a-las-0958\\\/#primaryimage\",\"url\":\"https:\\\/\\\/www.yucatanencorto.com\\\/noticias\\\/wp-content\\\/uploads\\\/2022\\\/10\\\/descarga-scaled.jpg\",\"contentUrl\":\"https:\\\/\\\/www.yucatanencorto.com\\\/noticias\\\/wp-content\\\/uploads\\\/2022\\\/10\\\/descarga-scaled.jpg\",\"width\":768,\"height\":512},{\"@type\":\"BreadcrumbList\",\"@id\":\"https:\\\/\\\/www.yucatanencorto.com\\\/noticias\\\/hilary-swank-a-sus-48-anos-anuncia-que-esta-embarazada-por-primera-vez-y-de-gemelos-andrea-bouchot-ayer-a-las-0958\\\/#breadcrumb\",\"itemListElement\":[{\"@type\":\"ListItem\",\"position\":1,\"name\":\"Portada\",\"item\":\"https:\\\/\\\/www.yucatanencorto.com\\\/noticias\\\/\"},{\"@type\":\"ListItem\",\"position\":2,\"name\":\"Hilary Swank, a sus 48 a\u00f1os, anuncia que est\u00e1 embarazada por primera vez, \u00a1y de gemelos!\"}]},{\"@type\":\"WebSite\",\"@id\":\"https:\\\/\\\/www.yucatanencorto.com\\\/noticias\\\/#website\",\"url\":\"https:\\\/\\\/www.yucatanencorto.com\\\/noticias\\\/\",\"name\":\"Yucat\u00e1n en corto\",\"description\":\"Noticias\",\"potentialAction\":[{\"@type\":\"SearchAction\",\"target\":{\"@type\":\"EntryPoint\",\"urlTemplate\":\"https:\\\/\\\/www.yucatanencorto.com\\\/noticias\\\/?s={search_term_string}\"},\"query-input\":{\"@type\":\"PropertyValueSpecification\",\"valueRequired\":true,\"valueName\":\"search_term_string\"}}],\"inLanguage\":\"es\"},{\"@type\":\"Person\",\"@id\":\"https:\\\/\\\/www.yucatanencorto.com\\\/noticias\\\/#\\\/schema\\\/person\\\/14f82d355225a1f4075dd84a31f45a72\",\"name\":\"Yucat\u00e1n en Corto FC\",\"image\":{\"@type\":\"ImageObject\",\"inLanguage\":\"es\",\"@id\":\"https:\\\/\\\/secure.gravatar.com\\\/avatar\\\/147d4b30cd728c53c29c49a3f7834dedca33707f4cd259761355846009a88250?s=96&d=mm&r=g\",\"url\":\"https:\\\/\\\/secure.gravatar.com\\\/avatar\\\/147d4b30cd728c53c29c49a3f7834dedca33707f4cd259761355846009a88250?s=96&d=mm&r=g\",\"contentUrl\":\"https:\\\/\\\/secure.gravatar.com\\\/avatar\\\/147d4b30cd728c53c29c49a3f7834dedca33707f4cd259761355846009a88250?s=96&d=mm&r=g\",\"caption\":\"Yucat\u00e1n en Corto FC\"},\"url\":\"https:\\\/\\\/www.yucatanencorto.com\\\/noticias\\\/author\\\/flor\\\/\"}]}<\/script>\n<!-- \/ Yoast SEO plugin. -->","yoast_head_json":{"title":"Hilary Swank, a sus 48 a\u00f1os, anuncia que est\u00e1 embarazada por primera vez, \u00a1y de gemelos! - Yucat\u00e1n en corto","robots":{"index":"index","follow":"follow","max-snippet":"max-snippet:-1","max-image-preview":"max-image-preview:large","max-video-preview":"max-video-preview:-1"},"canonical":"https:\/\/www.yucatanencorto.com\/noticias\/hilary-swank-a-sus-48-anos-anuncia-que-esta-embarazada-por-primera-vez-y-de-gemelos-andrea-bouchot-ayer-a-las-0958\/","og_locale":"es_ES","og_type":"article","og_title":"Hilary Swank, a sus 48 a\u00f1os, anuncia que est\u00e1 embarazada por primera vez, \u00a1y de gemelos! - Yucat\u00e1n en corto","og_description":"\u00ab\u00a1Voy a ser mam\u00e1! Y no solo de uno, sino de dos\u00bb, dijo Hilary en el programa matutino. \u00abEs tan lindo poder hablar de esto y compartirlo\u00bb. Poco despu\u00e9s, aclar\u00f3 en &#8216;Live With Kelly And Ryan&#8217; que\u00a0est\u00e1 embarazada\u00a0de los\u00a0gemelos, aunque no se pod\u00eda ver ning\u00fan bulto y que est\u00e1 en su segundo trimestre. Y Hilary [&hellip;]","og_url":"https:\/\/www.yucatanencorto.com\/noticias\/hilary-swank-a-sus-48-anos-anuncia-que-esta-embarazada-por-primera-vez-y-de-gemelos-andrea-bouchot-ayer-a-las-0958\/","og_site_name":"Yucat\u00e1n en corto","article_publisher":"http:\/\/www.facebook.com\/yucatanencorto","article_published_time":"2022-10-06T13:34:33+00:00","article_modified_time":"2022-10-06T13:55:15+00:00","og_image":[{"width":768,"height":512,"url":"https:\/\/www.yucatanencorto.com\/noticias\/wp-content\/uploads\/2022\/10\/descarga-scaled.jpg","type":"image\/jpeg"}],"author":"Yucat\u00e1n en Corto FC","twitter_card":"summary_large_image","twitter_creator":"@yucatanencorto","twitter_site":"@yucatanencorto","twitter_misc":{"Escrito por":"Yucat\u00e1n en Corto FC","Tiempo de lectura":"3 minutos"},"schema":{"@context":"https:\/\/schema.org","@graph":[{"@type":"Article","@id":"https:\/\/www.yucatanencorto.com\/noticias\/hilary-swank-a-sus-48-anos-anuncia-que-esta-embarazada-por-primera-vez-y-de-gemelos-andrea-bouchot-ayer-a-las-0958\/#article","isPartOf":{"@id":"https:\/\/www.yucatanencorto.com\/noticias\/hilary-swank-a-sus-48-anos-anuncia-que-esta-embarazada-por-primera-vez-y-de-gemelos-andrea-bouchot-ayer-a-las-0958\/"},"author":{"name":"Yucat\u00e1n en Corto FC","@id":"https:\/\/www.yucatanencorto.com\/noticias\/#\/schema\/person\/14f82d355225a1f4075dd84a31f45a72"},"headline":"Hilary Swank, a sus 48 a\u00f1os, anuncia que est\u00e1 embarazada por primera vez, \u00a1y de gemelos!","datePublished":"2022-10-06T13:34:33+00:00","dateModified":"2022-10-06T13:55:15+00:00","mainEntityOfPage":{"@id":"https:\/\/www.yucatanencorto.com\/noticias\/hilary-swank-a-sus-48-anos-anuncia-que-esta-embarazada-por-primera-vez-y-de-gemelos-andrea-bouchot-ayer-a-las-0958\/"},"wordCount":470,"image":{"@id":"https:\/\/www.yucatanencorto.com\/noticias\/hilary-swank-a-sus-48-anos-anuncia-que-esta-embarazada-por-primera-vez-y-de-gemelos-andrea-bouchot-ayer-a-las-0958\/#primaryimage"},"thumbnailUrl":"https:\/\/www.yucatanencorto.com\/noticias\/wp-content\/uploads\/2022\/10\/descarga-scaled.jpg","articleSection":["Sociedad y Espect\u00e1culos"],"inLanguage":"es"},{"@type":"WebPage","@id":"https:\/\/www.yucatanencorto.com\/noticias\/hilary-swank-a-sus-48-anos-anuncia-que-esta-embarazada-por-primera-vez-y-de-gemelos-andrea-bouchot-ayer-a-las-0958\/","url":"https:\/\/www.yucatanencorto.com\/noticias\/hilary-swank-a-sus-48-anos-anuncia-que-esta-embarazada-por-primera-vez-y-de-gemelos-andrea-bouchot-ayer-a-las-0958\/","name":"Hilary Swank, a sus 48 a\u00f1os, anuncia que est\u00e1 embarazada por primera vez, \u00a1y de gemelos! - Yucat\u00e1n en corto","isPartOf":{"@id":"https:\/\/www.yucatanencorto.com\/noticias\/#website"},"primaryImageOfPage":{"@id":"https:\/\/www.yucatanencorto.com\/noticias\/hilary-swank-a-sus-48-anos-anuncia-que-esta-embarazada-por-primera-vez-y-de-gemelos-andrea-bouchot-ayer-a-las-0958\/#primaryimage"},"image":{"@id":"https:\/\/www.yucatanencorto.com\/noticias\/hilary-swank-a-sus-48-anos-anuncia-que-esta-embarazada-por-primera-vez-y-de-gemelos-andrea-bouchot-ayer-a-las-0958\/#primaryimage"},"thumbnailUrl":"https:\/\/www.yucatanencorto.com\/noticias\/wp-content\/uploads\/2022\/10\/descarga-scaled.jpg","datePublished":"2022-10-06T13:34:33+00:00","dateModified":"2022-10-06T13:55:15+00:00","author":{"@id":"https:\/\/www.yucatanencorto.com\/noticias\/#\/schema\/person\/14f82d355225a1f4075dd84a31f45a72"},"breadcrumb":{"@id":"https:\/\/www.yucatanencorto.com\/noticias\/hilary-swank-a-sus-48-anos-anuncia-que-esta-embarazada-por-primera-vez-y-de-gemelos-andrea-bouchot-ayer-a-las-0958\/#breadcrumb"},"inLanguage":"es","potentialAction":[{"@type":"ReadAction","target":["https:\/\/www.yucatanencorto.com\/noticias\/hilary-swank-a-sus-48-anos-anuncia-que-esta-embarazada-por-primera-vez-y-de-gemelos-andrea-bouchot-ayer-a-las-0958\/"]}]},{"@type":"ImageObject","inLanguage":"es","@id":"https:\/\/www.yucatanencorto.com\/noticias\/hilary-swank-a-sus-48-anos-anuncia-que-esta-embarazada-por-primera-vez-y-de-gemelos-andrea-bouchot-ayer-a-las-0958\/#primaryimage","url":"https:\/\/www.yucatanencorto.com\/noticias\/wp-content\/uploads\/2022\/10\/descarga-scaled.jpg","contentUrl":"https:\/\/www.yucatanencorto.com\/noticias\/wp-content\/uploads\/2022\/10\/descarga-scaled.jpg","width":768,"height":512},{"@type":"BreadcrumbList","@id":"https:\/\/www.yucatanencorto.com\/noticias\/hilary-swank-a-sus-48-anos-anuncia-que-esta-embarazada-por-primera-vez-y-de-gemelos-andrea-bouchot-ayer-a-las-0958\/#breadcrumb","itemListElement":[{"@type":"ListItem","position":1,"name":"Portada","item":"https:\/\/www.yucatanencorto.com\/noticias\/"},{"@type":"ListItem","position":2,"name":"Hilary Swank, a sus 48 a\u00f1os, anuncia que est\u00e1 embarazada por primera vez, \u00a1y de gemelos!"}]},{"@type":"WebSite","@id":"https:\/\/www.yucatanencorto.com\/noticias\/#website","url":"https:\/\/www.yucatanencorto.com\/noticias\/","name":"Yucat\u00e1n en corto","description":"Noticias","potentialAction":[{"@type":"SearchAction","target":{"@type":"EntryPoint","urlTemplate":"https:\/\/www.yucatanencorto.com\/noticias\/?s={search_term_string}"},"query-input":{"@type":"PropertyValueSpecification","valueRequired":true,"valueName":"search_term_string"}}],"inLanguage":"es"},{"@type":"Person","@id":"https:\/\/www.yucatanencorto.com\/noticias\/#\/schema\/person\/14f82d355225a1f4075dd84a31f45a72","name":"Yucat\u00e1n en Corto FC","image":{"@type":"ImageObject","inLanguage":"es","@id":"https:\/\/secure.gravatar.com\/avatar\/147d4b30cd728c53c29c49a3f7834dedca33707f4cd259761355846009a88250?s=96&d=mm&r=g","url":"https:\/\/secure.gravatar.com\/avatar\/147d4b30cd728c53c29c49a3f7834dedca33707f4cd259761355846009a88250?s=96&d=mm&r=g","contentUrl":"https:\/\/secure.gravatar.com\/avatar\/147d4b30cd728c53c29c49a3f7834dedca33707f4cd259761355846009a88250?s=96&d=mm&r=g","caption":"Yucat\u00e1n en Corto FC"},"url":"https:\/\/www.yucatanencorto.com\/noticias\/author\/flor\/"}]}},"_links":{"self":[{"href":"https:\/\/www.yucatanencorto.com\/noticias\/wp-json\/wp\/v2\/posts\/93824","targetHints":{"allow":["GET"]}}],"collection":[{"href":"https:\/\/www.yucatanencorto.com\/noticias\/wp-json\/wp\/v2\/posts"}],"about":[{"href":"https:\/\/www.yucatanencorto.com\/noticias\/wp-json\/wp\/v2\/types\/post"}],"author":[{"embeddable":true,"href":"https:\/\/www.yucatanencorto.com\/noticias\/wp-json\/wp\/v2\/users\/2"}],"replies":[{"embeddable":true,"href":"https:\/\/www.yucatanencorto.com\/noticias\/wp-json\/wp\/v2\/comments?post=93824"}],"version-history":[{"count":0,"href":"https:\/\/www.yucatanencorto.com\/noticias\/wp-json\/wp\/v2\/posts\/93824\/revisions"}],"wp:featuredmedia":[{"embeddable":true,"href":"https:\/\/www.yucatanencorto.com\/noticias\/wp-json\/wp\/v2\/media\/93825"}],"wp:attachment":[{"href":"https:\/\/www.yucatanencorto.com\/noticias\/wp-json\/wp\/v2\/media?parent=93824"}],"wp:term":[{"taxonomy":"category","embeddable":true,"href":"https:\/\/www.yucatanencorto.com\/noticias\/wp-json\/wp\/v2\/categories?post=93824"},{"taxonomy":"post_tag","embeddable":true,"href":"https:\/\/www.yucatanencorto.com\/noticias\/wp-json\/wp\/v2\/tags?post=93824"}],"curies":[{"name":"wp","href":"https:\/\/api.w.org\/{rel}","templated":true}]}}