{"id":94080,"date":"2022-10-18T10:55:08","date_gmt":"2022-10-18T15:55:08","guid":{"rendered":"https:\/\/www.yucatanencorto.com\/noticias\/?p=94080"},"modified":"2022-10-18T10:55:08","modified_gmt":"2022-10-18T15:55:08","slug":"daddy-yankee-tiene-prediabetes-al-igual-que-sus-hijas","status":"publish","type":"post","link":"https:\/\/www.yucatanencorto.com\/noticias\/daddy-yankee-tiene-prediabetes-al-igual-que-sus-hijas\/","title":{"rendered":"Daddy Yankee Tiene Prediabetes al igual que sus hijas"},"content":{"rendered":"<p><img loading=\"lazy\" decoding=\"async\" class=\"alignnone size-full wp-image-94081\" src=\"https:\/\/www.yucatanencorto.com\/noticias\/wp-content\/uploads\/2022\/10\/te-contamos-cual-es-el-scaled.webp\" alt=\"\" width=\"768\" height=\"478\" srcset=\"https:\/\/www.yucatanencorto.com\/noticias\/wp-content\/uploads\/2022\/10\/te-contamos-cual-es-el-scaled.webp 768w, https:\/\/www.yucatanencorto.com\/noticias\/wp-content\/uploads\/2022\/10\/te-contamos-cual-es-el-696x433.webp 696w, https:\/\/www.yucatanencorto.com\/noticias\/wp-content\/uploads\/2022\/10\/te-contamos-cual-es-el-675x420.webp 675w\" sizes=\"auto, (max-width: 768px) 100vw, 768px\" \/><\/p>\n<p>En la entrevista con el programa de Telemundo, Daddy Yankee explic\u00f3 que desde hace tiempo le detectaron prediabetes, un padecimiento por el que ha tenido que cambiar algunos h\u00e1bitos, especialmente su alimentaci\u00f3n. \u201cEstoy luchando con todo esto dentro de mi cuerpo. Una dieta rigurosa y muchas cosas desconocidas. Siempre tuve muchos mareos, sent\u00eda ganas de colapsar, no entend\u00eda nada.<\/p>\n<p>Despu\u00e9s de muchos estudios me dijeron que esto era serio\u201d. Daddy Yankee mencion\u00f3 que una de sus hijas tambi\u00e9n padece la misma enfermedad, la cual ha estado presente en su familia. El reguetonero tambi\u00e9n dijo que no sab\u00eda que tan importante era cuidar los niveles de az\u00facar en la sangre hasta que le detectaron la prediabetes.<\/p>\n<p>\u201cYo desconoc\u00eda lo que era el az\u00facar hasta que me noque\u00f3. Dije: \u2018\u00a1Wow!, qu\u00e9 es esto, \u00bfes un chiste? Lo \u00fanico que me deja tranquilo es que estoy guerreando junto a una de mis hijas, que tambi\u00e9n padece esta dolencia, y no la dej\u00e9 sola en la batalla. Tengo una hija con diabetes y otra con hipertensi\u00f3n, pues esto ya es de familia\u201d.<\/p>\n<p>La prediabetes puede presentarse cuando hay una falta de asimilaci\u00f3n o una producci\u00f3n anormal de insulina en el cuerpo.<\/p>\n<p>Aunque la prediabetes no presenta s\u00edntomas notorios, las personas pueden sentir algunos cuando ya est\u00e1 muy avanzada o est\u00e1 cerca de convertirse en diabetes tipo 2.<\/p>\n<p>De acuerdo con Mayoclinic, los s\u00edntomas que pueden experimentar las personas con prediabetes son:<\/p>\n<p>Necesidad de orinar frecuentemente<\/p>\n<p>Mucha sed Fatiga<\/p>\n<p>Vista borrosa Aumento del hambre<\/p>\n<p>Infecciones frecuentes<\/p>\n<p>P\u00e9rdida de peso Entumecimiento u hormigueo en manos o pies<\/p>\n<p>Cuando se detecta que una persona tiene prediabetes por lo regular se le recomendar\u00e1 tener una dieta baja en az\u00facares y grasas, as\u00ed como realizar actividad f\u00edsica, no fumar y controlar el colesterol y la presi\u00f3n arterial.<\/p>\n","protected":false},"excerpt":{"rendered":"<p>En la entrevista con el programa de Telemundo, Daddy Yankee explic\u00f3 que desde hace tiempo le detectaron prediabetes, un padecimiento por el que ha tenido que cambiar algunos h\u00e1bitos, especialmente su alimentaci\u00f3n. \u201cEstoy luchando con todo esto dentro de mi cuerpo. Una dieta rigurosa y muchas cosas desconocidas. Siempre tuve muchos mareos, sent\u00eda ganas de [&hellip;]<\/p>\n","protected":false},"author":2,"featured_media":94081,"comment_status":"closed","ping_status":"closed","sticky":false,"template":"","format":"standard","meta":{"footnotes":""},"categories":[9],"tags":[],"class_list":{"0":"post-94080","1":"post","2":"type-post","3":"status-publish","4":"format-standard","5":"has-post-thumbnail","7":"category-sociedad-y-espectaculos"},"yoast_head":"<!-- This site is optimized with the Yoast SEO plugin v27.5 - https:\/\/yoast.com\/product\/yoast-seo-wordpress\/ -->\n<title>Daddy Yankee Tiene Prediabetes al igual que sus hijas - Yucat\u00e1n en corto<\/title>\n<meta name=\"robots\" content=\"index, follow, max-snippet:-1, max-image-preview:large, max-video-preview:-1\" \/>\n<link rel=\"canonical\" href=\"https:\/\/www.yucatanencorto.com\/noticias\/daddy-yankee-tiene-prediabetes-al-igual-que-sus-hijas\/\" \/>\n<meta property=\"og:locale\" content=\"es_ES\" \/>\n<meta property=\"og:type\" content=\"article\" \/>\n<meta property=\"og:title\" content=\"Daddy Yankee Tiene Prediabetes al igual que sus hijas - Yucat\u00e1n en corto\" \/>\n<meta property=\"og:description\" content=\"En la entrevista con el programa de Telemundo, Daddy Yankee explic\u00f3 que desde hace tiempo le detectaron prediabetes, un padecimiento por el que ha tenido que cambiar algunos h\u00e1bitos, especialmente su alimentaci\u00f3n. \u201cEstoy luchando con todo esto dentro de mi cuerpo. Una dieta rigurosa y muchas cosas desconocidas. Siempre tuve muchos mareos, sent\u00eda ganas de [&hellip;]\" \/>\n<meta property=\"og:url\" content=\"https:\/\/www.yucatanencorto.com\/noticias\/daddy-yankee-tiene-prediabetes-al-igual-que-sus-hijas\/\" \/>\n<meta property=\"og:site_name\" content=\"Yucat\u00e1n en corto\" \/>\n<meta property=\"article:publisher\" content=\"http:\/\/www.facebook.com\/yucatanencorto\" \/>\n<meta property=\"article:published_time\" content=\"2022-10-18T15:55:08+00:00\" \/>\n<meta property=\"og:image\" content=\"https:\/\/www.yucatanencorto.com\/noticias\/wp-content\/uploads\/2022\/10\/te-contamos-cual-es-el-scaled.webp\" \/>\n\t<meta property=\"og:image:width\" content=\"768\" \/>\n\t<meta property=\"og:image:height\" content=\"478\" \/>\n\t<meta property=\"og:image:type\" content=\"image\/webp\" \/>\n<meta name=\"author\" content=\"Yucat\u00e1n en Corto FC\" \/>\n<meta name=\"twitter:card\" content=\"summary_large_image\" \/>\n<meta name=\"twitter:creator\" content=\"@yucatanencorto\" \/>\n<meta name=\"twitter:site\" content=\"@yucatanencorto\" \/>\n<meta name=\"twitter:label1\" content=\"Escrito por\" \/>\n\t<meta name=\"twitter:data1\" content=\"Yucat\u00e1n en Corto FC\" \/>\n\t<meta name=\"twitter:label2\" content=\"Tiempo de lectura\" \/>\n\t<meta name=\"twitter:data2\" content=\"2 minutos\" \/>\n<script type=\"application\/ld+json\" class=\"yoast-schema-graph\">{\"@context\":\"https:\\\/\\\/schema.org\",\"@graph\":[{\"@type\":\"Article\",\"@id\":\"https:\\\/\\\/www.yucatanencorto.com\\\/noticias\\\/daddy-yankee-tiene-prediabetes-al-igual-que-sus-hijas\\\/#article\",\"isPartOf\":{\"@id\":\"https:\\\/\\\/www.yucatanencorto.com\\\/noticias\\\/daddy-yankee-tiene-prediabetes-al-igual-que-sus-hijas\\\/\"},\"author\":{\"name\":\"Yucat\u00e1n en Corto FC\",\"@id\":\"https:\\\/\\\/www.yucatanencorto.com\\\/noticias\\\/#\\\/schema\\\/person\\\/14f82d355225a1f4075dd84a31f45a72\"},\"headline\":\"Daddy Yankee Tiene Prediabetes al igual que sus hijas\",\"datePublished\":\"2022-10-18T15:55:08+00:00\",\"mainEntityOfPage\":{\"@id\":\"https:\\\/\\\/www.yucatanencorto.com\\\/noticias\\\/daddy-yankee-tiene-prediabetes-al-igual-que-sus-hijas\\\/\"},\"wordCount\":327,\"image\":{\"@id\":\"https:\\\/\\\/www.yucatanencorto.com\\\/noticias\\\/daddy-yankee-tiene-prediabetes-al-igual-que-sus-hijas\\\/#primaryimage\"},\"thumbnailUrl\":\"https:\\\/\\\/www.yucatanencorto.com\\\/noticias\\\/wp-content\\\/uploads\\\/2022\\\/10\\\/te-contamos-cual-es-el-scaled.webp\",\"articleSection\":[\"Sociedad y Espect\u00e1culos\"],\"inLanguage\":\"es\"},{\"@type\":\"WebPage\",\"@id\":\"https:\\\/\\\/www.yucatanencorto.com\\\/noticias\\\/daddy-yankee-tiene-prediabetes-al-igual-que-sus-hijas\\\/\",\"url\":\"https:\\\/\\\/www.yucatanencorto.com\\\/noticias\\\/daddy-yankee-tiene-prediabetes-al-igual-que-sus-hijas\\\/\",\"name\":\"Daddy Yankee Tiene Prediabetes al igual que sus hijas - Yucat\u00e1n en corto\",\"isPartOf\":{\"@id\":\"https:\\\/\\\/www.yucatanencorto.com\\\/noticias\\\/#website\"},\"primaryImageOfPage\":{\"@id\":\"https:\\\/\\\/www.yucatanencorto.com\\\/noticias\\\/daddy-yankee-tiene-prediabetes-al-igual-que-sus-hijas\\\/#primaryimage\"},\"image\":{\"@id\":\"https:\\\/\\\/www.yucatanencorto.com\\\/noticias\\\/daddy-yankee-tiene-prediabetes-al-igual-que-sus-hijas\\\/#primaryimage\"},\"thumbnailUrl\":\"https:\\\/\\\/www.yucatanencorto.com\\\/noticias\\\/wp-content\\\/uploads\\\/2022\\\/10\\\/te-contamos-cual-es-el-scaled.webp\",\"datePublished\":\"2022-10-18T15:55:08+00:00\",\"author\":{\"@id\":\"https:\\\/\\\/www.yucatanencorto.com\\\/noticias\\\/#\\\/schema\\\/person\\\/14f82d355225a1f4075dd84a31f45a72\"},\"breadcrumb\":{\"@id\":\"https:\\\/\\\/www.yucatanencorto.com\\\/noticias\\\/daddy-yankee-tiene-prediabetes-al-igual-que-sus-hijas\\\/#breadcrumb\"},\"inLanguage\":\"es\",\"potentialAction\":[{\"@type\":\"ReadAction\",\"target\":[\"https:\\\/\\\/www.yucatanencorto.com\\\/noticias\\\/daddy-yankee-tiene-prediabetes-al-igual-que-sus-hijas\\\/\"]}]},{\"@type\":\"ImageObject\",\"inLanguage\":\"es\",\"@id\":\"https:\\\/\\\/www.yucatanencorto.com\\\/noticias\\\/daddy-yankee-tiene-prediabetes-al-igual-que-sus-hijas\\\/#primaryimage\",\"url\":\"https:\\\/\\\/www.yucatanencorto.com\\\/noticias\\\/wp-content\\\/uploads\\\/2022\\\/10\\\/te-contamos-cual-es-el-scaled.webp\",\"contentUrl\":\"https:\\\/\\\/www.yucatanencorto.com\\\/noticias\\\/wp-content\\\/uploads\\\/2022\\\/10\\\/te-contamos-cual-es-el-scaled.webp\",\"width\":768,\"height\":478},{\"@type\":\"BreadcrumbList\",\"@id\":\"https:\\\/\\\/www.yucatanencorto.com\\\/noticias\\\/daddy-yankee-tiene-prediabetes-al-igual-que-sus-hijas\\\/#breadcrumb\",\"itemListElement\":[{\"@type\":\"ListItem\",\"position\":1,\"name\":\"Portada\",\"item\":\"https:\\\/\\\/www.yucatanencorto.com\\\/noticias\\\/\"},{\"@type\":\"ListItem\",\"position\":2,\"name\":\"Daddy Yankee Tiene Prediabetes al igual que sus hijas\"}]},{\"@type\":\"WebSite\",\"@id\":\"https:\\\/\\\/www.yucatanencorto.com\\\/noticias\\\/#website\",\"url\":\"https:\\\/\\\/www.yucatanencorto.com\\\/noticias\\\/\",\"name\":\"Yucat\u00e1n en corto\",\"description\":\"Noticias\",\"potentialAction\":[{\"@type\":\"SearchAction\",\"target\":{\"@type\":\"EntryPoint\",\"urlTemplate\":\"https:\\\/\\\/www.yucatanencorto.com\\\/noticias\\\/?s={search_term_string}\"},\"query-input\":{\"@type\":\"PropertyValueSpecification\",\"valueRequired\":true,\"valueName\":\"search_term_string\"}}],\"inLanguage\":\"es\"},{\"@type\":\"Person\",\"@id\":\"https:\\\/\\\/www.yucatanencorto.com\\\/noticias\\\/#\\\/schema\\\/person\\\/14f82d355225a1f4075dd84a31f45a72\",\"name\":\"Yucat\u00e1n en Corto FC\",\"image\":{\"@type\":\"ImageObject\",\"inLanguage\":\"es\",\"@id\":\"https:\\\/\\\/secure.gravatar.com\\\/avatar\\\/147d4b30cd728c53c29c49a3f7834dedca33707f4cd259761355846009a88250?s=96&d=mm&r=g\",\"url\":\"https:\\\/\\\/secure.gravatar.com\\\/avatar\\\/147d4b30cd728c53c29c49a3f7834dedca33707f4cd259761355846009a88250?s=96&d=mm&r=g\",\"contentUrl\":\"https:\\\/\\\/secure.gravatar.com\\\/avatar\\\/147d4b30cd728c53c29c49a3f7834dedca33707f4cd259761355846009a88250?s=96&d=mm&r=g\",\"caption\":\"Yucat\u00e1n en Corto FC\"},\"url\":\"https:\\\/\\\/www.yucatanencorto.com\\\/noticias\\\/author\\\/flor\\\/\"}]}<\/script>\n<!-- \/ Yoast SEO plugin. -->","yoast_head_json":{"title":"Daddy Yankee Tiene Prediabetes al igual que sus hijas - Yucat\u00e1n en corto","robots":{"index":"index","follow":"follow","max-snippet":"max-snippet:-1","max-image-preview":"max-image-preview:large","max-video-preview":"max-video-preview:-1"},"canonical":"https:\/\/www.yucatanencorto.com\/noticias\/daddy-yankee-tiene-prediabetes-al-igual-que-sus-hijas\/","og_locale":"es_ES","og_type":"article","og_title":"Daddy Yankee Tiene Prediabetes al igual que sus hijas - Yucat\u00e1n en corto","og_description":"En la entrevista con el programa de Telemundo, Daddy Yankee explic\u00f3 que desde hace tiempo le detectaron prediabetes, un padecimiento por el que ha tenido que cambiar algunos h\u00e1bitos, especialmente su alimentaci\u00f3n. \u201cEstoy luchando con todo esto dentro de mi cuerpo. Una dieta rigurosa y muchas cosas desconocidas. Siempre tuve muchos mareos, sent\u00eda ganas de [&hellip;]","og_url":"https:\/\/www.yucatanencorto.com\/noticias\/daddy-yankee-tiene-prediabetes-al-igual-que-sus-hijas\/","og_site_name":"Yucat\u00e1n en corto","article_publisher":"http:\/\/www.facebook.com\/yucatanencorto","article_published_time":"2022-10-18T15:55:08+00:00","og_image":[{"width":768,"height":478,"url":"https:\/\/www.yucatanencorto.com\/noticias\/wp-content\/uploads\/2022\/10\/te-contamos-cual-es-el-scaled.webp","type":"image\/webp"}],"author":"Yucat\u00e1n en Corto FC","twitter_card":"summary_large_image","twitter_creator":"@yucatanencorto","twitter_site":"@yucatanencorto","twitter_misc":{"Escrito por":"Yucat\u00e1n en Corto FC","Tiempo de lectura":"2 minutos"},"schema":{"@context":"https:\/\/schema.org","@graph":[{"@type":"Article","@id":"https:\/\/www.yucatanencorto.com\/noticias\/daddy-yankee-tiene-prediabetes-al-igual-que-sus-hijas\/#article","isPartOf":{"@id":"https:\/\/www.yucatanencorto.com\/noticias\/daddy-yankee-tiene-prediabetes-al-igual-que-sus-hijas\/"},"author":{"name":"Yucat\u00e1n en Corto FC","@id":"https:\/\/www.yucatanencorto.com\/noticias\/#\/schema\/person\/14f82d355225a1f4075dd84a31f45a72"},"headline":"Daddy Yankee Tiene Prediabetes al igual que sus hijas","datePublished":"2022-10-18T15:55:08+00:00","mainEntityOfPage":{"@id":"https:\/\/www.yucatanencorto.com\/noticias\/daddy-yankee-tiene-prediabetes-al-igual-que-sus-hijas\/"},"wordCount":327,"image":{"@id":"https:\/\/www.yucatanencorto.com\/noticias\/daddy-yankee-tiene-prediabetes-al-igual-que-sus-hijas\/#primaryimage"},"thumbnailUrl":"https:\/\/www.yucatanencorto.com\/noticias\/wp-content\/uploads\/2022\/10\/te-contamos-cual-es-el-scaled.webp","articleSection":["Sociedad y Espect\u00e1culos"],"inLanguage":"es"},{"@type":"WebPage","@id":"https:\/\/www.yucatanencorto.com\/noticias\/daddy-yankee-tiene-prediabetes-al-igual-que-sus-hijas\/","url":"https:\/\/www.yucatanencorto.com\/noticias\/daddy-yankee-tiene-prediabetes-al-igual-que-sus-hijas\/","name":"Daddy Yankee Tiene Prediabetes al igual que sus hijas - Yucat\u00e1n en corto","isPartOf":{"@id":"https:\/\/www.yucatanencorto.com\/noticias\/#website"},"primaryImageOfPage":{"@id":"https:\/\/www.yucatanencorto.com\/noticias\/daddy-yankee-tiene-prediabetes-al-igual-que-sus-hijas\/#primaryimage"},"image":{"@id":"https:\/\/www.yucatanencorto.com\/noticias\/daddy-yankee-tiene-prediabetes-al-igual-que-sus-hijas\/#primaryimage"},"thumbnailUrl":"https:\/\/www.yucatanencorto.com\/noticias\/wp-content\/uploads\/2022\/10\/te-contamos-cual-es-el-scaled.webp","datePublished":"2022-10-18T15:55:08+00:00","author":{"@id":"https:\/\/www.yucatanencorto.com\/noticias\/#\/schema\/person\/14f82d355225a1f4075dd84a31f45a72"},"breadcrumb":{"@id":"https:\/\/www.yucatanencorto.com\/noticias\/daddy-yankee-tiene-prediabetes-al-igual-que-sus-hijas\/#breadcrumb"},"inLanguage":"es","potentialAction":[{"@type":"ReadAction","target":["https:\/\/www.yucatanencorto.com\/noticias\/daddy-yankee-tiene-prediabetes-al-igual-que-sus-hijas\/"]}]},{"@type":"ImageObject","inLanguage":"es","@id":"https:\/\/www.yucatanencorto.com\/noticias\/daddy-yankee-tiene-prediabetes-al-igual-que-sus-hijas\/#primaryimage","url":"https:\/\/www.yucatanencorto.com\/noticias\/wp-content\/uploads\/2022\/10\/te-contamos-cual-es-el-scaled.webp","contentUrl":"https:\/\/www.yucatanencorto.com\/noticias\/wp-content\/uploads\/2022\/10\/te-contamos-cual-es-el-scaled.webp","width":768,"height":478},{"@type":"BreadcrumbList","@id":"https:\/\/www.yucatanencorto.com\/noticias\/daddy-yankee-tiene-prediabetes-al-igual-que-sus-hijas\/#breadcrumb","itemListElement":[{"@type":"ListItem","position":1,"name":"Portada","item":"https:\/\/www.yucatanencorto.com\/noticias\/"},{"@type":"ListItem","position":2,"name":"Daddy Yankee Tiene Prediabetes al igual que sus hijas"}]},{"@type":"WebSite","@id":"https:\/\/www.yucatanencorto.com\/noticias\/#website","url":"https:\/\/www.yucatanencorto.com\/noticias\/","name":"Yucat\u00e1n en corto","description":"Noticias","potentialAction":[{"@type":"SearchAction","target":{"@type":"EntryPoint","urlTemplate":"https:\/\/www.yucatanencorto.com\/noticias\/?s={search_term_string}"},"query-input":{"@type":"PropertyValueSpecification","valueRequired":true,"valueName":"search_term_string"}}],"inLanguage":"es"},{"@type":"Person","@id":"https:\/\/www.yucatanencorto.com\/noticias\/#\/schema\/person\/14f82d355225a1f4075dd84a31f45a72","name":"Yucat\u00e1n en Corto FC","image":{"@type":"ImageObject","inLanguage":"es","@id":"https:\/\/secure.gravatar.com\/avatar\/147d4b30cd728c53c29c49a3f7834dedca33707f4cd259761355846009a88250?s=96&d=mm&r=g","url":"https:\/\/secure.gravatar.com\/avatar\/147d4b30cd728c53c29c49a3f7834dedca33707f4cd259761355846009a88250?s=96&d=mm&r=g","contentUrl":"https:\/\/secure.gravatar.com\/avatar\/147d4b30cd728c53c29c49a3f7834dedca33707f4cd259761355846009a88250?s=96&d=mm&r=g","caption":"Yucat\u00e1n en Corto FC"},"url":"https:\/\/www.yucatanencorto.com\/noticias\/author\/flor\/"}]}},"_links":{"self":[{"href":"https:\/\/www.yucatanencorto.com\/noticias\/wp-json\/wp\/v2\/posts\/94080","targetHints":{"allow":["GET"]}}],"collection":[{"href":"https:\/\/www.yucatanencorto.com\/noticias\/wp-json\/wp\/v2\/posts"}],"about":[{"href":"https:\/\/www.yucatanencorto.com\/noticias\/wp-json\/wp\/v2\/types\/post"}],"author":[{"embeddable":true,"href":"https:\/\/www.yucatanencorto.com\/noticias\/wp-json\/wp\/v2\/users\/2"}],"replies":[{"embeddable":true,"href":"https:\/\/www.yucatanencorto.com\/noticias\/wp-json\/wp\/v2\/comments?post=94080"}],"version-history":[{"count":0,"href":"https:\/\/www.yucatanencorto.com\/noticias\/wp-json\/wp\/v2\/posts\/94080\/revisions"}],"wp:featuredmedia":[{"embeddable":true,"href":"https:\/\/www.yucatanencorto.com\/noticias\/wp-json\/wp\/v2\/media\/94081"}],"wp:attachment":[{"href":"https:\/\/www.yucatanencorto.com\/noticias\/wp-json\/wp\/v2\/media?parent=94080"}],"wp:term":[{"taxonomy":"category","embeddable":true,"href":"https:\/\/www.yucatanencorto.com\/noticias\/wp-json\/wp\/v2\/categories?post=94080"},{"taxonomy":"post_tag","embeddable":true,"href":"https:\/\/www.yucatanencorto.com\/noticias\/wp-json\/wp\/v2\/tags?post=94080"}],"curies":[{"name":"wp","href":"https:\/\/api.w.org\/{rel}","templated":true}]}}