{"id":94243,"date":"2022-10-25T08:31:54","date_gmt":"2022-10-25T13:31:54","guid":{"rendered":"https:\/\/www.yucatanencorto.com\/noticias\/?p=94243"},"modified":"2022-10-25T08:31:54","modified_gmt":"2022-10-25T13:31:54","slug":"que-le-paso-al-ojo-de-katy-perry-preocupa-a-sus-fans","status":"publish","type":"post","link":"https:\/\/www.yucatanencorto.com\/noticias\/que-le-paso-al-ojo-de-katy-perry-preocupa-a-sus-fans\/","title":{"rendered":"\u00bfQu\u00e9 le pas\u00f3 al ojo de Katy Perry? Preocupa a sus fans"},"content":{"rendered":"<p><img loading=\"lazy\" decoding=\"async\" class=\"alignnone size-full wp-image-94244\" src=\"https:\/\/www.yucatanencorto.com\/noticias\/wp-content\/uploads\/2022\/10\/2844509-scaled.jpg\" alt=\"\" width=\"768\" height=\"576\" srcset=\"https:\/\/www.yucatanencorto.com\/noticias\/wp-content\/uploads\/2022\/10\/2844509-scaled.jpg 768w, https:\/\/www.yucatanencorto.com\/noticias\/wp-content\/uploads\/2022\/10\/2844509-696x522.jpg 696w, https:\/\/www.yucatanencorto.com\/noticias\/wp-content\/uploads\/2022\/10\/2844509-1068x801.jpg 1068w, https:\/\/www.yucatanencorto.com\/noticias\/wp-content\/uploads\/2022\/10\/2844509-560x420.jpg 560w, https:\/\/www.yucatanencorto.com\/noticias\/wp-content\/uploads\/2022\/10\/2844509-80x60.jpg 80w, https:\/\/www.yucatanencorto.com\/noticias\/wp-content\/uploads\/2022\/10\/2844509-265x198.jpg 265w\" sizes=\"auto, (max-width: 768px) 100vw, 768px\" \/>Decenas de usuarios en las plataformas sociales han compartido el\u00a0video de Katy Perry parpadeando un solo ojo de manera muy extra\u00f1a, como si se tratara de un tic nervioso, aunque otros han ido m\u00e1s all\u00e1 y enarbolan teor\u00edas conspirativas sobre este extra\u00f1o lapsus de la artista que ha generado cientos de miles de interacciones.<\/p>\n<p>\u00bfQu\u00e9 le pas\u00f3 a Katy Perry en el ojo?<\/p>\n<p>Un\u00a0extra\u00f1o video de Katy Perry\u00a0en el escenario mientras tiene algunas\u00a0dificultades con su p\u00e1rpado derecho, que no deja de cerrarse, se viraliz\u00f3. La pregunta que muchos se han hecho es: \u00ab\u00bfQu\u00e9 ser humano en el planeta ha tenido ese problema y lo solucion\u00f3 toc\u00e1ndose la cara?\u00bb, generando sospechas incluso de que se trata de un\u00a0clon o androide de la cantante.<\/p>\n<p>Tras unos 20 segundos en que la int\u00e9rprete batalla con esas gesticulaciones, toma el micr\u00f3fono y sigue como si nada pidiendo los gritos del p\u00fablico. Los comentarios no se han hecho esperar y los hay de todo tipo, pero para ti\u00a0\u00bfqu\u00e9 fue eso en el p\u00e1rpado de Katy Perry?\u00a0Porque, hasta el momento, no hay quien lo haya aclarado.<\/p>\n<p>&nbsp;<\/p>\n<p>&nbsp;<\/p>\n","protected":false},"excerpt":{"rendered":"<p>Decenas de usuarios en las plataformas sociales han compartido el\u00a0video de Katy Perry parpadeando un solo ojo de manera muy extra\u00f1a, como si se tratara de un tic nervioso, aunque otros han ido m\u00e1s all\u00e1 y enarbolan teor\u00edas conspirativas sobre este extra\u00f1o lapsus de la artista que ha generado cientos de miles de interacciones. \u00bfQu\u00e9 [&hellip;]<\/p>\n","protected":false},"author":2,"featured_media":94244,"comment_status":"closed","ping_status":"closed","sticky":false,"template":"","format":"standard","meta":{"footnotes":""},"categories":[8908],"tags":[],"class_list":["post-94243","post","type-post","status-publish","format-standard","has-post-thumbnail","category-viral-y-asombroso"],"yoast_head":"<!-- This site is optimized with the Yoast SEO plugin v28.3 - https:\/\/yoast.com\/product\/yoast-seo-wordpress\/ -->\n<title>\u00bfQu\u00e9 le pas\u00f3 al ojo de Katy Perry? Preocupa a sus fans - Yucat\u00e1n en corto<\/title>\n<meta name=\"robots\" content=\"index, follow, max-snippet:-1, max-image-preview:large, max-video-preview:-1\" \/>\n<link rel=\"canonical\" href=\"https:\/\/www.yucatanencorto.com\/noticias\/que-le-paso-al-ojo-de-katy-perry-preocupa-a-sus-fans\/\" \/>\n<meta property=\"og:locale\" content=\"es_ES\" \/>\n<meta property=\"og:type\" content=\"article\" \/>\n<meta property=\"og:title\" content=\"\u00bfQu\u00e9 le pas\u00f3 al ojo de Katy Perry? Preocupa a sus fans - Yucat\u00e1n en corto\" \/>\n<meta property=\"og:description\" content=\"Decenas de usuarios en las plataformas sociales han compartido el\u00a0video de Katy Perry parpadeando un solo ojo de manera muy extra\u00f1a, como si se tratara de un tic nervioso, aunque otros han ido m\u00e1s all\u00e1 y enarbolan teor\u00edas conspirativas sobre este extra\u00f1o lapsus de la artista que ha generado cientos de miles de interacciones. \u00bfQu\u00e9 [&hellip;]\" \/>\n<meta property=\"og:url\" content=\"https:\/\/www.yucatanencorto.com\/noticias\/que-le-paso-al-ojo-de-katy-perry-preocupa-a-sus-fans\/\" \/>\n<meta property=\"og:site_name\" content=\"Yucat\u00e1n en corto\" \/>\n<meta property=\"article:publisher\" content=\"http:\/\/www.facebook.com\/yucatanencorto\" \/>\n<meta property=\"article:published_time\" content=\"2022-10-25T13:31:54+00:00\" \/>\n<meta property=\"og:image\" content=\"https:\/\/www.yucatanencorto.com\/noticias\/wp-content\/uploads\/2022\/10\/2844509-scaled.jpg\" \/>\n\t<meta property=\"og:image:width\" content=\"768\" \/>\n\t<meta property=\"og:image:height\" content=\"576\" \/>\n\t<meta property=\"og:image:type\" content=\"image\/jpeg\" \/>\n<meta name=\"author\" content=\"Yucat\u00e1n en Corto FC\" \/>\n<meta name=\"twitter:card\" content=\"summary_large_image\" \/>\n<meta name=\"twitter:creator\" content=\"@yucatanencorto\" \/>\n<meta name=\"twitter:site\" content=\"@yucatanencorto\" \/>\n<meta name=\"twitter:label1\" content=\"Escrito por\" \/>\n\t<meta name=\"twitter:data1\" content=\"Yucat\u00e1n en Corto FC\" \/>\n\t<meta name=\"twitter:label2\" content=\"Tiempo de lectura\" \/>\n\t<meta name=\"twitter:data2\" content=\"2 minutos\" \/>\n<script type=\"application\/ld+json\" class=\"yoast-schema-graph\">{\"@context\":\"https:\\\/\\\/schema.org\",\"@graph\":[{\"@type\":\"Article\",\"@id\":\"https:\\\/\\\/www.yucatanencorto.com\\\/noticias\\\/que-le-paso-al-ojo-de-katy-perry-preocupa-a-sus-fans\\\/#article\",\"isPartOf\":{\"@id\":\"https:\\\/\\\/www.yucatanencorto.com\\\/noticias\\\/que-le-paso-al-ojo-de-katy-perry-preocupa-a-sus-fans\\\/\"},\"author\":{\"name\":\"Yucat\u00e1n en Corto FC\",\"@id\":\"https:\\\/\\\/www.yucatanencorto.com\\\/noticias\\\/#\\\/schema\\\/person\\\/14f82d355225a1f4075dd84a31f45a72\"},\"headline\":\"\u00bfQu\u00e9 le pas\u00f3 al ojo de Katy Perry? Preocupa a sus fans\",\"datePublished\":\"2022-10-25T13:31:54+00:00\",\"mainEntityOfPage\":{\"@id\":\"https:\\\/\\\/www.yucatanencorto.com\\\/noticias\\\/que-le-paso-al-ojo-de-katy-perry-preocupa-a-sus-fans\\\/\"},\"wordCount\":211,\"publisher\":{\"@id\":\"https:\\\/\\\/www.yucatanencorto.com\\\/noticias\\\/#organization\"},\"image\":{\"@id\":\"https:\\\/\\\/www.yucatanencorto.com\\\/noticias\\\/que-le-paso-al-ojo-de-katy-perry-preocupa-a-sus-fans\\\/#primaryimage\"},\"thumbnailUrl\":\"https:\\\/\\\/www.yucatanencorto.com\\\/noticias\\\/wp-content\\\/uploads\\\/2022\\\/10\\\/2844509-scaled.jpg\",\"articleSection\":[\"Viral y Asombroso\"],\"inLanguage\":\"es\"},{\"@type\":\"WebPage\",\"@id\":\"https:\\\/\\\/www.yucatanencorto.com\\\/noticias\\\/que-le-paso-al-ojo-de-katy-perry-preocupa-a-sus-fans\\\/\",\"url\":\"https:\\\/\\\/www.yucatanencorto.com\\\/noticias\\\/que-le-paso-al-ojo-de-katy-perry-preocupa-a-sus-fans\\\/\",\"name\":\"\u00bfQu\u00e9 le pas\u00f3 al ojo de Katy Perry? Preocupa a sus fans - Yucat\u00e1n en corto\",\"isPartOf\":{\"@id\":\"https:\\\/\\\/www.yucatanencorto.com\\\/noticias\\\/#website\"},\"primaryImageOfPage\":{\"@id\":\"https:\\\/\\\/www.yucatanencorto.com\\\/noticias\\\/que-le-paso-al-ojo-de-katy-perry-preocupa-a-sus-fans\\\/#primaryimage\"},\"image\":{\"@id\":\"https:\\\/\\\/www.yucatanencorto.com\\\/noticias\\\/que-le-paso-al-ojo-de-katy-perry-preocupa-a-sus-fans\\\/#primaryimage\"},\"thumbnailUrl\":\"https:\\\/\\\/www.yucatanencorto.com\\\/noticias\\\/wp-content\\\/uploads\\\/2022\\\/10\\\/2844509-scaled.jpg\",\"datePublished\":\"2022-10-25T13:31:54+00:00\",\"breadcrumb\":{\"@id\":\"https:\\\/\\\/www.yucatanencorto.com\\\/noticias\\\/que-le-paso-al-ojo-de-katy-perry-preocupa-a-sus-fans\\\/#breadcrumb\"},\"inLanguage\":\"es\",\"potentialAction\":[{\"@type\":\"ReadAction\",\"target\":[\"https:\\\/\\\/www.yucatanencorto.com\\\/noticias\\\/que-le-paso-al-ojo-de-katy-perry-preocupa-a-sus-fans\\\/\"]}]},{\"@type\":\"ImageObject\",\"inLanguage\":\"es\",\"@id\":\"https:\\\/\\\/www.yucatanencorto.com\\\/noticias\\\/que-le-paso-al-ojo-de-katy-perry-preocupa-a-sus-fans\\\/#primaryimage\",\"url\":\"https:\\\/\\\/www.yucatanencorto.com\\\/noticias\\\/wp-content\\\/uploads\\\/2022\\\/10\\\/2844509-scaled.jpg\",\"contentUrl\":\"https:\\\/\\\/www.yucatanencorto.com\\\/noticias\\\/wp-content\\\/uploads\\\/2022\\\/10\\\/2844509-scaled.jpg\",\"width\":768,\"height\":576},{\"@type\":\"BreadcrumbList\",\"@id\":\"https:\\\/\\\/www.yucatanencorto.com\\\/noticias\\\/que-le-paso-al-ojo-de-katy-perry-preocupa-a-sus-fans\\\/#breadcrumb\",\"itemListElement\":[{\"@type\":\"ListItem\",\"position\":1,\"name\":\"Portada\",\"item\":\"https:\\\/\\\/www.yucatanencorto.com\\\/noticias\\\/\"},{\"@type\":\"ListItem\",\"position\":2,\"name\":\"\u00bfQu\u00e9 le pas\u00f3 al ojo de Katy Perry? Preocupa a sus fans\"}]},{\"@type\":\"WebSite\",\"@id\":\"https:\\\/\\\/www.yucatanencorto.com\\\/noticias\\\/#website\",\"url\":\"https:\\\/\\\/www.yucatanencorto.com\\\/noticias\\\/\",\"name\":\"Yucat\u00e1n en corto\",\"description\":\"Noticias\",\"publisher\":{\"@id\":\"https:\\\/\\\/www.yucatanencorto.com\\\/noticias\\\/#organization\"},\"potentialAction\":[{\"@type\":\"SearchAction\",\"target\":{\"@type\":\"EntryPoint\",\"urlTemplate\":\"https:\\\/\\\/www.yucatanencorto.com\\\/noticias\\\/?s={search_term_string}\"},\"query-input\":{\"@type\":\"PropertyValueSpecification\",\"valueRequired\":true,\"valueName\":\"search_term_string\"}}],\"inLanguage\":\"es\"},{\"@type\":\"Organization\",\"@id\":\"https:\\\/\\\/www.yucatanencorto.com\\\/noticias\\\/#organization\",\"name\":\"Yucat\u00e1n en corto\",\"url\":\"https:\\\/\\\/www.yucatanencorto.com\\\/noticias\\\/\",\"logo\":{\"@type\":\"ImageObject\",\"inLanguage\":\"es\",\"@id\":\"https:\\\/\\\/www.yucatanencorto.com\\\/noticias\\\/#\\\/schema\\\/logo\\\/image\\\/\",\"url\":\"https:\\\/\\\/www.yucatanencorto.com\\\/noticias\\\/wp-content\\\/uploads\\\/2026\\\/08\\\/Logo-web.png\",\"contentUrl\":\"https:\\\/\\\/www.yucatanencorto.com\\\/noticias\\\/wp-content\\\/uploads\\\/2026\\\/08\\\/Logo-web.png\",\"width\":272,\"height\":90,\"caption\":\"Yucat\u00e1n en corto\"},\"image\":{\"@id\":\"https:\\\/\\\/www.yucatanencorto.com\\\/noticias\\\/#\\\/schema\\\/logo\\\/image\\\/\"},\"sameAs\":[\"http:\\\/\\\/www.facebook.com\\\/yucatanencorto\",\"https:\\\/\\\/x.com\\\/yucatanencorto\"]},{\"@type\":\"Person\",\"@id\":\"https:\\\/\\\/www.yucatanencorto.com\\\/noticias\\\/#\\\/schema\\\/person\\\/14f82d355225a1f4075dd84a31f45a72\",\"name\":\"Yucat\u00e1n en Corto FC\",\"image\":{\"@type\":\"ImageObject\",\"inLanguage\":\"es\",\"@id\":\"https:\\\/\\\/secure.gravatar.com\\\/avatar\\\/147d4b30cd728c53c29c49a3f7834dedca33707f4cd259761355846009a88250?s=96&d=mm&r=g\",\"url\":\"https:\\\/\\\/secure.gravatar.com\\\/avatar\\\/147d4b30cd728c53c29c49a3f7834dedca33707f4cd259761355846009a88250?s=96&d=mm&r=g\",\"contentUrl\":\"https:\\\/\\\/secure.gravatar.com\\\/avatar\\\/147d4b30cd728c53c29c49a3f7834dedca33707f4cd259761355846009a88250?s=96&d=mm&r=g\",\"caption\":\"Yucat\u00e1n en Corto FC\"},\"url\":\"https:\\\/\\\/www.yucatanencorto.com\\\/noticias\\\/author\\\/flor\\\/\"}]}<\/script>\n<!-- \/ Yoast SEO plugin. -->","yoast_head_json":{"title":"\u00bfQu\u00e9 le pas\u00f3 al ojo de Katy Perry? Preocupa a sus fans - Yucat\u00e1n en corto","robots":{"index":"index","follow":"follow","max-snippet":"max-snippet:-1","max-image-preview":"max-image-preview:large","max-video-preview":"max-video-preview:-1"},"canonical":"https:\/\/www.yucatanencorto.com\/noticias\/que-le-paso-al-ojo-de-katy-perry-preocupa-a-sus-fans\/","og_locale":"es_ES","og_type":"article","og_title":"\u00bfQu\u00e9 le pas\u00f3 al ojo de Katy Perry? Preocupa a sus fans - Yucat\u00e1n en corto","og_description":"Decenas de usuarios en las plataformas sociales han compartido el\u00a0video de Katy Perry parpadeando un solo ojo de manera muy extra\u00f1a, como si se tratara de un tic nervioso, aunque otros han ido m\u00e1s all\u00e1 y enarbolan teor\u00edas conspirativas sobre este extra\u00f1o lapsus de la artista que ha generado cientos de miles de interacciones. \u00bfQu\u00e9 [&hellip;]","og_url":"https:\/\/www.yucatanencorto.com\/noticias\/que-le-paso-al-ojo-de-katy-perry-preocupa-a-sus-fans\/","og_site_name":"Yucat\u00e1n en corto","article_publisher":"http:\/\/www.facebook.com\/yucatanencorto","article_published_time":"2022-10-25T13:31:54+00:00","og_image":[{"width":768,"height":576,"url":"https:\/\/www.yucatanencorto.com\/noticias\/wp-content\/uploads\/2022\/10\/2844509-scaled.jpg","type":"image\/jpeg"}],"author":"Yucat\u00e1n en Corto FC","twitter_card":"summary_large_image","twitter_creator":"@yucatanencorto","twitter_site":"@yucatanencorto","twitter_misc":{"Escrito por":"Yucat\u00e1n en Corto FC","Tiempo de lectura":"2 minutos"},"schema":{"@context":"https:\/\/schema.org","@graph":[{"@type":"Article","@id":"https:\/\/www.yucatanencorto.com\/noticias\/que-le-paso-al-ojo-de-katy-perry-preocupa-a-sus-fans\/#article","isPartOf":{"@id":"https:\/\/www.yucatanencorto.com\/noticias\/que-le-paso-al-ojo-de-katy-perry-preocupa-a-sus-fans\/"},"author":{"name":"Yucat\u00e1n en Corto FC","@id":"https:\/\/www.yucatanencorto.com\/noticias\/#\/schema\/person\/14f82d355225a1f4075dd84a31f45a72"},"headline":"\u00bfQu\u00e9 le pas\u00f3 al ojo de Katy Perry? Preocupa a sus fans","datePublished":"2022-10-25T13:31:54+00:00","mainEntityOfPage":{"@id":"https:\/\/www.yucatanencorto.com\/noticias\/que-le-paso-al-ojo-de-katy-perry-preocupa-a-sus-fans\/"},"wordCount":211,"publisher":{"@id":"https:\/\/www.yucatanencorto.com\/noticias\/#organization"},"image":{"@id":"https:\/\/www.yucatanencorto.com\/noticias\/que-le-paso-al-ojo-de-katy-perry-preocupa-a-sus-fans\/#primaryimage"},"thumbnailUrl":"https:\/\/www.yucatanencorto.com\/noticias\/wp-content\/uploads\/2022\/10\/2844509-scaled.jpg","articleSection":["Viral y Asombroso"],"inLanguage":"es"},{"@type":"WebPage","@id":"https:\/\/www.yucatanencorto.com\/noticias\/que-le-paso-al-ojo-de-katy-perry-preocupa-a-sus-fans\/","url":"https:\/\/www.yucatanencorto.com\/noticias\/que-le-paso-al-ojo-de-katy-perry-preocupa-a-sus-fans\/","name":"\u00bfQu\u00e9 le pas\u00f3 al ojo de Katy Perry? Preocupa a sus fans - Yucat\u00e1n en corto","isPartOf":{"@id":"https:\/\/www.yucatanencorto.com\/noticias\/#website"},"primaryImageOfPage":{"@id":"https:\/\/www.yucatanencorto.com\/noticias\/que-le-paso-al-ojo-de-katy-perry-preocupa-a-sus-fans\/#primaryimage"},"image":{"@id":"https:\/\/www.yucatanencorto.com\/noticias\/que-le-paso-al-ojo-de-katy-perry-preocupa-a-sus-fans\/#primaryimage"},"thumbnailUrl":"https:\/\/www.yucatanencorto.com\/noticias\/wp-content\/uploads\/2022\/10\/2844509-scaled.jpg","datePublished":"2022-10-25T13:31:54+00:00","breadcrumb":{"@id":"https:\/\/www.yucatanencorto.com\/noticias\/que-le-paso-al-ojo-de-katy-perry-preocupa-a-sus-fans\/#breadcrumb"},"inLanguage":"es","potentialAction":[{"@type":"ReadAction","target":["https:\/\/www.yucatanencorto.com\/noticias\/que-le-paso-al-ojo-de-katy-perry-preocupa-a-sus-fans\/"]}]},{"@type":"ImageObject","inLanguage":"es","@id":"https:\/\/www.yucatanencorto.com\/noticias\/que-le-paso-al-ojo-de-katy-perry-preocupa-a-sus-fans\/#primaryimage","url":"https:\/\/www.yucatanencorto.com\/noticias\/wp-content\/uploads\/2022\/10\/2844509-scaled.jpg","contentUrl":"https:\/\/www.yucatanencorto.com\/noticias\/wp-content\/uploads\/2022\/10\/2844509-scaled.jpg","width":768,"height":576},{"@type":"BreadcrumbList","@id":"https:\/\/www.yucatanencorto.com\/noticias\/que-le-paso-al-ojo-de-katy-perry-preocupa-a-sus-fans\/#breadcrumb","itemListElement":[{"@type":"ListItem","position":1,"name":"Portada","item":"https:\/\/www.yucatanencorto.com\/noticias\/"},{"@type":"ListItem","position":2,"name":"\u00bfQu\u00e9 le pas\u00f3 al ojo de Katy Perry? Preocupa a sus fans"}]},{"@type":"WebSite","@id":"https:\/\/www.yucatanencorto.com\/noticias\/#website","url":"https:\/\/www.yucatanencorto.com\/noticias\/","name":"Yucat\u00e1n en corto","description":"Noticias","publisher":{"@id":"https:\/\/www.yucatanencorto.com\/noticias\/#organization"},"potentialAction":[{"@type":"SearchAction","target":{"@type":"EntryPoint","urlTemplate":"https:\/\/www.yucatanencorto.com\/noticias\/?s={search_term_string}"},"query-input":{"@type":"PropertyValueSpecification","valueRequired":true,"valueName":"search_term_string"}}],"inLanguage":"es"},{"@type":"Organization","@id":"https:\/\/www.yucatanencorto.com\/noticias\/#organization","name":"Yucat\u00e1n en corto","url":"https:\/\/www.yucatanencorto.com\/noticias\/","logo":{"@type":"ImageObject","inLanguage":"es","@id":"https:\/\/www.yucatanencorto.com\/noticias\/#\/schema\/logo\/image\/","url":"https:\/\/www.yucatanencorto.com\/noticias\/wp-content\/uploads\/2026\/08\/Logo-web.png","contentUrl":"https:\/\/www.yucatanencorto.com\/noticias\/wp-content\/uploads\/2026\/08\/Logo-web.png","width":272,"height":90,"caption":"Yucat\u00e1n en corto"},"image":{"@id":"https:\/\/www.yucatanencorto.com\/noticias\/#\/schema\/logo\/image\/"},"sameAs":["http:\/\/www.facebook.com\/yucatanencorto","https:\/\/x.com\/yucatanencorto"]},{"@type":"Person","@id":"https:\/\/www.yucatanencorto.com\/noticias\/#\/schema\/person\/14f82d355225a1f4075dd84a31f45a72","name":"Yucat\u00e1n en Corto FC","image":{"@type":"ImageObject","inLanguage":"es","@id":"https:\/\/secure.gravatar.com\/avatar\/147d4b30cd728c53c29c49a3f7834dedca33707f4cd259761355846009a88250?s=96&d=mm&r=g","url":"https:\/\/secure.gravatar.com\/avatar\/147d4b30cd728c53c29c49a3f7834dedca33707f4cd259761355846009a88250?s=96&d=mm&r=g","contentUrl":"https:\/\/secure.gravatar.com\/avatar\/147d4b30cd728c53c29c49a3f7834dedca33707f4cd259761355846009a88250?s=96&d=mm&r=g","caption":"Yucat\u00e1n en Corto FC"},"url":"https:\/\/www.yucatanencorto.com\/noticias\/author\/flor\/"}]}},"_links":{"self":[{"href":"https:\/\/www.yucatanencorto.com\/noticias\/wp-json\/wp\/v2\/posts\/94243","targetHints":{"allow":["GET"]}}],"collection":[{"href":"https:\/\/www.yucatanencorto.com\/noticias\/wp-json\/wp\/v2\/posts"}],"about":[{"href":"https:\/\/www.yucatanencorto.com\/noticias\/wp-json\/wp\/v2\/types\/post"}],"author":[{"embeddable":true,"href":"https:\/\/www.yucatanencorto.com\/noticias\/wp-json\/wp\/v2\/users\/2"}],"replies":[{"embeddable":true,"href":"https:\/\/www.yucatanencorto.com\/noticias\/wp-json\/wp\/v2\/comments?post=94243"}],"version-history":[{"count":0,"href":"https:\/\/www.yucatanencorto.com\/noticias\/wp-json\/wp\/v2\/posts\/94243\/revisions"}],"wp:featuredmedia":[{"embeddable":true,"href":"https:\/\/www.yucatanencorto.com\/noticias\/wp-json\/wp\/v2\/media\/94244"}],"wp:attachment":[{"href":"https:\/\/www.yucatanencorto.com\/noticias\/wp-json\/wp\/v2\/media?parent=94243"}],"wp:term":[{"taxonomy":"category","embeddable":true,"href":"https:\/\/www.yucatanencorto.com\/noticias\/wp-json\/wp\/v2\/categories?post=94243"},{"taxonomy":"post_tag","embeddable":true,"href":"https:\/\/www.yucatanencorto.com\/noticias\/wp-json\/wp\/v2\/tags?post=94243"}],"curies":[{"name":"wp","href":"https:\/\/api.w.org\/{rel}","templated":true}]}}