{"id":94249,"date":"2022-10-25T09:02:37","date_gmt":"2022-10-25T14:02:37","guid":{"rendered":"https:\/\/www.yucatanencorto.com\/noticias\/?p=94249"},"modified":"2022-10-25T09:02:37","modified_gmt":"2022-10-25T14:02:37","slug":"fallece-el-actor-leslie-jordan-will-y-grace-a-los-67-anos-mientras-conducia-por-hollywood","status":"publish","type":"post","link":"https:\/\/www.yucatanencorto.com\/noticias\/fallece-el-actor-leslie-jordan-will-y-grace-a-los-67-anos-mientras-conducia-por-hollywood\/","title":{"rendered":"Fallece el actor Leslie Jordan (Will y Grace), a los 67 a\u00f1os, mientras conduc\u00eda por Hollywood"},"content":{"rendered":"<p><img loading=\"lazy\" decoding=\"async\" class=\"alignnone size-full wp-image-94250\" src=\"https:\/\/www.yucatanencorto.com\/noticias\/wp-content\/uploads\/2022\/10\/leslie-jordan-2018-scaled.webp\" alt=\"\" width=\"768\" height=\"432\" srcset=\"https:\/\/www.yucatanencorto.com\/noticias\/wp-content\/uploads\/2022\/10\/leslie-jordan-2018-scaled.webp 768w, https:\/\/www.yucatanencorto.com\/noticias\/wp-content\/uploads\/2022\/10\/leslie-jordan-2018-696x392.webp 696w, https:\/\/www.yucatanencorto.com\/noticias\/wp-content\/uploads\/2022\/10\/leslie-jordan-2018-747x420.webp 747w\" sizes=\"auto, (max-width: 768px) 100vw, 768px\" \/>Leslie Jordan, un querido comediante y actor conocido por su trabajo en \u00abWill and Grace\u00bb, muri\u00f3, dijo su agente. Ten\u00eda 67 a\u00f1os.<\/p>\n<p>\u201cEl mundo es definitivamente un lugar mucho m\u00e1s oscuro hoy en d\u00eda sin el amor y la luz de Leslie Jordan. No solo fue un gran talento y un placer trabajar con \u00e9l, sino que brind\u00f3 un santuario emocional a la naci\u00f3n en uno de sus momentos m\u00e1s dif\u00edciles. Lo que le faltaba en altura lo compens\u00f3 en generosidad y grandeza como hijo, hermano, artista, comediante, compa\u00f1ero y ser humano. Saber que ha dejado el mundo en el apogeo de su vida profesional y personal es el \u00fanico consuelo que uno puede tener hoy\u201d, dijo Sarabeth Schedeen, la agente de Jordan, en un comunicado a CNN.<\/p>\n<p>\u201cM\u00e1s all\u00e1 de sus talentos, todos echaremos mucho de menos los dones de Leslie de traer alegr\u00eda a quienes toc\u00f3, su capacidad para conectarse con personas de todas las edades, su humildad, amabilidad y dulzura\u201d, dijo su abogado Eric Feig en un comunicado.<\/p>\n<p>Jordan estuvo involucrado en un accidente automovil\u00edstico el lunes por la ma\u00f1ana en Hollywood y fue declarado muerto en el lugar, seg\u00fan el forense del condado de Los \u00c1ngeles, quien identific\u00f3 a Jordan, y un portavoz del Departamento de Bomberos de Los \u00c1ngeles.<\/p>\n<p>Era uno de los favoritos de los televidentes por su papel recurrente como Beverley Leslie en \u00abWill &amp; Grace\u00bb. Tambi\u00e9n apareci\u00f3 en \u00abAmerican Horror Story\u00bb y \u00abThe Cool Kids\u00bb.<\/p>\n<p>Su estrella brill\u00f3 a\u00fan m\u00e1s durante el apogeo de la pandemia cuando su presencia en las redes sociales despeg\u00f3 en Instagram, obteniendo millones de seguidores. La plataforma tambi\u00e9n se convirti\u00f3 en un lugar donde Jordan comparti\u00f3 sus luchas, recuerdos e historias familiares (muchas sobre su amada mam\u00e1) a trav\u00e9s del prisma del humor.<\/p>\n<p>Jordan habl\u00f3 con Anderson Cooper de CNN sobre su abuso de sustancias en el pasado y sobre su sobriedad durante m\u00e1s de 20 a\u00f1os.<\/p>\n<p>\u00abLa gente dice &#8216;Bueno, \u00bfc\u00f3mo te pones sobrio? \u00bfCu\u00e1l es la mejor manera?'\u00bb, dijo Jordan. \u201cS\u00ed, bueno, 120 d\u00edas en la c\u00e1rcel de Los \u00c1ngeles. Eso pondr\u00e1 sobrio\u00bb.<\/p>\n<p>En una publicaci\u00f3n, Jordan record\u00f3 a un guardia que se compadeci\u00f3 de lo mucho que a Jordan le desagradaba el encarcelamiento y le inform\u00f3 que ten\u00edan a Robert Downey Jr. (quien hace d\u00e9cadas lleg\u00f3 a los titulares por algunos roces con la ley) bajo custodia y que liberar\u00edan a Jordan y le dar\u00edan a Downey Jr. su cama.<\/p>\n<p>\u201cPod A, celda 13, litera superior\u201d, record\u00f3 Jordan. \u201cMe siento responsable de la mayor parte del \u00e9xito de Robert Downey Jr. Cari\u00f1o, le di una cama\u00bb.<\/p>\n","protected":false},"excerpt":{"rendered":"<p>Leslie Jordan, un querido comediante y actor conocido por su trabajo en \u00abWill and Grace\u00bb, muri\u00f3, dijo su agente. Ten\u00eda 67 a\u00f1os. \u201cEl mundo es definitivamente un lugar mucho m\u00e1s oscuro hoy en d\u00eda sin el amor y la luz de Leslie Jordan. No solo fue un gran talento y un placer trabajar con \u00e9l, [&hellip;]<\/p>\n","protected":false},"author":2,"featured_media":94250,"comment_status":"closed","ping_status":"closed","sticky":false,"template":"","format":"standard","meta":{"footnotes":""},"categories":[9],"tags":[],"class_list":{"0":"post-94249","1":"post","2":"type-post","3":"status-publish","4":"format-standard","5":"has-post-thumbnail","7":"category-sociedad-y-espectaculos"},"yoast_head":"<!-- This site is optimized with the Yoast SEO plugin v27.5 - https:\/\/yoast.com\/product\/yoast-seo-wordpress\/ -->\n<title>Fallece el actor Leslie Jordan (Will y Grace), a los 67 a\u00f1os, mientras conduc\u00eda por Hollywood - Yucat\u00e1n en corto<\/title>\n<meta name=\"robots\" content=\"index, follow, max-snippet:-1, max-image-preview:large, max-video-preview:-1\" \/>\n<link rel=\"canonical\" href=\"https:\/\/www.yucatanencorto.com\/noticias\/fallece-el-actor-leslie-jordan-will-y-grace-a-los-67-anos-mientras-conducia-por-hollywood\/\" \/>\n<meta property=\"og:locale\" content=\"es_ES\" \/>\n<meta property=\"og:type\" content=\"article\" \/>\n<meta property=\"og:title\" content=\"Fallece el actor Leslie Jordan (Will y Grace), a los 67 a\u00f1os, mientras conduc\u00eda por Hollywood - Yucat\u00e1n en corto\" \/>\n<meta property=\"og:description\" content=\"Leslie Jordan, un querido comediante y actor conocido por su trabajo en \u00abWill and Grace\u00bb, muri\u00f3, dijo su agente. Ten\u00eda 67 a\u00f1os. \u201cEl mundo es definitivamente un lugar mucho m\u00e1s oscuro hoy en d\u00eda sin el amor y la luz de Leslie Jordan. No solo fue un gran talento y un placer trabajar con \u00e9l, [&hellip;]\" \/>\n<meta property=\"og:url\" content=\"https:\/\/www.yucatanencorto.com\/noticias\/fallece-el-actor-leslie-jordan-will-y-grace-a-los-67-anos-mientras-conducia-por-hollywood\/\" \/>\n<meta property=\"og:site_name\" content=\"Yucat\u00e1n en corto\" \/>\n<meta property=\"article:publisher\" content=\"http:\/\/www.facebook.com\/yucatanencorto\" \/>\n<meta property=\"article:published_time\" content=\"2022-10-25T14:02:37+00:00\" \/>\n<meta property=\"og:image\" content=\"https:\/\/www.yucatanencorto.com\/noticias\/wp-content\/uploads\/2022\/10\/leslie-jordan-2018-scaled.webp\" \/>\n\t<meta property=\"og:image:width\" content=\"768\" \/>\n\t<meta property=\"og:image:height\" content=\"432\" \/>\n\t<meta property=\"og:image:type\" content=\"image\/webp\" \/>\n<meta name=\"author\" content=\"Yucat\u00e1n en Corto FC\" \/>\n<meta name=\"twitter:card\" content=\"summary_large_image\" \/>\n<meta name=\"twitter:creator\" content=\"@yucatanencorto\" \/>\n<meta name=\"twitter:site\" content=\"@yucatanencorto\" \/>\n<meta name=\"twitter:label1\" content=\"Escrito por\" \/>\n\t<meta name=\"twitter:data1\" content=\"Yucat\u00e1n en Corto FC\" \/>\n\t<meta name=\"twitter:label2\" content=\"Tiempo de lectura\" \/>\n\t<meta name=\"twitter:data2\" content=\"2 minutos\" \/>\n<script type=\"application\/ld+json\" class=\"yoast-schema-graph\">{\"@context\":\"https:\\\/\\\/schema.org\",\"@graph\":[{\"@type\":\"Article\",\"@id\":\"https:\\\/\\\/www.yucatanencorto.com\\\/noticias\\\/fallece-el-actor-leslie-jordan-will-y-grace-a-los-67-anos-mientras-conducia-por-hollywood\\\/#article\",\"isPartOf\":{\"@id\":\"https:\\\/\\\/www.yucatanencorto.com\\\/noticias\\\/fallece-el-actor-leslie-jordan-will-y-grace-a-los-67-anos-mientras-conducia-por-hollywood\\\/\"},\"author\":{\"name\":\"Yucat\u00e1n en Corto FC\",\"@id\":\"https:\\\/\\\/www.yucatanencorto.com\\\/noticias\\\/#\\\/schema\\\/person\\\/14f82d355225a1f4075dd84a31f45a72\"},\"headline\":\"Fallece el actor Leslie Jordan (Will y Grace), a los 67 a\u00f1os, mientras conduc\u00eda por Hollywood\",\"datePublished\":\"2022-10-25T14:02:37+00:00\",\"mainEntityOfPage\":{\"@id\":\"https:\\\/\\\/www.yucatanencorto.com\\\/noticias\\\/fallece-el-actor-leslie-jordan-will-y-grace-a-los-67-anos-mientras-conducia-por-hollywood\\\/\"},\"wordCount\":475,\"image\":{\"@id\":\"https:\\\/\\\/www.yucatanencorto.com\\\/noticias\\\/fallece-el-actor-leslie-jordan-will-y-grace-a-los-67-anos-mientras-conducia-por-hollywood\\\/#primaryimage\"},\"thumbnailUrl\":\"https:\\\/\\\/www.yucatanencorto.com\\\/noticias\\\/wp-content\\\/uploads\\\/2022\\\/10\\\/leslie-jordan-2018-scaled.webp\",\"articleSection\":[\"Sociedad y Espect\u00e1culos\"],\"inLanguage\":\"es\"},{\"@type\":\"WebPage\",\"@id\":\"https:\\\/\\\/www.yucatanencorto.com\\\/noticias\\\/fallece-el-actor-leslie-jordan-will-y-grace-a-los-67-anos-mientras-conducia-por-hollywood\\\/\",\"url\":\"https:\\\/\\\/www.yucatanencorto.com\\\/noticias\\\/fallece-el-actor-leslie-jordan-will-y-grace-a-los-67-anos-mientras-conducia-por-hollywood\\\/\",\"name\":\"Fallece el actor Leslie Jordan (Will y Grace), a los 67 a\u00f1os, mientras conduc\u00eda por Hollywood - Yucat\u00e1n en corto\",\"isPartOf\":{\"@id\":\"https:\\\/\\\/www.yucatanencorto.com\\\/noticias\\\/#website\"},\"primaryImageOfPage\":{\"@id\":\"https:\\\/\\\/www.yucatanencorto.com\\\/noticias\\\/fallece-el-actor-leslie-jordan-will-y-grace-a-los-67-anos-mientras-conducia-por-hollywood\\\/#primaryimage\"},\"image\":{\"@id\":\"https:\\\/\\\/www.yucatanencorto.com\\\/noticias\\\/fallece-el-actor-leslie-jordan-will-y-grace-a-los-67-anos-mientras-conducia-por-hollywood\\\/#primaryimage\"},\"thumbnailUrl\":\"https:\\\/\\\/www.yucatanencorto.com\\\/noticias\\\/wp-content\\\/uploads\\\/2022\\\/10\\\/leslie-jordan-2018-scaled.webp\",\"datePublished\":\"2022-10-25T14:02:37+00:00\",\"author\":{\"@id\":\"https:\\\/\\\/www.yucatanencorto.com\\\/noticias\\\/#\\\/schema\\\/person\\\/14f82d355225a1f4075dd84a31f45a72\"},\"breadcrumb\":{\"@id\":\"https:\\\/\\\/www.yucatanencorto.com\\\/noticias\\\/fallece-el-actor-leslie-jordan-will-y-grace-a-los-67-anos-mientras-conducia-por-hollywood\\\/#breadcrumb\"},\"inLanguage\":\"es\",\"potentialAction\":[{\"@type\":\"ReadAction\",\"target\":[\"https:\\\/\\\/www.yucatanencorto.com\\\/noticias\\\/fallece-el-actor-leslie-jordan-will-y-grace-a-los-67-anos-mientras-conducia-por-hollywood\\\/\"]}]},{\"@type\":\"ImageObject\",\"inLanguage\":\"es\",\"@id\":\"https:\\\/\\\/www.yucatanencorto.com\\\/noticias\\\/fallece-el-actor-leslie-jordan-will-y-grace-a-los-67-anos-mientras-conducia-por-hollywood\\\/#primaryimage\",\"url\":\"https:\\\/\\\/www.yucatanencorto.com\\\/noticias\\\/wp-content\\\/uploads\\\/2022\\\/10\\\/leslie-jordan-2018-scaled.webp\",\"contentUrl\":\"https:\\\/\\\/www.yucatanencorto.com\\\/noticias\\\/wp-content\\\/uploads\\\/2022\\\/10\\\/leslie-jordan-2018-scaled.webp\",\"width\":768,\"height\":432},{\"@type\":\"BreadcrumbList\",\"@id\":\"https:\\\/\\\/www.yucatanencorto.com\\\/noticias\\\/fallece-el-actor-leslie-jordan-will-y-grace-a-los-67-anos-mientras-conducia-por-hollywood\\\/#breadcrumb\",\"itemListElement\":[{\"@type\":\"ListItem\",\"position\":1,\"name\":\"Portada\",\"item\":\"https:\\\/\\\/www.yucatanencorto.com\\\/noticias\\\/\"},{\"@type\":\"ListItem\",\"position\":2,\"name\":\"Fallece el actor Leslie Jordan (Will y Grace), a los 67 a\u00f1os, mientras conduc\u00eda por Hollywood\"}]},{\"@type\":\"WebSite\",\"@id\":\"https:\\\/\\\/www.yucatanencorto.com\\\/noticias\\\/#website\",\"url\":\"https:\\\/\\\/www.yucatanencorto.com\\\/noticias\\\/\",\"name\":\"Yucat\u00e1n en corto\",\"description\":\"Noticias\",\"potentialAction\":[{\"@type\":\"SearchAction\",\"target\":{\"@type\":\"EntryPoint\",\"urlTemplate\":\"https:\\\/\\\/www.yucatanencorto.com\\\/noticias\\\/?s={search_term_string}\"},\"query-input\":{\"@type\":\"PropertyValueSpecification\",\"valueRequired\":true,\"valueName\":\"search_term_string\"}}],\"inLanguage\":\"es\"},{\"@type\":\"Person\",\"@id\":\"https:\\\/\\\/www.yucatanencorto.com\\\/noticias\\\/#\\\/schema\\\/person\\\/14f82d355225a1f4075dd84a31f45a72\",\"name\":\"Yucat\u00e1n en Corto FC\",\"image\":{\"@type\":\"ImageObject\",\"inLanguage\":\"es\",\"@id\":\"https:\\\/\\\/secure.gravatar.com\\\/avatar\\\/147d4b30cd728c53c29c49a3f7834dedca33707f4cd259761355846009a88250?s=96&d=mm&r=g\",\"url\":\"https:\\\/\\\/secure.gravatar.com\\\/avatar\\\/147d4b30cd728c53c29c49a3f7834dedca33707f4cd259761355846009a88250?s=96&d=mm&r=g\",\"contentUrl\":\"https:\\\/\\\/secure.gravatar.com\\\/avatar\\\/147d4b30cd728c53c29c49a3f7834dedca33707f4cd259761355846009a88250?s=96&d=mm&r=g\",\"caption\":\"Yucat\u00e1n en Corto FC\"},\"url\":\"https:\\\/\\\/www.yucatanencorto.com\\\/noticias\\\/author\\\/flor\\\/\"}]}<\/script>\n<!-- \/ Yoast SEO plugin. -->","yoast_head_json":{"title":"Fallece el actor Leslie Jordan (Will y Grace), a los 67 a\u00f1os, mientras conduc\u00eda por Hollywood - Yucat\u00e1n en corto","robots":{"index":"index","follow":"follow","max-snippet":"max-snippet:-1","max-image-preview":"max-image-preview:large","max-video-preview":"max-video-preview:-1"},"canonical":"https:\/\/www.yucatanencorto.com\/noticias\/fallece-el-actor-leslie-jordan-will-y-grace-a-los-67-anos-mientras-conducia-por-hollywood\/","og_locale":"es_ES","og_type":"article","og_title":"Fallece el actor Leslie Jordan (Will y Grace), a los 67 a\u00f1os, mientras conduc\u00eda por Hollywood - Yucat\u00e1n en corto","og_description":"Leslie Jordan, un querido comediante y actor conocido por su trabajo en \u00abWill and Grace\u00bb, muri\u00f3, dijo su agente. Ten\u00eda 67 a\u00f1os. \u201cEl mundo es definitivamente un lugar mucho m\u00e1s oscuro hoy en d\u00eda sin el amor y la luz de Leslie Jordan. No solo fue un gran talento y un placer trabajar con \u00e9l, [&hellip;]","og_url":"https:\/\/www.yucatanencorto.com\/noticias\/fallece-el-actor-leslie-jordan-will-y-grace-a-los-67-anos-mientras-conducia-por-hollywood\/","og_site_name":"Yucat\u00e1n en corto","article_publisher":"http:\/\/www.facebook.com\/yucatanencorto","article_published_time":"2022-10-25T14:02:37+00:00","og_image":[{"width":768,"height":432,"url":"https:\/\/www.yucatanencorto.com\/noticias\/wp-content\/uploads\/2022\/10\/leslie-jordan-2018-scaled.webp","type":"image\/webp"}],"author":"Yucat\u00e1n en Corto FC","twitter_card":"summary_large_image","twitter_creator":"@yucatanencorto","twitter_site":"@yucatanencorto","twitter_misc":{"Escrito por":"Yucat\u00e1n en Corto FC","Tiempo de lectura":"2 minutos"},"schema":{"@context":"https:\/\/schema.org","@graph":[{"@type":"Article","@id":"https:\/\/www.yucatanencorto.com\/noticias\/fallece-el-actor-leslie-jordan-will-y-grace-a-los-67-anos-mientras-conducia-por-hollywood\/#article","isPartOf":{"@id":"https:\/\/www.yucatanencorto.com\/noticias\/fallece-el-actor-leslie-jordan-will-y-grace-a-los-67-anos-mientras-conducia-por-hollywood\/"},"author":{"name":"Yucat\u00e1n en Corto FC","@id":"https:\/\/www.yucatanencorto.com\/noticias\/#\/schema\/person\/14f82d355225a1f4075dd84a31f45a72"},"headline":"Fallece el actor Leslie Jordan (Will y Grace), a los 67 a\u00f1os, mientras conduc\u00eda por Hollywood","datePublished":"2022-10-25T14:02:37+00:00","mainEntityOfPage":{"@id":"https:\/\/www.yucatanencorto.com\/noticias\/fallece-el-actor-leslie-jordan-will-y-grace-a-los-67-anos-mientras-conducia-por-hollywood\/"},"wordCount":475,"image":{"@id":"https:\/\/www.yucatanencorto.com\/noticias\/fallece-el-actor-leslie-jordan-will-y-grace-a-los-67-anos-mientras-conducia-por-hollywood\/#primaryimage"},"thumbnailUrl":"https:\/\/www.yucatanencorto.com\/noticias\/wp-content\/uploads\/2022\/10\/leslie-jordan-2018-scaled.webp","articleSection":["Sociedad y Espect\u00e1culos"],"inLanguage":"es"},{"@type":"WebPage","@id":"https:\/\/www.yucatanencorto.com\/noticias\/fallece-el-actor-leslie-jordan-will-y-grace-a-los-67-anos-mientras-conducia-por-hollywood\/","url":"https:\/\/www.yucatanencorto.com\/noticias\/fallece-el-actor-leslie-jordan-will-y-grace-a-los-67-anos-mientras-conducia-por-hollywood\/","name":"Fallece el actor Leslie Jordan (Will y Grace), a los 67 a\u00f1os, mientras conduc\u00eda por Hollywood - Yucat\u00e1n en corto","isPartOf":{"@id":"https:\/\/www.yucatanencorto.com\/noticias\/#website"},"primaryImageOfPage":{"@id":"https:\/\/www.yucatanencorto.com\/noticias\/fallece-el-actor-leslie-jordan-will-y-grace-a-los-67-anos-mientras-conducia-por-hollywood\/#primaryimage"},"image":{"@id":"https:\/\/www.yucatanencorto.com\/noticias\/fallece-el-actor-leslie-jordan-will-y-grace-a-los-67-anos-mientras-conducia-por-hollywood\/#primaryimage"},"thumbnailUrl":"https:\/\/www.yucatanencorto.com\/noticias\/wp-content\/uploads\/2022\/10\/leslie-jordan-2018-scaled.webp","datePublished":"2022-10-25T14:02:37+00:00","author":{"@id":"https:\/\/www.yucatanencorto.com\/noticias\/#\/schema\/person\/14f82d355225a1f4075dd84a31f45a72"},"breadcrumb":{"@id":"https:\/\/www.yucatanencorto.com\/noticias\/fallece-el-actor-leslie-jordan-will-y-grace-a-los-67-anos-mientras-conducia-por-hollywood\/#breadcrumb"},"inLanguage":"es","potentialAction":[{"@type":"ReadAction","target":["https:\/\/www.yucatanencorto.com\/noticias\/fallece-el-actor-leslie-jordan-will-y-grace-a-los-67-anos-mientras-conducia-por-hollywood\/"]}]},{"@type":"ImageObject","inLanguage":"es","@id":"https:\/\/www.yucatanencorto.com\/noticias\/fallece-el-actor-leslie-jordan-will-y-grace-a-los-67-anos-mientras-conducia-por-hollywood\/#primaryimage","url":"https:\/\/www.yucatanencorto.com\/noticias\/wp-content\/uploads\/2022\/10\/leslie-jordan-2018-scaled.webp","contentUrl":"https:\/\/www.yucatanencorto.com\/noticias\/wp-content\/uploads\/2022\/10\/leslie-jordan-2018-scaled.webp","width":768,"height":432},{"@type":"BreadcrumbList","@id":"https:\/\/www.yucatanencorto.com\/noticias\/fallece-el-actor-leslie-jordan-will-y-grace-a-los-67-anos-mientras-conducia-por-hollywood\/#breadcrumb","itemListElement":[{"@type":"ListItem","position":1,"name":"Portada","item":"https:\/\/www.yucatanencorto.com\/noticias\/"},{"@type":"ListItem","position":2,"name":"Fallece el actor Leslie Jordan (Will y Grace), a los 67 a\u00f1os, mientras conduc\u00eda por Hollywood"}]},{"@type":"WebSite","@id":"https:\/\/www.yucatanencorto.com\/noticias\/#website","url":"https:\/\/www.yucatanencorto.com\/noticias\/","name":"Yucat\u00e1n en corto","description":"Noticias","potentialAction":[{"@type":"SearchAction","target":{"@type":"EntryPoint","urlTemplate":"https:\/\/www.yucatanencorto.com\/noticias\/?s={search_term_string}"},"query-input":{"@type":"PropertyValueSpecification","valueRequired":true,"valueName":"search_term_string"}}],"inLanguage":"es"},{"@type":"Person","@id":"https:\/\/www.yucatanencorto.com\/noticias\/#\/schema\/person\/14f82d355225a1f4075dd84a31f45a72","name":"Yucat\u00e1n en Corto FC","image":{"@type":"ImageObject","inLanguage":"es","@id":"https:\/\/secure.gravatar.com\/avatar\/147d4b30cd728c53c29c49a3f7834dedca33707f4cd259761355846009a88250?s=96&d=mm&r=g","url":"https:\/\/secure.gravatar.com\/avatar\/147d4b30cd728c53c29c49a3f7834dedca33707f4cd259761355846009a88250?s=96&d=mm&r=g","contentUrl":"https:\/\/secure.gravatar.com\/avatar\/147d4b30cd728c53c29c49a3f7834dedca33707f4cd259761355846009a88250?s=96&d=mm&r=g","caption":"Yucat\u00e1n en Corto FC"},"url":"https:\/\/www.yucatanencorto.com\/noticias\/author\/flor\/"}]}},"_links":{"self":[{"href":"https:\/\/www.yucatanencorto.com\/noticias\/wp-json\/wp\/v2\/posts\/94249","targetHints":{"allow":["GET"]}}],"collection":[{"href":"https:\/\/www.yucatanencorto.com\/noticias\/wp-json\/wp\/v2\/posts"}],"about":[{"href":"https:\/\/www.yucatanencorto.com\/noticias\/wp-json\/wp\/v2\/types\/post"}],"author":[{"embeddable":true,"href":"https:\/\/www.yucatanencorto.com\/noticias\/wp-json\/wp\/v2\/users\/2"}],"replies":[{"embeddable":true,"href":"https:\/\/www.yucatanencorto.com\/noticias\/wp-json\/wp\/v2\/comments?post=94249"}],"version-history":[{"count":0,"href":"https:\/\/www.yucatanencorto.com\/noticias\/wp-json\/wp\/v2\/posts\/94249\/revisions"}],"wp:featuredmedia":[{"embeddable":true,"href":"https:\/\/www.yucatanencorto.com\/noticias\/wp-json\/wp\/v2\/media\/94250"}],"wp:attachment":[{"href":"https:\/\/www.yucatanencorto.com\/noticias\/wp-json\/wp\/v2\/media?parent=94249"}],"wp:term":[{"taxonomy":"category","embeddable":true,"href":"https:\/\/www.yucatanencorto.com\/noticias\/wp-json\/wp\/v2\/categories?post=94249"},{"taxonomy":"post_tag","embeddable":true,"href":"https:\/\/www.yucatanencorto.com\/noticias\/wp-json\/wp\/v2\/tags?post=94249"}],"curies":[{"name":"wp","href":"https:\/\/api.w.org\/{rel}","templated":true}]}}