{"id":94288,"date":"2022-10-26T10:26:49","date_gmt":"2022-10-26T15:26:49","guid":{"rendered":"https:\/\/www.yucatanencorto.com\/noticias\/?p=94288"},"modified":"2022-10-26T10:26:49","modified_gmt":"2022-10-26T15:26:49","slug":"veronica-castro-emprende-accion-legal-tras-ser-senalada-por-acoso-a-menores-de-edad","status":"publish","type":"post","link":"https:\/\/www.yucatanencorto.com\/noticias\/veronica-castro-emprende-accion-legal-tras-ser-senalada-por-acoso-a-menores-de-edad\/","title":{"rendered":"Ver\u00f3nica Castro emprende acci\u00f3n legal tras ser se\u00f1alada por acoso a menores de edad"},"content":{"rendered":"<p><img loading=\"lazy\" decoding=\"async\" class=\"alignnone size-full wp-image-94289\" src=\"https:\/\/www.yucatanencorto.com\/noticias\/wp-content\/uploads\/2022\/10\/AA13ngAw.jpg\" alt=\"\" width=\"768\" height=\"473\" srcset=\"https:\/\/www.yucatanencorto.com\/noticias\/wp-content\/uploads\/2022\/10\/AA13ngAw.jpg 768w, https:\/\/www.yucatanencorto.com\/noticias\/wp-content\/uploads\/2022\/10\/AA13ngAw-696x429.jpg 696w, https:\/\/www.yucatanencorto.com\/noticias\/wp-content\/uploads\/2022\/10\/AA13ngAw-682x420.jpg 682w, https:\/\/www.yucatanencorto.com\/noticias\/wp-content\/uploads\/2022\/10\/AA13ngAw-356x220.jpg 356w\" sizes=\"auto, (max-width: 768px) 100vw, 768px\" \/>Ver\u00f3nica Castro\u00a0fuera se\u00f1alada por supuestamente haber\u00a0acosado\u00a0a algunas de sus admiradoras menores de edad, la presentadora decidi\u00f3 llevar el caso a t\u00e9rminos legales.Por medio de un comunicado difundido en\u00a0redes sociales,\u00a0la firma de abogados\u00a0Sch\u00fctte y Delsol Gojon inform\u00f3 que la actriz\u00a0ha sido \u00abv\u00edctima de\u00a0da\u00f1o moral,\u00a0violencia digital\u00a0y medi\u00e1tica\u00bb, por lo que iniciar\u00e1 acciones legales.<\/p>\n<p>\u00abDichas notas y publicaciones tergiversan la realidad y hacen falsas y muy graves acusaciones. La se\u00f1ora Castro no cometi\u00f3 delito alguno y cuenta con nuestra asesor\u00eda jur\u00eddica para defenderla de estas falsas acusaciones, as\u00ed como para ejercer las acciones legales que, en cambio, s\u00ed le asisten a ella\u00bb, se lee en el comunicado.<\/p>\n<p>Asimismo, el texto detall\u00f3: \u00abLa informaci\u00f3n falsamente difundida y manipulada afecta tambi\u00e9n los derechos de adolescentes menores de edad. Ver\u00f3nica Castro les reitera su apoyo, y agradece las expresiones de afecto y solidaridad que ha recibido tanto de ellas como de sus familias. En todo momento actuaremos con perspectiva de infancia y de g\u00e9nero, en tutela del inter\u00e9s superior de la ni\u00f1ez y adolescencia, de la mano de, y en colaboraci\u00f3n con, dichas adolescentes y sus familias\u00bb.<\/p>\n<p>De igual manera, la firma lament\u00f3 \u00abque obscuros intereses hayan buscado instrumentalizar a personas menores de edad para afectar a nuestra representada. Esperamos que la adolescente que realiz\u00f3 amenazas contra otras menores de edad y que seguramente fue manipulada por dichos\u00a0intereses ajenos, d\u00e9 a conocer la verdad detr\u00e1s de estos hechos en el momento procesal oportuno\u00bb.<\/p>\n<p>\u00abLa se\u00f1ora Castro reconoce que cometi\u00f3 un error: pecar de ingenuidad al confiar en que no habr\u00eda dentro de este grupo de seguidoras que le expresaban afecto y admiraci\u00f3n, ninguna agenda oculta para hacerle da\u00f1o. Ver\u00f3nica Castro siempre ha tenido abiertos sus canales para tener contacto con el p\u00fablico que la sigue de todas\u00a0las edades durante toda su carrera. Su generosidad, agradecimiento y bondad la expusieron a perversas intenciones que jam\u00e1s imagin\u00f3\u00bb, agreg\u00f3.<\/p>\n<p>Finalmente, revel\u00f3 que\u00a0accedi\u00f3 de buena fe a sostener llamadas con este grupo de fans, de las cuales estaban enterados, y en las que participaban, sus padres. \u00abEn ning\u00fan momento las expuso a contenido inapropiado, ni promovi\u00f3 o indujo comportamientos de esta \u00edndole. Las notas y publicaciones que han se\u00f1alado lo contrario, no s\u00f3lo faltan a la \u00e9tica period\u00edstica, sino que tambi\u00e9n violan la ley\u00bb.<\/p>\n<p>&nbsp;<\/p>\n","protected":false},"excerpt":{"rendered":"<p>Ver\u00f3nica Castro\u00a0fuera se\u00f1alada por supuestamente haber\u00a0acosado\u00a0a algunas de sus admiradoras menores de edad, la presentadora decidi\u00f3 llevar el caso a t\u00e9rminos legales.Por medio de un comunicado difundido en\u00a0redes sociales,\u00a0la firma de abogados\u00a0Sch\u00fctte y Delsol Gojon inform\u00f3 que la actriz\u00a0ha sido \u00abv\u00edctima de\u00a0da\u00f1o moral,\u00a0violencia digital\u00a0y medi\u00e1tica\u00bb, por lo que iniciar\u00e1 acciones legales. \u00abDichas notas y publicaciones [&hellip;]<\/p>\n","protected":false},"author":2,"featured_media":94289,"comment_status":"closed","ping_status":"closed","sticky":false,"template":"","format":"standard","meta":{"footnotes":""},"categories":[9],"tags":[],"class_list":{"0":"post-94288","1":"post","2":"type-post","3":"status-publish","4":"format-standard","5":"has-post-thumbnail","7":"category-sociedad-y-espectaculos"},"yoast_head":"<!-- This site is optimized with the Yoast SEO plugin v27.5 - https:\/\/yoast.com\/product\/yoast-seo-wordpress\/ -->\n<title>Ver\u00f3nica Castro emprende acci\u00f3n legal tras ser se\u00f1alada por acoso a menores de edad - Yucat\u00e1n en corto<\/title>\n<meta name=\"robots\" content=\"index, follow, max-snippet:-1, max-image-preview:large, max-video-preview:-1\" \/>\n<link rel=\"canonical\" href=\"https:\/\/www.yucatanencorto.com\/noticias\/veronica-castro-emprende-accion-legal-tras-ser-senalada-por-acoso-a-menores-de-edad\/\" \/>\n<meta property=\"og:locale\" content=\"es_ES\" \/>\n<meta property=\"og:type\" content=\"article\" \/>\n<meta property=\"og:title\" content=\"Ver\u00f3nica Castro emprende acci\u00f3n legal tras ser se\u00f1alada por acoso a menores de edad - Yucat\u00e1n en corto\" \/>\n<meta property=\"og:description\" content=\"Ver\u00f3nica Castro\u00a0fuera se\u00f1alada por supuestamente haber\u00a0acosado\u00a0a algunas de sus admiradoras menores de edad, la presentadora decidi\u00f3 llevar el caso a t\u00e9rminos legales.Por medio de un comunicado difundido en\u00a0redes sociales,\u00a0la firma de abogados\u00a0Sch\u00fctte y Delsol Gojon inform\u00f3 que la actriz\u00a0ha sido \u00abv\u00edctima de\u00a0da\u00f1o moral,\u00a0violencia digital\u00a0y medi\u00e1tica\u00bb, por lo que iniciar\u00e1 acciones legales. \u00abDichas notas y publicaciones [&hellip;]\" \/>\n<meta property=\"og:url\" content=\"https:\/\/www.yucatanencorto.com\/noticias\/veronica-castro-emprende-accion-legal-tras-ser-senalada-por-acoso-a-menores-de-edad\/\" \/>\n<meta property=\"og:site_name\" content=\"Yucat\u00e1n en corto\" \/>\n<meta property=\"article:publisher\" content=\"http:\/\/www.facebook.com\/yucatanencorto\" \/>\n<meta property=\"article:published_time\" content=\"2022-10-26T15:26:49+00:00\" \/>\n<meta property=\"og:image\" content=\"https:\/\/www.yucatanencorto.com\/noticias\/wp-content\/uploads\/2022\/10\/AA13ngAw.jpg\" \/>\n\t<meta property=\"og:image:width\" content=\"768\" \/>\n\t<meta property=\"og:image:height\" content=\"473\" \/>\n\t<meta property=\"og:image:type\" content=\"image\/jpeg\" \/>\n<meta name=\"author\" content=\"Yucat\u00e1n en Corto FC\" \/>\n<meta name=\"twitter:card\" content=\"summary_large_image\" \/>\n<meta name=\"twitter:creator\" content=\"@yucatanencorto\" \/>\n<meta name=\"twitter:site\" content=\"@yucatanencorto\" \/>\n<meta name=\"twitter:label1\" content=\"Escrito por\" \/>\n\t<meta name=\"twitter:data1\" content=\"Yucat\u00e1n en Corto FC\" \/>\n\t<meta name=\"twitter:label2\" content=\"Tiempo de lectura\" \/>\n\t<meta name=\"twitter:data2\" content=\"2 minutos\" \/>\n<script type=\"application\/ld+json\" class=\"yoast-schema-graph\">{\"@context\":\"https:\\\/\\\/schema.org\",\"@graph\":[{\"@type\":\"Article\",\"@id\":\"https:\\\/\\\/www.yucatanencorto.com\\\/noticias\\\/veronica-castro-emprende-accion-legal-tras-ser-senalada-por-acoso-a-menores-de-edad\\\/#article\",\"isPartOf\":{\"@id\":\"https:\\\/\\\/www.yucatanencorto.com\\\/noticias\\\/veronica-castro-emprende-accion-legal-tras-ser-senalada-por-acoso-a-menores-de-edad\\\/\"},\"author\":{\"name\":\"Yucat\u00e1n en Corto FC\",\"@id\":\"https:\\\/\\\/www.yucatanencorto.com\\\/noticias\\\/#\\\/schema\\\/person\\\/14f82d355225a1f4075dd84a31f45a72\"},\"headline\":\"Ver\u00f3nica Castro emprende acci\u00f3n legal tras ser se\u00f1alada por acoso a menores de edad\",\"datePublished\":\"2022-10-26T15:26:49+00:00\",\"mainEntityOfPage\":{\"@id\":\"https:\\\/\\\/www.yucatanencorto.com\\\/noticias\\\/veronica-castro-emprende-accion-legal-tras-ser-senalada-por-acoso-a-menores-de-edad\\\/\"},\"wordCount\":436,\"image\":{\"@id\":\"https:\\\/\\\/www.yucatanencorto.com\\\/noticias\\\/veronica-castro-emprende-accion-legal-tras-ser-senalada-por-acoso-a-menores-de-edad\\\/#primaryimage\"},\"thumbnailUrl\":\"https:\\\/\\\/www.yucatanencorto.com\\\/noticias\\\/wp-content\\\/uploads\\\/2022\\\/10\\\/AA13ngAw.jpg\",\"articleSection\":[\"Sociedad y Espect\u00e1culos\"],\"inLanguage\":\"es\"},{\"@type\":\"WebPage\",\"@id\":\"https:\\\/\\\/www.yucatanencorto.com\\\/noticias\\\/veronica-castro-emprende-accion-legal-tras-ser-senalada-por-acoso-a-menores-de-edad\\\/\",\"url\":\"https:\\\/\\\/www.yucatanencorto.com\\\/noticias\\\/veronica-castro-emprende-accion-legal-tras-ser-senalada-por-acoso-a-menores-de-edad\\\/\",\"name\":\"Ver\u00f3nica Castro emprende acci\u00f3n legal tras ser se\u00f1alada por acoso a menores de edad - Yucat\u00e1n en corto\",\"isPartOf\":{\"@id\":\"https:\\\/\\\/www.yucatanencorto.com\\\/noticias\\\/#website\"},\"primaryImageOfPage\":{\"@id\":\"https:\\\/\\\/www.yucatanencorto.com\\\/noticias\\\/veronica-castro-emprende-accion-legal-tras-ser-senalada-por-acoso-a-menores-de-edad\\\/#primaryimage\"},\"image\":{\"@id\":\"https:\\\/\\\/www.yucatanencorto.com\\\/noticias\\\/veronica-castro-emprende-accion-legal-tras-ser-senalada-por-acoso-a-menores-de-edad\\\/#primaryimage\"},\"thumbnailUrl\":\"https:\\\/\\\/www.yucatanencorto.com\\\/noticias\\\/wp-content\\\/uploads\\\/2022\\\/10\\\/AA13ngAw.jpg\",\"datePublished\":\"2022-10-26T15:26:49+00:00\",\"author\":{\"@id\":\"https:\\\/\\\/www.yucatanencorto.com\\\/noticias\\\/#\\\/schema\\\/person\\\/14f82d355225a1f4075dd84a31f45a72\"},\"breadcrumb\":{\"@id\":\"https:\\\/\\\/www.yucatanencorto.com\\\/noticias\\\/veronica-castro-emprende-accion-legal-tras-ser-senalada-por-acoso-a-menores-de-edad\\\/#breadcrumb\"},\"inLanguage\":\"es\",\"potentialAction\":[{\"@type\":\"ReadAction\",\"target\":[\"https:\\\/\\\/www.yucatanencorto.com\\\/noticias\\\/veronica-castro-emprende-accion-legal-tras-ser-senalada-por-acoso-a-menores-de-edad\\\/\"]}]},{\"@type\":\"ImageObject\",\"inLanguage\":\"es\",\"@id\":\"https:\\\/\\\/www.yucatanencorto.com\\\/noticias\\\/veronica-castro-emprende-accion-legal-tras-ser-senalada-por-acoso-a-menores-de-edad\\\/#primaryimage\",\"url\":\"https:\\\/\\\/www.yucatanencorto.com\\\/noticias\\\/wp-content\\\/uploads\\\/2022\\\/10\\\/AA13ngAw.jpg\",\"contentUrl\":\"https:\\\/\\\/www.yucatanencorto.com\\\/noticias\\\/wp-content\\\/uploads\\\/2022\\\/10\\\/AA13ngAw.jpg\",\"width\":768,\"height\":473},{\"@type\":\"BreadcrumbList\",\"@id\":\"https:\\\/\\\/www.yucatanencorto.com\\\/noticias\\\/veronica-castro-emprende-accion-legal-tras-ser-senalada-por-acoso-a-menores-de-edad\\\/#breadcrumb\",\"itemListElement\":[{\"@type\":\"ListItem\",\"position\":1,\"name\":\"Portada\",\"item\":\"https:\\\/\\\/www.yucatanencorto.com\\\/noticias\\\/\"},{\"@type\":\"ListItem\",\"position\":2,\"name\":\"Ver\u00f3nica Castro emprende acci\u00f3n legal tras ser se\u00f1alada por acoso a menores de edad\"}]},{\"@type\":\"WebSite\",\"@id\":\"https:\\\/\\\/www.yucatanencorto.com\\\/noticias\\\/#website\",\"url\":\"https:\\\/\\\/www.yucatanencorto.com\\\/noticias\\\/\",\"name\":\"Yucat\u00e1n en corto\",\"description\":\"Noticias\",\"potentialAction\":[{\"@type\":\"SearchAction\",\"target\":{\"@type\":\"EntryPoint\",\"urlTemplate\":\"https:\\\/\\\/www.yucatanencorto.com\\\/noticias\\\/?s={search_term_string}\"},\"query-input\":{\"@type\":\"PropertyValueSpecification\",\"valueRequired\":true,\"valueName\":\"search_term_string\"}}],\"inLanguage\":\"es\"},{\"@type\":\"Person\",\"@id\":\"https:\\\/\\\/www.yucatanencorto.com\\\/noticias\\\/#\\\/schema\\\/person\\\/14f82d355225a1f4075dd84a31f45a72\",\"name\":\"Yucat\u00e1n en Corto FC\",\"image\":{\"@type\":\"ImageObject\",\"inLanguage\":\"es\",\"@id\":\"https:\\\/\\\/secure.gravatar.com\\\/avatar\\\/147d4b30cd728c53c29c49a3f7834dedca33707f4cd259761355846009a88250?s=96&d=mm&r=g\",\"url\":\"https:\\\/\\\/secure.gravatar.com\\\/avatar\\\/147d4b30cd728c53c29c49a3f7834dedca33707f4cd259761355846009a88250?s=96&d=mm&r=g\",\"contentUrl\":\"https:\\\/\\\/secure.gravatar.com\\\/avatar\\\/147d4b30cd728c53c29c49a3f7834dedca33707f4cd259761355846009a88250?s=96&d=mm&r=g\",\"caption\":\"Yucat\u00e1n en Corto FC\"},\"url\":\"https:\\\/\\\/www.yucatanencorto.com\\\/noticias\\\/author\\\/flor\\\/\"}]}<\/script>\n<!-- \/ Yoast SEO plugin. -->","yoast_head_json":{"title":"Ver\u00f3nica Castro emprende acci\u00f3n legal tras ser se\u00f1alada por acoso a menores de edad - Yucat\u00e1n en corto","robots":{"index":"index","follow":"follow","max-snippet":"max-snippet:-1","max-image-preview":"max-image-preview:large","max-video-preview":"max-video-preview:-1"},"canonical":"https:\/\/www.yucatanencorto.com\/noticias\/veronica-castro-emprende-accion-legal-tras-ser-senalada-por-acoso-a-menores-de-edad\/","og_locale":"es_ES","og_type":"article","og_title":"Ver\u00f3nica Castro emprende acci\u00f3n legal tras ser se\u00f1alada por acoso a menores de edad - Yucat\u00e1n en corto","og_description":"Ver\u00f3nica Castro\u00a0fuera se\u00f1alada por supuestamente haber\u00a0acosado\u00a0a algunas de sus admiradoras menores de edad, la presentadora decidi\u00f3 llevar el caso a t\u00e9rminos legales.Por medio de un comunicado difundido en\u00a0redes sociales,\u00a0la firma de abogados\u00a0Sch\u00fctte y Delsol Gojon inform\u00f3 que la actriz\u00a0ha sido \u00abv\u00edctima de\u00a0da\u00f1o moral,\u00a0violencia digital\u00a0y medi\u00e1tica\u00bb, por lo que iniciar\u00e1 acciones legales. \u00abDichas notas y publicaciones [&hellip;]","og_url":"https:\/\/www.yucatanencorto.com\/noticias\/veronica-castro-emprende-accion-legal-tras-ser-senalada-por-acoso-a-menores-de-edad\/","og_site_name":"Yucat\u00e1n en corto","article_publisher":"http:\/\/www.facebook.com\/yucatanencorto","article_published_time":"2022-10-26T15:26:49+00:00","og_image":[{"width":768,"height":473,"url":"https:\/\/www.yucatanencorto.com\/noticias\/wp-content\/uploads\/2022\/10\/AA13ngAw.jpg","type":"image\/jpeg"}],"author":"Yucat\u00e1n en Corto FC","twitter_card":"summary_large_image","twitter_creator":"@yucatanencorto","twitter_site":"@yucatanencorto","twitter_misc":{"Escrito por":"Yucat\u00e1n en Corto FC","Tiempo de lectura":"2 minutos"},"schema":{"@context":"https:\/\/schema.org","@graph":[{"@type":"Article","@id":"https:\/\/www.yucatanencorto.com\/noticias\/veronica-castro-emprende-accion-legal-tras-ser-senalada-por-acoso-a-menores-de-edad\/#article","isPartOf":{"@id":"https:\/\/www.yucatanencorto.com\/noticias\/veronica-castro-emprende-accion-legal-tras-ser-senalada-por-acoso-a-menores-de-edad\/"},"author":{"name":"Yucat\u00e1n en Corto FC","@id":"https:\/\/www.yucatanencorto.com\/noticias\/#\/schema\/person\/14f82d355225a1f4075dd84a31f45a72"},"headline":"Ver\u00f3nica Castro emprende acci\u00f3n legal tras ser se\u00f1alada por acoso a menores de edad","datePublished":"2022-10-26T15:26:49+00:00","mainEntityOfPage":{"@id":"https:\/\/www.yucatanencorto.com\/noticias\/veronica-castro-emprende-accion-legal-tras-ser-senalada-por-acoso-a-menores-de-edad\/"},"wordCount":436,"image":{"@id":"https:\/\/www.yucatanencorto.com\/noticias\/veronica-castro-emprende-accion-legal-tras-ser-senalada-por-acoso-a-menores-de-edad\/#primaryimage"},"thumbnailUrl":"https:\/\/www.yucatanencorto.com\/noticias\/wp-content\/uploads\/2022\/10\/AA13ngAw.jpg","articleSection":["Sociedad y Espect\u00e1culos"],"inLanguage":"es"},{"@type":"WebPage","@id":"https:\/\/www.yucatanencorto.com\/noticias\/veronica-castro-emprende-accion-legal-tras-ser-senalada-por-acoso-a-menores-de-edad\/","url":"https:\/\/www.yucatanencorto.com\/noticias\/veronica-castro-emprende-accion-legal-tras-ser-senalada-por-acoso-a-menores-de-edad\/","name":"Ver\u00f3nica Castro emprende acci\u00f3n legal tras ser se\u00f1alada por acoso a menores de edad - Yucat\u00e1n en corto","isPartOf":{"@id":"https:\/\/www.yucatanencorto.com\/noticias\/#website"},"primaryImageOfPage":{"@id":"https:\/\/www.yucatanencorto.com\/noticias\/veronica-castro-emprende-accion-legal-tras-ser-senalada-por-acoso-a-menores-de-edad\/#primaryimage"},"image":{"@id":"https:\/\/www.yucatanencorto.com\/noticias\/veronica-castro-emprende-accion-legal-tras-ser-senalada-por-acoso-a-menores-de-edad\/#primaryimage"},"thumbnailUrl":"https:\/\/www.yucatanencorto.com\/noticias\/wp-content\/uploads\/2022\/10\/AA13ngAw.jpg","datePublished":"2022-10-26T15:26:49+00:00","author":{"@id":"https:\/\/www.yucatanencorto.com\/noticias\/#\/schema\/person\/14f82d355225a1f4075dd84a31f45a72"},"breadcrumb":{"@id":"https:\/\/www.yucatanencorto.com\/noticias\/veronica-castro-emprende-accion-legal-tras-ser-senalada-por-acoso-a-menores-de-edad\/#breadcrumb"},"inLanguage":"es","potentialAction":[{"@type":"ReadAction","target":["https:\/\/www.yucatanencorto.com\/noticias\/veronica-castro-emprende-accion-legal-tras-ser-senalada-por-acoso-a-menores-de-edad\/"]}]},{"@type":"ImageObject","inLanguage":"es","@id":"https:\/\/www.yucatanencorto.com\/noticias\/veronica-castro-emprende-accion-legal-tras-ser-senalada-por-acoso-a-menores-de-edad\/#primaryimage","url":"https:\/\/www.yucatanencorto.com\/noticias\/wp-content\/uploads\/2022\/10\/AA13ngAw.jpg","contentUrl":"https:\/\/www.yucatanencorto.com\/noticias\/wp-content\/uploads\/2022\/10\/AA13ngAw.jpg","width":768,"height":473},{"@type":"BreadcrumbList","@id":"https:\/\/www.yucatanencorto.com\/noticias\/veronica-castro-emprende-accion-legal-tras-ser-senalada-por-acoso-a-menores-de-edad\/#breadcrumb","itemListElement":[{"@type":"ListItem","position":1,"name":"Portada","item":"https:\/\/www.yucatanencorto.com\/noticias\/"},{"@type":"ListItem","position":2,"name":"Ver\u00f3nica Castro emprende acci\u00f3n legal tras ser se\u00f1alada por acoso a menores de edad"}]},{"@type":"WebSite","@id":"https:\/\/www.yucatanencorto.com\/noticias\/#website","url":"https:\/\/www.yucatanencorto.com\/noticias\/","name":"Yucat\u00e1n en corto","description":"Noticias","potentialAction":[{"@type":"SearchAction","target":{"@type":"EntryPoint","urlTemplate":"https:\/\/www.yucatanencorto.com\/noticias\/?s={search_term_string}"},"query-input":{"@type":"PropertyValueSpecification","valueRequired":true,"valueName":"search_term_string"}}],"inLanguage":"es"},{"@type":"Person","@id":"https:\/\/www.yucatanencorto.com\/noticias\/#\/schema\/person\/14f82d355225a1f4075dd84a31f45a72","name":"Yucat\u00e1n en Corto FC","image":{"@type":"ImageObject","inLanguage":"es","@id":"https:\/\/secure.gravatar.com\/avatar\/147d4b30cd728c53c29c49a3f7834dedca33707f4cd259761355846009a88250?s=96&d=mm&r=g","url":"https:\/\/secure.gravatar.com\/avatar\/147d4b30cd728c53c29c49a3f7834dedca33707f4cd259761355846009a88250?s=96&d=mm&r=g","contentUrl":"https:\/\/secure.gravatar.com\/avatar\/147d4b30cd728c53c29c49a3f7834dedca33707f4cd259761355846009a88250?s=96&d=mm&r=g","caption":"Yucat\u00e1n en Corto FC"},"url":"https:\/\/www.yucatanencorto.com\/noticias\/author\/flor\/"}]}},"_links":{"self":[{"href":"https:\/\/www.yucatanencorto.com\/noticias\/wp-json\/wp\/v2\/posts\/94288","targetHints":{"allow":["GET"]}}],"collection":[{"href":"https:\/\/www.yucatanencorto.com\/noticias\/wp-json\/wp\/v2\/posts"}],"about":[{"href":"https:\/\/www.yucatanencorto.com\/noticias\/wp-json\/wp\/v2\/types\/post"}],"author":[{"embeddable":true,"href":"https:\/\/www.yucatanencorto.com\/noticias\/wp-json\/wp\/v2\/users\/2"}],"replies":[{"embeddable":true,"href":"https:\/\/www.yucatanencorto.com\/noticias\/wp-json\/wp\/v2\/comments?post=94288"}],"version-history":[{"count":0,"href":"https:\/\/www.yucatanencorto.com\/noticias\/wp-json\/wp\/v2\/posts\/94288\/revisions"}],"wp:featuredmedia":[{"embeddable":true,"href":"https:\/\/www.yucatanencorto.com\/noticias\/wp-json\/wp\/v2\/media\/94289"}],"wp:attachment":[{"href":"https:\/\/www.yucatanencorto.com\/noticias\/wp-json\/wp\/v2\/media?parent=94288"}],"wp:term":[{"taxonomy":"category","embeddable":true,"href":"https:\/\/www.yucatanencorto.com\/noticias\/wp-json\/wp\/v2\/categories?post=94288"},{"taxonomy":"post_tag","embeddable":true,"href":"https:\/\/www.yucatanencorto.com\/noticias\/wp-json\/wp\/v2\/tags?post=94288"}],"curies":[{"name":"wp","href":"https:\/\/api.w.org\/{rel}","templated":true}]}}