{"id":94301,"date":"2022-10-26T20:51:09","date_gmt":"2022-10-27T01:51:09","guid":{"rendered":"https:\/\/www.yucatanencorto.com\/noticias\/?p=94301"},"modified":"2022-10-26T20:51:09","modified_gmt":"2022-10-27T01:51:09","slug":"diana-castillo-laviada-presenta-su-primer-informe-como-presidenta-del-dif-merida","status":"publish","type":"post","link":"https:\/\/www.yucatanencorto.com\/noticias\/diana-castillo-laviada-presenta-su-primer-informe-como-presidenta-del-dif-merida\/","title":{"rendered":"Diana Castillo Laviada presenta su primer informe como presidenta del DIF M\u00e9rida"},"content":{"rendered":"<p><img loading=\"lazy\" decoding=\"async\" class=\"alignnone size-full wp-image-94302\" src=\"https:\/\/www.yucatanencorto.com\/noticias\/wp-content\/uploads\/2022\/10\/IMG-20221026-WA0037-scaled.jpg\" alt=\"\" width=\"768\" height=\"512\" srcset=\"https:\/\/www.yucatanencorto.com\/noticias\/wp-content\/uploads\/2022\/10\/IMG-20221026-WA0037-scaled.jpg 768w, https:\/\/www.yucatanencorto.com\/noticias\/wp-content\/uploads\/2022\/10\/IMG-20221026-WA0037-696x464.jpg 696w, https:\/\/www.yucatanencorto.com\/noticias\/wp-content\/uploads\/2022\/10\/IMG-20221026-WA0037-1068x712.jpg 1068w, https:\/\/www.yucatanencorto.com\/noticias\/wp-content\/uploads\/2022\/10\/IMG-20221026-WA0037-630x420.jpg 630w\" sizes=\"auto, (max-width: 768px) 100vw, 768px\" \/><\/p>\n<p>M\u00e9rida, Yucat\u00e1n a 26 de octubre de 2022.- La presidenta del Sistema Municipal del Desarrollo Integral de la Familia (DIF), Diana Castillo Laviada, present\u00f3 su primer informe de gobierno, donde detall\u00f3 las acciones y programas que el Ayuntamiento de M\u00e9rida, encabezado por el Alcalde Ren\u00e1n Barrera Concha, ha realizado en beneficio de la poblaci\u00f3n vulnerable de la capital yucateca y sus comisar\u00edas.<\/p>\n<p>&nbsp;<\/p>\n<p>&nbsp;<\/p>\n<p>&nbsp;<\/p>\n<p>En un evento que se realiz\u00f3 en el Centro de Desarrollo Comunitario, ubicado en el parque \u201cEl Papa\u201d del fraccionamiento Juan Pablo II, la titular del DIF M\u00e9rida destac\u00f3 que a lo largo de un a\u00f1o se ha realizado un trabajo cercano y en conjunto con la sociedad, el cual ha generado grandes resultados positivos para quienes m\u00e1s lo necesitan.<\/p>\n<p>&nbsp;<\/p>\n<p>&nbsp;<\/p>\n<p>&nbsp;<\/p>\n<p>\u201cHoy estoy contenta porque estoy rindiendo este informe de manera p\u00fablica, vi\u00e9ndonos los unos a los otros, cercanos, tal como es el trabajo que realizamos diariamente en el DIF, para el bienestar de las familias m\u00e1s vulnerables del municipio de M\u00e9rida, y porque cuando la suma de voluntades tiene como fin el bien com\u00fan, para ayudar a m\u00e1s personas, asumimos la fuerza necesaria para transformar las vidas humanas\u201d, manifest\u00f3.<\/p>\n<p>&nbsp;<\/p>\n<p>&nbsp;<\/p>\n<p>&nbsp;<\/p>\n<p>Ante la presencia del Alcalde Ren\u00e1n Barrera Concha; de Mar\u00eda Teresa Boehm Calero, directora del Sistema Estatal para el Desarrollo Integral de las Familias (DIF Yucat\u00e1n); de Loreto Villanueva Trujillo, secretar\u00eda de la Cultura y las Artes de Yucat\u00e1n; de Silvia Sarti Gonz\u00e1lez, directora del DIF Municipal de M\u00e9rida, as\u00ed como de diputados federales y locales, regidores, autoridades estatales y municipales, Castillo Laviada indic\u00f3 que en los \u00faltimos a\u00f1os el Municipio y el mundo atravesaron por una crisis ocasionada por la pandemia, lo que oblig\u00f3 al DIF M\u00e9rida buscar nuevas formas de trabajar para seguir apoyando a las personas m\u00e1s vulnerables.<\/p>\n<p>&nbsp;<\/p>\n<p>&nbsp;<\/p>\n<p>&nbsp;<\/p>\n<p>\u201cEn el DIF M\u00e9rida no nos quedamos de brazos cruzados y reorganizamos todo lo que fue necesario. As\u00ed surgi\u00f3, por ejemplo, nuestro programa \u201cM\u00e9rida m\u00e1s cercana\u201d, mediante el cual reestructuramos nuestros procesos para la entrega de despensas y aparatos ortop\u00e9dicos, a fin de realizarlos en las propias colonias y comisar\u00edas, con lo que ahorramos tiempo, dinero y cuidamos mejor la salud de las personas de cada poblaci\u00f3n al no tener que trasladarse a la ciudad de M\u00e9rida para recibir sus apoyos\u201d, expres\u00f3.<\/p>\n<p>&nbsp;<\/p>\n<p>&nbsp;<\/p>\n<p>&nbsp;<\/p>\n<p>Inform\u00f3 que, hasta el corte realizado para este informe, se logr\u00f3 entregar 560 aparatos ortop\u00e9dicos a 548 personas que hoy tienen mejores condiciones de calidad de vida.<\/p>\n<p>&nbsp;<\/p>\n<p>&nbsp;<\/p>\n<p>&nbsp;<\/p>\n<p>Asimismo, Castillo Laviada mencion\u00f3 que adem\u00e1s de la entrega de apoyos, el DIF ha acercado los servicios de salud, mediaci\u00f3n, aparatos ortop\u00e9dicos, cuidado infantil, atenci\u00f3n a personas mayores y personas con discapacidad, entre otros programas asistenciales en el que decenas de personas se han visto beneficiadas con la aplicaci\u00f3n de estos programas.<\/p>\n<p>&nbsp;<\/p>\n<p>&nbsp;<\/p>\n<p>&nbsp;<\/p>\n<p>De igual manera, continu\u00f3, en este \u00faltimo a\u00f1o se les ha dado una especial atenci\u00f3n a los adultos mayores de M\u00e9rida, ya que en la actualidad el Ayuntamiento cuenta con dos centros para el desarrollo pleno de las personas mayores en esta etapa de la vida: \u201cRenacer\u201d y \u201cArmon\u00eda\u201d.<\/p>\n<p>&nbsp;<\/p>\n<p>&nbsp;<\/p>\n<p>&nbsp;<\/p>\n<p>\u201cEn diciembre pasado inauguramos el \u201cCentro del Adulto Mayor, Armon\u00eda\u201d, el cual ya atiende a cerca de 500 personas mayores que acuden a los distintos talleres, actividades y servicios que les ofrecemos, como el primer gimnasio terap\u00e9utico especializado en el \u00e1rea geri\u00e1trica\u201d, destac\u00f3.<\/p>\n<p>&nbsp;<\/p>\n<p>&nbsp;<\/p>\n<p>&nbsp;<\/p>\n<p>Adem\u00e1s, instalamos el Consejo Municipal para el Desarrollo de una Comunidad amigable con las Personas Mayores de M\u00e9rida 2021-2024, que se apega a las disposiciones de la Red de Ciudades Amigables para beneficio de este sector de la poblaci\u00f3n.<\/p>\n<p>&nbsp;<\/p>\n<p>&nbsp;<\/p>\n<p>&nbsp;<\/p>\n<p>Con el objetivo de fortalecer las acciones de inclusi\u00f3n, por primera vez este a\u00f1o, se ofreci\u00f3 el curso Atenci\u00f3n a Personas con Discapacidad y Trato Digno, en el que participaron 332 servidores p\u00fablicos. El fin fue desarrollar los conocimientos y habilidades que les permitan brindar servicios adecuados y de calidad a personas con alguna discapacidad.<\/p>\n<p>&nbsp;<\/p>\n<p>&nbsp;<\/p>\n<p>&nbsp;<\/p>\n<p>En su mensaje, Castillo Laviada agradeci\u00f3 al Presidente Municipal por la confianza depositada para ser la titular del DIF M\u00e9rida, un sistema que es de los m\u00e1s nobles y cercanos a la poblaci\u00f3n de la administraci\u00f3n, porque a trav\u00e9s de \u00e9l se apoya a los grupos vulnerables as\u00ed como permite formar parte de esa superaci\u00f3n.<\/p>\n<p>&nbsp;<\/p>\n<p>&nbsp;<\/p>\n<p>&nbsp;<\/p>\n<p>\u201cRen\u00e1n, te agradezco por la confianza que tienes en mi capacidad para trabajar a trav\u00e9s del DIF, por darme el apoyo necesario y la libertad de actuar en esta \u00e1rea tan llena de posibilidades que, para m\u00ed, es sin duda, la m\u00e1s hermosa del Ayuntamiento\u201d, expres\u00f3.<\/p>\n<p>&nbsp;<\/p>\n<p>&nbsp;<\/p>\n<p>&nbsp;<\/p>\n<p>Hoy puedo asegurar, abund\u00f3, que lo ganado en experiencia se traduce en un mayor compromiso y entusiasmo para seguir sirviendo a trav\u00e9s del DIF, aun cuando el tiempo de oficina o labor profesional se haya reducido ante la necesidad de estar al pendiente de mis hijos Daniela y Ren\u00e1n.<\/p>\n<p>&nbsp;<\/p>\n<p>&nbsp;<\/p>\n<p>&nbsp;<\/p>\n<p>Como parte de esta celebraci\u00f3n, el DIF M\u00e9rida instal\u00f3 stands para que las beneficiarias de los diversos programas pudieran promover sus productos.<\/p>\n<p>&nbsp;<\/p>\n<p>&nbsp;<\/p>\n<p>&nbsp;<\/p>\n<p>Entre estos estaban la venta de productos del programa \u201cBordamos por M\u00e9rida\u201d, venta de galletas y conservas del taller de cocina de los beneficiarios (personas con discapacidad) del Centro Ocupacional y Recreativo La Ceiba y la venta de pi\u00f1atas del taller de los beneficiarios (personas con discapacidad) del Centro Ocupacional y Recreativo La Ceiba.<\/p>\n<p>&nbsp;<\/p>\n<p>&nbsp;<\/p>\n<p>&nbsp;<\/p>\n<p>Finalmente, tambi\u00e9n se instalaron m\u00f3dulos de promoci\u00f3n de servicios como mesa de atenci\u00f3n, promoci\u00f3n de servicios jur\u00eddicos del DIF M\u00e9rida y Atenci\u00f3n Ciudadana.<\/p>\n<p>&nbsp;<\/p>\n<p>&nbsp;<\/p>\n<p>&nbsp;<\/p>\n<p>En el evento se cont\u00f3 con la presencia de Beatriz G\u00f3mory Correa, presidenta de Coparmex M\u00e9rida; Miguel \u00d3scar Sabido Santana, presidente de la CODHEY y Adriana Aguilar Ram\u00edrez, secretaria de vinculaci\u00f3n con la sociedad civil PAN.<\/p>\n","protected":false},"excerpt":{"rendered":"<p>M\u00e9rida, Yucat\u00e1n a 26 de octubre de 2022.- La presidenta del Sistema Municipal del Desarrollo Integral de la Familia (DIF), Diana Castillo Laviada, present\u00f3 su primer informe de gobierno, donde detall\u00f3 las acciones y programas que el Ayuntamiento de M\u00e9rida, encabezado por el Alcalde Ren\u00e1n Barrera Concha, ha realizado en beneficio de la poblaci\u00f3n vulnerable [&hellip;]<\/p>\n","protected":false},"author":2,"featured_media":94302,"comment_status":"closed","ping_status":"closed","sticky":false,"template":"","format":"standard","meta":{"footnotes":""},"categories":[2],"tags":[],"class_list":["post-94301","post","type-post","status-publish","format-standard","has-post-thumbnail","category-merida"],"yoast_head":"<!-- This site is optimized with the Yoast SEO plugin v28.3 - https:\/\/yoast.com\/product\/yoast-seo-wordpress\/ -->\n<title>Diana Castillo Laviada presenta su primer informe como presidenta del DIF M\u00e9rida - Yucat\u00e1n en corto<\/title>\n<meta name=\"robots\" content=\"index, follow, max-snippet:-1, max-image-preview:large, max-video-preview:-1\" \/>\n<link rel=\"canonical\" href=\"https:\/\/www.yucatanencorto.com\/noticias\/diana-castillo-laviada-presenta-su-primer-informe-como-presidenta-del-dif-merida\/\" \/>\n<meta property=\"og:locale\" content=\"es_ES\" \/>\n<meta property=\"og:type\" content=\"article\" \/>\n<meta property=\"og:title\" content=\"Diana Castillo Laviada presenta su primer informe como presidenta del DIF M\u00e9rida - Yucat\u00e1n en corto\" \/>\n<meta property=\"og:description\" content=\"M\u00e9rida, Yucat\u00e1n a 26 de octubre de 2022.- La presidenta del Sistema Municipal del Desarrollo Integral de la Familia (DIF), Diana Castillo Laviada, present\u00f3 su primer informe de gobierno, donde detall\u00f3 las acciones y programas que el Ayuntamiento de M\u00e9rida, encabezado por el Alcalde Ren\u00e1n Barrera Concha, ha realizado en beneficio de la poblaci\u00f3n vulnerable [&hellip;]\" \/>\n<meta property=\"og:url\" content=\"https:\/\/www.yucatanencorto.com\/noticias\/diana-castillo-laviada-presenta-su-primer-informe-como-presidenta-del-dif-merida\/\" \/>\n<meta property=\"og:site_name\" content=\"Yucat\u00e1n en corto\" \/>\n<meta property=\"article:publisher\" content=\"http:\/\/www.facebook.com\/yucatanencorto\" \/>\n<meta property=\"article:published_time\" content=\"2022-10-27T01:51:09+00:00\" \/>\n<meta property=\"og:image\" content=\"https:\/\/www.yucatanencorto.com\/noticias\/wp-content\/uploads\/2022\/10\/IMG-20221026-WA0037-scaled.jpg\" \/>\n\t<meta property=\"og:image:width\" content=\"768\" \/>\n\t<meta property=\"og:image:height\" content=\"512\" \/>\n\t<meta property=\"og:image:type\" content=\"image\/jpeg\" \/>\n<meta name=\"author\" content=\"Yucat\u00e1n en Corto FC\" \/>\n<meta name=\"twitter:card\" content=\"summary_large_image\" \/>\n<meta name=\"twitter:creator\" content=\"@yucatanencorto\" \/>\n<meta name=\"twitter:site\" content=\"@yucatanencorto\" \/>\n<meta name=\"twitter:label1\" content=\"Escrito por\" \/>\n\t<meta name=\"twitter:data1\" content=\"Yucat\u00e1n en Corto FC\" \/>\n\t<meta name=\"twitter:label2\" content=\"Tiempo de lectura\" \/>\n\t<meta name=\"twitter:data2\" content=\"5 minutos\" \/>\n<script type=\"application\/ld+json\" class=\"yoast-schema-graph\">{\"@context\":\"https:\\\/\\\/schema.org\",\"@graph\":[{\"@type\":\"Article\",\"@id\":\"https:\\\/\\\/www.yucatanencorto.com\\\/noticias\\\/diana-castillo-laviada-presenta-su-primer-informe-como-presidenta-del-dif-merida\\\/#article\",\"isPartOf\":{\"@id\":\"https:\\\/\\\/www.yucatanencorto.com\\\/noticias\\\/diana-castillo-laviada-presenta-su-primer-informe-como-presidenta-del-dif-merida\\\/\"},\"author\":{\"name\":\"Yucat\u00e1n en Corto FC\",\"@id\":\"https:\\\/\\\/www.yucatanencorto.com\\\/noticias\\\/#\\\/schema\\\/person\\\/14f82d355225a1f4075dd84a31f45a72\"},\"headline\":\"Diana Castillo Laviada presenta su primer informe como presidenta del DIF M\u00e9rida\",\"datePublished\":\"2022-10-27T01:51:09+00:00\",\"mainEntityOfPage\":{\"@id\":\"https:\\\/\\\/www.yucatanencorto.com\\\/noticias\\\/diana-castillo-laviada-presenta-su-primer-informe-como-presidenta-del-dif-merida\\\/\"},\"wordCount\":1062,\"publisher\":{\"@id\":\"https:\\\/\\\/www.yucatanencorto.com\\\/noticias\\\/#organization\"},\"image\":{\"@id\":\"https:\\\/\\\/www.yucatanencorto.com\\\/noticias\\\/diana-castillo-laviada-presenta-su-primer-informe-como-presidenta-del-dif-merida\\\/#primaryimage\"},\"thumbnailUrl\":\"https:\\\/\\\/www.yucatanencorto.com\\\/noticias\\\/wp-content\\\/uploads\\\/2022\\\/10\\\/IMG-20221026-WA0037-scaled.jpg\",\"articleSection\":[\"M\u00e9rida\"],\"inLanguage\":\"es\"},{\"@type\":\"WebPage\",\"@id\":\"https:\\\/\\\/www.yucatanencorto.com\\\/noticias\\\/diana-castillo-laviada-presenta-su-primer-informe-como-presidenta-del-dif-merida\\\/\",\"url\":\"https:\\\/\\\/www.yucatanencorto.com\\\/noticias\\\/diana-castillo-laviada-presenta-su-primer-informe-como-presidenta-del-dif-merida\\\/\",\"name\":\"Diana Castillo Laviada presenta su primer informe como presidenta del DIF M\u00e9rida - Yucat\u00e1n en corto\",\"isPartOf\":{\"@id\":\"https:\\\/\\\/www.yucatanencorto.com\\\/noticias\\\/#website\"},\"primaryImageOfPage\":{\"@id\":\"https:\\\/\\\/www.yucatanencorto.com\\\/noticias\\\/diana-castillo-laviada-presenta-su-primer-informe-como-presidenta-del-dif-merida\\\/#primaryimage\"},\"image\":{\"@id\":\"https:\\\/\\\/www.yucatanencorto.com\\\/noticias\\\/diana-castillo-laviada-presenta-su-primer-informe-como-presidenta-del-dif-merida\\\/#primaryimage\"},\"thumbnailUrl\":\"https:\\\/\\\/www.yucatanencorto.com\\\/noticias\\\/wp-content\\\/uploads\\\/2022\\\/10\\\/IMG-20221026-WA0037-scaled.jpg\",\"datePublished\":\"2022-10-27T01:51:09+00:00\",\"breadcrumb\":{\"@id\":\"https:\\\/\\\/www.yucatanencorto.com\\\/noticias\\\/diana-castillo-laviada-presenta-su-primer-informe-como-presidenta-del-dif-merida\\\/#breadcrumb\"},\"inLanguage\":\"es\",\"potentialAction\":[{\"@type\":\"ReadAction\",\"target\":[\"https:\\\/\\\/www.yucatanencorto.com\\\/noticias\\\/diana-castillo-laviada-presenta-su-primer-informe-como-presidenta-del-dif-merida\\\/\"]}]},{\"@type\":\"ImageObject\",\"inLanguage\":\"es\",\"@id\":\"https:\\\/\\\/www.yucatanencorto.com\\\/noticias\\\/diana-castillo-laviada-presenta-su-primer-informe-como-presidenta-del-dif-merida\\\/#primaryimage\",\"url\":\"https:\\\/\\\/www.yucatanencorto.com\\\/noticias\\\/wp-content\\\/uploads\\\/2022\\\/10\\\/IMG-20221026-WA0037-scaled.jpg\",\"contentUrl\":\"https:\\\/\\\/www.yucatanencorto.com\\\/noticias\\\/wp-content\\\/uploads\\\/2022\\\/10\\\/IMG-20221026-WA0037-scaled.jpg\",\"width\":768,\"height\":512},{\"@type\":\"BreadcrumbList\",\"@id\":\"https:\\\/\\\/www.yucatanencorto.com\\\/noticias\\\/diana-castillo-laviada-presenta-su-primer-informe-como-presidenta-del-dif-merida\\\/#breadcrumb\",\"itemListElement\":[{\"@type\":\"ListItem\",\"position\":1,\"name\":\"Portada\",\"item\":\"https:\\\/\\\/www.yucatanencorto.com\\\/noticias\\\/\"},{\"@type\":\"ListItem\",\"position\":2,\"name\":\"Diana Castillo Laviada presenta su primer informe como presidenta del DIF M\u00e9rida\"}]},{\"@type\":\"WebSite\",\"@id\":\"https:\\\/\\\/www.yucatanencorto.com\\\/noticias\\\/#website\",\"url\":\"https:\\\/\\\/www.yucatanencorto.com\\\/noticias\\\/\",\"name\":\"Yucat\u00e1n en corto\",\"description\":\"Noticias\",\"publisher\":{\"@id\":\"https:\\\/\\\/www.yucatanencorto.com\\\/noticias\\\/#organization\"},\"potentialAction\":[{\"@type\":\"SearchAction\",\"target\":{\"@type\":\"EntryPoint\",\"urlTemplate\":\"https:\\\/\\\/www.yucatanencorto.com\\\/noticias\\\/?s={search_term_string}\"},\"query-input\":{\"@type\":\"PropertyValueSpecification\",\"valueRequired\":true,\"valueName\":\"search_term_string\"}}],\"inLanguage\":\"es\"},{\"@type\":\"Organization\",\"@id\":\"https:\\\/\\\/www.yucatanencorto.com\\\/noticias\\\/#organization\",\"name\":\"Yucat\u00e1n en corto\",\"url\":\"https:\\\/\\\/www.yucatanencorto.com\\\/noticias\\\/\",\"logo\":{\"@type\":\"ImageObject\",\"inLanguage\":\"es\",\"@id\":\"https:\\\/\\\/www.yucatanencorto.com\\\/noticias\\\/#\\\/schema\\\/logo\\\/image\\\/\",\"url\":\"https:\\\/\\\/www.yucatanencorto.com\\\/noticias\\\/wp-content\\\/uploads\\\/2026\\\/08\\\/Logo-web.png\",\"contentUrl\":\"https:\\\/\\\/www.yucatanencorto.com\\\/noticias\\\/wp-content\\\/uploads\\\/2026\\\/08\\\/Logo-web.png\",\"width\":272,\"height\":90,\"caption\":\"Yucat\u00e1n en corto\"},\"image\":{\"@id\":\"https:\\\/\\\/www.yucatanencorto.com\\\/noticias\\\/#\\\/schema\\\/logo\\\/image\\\/\"},\"sameAs\":[\"http:\\\/\\\/www.facebook.com\\\/yucatanencorto\",\"https:\\\/\\\/x.com\\\/yucatanencorto\"]},{\"@type\":\"Person\",\"@id\":\"https:\\\/\\\/www.yucatanencorto.com\\\/noticias\\\/#\\\/schema\\\/person\\\/14f82d355225a1f4075dd84a31f45a72\",\"name\":\"Yucat\u00e1n en Corto FC\",\"image\":{\"@type\":\"ImageObject\",\"inLanguage\":\"es\",\"@id\":\"https:\\\/\\\/secure.gravatar.com\\\/avatar\\\/147d4b30cd728c53c29c49a3f7834dedca33707f4cd259761355846009a88250?s=96&d=mm&r=g\",\"url\":\"https:\\\/\\\/secure.gravatar.com\\\/avatar\\\/147d4b30cd728c53c29c49a3f7834dedca33707f4cd259761355846009a88250?s=96&d=mm&r=g\",\"contentUrl\":\"https:\\\/\\\/secure.gravatar.com\\\/avatar\\\/147d4b30cd728c53c29c49a3f7834dedca33707f4cd259761355846009a88250?s=96&d=mm&r=g\",\"caption\":\"Yucat\u00e1n en Corto FC\"},\"url\":\"https:\\\/\\\/www.yucatanencorto.com\\\/noticias\\\/author\\\/flor\\\/\"}]}<\/script>\n<!-- \/ Yoast SEO plugin. -->","yoast_head_json":{"title":"Diana Castillo Laviada presenta su primer informe como presidenta del DIF M\u00e9rida - Yucat\u00e1n en corto","robots":{"index":"index","follow":"follow","max-snippet":"max-snippet:-1","max-image-preview":"max-image-preview:large","max-video-preview":"max-video-preview:-1"},"canonical":"https:\/\/www.yucatanencorto.com\/noticias\/diana-castillo-laviada-presenta-su-primer-informe-como-presidenta-del-dif-merida\/","og_locale":"es_ES","og_type":"article","og_title":"Diana Castillo Laviada presenta su primer informe como presidenta del DIF M\u00e9rida - Yucat\u00e1n en corto","og_description":"M\u00e9rida, Yucat\u00e1n a 26 de octubre de 2022.- La presidenta del Sistema Municipal del Desarrollo Integral de la Familia (DIF), Diana Castillo Laviada, present\u00f3 su primer informe de gobierno, donde detall\u00f3 las acciones y programas que el Ayuntamiento de M\u00e9rida, encabezado por el Alcalde Ren\u00e1n Barrera Concha, ha realizado en beneficio de la poblaci\u00f3n vulnerable [&hellip;]","og_url":"https:\/\/www.yucatanencorto.com\/noticias\/diana-castillo-laviada-presenta-su-primer-informe-como-presidenta-del-dif-merida\/","og_site_name":"Yucat\u00e1n en corto","article_publisher":"http:\/\/www.facebook.com\/yucatanencorto","article_published_time":"2022-10-27T01:51:09+00:00","og_image":[{"width":768,"height":512,"url":"https:\/\/www.yucatanencorto.com\/noticias\/wp-content\/uploads\/2022\/10\/IMG-20221026-WA0037-scaled.jpg","type":"image\/jpeg"}],"author":"Yucat\u00e1n en Corto FC","twitter_card":"summary_large_image","twitter_creator":"@yucatanencorto","twitter_site":"@yucatanencorto","twitter_misc":{"Escrito por":"Yucat\u00e1n en Corto FC","Tiempo de lectura":"5 minutos"},"schema":{"@context":"https:\/\/schema.org","@graph":[{"@type":"Article","@id":"https:\/\/www.yucatanencorto.com\/noticias\/diana-castillo-laviada-presenta-su-primer-informe-como-presidenta-del-dif-merida\/#article","isPartOf":{"@id":"https:\/\/www.yucatanencorto.com\/noticias\/diana-castillo-laviada-presenta-su-primer-informe-como-presidenta-del-dif-merida\/"},"author":{"name":"Yucat\u00e1n en Corto FC","@id":"https:\/\/www.yucatanencorto.com\/noticias\/#\/schema\/person\/14f82d355225a1f4075dd84a31f45a72"},"headline":"Diana Castillo Laviada presenta su primer informe como presidenta del DIF M\u00e9rida","datePublished":"2022-10-27T01:51:09+00:00","mainEntityOfPage":{"@id":"https:\/\/www.yucatanencorto.com\/noticias\/diana-castillo-laviada-presenta-su-primer-informe-como-presidenta-del-dif-merida\/"},"wordCount":1062,"publisher":{"@id":"https:\/\/www.yucatanencorto.com\/noticias\/#organization"},"image":{"@id":"https:\/\/www.yucatanencorto.com\/noticias\/diana-castillo-laviada-presenta-su-primer-informe-como-presidenta-del-dif-merida\/#primaryimage"},"thumbnailUrl":"https:\/\/www.yucatanencorto.com\/noticias\/wp-content\/uploads\/2022\/10\/IMG-20221026-WA0037-scaled.jpg","articleSection":["M\u00e9rida"],"inLanguage":"es"},{"@type":"WebPage","@id":"https:\/\/www.yucatanencorto.com\/noticias\/diana-castillo-laviada-presenta-su-primer-informe-como-presidenta-del-dif-merida\/","url":"https:\/\/www.yucatanencorto.com\/noticias\/diana-castillo-laviada-presenta-su-primer-informe-como-presidenta-del-dif-merida\/","name":"Diana Castillo Laviada presenta su primer informe como presidenta del DIF M\u00e9rida - Yucat\u00e1n en corto","isPartOf":{"@id":"https:\/\/www.yucatanencorto.com\/noticias\/#website"},"primaryImageOfPage":{"@id":"https:\/\/www.yucatanencorto.com\/noticias\/diana-castillo-laviada-presenta-su-primer-informe-como-presidenta-del-dif-merida\/#primaryimage"},"image":{"@id":"https:\/\/www.yucatanencorto.com\/noticias\/diana-castillo-laviada-presenta-su-primer-informe-como-presidenta-del-dif-merida\/#primaryimage"},"thumbnailUrl":"https:\/\/www.yucatanencorto.com\/noticias\/wp-content\/uploads\/2022\/10\/IMG-20221026-WA0037-scaled.jpg","datePublished":"2022-10-27T01:51:09+00:00","breadcrumb":{"@id":"https:\/\/www.yucatanencorto.com\/noticias\/diana-castillo-laviada-presenta-su-primer-informe-como-presidenta-del-dif-merida\/#breadcrumb"},"inLanguage":"es","potentialAction":[{"@type":"ReadAction","target":["https:\/\/www.yucatanencorto.com\/noticias\/diana-castillo-laviada-presenta-su-primer-informe-como-presidenta-del-dif-merida\/"]}]},{"@type":"ImageObject","inLanguage":"es","@id":"https:\/\/www.yucatanencorto.com\/noticias\/diana-castillo-laviada-presenta-su-primer-informe-como-presidenta-del-dif-merida\/#primaryimage","url":"https:\/\/www.yucatanencorto.com\/noticias\/wp-content\/uploads\/2022\/10\/IMG-20221026-WA0037-scaled.jpg","contentUrl":"https:\/\/www.yucatanencorto.com\/noticias\/wp-content\/uploads\/2022\/10\/IMG-20221026-WA0037-scaled.jpg","width":768,"height":512},{"@type":"BreadcrumbList","@id":"https:\/\/www.yucatanencorto.com\/noticias\/diana-castillo-laviada-presenta-su-primer-informe-como-presidenta-del-dif-merida\/#breadcrumb","itemListElement":[{"@type":"ListItem","position":1,"name":"Portada","item":"https:\/\/www.yucatanencorto.com\/noticias\/"},{"@type":"ListItem","position":2,"name":"Diana Castillo Laviada presenta su primer informe como presidenta del DIF M\u00e9rida"}]},{"@type":"WebSite","@id":"https:\/\/www.yucatanencorto.com\/noticias\/#website","url":"https:\/\/www.yucatanencorto.com\/noticias\/","name":"Yucat\u00e1n en corto","description":"Noticias","publisher":{"@id":"https:\/\/www.yucatanencorto.com\/noticias\/#organization"},"potentialAction":[{"@type":"SearchAction","target":{"@type":"EntryPoint","urlTemplate":"https:\/\/www.yucatanencorto.com\/noticias\/?s={search_term_string}"},"query-input":{"@type":"PropertyValueSpecification","valueRequired":true,"valueName":"search_term_string"}}],"inLanguage":"es"},{"@type":"Organization","@id":"https:\/\/www.yucatanencorto.com\/noticias\/#organization","name":"Yucat\u00e1n en corto","url":"https:\/\/www.yucatanencorto.com\/noticias\/","logo":{"@type":"ImageObject","inLanguage":"es","@id":"https:\/\/www.yucatanencorto.com\/noticias\/#\/schema\/logo\/image\/","url":"https:\/\/www.yucatanencorto.com\/noticias\/wp-content\/uploads\/2026\/08\/Logo-web.png","contentUrl":"https:\/\/www.yucatanencorto.com\/noticias\/wp-content\/uploads\/2026\/08\/Logo-web.png","width":272,"height":90,"caption":"Yucat\u00e1n en corto"},"image":{"@id":"https:\/\/www.yucatanencorto.com\/noticias\/#\/schema\/logo\/image\/"},"sameAs":["http:\/\/www.facebook.com\/yucatanencorto","https:\/\/x.com\/yucatanencorto"]},{"@type":"Person","@id":"https:\/\/www.yucatanencorto.com\/noticias\/#\/schema\/person\/14f82d355225a1f4075dd84a31f45a72","name":"Yucat\u00e1n en Corto FC","image":{"@type":"ImageObject","inLanguage":"es","@id":"https:\/\/secure.gravatar.com\/avatar\/147d4b30cd728c53c29c49a3f7834dedca33707f4cd259761355846009a88250?s=96&d=mm&r=g","url":"https:\/\/secure.gravatar.com\/avatar\/147d4b30cd728c53c29c49a3f7834dedca33707f4cd259761355846009a88250?s=96&d=mm&r=g","contentUrl":"https:\/\/secure.gravatar.com\/avatar\/147d4b30cd728c53c29c49a3f7834dedca33707f4cd259761355846009a88250?s=96&d=mm&r=g","caption":"Yucat\u00e1n en Corto FC"},"url":"https:\/\/www.yucatanencorto.com\/noticias\/author\/flor\/"}]}},"_links":{"self":[{"href":"https:\/\/www.yucatanencorto.com\/noticias\/wp-json\/wp\/v2\/posts\/94301","targetHints":{"allow":["GET"]}}],"collection":[{"href":"https:\/\/www.yucatanencorto.com\/noticias\/wp-json\/wp\/v2\/posts"}],"about":[{"href":"https:\/\/www.yucatanencorto.com\/noticias\/wp-json\/wp\/v2\/types\/post"}],"author":[{"embeddable":true,"href":"https:\/\/www.yucatanencorto.com\/noticias\/wp-json\/wp\/v2\/users\/2"}],"replies":[{"embeddable":true,"href":"https:\/\/www.yucatanencorto.com\/noticias\/wp-json\/wp\/v2\/comments?post=94301"}],"version-history":[{"count":0,"href":"https:\/\/www.yucatanencorto.com\/noticias\/wp-json\/wp\/v2\/posts\/94301\/revisions"}],"wp:featuredmedia":[{"embeddable":true,"href":"https:\/\/www.yucatanencorto.com\/noticias\/wp-json\/wp\/v2\/media\/94302"}],"wp:attachment":[{"href":"https:\/\/www.yucatanencorto.com\/noticias\/wp-json\/wp\/v2\/media?parent=94301"}],"wp:term":[{"taxonomy":"category","embeddable":true,"href":"https:\/\/www.yucatanencorto.com\/noticias\/wp-json\/wp\/v2\/categories?post=94301"},{"taxonomy":"post_tag","embeddable":true,"href":"https:\/\/www.yucatanencorto.com\/noticias\/wp-json\/wp\/v2\/tags?post=94301"}],"curies":[{"name":"wp","href":"https:\/\/api.w.org\/{rel}","templated":true}]}}