{"id":95124,"date":"2022-12-01T09:06:56","date_gmt":"2022-12-01T15:06:56","guid":{"rendered":"https:\/\/www.yucatanencorto.com\/noticias\/?p=95124"},"modified":"2022-12-01T09:06:56","modified_gmt":"2022-12-01T15:06:56","slug":"mon-laferte-obtiene-naturalizacion-mexicana-canto-el-himno-nacional-frente-a-ebrard","status":"publish","type":"post","link":"https:\/\/www.yucatanencorto.com\/noticias\/mon-laferte-obtiene-naturalizacion-mexicana-canto-el-himno-nacional-frente-a-ebrard\/","title":{"rendered":"Mon Laferte obtiene naturalizaci\u00f3n mexicana; cant\u00f3 el himno nacional frente a Ebrard"},"content":{"rendered":"<p><img loading=\"lazy\" decoding=\"async\" class=\"alignnone size-full wp-image-95125\" src=\"https:\/\/www.yucatanencorto.com\/noticias\/wp-content\/uploads\/2022\/12\/Fi1IgOiWACkDHeJ.jpg\" alt=\"\" width=\"680\" height=\"510\" srcset=\"https:\/\/www.yucatanencorto.com\/noticias\/wp-content\/uploads\/2022\/12\/Fi1IgOiWACkDHeJ.jpg 680w, https:\/\/www.yucatanencorto.com\/noticias\/wp-content\/uploads\/2022\/12\/Fi1IgOiWACkDHeJ-560x420.jpg 560w, https:\/\/www.yucatanencorto.com\/noticias\/wp-content\/uploads\/2022\/12\/Fi1IgOiWACkDHeJ-80x60.jpg 80w, https:\/\/www.yucatanencorto.com\/noticias\/wp-content\/uploads\/2022\/12\/Fi1IgOiWACkDHeJ-265x198.jpg 265w\" sizes=\"auto, (max-width: 680px) 100vw, 680px\" \/><\/p>\n<p>Ayer mi\u00e9rcoles 30 de noviembre, la Secretar\u00eda de Relaciones Exteriores entreg\u00f3 m\u00e1s de cien cartas de naturalizaci\u00f3n a extranjeros. El canciller Marcelo Ebrard dio la bienvenida a los nuevos mexicanos, entre los que destac\u00f3 la reconocida cantante Mon Laferte.<\/p>\n<p>\u201cBienvenidas y bienvenidos a su nacionalidad mexicana.\u00a0Les recibimos con los brazos abiertos\u201d, dijo el Secretario Marcelo Ebrad.<\/p>\n<p>Norma Monserrat Bustamante Laferte, mejor conocida como Mon Laferte, fue una de las extranjeras que\u00a0recibi\u00f3 de la senadora Olga S\u00e1nchez Cordero y Marcelo Ebrard, su carta de naturalizaci\u00f3n como mexicana, comprometi\u00e9ndose a cumplir con las leyes y s\u00edmbolos patrios.<\/p>\n<p>Los asistentes a la ceremonia\u00a0pudieron escuchar a Mon Laferte entonar el Himno Nacional en el evento protocolario que se llev\u00f3 a cabo en la Canciller\u00eda de la Ciudad de M\u00e9xico.<\/p>\n<p>De momento la cantante chilena mexicana no ha hablado al respecto de este proceso, sin embargo,\u00a0en las fotograf\u00edas y videos que se han compartido en redes sociales se puede notar su alegr\u00eda y emoci\u00f3n al obtener la naturalizaci\u00f3n mexicana.<\/p>\n<p>S\u00e1nchez Cordero revel\u00f3 en su cuenta de Twitter que\u00a0Mon Laferte reconoci\u00f3 sentirse muy nerviosa \u201cincluso m\u00e1s que en sus conciertos, porque iba a cantar el himno nacional mexicano\u201d.<\/p>\n<p>\u201c\u00a1@monlaferte cantando el himno mexicano ! \u00a1 Qu\u00e9 emoci\u00f3n ! Y m\u00e1s haberle entregado en la @SRE_mx, junto al canciller @m_ebrard, su carta de naturalizaci\u00f3n como mexicana. \u00a1Viva M\u00e9xico !\u00bb, a\u00f1adi\u00f3 en sus redes sociales.<\/p>\n","protected":false},"excerpt":{"rendered":"<p>Ayer mi\u00e9rcoles 30 de noviembre, la Secretar\u00eda de Relaciones Exteriores entreg\u00f3 m\u00e1s de cien cartas de naturalizaci\u00f3n a extranjeros. El canciller Marcelo Ebrard dio la bienvenida a los nuevos mexicanos, entre los que destac\u00f3 la reconocida cantante Mon Laferte. \u201cBienvenidas y bienvenidos a su nacionalidad mexicana.\u00a0Les recibimos con los brazos abiertos\u201d, dijo el Secretario Marcelo [&hellip;]<\/p>\n","protected":false},"author":2,"featured_media":95125,"comment_status":"closed","ping_status":"closed","sticky":false,"template":"","format":"standard","meta":{"footnotes":""},"categories":[9],"tags":[],"class_list":{"0":"post-95124","1":"post","2":"type-post","3":"status-publish","4":"format-standard","5":"has-post-thumbnail","7":"category-sociedad-y-espectaculos"},"yoast_head":"<!-- This site is optimized with the Yoast SEO plugin v27.5 - https:\/\/yoast.com\/product\/yoast-seo-wordpress\/ -->\n<title>Mon Laferte obtiene naturalizaci\u00f3n mexicana; cant\u00f3 el himno nacional frente a Ebrard - Yucat\u00e1n en corto<\/title>\n<meta name=\"robots\" content=\"index, follow, max-snippet:-1, max-image-preview:large, max-video-preview:-1\" \/>\n<link rel=\"canonical\" href=\"https:\/\/www.yucatanencorto.com\/noticias\/mon-laferte-obtiene-naturalizacion-mexicana-canto-el-himno-nacional-frente-a-ebrard\/\" \/>\n<meta property=\"og:locale\" content=\"es_ES\" \/>\n<meta property=\"og:type\" content=\"article\" \/>\n<meta property=\"og:title\" content=\"Mon Laferte obtiene naturalizaci\u00f3n mexicana; cant\u00f3 el himno nacional frente a Ebrard - Yucat\u00e1n en corto\" \/>\n<meta property=\"og:description\" content=\"Ayer mi\u00e9rcoles 30 de noviembre, la Secretar\u00eda de Relaciones Exteriores entreg\u00f3 m\u00e1s de cien cartas de naturalizaci\u00f3n a extranjeros. El canciller Marcelo Ebrard dio la bienvenida a los nuevos mexicanos, entre los que destac\u00f3 la reconocida cantante Mon Laferte. \u201cBienvenidas y bienvenidos a su nacionalidad mexicana.\u00a0Les recibimos con los brazos abiertos\u201d, dijo el Secretario Marcelo [&hellip;]\" \/>\n<meta property=\"og:url\" content=\"https:\/\/www.yucatanencorto.com\/noticias\/mon-laferte-obtiene-naturalizacion-mexicana-canto-el-himno-nacional-frente-a-ebrard\/\" \/>\n<meta property=\"og:site_name\" content=\"Yucat\u00e1n en corto\" \/>\n<meta property=\"article:publisher\" content=\"http:\/\/www.facebook.com\/yucatanencorto\" \/>\n<meta property=\"article:published_time\" content=\"2022-12-01T15:06:56+00:00\" \/>\n<meta property=\"og:image\" content=\"https:\/\/www.yucatanencorto.com\/noticias\/wp-content\/uploads\/2022\/12\/Fi1IgOiWACkDHeJ.jpg\" \/>\n\t<meta property=\"og:image:width\" content=\"680\" \/>\n\t<meta property=\"og:image:height\" content=\"510\" \/>\n\t<meta property=\"og:image:type\" content=\"image\/jpeg\" \/>\n<meta name=\"author\" content=\"Yucat\u00e1n en Corto FC\" \/>\n<meta name=\"twitter:card\" content=\"summary_large_image\" \/>\n<meta name=\"twitter:creator\" content=\"@yucatanencorto\" \/>\n<meta name=\"twitter:site\" content=\"@yucatanencorto\" \/>\n<meta name=\"twitter:label1\" content=\"Escrito por\" \/>\n\t<meta name=\"twitter:data1\" content=\"Yucat\u00e1n en Corto FC\" \/>\n\t<meta name=\"twitter:label2\" content=\"Tiempo de lectura\" \/>\n\t<meta name=\"twitter:data2\" content=\"2 minutos\" \/>\n<script type=\"application\/ld+json\" class=\"yoast-schema-graph\">{\"@context\":\"https:\\\/\\\/schema.org\",\"@graph\":[{\"@type\":\"Article\",\"@id\":\"https:\\\/\\\/www.yucatanencorto.com\\\/noticias\\\/mon-laferte-obtiene-naturalizacion-mexicana-canto-el-himno-nacional-frente-a-ebrard\\\/#article\",\"isPartOf\":{\"@id\":\"https:\\\/\\\/www.yucatanencorto.com\\\/noticias\\\/mon-laferte-obtiene-naturalizacion-mexicana-canto-el-himno-nacional-frente-a-ebrard\\\/\"},\"author\":{\"name\":\"Yucat\u00e1n en Corto FC\",\"@id\":\"https:\\\/\\\/www.yucatanencorto.com\\\/noticias\\\/#\\\/schema\\\/person\\\/14f82d355225a1f4075dd84a31f45a72\"},\"headline\":\"Mon Laferte obtiene naturalizaci\u00f3n mexicana; cant\u00f3 el himno nacional frente a Ebrard\",\"datePublished\":\"2022-12-01T15:06:56+00:00\",\"mainEntityOfPage\":{\"@id\":\"https:\\\/\\\/www.yucatanencorto.com\\\/noticias\\\/mon-laferte-obtiene-naturalizacion-mexicana-canto-el-himno-nacional-frente-a-ebrard\\\/\"},\"wordCount\":263,\"image\":{\"@id\":\"https:\\\/\\\/www.yucatanencorto.com\\\/noticias\\\/mon-laferte-obtiene-naturalizacion-mexicana-canto-el-himno-nacional-frente-a-ebrard\\\/#primaryimage\"},\"thumbnailUrl\":\"https:\\\/\\\/www.yucatanencorto.com\\\/noticias\\\/wp-content\\\/uploads\\\/2022\\\/12\\\/Fi1IgOiWACkDHeJ.jpg\",\"articleSection\":[\"Sociedad y Espect\u00e1culos\"],\"inLanguage\":\"es\"},{\"@type\":\"WebPage\",\"@id\":\"https:\\\/\\\/www.yucatanencorto.com\\\/noticias\\\/mon-laferte-obtiene-naturalizacion-mexicana-canto-el-himno-nacional-frente-a-ebrard\\\/\",\"url\":\"https:\\\/\\\/www.yucatanencorto.com\\\/noticias\\\/mon-laferte-obtiene-naturalizacion-mexicana-canto-el-himno-nacional-frente-a-ebrard\\\/\",\"name\":\"Mon Laferte obtiene naturalizaci\u00f3n mexicana; cant\u00f3 el himno nacional frente a Ebrard - Yucat\u00e1n en corto\",\"isPartOf\":{\"@id\":\"https:\\\/\\\/www.yucatanencorto.com\\\/noticias\\\/#website\"},\"primaryImageOfPage\":{\"@id\":\"https:\\\/\\\/www.yucatanencorto.com\\\/noticias\\\/mon-laferte-obtiene-naturalizacion-mexicana-canto-el-himno-nacional-frente-a-ebrard\\\/#primaryimage\"},\"image\":{\"@id\":\"https:\\\/\\\/www.yucatanencorto.com\\\/noticias\\\/mon-laferte-obtiene-naturalizacion-mexicana-canto-el-himno-nacional-frente-a-ebrard\\\/#primaryimage\"},\"thumbnailUrl\":\"https:\\\/\\\/www.yucatanencorto.com\\\/noticias\\\/wp-content\\\/uploads\\\/2022\\\/12\\\/Fi1IgOiWACkDHeJ.jpg\",\"datePublished\":\"2022-12-01T15:06:56+00:00\",\"author\":{\"@id\":\"https:\\\/\\\/www.yucatanencorto.com\\\/noticias\\\/#\\\/schema\\\/person\\\/14f82d355225a1f4075dd84a31f45a72\"},\"breadcrumb\":{\"@id\":\"https:\\\/\\\/www.yucatanencorto.com\\\/noticias\\\/mon-laferte-obtiene-naturalizacion-mexicana-canto-el-himno-nacional-frente-a-ebrard\\\/#breadcrumb\"},\"inLanguage\":\"es\",\"potentialAction\":[{\"@type\":\"ReadAction\",\"target\":[\"https:\\\/\\\/www.yucatanencorto.com\\\/noticias\\\/mon-laferte-obtiene-naturalizacion-mexicana-canto-el-himno-nacional-frente-a-ebrard\\\/\"]}]},{\"@type\":\"ImageObject\",\"inLanguage\":\"es\",\"@id\":\"https:\\\/\\\/www.yucatanencorto.com\\\/noticias\\\/mon-laferte-obtiene-naturalizacion-mexicana-canto-el-himno-nacional-frente-a-ebrard\\\/#primaryimage\",\"url\":\"https:\\\/\\\/www.yucatanencorto.com\\\/noticias\\\/wp-content\\\/uploads\\\/2022\\\/12\\\/Fi1IgOiWACkDHeJ.jpg\",\"contentUrl\":\"https:\\\/\\\/www.yucatanencorto.com\\\/noticias\\\/wp-content\\\/uploads\\\/2022\\\/12\\\/Fi1IgOiWACkDHeJ.jpg\",\"width\":680,\"height\":510},{\"@type\":\"BreadcrumbList\",\"@id\":\"https:\\\/\\\/www.yucatanencorto.com\\\/noticias\\\/mon-laferte-obtiene-naturalizacion-mexicana-canto-el-himno-nacional-frente-a-ebrard\\\/#breadcrumb\",\"itemListElement\":[{\"@type\":\"ListItem\",\"position\":1,\"name\":\"Portada\",\"item\":\"https:\\\/\\\/www.yucatanencorto.com\\\/noticias\\\/\"},{\"@type\":\"ListItem\",\"position\":2,\"name\":\"Mon Laferte obtiene naturalizaci\u00f3n mexicana; cant\u00f3 el himno nacional frente a Ebrard\"}]},{\"@type\":\"WebSite\",\"@id\":\"https:\\\/\\\/www.yucatanencorto.com\\\/noticias\\\/#website\",\"url\":\"https:\\\/\\\/www.yucatanencorto.com\\\/noticias\\\/\",\"name\":\"Yucat\u00e1n en corto\",\"description\":\"Noticias\",\"potentialAction\":[{\"@type\":\"SearchAction\",\"target\":{\"@type\":\"EntryPoint\",\"urlTemplate\":\"https:\\\/\\\/www.yucatanencorto.com\\\/noticias\\\/?s={search_term_string}\"},\"query-input\":{\"@type\":\"PropertyValueSpecification\",\"valueRequired\":true,\"valueName\":\"search_term_string\"}}],\"inLanguage\":\"es\"},{\"@type\":\"Person\",\"@id\":\"https:\\\/\\\/www.yucatanencorto.com\\\/noticias\\\/#\\\/schema\\\/person\\\/14f82d355225a1f4075dd84a31f45a72\",\"name\":\"Yucat\u00e1n en Corto FC\",\"image\":{\"@type\":\"ImageObject\",\"inLanguage\":\"es\",\"@id\":\"https:\\\/\\\/secure.gravatar.com\\\/avatar\\\/147d4b30cd728c53c29c49a3f7834dedca33707f4cd259761355846009a88250?s=96&d=mm&r=g\",\"url\":\"https:\\\/\\\/secure.gravatar.com\\\/avatar\\\/147d4b30cd728c53c29c49a3f7834dedca33707f4cd259761355846009a88250?s=96&d=mm&r=g\",\"contentUrl\":\"https:\\\/\\\/secure.gravatar.com\\\/avatar\\\/147d4b30cd728c53c29c49a3f7834dedca33707f4cd259761355846009a88250?s=96&d=mm&r=g\",\"caption\":\"Yucat\u00e1n en Corto FC\"},\"url\":\"https:\\\/\\\/www.yucatanencorto.com\\\/noticias\\\/author\\\/flor\\\/\"}]}<\/script>\n<!-- \/ Yoast SEO plugin. -->","yoast_head_json":{"title":"Mon Laferte obtiene naturalizaci\u00f3n mexicana; cant\u00f3 el himno nacional frente a Ebrard - Yucat\u00e1n en corto","robots":{"index":"index","follow":"follow","max-snippet":"max-snippet:-1","max-image-preview":"max-image-preview:large","max-video-preview":"max-video-preview:-1"},"canonical":"https:\/\/www.yucatanencorto.com\/noticias\/mon-laferte-obtiene-naturalizacion-mexicana-canto-el-himno-nacional-frente-a-ebrard\/","og_locale":"es_ES","og_type":"article","og_title":"Mon Laferte obtiene naturalizaci\u00f3n mexicana; cant\u00f3 el himno nacional frente a Ebrard - Yucat\u00e1n en corto","og_description":"Ayer mi\u00e9rcoles 30 de noviembre, la Secretar\u00eda de Relaciones Exteriores entreg\u00f3 m\u00e1s de cien cartas de naturalizaci\u00f3n a extranjeros. El canciller Marcelo Ebrard dio la bienvenida a los nuevos mexicanos, entre los que destac\u00f3 la reconocida cantante Mon Laferte. \u201cBienvenidas y bienvenidos a su nacionalidad mexicana.\u00a0Les recibimos con los brazos abiertos\u201d, dijo el Secretario Marcelo [&hellip;]","og_url":"https:\/\/www.yucatanencorto.com\/noticias\/mon-laferte-obtiene-naturalizacion-mexicana-canto-el-himno-nacional-frente-a-ebrard\/","og_site_name":"Yucat\u00e1n en corto","article_publisher":"http:\/\/www.facebook.com\/yucatanencorto","article_published_time":"2022-12-01T15:06:56+00:00","og_image":[{"width":680,"height":510,"url":"https:\/\/www.yucatanencorto.com\/noticias\/wp-content\/uploads\/2022\/12\/Fi1IgOiWACkDHeJ.jpg","type":"image\/jpeg"}],"author":"Yucat\u00e1n en Corto FC","twitter_card":"summary_large_image","twitter_creator":"@yucatanencorto","twitter_site":"@yucatanencorto","twitter_misc":{"Escrito por":"Yucat\u00e1n en Corto FC","Tiempo de lectura":"2 minutos"},"schema":{"@context":"https:\/\/schema.org","@graph":[{"@type":"Article","@id":"https:\/\/www.yucatanencorto.com\/noticias\/mon-laferte-obtiene-naturalizacion-mexicana-canto-el-himno-nacional-frente-a-ebrard\/#article","isPartOf":{"@id":"https:\/\/www.yucatanencorto.com\/noticias\/mon-laferte-obtiene-naturalizacion-mexicana-canto-el-himno-nacional-frente-a-ebrard\/"},"author":{"name":"Yucat\u00e1n en Corto FC","@id":"https:\/\/www.yucatanencorto.com\/noticias\/#\/schema\/person\/14f82d355225a1f4075dd84a31f45a72"},"headline":"Mon Laferte obtiene naturalizaci\u00f3n mexicana; cant\u00f3 el himno nacional frente a Ebrard","datePublished":"2022-12-01T15:06:56+00:00","mainEntityOfPage":{"@id":"https:\/\/www.yucatanencorto.com\/noticias\/mon-laferte-obtiene-naturalizacion-mexicana-canto-el-himno-nacional-frente-a-ebrard\/"},"wordCount":263,"image":{"@id":"https:\/\/www.yucatanencorto.com\/noticias\/mon-laferte-obtiene-naturalizacion-mexicana-canto-el-himno-nacional-frente-a-ebrard\/#primaryimage"},"thumbnailUrl":"https:\/\/www.yucatanencorto.com\/noticias\/wp-content\/uploads\/2022\/12\/Fi1IgOiWACkDHeJ.jpg","articleSection":["Sociedad y Espect\u00e1culos"],"inLanguage":"es"},{"@type":"WebPage","@id":"https:\/\/www.yucatanencorto.com\/noticias\/mon-laferte-obtiene-naturalizacion-mexicana-canto-el-himno-nacional-frente-a-ebrard\/","url":"https:\/\/www.yucatanencorto.com\/noticias\/mon-laferte-obtiene-naturalizacion-mexicana-canto-el-himno-nacional-frente-a-ebrard\/","name":"Mon Laferte obtiene naturalizaci\u00f3n mexicana; cant\u00f3 el himno nacional frente a Ebrard - Yucat\u00e1n en corto","isPartOf":{"@id":"https:\/\/www.yucatanencorto.com\/noticias\/#website"},"primaryImageOfPage":{"@id":"https:\/\/www.yucatanencorto.com\/noticias\/mon-laferte-obtiene-naturalizacion-mexicana-canto-el-himno-nacional-frente-a-ebrard\/#primaryimage"},"image":{"@id":"https:\/\/www.yucatanencorto.com\/noticias\/mon-laferte-obtiene-naturalizacion-mexicana-canto-el-himno-nacional-frente-a-ebrard\/#primaryimage"},"thumbnailUrl":"https:\/\/www.yucatanencorto.com\/noticias\/wp-content\/uploads\/2022\/12\/Fi1IgOiWACkDHeJ.jpg","datePublished":"2022-12-01T15:06:56+00:00","author":{"@id":"https:\/\/www.yucatanencorto.com\/noticias\/#\/schema\/person\/14f82d355225a1f4075dd84a31f45a72"},"breadcrumb":{"@id":"https:\/\/www.yucatanencorto.com\/noticias\/mon-laferte-obtiene-naturalizacion-mexicana-canto-el-himno-nacional-frente-a-ebrard\/#breadcrumb"},"inLanguage":"es","potentialAction":[{"@type":"ReadAction","target":["https:\/\/www.yucatanencorto.com\/noticias\/mon-laferte-obtiene-naturalizacion-mexicana-canto-el-himno-nacional-frente-a-ebrard\/"]}]},{"@type":"ImageObject","inLanguage":"es","@id":"https:\/\/www.yucatanencorto.com\/noticias\/mon-laferte-obtiene-naturalizacion-mexicana-canto-el-himno-nacional-frente-a-ebrard\/#primaryimage","url":"https:\/\/www.yucatanencorto.com\/noticias\/wp-content\/uploads\/2022\/12\/Fi1IgOiWACkDHeJ.jpg","contentUrl":"https:\/\/www.yucatanencorto.com\/noticias\/wp-content\/uploads\/2022\/12\/Fi1IgOiWACkDHeJ.jpg","width":680,"height":510},{"@type":"BreadcrumbList","@id":"https:\/\/www.yucatanencorto.com\/noticias\/mon-laferte-obtiene-naturalizacion-mexicana-canto-el-himno-nacional-frente-a-ebrard\/#breadcrumb","itemListElement":[{"@type":"ListItem","position":1,"name":"Portada","item":"https:\/\/www.yucatanencorto.com\/noticias\/"},{"@type":"ListItem","position":2,"name":"Mon Laferte obtiene naturalizaci\u00f3n mexicana; cant\u00f3 el himno nacional frente a Ebrard"}]},{"@type":"WebSite","@id":"https:\/\/www.yucatanencorto.com\/noticias\/#website","url":"https:\/\/www.yucatanencorto.com\/noticias\/","name":"Yucat\u00e1n en corto","description":"Noticias","potentialAction":[{"@type":"SearchAction","target":{"@type":"EntryPoint","urlTemplate":"https:\/\/www.yucatanencorto.com\/noticias\/?s={search_term_string}"},"query-input":{"@type":"PropertyValueSpecification","valueRequired":true,"valueName":"search_term_string"}}],"inLanguage":"es"},{"@type":"Person","@id":"https:\/\/www.yucatanencorto.com\/noticias\/#\/schema\/person\/14f82d355225a1f4075dd84a31f45a72","name":"Yucat\u00e1n en Corto FC","image":{"@type":"ImageObject","inLanguage":"es","@id":"https:\/\/secure.gravatar.com\/avatar\/147d4b30cd728c53c29c49a3f7834dedca33707f4cd259761355846009a88250?s=96&d=mm&r=g","url":"https:\/\/secure.gravatar.com\/avatar\/147d4b30cd728c53c29c49a3f7834dedca33707f4cd259761355846009a88250?s=96&d=mm&r=g","contentUrl":"https:\/\/secure.gravatar.com\/avatar\/147d4b30cd728c53c29c49a3f7834dedca33707f4cd259761355846009a88250?s=96&d=mm&r=g","caption":"Yucat\u00e1n en Corto FC"},"url":"https:\/\/www.yucatanencorto.com\/noticias\/author\/flor\/"}]}},"_links":{"self":[{"href":"https:\/\/www.yucatanencorto.com\/noticias\/wp-json\/wp\/v2\/posts\/95124","targetHints":{"allow":["GET"]}}],"collection":[{"href":"https:\/\/www.yucatanencorto.com\/noticias\/wp-json\/wp\/v2\/posts"}],"about":[{"href":"https:\/\/www.yucatanencorto.com\/noticias\/wp-json\/wp\/v2\/types\/post"}],"author":[{"embeddable":true,"href":"https:\/\/www.yucatanencorto.com\/noticias\/wp-json\/wp\/v2\/users\/2"}],"replies":[{"embeddable":true,"href":"https:\/\/www.yucatanencorto.com\/noticias\/wp-json\/wp\/v2\/comments?post=95124"}],"version-history":[{"count":0,"href":"https:\/\/www.yucatanencorto.com\/noticias\/wp-json\/wp\/v2\/posts\/95124\/revisions"}],"wp:featuredmedia":[{"embeddable":true,"href":"https:\/\/www.yucatanencorto.com\/noticias\/wp-json\/wp\/v2\/media\/95125"}],"wp:attachment":[{"href":"https:\/\/www.yucatanencorto.com\/noticias\/wp-json\/wp\/v2\/media?parent=95124"}],"wp:term":[{"taxonomy":"category","embeddable":true,"href":"https:\/\/www.yucatanencorto.com\/noticias\/wp-json\/wp\/v2\/categories?post=95124"},{"taxonomy":"post_tag","embeddable":true,"href":"https:\/\/www.yucatanencorto.com\/noticias\/wp-json\/wp\/v2\/tags?post=95124"}],"curies":[{"name":"wp","href":"https:\/\/api.w.org\/{rel}","templated":true}]}}