{"id":96046,"date":"2023-01-13T09:44:06","date_gmt":"2023-01-13T15:44:06","guid":{"rendered":"https:\/\/www.yucatanencorto.com\/noticias\/?p=96046"},"modified":"2023-01-13T09:44:06","modified_gmt":"2023-01-13T15:44:06","slug":"japon-anuncia-que-vertera-al-mar-aguas-radioactivas-de-la-central-de-fukushima-este-ano","status":"publish","type":"post","link":"https:\/\/www.yucatanencorto.com\/noticias\/japon-anuncia-que-vertera-al-mar-aguas-radioactivas-de-la-central-de-fukushima-este-ano\/","title":{"rendered":"Jap\u00f3n anuncia que verter\u00e1 al mar aguas radioactivas de la central de Fukushima este a\u00f1o"},"content":{"rendered":"<figure id=\"attachment_96047\" aria-describedby=\"caption-attachment-96047\" style=\"width: 768px\" class=\"wp-caption alignnone\"><img loading=\"lazy\" decoding=\"async\" class=\"size-full wp-image-96047\" src=\"https:\/\/www.yucatanencorto.com\/noticias\/wp-content\/uploads\/2023\/01\/QPYHGUXGJ6IZNLHE6NSARCPQIA-scaled.jpg\" alt=\"\" width=\"768\" height=\"512\" srcset=\"https:\/\/www.yucatanencorto.com\/noticias\/wp-content\/uploads\/2023\/01\/QPYHGUXGJ6IZNLHE6NSARCPQIA-scaled.jpg 768w, https:\/\/www.yucatanencorto.com\/noticias\/wp-content\/uploads\/2023\/01\/QPYHGUXGJ6IZNLHE6NSARCPQIA-1536x1024.jpg 1536w, https:\/\/www.yucatanencorto.com\/noticias\/wp-content\/uploads\/2023\/01\/QPYHGUXGJ6IZNLHE6NSARCPQIA-2048x1365.jpg 2048w, https:\/\/www.yucatanencorto.com\/noticias\/wp-content\/uploads\/2023\/01\/QPYHGUXGJ6IZNLHE6NSARCPQIA-696x464.jpg 696w, https:\/\/www.yucatanencorto.com\/noticias\/wp-content\/uploads\/2023\/01\/QPYHGUXGJ6IZNLHE6NSARCPQIA-1068x712.jpg 1068w, https:\/\/www.yucatanencorto.com\/noticias\/wp-content\/uploads\/2023\/01\/QPYHGUXGJ6IZNLHE6NSARCPQIA-1920x1280.jpg 1920w, https:\/\/www.yucatanencorto.com\/noticias\/wp-content\/uploads\/2023\/01\/QPYHGUXGJ6IZNLHE6NSARCPQIA-630x420.jpg 630w\" sizes=\"auto, (max-width: 768px) 100vw, 768px\" \/><figcaption id=\"caption-attachment-96047\" class=\"wp-caption-text\">An aerial view shows the storage tanks for treated water at the tsunami-crippled Fukushima Daiichi nuclear power plant in Okuma town, Fukushima prefecture, Japan February 13, 2021, in this photo taken by Kyodo. Picture taken February 13, 2021. Kyodo\/via REUTERS ATTENTION EDITORS &#8211; THIS IMAGE WAS PROVIDED BY A THIRD PARTY. MANDATORY CREDIT. JAPAN OUT. NO COMMERCIAL OR EDITORIAL SALES IN JAPAN<\/figcaption><\/figure>\n<p>Las aguas han sido tratadas\u00a0y presentan unos niveles de radioactividad que est\u00e1n dentro de lo previsto por la legislaci\u00f3n nacional, aseguraron las autoridades niponas.<\/p>\n<p>Pese a que el Organismo Internacional de Energ\u00eda At\u00f3mica (OIEA) afirm\u00f3 que la medida\u00a0es segura, los pa\u00edses vecinos han expresado su preocupaci\u00f3n.<\/p>\n<p>La cat\u00e1strofe de Fukushima de 2011 fue el\u00a0peor accidente nuclear\u00a0desde el registrado en la central ucraniana de Chern\u00f3bil, en 1986.<\/p>\n<p>El desmantelamiento de la planta, la cual fue destruida por el tsunami que provoc\u00f3 el gran terremoto de 2011, ya ha comenzado, pero podr\u00eda llevar\u00a0cuatro d\u00e9cadas.<\/p>\n<p>\u00abEsperamos que el vertido se produzca en\u00a0alg\u00fan momento entre la primavera y el verano\u00bb, declar\u00f3 el viernes el secretario jefe del Gabinete, Hirokazu Matsuno, quien a\u00f1adi\u00f3 que el gobierno esperar\u00e1 a recibir un \u00abinforme exhaustivo\u00bb del OIEA antes de realizar el vertido.<\/p>\n<p>Cada d\u00eda, la central produce 100 metros c\u00fabicos de agua contaminada, que es una mezcla de agua subterr\u00e1nea, agua de mar y agua utilizada para mantener fr\u00edos los reactores.<\/p>\n<p>El l\u00edquido se filtra y se almacena en tanques. Sin embargo, con m\u00e1s de\u00a01,3 millones de metros c\u00fabicos\u00a0en las instalaciones, el espacio de almacenamiento se est\u00e1 agotando.<\/p>\n<p>La mayor\u00eda de los is\u00f3topos radiactivos han sido filtrados del agua, pero\u00a0el nivel de tritio est\u00e1 por encima de la norma nacional, admitieron desde la empresa Tepco, la cual operaba la central accidentada.<\/p>\n<p>Los expertos afirman que el tritio es muy dif\u00edcil de eliminar del agua y s\u00f3lo es perjudicial para el ser humano en grandes dosis.<\/p>\n<p>&nbsp;<\/p>\n<p>Sin embargo, los pa\u00edses vecinos y los pescadores locales se oponen a la propuesta, aprobada por el gobierno japon\u00e9s en 2021.<\/p>\n<p>El Foro de las Islas del Pac\u00edfico ha criticado a Jap\u00f3n por\u00a0falta de transparencia.<\/p>\n<p>\u00abLos pueblos del Pac\u00edfico son pueblos costeros, y\u00a0el oc\u00e9ano sigue siendo parte\u00a0fundamental\u00a0de su modo de vida,\u00a0de subsistencia\u00bb, declar\u00f3 el secretario general del organismo regional, Henry Puna, a la web de noticias Stuff.<\/p>\n<p>\u00abJap\u00f3n est\u00e1 incumpliendo el compromiso al que llegaron sus l\u00edderes cuando celebramos nuestra cumbre de alto nivel en 2021\u00bb, dijo.<\/p>\n<p>\u00abSe acord\u00f3 que tendr\u00edamos acceso a todas las pruebas cient\u00edficas independientes y verificables antes de que se produjera este vertido. Por desgracia,\u00a0Jap\u00f3n no ha cooperado\u00bb, agreg\u00f3 Puna.<\/p>\n<p>El 11 de marzo de 2011 el noreste de Jap\u00f3n se vio sacudido por un terremoto de magnitud 9,0 en la escala de Richter, el se\u00edsmo desencaden\u00f3 a continuaci\u00f3n un tsunami gigante.<\/p>\n<p>Las olas golpearon la central nuclear de Fukushima Daiichi,\u00a0inundando tres de sus reactores\u00a0y desencadenando una gran cat\u00e1strofe.<\/p>\n<p>Las autoridades establecieron una zona de exclusi\u00f3n que fue creciendo a medida que se filtraba radiaci\u00f3n de la central, lo que oblig\u00f3 a evacuar a m\u00e1s de 150.000 personas de la zona. La zona de exclusion hoy sigue en pie.<\/p>\n","protected":false},"excerpt":{"rendered":"<p>Las aguas han sido tratadas\u00a0y presentan unos niveles de radioactividad que est\u00e1n dentro de lo previsto por la legislaci\u00f3n nacional, aseguraron las autoridades niponas. Pese a que el Organismo Internacional de Energ\u00eda At\u00f3mica (OIEA) afirm\u00f3 que la medida\u00a0es segura, los pa\u00edses vecinos han expresado su preocupaci\u00f3n. La cat\u00e1strofe de Fukushima de 2011 fue el\u00a0peor accidente [&hellip;]<\/p>\n","protected":false},"author":2,"featured_media":96047,"comment_status":"closed","ping_status":"closed","sticky":false,"template":"","format":"standard","meta":{"footnotes":""},"categories":[8907],"tags":[],"class_list":{"0":"post-96046","1":"post","2":"type-post","3":"status-publish","4":"format-standard","5":"has-post-thumbnail","7":"category-medio-ambiente"},"yoast_head":"<!-- This site is optimized with the Yoast SEO plugin v27.5 - https:\/\/yoast.com\/product\/yoast-seo-wordpress\/ -->\n<title>Jap\u00f3n anuncia que verter\u00e1 al mar aguas radioactivas de la central de Fukushima este a\u00f1o - Yucat\u00e1n en corto<\/title>\n<meta name=\"robots\" content=\"index, follow, max-snippet:-1, max-image-preview:large, max-video-preview:-1\" \/>\n<link rel=\"canonical\" href=\"https:\/\/www.yucatanencorto.com\/noticias\/japon-anuncia-que-vertera-al-mar-aguas-radioactivas-de-la-central-de-fukushima-este-ano\/\" \/>\n<meta property=\"og:locale\" content=\"es_ES\" \/>\n<meta property=\"og:type\" content=\"article\" \/>\n<meta property=\"og:title\" content=\"Jap\u00f3n anuncia que verter\u00e1 al mar aguas radioactivas de la central de Fukushima este a\u00f1o - Yucat\u00e1n en corto\" \/>\n<meta property=\"og:description\" content=\"Las aguas han sido tratadas\u00a0y presentan unos niveles de radioactividad que est\u00e1n dentro de lo previsto por la legislaci\u00f3n nacional, aseguraron las autoridades niponas. Pese a que el Organismo Internacional de Energ\u00eda At\u00f3mica (OIEA) afirm\u00f3 que la medida\u00a0es segura, los pa\u00edses vecinos han expresado su preocupaci\u00f3n. La cat\u00e1strofe de Fukushima de 2011 fue el\u00a0peor accidente [&hellip;]\" \/>\n<meta property=\"og:url\" content=\"https:\/\/www.yucatanencorto.com\/noticias\/japon-anuncia-que-vertera-al-mar-aguas-radioactivas-de-la-central-de-fukushima-este-ano\/\" \/>\n<meta property=\"og:site_name\" content=\"Yucat\u00e1n en corto\" \/>\n<meta property=\"article:publisher\" content=\"http:\/\/www.facebook.com\/yucatanencorto\" \/>\n<meta property=\"article:published_time\" content=\"2023-01-13T15:44:06+00:00\" \/>\n<meta property=\"og:image\" content=\"https:\/\/www.yucatanencorto.com\/noticias\/wp-content\/uploads\/2023\/01\/QPYHGUXGJ6IZNLHE6NSARCPQIA-scaled.jpg\" \/>\n\t<meta property=\"og:image:width\" content=\"768\" \/>\n\t<meta property=\"og:image:height\" content=\"512\" \/>\n\t<meta property=\"og:image:type\" content=\"image\/jpeg\" \/>\n<meta name=\"author\" content=\"Yucat\u00e1n en Corto FC\" \/>\n<meta name=\"twitter:card\" content=\"summary_large_image\" \/>\n<meta name=\"twitter:creator\" content=\"@yucatanencorto\" \/>\n<meta name=\"twitter:site\" content=\"@yucatanencorto\" \/>\n<meta name=\"twitter:label1\" content=\"Escrito por\" \/>\n\t<meta name=\"twitter:data1\" content=\"Yucat\u00e1n en Corto FC\" \/>\n\t<meta name=\"twitter:label2\" content=\"Tiempo de lectura\" \/>\n\t<meta name=\"twitter:data2\" content=\"3 minutos\" \/>\n<script type=\"application\/ld+json\" class=\"yoast-schema-graph\">{\"@context\":\"https:\\\/\\\/schema.org\",\"@graph\":[{\"@type\":\"Article\",\"@id\":\"https:\\\/\\\/www.yucatanencorto.com\\\/noticias\\\/japon-anuncia-que-vertera-al-mar-aguas-radioactivas-de-la-central-de-fukushima-este-ano\\\/#article\",\"isPartOf\":{\"@id\":\"https:\\\/\\\/www.yucatanencorto.com\\\/noticias\\\/japon-anuncia-que-vertera-al-mar-aguas-radioactivas-de-la-central-de-fukushima-este-ano\\\/\"},\"author\":{\"name\":\"Yucat\u00e1n en Corto FC\",\"@id\":\"https:\\\/\\\/www.yucatanencorto.com\\\/noticias\\\/#\\\/schema\\\/person\\\/14f82d355225a1f4075dd84a31f45a72\"},\"headline\":\"Jap\u00f3n anuncia que verter\u00e1 al mar aguas radioactivas de la central de Fukushima este a\u00f1o\",\"datePublished\":\"2023-01-13T15:44:06+00:00\",\"mainEntityOfPage\":{\"@id\":\"https:\\\/\\\/www.yucatanencorto.com\\\/noticias\\\/japon-anuncia-que-vertera-al-mar-aguas-radioactivas-de-la-central-de-fukushima-este-ano\\\/\"},\"wordCount\":581,\"image\":{\"@id\":\"https:\\\/\\\/www.yucatanencorto.com\\\/noticias\\\/japon-anuncia-que-vertera-al-mar-aguas-radioactivas-de-la-central-de-fukushima-este-ano\\\/#primaryimage\"},\"thumbnailUrl\":\"https:\\\/\\\/www.yucatanencorto.com\\\/noticias\\\/wp-content\\\/uploads\\\/2023\\\/01\\\/QPYHGUXGJ6IZNLHE6NSARCPQIA-scaled.jpg\",\"articleSection\":[\"Medio Ambiente\"],\"inLanguage\":\"es\"},{\"@type\":\"WebPage\",\"@id\":\"https:\\\/\\\/www.yucatanencorto.com\\\/noticias\\\/japon-anuncia-que-vertera-al-mar-aguas-radioactivas-de-la-central-de-fukushima-este-ano\\\/\",\"url\":\"https:\\\/\\\/www.yucatanencorto.com\\\/noticias\\\/japon-anuncia-que-vertera-al-mar-aguas-radioactivas-de-la-central-de-fukushima-este-ano\\\/\",\"name\":\"Jap\u00f3n anuncia que verter\u00e1 al mar aguas radioactivas de la central de Fukushima este a\u00f1o - Yucat\u00e1n en corto\",\"isPartOf\":{\"@id\":\"https:\\\/\\\/www.yucatanencorto.com\\\/noticias\\\/#website\"},\"primaryImageOfPage\":{\"@id\":\"https:\\\/\\\/www.yucatanencorto.com\\\/noticias\\\/japon-anuncia-que-vertera-al-mar-aguas-radioactivas-de-la-central-de-fukushima-este-ano\\\/#primaryimage\"},\"image\":{\"@id\":\"https:\\\/\\\/www.yucatanencorto.com\\\/noticias\\\/japon-anuncia-que-vertera-al-mar-aguas-radioactivas-de-la-central-de-fukushima-este-ano\\\/#primaryimage\"},\"thumbnailUrl\":\"https:\\\/\\\/www.yucatanencorto.com\\\/noticias\\\/wp-content\\\/uploads\\\/2023\\\/01\\\/QPYHGUXGJ6IZNLHE6NSARCPQIA-scaled.jpg\",\"datePublished\":\"2023-01-13T15:44:06+00:00\",\"author\":{\"@id\":\"https:\\\/\\\/www.yucatanencorto.com\\\/noticias\\\/#\\\/schema\\\/person\\\/14f82d355225a1f4075dd84a31f45a72\"},\"breadcrumb\":{\"@id\":\"https:\\\/\\\/www.yucatanencorto.com\\\/noticias\\\/japon-anuncia-que-vertera-al-mar-aguas-radioactivas-de-la-central-de-fukushima-este-ano\\\/#breadcrumb\"},\"inLanguage\":\"es\",\"potentialAction\":[{\"@type\":\"ReadAction\",\"target\":[\"https:\\\/\\\/www.yucatanencorto.com\\\/noticias\\\/japon-anuncia-que-vertera-al-mar-aguas-radioactivas-de-la-central-de-fukushima-este-ano\\\/\"]}]},{\"@type\":\"ImageObject\",\"inLanguage\":\"es\",\"@id\":\"https:\\\/\\\/www.yucatanencorto.com\\\/noticias\\\/japon-anuncia-que-vertera-al-mar-aguas-radioactivas-de-la-central-de-fukushima-este-ano\\\/#primaryimage\",\"url\":\"https:\\\/\\\/www.yucatanencorto.com\\\/noticias\\\/wp-content\\\/uploads\\\/2023\\\/01\\\/QPYHGUXGJ6IZNLHE6NSARCPQIA-scaled.jpg\",\"contentUrl\":\"https:\\\/\\\/www.yucatanencorto.com\\\/noticias\\\/wp-content\\\/uploads\\\/2023\\\/01\\\/QPYHGUXGJ6IZNLHE6NSARCPQIA-scaled.jpg\",\"width\":768,\"height\":512,\"caption\":\"An aerial view shows the storage tanks for treated water at the tsunami-crippled Fukushima Daiichi nuclear power plant in Okuma town, Fukushima prefecture, Japan February 13, 2021, in this photo taken by Kyodo. Picture taken February 13, 2021. Kyodo\\\/via REUTERS ATTENTION EDITORS - THIS IMAGE WAS PROVIDED BY A THIRD PARTY. MANDATORY CREDIT. JAPAN OUT. NO COMMERCIAL OR EDITORIAL SALES IN JAPAN\"},{\"@type\":\"BreadcrumbList\",\"@id\":\"https:\\\/\\\/www.yucatanencorto.com\\\/noticias\\\/japon-anuncia-que-vertera-al-mar-aguas-radioactivas-de-la-central-de-fukushima-este-ano\\\/#breadcrumb\",\"itemListElement\":[{\"@type\":\"ListItem\",\"position\":1,\"name\":\"Portada\",\"item\":\"https:\\\/\\\/www.yucatanencorto.com\\\/noticias\\\/\"},{\"@type\":\"ListItem\",\"position\":2,\"name\":\"Jap\u00f3n anuncia que verter\u00e1 al mar aguas radioactivas de la central de Fukushima este a\u00f1o\"}]},{\"@type\":\"WebSite\",\"@id\":\"https:\\\/\\\/www.yucatanencorto.com\\\/noticias\\\/#website\",\"url\":\"https:\\\/\\\/www.yucatanencorto.com\\\/noticias\\\/\",\"name\":\"Yucat\u00e1n en corto\",\"description\":\"Noticias\",\"potentialAction\":[{\"@type\":\"SearchAction\",\"target\":{\"@type\":\"EntryPoint\",\"urlTemplate\":\"https:\\\/\\\/www.yucatanencorto.com\\\/noticias\\\/?s={search_term_string}\"},\"query-input\":{\"@type\":\"PropertyValueSpecification\",\"valueRequired\":true,\"valueName\":\"search_term_string\"}}],\"inLanguage\":\"es\"},{\"@type\":\"Person\",\"@id\":\"https:\\\/\\\/www.yucatanencorto.com\\\/noticias\\\/#\\\/schema\\\/person\\\/14f82d355225a1f4075dd84a31f45a72\",\"name\":\"Yucat\u00e1n en Corto FC\",\"image\":{\"@type\":\"ImageObject\",\"inLanguage\":\"es\",\"@id\":\"https:\\\/\\\/secure.gravatar.com\\\/avatar\\\/147d4b30cd728c53c29c49a3f7834dedca33707f4cd259761355846009a88250?s=96&d=mm&r=g\",\"url\":\"https:\\\/\\\/secure.gravatar.com\\\/avatar\\\/147d4b30cd728c53c29c49a3f7834dedca33707f4cd259761355846009a88250?s=96&d=mm&r=g\",\"contentUrl\":\"https:\\\/\\\/secure.gravatar.com\\\/avatar\\\/147d4b30cd728c53c29c49a3f7834dedca33707f4cd259761355846009a88250?s=96&d=mm&r=g\",\"caption\":\"Yucat\u00e1n en Corto FC\"},\"url\":\"https:\\\/\\\/www.yucatanencorto.com\\\/noticias\\\/author\\\/flor\\\/\"}]}<\/script>\n<!-- \/ Yoast SEO plugin. -->","yoast_head_json":{"title":"Jap\u00f3n anuncia que verter\u00e1 al mar aguas radioactivas de la central de Fukushima este a\u00f1o - Yucat\u00e1n en corto","robots":{"index":"index","follow":"follow","max-snippet":"max-snippet:-1","max-image-preview":"max-image-preview:large","max-video-preview":"max-video-preview:-1"},"canonical":"https:\/\/www.yucatanencorto.com\/noticias\/japon-anuncia-que-vertera-al-mar-aguas-radioactivas-de-la-central-de-fukushima-este-ano\/","og_locale":"es_ES","og_type":"article","og_title":"Jap\u00f3n anuncia que verter\u00e1 al mar aguas radioactivas de la central de Fukushima este a\u00f1o - Yucat\u00e1n en corto","og_description":"Las aguas han sido tratadas\u00a0y presentan unos niveles de radioactividad que est\u00e1n dentro de lo previsto por la legislaci\u00f3n nacional, aseguraron las autoridades niponas. Pese a que el Organismo Internacional de Energ\u00eda At\u00f3mica (OIEA) afirm\u00f3 que la medida\u00a0es segura, los pa\u00edses vecinos han expresado su preocupaci\u00f3n. La cat\u00e1strofe de Fukushima de 2011 fue el\u00a0peor accidente [&hellip;]","og_url":"https:\/\/www.yucatanencorto.com\/noticias\/japon-anuncia-que-vertera-al-mar-aguas-radioactivas-de-la-central-de-fukushima-este-ano\/","og_site_name":"Yucat\u00e1n en corto","article_publisher":"http:\/\/www.facebook.com\/yucatanencorto","article_published_time":"2023-01-13T15:44:06+00:00","og_image":[{"width":768,"height":512,"url":"https:\/\/www.yucatanencorto.com\/noticias\/wp-content\/uploads\/2023\/01\/QPYHGUXGJ6IZNLHE6NSARCPQIA-scaled.jpg","type":"image\/jpeg"}],"author":"Yucat\u00e1n en Corto FC","twitter_card":"summary_large_image","twitter_creator":"@yucatanencorto","twitter_site":"@yucatanencorto","twitter_misc":{"Escrito por":"Yucat\u00e1n en Corto FC","Tiempo de lectura":"3 minutos"},"schema":{"@context":"https:\/\/schema.org","@graph":[{"@type":"Article","@id":"https:\/\/www.yucatanencorto.com\/noticias\/japon-anuncia-que-vertera-al-mar-aguas-radioactivas-de-la-central-de-fukushima-este-ano\/#article","isPartOf":{"@id":"https:\/\/www.yucatanencorto.com\/noticias\/japon-anuncia-que-vertera-al-mar-aguas-radioactivas-de-la-central-de-fukushima-este-ano\/"},"author":{"name":"Yucat\u00e1n en Corto FC","@id":"https:\/\/www.yucatanencorto.com\/noticias\/#\/schema\/person\/14f82d355225a1f4075dd84a31f45a72"},"headline":"Jap\u00f3n anuncia que verter\u00e1 al mar aguas radioactivas de la central de Fukushima este a\u00f1o","datePublished":"2023-01-13T15:44:06+00:00","mainEntityOfPage":{"@id":"https:\/\/www.yucatanencorto.com\/noticias\/japon-anuncia-que-vertera-al-mar-aguas-radioactivas-de-la-central-de-fukushima-este-ano\/"},"wordCount":581,"image":{"@id":"https:\/\/www.yucatanencorto.com\/noticias\/japon-anuncia-que-vertera-al-mar-aguas-radioactivas-de-la-central-de-fukushima-este-ano\/#primaryimage"},"thumbnailUrl":"https:\/\/www.yucatanencorto.com\/noticias\/wp-content\/uploads\/2023\/01\/QPYHGUXGJ6IZNLHE6NSARCPQIA-scaled.jpg","articleSection":["Medio Ambiente"],"inLanguage":"es"},{"@type":"WebPage","@id":"https:\/\/www.yucatanencorto.com\/noticias\/japon-anuncia-que-vertera-al-mar-aguas-radioactivas-de-la-central-de-fukushima-este-ano\/","url":"https:\/\/www.yucatanencorto.com\/noticias\/japon-anuncia-que-vertera-al-mar-aguas-radioactivas-de-la-central-de-fukushima-este-ano\/","name":"Jap\u00f3n anuncia que verter\u00e1 al mar aguas radioactivas de la central de Fukushima este a\u00f1o - Yucat\u00e1n en corto","isPartOf":{"@id":"https:\/\/www.yucatanencorto.com\/noticias\/#website"},"primaryImageOfPage":{"@id":"https:\/\/www.yucatanencorto.com\/noticias\/japon-anuncia-que-vertera-al-mar-aguas-radioactivas-de-la-central-de-fukushima-este-ano\/#primaryimage"},"image":{"@id":"https:\/\/www.yucatanencorto.com\/noticias\/japon-anuncia-que-vertera-al-mar-aguas-radioactivas-de-la-central-de-fukushima-este-ano\/#primaryimage"},"thumbnailUrl":"https:\/\/www.yucatanencorto.com\/noticias\/wp-content\/uploads\/2023\/01\/QPYHGUXGJ6IZNLHE6NSARCPQIA-scaled.jpg","datePublished":"2023-01-13T15:44:06+00:00","author":{"@id":"https:\/\/www.yucatanencorto.com\/noticias\/#\/schema\/person\/14f82d355225a1f4075dd84a31f45a72"},"breadcrumb":{"@id":"https:\/\/www.yucatanencorto.com\/noticias\/japon-anuncia-que-vertera-al-mar-aguas-radioactivas-de-la-central-de-fukushima-este-ano\/#breadcrumb"},"inLanguage":"es","potentialAction":[{"@type":"ReadAction","target":["https:\/\/www.yucatanencorto.com\/noticias\/japon-anuncia-que-vertera-al-mar-aguas-radioactivas-de-la-central-de-fukushima-este-ano\/"]}]},{"@type":"ImageObject","inLanguage":"es","@id":"https:\/\/www.yucatanencorto.com\/noticias\/japon-anuncia-que-vertera-al-mar-aguas-radioactivas-de-la-central-de-fukushima-este-ano\/#primaryimage","url":"https:\/\/www.yucatanencorto.com\/noticias\/wp-content\/uploads\/2023\/01\/QPYHGUXGJ6IZNLHE6NSARCPQIA-scaled.jpg","contentUrl":"https:\/\/www.yucatanencorto.com\/noticias\/wp-content\/uploads\/2023\/01\/QPYHGUXGJ6IZNLHE6NSARCPQIA-scaled.jpg","width":768,"height":512,"caption":"An aerial view shows the storage tanks for treated water at the tsunami-crippled Fukushima Daiichi nuclear power plant in Okuma town, Fukushima prefecture, Japan February 13, 2021, in this photo taken by Kyodo. Picture taken February 13, 2021. Kyodo\/via REUTERS ATTENTION EDITORS - THIS IMAGE WAS PROVIDED BY A THIRD PARTY. MANDATORY CREDIT. JAPAN OUT. NO COMMERCIAL OR EDITORIAL SALES IN JAPAN"},{"@type":"BreadcrumbList","@id":"https:\/\/www.yucatanencorto.com\/noticias\/japon-anuncia-que-vertera-al-mar-aguas-radioactivas-de-la-central-de-fukushima-este-ano\/#breadcrumb","itemListElement":[{"@type":"ListItem","position":1,"name":"Portada","item":"https:\/\/www.yucatanencorto.com\/noticias\/"},{"@type":"ListItem","position":2,"name":"Jap\u00f3n anuncia que verter\u00e1 al mar aguas radioactivas de la central de Fukushima este a\u00f1o"}]},{"@type":"WebSite","@id":"https:\/\/www.yucatanencorto.com\/noticias\/#website","url":"https:\/\/www.yucatanencorto.com\/noticias\/","name":"Yucat\u00e1n en corto","description":"Noticias","potentialAction":[{"@type":"SearchAction","target":{"@type":"EntryPoint","urlTemplate":"https:\/\/www.yucatanencorto.com\/noticias\/?s={search_term_string}"},"query-input":{"@type":"PropertyValueSpecification","valueRequired":true,"valueName":"search_term_string"}}],"inLanguage":"es"},{"@type":"Person","@id":"https:\/\/www.yucatanencorto.com\/noticias\/#\/schema\/person\/14f82d355225a1f4075dd84a31f45a72","name":"Yucat\u00e1n en Corto FC","image":{"@type":"ImageObject","inLanguage":"es","@id":"https:\/\/secure.gravatar.com\/avatar\/147d4b30cd728c53c29c49a3f7834dedca33707f4cd259761355846009a88250?s=96&d=mm&r=g","url":"https:\/\/secure.gravatar.com\/avatar\/147d4b30cd728c53c29c49a3f7834dedca33707f4cd259761355846009a88250?s=96&d=mm&r=g","contentUrl":"https:\/\/secure.gravatar.com\/avatar\/147d4b30cd728c53c29c49a3f7834dedca33707f4cd259761355846009a88250?s=96&d=mm&r=g","caption":"Yucat\u00e1n en Corto FC"},"url":"https:\/\/www.yucatanencorto.com\/noticias\/author\/flor\/"}]}},"_links":{"self":[{"href":"https:\/\/www.yucatanencorto.com\/noticias\/wp-json\/wp\/v2\/posts\/96046","targetHints":{"allow":["GET"]}}],"collection":[{"href":"https:\/\/www.yucatanencorto.com\/noticias\/wp-json\/wp\/v2\/posts"}],"about":[{"href":"https:\/\/www.yucatanencorto.com\/noticias\/wp-json\/wp\/v2\/types\/post"}],"author":[{"embeddable":true,"href":"https:\/\/www.yucatanencorto.com\/noticias\/wp-json\/wp\/v2\/users\/2"}],"replies":[{"embeddable":true,"href":"https:\/\/www.yucatanencorto.com\/noticias\/wp-json\/wp\/v2\/comments?post=96046"}],"version-history":[{"count":0,"href":"https:\/\/www.yucatanencorto.com\/noticias\/wp-json\/wp\/v2\/posts\/96046\/revisions"}],"wp:featuredmedia":[{"embeddable":true,"href":"https:\/\/www.yucatanencorto.com\/noticias\/wp-json\/wp\/v2\/media\/96047"}],"wp:attachment":[{"href":"https:\/\/www.yucatanencorto.com\/noticias\/wp-json\/wp\/v2\/media?parent=96046"}],"wp:term":[{"taxonomy":"category","embeddable":true,"href":"https:\/\/www.yucatanencorto.com\/noticias\/wp-json\/wp\/v2\/categories?post=96046"},{"taxonomy":"post_tag","embeddable":true,"href":"https:\/\/www.yucatanencorto.com\/noticias\/wp-json\/wp\/v2\/tags?post=96046"}],"curies":[{"name":"wp","href":"https:\/\/api.w.org\/{rel}","templated":true}]}}