{"id":96049,"date":"2023-01-13T10:00:24","date_gmt":"2023-01-13T16:00:24","guid":{"rendered":"https:\/\/www.yucatanencorto.com\/noticias\/?p=96049"},"modified":"2023-01-13T10:00:24","modified_gmt":"2023-01-13T16:00:24","slug":"cerca-de-900-millones-ya-tuvieron-covid-en-china-universidad-de-pekin","status":"publish","type":"post","link":"https:\/\/www.yucatanencorto.com\/noticias\/cerca-de-900-millones-ya-tuvieron-covid-en-china-universidad-de-pekin\/","title":{"rendered":"Cerca de 900 millones ya tuvieron Covid en China: Universidad de Pek\u00edn"},"content":{"rendered":"<p><img loading=\"lazy\" decoding=\"async\" class=\"alignnone size-full wp-image-96050\" src=\"https:\/\/www.yucatanencorto.com\/noticias\/wp-content\/uploads\/2023\/01\/01_coronavirus_rts2z4b8-scaled.jpg\" alt=\"\" width=\"768\" height=\"512\" srcset=\"https:\/\/www.yucatanencorto.com\/noticias\/wp-content\/uploads\/2023\/01\/01_coronavirus_rts2z4b8-scaled.jpg 768w, https:\/\/www.yucatanencorto.com\/noticias\/wp-content\/uploads\/2023\/01\/01_coronavirus_rts2z4b8-1536x1024.jpg 1536w, https:\/\/www.yucatanencorto.com\/noticias\/wp-content\/uploads\/2023\/01\/01_coronavirus_rts2z4b8-696x464.jpg 696w, https:\/\/www.yucatanencorto.com\/noticias\/wp-content\/uploads\/2023\/01\/01_coronavirus_rts2z4b8-1068x712.jpg 1068w, https:\/\/www.yucatanencorto.com\/noticias\/wp-content\/uploads\/2023\/01\/01_coronavirus_rts2z4b8-630x420.jpg 630w\" sizes=\"auto, (max-width: 768px) 100vw, 768px\" \/><\/p>\n<p>Alrededor de 900 millones de personas\u00a0se han contagiado ya por Covid en China, seg\u00fan un estudio de la Universidad de Pek\u00edn que recoge este viernes el portal chino\u00a0Economic Observer Network.<\/p>\n<p>Seg\u00fan el estudio, hasta el 11 de enero un\u00a064 % de la poblaci\u00f3n\u00a0se hab\u00eda contagiado con el virus despu\u00e9s de que el pa\u00eds desmantelara la pol\u00edtica de \u2018cero Covid\u2019 y apostara por\u00a0un control m\u00e1s laxo de la pandemia.<\/p>\n<p>El estudio, recogido hoy por el portal\u00a0Economic Observer Network,\u00a0perteneciente al diario\u00a0Economic Observer, indica que en la provincia de Gansu, en el oeste,\u00a0se hab\u00eda contagiado el 91 % de la poblaci\u00f3n para esa fecha, seguida de las de Yunnan (suroeste), con un 84 %, y la de Qinghai (oeste), con un 80 %.<\/p>\n<p>La investigaci\u00f3n, dirigida por la acad\u00e9mica Ma Jingjing, del Instituto de Investigaci\u00f3n sobre el Desarrollo Nacional de la Universidad de Pek\u00edn,\u00a0agrega que el pico de contagios se produjo el pasado 20 de diciembre, unos 13 d\u00edas despu\u00e9s de que las autoridades relajaran las restricciones que manten\u00edan contra la covid.<\/p>\n<p>No obstante, otros expertos chinos creen que el pico de incidencia de casos de covid en China\u00a0continuar\u00e1 \u201chasta febrero o marzo\u201d, tal y como vaticin\u00f3 recientemente el exjefe de epidemi\u00f3logos del Centro de Control de Enfermedades de China, Zeng Guang.<\/p>\n<p>Seg\u00fan Zeng, el pico de casos graves de la enfermedad se alargar\u00e1 \u201cdurante todav\u00eda m\u00e1s tiempo\u201d, y cit\u00f3 el ejemplo de Pek\u00edn, donde \u201cla cresta de la ola de casos ya ha concluido, pero sigue activa la de cuadros graves\u201d.<\/p>\n<p>El exfuncionario expres\u00f3 su preocupaci\u00f3n por \u201cla situaci\u00f3n en las \u00e1reas rurales de China\u201d y pidi\u00f3 \u201catenci\u00f3n\u201d para\u00a0\u201cimplementar una estrategia de prevenci\u00f3n\u201d\u00a0en ellas, al igual que han indicado las autoridades en las \u00faltimas semanas ante la cercan\u00eda del A\u00f1o Nuevo Lunar, el per\u00edodo festivo en el que los chinos acostumbran a volver a sus lugares de origen.<\/p>\n<p>Las fiestas caer\u00e1n este a\u00f1o entre el\u00a021 y el 27 de enero.<\/p>\n<p>Pese a que expertos locales han declarado que el pico de infecciones ya ha pasado en grandes ciudades y que populosas provincias como Henan (centro) han calculado que la mayor\u00eda de sus poblaciones -en algunos casos, hasta el 90 %- ya se han contagiado, otros lugares han pedido precauci\u00f3n por\u00a0los millones de desplazamientos que se producir\u00e1n durante los festejos.<\/p>\n<p>La r\u00e1pida propagaci\u00f3n del virus ha sembrado dudas sobre la fiabilidad de las cifras oficiales, que solo han informado de un pu\u00f1ado de fallecimientos recientes por la enfermedad pese a las numerosas escenas de alta presi\u00f3n hospitalaria.<\/p>\n<p>El director general de la Organizaci\u00f3n Mundial de la Salud (OMS),\u00a0Tedros Adhanom Ghebreyesus,\u00a0asegur\u00f3 esta semana que China no est\u00e1 dando cifras completas de los fallecidos por covid-19 en el actual brote, lo que impide saber el verdadero alcance de la enfermedad incluso a nivel global.<\/p>\n<p>El 8 de enero, la covid dej\u00f3 de ser gestionada en China como una enfermedad de categor\u00eda A -nivel de m\u00e1ximo peligro y para cuya contenci\u00f3n se exigen las medidas m\u00e1s severas- para convertirse en una de categor\u00eda B, que contempla un control m\u00e1s laxo, marcando as\u00ed en la pr\u00e1ctica el fin de la pol\u00edtica de \u2018cero covid\u2019, retirada por las autoridades despu\u00e9s de que se produjesen protestas.<\/p>\n","protected":false},"excerpt":{"rendered":"<p>Alrededor de 900 millones de personas\u00a0se han contagiado ya por Covid en China, seg\u00fan un estudio de la Universidad de Pek\u00edn que recoge este viernes el portal chino\u00a0Economic Observer Network. Seg\u00fan el estudio, hasta el 11 de enero un\u00a064 % de la poblaci\u00f3n\u00a0se hab\u00eda contagiado con el virus despu\u00e9s de que el pa\u00eds desmantelara la [&hellip;]<\/p>\n","protected":false},"author":2,"featured_media":96050,"comment_status":"closed","ping_status":"closed","sticky":false,"template":"","format":"standard","meta":{"footnotes":""},"categories":[5],"tags":[],"class_list":{"0":"post-96049","1":"post","2":"type-post","3":"status-publish","4":"format-standard","5":"has-post-thumbnail","7":"category-internacional"},"yoast_head":"<!-- This site is optimized with the Yoast SEO plugin v27.5 - https:\/\/yoast.com\/product\/yoast-seo-wordpress\/ -->\n<title>Cerca de 900 millones ya tuvieron Covid en China: Universidad de Pek\u00edn - Yucat\u00e1n en corto<\/title>\n<meta name=\"robots\" content=\"index, follow, max-snippet:-1, max-image-preview:large, max-video-preview:-1\" \/>\n<link rel=\"canonical\" href=\"https:\/\/www.yucatanencorto.com\/noticias\/cerca-de-900-millones-ya-tuvieron-covid-en-china-universidad-de-pekin\/\" \/>\n<meta property=\"og:locale\" content=\"es_ES\" \/>\n<meta property=\"og:type\" content=\"article\" \/>\n<meta property=\"og:title\" content=\"Cerca de 900 millones ya tuvieron Covid en China: Universidad de Pek\u00edn - Yucat\u00e1n en corto\" \/>\n<meta property=\"og:description\" content=\"Alrededor de 900 millones de personas\u00a0se han contagiado ya por Covid en China, seg\u00fan un estudio de la Universidad de Pek\u00edn que recoge este viernes el portal chino\u00a0Economic Observer Network. Seg\u00fan el estudio, hasta el 11 de enero un\u00a064 % de la poblaci\u00f3n\u00a0se hab\u00eda contagiado con el virus despu\u00e9s de que el pa\u00eds desmantelara la [&hellip;]\" \/>\n<meta property=\"og:url\" content=\"https:\/\/www.yucatanencorto.com\/noticias\/cerca-de-900-millones-ya-tuvieron-covid-en-china-universidad-de-pekin\/\" \/>\n<meta property=\"og:site_name\" content=\"Yucat\u00e1n en corto\" \/>\n<meta property=\"article:publisher\" content=\"http:\/\/www.facebook.com\/yucatanencorto\" \/>\n<meta property=\"article:published_time\" content=\"2023-01-13T16:00:24+00:00\" \/>\n<meta property=\"og:image\" content=\"https:\/\/www.yucatanencorto.com\/noticias\/wp-content\/uploads\/2023\/01\/01_coronavirus_rts2z4b8-scaled.jpg\" \/>\n\t<meta property=\"og:image:width\" content=\"768\" \/>\n\t<meta property=\"og:image:height\" content=\"512\" \/>\n\t<meta property=\"og:image:type\" content=\"image\/jpeg\" \/>\n<meta name=\"author\" content=\"Yucat\u00e1n en Corto FC\" \/>\n<meta name=\"twitter:card\" content=\"summary_large_image\" \/>\n<meta name=\"twitter:creator\" content=\"@yucatanencorto\" \/>\n<meta name=\"twitter:site\" content=\"@yucatanencorto\" \/>\n<meta name=\"twitter:label1\" content=\"Escrito por\" \/>\n\t<meta name=\"twitter:data1\" content=\"Yucat\u00e1n en Corto FC\" \/>\n\t<meta name=\"twitter:label2\" content=\"Tiempo de lectura\" \/>\n\t<meta name=\"twitter:data2\" content=\"3 minutos\" \/>\n<script type=\"application\/ld+json\" class=\"yoast-schema-graph\">{\"@context\":\"https:\\\/\\\/schema.org\",\"@graph\":[{\"@type\":\"Article\",\"@id\":\"https:\\\/\\\/www.yucatanencorto.com\\\/noticias\\\/cerca-de-900-millones-ya-tuvieron-covid-en-china-universidad-de-pekin\\\/#article\",\"isPartOf\":{\"@id\":\"https:\\\/\\\/www.yucatanencorto.com\\\/noticias\\\/cerca-de-900-millones-ya-tuvieron-covid-en-china-universidad-de-pekin\\\/\"},\"author\":{\"name\":\"Yucat\u00e1n en Corto FC\",\"@id\":\"https:\\\/\\\/www.yucatanencorto.com\\\/noticias\\\/#\\\/schema\\\/person\\\/14f82d355225a1f4075dd84a31f45a72\"},\"headline\":\"Cerca de 900 millones ya tuvieron Covid en China: Universidad de Pek\u00edn\",\"datePublished\":\"2023-01-13T16:00:24+00:00\",\"mainEntityOfPage\":{\"@id\":\"https:\\\/\\\/www.yucatanencorto.com\\\/noticias\\\/cerca-de-900-millones-ya-tuvieron-covid-en-china-universidad-de-pekin\\\/\"},\"wordCount\":589,\"image\":{\"@id\":\"https:\\\/\\\/www.yucatanencorto.com\\\/noticias\\\/cerca-de-900-millones-ya-tuvieron-covid-en-china-universidad-de-pekin\\\/#primaryimage\"},\"thumbnailUrl\":\"https:\\\/\\\/www.yucatanencorto.com\\\/noticias\\\/wp-content\\\/uploads\\\/2023\\\/01\\\/01_coronavirus_rts2z4b8-scaled.jpg\",\"articleSection\":[\"Internacional\"],\"inLanguage\":\"es\"},{\"@type\":\"WebPage\",\"@id\":\"https:\\\/\\\/www.yucatanencorto.com\\\/noticias\\\/cerca-de-900-millones-ya-tuvieron-covid-en-china-universidad-de-pekin\\\/\",\"url\":\"https:\\\/\\\/www.yucatanencorto.com\\\/noticias\\\/cerca-de-900-millones-ya-tuvieron-covid-en-china-universidad-de-pekin\\\/\",\"name\":\"Cerca de 900 millones ya tuvieron Covid en China: Universidad de Pek\u00edn - Yucat\u00e1n en corto\",\"isPartOf\":{\"@id\":\"https:\\\/\\\/www.yucatanencorto.com\\\/noticias\\\/#website\"},\"primaryImageOfPage\":{\"@id\":\"https:\\\/\\\/www.yucatanencorto.com\\\/noticias\\\/cerca-de-900-millones-ya-tuvieron-covid-en-china-universidad-de-pekin\\\/#primaryimage\"},\"image\":{\"@id\":\"https:\\\/\\\/www.yucatanencorto.com\\\/noticias\\\/cerca-de-900-millones-ya-tuvieron-covid-en-china-universidad-de-pekin\\\/#primaryimage\"},\"thumbnailUrl\":\"https:\\\/\\\/www.yucatanencorto.com\\\/noticias\\\/wp-content\\\/uploads\\\/2023\\\/01\\\/01_coronavirus_rts2z4b8-scaled.jpg\",\"datePublished\":\"2023-01-13T16:00:24+00:00\",\"author\":{\"@id\":\"https:\\\/\\\/www.yucatanencorto.com\\\/noticias\\\/#\\\/schema\\\/person\\\/14f82d355225a1f4075dd84a31f45a72\"},\"breadcrumb\":{\"@id\":\"https:\\\/\\\/www.yucatanencorto.com\\\/noticias\\\/cerca-de-900-millones-ya-tuvieron-covid-en-china-universidad-de-pekin\\\/#breadcrumb\"},\"inLanguage\":\"es\",\"potentialAction\":[{\"@type\":\"ReadAction\",\"target\":[\"https:\\\/\\\/www.yucatanencorto.com\\\/noticias\\\/cerca-de-900-millones-ya-tuvieron-covid-en-china-universidad-de-pekin\\\/\"]}]},{\"@type\":\"ImageObject\",\"inLanguage\":\"es\",\"@id\":\"https:\\\/\\\/www.yucatanencorto.com\\\/noticias\\\/cerca-de-900-millones-ya-tuvieron-covid-en-china-universidad-de-pekin\\\/#primaryimage\",\"url\":\"https:\\\/\\\/www.yucatanencorto.com\\\/noticias\\\/wp-content\\\/uploads\\\/2023\\\/01\\\/01_coronavirus_rts2z4b8-scaled.jpg\",\"contentUrl\":\"https:\\\/\\\/www.yucatanencorto.com\\\/noticias\\\/wp-content\\\/uploads\\\/2023\\\/01\\\/01_coronavirus_rts2z4b8-scaled.jpg\",\"width\":768,\"height\":512},{\"@type\":\"BreadcrumbList\",\"@id\":\"https:\\\/\\\/www.yucatanencorto.com\\\/noticias\\\/cerca-de-900-millones-ya-tuvieron-covid-en-china-universidad-de-pekin\\\/#breadcrumb\",\"itemListElement\":[{\"@type\":\"ListItem\",\"position\":1,\"name\":\"Portada\",\"item\":\"https:\\\/\\\/www.yucatanencorto.com\\\/noticias\\\/\"},{\"@type\":\"ListItem\",\"position\":2,\"name\":\"Cerca de 900 millones ya tuvieron Covid en China: Universidad de Pek\u00edn\"}]},{\"@type\":\"WebSite\",\"@id\":\"https:\\\/\\\/www.yucatanencorto.com\\\/noticias\\\/#website\",\"url\":\"https:\\\/\\\/www.yucatanencorto.com\\\/noticias\\\/\",\"name\":\"Yucat\u00e1n en corto\",\"description\":\"Noticias\",\"potentialAction\":[{\"@type\":\"SearchAction\",\"target\":{\"@type\":\"EntryPoint\",\"urlTemplate\":\"https:\\\/\\\/www.yucatanencorto.com\\\/noticias\\\/?s={search_term_string}\"},\"query-input\":{\"@type\":\"PropertyValueSpecification\",\"valueRequired\":true,\"valueName\":\"search_term_string\"}}],\"inLanguage\":\"es\"},{\"@type\":\"Person\",\"@id\":\"https:\\\/\\\/www.yucatanencorto.com\\\/noticias\\\/#\\\/schema\\\/person\\\/14f82d355225a1f4075dd84a31f45a72\",\"name\":\"Yucat\u00e1n en Corto FC\",\"image\":{\"@type\":\"ImageObject\",\"inLanguage\":\"es\",\"@id\":\"https:\\\/\\\/secure.gravatar.com\\\/avatar\\\/147d4b30cd728c53c29c49a3f7834dedca33707f4cd259761355846009a88250?s=96&d=mm&r=g\",\"url\":\"https:\\\/\\\/secure.gravatar.com\\\/avatar\\\/147d4b30cd728c53c29c49a3f7834dedca33707f4cd259761355846009a88250?s=96&d=mm&r=g\",\"contentUrl\":\"https:\\\/\\\/secure.gravatar.com\\\/avatar\\\/147d4b30cd728c53c29c49a3f7834dedca33707f4cd259761355846009a88250?s=96&d=mm&r=g\",\"caption\":\"Yucat\u00e1n en Corto FC\"},\"url\":\"https:\\\/\\\/www.yucatanencorto.com\\\/noticias\\\/author\\\/flor\\\/\"}]}<\/script>\n<!-- \/ Yoast SEO plugin. -->","yoast_head_json":{"title":"Cerca de 900 millones ya tuvieron Covid en China: Universidad de Pek\u00edn - Yucat\u00e1n en corto","robots":{"index":"index","follow":"follow","max-snippet":"max-snippet:-1","max-image-preview":"max-image-preview:large","max-video-preview":"max-video-preview:-1"},"canonical":"https:\/\/www.yucatanencorto.com\/noticias\/cerca-de-900-millones-ya-tuvieron-covid-en-china-universidad-de-pekin\/","og_locale":"es_ES","og_type":"article","og_title":"Cerca de 900 millones ya tuvieron Covid en China: Universidad de Pek\u00edn - Yucat\u00e1n en corto","og_description":"Alrededor de 900 millones de personas\u00a0se han contagiado ya por Covid en China, seg\u00fan un estudio de la Universidad de Pek\u00edn que recoge este viernes el portal chino\u00a0Economic Observer Network. Seg\u00fan el estudio, hasta el 11 de enero un\u00a064 % de la poblaci\u00f3n\u00a0se hab\u00eda contagiado con el virus despu\u00e9s de que el pa\u00eds desmantelara la [&hellip;]","og_url":"https:\/\/www.yucatanencorto.com\/noticias\/cerca-de-900-millones-ya-tuvieron-covid-en-china-universidad-de-pekin\/","og_site_name":"Yucat\u00e1n en corto","article_publisher":"http:\/\/www.facebook.com\/yucatanencorto","article_published_time":"2023-01-13T16:00:24+00:00","og_image":[{"width":768,"height":512,"url":"https:\/\/www.yucatanencorto.com\/noticias\/wp-content\/uploads\/2023\/01\/01_coronavirus_rts2z4b8-scaled.jpg","type":"image\/jpeg"}],"author":"Yucat\u00e1n en Corto FC","twitter_card":"summary_large_image","twitter_creator":"@yucatanencorto","twitter_site":"@yucatanencorto","twitter_misc":{"Escrito por":"Yucat\u00e1n en Corto FC","Tiempo de lectura":"3 minutos"},"schema":{"@context":"https:\/\/schema.org","@graph":[{"@type":"Article","@id":"https:\/\/www.yucatanencorto.com\/noticias\/cerca-de-900-millones-ya-tuvieron-covid-en-china-universidad-de-pekin\/#article","isPartOf":{"@id":"https:\/\/www.yucatanencorto.com\/noticias\/cerca-de-900-millones-ya-tuvieron-covid-en-china-universidad-de-pekin\/"},"author":{"name":"Yucat\u00e1n en Corto FC","@id":"https:\/\/www.yucatanencorto.com\/noticias\/#\/schema\/person\/14f82d355225a1f4075dd84a31f45a72"},"headline":"Cerca de 900 millones ya tuvieron Covid en China: Universidad de Pek\u00edn","datePublished":"2023-01-13T16:00:24+00:00","mainEntityOfPage":{"@id":"https:\/\/www.yucatanencorto.com\/noticias\/cerca-de-900-millones-ya-tuvieron-covid-en-china-universidad-de-pekin\/"},"wordCount":589,"image":{"@id":"https:\/\/www.yucatanencorto.com\/noticias\/cerca-de-900-millones-ya-tuvieron-covid-en-china-universidad-de-pekin\/#primaryimage"},"thumbnailUrl":"https:\/\/www.yucatanencorto.com\/noticias\/wp-content\/uploads\/2023\/01\/01_coronavirus_rts2z4b8-scaled.jpg","articleSection":["Internacional"],"inLanguage":"es"},{"@type":"WebPage","@id":"https:\/\/www.yucatanencorto.com\/noticias\/cerca-de-900-millones-ya-tuvieron-covid-en-china-universidad-de-pekin\/","url":"https:\/\/www.yucatanencorto.com\/noticias\/cerca-de-900-millones-ya-tuvieron-covid-en-china-universidad-de-pekin\/","name":"Cerca de 900 millones ya tuvieron Covid en China: Universidad de Pek\u00edn - Yucat\u00e1n en corto","isPartOf":{"@id":"https:\/\/www.yucatanencorto.com\/noticias\/#website"},"primaryImageOfPage":{"@id":"https:\/\/www.yucatanencorto.com\/noticias\/cerca-de-900-millones-ya-tuvieron-covid-en-china-universidad-de-pekin\/#primaryimage"},"image":{"@id":"https:\/\/www.yucatanencorto.com\/noticias\/cerca-de-900-millones-ya-tuvieron-covid-en-china-universidad-de-pekin\/#primaryimage"},"thumbnailUrl":"https:\/\/www.yucatanencorto.com\/noticias\/wp-content\/uploads\/2023\/01\/01_coronavirus_rts2z4b8-scaled.jpg","datePublished":"2023-01-13T16:00:24+00:00","author":{"@id":"https:\/\/www.yucatanencorto.com\/noticias\/#\/schema\/person\/14f82d355225a1f4075dd84a31f45a72"},"breadcrumb":{"@id":"https:\/\/www.yucatanencorto.com\/noticias\/cerca-de-900-millones-ya-tuvieron-covid-en-china-universidad-de-pekin\/#breadcrumb"},"inLanguage":"es","potentialAction":[{"@type":"ReadAction","target":["https:\/\/www.yucatanencorto.com\/noticias\/cerca-de-900-millones-ya-tuvieron-covid-en-china-universidad-de-pekin\/"]}]},{"@type":"ImageObject","inLanguage":"es","@id":"https:\/\/www.yucatanencorto.com\/noticias\/cerca-de-900-millones-ya-tuvieron-covid-en-china-universidad-de-pekin\/#primaryimage","url":"https:\/\/www.yucatanencorto.com\/noticias\/wp-content\/uploads\/2023\/01\/01_coronavirus_rts2z4b8-scaled.jpg","contentUrl":"https:\/\/www.yucatanencorto.com\/noticias\/wp-content\/uploads\/2023\/01\/01_coronavirus_rts2z4b8-scaled.jpg","width":768,"height":512},{"@type":"BreadcrumbList","@id":"https:\/\/www.yucatanencorto.com\/noticias\/cerca-de-900-millones-ya-tuvieron-covid-en-china-universidad-de-pekin\/#breadcrumb","itemListElement":[{"@type":"ListItem","position":1,"name":"Portada","item":"https:\/\/www.yucatanencorto.com\/noticias\/"},{"@type":"ListItem","position":2,"name":"Cerca de 900 millones ya tuvieron Covid en China: Universidad de Pek\u00edn"}]},{"@type":"WebSite","@id":"https:\/\/www.yucatanencorto.com\/noticias\/#website","url":"https:\/\/www.yucatanencorto.com\/noticias\/","name":"Yucat\u00e1n en corto","description":"Noticias","potentialAction":[{"@type":"SearchAction","target":{"@type":"EntryPoint","urlTemplate":"https:\/\/www.yucatanencorto.com\/noticias\/?s={search_term_string}"},"query-input":{"@type":"PropertyValueSpecification","valueRequired":true,"valueName":"search_term_string"}}],"inLanguage":"es"},{"@type":"Person","@id":"https:\/\/www.yucatanencorto.com\/noticias\/#\/schema\/person\/14f82d355225a1f4075dd84a31f45a72","name":"Yucat\u00e1n en Corto FC","image":{"@type":"ImageObject","inLanguage":"es","@id":"https:\/\/secure.gravatar.com\/avatar\/147d4b30cd728c53c29c49a3f7834dedca33707f4cd259761355846009a88250?s=96&d=mm&r=g","url":"https:\/\/secure.gravatar.com\/avatar\/147d4b30cd728c53c29c49a3f7834dedca33707f4cd259761355846009a88250?s=96&d=mm&r=g","contentUrl":"https:\/\/secure.gravatar.com\/avatar\/147d4b30cd728c53c29c49a3f7834dedca33707f4cd259761355846009a88250?s=96&d=mm&r=g","caption":"Yucat\u00e1n en Corto FC"},"url":"https:\/\/www.yucatanencorto.com\/noticias\/author\/flor\/"}]}},"_links":{"self":[{"href":"https:\/\/www.yucatanencorto.com\/noticias\/wp-json\/wp\/v2\/posts\/96049","targetHints":{"allow":["GET"]}}],"collection":[{"href":"https:\/\/www.yucatanencorto.com\/noticias\/wp-json\/wp\/v2\/posts"}],"about":[{"href":"https:\/\/www.yucatanencorto.com\/noticias\/wp-json\/wp\/v2\/types\/post"}],"author":[{"embeddable":true,"href":"https:\/\/www.yucatanencorto.com\/noticias\/wp-json\/wp\/v2\/users\/2"}],"replies":[{"embeddable":true,"href":"https:\/\/www.yucatanencorto.com\/noticias\/wp-json\/wp\/v2\/comments?post=96049"}],"version-history":[{"count":0,"href":"https:\/\/www.yucatanencorto.com\/noticias\/wp-json\/wp\/v2\/posts\/96049\/revisions"}],"wp:featuredmedia":[{"embeddable":true,"href":"https:\/\/www.yucatanencorto.com\/noticias\/wp-json\/wp\/v2\/media\/96050"}],"wp:attachment":[{"href":"https:\/\/www.yucatanencorto.com\/noticias\/wp-json\/wp\/v2\/media?parent=96049"}],"wp:term":[{"taxonomy":"category","embeddable":true,"href":"https:\/\/www.yucatanencorto.com\/noticias\/wp-json\/wp\/v2\/categories?post=96049"},{"taxonomy":"post_tag","embeddable":true,"href":"https:\/\/www.yucatanencorto.com\/noticias\/wp-json\/wp\/v2\/tags?post=96049"}],"curies":[{"name":"wp","href":"https:\/\/api.w.org\/{rel}","templated":true}]}}