{"id":96068,"date":"2023-01-14T15:07:33","date_gmt":"2023-01-14T21:07:33","guid":{"rendered":"https:\/\/www.yucatanencorto.com\/noticias\/?p=96068"},"modified":"2023-01-14T15:07:33","modified_gmt":"2023-01-14T21:07:33","slug":"conmemoran-los-107-anos-del-primer-congreso-feminista","status":"publish","type":"post","link":"https:\/\/www.yucatanencorto.com\/noticias\/conmemoran-los-107-anos-del-primer-congreso-feminista\/","title":{"rendered":"Conmemoran los 107 a\u00f1os del Primer Congreso Feminista"},"content":{"rendered":"<p><img loading=\"lazy\" decoding=\"async\" class=\"alignnone size-full wp-image-96069\" src=\"https:\/\/www.yucatanencorto.com\/noticias\/wp-content\/uploads\/2023\/01\/IMG-20230114-WA0014.jpg\" alt=\"\" width=\"699\" height=\"466\" srcset=\"https:\/\/www.yucatanencorto.com\/noticias\/wp-content\/uploads\/2023\/01\/IMG-20230114-WA0014.jpg 699w, https:\/\/www.yucatanencorto.com\/noticias\/wp-content\/uploads\/2023\/01\/IMG-20230114-WA0014-696x464.jpg 696w, https:\/\/www.yucatanencorto.com\/noticias\/wp-content\/uploads\/2023\/01\/IMG-20230114-WA0014-630x420.jpg 630w\" sizes=\"auto, (max-width: 699px) 100vw, 699px\" \/>M\u00e9rida, Yucat\u00e1n a 14 de enero de 2023.- Las mujeres del Municipio son incansables promotoras del bien com\u00fan, desde las diferentes \u00e1reas donde participan como l\u00edderes o intervienen en los temas relacionados con el desarrollo econ\u00f3mico, pol\u00edtico y cultural de M\u00e9rida, por ello, trabajan siempre con determinaci\u00f3n para lograr que nuestra sociedad sea m\u00e1s justa, equitativa y donde todas y todos crezcamos parejo, asever\u00f3 el Alcalde Ren\u00e1n Barrera Concha.<\/p>\n<p>En el marco de la conmemoraci\u00f3n de los 107 a\u00f1os del Primer Congreso Feminista, el Presidente Municipal agradeci\u00f3 a todas las mujeres del Municipio por su participaci\u00f3n activa en la tarea de gobernar y mejorar las decisiones de gobernanza de la administraci\u00f3n p\u00fablica.<\/p>\n<p>Acompa\u00f1ado de su esposa Diana Castillo Laviada, Barrera Concha destac\u00f3 que, por ese ejemplo de unidad, solidaridad y empat\u00eda demostrado a lo largo de la historia de nuestra entidad, el gobierno municipal ha aprendido mucho a trav\u00e9s de la participaci\u00f3n decidida de las mujeres en los asuntos de la ciudad.<\/p>\n<p>\u201cEn esta b\u00fasqueda y quehacer del bien com\u00fan para todas y todos, podemos decir que la participaci\u00f3n femenina es casi total porque son las mujeres de este Municipio quienes m\u00e1s participan, quienes m\u00e1s opinan y quienes m\u00e1s trabajan de la mano con el Ayuntamiento, a favor de sus familias y de la sociedad\u201d, expres\u00f3.<\/p>\n<p>Se\u00f1al\u00f3 que el trabajo colaborativo llevar\u00e1 a la sociedad a mejores horizontes, donde la mujer es un elemento fundamental, quien ha demostrado a lo largo de los a\u00f1os y de luchas, lo que se puede lograr con determinaci\u00f3n y deseo de justicia, paz, equidad y respeto.<\/p>\n<p>Asimismo, resalt\u00f3 que, para honrar la lucha de las mujeres por la igualdad, se propondr\u00e1 que el Sal\u00f3n de Cabildo del Palacio Municipal lleve el nombre de Rosa Torre Gonz\u00e1lez, quien fue la primera regidora de la ciudad, con lo cual se rendir\u00e1 un tributo a una de las primeras pol\u00edticas con quien se identifican las mujeres yucatecas.<\/p>\n<p>\u201cDe esta manera no s\u00f3lo honramos a quien es ejemplo para las actuales y nuevas generaciones de meridanos, sino que tambi\u00e9n reconocemos a las meridanas, que han sido antes y son ahora, pilares de esta sociedad solidaria, arm\u00f3nica, amorosa, responsable y comprometida, que todos los d\u00edas demuestra su cari\u00f1o a su ciudad\u201d, indic\u00f3.<\/p>\n<p>Durante su discurso, el Alcalde reconoci\u00f3 el trabajo a favor de las mujeres de la oradora hu\u00e9sped Nancy Walker Olvera, quien se desempe\u00f1a como profesionista en el campo del desarrollo humano, la investigaci\u00f3n participativa, de g\u00e9nero y diversidad, cuya trayectoria acad\u00e9mica y activismo han sido reconocidos en la iniciativa p\u00fablica y privada.<\/p>\n<p>En su intervenci\u00f3n, Walker Olvera destac\u00f3 que el Primer Congreso Feminista, realizado en 1916, se hizo por mujeres valientes que se atrevieron a luchar y a defender sus derechos, sentando un precedente que orienta a las nuevas generaciones a defender y exigir sus derechos.<\/p>\n<p>\u201cAqu\u00ed y ahora quiero decir a todas esas mujeres que valientemente lucharon por la igualdad, la inclusi\u00f3n y por el respeto de sus derechos, que con su activismo cambiaron la historia de las siguientes generaciones de mujeres, que su lucha vali\u00f3 el precio que pagaron\u201d, afirm\u00f3.<\/p>\n<p>Aunque reconoci\u00f3 que existen diferentes logros para las mujeres, apunt\u00f3 que existen temas pendientes por resolver, como son la existencia de diferentes tipos de violencias contra ellas, el feminicidio y la ausencia de una investigaci\u00f3n \u00e1gil para esclarecer los casos reportados.<\/p>\n<p>\u201cComo mujeres queremos y demandamos nuestros derechos y obligaciones, y para lograrlo necesitamos que la sociedad y el gobierno trabajen de manera coordinada y profunda para dar la talla en estas nuevas realidades\u201d, asegur\u00f3.<\/p>\n<p>Por otra parte, el Alcalde manifest\u00f3 que el Ayuntamiento contin\u00faa fomentando una M\u00e9rida en la que no tengan cabida la violencia y en la que se privilegie siempre la cultura de la paz y la igualdad.<\/p>\n<p>Como ejemplo de este trabajo a favor de las ciudadanas del Municipio, cit\u00f3 la labor del Instituto Municipal de la Mujer, con m\u00e1s de 20 a\u00f1os de trayectoria y compromiso con la mujer, reconocido con el \u201cPremio Nacional de Buen Gobierno 2021.<\/p>\n<p>\u201cA trav\u00e9s de este Instituto ofrecemos espacios permanentes de orientaci\u00f3n y apoyo como son: \u201cL\u00ednea Mujer\u201d, Refugio CAREM para Mujeres, con o sin hijas e hijos en situaci\u00f3n de violencia extrema, \u201cMujeres Seguras\u201d, que ofrece a las mujeres del Municipio espacios seguros para contribuir al acceso de sus derechos\u201d precis\u00f3.<\/p>\n<p>A\u00f1adi\u00f3 que a ello se suman los servicios de atenci\u00f3n personalizada como atenci\u00f3n jur\u00eddica, psicol\u00f3gica y de trabajo social en las sedes del Centro, Poniente, Sur y Oriente de M\u00e9rida.<\/p>\n<p>\u201cAdem\u00e1s, continuamos tambi\u00e9n con talleres sobre prevenci\u00f3n de la violencia como: \u201cMujeres unidas, mujeres seguras\u201d, \u201cMujeres bordadoras de su vida\u201d, \u201cMujeres descubriendo su poder\u201d y \u201cPrevenci\u00f3n de las violencias hacia las mujeres, tarea de todas las mujeres transformando realidades\u201d, entre otros muchos m\u00e1s\u201d, mencion\u00f3.<\/p>\n<p>\u201cEstamos conscientes de que hemos avanzado mucho en estos aspectos, abund\u00f3, pero tambi\u00e9n sabemos que a\u00fan hay muchos desaf\u00edos en materia de igualdad e inclusi\u00f3n, que iremos superando de la mano de las mujeres.<\/p>\n<p>En la sesi\u00f3n solemne de Cabildo, efectuado en el auditorio \u201cSilvio Vallado\u201d del Centro Cultural \u201cOlimpo\u201d, acompa\u00f1aron al Alcalde, Mar\u00eda Fritz Sierra, Secretaria General de Gobierno, en representaci\u00f3n del gobernador del Estado de Yucat\u00e1n, Mauricio Vila Dosal; Ingrid del Pilar Santos D\u00edaz, Presidenta de la mesa directiva del Congreso del Estado; Diana Canto Moreno, S\u00edndico Municipal y Alejandro Ruz Castro, Secretario Municipal.<\/p>\n<p>Finalmente, estuvieron tambi\u00e9n Fabiola Garc\u00eda Maga\u00f1a, directora del Instituto Municipal de la Mujer, Ana Rosa Pay\u00e1n Cervera, ex Alcaldesa de M\u00e9rida y los integrantes del Consejo Municipal de Colaboraci\u00f3n de la Mujer, entre otros.<\/p>\n","protected":false},"excerpt":{"rendered":"<p>M\u00e9rida, Yucat\u00e1n a 14 de enero de 2023.- Las mujeres del Municipio son incansables promotoras del bien com\u00fan, desde las diferentes \u00e1reas donde participan como l\u00edderes o intervienen en los temas relacionados con el desarrollo econ\u00f3mico, pol\u00edtico y cultural de M\u00e9rida, por ello, trabajan siempre con determinaci\u00f3n para lograr que nuestra sociedad sea m\u00e1s justa, [&hellip;]<\/p>\n","protected":false},"author":2,"featured_media":96069,"comment_status":"closed","ping_status":"closed","sticky":false,"template":"","format":"standard","meta":{"footnotes":""},"categories":[2],"tags":[],"class_list":{"0":"post-96068","1":"post","2":"type-post","3":"status-publish","4":"format-standard","5":"has-post-thumbnail","7":"category-merida"},"yoast_head":"<!-- This site is optimized with the Yoast SEO plugin v27.5 - https:\/\/yoast.com\/product\/yoast-seo-wordpress\/ -->\n<title>Conmemoran los 107 a\u00f1os del Primer Congreso Feminista - Yucat\u00e1n en corto<\/title>\n<meta name=\"robots\" content=\"index, follow, max-snippet:-1, max-image-preview:large, max-video-preview:-1\" \/>\n<link rel=\"canonical\" href=\"https:\/\/www.yucatanencorto.com\/noticias\/conmemoran-los-107-anos-del-primer-congreso-feminista\/\" \/>\n<meta property=\"og:locale\" content=\"es_ES\" \/>\n<meta property=\"og:type\" content=\"article\" \/>\n<meta property=\"og:title\" content=\"Conmemoran los 107 a\u00f1os del Primer Congreso Feminista - Yucat\u00e1n en corto\" \/>\n<meta property=\"og:description\" content=\"M\u00e9rida, Yucat\u00e1n a 14 de enero de 2023.- Las mujeres del Municipio son incansables promotoras del bien com\u00fan, desde las diferentes \u00e1reas donde participan como l\u00edderes o intervienen en los temas relacionados con el desarrollo econ\u00f3mico, pol\u00edtico y cultural de M\u00e9rida, por ello, trabajan siempre con determinaci\u00f3n para lograr que nuestra sociedad sea m\u00e1s justa, [&hellip;]\" \/>\n<meta property=\"og:url\" content=\"https:\/\/www.yucatanencorto.com\/noticias\/conmemoran-los-107-anos-del-primer-congreso-feminista\/\" \/>\n<meta property=\"og:site_name\" content=\"Yucat\u00e1n en corto\" \/>\n<meta property=\"article:publisher\" content=\"http:\/\/www.facebook.com\/yucatanencorto\" \/>\n<meta property=\"article:published_time\" content=\"2023-01-14T21:07:33+00:00\" \/>\n<meta property=\"og:image\" content=\"https:\/\/www.yucatanencorto.com\/noticias\/wp-content\/uploads\/2023\/01\/IMG-20230114-WA0014.jpg\" \/>\n\t<meta property=\"og:image:width\" content=\"699\" \/>\n\t<meta property=\"og:image:height\" content=\"466\" \/>\n\t<meta property=\"og:image:type\" content=\"image\/jpeg\" \/>\n<meta name=\"author\" content=\"Yucat\u00e1n en Corto FC\" \/>\n<meta name=\"twitter:card\" content=\"summary_large_image\" \/>\n<meta name=\"twitter:creator\" content=\"@yucatanencorto\" \/>\n<meta name=\"twitter:site\" content=\"@yucatanencorto\" \/>\n<meta name=\"twitter:label1\" content=\"Escrito por\" \/>\n\t<meta name=\"twitter:data1\" content=\"Yucat\u00e1n en Corto FC\" \/>\n\t<meta name=\"twitter:label2\" content=\"Tiempo de lectura\" \/>\n\t<meta name=\"twitter:data2\" content=\"5 minutos\" \/>\n<script type=\"application\/ld+json\" class=\"yoast-schema-graph\">{\"@context\":\"https:\\\/\\\/schema.org\",\"@graph\":[{\"@type\":\"Article\",\"@id\":\"https:\\\/\\\/www.yucatanencorto.com\\\/noticias\\\/conmemoran-los-107-anos-del-primer-congreso-feminista\\\/#article\",\"isPartOf\":{\"@id\":\"https:\\\/\\\/www.yucatanencorto.com\\\/noticias\\\/conmemoran-los-107-anos-del-primer-congreso-feminista\\\/\"},\"author\":{\"name\":\"Yucat\u00e1n en Corto FC\",\"@id\":\"https:\\\/\\\/www.yucatanencorto.com\\\/noticias\\\/#\\\/schema\\\/person\\\/14f82d355225a1f4075dd84a31f45a72\"},\"headline\":\"Conmemoran los 107 a\u00f1os del Primer Congreso Feminista\",\"datePublished\":\"2023-01-14T21:07:33+00:00\",\"mainEntityOfPage\":{\"@id\":\"https:\\\/\\\/www.yucatanencorto.com\\\/noticias\\\/conmemoran-los-107-anos-del-primer-congreso-feminista\\\/\"},\"wordCount\":1006,\"image\":{\"@id\":\"https:\\\/\\\/www.yucatanencorto.com\\\/noticias\\\/conmemoran-los-107-anos-del-primer-congreso-feminista\\\/#primaryimage\"},\"thumbnailUrl\":\"https:\\\/\\\/www.yucatanencorto.com\\\/noticias\\\/wp-content\\\/uploads\\\/2023\\\/01\\\/IMG-20230114-WA0014.jpg\",\"articleSection\":[\"M\u00e9rida\"],\"inLanguage\":\"es\"},{\"@type\":\"WebPage\",\"@id\":\"https:\\\/\\\/www.yucatanencorto.com\\\/noticias\\\/conmemoran-los-107-anos-del-primer-congreso-feminista\\\/\",\"url\":\"https:\\\/\\\/www.yucatanencorto.com\\\/noticias\\\/conmemoran-los-107-anos-del-primer-congreso-feminista\\\/\",\"name\":\"Conmemoran los 107 a\u00f1os del Primer Congreso Feminista - Yucat\u00e1n en corto\",\"isPartOf\":{\"@id\":\"https:\\\/\\\/www.yucatanencorto.com\\\/noticias\\\/#website\"},\"primaryImageOfPage\":{\"@id\":\"https:\\\/\\\/www.yucatanencorto.com\\\/noticias\\\/conmemoran-los-107-anos-del-primer-congreso-feminista\\\/#primaryimage\"},\"image\":{\"@id\":\"https:\\\/\\\/www.yucatanencorto.com\\\/noticias\\\/conmemoran-los-107-anos-del-primer-congreso-feminista\\\/#primaryimage\"},\"thumbnailUrl\":\"https:\\\/\\\/www.yucatanencorto.com\\\/noticias\\\/wp-content\\\/uploads\\\/2023\\\/01\\\/IMG-20230114-WA0014.jpg\",\"datePublished\":\"2023-01-14T21:07:33+00:00\",\"author\":{\"@id\":\"https:\\\/\\\/www.yucatanencorto.com\\\/noticias\\\/#\\\/schema\\\/person\\\/14f82d355225a1f4075dd84a31f45a72\"},\"breadcrumb\":{\"@id\":\"https:\\\/\\\/www.yucatanencorto.com\\\/noticias\\\/conmemoran-los-107-anos-del-primer-congreso-feminista\\\/#breadcrumb\"},\"inLanguage\":\"es\",\"potentialAction\":[{\"@type\":\"ReadAction\",\"target\":[\"https:\\\/\\\/www.yucatanencorto.com\\\/noticias\\\/conmemoran-los-107-anos-del-primer-congreso-feminista\\\/\"]}]},{\"@type\":\"ImageObject\",\"inLanguage\":\"es\",\"@id\":\"https:\\\/\\\/www.yucatanencorto.com\\\/noticias\\\/conmemoran-los-107-anos-del-primer-congreso-feminista\\\/#primaryimage\",\"url\":\"https:\\\/\\\/www.yucatanencorto.com\\\/noticias\\\/wp-content\\\/uploads\\\/2023\\\/01\\\/IMG-20230114-WA0014.jpg\",\"contentUrl\":\"https:\\\/\\\/www.yucatanencorto.com\\\/noticias\\\/wp-content\\\/uploads\\\/2023\\\/01\\\/IMG-20230114-WA0014.jpg\",\"width\":699,\"height\":466},{\"@type\":\"BreadcrumbList\",\"@id\":\"https:\\\/\\\/www.yucatanencorto.com\\\/noticias\\\/conmemoran-los-107-anos-del-primer-congreso-feminista\\\/#breadcrumb\",\"itemListElement\":[{\"@type\":\"ListItem\",\"position\":1,\"name\":\"Portada\",\"item\":\"https:\\\/\\\/www.yucatanencorto.com\\\/noticias\\\/\"},{\"@type\":\"ListItem\",\"position\":2,\"name\":\"Conmemoran los 107 a\u00f1os del Primer Congreso Feminista\"}]},{\"@type\":\"WebSite\",\"@id\":\"https:\\\/\\\/www.yucatanencorto.com\\\/noticias\\\/#website\",\"url\":\"https:\\\/\\\/www.yucatanencorto.com\\\/noticias\\\/\",\"name\":\"Yucat\u00e1n en corto\",\"description\":\"Noticias\",\"potentialAction\":[{\"@type\":\"SearchAction\",\"target\":{\"@type\":\"EntryPoint\",\"urlTemplate\":\"https:\\\/\\\/www.yucatanencorto.com\\\/noticias\\\/?s={search_term_string}\"},\"query-input\":{\"@type\":\"PropertyValueSpecification\",\"valueRequired\":true,\"valueName\":\"search_term_string\"}}],\"inLanguage\":\"es\"},{\"@type\":\"Person\",\"@id\":\"https:\\\/\\\/www.yucatanencorto.com\\\/noticias\\\/#\\\/schema\\\/person\\\/14f82d355225a1f4075dd84a31f45a72\",\"name\":\"Yucat\u00e1n en Corto FC\",\"image\":{\"@type\":\"ImageObject\",\"inLanguage\":\"es\",\"@id\":\"https:\\\/\\\/secure.gravatar.com\\\/avatar\\\/147d4b30cd728c53c29c49a3f7834dedca33707f4cd259761355846009a88250?s=96&d=mm&r=g\",\"url\":\"https:\\\/\\\/secure.gravatar.com\\\/avatar\\\/147d4b30cd728c53c29c49a3f7834dedca33707f4cd259761355846009a88250?s=96&d=mm&r=g\",\"contentUrl\":\"https:\\\/\\\/secure.gravatar.com\\\/avatar\\\/147d4b30cd728c53c29c49a3f7834dedca33707f4cd259761355846009a88250?s=96&d=mm&r=g\",\"caption\":\"Yucat\u00e1n en Corto FC\"},\"url\":\"https:\\\/\\\/www.yucatanencorto.com\\\/noticias\\\/author\\\/flor\\\/\"}]}<\/script>\n<!-- \/ Yoast SEO plugin. -->","yoast_head_json":{"title":"Conmemoran los 107 a\u00f1os del Primer Congreso Feminista - Yucat\u00e1n en corto","robots":{"index":"index","follow":"follow","max-snippet":"max-snippet:-1","max-image-preview":"max-image-preview:large","max-video-preview":"max-video-preview:-1"},"canonical":"https:\/\/www.yucatanencorto.com\/noticias\/conmemoran-los-107-anos-del-primer-congreso-feminista\/","og_locale":"es_ES","og_type":"article","og_title":"Conmemoran los 107 a\u00f1os del Primer Congreso Feminista - Yucat\u00e1n en corto","og_description":"M\u00e9rida, Yucat\u00e1n a 14 de enero de 2023.- Las mujeres del Municipio son incansables promotoras del bien com\u00fan, desde las diferentes \u00e1reas donde participan como l\u00edderes o intervienen en los temas relacionados con el desarrollo econ\u00f3mico, pol\u00edtico y cultural de M\u00e9rida, por ello, trabajan siempre con determinaci\u00f3n para lograr que nuestra sociedad sea m\u00e1s justa, [&hellip;]","og_url":"https:\/\/www.yucatanencorto.com\/noticias\/conmemoran-los-107-anos-del-primer-congreso-feminista\/","og_site_name":"Yucat\u00e1n en corto","article_publisher":"http:\/\/www.facebook.com\/yucatanencorto","article_published_time":"2023-01-14T21:07:33+00:00","og_image":[{"width":699,"height":466,"url":"https:\/\/www.yucatanencorto.com\/noticias\/wp-content\/uploads\/2023\/01\/IMG-20230114-WA0014.jpg","type":"image\/jpeg"}],"author":"Yucat\u00e1n en Corto FC","twitter_card":"summary_large_image","twitter_creator":"@yucatanencorto","twitter_site":"@yucatanencorto","twitter_misc":{"Escrito por":"Yucat\u00e1n en Corto FC","Tiempo de lectura":"5 minutos"},"schema":{"@context":"https:\/\/schema.org","@graph":[{"@type":"Article","@id":"https:\/\/www.yucatanencorto.com\/noticias\/conmemoran-los-107-anos-del-primer-congreso-feminista\/#article","isPartOf":{"@id":"https:\/\/www.yucatanencorto.com\/noticias\/conmemoran-los-107-anos-del-primer-congreso-feminista\/"},"author":{"name":"Yucat\u00e1n en Corto FC","@id":"https:\/\/www.yucatanencorto.com\/noticias\/#\/schema\/person\/14f82d355225a1f4075dd84a31f45a72"},"headline":"Conmemoran los 107 a\u00f1os del Primer Congreso Feminista","datePublished":"2023-01-14T21:07:33+00:00","mainEntityOfPage":{"@id":"https:\/\/www.yucatanencorto.com\/noticias\/conmemoran-los-107-anos-del-primer-congreso-feminista\/"},"wordCount":1006,"image":{"@id":"https:\/\/www.yucatanencorto.com\/noticias\/conmemoran-los-107-anos-del-primer-congreso-feminista\/#primaryimage"},"thumbnailUrl":"https:\/\/www.yucatanencorto.com\/noticias\/wp-content\/uploads\/2023\/01\/IMG-20230114-WA0014.jpg","articleSection":["M\u00e9rida"],"inLanguage":"es"},{"@type":"WebPage","@id":"https:\/\/www.yucatanencorto.com\/noticias\/conmemoran-los-107-anos-del-primer-congreso-feminista\/","url":"https:\/\/www.yucatanencorto.com\/noticias\/conmemoran-los-107-anos-del-primer-congreso-feminista\/","name":"Conmemoran los 107 a\u00f1os del Primer Congreso Feminista - Yucat\u00e1n en corto","isPartOf":{"@id":"https:\/\/www.yucatanencorto.com\/noticias\/#website"},"primaryImageOfPage":{"@id":"https:\/\/www.yucatanencorto.com\/noticias\/conmemoran-los-107-anos-del-primer-congreso-feminista\/#primaryimage"},"image":{"@id":"https:\/\/www.yucatanencorto.com\/noticias\/conmemoran-los-107-anos-del-primer-congreso-feminista\/#primaryimage"},"thumbnailUrl":"https:\/\/www.yucatanencorto.com\/noticias\/wp-content\/uploads\/2023\/01\/IMG-20230114-WA0014.jpg","datePublished":"2023-01-14T21:07:33+00:00","author":{"@id":"https:\/\/www.yucatanencorto.com\/noticias\/#\/schema\/person\/14f82d355225a1f4075dd84a31f45a72"},"breadcrumb":{"@id":"https:\/\/www.yucatanencorto.com\/noticias\/conmemoran-los-107-anos-del-primer-congreso-feminista\/#breadcrumb"},"inLanguage":"es","potentialAction":[{"@type":"ReadAction","target":["https:\/\/www.yucatanencorto.com\/noticias\/conmemoran-los-107-anos-del-primer-congreso-feminista\/"]}]},{"@type":"ImageObject","inLanguage":"es","@id":"https:\/\/www.yucatanencorto.com\/noticias\/conmemoran-los-107-anos-del-primer-congreso-feminista\/#primaryimage","url":"https:\/\/www.yucatanencorto.com\/noticias\/wp-content\/uploads\/2023\/01\/IMG-20230114-WA0014.jpg","contentUrl":"https:\/\/www.yucatanencorto.com\/noticias\/wp-content\/uploads\/2023\/01\/IMG-20230114-WA0014.jpg","width":699,"height":466},{"@type":"BreadcrumbList","@id":"https:\/\/www.yucatanencorto.com\/noticias\/conmemoran-los-107-anos-del-primer-congreso-feminista\/#breadcrumb","itemListElement":[{"@type":"ListItem","position":1,"name":"Portada","item":"https:\/\/www.yucatanencorto.com\/noticias\/"},{"@type":"ListItem","position":2,"name":"Conmemoran los 107 a\u00f1os del Primer Congreso Feminista"}]},{"@type":"WebSite","@id":"https:\/\/www.yucatanencorto.com\/noticias\/#website","url":"https:\/\/www.yucatanencorto.com\/noticias\/","name":"Yucat\u00e1n en corto","description":"Noticias","potentialAction":[{"@type":"SearchAction","target":{"@type":"EntryPoint","urlTemplate":"https:\/\/www.yucatanencorto.com\/noticias\/?s={search_term_string}"},"query-input":{"@type":"PropertyValueSpecification","valueRequired":true,"valueName":"search_term_string"}}],"inLanguage":"es"},{"@type":"Person","@id":"https:\/\/www.yucatanencorto.com\/noticias\/#\/schema\/person\/14f82d355225a1f4075dd84a31f45a72","name":"Yucat\u00e1n en Corto FC","image":{"@type":"ImageObject","inLanguage":"es","@id":"https:\/\/secure.gravatar.com\/avatar\/147d4b30cd728c53c29c49a3f7834dedca33707f4cd259761355846009a88250?s=96&d=mm&r=g","url":"https:\/\/secure.gravatar.com\/avatar\/147d4b30cd728c53c29c49a3f7834dedca33707f4cd259761355846009a88250?s=96&d=mm&r=g","contentUrl":"https:\/\/secure.gravatar.com\/avatar\/147d4b30cd728c53c29c49a3f7834dedca33707f4cd259761355846009a88250?s=96&d=mm&r=g","caption":"Yucat\u00e1n en Corto FC"},"url":"https:\/\/www.yucatanencorto.com\/noticias\/author\/flor\/"}]}},"_links":{"self":[{"href":"https:\/\/www.yucatanencorto.com\/noticias\/wp-json\/wp\/v2\/posts\/96068","targetHints":{"allow":["GET"]}}],"collection":[{"href":"https:\/\/www.yucatanencorto.com\/noticias\/wp-json\/wp\/v2\/posts"}],"about":[{"href":"https:\/\/www.yucatanencorto.com\/noticias\/wp-json\/wp\/v2\/types\/post"}],"author":[{"embeddable":true,"href":"https:\/\/www.yucatanencorto.com\/noticias\/wp-json\/wp\/v2\/users\/2"}],"replies":[{"embeddable":true,"href":"https:\/\/www.yucatanencorto.com\/noticias\/wp-json\/wp\/v2\/comments?post=96068"}],"version-history":[{"count":0,"href":"https:\/\/www.yucatanencorto.com\/noticias\/wp-json\/wp\/v2\/posts\/96068\/revisions"}],"wp:featuredmedia":[{"embeddable":true,"href":"https:\/\/www.yucatanencorto.com\/noticias\/wp-json\/wp\/v2\/media\/96069"}],"wp:attachment":[{"href":"https:\/\/www.yucatanencorto.com\/noticias\/wp-json\/wp\/v2\/media?parent=96068"}],"wp:term":[{"taxonomy":"category","embeddable":true,"href":"https:\/\/www.yucatanencorto.com\/noticias\/wp-json\/wp\/v2\/categories?post=96068"},{"taxonomy":"post_tag","embeddable":true,"href":"https:\/\/www.yucatanencorto.com\/noticias\/wp-json\/wp\/v2\/tags?post=96068"}],"curies":[{"name":"wp","href":"https:\/\/api.w.org\/{rel}","templated":true}]}}