{"id":96072,"date":"2023-01-15T09:59:06","date_gmt":"2023-01-15T15:59:06","guid":{"rendered":"https:\/\/www.yucatanencorto.com\/noticias\/?p=96072"},"modified":"2023-01-15T09:59:06","modified_gmt":"2023-01-15T15:59:06","slug":"congreso-del-estado-recibe-el-cuarto-informe-de-gobierno","status":"publish","type":"post","link":"https:\/\/www.yucatanencorto.com\/noticias\/congreso-del-estado-recibe-el-cuarto-informe-de-gobierno\/","title":{"rendered":"Congreso del estado recibe el cuarto informe de gobierno"},"content":{"rendered":"<p><span data-removefontsize=\"true\" data-originalcomputedfontsize=\"16\"><img loading=\"lazy\" decoding=\"async\" class=\"alignnone size-full wp-image-96073\" src=\"https:\/\/www.yucatanencorto.com\/noticias\/wp-content\/uploads\/2023\/01\/FE75DAB1-05A9-49E4-BF27-E57B4824609C-scaled.jpeg\" alt=\"\" width=\"768\" height=\"512\" srcset=\"https:\/\/www.yucatanencorto.com\/noticias\/wp-content\/uploads\/2023\/01\/FE75DAB1-05A9-49E4-BF27-E57B4824609C-scaled.jpeg 768w, https:\/\/www.yucatanencorto.com\/noticias\/wp-content\/uploads\/2023\/01\/FE75DAB1-05A9-49E4-BF27-E57B4824609C-696x464.jpeg 696w, https:\/\/www.yucatanencorto.com\/noticias\/wp-content\/uploads\/2023\/01\/FE75DAB1-05A9-49E4-BF27-E57B4824609C-1068x712.jpeg 1068w, https:\/\/www.yucatanencorto.com\/noticias\/wp-content\/uploads\/2023\/01\/FE75DAB1-05A9-49E4-BF27-E57B4824609C-630x420.jpeg 630w\" sizes=\"auto, (max-width: 768px) 100vw, 768px\" \/><br \/>\nM\u00e9rida, Yucat\u00e1n, 15 de enero de 2023.- En cumplimiento a lo establecido en la Ley, el Gobernador Mauricio Vila Dosal envi\u00f3 al Congreso del Estado, la ma\u00f1ana de este domingo, el Informe de Resultados correspondiente a su cuarto a\u00f1o de gesti\u00f3n, que incluye, adem\u00e1s de versi\u00f3n en espa\u00f1ol, otras en Braille y maya, a fin de establecer una comunicaci\u00f3n m\u00e1s universal con todas y todos los yucatecos.<\/span><\/p>\n<p>&nbsp;<\/p>\n<p><span data-removefontsize=\"true\" data-originalcomputedfontsize=\"16\">La titular de la Secretar\u00eda General de Gobierno (SGG), Mar\u00eda Fritz Sierra, acompa\u00f1ada del consejero Jur\u00eddico del Estado, Yussif Heredia Fritz, acudi\u00f3 a la sede de Poder Legislativo local para entregar a la presidenta de la Diputaci\u00f3n Permanente, Pilar Santos D\u00edaz, y a los\u00a0 integrantes de la Junta de Gobierno y Coordinaci\u00f3n Pol\u00edtica, encabezada por V\u00edctor Hugo Lozano Poveda, el documento que desglosa acciones, programas, apoyos y estrategias, emprendidos durante 2022, para seguir transformando a la entidad en equipo con sus habitantes.<\/span><\/p>\n<p>&nbsp;<\/p>\n<p><span data-removefontsize=\"true\" data-originalcomputedfontsize=\"16\">Por segundo a\u00f1o, se tradujo todos los tomos que conforman el Cuarto Informe de Gobierno al sistema de lectura y escritura Braille para personas con discapacidad visual, y por tercera ocasi\u00f3n, se presenta completo en lengua maya para garantizar el derecho al acceso a la informaci\u00f3n para toda la poblaci\u00f3n.<\/span><\/p>\n<p>&nbsp;<\/p>\n<p><span data-removefontsize=\"true\" data-originalcomputedfontsize=\"16\">Ante diputados locales, dichos funcionarios entregaron tanto en f\u00edsico como en digital este compilado de resultados, correspondiente al per\u00edodo del 1 de enero al 31 de diciembre de 2022; con el prop\u00f3sito de aumentar la calidad y disponibilidad de la informaci\u00f3n, tambi\u00e9n integra datos acumulados desde el 1 de octubre de 2018 hasta el fin del a\u00f1o pasado.<\/span><\/p>\n<p>&nbsp;<\/p>\n<p><span data-removefontsize=\"true\" data-originalcomputedfontsize=\"16\">La ciudadan\u00eda puede ingresar a <a href=\"http:\/\/www.yucatan.gob.mx\/informe\" target=\"_blank\" rel=\"noopener\" data-saferedirecturl=\"https:\/\/www.google.com\/url?q=http:\/\/www.yucatan.gob.mx\/informe&amp;source=gmail&amp;ust=1673884593039000&amp;usg=AOvVaw0zlcnRVpaZwcT0rYDKq-Iv\" data-removefontsize=\"true\" data-originalcomputedfontsize=\"16\">www.yucatan.gob.mx\/informe<\/a> para consultar el documento que consta de 2,612 p\u00e1ginas y 9 tomos. Comprende el reporte de avances de las acciones y los esquemas, que implementaron las dependencias y entidades estatales, y el Resumen Ejecutivo, cuyo prop\u00f3sito es comunicar a la ciudadan\u00eda de manera \u00e1gil y sencilla los principales resultados alcanzados.<\/span><\/p>\n<p>&nbsp;<\/p>\n<p><span data-removefontsize=\"true\" data-originalcomputedfontsize=\"16\">Igualmente, tiene un Anexo Estad\u00edstico y de Infraestructura con tabulados sobre bienes, servicios y obras entregados a las y los habitantes del territorio, por municipio y a\u00f1o de ejecuci\u00f3n, y Respuestas a Preguntas que formularon por escrito las fracciones parlamentarias que integran la actual Legislatura.<\/span><\/p>\n<p>&nbsp;<\/p>\n<p><span data-removefontsize=\"true\" data-originalcomputedfontsize=\"16\">Se organiza en 9 ejes: Yucat\u00e1n con econom\u00eda inclusiva; Yucat\u00e1n con calidad de vida y bienestar social; Yucat\u00e1n cultural con identidad para el desarrollo; Yucat\u00e1n verde y sustentable; Igualdad de g\u00e9nero, oportunidades y no discriminaci\u00f3n; Innovaci\u00f3n, conocimiento y tecnolog\u00eda; Paz, justicia y gobernabilidad; Gobierno abierto, eficiente y con finanzas sanas, y Ciudades y Comunidades sostenibles.<\/span><\/p>\n<p>&nbsp;<\/p>\n<p><span data-removefontsize=\"true\" data-originalcomputedfontsize=\"16\">De los integrantes de la referida Junta del Congreso, tambi\u00e9n estuvieron los diputados Eduardo Sobrino Sierra, Vida G\u00f3mez Herrera, Crescencio Guti\u00e9rrez Gonz\u00e1lez, Harry Rodr\u00edguez Botello y Gaspar Quintal Parra.<\/span><\/p>\n","protected":false},"excerpt":{"rendered":"<p>M\u00e9rida, Yucat\u00e1n, 15 de enero de 2023.- En cumplimiento a lo establecido en la Ley, el Gobernador Mauricio Vila Dosal envi\u00f3 al Congreso del Estado, la ma\u00f1ana de este domingo, el Informe de Resultados correspondiente a su cuarto a\u00f1o de gesti\u00f3n, que incluye, adem\u00e1s de versi\u00f3n en espa\u00f1ol, otras en Braille y maya, a fin [&hellip;]<\/p>\n","protected":false},"author":2,"featured_media":96073,"comment_status":"closed","ping_status":"closed","sticky":false,"template":"","format":"standard","meta":{"footnotes":""},"categories":[3],"tags":[],"class_list":{"0":"post-96072","1":"post","2":"type-post","3":"status-publish","4":"format-standard","5":"has-post-thumbnail","7":"category-yucatan"},"yoast_head":"<!-- This site is optimized with the Yoast SEO plugin v27.5 - https:\/\/yoast.com\/product\/yoast-seo-wordpress\/ -->\n<title>Congreso del estado recibe el cuarto informe de gobierno - Yucat\u00e1n en corto<\/title>\n<meta name=\"robots\" content=\"index, follow, max-snippet:-1, max-image-preview:large, max-video-preview:-1\" \/>\n<link rel=\"canonical\" href=\"https:\/\/www.yucatanencorto.com\/noticias\/congreso-del-estado-recibe-el-cuarto-informe-de-gobierno\/\" \/>\n<meta property=\"og:locale\" content=\"es_ES\" \/>\n<meta property=\"og:type\" content=\"article\" \/>\n<meta property=\"og:title\" content=\"Congreso del estado recibe el cuarto informe de gobierno - Yucat\u00e1n en corto\" \/>\n<meta property=\"og:description\" content=\"M\u00e9rida, Yucat\u00e1n, 15 de enero de 2023.- En cumplimiento a lo establecido en la Ley, el Gobernador Mauricio Vila Dosal envi\u00f3 al Congreso del Estado, la ma\u00f1ana de este domingo, el Informe de Resultados correspondiente a su cuarto a\u00f1o de gesti\u00f3n, que incluye, adem\u00e1s de versi\u00f3n en espa\u00f1ol, otras en Braille y maya, a fin [&hellip;]\" \/>\n<meta property=\"og:url\" content=\"https:\/\/www.yucatanencorto.com\/noticias\/congreso-del-estado-recibe-el-cuarto-informe-de-gobierno\/\" \/>\n<meta property=\"og:site_name\" content=\"Yucat\u00e1n en corto\" \/>\n<meta property=\"article:publisher\" content=\"http:\/\/www.facebook.com\/yucatanencorto\" \/>\n<meta property=\"article:published_time\" content=\"2023-01-15T15:59:06+00:00\" \/>\n<meta property=\"og:image\" content=\"https:\/\/www.yucatanencorto.com\/noticias\/wp-content\/uploads\/2023\/01\/FE75DAB1-05A9-49E4-BF27-E57B4824609C-scaled.jpeg\" \/>\n\t<meta property=\"og:image:width\" content=\"768\" \/>\n\t<meta property=\"og:image:height\" content=\"512\" \/>\n\t<meta property=\"og:image:type\" content=\"image\/jpeg\" \/>\n<meta name=\"author\" content=\"Yucat\u00e1n en Corto FC\" \/>\n<meta name=\"twitter:card\" content=\"summary_large_image\" \/>\n<meta name=\"twitter:creator\" content=\"@yucatanencorto\" \/>\n<meta name=\"twitter:site\" content=\"@yucatanencorto\" \/>\n<meta name=\"twitter:label1\" content=\"Escrito por\" \/>\n\t<meta name=\"twitter:data1\" content=\"Yucat\u00e1n en Corto FC\" \/>\n\t<meta name=\"twitter:label2\" content=\"Tiempo de lectura\" \/>\n\t<meta name=\"twitter:data2\" content=\"3 minutos\" \/>\n<script type=\"application\/ld+json\" class=\"yoast-schema-graph\">{\"@context\":\"https:\\\/\\\/schema.org\",\"@graph\":[{\"@type\":\"Article\",\"@id\":\"https:\\\/\\\/www.yucatanencorto.com\\\/noticias\\\/congreso-del-estado-recibe-el-cuarto-informe-de-gobierno\\\/#article\",\"isPartOf\":{\"@id\":\"https:\\\/\\\/www.yucatanencorto.com\\\/noticias\\\/congreso-del-estado-recibe-el-cuarto-informe-de-gobierno\\\/\"},\"author\":{\"name\":\"Yucat\u00e1n en Corto FC\",\"@id\":\"https:\\\/\\\/www.yucatanencorto.com\\\/noticias\\\/#\\\/schema\\\/person\\\/14f82d355225a1f4075dd84a31f45a72\"},\"headline\":\"Congreso del estado recibe el cuarto informe de gobierno\",\"datePublished\":\"2023-01-15T15:59:06+00:00\",\"mainEntityOfPage\":{\"@id\":\"https:\\\/\\\/www.yucatanencorto.com\\\/noticias\\\/congreso-del-estado-recibe-el-cuarto-informe-de-gobierno\\\/\"},\"wordCount\":502,\"image\":{\"@id\":\"https:\\\/\\\/www.yucatanencorto.com\\\/noticias\\\/congreso-del-estado-recibe-el-cuarto-informe-de-gobierno\\\/#primaryimage\"},\"thumbnailUrl\":\"https:\\\/\\\/www.yucatanencorto.com\\\/noticias\\\/wp-content\\\/uploads\\\/2023\\\/01\\\/FE75DAB1-05A9-49E4-BF27-E57B4824609C-scaled.jpeg\",\"articleSection\":[\"Yucat\u00e1n\"],\"inLanguage\":\"es\"},{\"@type\":\"WebPage\",\"@id\":\"https:\\\/\\\/www.yucatanencorto.com\\\/noticias\\\/congreso-del-estado-recibe-el-cuarto-informe-de-gobierno\\\/\",\"url\":\"https:\\\/\\\/www.yucatanencorto.com\\\/noticias\\\/congreso-del-estado-recibe-el-cuarto-informe-de-gobierno\\\/\",\"name\":\"Congreso del estado recibe el cuarto informe de gobierno - Yucat\u00e1n en corto\",\"isPartOf\":{\"@id\":\"https:\\\/\\\/www.yucatanencorto.com\\\/noticias\\\/#website\"},\"primaryImageOfPage\":{\"@id\":\"https:\\\/\\\/www.yucatanencorto.com\\\/noticias\\\/congreso-del-estado-recibe-el-cuarto-informe-de-gobierno\\\/#primaryimage\"},\"image\":{\"@id\":\"https:\\\/\\\/www.yucatanencorto.com\\\/noticias\\\/congreso-del-estado-recibe-el-cuarto-informe-de-gobierno\\\/#primaryimage\"},\"thumbnailUrl\":\"https:\\\/\\\/www.yucatanencorto.com\\\/noticias\\\/wp-content\\\/uploads\\\/2023\\\/01\\\/FE75DAB1-05A9-49E4-BF27-E57B4824609C-scaled.jpeg\",\"datePublished\":\"2023-01-15T15:59:06+00:00\",\"author\":{\"@id\":\"https:\\\/\\\/www.yucatanencorto.com\\\/noticias\\\/#\\\/schema\\\/person\\\/14f82d355225a1f4075dd84a31f45a72\"},\"breadcrumb\":{\"@id\":\"https:\\\/\\\/www.yucatanencorto.com\\\/noticias\\\/congreso-del-estado-recibe-el-cuarto-informe-de-gobierno\\\/#breadcrumb\"},\"inLanguage\":\"es\",\"potentialAction\":[{\"@type\":\"ReadAction\",\"target\":[\"https:\\\/\\\/www.yucatanencorto.com\\\/noticias\\\/congreso-del-estado-recibe-el-cuarto-informe-de-gobierno\\\/\"]}]},{\"@type\":\"ImageObject\",\"inLanguage\":\"es\",\"@id\":\"https:\\\/\\\/www.yucatanencorto.com\\\/noticias\\\/congreso-del-estado-recibe-el-cuarto-informe-de-gobierno\\\/#primaryimage\",\"url\":\"https:\\\/\\\/www.yucatanencorto.com\\\/noticias\\\/wp-content\\\/uploads\\\/2023\\\/01\\\/FE75DAB1-05A9-49E4-BF27-E57B4824609C-scaled.jpeg\",\"contentUrl\":\"https:\\\/\\\/www.yucatanencorto.com\\\/noticias\\\/wp-content\\\/uploads\\\/2023\\\/01\\\/FE75DAB1-05A9-49E4-BF27-E57B4824609C-scaled.jpeg\",\"width\":768,\"height\":512},{\"@type\":\"BreadcrumbList\",\"@id\":\"https:\\\/\\\/www.yucatanencorto.com\\\/noticias\\\/congreso-del-estado-recibe-el-cuarto-informe-de-gobierno\\\/#breadcrumb\",\"itemListElement\":[{\"@type\":\"ListItem\",\"position\":1,\"name\":\"Portada\",\"item\":\"https:\\\/\\\/www.yucatanencorto.com\\\/noticias\\\/\"},{\"@type\":\"ListItem\",\"position\":2,\"name\":\"Congreso del estado recibe el cuarto informe de gobierno\"}]},{\"@type\":\"WebSite\",\"@id\":\"https:\\\/\\\/www.yucatanencorto.com\\\/noticias\\\/#website\",\"url\":\"https:\\\/\\\/www.yucatanencorto.com\\\/noticias\\\/\",\"name\":\"Yucat\u00e1n en corto\",\"description\":\"Noticias\",\"potentialAction\":[{\"@type\":\"SearchAction\",\"target\":{\"@type\":\"EntryPoint\",\"urlTemplate\":\"https:\\\/\\\/www.yucatanencorto.com\\\/noticias\\\/?s={search_term_string}\"},\"query-input\":{\"@type\":\"PropertyValueSpecification\",\"valueRequired\":true,\"valueName\":\"search_term_string\"}}],\"inLanguage\":\"es\"},{\"@type\":\"Person\",\"@id\":\"https:\\\/\\\/www.yucatanencorto.com\\\/noticias\\\/#\\\/schema\\\/person\\\/14f82d355225a1f4075dd84a31f45a72\",\"name\":\"Yucat\u00e1n en Corto FC\",\"image\":{\"@type\":\"ImageObject\",\"inLanguage\":\"es\",\"@id\":\"https:\\\/\\\/secure.gravatar.com\\\/avatar\\\/147d4b30cd728c53c29c49a3f7834dedca33707f4cd259761355846009a88250?s=96&d=mm&r=g\",\"url\":\"https:\\\/\\\/secure.gravatar.com\\\/avatar\\\/147d4b30cd728c53c29c49a3f7834dedca33707f4cd259761355846009a88250?s=96&d=mm&r=g\",\"contentUrl\":\"https:\\\/\\\/secure.gravatar.com\\\/avatar\\\/147d4b30cd728c53c29c49a3f7834dedca33707f4cd259761355846009a88250?s=96&d=mm&r=g\",\"caption\":\"Yucat\u00e1n en Corto FC\"},\"url\":\"https:\\\/\\\/www.yucatanencorto.com\\\/noticias\\\/author\\\/flor\\\/\"}]}<\/script>\n<!-- \/ Yoast SEO plugin. -->","yoast_head_json":{"title":"Congreso del estado recibe el cuarto informe de gobierno - Yucat\u00e1n en corto","robots":{"index":"index","follow":"follow","max-snippet":"max-snippet:-1","max-image-preview":"max-image-preview:large","max-video-preview":"max-video-preview:-1"},"canonical":"https:\/\/www.yucatanencorto.com\/noticias\/congreso-del-estado-recibe-el-cuarto-informe-de-gobierno\/","og_locale":"es_ES","og_type":"article","og_title":"Congreso del estado recibe el cuarto informe de gobierno - Yucat\u00e1n en corto","og_description":"M\u00e9rida, Yucat\u00e1n, 15 de enero de 2023.- En cumplimiento a lo establecido en la Ley, el Gobernador Mauricio Vila Dosal envi\u00f3 al Congreso del Estado, la ma\u00f1ana de este domingo, el Informe de Resultados correspondiente a su cuarto a\u00f1o de gesti\u00f3n, que incluye, adem\u00e1s de versi\u00f3n en espa\u00f1ol, otras en Braille y maya, a fin [&hellip;]","og_url":"https:\/\/www.yucatanencorto.com\/noticias\/congreso-del-estado-recibe-el-cuarto-informe-de-gobierno\/","og_site_name":"Yucat\u00e1n en corto","article_publisher":"http:\/\/www.facebook.com\/yucatanencorto","article_published_time":"2023-01-15T15:59:06+00:00","og_image":[{"width":768,"height":512,"url":"https:\/\/www.yucatanencorto.com\/noticias\/wp-content\/uploads\/2023\/01\/FE75DAB1-05A9-49E4-BF27-E57B4824609C-scaled.jpeg","type":"image\/jpeg"}],"author":"Yucat\u00e1n en Corto FC","twitter_card":"summary_large_image","twitter_creator":"@yucatanencorto","twitter_site":"@yucatanencorto","twitter_misc":{"Escrito por":"Yucat\u00e1n en Corto FC","Tiempo de lectura":"3 minutos"},"schema":{"@context":"https:\/\/schema.org","@graph":[{"@type":"Article","@id":"https:\/\/www.yucatanencorto.com\/noticias\/congreso-del-estado-recibe-el-cuarto-informe-de-gobierno\/#article","isPartOf":{"@id":"https:\/\/www.yucatanencorto.com\/noticias\/congreso-del-estado-recibe-el-cuarto-informe-de-gobierno\/"},"author":{"name":"Yucat\u00e1n en Corto FC","@id":"https:\/\/www.yucatanencorto.com\/noticias\/#\/schema\/person\/14f82d355225a1f4075dd84a31f45a72"},"headline":"Congreso del estado recibe el cuarto informe de gobierno","datePublished":"2023-01-15T15:59:06+00:00","mainEntityOfPage":{"@id":"https:\/\/www.yucatanencorto.com\/noticias\/congreso-del-estado-recibe-el-cuarto-informe-de-gobierno\/"},"wordCount":502,"image":{"@id":"https:\/\/www.yucatanencorto.com\/noticias\/congreso-del-estado-recibe-el-cuarto-informe-de-gobierno\/#primaryimage"},"thumbnailUrl":"https:\/\/www.yucatanencorto.com\/noticias\/wp-content\/uploads\/2023\/01\/FE75DAB1-05A9-49E4-BF27-E57B4824609C-scaled.jpeg","articleSection":["Yucat\u00e1n"],"inLanguage":"es"},{"@type":"WebPage","@id":"https:\/\/www.yucatanencorto.com\/noticias\/congreso-del-estado-recibe-el-cuarto-informe-de-gobierno\/","url":"https:\/\/www.yucatanencorto.com\/noticias\/congreso-del-estado-recibe-el-cuarto-informe-de-gobierno\/","name":"Congreso del estado recibe el cuarto informe de gobierno - Yucat\u00e1n en corto","isPartOf":{"@id":"https:\/\/www.yucatanencorto.com\/noticias\/#website"},"primaryImageOfPage":{"@id":"https:\/\/www.yucatanencorto.com\/noticias\/congreso-del-estado-recibe-el-cuarto-informe-de-gobierno\/#primaryimage"},"image":{"@id":"https:\/\/www.yucatanencorto.com\/noticias\/congreso-del-estado-recibe-el-cuarto-informe-de-gobierno\/#primaryimage"},"thumbnailUrl":"https:\/\/www.yucatanencorto.com\/noticias\/wp-content\/uploads\/2023\/01\/FE75DAB1-05A9-49E4-BF27-E57B4824609C-scaled.jpeg","datePublished":"2023-01-15T15:59:06+00:00","author":{"@id":"https:\/\/www.yucatanencorto.com\/noticias\/#\/schema\/person\/14f82d355225a1f4075dd84a31f45a72"},"breadcrumb":{"@id":"https:\/\/www.yucatanencorto.com\/noticias\/congreso-del-estado-recibe-el-cuarto-informe-de-gobierno\/#breadcrumb"},"inLanguage":"es","potentialAction":[{"@type":"ReadAction","target":["https:\/\/www.yucatanencorto.com\/noticias\/congreso-del-estado-recibe-el-cuarto-informe-de-gobierno\/"]}]},{"@type":"ImageObject","inLanguage":"es","@id":"https:\/\/www.yucatanencorto.com\/noticias\/congreso-del-estado-recibe-el-cuarto-informe-de-gobierno\/#primaryimage","url":"https:\/\/www.yucatanencorto.com\/noticias\/wp-content\/uploads\/2023\/01\/FE75DAB1-05A9-49E4-BF27-E57B4824609C-scaled.jpeg","contentUrl":"https:\/\/www.yucatanencorto.com\/noticias\/wp-content\/uploads\/2023\/01\/FE75DAB1-05A9-49E4-BF27-E57B4824609C-scaled.jpeg","width":768,"height":512},{"@type":"BreadcrumbList","@id":"https:\/\/www.yucatanencorto.com\/noticias\/congreso-del-estado-recibe-el-cuarto-informe-de-gobierno\/#breadcrumb","itemListElement":[{"@type":"ListItem","position":1,"name":"Portada","item":"https:\/\/www.yucatanencorto.com\/noticias\/"},{"@type":"ListItem","position":2,"name":"Congreso del estado recibe el cuarto informe de gobierno"}]},{"@type":"WebSite","@id":"https:\/\/www.yucatanencorto.com\/noticias\/#website","url":"https:\/\/www.yucatanencorto.com\/noticias\/","name":"Yucat\u00e1n en corto","description":"Noticias","potentialAction":[{"@type":"SearchAction","target":{"@type":"EntryPoint","urlTemplate":"https:\/\/www.yucatanencorto.com\/noticias\/?s={search_term_string}"},"query-input":{"@type":"PropertyValueSpecification","valueRequired":true,"valueName":"search_term_string"}}],"inLanguage":"es"},{"@type":"Person","@id":"https:\/\/www.yucatanencorto.com\/noticias\/#\/schema\/person\/14f82d355225a1f4075dd84a31f45a72","name":"Yucat\u00e1n en Corto FC","image":{"@type":"ImageObject","inLanguage":"es","@id":"https:\/\/secure.gravatar.com\/avatar\/147d4b30cd728c53c29c49a3f7834dedca33707f4cd259761355846009a88250?s=96&d=mm&r=g","url":"https:\/\/secure.gravatar.com\/avatar\/147d4b30cd728c53c29c49a3f7834dedca33707f4cd259761355846009a88250?s=96&d=mm&r=g","contentUrl":"https:\/\/secure.gravatar.com\/avatar\/147d4b30cd728c53c29c49a3f7834dedca33707f4cd259761355846009a88250?s=96&d=mm&r=g","caption":"Yucat\u00e1n en Corto FC"},"url":"https:\/\/www.yucatanencorto.com\/noticias\/author\/flor\/"}]}},"_links":{"self":[{"href":"https:\/\/www.yucatanencorto.com\/noticias\/wp-json\/wp\/v2\/posts\/96072","targetHints":{"allow":["GET"]}}],"collection":[{"href":"https:\/\/www.yucatanencorto.com\/noticias\/wp-json\/wp\/v2\/posts"}],"about":[{"href":"https:\/\/www.yucatanencorto.com\/noticias\/wp-json\/wp\/v2\/types\/post"}],"author":[{"embeddable":true,"href":"https:\/\/www.yucatanencorto.com\/noticias\/wp-json\/wp\/v2\/users\/2"}],"replies":[{"embeddable":true,"href":"https:\/\/www.yucatanencorto.com\/noticias\/wp-json\/wp\/v2\/comments?post=96072"}],"version-history":[{"count":0,"href":"https:\/\/www.yucatanencorto.com\/noticias\/wp-json\/wp\/v2\/posts\/96072\/revisions"}],"wp:featuredmedia":[{"embeddable":true,"href":"https:\/\/www.yucatanencorto.com\/noticias\/wp-json\/wp\/v2\/media\/96073"}],"wp:attachment":[{"href":"https:\/\/www.yucatanencorto.com\/noticias\/wp-json\/wp\/v2\/media?parent=96072"}],"wp:term":[{"taxonomy":"category","embeddable":true,"href":"https:\/\/www.yucatanencorto.com\/noticias\/wp-json\/wp\/v2\/categories?post=96072"},{"taxonomy":"post_tag","embeddable":true,"href":"https:\/\/www.yucatanencorto.com\/noticias\/wp-json\/wp\/v2\/tags?post=96072"}],"curies":[{"name":"wp","href":"https:\/\/api.w.org\/{rel}","templated":true}]}}