{"id":96076,"date":"2023-01-15T14:27:53","date_gmt":"2023-01-15T20:27:53","guid":{"rendered":"https:\/\/www.yucatanencorto.com\/noticias\/?p=96076"},"modified":"2023-01-15T14:27:53","modified_gmt":"2023-01-15T20:27:53","slug":"en-cuarto-informe-se-destaco-el-crecimiento-en-materia-economica","status":"publish","type":"post","link":"https:\/\/www.yucatanencorto.com\/noticias\/en-cuarto-informe-se-destaco-el-crecimiento-en-materia-economica\/","title":{"rendered":"En cuarto informe se destac\u00f3 el crecimiento en materia econ\u00f3mica"},"content":{"rendered":"<p><span data-removefontsize=\"true\" data-originalcomputedfontsize=\"16\"><img loading=\"lazy\" decoding=\"async\" class=\"alignnone size-full wp-image-96077\" src=\"https:\/\/www.yucatanencorto.com\/noticias\/wp-content\/uploads\/2023\/01\/43AA4551-6756-4A76-9C2A-81EEE95FE473-scaled.jpeg\" alt=\"\" width=\"768\" height=\"512\" srcset=\"https:\/\/www.yucatanencorto.com\/noticias\/wp-content\/uploads\/2023\/01\/43AA4551-6756-4A76-9C2A-81EEE95FE473-scaled.jpeg 768w, https:\/\/www.yucatanencorto.com\/noticias\/wp-content\/uploads\/2023\/01\/43AA4551-6756-4A76-9C2A-81EEE95FE473-696x464.jpeg 696w, https:\/\/www.yucatanencorto.com\/noticias\/wp-content\/uploads\/2023\/01\/43AA4551-6756-4A76-9C2A-81EEE95FE473-1068x712.jpeg 1068w, https:\/\/www.yucatanencorto.com\/noticias\/wp-content\/uploads\/2023\/01\/43AA4551-6756-4A76-9C2A-81EEE95FE473-630x420.jpeg 630w\" sizes=\"auto, (max-width: 768px) 100vw, 768px\" \/><br \/>\nM\u00e9rida, Yucat\u00e1n, 15 de enero de 2023.- El presente y la realidad del pa\u00eds y nuestros estados demandan que estemos trabajando sin descanso y sin distracciones para construir los cambios que todos queremos. El gobernante que quiera tener futuro pol\u00edtico, primero tiene que dar futuro y resultados a sus ciudadanos, afirm\u00f3 el Gobernador Mauricio Vila Dosal durante su Cuarto Informe de Resultados.<\/span><\/p>\n<p>&nbsp;<\/p>\n<p><span data-removefontsize=\"true\" data-originalcomputedfontsize=\"16\">\u201cYo no creo en divisiones insuperables. Yo creo que a los mexicanos y a los yucatecos es mucho m\u00e1s lo que nos une que aquello que nos separa. Esa es nuestra principal fortaleza para salir adelante\u201d, asever\u00f3 Vila Dosal ante la titular de la Secretar\u00eda del Trabajo y Previsi\u00f3n Social, Luisa Mar\u00eda Alcalde Luj\u00e1n, quien acudi\u00f3 en representaci\u00f3n del Presidente Andr\u00e9s Manuel L\u00f3pez Obrador.<\/span><\/p>\n<p>&nbsp;<\/p>\n<p><span data-removefontsize=\"true\" data-originalcomputedfontsize=\"16\">Desde el Centro Internacional de Congresos de Yucat\u00e1n (CIC), el Gobernador rindi\u00f3 cuentas acerca de lo realizado y que est\u00e1 transformando a Yucat\u00e1n, donde mencion\u00f3 que el crecimiento pol\u00edtico es consecuencia de la dedicaci\u00f3n, el trabajo y los resultados que se entregan a la gente.<\/span><\/p>\n<p>&nbsp;<\/p>\n<p><span data-removefontsize=\"true\" data-originalcomputedfontsize=\"16\">\u201cEsta es la forma de atender los retos y problemas de los ciudadanos: trabajando juntos, con dinamismo y modernidad, generando oportunidades y dando certeza a las familias de que vienen mejores d\u00edas, que es posible mejorar y hay caminos para juntos hacer los cambios que necesitamos para construir un M\u00e9xico unido y justo, pac\u00edfico y de oportunidades, sin corrupci\u00f3n ni impunidad\u201d, afirm\u00f3 Vila Dosal.<\/span><\/p>\n<p>&nbsp;<\/p>\n<p><span data-removefontsize=\"true\" data-originalcomputedfontsize=\"16\">En ese sentido, refrend\u00f3 a las y los yucatecos el compromiso de seguir trabajando con estas premisas, pues, asegur\u00f3, es la mejor forma de agradecer a la gente por haberme elegido como su Gobernador, afirm\u00f3 ante diputados locales, federales y senadores. <\/span><\/p>\n<p>&nbsp;<\/p>\n<p><span data-removefontsize=\"true\" data-originalcomputedfontsize=\"16\">En presencia de dirigentes de c\u00e1maras empresariales y sindicatos a nivel nacional, Vila Dosal indic\u00f3 que hace poco m\u00e1s de cuatro a\u00f1os, cuando iniciamos nuestro gobierno, nos propusimos implementar una forma distinta de gobernar. Ser un gobierno humanista, abierto al di\u00e1logo y a la participaci\u00f3n ciudadana, cercano a las personas, con honestidad, innovaci\u00f3n, austeridad y gobernar para todas y todos, pero con una opci\u00f3n preferente para los m\u00e1s pobres.<\/span><\/p>\n<p>&nbsp;<\/p>\n<p><span data-removefontsize=\"true\" data-originalcomputedfontsize=\"16\">\u201cTodo esto ha sido posible porque en Yucat\u00e1n decidimos tomar una ruta de cambio, trabajando unidos como un solo equipo, en el que hombro con hombro y dialogando con la ciudadan\u00eda, hemos logrado reforzar la seguridad, atraer inversiones y turismo para generar nuevos empleos, mejor pagados y dar m\u00e1s apoyos y oportunidades\u201d, puntualiz\u00f3 el Gobernador, en presencia de representantes del poder judicial del estado.<\/span><\/p>\n<p>&nbsp;<\/p>\n<p><span data-removefontsize=\"true\" data-originalcomputedfontsize=\"16\">En su discurso, Vila Dosal se\u00f1al\u00f3 que la forma de trabajar en Yucat\u00e1n es coordinada con el Gobierno Federal, los alcaldes y alcaldesas de los 106 municipios del estado independientemente de su signo partidista, pero sobre todo con toda la sociedad. <\/span><\/p>\n<p>&nbsp;<\/p>\n<p><span data-removefontsize=\"true\" data-originalcomputedfontsize=\"16\">Ante el consejero de la judicatura federal, Sergio Javier Molina Mart\u00ednez, el Gobernador reconoci\u00f3 y agradeci\u00f3 al Presidente Andr\u00e9s Manuel L\u00f3pez Obrador, por su apoyo y el trabajo coordinado que se realiza para el bien de las y los yucatecos en proyectos como el Tren Maya, las 2 nuevas plantas el\u00e9ctricas, el Parque de la Plancha, la Ampliaci\u00f3n del Puerto de Altura de Progreso, los trabajos para el gasoducto, la construcci\u00f3n del Ie-Tram, entre otros. <\/span><\/p>\n<p>&nbsp;<\/p>\n<p><span data-removefontsize=\"true\" data-originalcomputedfontsize=\"16\">\u201cPodemos provenir de opciones pol\u00edticas diferentes, pero cuando se anteponen los intereses de las y los ciudadanos se puede construir, transformar y cambiar para bien la vida de los mexicanos y los yucatecos. El mutuo respeto, di\u00e1logo y coordinaci\u00f3n son pieza clave desde el primer d\u00eda de mi gobierno\u201d, indic\u00f3 el Gobernador Mauricio Vila Dosal.<\/span><\/p>\n<p>&nbsp;<\/p>\n<p><span data-removefontsize=\"true\" data-originalcomputedfontsize=\"16\">En su intervenci\u00f3n, asegur\u00f3 que son muchos los problemas que tiene el pa\u00eds como para que los gobernantes nos estemos metiendo los pies los unos a los otros. A nosotros lo \u00fanico que nos mueve es trabajar juntos por la gente, nuestro estado y pa\u00eds; eso es m\u00e1s importante que cualquier otra diferencia.<\/span><\/p>\n<p>&nbsp;<\/p>\n<p><span data-removefontsize=\"true\" data-originalcomputedfontsize=\"16\">\u201cLo he dicho y puesto en pr\u00e1ctica cuando fui alcalde y ahora que tengo el honor de ser Gobernador:\u00a0 los ciudadanos ya est\u00e1n cansados de confrontaciones est\u00e9riles entre sus gobernantes. Lo que exigen es que los gobernantes demos resultados. Ese es mi empe\u00f1o y mi compromiso para seguir transformado a Yucat\u00e1n y a M\u00e9xico\u201d, asegur\u00f3 Vila Dosal.<\/span><\/p>\n<p>&nbsp;<\/p>\n<p><span data-removefontsize=\"true\" data-originalcomputedfontsize=\"16\">Cada estado del pa\u00eds es \u00fanico e irrepetible, con condiciones y oportunidades particulares y tambi\u00e9n coincidencias que nos unen como mexicanos, indic\u00f3 Vila Dosal acompa\u00f1ado de las y los Gobernadores de Aguascalientes, Mar\u00eda Teresa Jim\u00e9nez Esquivel; Chihuahua, Mar\u00eda Eugenia Campos Galv\u00e1n; Campeche, Layda Sansores San Rom\u00e1n; Puebla, Sergio Salom\u00f3n C\u00e9spedes; Guerrero, Evelyn Salgado Pineda; Guanajuato, Diego Sinhue Rodr\u00edguez Vallejo; Quer\u00e9taro, Mauricio Kuri Gonz\u00e1lez y Durango, Esteban Villegas Villarreal.<\/span><\/p>\n<p>&nbsp;<\/p>\n<p><span data-removefontsize=\"true\" data-originalcomputedfontsize=\"16\">En ese sentido, reconoci\u00f3 que las entidades mexicanas compartimos la coincidencia de que son necesarios cambios para dar m\u00e1s y mejores oportunidades a todos los mexicanos, especialmente a los m\u00e1s pobres y vulnerables.<\/span><\/p>\n<p>&nbsp;<\/p>\n<p><span data-removefontsize=\"true\" data-originalcomputedfontsize=\"16\">En un recuento de su administraci\u00f3n, Vila Dosal se\u00f1al\u00f3 que, en el 2019, cuando despu\u00e9s de un primer a\u00f1o de trabajo Yucat\u00e1n alcanzaba sus mejores momentos, lleg\u00f3 el 2020 con la pandemia por Coronavirus y 3 tormentas tropicales y 2 huracanes que afectaron gravemente al estado y tuvimos que enfrentar los a\u00f1os m\u00e1s dif\u00edciles de nuestra historia reciente.<\/span><\/p>\n<p>&nbsp;<\/p>\n<p><span data-removefontsize=\"true\" data-originalcomputedfontsize=\"16\">\u201cSi bien todo esto hizo que avanz\u00e1ramos m\u00e1s lento, no nos detuvimos. Trabajamos sin descansar para dejar todo eso atr\u00e1s y hoy estamos nuevamente transformando Yucat\u00e1n. Desde los primeros d\u00edas, iniciamos con los cambios que sentar\u00e1n las bases del futuro que queremos y estoy convencido de que la mejor forma, tanto para conseguir buenos resultados como para superar adversidades, es trabajando en equipo\u201d, indic\u00f3 el Gobernador.<\/span><\/p>\n<p>&nbsp;<\/p>\n<p><span data-removefontsize=\"true\" data-originalcomputedfontsize=\"16\">En Yucat\u00e1n, continu\u00f3 Vila Dosal, desde que iniciamos nuestro gobierno, lo hicimos con la convicci\u00f3n de enfrentar juntos esos retos, atender los problemas de las personas y cambiar a nuestro estado con eficiencia, planeaci\u00f3n y modernidad, hacerlo m\u00e1s justo, so\u00f1ar m\u00e1s grande y llegar m\u00e1s lejos. Para eso, nosotros elegimos el camino de la unidad; hacerlo unidos sin ver colores o partidos, porque trabajando juntos tenemos mejores resultados.<\/span><\/p>\n<p>&nbsp;<\/p>\n<p><span data-removefontsize=\"true\" data-originalcomputedfontsize=\"16\">Finalmente, Vila Dosal agradeci\u00f3 el apoyo recibido por su familia, especialmente de su esposa Maru, de sus hijos Alejandrina, Mauricio y Santiago, de su madre y sus hermanos, quienes son su fortaleza para emprender esta tarea. Indic\u00f3 que, como Gobernador, le motiva lo mismo que a las y los mexicanos: construir para nuestros hijos un mejor Yucat\u00e1n y un mejor M\u00e9xico del que nos toc\u00f3 vivir.<\/span><\/p>\n<p>&nbsp;<\/p>\n<p><span data-removefontsize=\"true\" data-originalcomputedfontsize=\"16\">\u201cJuntos hemos sentado las bases que hacen posible un mejor futuro; ahora tenemos que ver que Yucat\u00e1n se siga transformando; que juntos sigamos haciendo los cambios que hagan posible que nuestro estado crezca y se desarrolle; que lo haga con todas y todos, sin dejar a nadie atr\u00e1s; tenemos que seguir trabajando como un solo equipo, para que el cambio se vea y se sienta en cada rinc\u00f3n de Yucat\u00e1n y nada lo pueda detener\u201d, concluy\u00f3 el Gobernador.<\/span><\/p>\n<p>&nbsp;<\/p>\n<p><span data-removefontsize=\"true\" data-originalcomputedfontsize=\"16\">Acompa\u00f1aron tambi\u00e9n al Gobernador los presidentes de los partidos PAN, Marko Cort\u00e9s; PRD, Jes\u00fas Zambrano Grijalva, y Fuerza Por M\u00e9xico, Gerardo Islas Maldonado, as\u00ed como los del Consejo de Administraci\u00f3n de Banco Azteca, Luis Ni\u00f1o de Rivera Lajous, y la Asociaci\u00f3n Bancos de M\u00e9xico, Daniel Becker Feldman. Igual, el coordinador del Programa de Pol\u00edtica Regulatoria para Am\u00e9rica Latina de la OCDE, Manuel Flores Romero, y el presidente Ejecutivo de la Liga MX, Mikel Arriola Pe\u00f1alosa.<\/span><\/p>\n","protected":false},"excerpt":{"rendered":"<p>M\u00e9rida, Yucat\u00e1n, 15 de enero de 2023.- El presente y la realidad del pa\u00eds y nuestros estados demandan que estemos trabajando sin descanso y sin distracciones para construir los cambios que todos queremos. El gobernante que quiera tener futuro pol\u00edtico, primero tiene que dar futuro y resultados a sus ciudadanos, afirm\u00f3 el Gobernador Mauricio Vila [&hellip;]<\/p>\n","protected":false},"author":2,"featured_media":96077,"comment_status":"closed","ping_status":"closed","sticky":false,"template":"","format":"standard","meta":{"footnotes":""},"categories":[3],"tags":[],"class_list":{"0":"post-96076","1":"post","2":"type-post","3":"status-publish","4":"format-standard","5":"has-post-thumbnail","7":"category-yucatan"},"yoast_head":"<!-- This site is optimized with the Yoast SEO plugin v27.5 - https:\/\/yoast.com\/product\/yoast-seo-wordpress\/ -->\n<title>En cuarto informe se destac\u00f3 el crecimiento en materia econ\u00f3mica - Yucat\u00e1n en corto<\/title>\n<meta name=\"robots\" content=\"index, follow, max-snippet:-1, max-image-preview:large, max-video-preview:-1\" \/>\n<link rel=\"canonical\" href=\"https:\/\/www.yucatanencorto.com\/noticias\/en-cuarto-informe-se-destaco-el-crecimiento-en-materia-economica\/\" \/>\n<meta property=\"og:locale\" content=\"es_ES\" \/>\n<meta property=\"og:type\" content=\"article\" \/>\n<meta property=\"og:title\" content=\"En cuarto informe se destac\u00f3 el crecimiento en materia econ\u00f3mica - Yucat\u00e1n en corto\" \/>\n<meta property=\"og:description\" content=\"M\u00e9rida, Yucat\u00e1n, 15 de enero de 2023.- El presente y la realidad del pa\u00eds y nuestros estados demandan que estemos trabajando sin descanso y sin distracciones para construir los cambios que todos queremos. El gobernante que quiera tener futuro pol\u00edtico, primero tiene que dar futuro y resultados a sus ciudadanos, afirm\u00f3 el Gobernador Mauricio Vila [&hellip;]\" \/>\n<meta property=\"og:url\" content=\"https:\/\/www.yucatanencorto.com\/noticias\/en-cuarto-informe-se-destaco-el-crecimiento-en-materia-economica\/\" \/>\n<meta property=\"og:site_name\" content=\"Yucat\u00e1n en corto\" \/>\n<meta property=\"article:publisher\" content=\"http:\/\/www.facebook.com\/yucatanencorto\" \/>\n<meta property=\"article:published_time\" content=\"2023-01-15T20:27:53+00:00\" \/>\n<meta property=\"og:image\" content=\"https:\/\/www.yucatanencorto.com\/noticias\/wp-content\/uploads\/2023\/01\/43AA4551-6756-4A76-9C2A-81EEE95FE473-scaled.jpeg\" \/>\n\t<meta property=\"og:image:width\" content=\"768\" \/>\n\t<meta property=\"og:image:height\" content=\"512\" \/>\n\t<meta property=\"og:image:type\" content=\"image\/jpeg\" \/>\n<meta name=\"author\" content=\"Yucat\u00e1n en Corto FC\" \/>\n<meta name=\"twitter:card\" content=\"summary_large_image\" \/>\n<meta name=\"twitter:creator\" content=\"@yucatanencorto\" \/>\n<meta name=\"twitter:site\" content=\"@yucatanencorto\" \/>\n<meta name=\"twitter:label1\" content=\"Escrito por\" \/>\n\t<meta name=\"twitter:data1\" content=\"Yucat\u00e1n en Corto FC\" \/>\n\t<meta name=\"twitter:label2\" content=\"Tiempo de lectura\" \/>\n\t<meta name=\"twitter:data2\" content=\"6 minutos\" \/>\n<script type=\"application\/ld+json\" class=\"yoast-schema-graph\">{\"@context\":\"https:\\\/\\\/schema.org\",\"@graph\":[{\"@type\":\"Article\",\"@id\":\"https:\\\/\\\/www.yucatanencorto.com\\\/noticias\\\/en-cuarto-informe-se-destaco-el-crecimiento-en-materia-economica\\\/#article\",\"isPartOf\":{\"@id\":\"https:\\\/\\\/www.yucatanencorto.com\\\/noticias\\\/en-cuarto-informe-se-destaco-el-crecimiento-en-materia-economica\\\/\"},\"author\":{\"name\":\"Yucat\u00e1n en Corto FC\",\"@id\":\"https:\\\/\\\/www.yucatanencorto.com\\\/noticias\\\/#\\\/schema\\\/person\\\/14f82d355225a1f4075dd84a31f45a72\"},\"headline\":\"En cuarto informe se destac\u00f3 el crecimiento en materia econ\u00f3mica\",\"datePublished\":\"2023-01-15T20:27:53+00:00\",\"mainEntityOfPage\":{\"@id\":\"https:\\\/\\\/www.yucatanencorto.com\\\/noticias\\\/en-cuarto-informe-se-destaco-el-crecimiento-en-materia-economica\\\/\"},\"wordCount\":1332,\"image\":{\"@id\":\"https:\\\/\\\/www.yucatanencorto.com\\\/noticias\\\/en-cuarto-informe-se-destaco-el-crecimiento-en-materia-economica\\\/#primaryimage\"},\"thumbnailUrl\":\"https:\\\/\\\/www.yucatanencorto.com\\\/noticias\\\/wp-content\\\/uploads\\\/2023\\\/01\\\/43AA4551-6756-4A76-9C2A-81EEE95FE473-scaled.jpeg\",\"articleSection\":[\"Yucat\u00e1n\"],\"inLanguage\":\"es\"},{\"@type\":\"WebPage\",\"@id\":\"https:\\\/\\\/www.yucatanencorto.com\\\/noticias\\\/en-cuarto-informe-se-destaco-el-crecimiento-en-materia-economica\\\/\",\"url\":\"https:\\\/\\\/www.yucatanencorto.com\\\/noticias\\\/en-cuarto-informe-se-destaco-el-crecimiento-en-materia-economica\\\/\",\"name\":\"En cuarto informe se destac\u00f3 el crecimiento en materia econ\u00f3mica - Yucat\u00e1n en corto\",\"isPartOf\":{\"@id\":\"https:\\\/\\\/www.yucatanencorto.com\\\/noticias\\\/#website\"},\"primaryImageOfPage\":{\"@id\":\"https:\\\/\\\/www.yucatanencorto.com\\\/noticias\\\/en-cuarto-informe-se-destaco-el-crecimiento-en-materia-economica\\\/#primaryimage\"},\"image\":{\"@id\":\"https:\\\/\\\/www.yucatanencorto.com\\\/noticias\\\/en-cuarto-informe-se-destaco-el-crecimiento-en-materia-economica\\\/#primaryimage\"},\"thumbnailUrl\":\"https:\\\/\\\/www.yucatanencorto.com\\\/noticias\\\/wp-content\\\/uploads\\\/2023\\\/01\\\/43AA4551-6756-4A76-9C2A-81EEE95FE473-scaled.jpeg\",\"datePublished\":\"2023-01-15T20:27:53+00:00\",\"author\":{\"@id\":\"https:\\\/\\\/www.yucatanencorto.com\\\/noticias\\\/#\\\/schema\\\/person\\\/14f82d355225a1f4075dd84a31f45a72\"},\"breadcrumb\":{\"@id\":\"https:\\\/\\\/www.yucatanencorto.com\\\/noticias\\\/en-cuarto-informe-se-destaco-el-crecimiento-en-materia-economica\\\/#breadcrumb\"},\"inLanguage\":\"es\",\"potentialAction\":[{\"@type\":\"ReadAction\",\"target\":[\"https:\\\/\\\/www.yucatanencorto.com\\\/noticias\\\/en-cuarto-informe-se-destaco-el-crecimiento-en-materia-economica\\\/\"]}]},{\"@type\":\"ImageObject\",\"inLanguage\":\"es\",\"@id\":\"https:\\\/\\\/www.yucatanencorto.com\\\/noticias\\\/en-cuarto-informe-se-destaco-el-crecimiento-en-materia-economica\\\/#primaryimage\",\"url\":\"https:\\\/\\\/www.yucatanencorto.com\\\/noticias\\\/wp-content\\\/uploads\\\/2023\\\/01\\\/43AA4551-6756-4A76-9C2A-81EEE95FE473-scaled.jpeg\",\"contentUrl\":\"https:\\\/\\\/www.yucatanencorto.com\\\/noticias\\\/wp-content\\\/uploads\\\/2023\\\/01\\\/43AA4551-6756-4A76-9C2A-81EEE95FE473-scaled.jpeg\",\"width\":768,\"height\":512},{\"@type\":\"BreadcrumbList\",\"@id\":\"https:\\\/\\\/www.yucatanencorto.com\\\/noticias\\\/en-cuarto-informe-se-destaco-el-crecimiento-en-materia-economica\\\/#breadcrumb\",\"itemListElement\":[{\"@type\":\"ListItem\",\"position\":1,\"name\":\"Portada\",\"item\":\"https:\\\/\\\/www.yucatanencorto.com\\\/noticias\\\/\"},{\"@type\":\"ListItem\",\"position\":2,\"name\":\"En cuarto informe se destac\u00f3 el crecimiento en materia econ\u00f3mica\"}]},{\"@type\":\"WebSite\",\"@id\":\"https:\\\/\\\/www.yucatanencorto.com\\\/noticias\\\/#website\",\"url\":\"https:\\\/\\\/www.yucatanencorto.com\\\/noticias\\\/\",\"name\":\"Yucat\u00e1n en corto\",\"description\":\"Noticias\",\"potentialAction\":[{\"@type\":\"SearchAction\",\"target\":{\"@type\":\"EntryPoint\",\"urlTemplate\":\"https:\\\/\\\/www.yucatanencorto.com\\\/noticias\\\/?s={search_term_string}\"},\"query-input\":{\"@type\":\"PropertyValueSpecification\",\"valueRequired\":true,\"valueName\":\"search_term_string\"}}],\"inLanguage\":\"es\"},{\"@type\":\"Person\",\"@id\":\"https:\\\/\\\/www.yucatanencorto.com\\\/noticias\\\/#\\\/schema\\\/person\\\/14f82d355225a1f4075dd84a31f45a72\",\"name\":\"Yucat\u00e1n en Corto FC\",\"image\":{\"@type\":\"ImageObject\",\"inLanguage\":\"es\",\"@id\":\"https:\\\/\\\/secure.gravatar.com\\\/avatar\\\/147d4b30cd728c53c29c49a3f7834dedca33707f4cd259761355846009a88250?s=96&d=mm&r=g\",\"url\":\"https:\\\/\\\/secure.gravatar.com\\\/avatar\\\/147d4b30cd728c53c29c49a3f7834dedca33707f4cd259761355846009a88250?s=96&d=mm&r=g\",\"contentUrl\":\"https:\\\/\\\/secure.gravatar.com\\\/avatar\\\/147d4b30cd728c53c29c49a3f7834dedca33707f4cd259761355846009a88250?s=96&d=mm&r=g\",\"caption\":\"Yucat\u00e1n en Corto FC\"},\"url\":\"https:\\\/\\\/www.yucatanencorto.com\\\/noticias\\\/author\\\/flor\\\/\"}]}<\/script>\n<!-- \/ Yoast SEO plugin. -->","yoast_head_json":{"title":"En cuarto informe se destac\u00f3 el crecimiento en materia econ\u00f3mica - Yucat\u00e1n en corto","robots":{"index":"index","follow":"follow","max-snippet":"max-snippet:-1","max-image-preview":"max-image-preview:large","max-video-preview":"max-video-preview:-1"},"canonical":"https:\/\/www.yucatanencorto.com\/noticias\/en-cuarto-informe-se-destaco-el-crecimiento-en-materia-economica\/","og_locale":"es_ES","og_type":"article","og_title":"En cuarto informe se destac\u00f3 el crecimiento en materia econ\u00f3mica - Yucat\u00e1n en corto","og_description":"M\u00e9rida, Yucat\u00e1n, 15 de enero de 2023.- El presente y la realidad del pa\u00eds y nuestros estados demandan que estemos trabajando sin descanso y sin distracciones para construir los cambios que todos queremos. El gobernante que quiera tener futuro pol\u00edtico, primero tiene que dar futuro y resultados a sus ciudadanos, afirm\u00f3 el Gobernador Mauricio Vila [&hellip;]","og_url":"https:\/\/www.yucatanencorto.com\/noticias\/en-cuarto-informe-se-destaco-el-crecimiento-en-materia-economica\/","og_site_name":"Yucat\u00e1n en corto","article_publisher":"http:\/\/www.facebook.com\/yucatanencorto","article_published_time":"2023-01-15T20:27:53+00:00","og_image":[{"width":768,"height":512,"url":"https:\/\/www.yucatanencorto.com\/noticias\/wp-content\/uploads\/2023\/01\/43AA4551-6756-4A76-9C2A-81EEE95FE473-scaled.jpeg","type":"image\/jpeg"}],"author":"Yucat\u00e1n en Corto FC","twitter_card":"summary_large_image","twitter_creator":"@yucatanencorto","twitter_site":"@yucatanencorto","twitter_misc":{"Escrito por":"Yucat\u00e1n en Corto FC","Tiempo de lectura":"6 minutos"},"schema":{"@context":"https:\/\/schema.org","@graph":[{"@type":"Article","@id":"https:\/\/www.yucatanencorto.com\/noticias\/en-cuarto-informe-se-destaco-el-crecimiento-en-materia-economica\/#article","isPartOf":{"@id":"https:\/\/www.yucatanencorto.com\/noticias\/en-cuarto-informe-se-destaco-el-crecimiento-en-materia-economica\/"},"author":{"name":"Yucat\u00e1n en Corto FC","@id":"https:\/\/www.yucatanencorto.com\/noticias\/#\/schema\/person\/14f82d355225a1f4075dd84a31f45a72"},"headline":"En cuarto informe se destac\u00f3 el crecimiento en materia econ\u00f3mica","datePublished":"2023-01-15T20:27:53+00:00","mainEntityOfPage":{"@id":"https:\/\/www.yucatanencorto.com\/noticias\/en-cuarto-informe-se-destaco-el-crecimiento-en-materia-economica\/"},"wordCount":1332,"image":{"@id":"https:\/\/www.yucatanencorto.com\/noticias\/en-cuarto-informe-se-destaco-el-crecimiento-en-materia-economica\/#primaryimage"},"thumbnailUrl":"https:\/\/www.yucatanencorto.com\/noticias\/wp-content\/uploads\/2023\/01\/43AA4551-6756-4A76-9C2A-81EEE95FE473-scaled.jpeg","articleSection":["Yucat\u00e1n"],"inLanguage":"es"},{"@type":"WebPage","@id":"https:\/\/www.yucatanencorto.com\/noticias\/en-cuarto-informe-se-destaco-el-crecimiento-en-materia-economica\/","url":"https:\/\/www.yucatanencorto.com\/noticias\/en-cuarto-informe-se-destaco-el-crecimiento-en-materia-economica\/","name":"En cuarto informe se destac\u00f3 el crecimiento en materia econ\u00f3mica - Yucat\u00e1n en corto","isPartOf":{"@id":"https:\/\/www.yucatanencorto.com\/noticias\/#website"},"primaryImageOfPage":{"@id":"https:\/\/www.yucatanencorto.com\/noticias\/en-cuarto-informe-se-destaco-el-crecimiento-en-materia-economica\/#primaryimage"},"image":{"@id":"https:\/\/www.yucatanencorto.com\/noticias\/en-cuarto-informe-se-destaco-el-crecimiento-en-materia-economica\/#primaryimage"},"thumbnailUrl":"https:\/\/www.yucatanencorto.com\/noticias\/wp-content\/uploads\/2023\/01\/43AA4551-6756-4A76-9C2A-81EEE95FE473-scaled.jpeg","datePublished":"2023-01-15T20:27:53+00:00","author":{"@id":"https:\/\/www.yucatanencorto.com\/noticias\/#\/schema\/person\/14f82d355225a1f4075dd84a31f45a72"},"breadcrumb":{"@id":"https:\/\/www.yucatanencorto.com\/noticias\/en-cuarto-informe-se-destaco-el-crecimiento-en-materia-economica\/#breadcrumb"},"inLanguage":"es","potentialAction":[{"@type":"ReadAction","target":["https:\/\/www.yucatanencorto.com\/noticias\/en-cuarto-informe-se-destaco-el-crecimiento-en-materia-economica\/"]}]},{"@type":"ImageObject","inLanguage":"es","@id":"https:\/\/www.yucatanencorto.com\/noticias\/en-cuarto-informe-se-destaco-el-crecimiento-en-materia-economica\/#primaryimage","url":"https:\/\/www.yucatanencorto.com\/noticias\/wp-content\/uploads\/2023\/01\/43AA4551-6756-4A76-9C2A-81EEE95FE473-scaled.jpeg","contentUrl":"https:\/\/www.yucatanencorto.com\/noticias\/wp-content\/uploads\/2023\/01\/43AA4551-6756-4A76-9C2A-81EEE95FE473-scaled.jpeg","width":768,"height":512},{"@type":"BreadcrumbList","@id":"https:\/\/www.yucatanencorto.com\/noticias\/en-cuarto-informe-se-destaco-el-crecimiento-en-materia-economica\/#breadcrumb","itemListElement":[{"@type":"ListItem","position":1,"name":"Portada","item":"https:\/\/www.yucatanencorto.com\/noticias\/"},{"@type":"ListItem","position":2,"name":"En cuarto informe se destac\u00f3 el crecimiento en materia econ\u00f3mica"}]},{"@type":"WebSite","@id":"https:\/\/www.yucatanencorto.com\/noticias\/#website","url":"https:\/\/www.yucatanencorto.com\/noticias\/","name":"Yucat\u00e1n en corto","description":"Noticias","potentialAction":[{"@type":"SearchAction","target":{"@type":"EntryPoint","urlTemplate":"https:\/\/www.yucatanencorto.com\/noticias\/?s={search_term_string}"},"query-input":{"@type":"PropertyValueSpecification","valueRequired":true,"valueName":"search_term_string"}}],"inLanguage":"es"},{"@type":"Person","@id":"https:\/\/www.yucatanencorto.com\/noticias\/#\/schema\/person\/14f82d355225a1f4075dd84a31f45a72","name":"Yucat\u00e1n en Corto FC","image":{"@type":"ImageObject","inLanguage":"es","@id":"https:\/\/secure.gravatar.com\/avatar\/147d4b30cd728c53c29c49a3f7834dedca33707f4cd259761355846009a88250?s=96&d=mm&r=g","url":"https:\/\/secure.gravatar.com\/avatar\/147d4b30cd728c53c29c49a3f7834dedca33707f4cd259761355846009a88250?s=96&d=mm&r=g","contentUrl":"https:\/\/secure.gravatar.com\/avatar\/147d4b30cd728c53c29c49a3f7834dedca33707f4cd259761355846009a88250?s=96&d=mm&r=g","caption":"Yucat\u00e1n en Corto FC"},"url":"https:\/\/www.yucatanencorto.com\/noticias\/author\/flor\/"}]}},"_links":{"self":[{"href":"https:\/\/www.yucatanencorto.com\/noticias\/wp-json\/wp\/v2\/posts\/96076","targetHints":{"allow":["GET"]}}],"collection":[{"href":"https:\/\/www.yucatanencorto.com\/noticias\/wp-json\/wp\/v2\/posts"}],"about":[{"href":"https:\/\/www.yucatanencorto.com\/noticias\/wp-json\/wp\/v2\/types\/post"}],"author":[{"embeddable":true,"href":"https:\/\/www.yucatanencorto.com\/noticias\/wp-json\/wp\/v2\/users\/2"}],"replies":[{"embeddable":true,"href":"https:\/\/www.yucatanencorto.com\/noticias\/wp-json\/wp\/v2\/comments?post=96076"}],"version-history":[{"count":0,"href":"https:\/\/www.yucatanencorto.com\/noticias\/wp-json\/wp\/v2\/posts\/96076\/revisions"}],"wp:featuredmedia":[{"embeddable":true,"href":"https:\/\/www.yucatanencorto.com\/noticias\/wp-json\/wp\/v2\/media\/96077"}],"wp:attachment":[{"href":"https:\/\/www.yucatanencorto.com\/noticias\/wp-json\/wp\/v2\/media?parent=96076"}],"wp:term":[{"taxonomy":"category","embeddable":true,"href":"https:\/\/www.yucatanencorto.com\/noticias\/wp-json\/wp\/v2\/categories?post=96076"},{"taxonomy":"post_tag","embeddable":true,"href":"https:\/\/www.yucatanencorto.com\/noticias\/wp-json\/wp\/v2\/tags?post=96076"}],"curies":[{"name":"wp","href":"https:\/\/api.w.org\/{rel}","templated":true}]}}