{"id":96079,"date":"2023-01-15T15:56:29","date_gmt":"2023-01-15T21:56:29","guid":{"rendered":"https:\/\/www.yucatanencorto.com\/noticias\/?p=96079"},"modified":"2023-01-15T15:56:29","modified_gmt":"2023-01-15T21:56:29","slug":"merida-ya-cuenta-con-mas-guardaparques","status":"publish","type":"post","link":"https:\/\/www.yucatanencorto.com\/noticias\/merida-ya-cuenta-con-mas-guardaparques\/","title":{"rendered":"M\u00e9rida ya cuenta con m\u00e1s guardaparques"},"content":{"rendered":"<p><img loading=\"lazy\" decoding=\"async\" class=\"alignnone size-full wp-image-96080\" src=\"https:\/\/www.yucatanencorto.com\/noticias\/wp-content\/uploads\/2023\/01\/8B312754-45D0-4879-970A-92CF4CF89537-scaled.jpeg\" alt=\"\" width=\"768\" height=\"512\" srcset=\"https:\/\/www.yucatanencorto.com\/noticias\/wp-content\/uploads\/2023\/01\/8B312754-45D0-4879-970A-92CF4CF89537-scaled.jpeg 768w, https:\/\/www.yucatanencorto.com\/noticias\/wp-content\/uploads\/2023\/01\/8B312754-45D0-4879-970A-92CF4CF89537-696x464.jpeg 696w, https:\/\/www.yucatanencorto.com\/noticias\/wp-content\/uploads\/2023\/01\/8B312754-45D0-4879-970A-92CF4CF89537-1068x712.jpeg 1068w, https:\/\/www.yucatanencorto.com\/noticias\/wp-content\/uploads\/2023\/01\/8B312754-45D0-4879-970A-92CF4CF89537-630x420.jpeg 630w\" sizes=\"auto, (max-width: 768px) 100vw, 768px\" \/><\/p>\n<p>M\u00e9rida, Yucat\u00e1n a 15 de enero-. A fin de garantizar un entorno con mayor seguridad para el desarrollo arm\u00f3nico de actividades recreativas y deportivas de las familias que visitan los parques de la ciudad, el Ayuntamiento de Merida ampliar\u00e1 el n\u00famero de guardaparques para reforzar la vigilancia y la cobertura en 25 de estos espacios p\u00fablicos, inform\u00f3 el alcalde Ren\u00e1n Barrera Concha.<br \/>\nAgreg\u00f3 que actualmente 112 elementos se encuentran realizando labores de vigilancia en 52 parques de la ciudad, especialmente en los ubicados en las colonias del suroriente, surponiente y el centro de M\u00e9rida, donde se ha detectado que se requiere de este servicio.<br \/>\nPreciso que, por ese motivo, este a\u00f1o se ampliar\u00e1 la cobertura a 25 parques m\u00e1s, por lo que en total se tendr\u00e1 presencia en 77 parques de M\u00e9rida.<br \/>\n\u201cEl trabajo de los guardaparques no s\u00f3lo consiste en brindar un ambiente de seguridad a las personas que acuden a los parques a disfrutar de estos espacios, tambi\u00e9n son los ojos del Ayuntamiento, ya que para hacer m\u00e1s eficientes los servicios p\u00fablicos, reportan l\u00e1mparas fallando o juegos infantiles que requieren de alg\u00fan arreglo. Ese tambi\u00e9n es parte de su labor\u201d, indic\u00f3.<br \/>\nDestac\u00f3 que los 50 nuevos elementos, cuya convocatoria se dar\u00e1 a conocer a m\u00e1s tardar en febrero pr\u00f3ximo, reforzar\u00e1n la seguridad de parques como la Serapio Rend\u00f3n, o la Madero, por mencionar algunos, as\u00ed como del centro de la ciudad, en donde se han reportado por ejemplo, el robo de objetos que la gente descuida por hacer sus actividades, el consumo de sustancias ilegales por parte de j\u00f3venes o la ingesta de alcohol, que ya se ha logrado erradicar en los parques en los que se encuentran los guardaparques.<br \/>\nMencion\u00f3 que tambi\u00e9n se reforzar\u00e1 la seguridad en los parques que tienen mucha afluencia, como la Alem\u00e1n y el Parque de las Am\u00e9ricas, para brindar una atenci\u00f3n m\u00e1s eficiente a los visitantes.<br \/>\n\u201cEn los parques del norte continuaremos con la misma log\u00edstica, que es movernos de uno a otro, como es el caso de el Boxito Kalia y el Tabenta, as\u00ed como tambi\u00e9n, de mantener la presencia permanente en parques de Montes de Am\u00e9 o San Juanistas, entre otros\u201d, coment\u00f3.<br \/>\nPor su parte, el Secretario T\u00e9cnico de Guardaparques, Benjamin Millet Molina, aclar\u00f3 que, aunque el trabajo de esta \u00e1rea consiste en proporcionar seguridad a los usuarios de los parques, los guardaparques no pueden realizar ning\u00fan arresto, por lo que trabajan de manera coordinada con la Secretar\u00eda de Seguridad P\u00fablica para atender cualquier caso que pudiera suscitarse.<br \/>\nMillet Molina destac\u00f3 que el Alcalde Ren\u00e1n Barrera ha puesto su mayor empe\u00f1o para que el proyecto de los guardaparques ofrezca un servicio eficiente a las y los ciudadanos, raz\u00f3n por la cual, los elementos tienen un gran compromiso con la ciudad.<br \/>\n\u201cHemos tenido muy buena respuesta de la gente hacia nuestro trabajo y por lo mismo, continuaremos creciendo para brindar un mejor servicio\u201d, concluy\u00f3.<\/p>\n","protected":false},"excerpt":{"rendered":"<p>M\u00e9rida, Yucat\u00e1n a 15 de enero-. A fin de garantizar un entorno con mayor seguridad para el desarrollo arm\u00f3nico de actividades recreativas y deportivas de las familias que visitan los parques de la ciudad, el Ayuntamiento de Merida ampliar\u00e1 el n\u00famero de guardaparques para reforzar la vigilancia y la cobertura en 25 de estos espacios [&hellip;]<\/p>\n","protected":false},"author":2,"featured_media":96080,"comment_status":"closed","ping_status":"closed","sticky":false,"template":"","format":"standard","meta":{"footnotes":""},"categories":[2],"tags":[],"class_list":{"0":"post-96079","1":"post","2":"type-post","3":"status-publish","4":"format-standard","5":"has-post-thumbnail","7":"category-merida"},"yoast_head":"<!-- This site is optimized with the Yoast SEO plugin v27.5 - https:\/\/yoast.com\/product\/yoast-seo-wordpress\/ -->\n<title>M\u00e9rida ya cuenta con m\u00e1s guardaparques - Yucat\u00e1n en corto<\/title>\n<meta name=\"robots\" content=\"index, follow, max-snippet:-1, max-image-preview:large, max-video-preview:-1\" \/>\n<link rel=\"canonical\" href=\"https:\/\/www.yucatanencorto.com\/noticias\/merida-ya-cuenta-con-mas-guardaparques\/\" \/>\n<meta property=\"og:locale\" content=\"es_ES\" \/>\n<meta property=\"og:type\" content=\"article\" \/>\n<meta property=\"og:title\" content=\"M\u00e9rida ya cuenta con m\u00e1s guardaparques - Yucat\u00e1n en corto\" \/>\n<meta property=\"og:description\" content=\"M\u00e9rida, Yucat\u00e1n a 15 de enero-. A fin de garantizar un entorno con mayor seguridad para el desarrollo arm\u00f3nico de actividades recreativas y deportivas de las familias que visitan los parques de la ciudad, el Ayuntamiento de Merida ampliar\u00e1 el n\u00famero de guardaparques para reforzar la vigilancia y la cobertura en 25 de estos espacios [&hellip;]\" \/>\n<meta property=\"og:url\" content=\"https:\/\/www.yucatanencorto.com\/noticias\/merida-ya-cuenta-con-mas-guardaparques\/\" \/>\n<meta property=\"og:site_name\" content=\"Yucat\u00e1n en corto\" \/>\n<meta property=\"article:publisher\" content=\"http:\/\/www.facebook.com\/yucatanencorto\" \/>\n<meta property=\"article:published_time\" content=\"2023-01-15T21:56:29+00:00\" \/>\n<meta property=\"og:image\" content=\"https:\/\/www.yucatanencorto.com\/noticias\/wp-content\/uploads\/2023\/01\/8B312754-45D0-4879-970A-92CF4CF89537-scaled.jpeg\" \/>\n\t<meta property=\"og:image:width\" content=\"768\" \/>\n\t<meta property=\"og:image:height\" content=\"512\" \/>\n\t<meta property=\"og:image:type\" content=\"image\/jpeg\" \/>\n<meta name=\"author\" content=\"Yucat\u00e1n en Corto FC\" \/>\n<meta name=\"twitter:card\" content=\"summary_large_image\" \/>\n<meta name=\"twitter:creator\" content=\"@yucatanencorto\" \/>\n<meta name=\"twitter:site\" content=\"@yucatanencorto\" \/>\n<meta name=\"twitter:label1\" content=\"Escrito por\" \/>\n\t<meta name=\"twitter:data1\" content=\"Yucat\u00e1n en Corto FC\" \/>\n\t<meta name=\"twitter:label2\" content=\"Tiempo de lectura\" \/>\n\t<meta name=\"twitter:data2\" content=\"3 minutos\" \/>\n<script type=\"application\/ld+json\" class=\"yoast-schema-graph\">{\"@context\":\"https:\\\/\\\/schema.org\",\"@graph\":[{\"@type\":\"Article\",\"@id\":\"https:\\\/\\\/www.yucatanencorto.com\\\/noticias\\\/merida-ya-cuenta-con-mas-guardaparques\\\/#article\",\"isPartOf\":{\"@id\":\"https:\\\/\\\/www.yucatanencorto.com\\\/noticias\\\/merida-ya-cuenta-con-mas-guardaparques\\\/\"},\"author\":{\"name\":\"Yucat\u00e1n en Corto FC\",\"@id\":\"https:\\\/\\\/www.yucatanencorto.com\\\/noticias\\\/#\\\/schema\\\/person\\\/14f82d355225a1f4075dd84a31f45a72\"},\"headline\":\"M\u00e9rida ya cuenta con m\u00e1s guardaparques\",\"datePublished\":\"2023-01-15T21:56:29+00:00\",\"mainEntityOfPage\":{\"@id\":\"https:\\\/\\\/www.yucatanencorto.com\\\/noticias\\\/merida-ya-cuenta-con-mas-guardaparques\\\/\"},\"wordCount\":520,\"image\":{\"@id\":\"https:\\\/\\\/www.yucatanencorto.com\\\/noticias\\\/merida-ya-cuenta-con-mas-guardaparques\\\/#primaryimage\"},\"thumbnailUrl\":\"https:\\\/\\\/www.yucatanencorto.com\\\/noticias\\\/wp-content\\\/uploads\\\/2023\\\/01\\\/8B312754-45D0-4879-970A-92CF4CF89537-scaled.jpeg\",\"articleSection\":[\"M\u00e9rida\"],\"inLanguage\":\"es\"},{\"@type\":\"WebPage\",\"@id\":\"https:\\\/\\\/www.yucatanencorto.com\\\/noticias\\\/merida-ya-cuenta-con-mas-guardaparques\\\/\",\"url\":\"https:\\\/\\\/www.yucatanencorto.com\\\/noticias\\\/merida-ya-cuenta-con-mas-guardaparques\\\/\",\"name\":\"M\u00e9rida ya cuenta con m\u00e1s guardaparques - Yucat\u00e1n en corto\",\"isPartOf\":{\"@id\":\"https:\\\/\\\/www.yucatanencorto.com\\\/noticias\\\/#website\"},\"primaryImageOfPage\":{\"@id\":\"https:\\\/\\\/www.yucatanencorto.com\\\/noticias\\\/merida-ya-cuenta-con-mas-guardaparques\\\/#primaryimage\"},\"image\":{\"@id\":\"https:\\\/\\\/www.yucatanencorto.com\\\/noticias\\\/merida-ya-cuenta-con-mas-guardaparques\\\/#primaryimage\"},\"thumbnailUrl\":\"https:\\\/\\\/www.yucatanencorto.com\\\/noticias\\\/wp-content\\\/uploads\\\/2023\\\/01\\\/8B312754-45D0-4879-970A-92CF4CF89537-scaled.jpeg\",\"datePublished\":\"2023-01-15T21:56:29+00:00\",\"author\":{\"@id\":\"https:\\\/\\\/www.yucatanencorto.com\\\/noticias\\\/#\\\/schema\\\/person\\\/14f82d355225a1f4075dd84a31f45a72\"},\"breadcrumb\":{\"@id\":\"https:\\\/\\\/www.yucatanencorto.com\\\/noticias\\\/merida-ya-cuenta-con-mas-guardaparques\\\/#breadcrumb\"},\"inLanguage\":\"es\",\"potentialAction\":[{\"@type\":\"ReadAction\",\"target\":[\"https:\\\/\\\/www.yucatanencorto.com\\\/noticias\\\/merida-ya-cuenta-con-mas-guardaparques\\\/\"]}]},{\"@type\":\"ImageObject\",\"inLanguage\":\"es\",\"@id\":\"https:\\\/\\\/www.yucatanencorto.com\\\/noticias\\\/merida-ya-cuenta-con-mas-guardaparques\\\/#primaryimage\",\"url\":\"https:\\\/\\\/www.yucatanencorto.com\\\/noticias\\\/wp-content\\\/uploads\\\/2023\\\/01\\\/8B312754-45D0-4879-970A-92CF4CF89537-scaled.jpeg\",\"contentUrl\":\"https:\\\/\\\/www.yucatanencorto.com\\\/noticias\\\/wp-content\\\/uploads\\\/2023\\\/01\\\/8B312754-45D0-4879-970A-92CF4CF89537-scaled.jpeg\",\"width\":768,\"height\":512},{\"@type\":\"BreadcrumbList\",\"@id\":\"https:\\\/\\\/www.yucatanencorto.com\\\/noticias\\\/merida-ya-cuenta-con-mas-guardaparques\\\/#breadcrumb\",\"itemListElement\":[{\"@type\":\"ListItem\",\"position\":1,\"name\":\"Portada\",\"item\":\"https:\\\/\\\/www.yucatanencorto.com\\\/noticias\\\/\"},{\"@type\":\"ListItem\",\"position\":2,\"name\":\"M\u00e9rida ya cuenta con m\u00e1s guardaparques\"}]},{\"@type\":\"WebSite\",\"@id\":\"https:\\\/\\\/www.yucatanencorto.com\\\/noticias\\\/#website\",\"url\":\"https:\\\/\\\/www.yucatanencorto.com\\\/noticias\\\/\",\"name\":\"Yucat\u00e1n en corto\",\"description\":\"Noticias\",\"potentialAction\":[{\"@type\":\"SearchAction\",\"target\":{\"@type\":\"EntryPoint\",\"urlTemplate\":\"https:\\\/\\\/www.yucatanencorto.com\\\/noticias\\\/?s={search_term_string}\"},\"query-input\":{\"@type\":\"PropertyValueSpecification\",\"valueRequired\":true,\"valueName\":\"search_term_string\"}}],\"inLanguage\":\"es\"},{\"@type\":\"Person\",\"@id\":\"https:\\\/\\\/www.yucatanencorto.com\\\/noticias\\\/#\\\/schema\\\/person\\\/14f82d355225a1f4075dd84a31f45a72\",\"name\":\"Yucat\u00e1n en Corto FC\",\"image\":{\"@type\":\"ImageObject\",\"inLanguage\":\"es\",\"@id\":\"https:\\\/\\\/secure.gravatar.com\\\/avatar\\\/147d4b30cd728c53c29c49a3f7834dedca33707f4cd259761355846009a88250?s=96&d=mm&r=g\",\"url\":\"https:\\\/\\\/secure.gravatar.com\\\/avatar\\\/147d4b30cd728c53c29c49a3f7834dedca33707f4cd259761355846009a88250?s=96&d=mm&r=g\",\"contentUrl\":\"https:\\\/\\\/secure.gravatar.com\\\/avatar\\\/147d4b30cd728c53c29c49a3f7834dedca33707f4cd259761355846009a88250?s=96&d=mm&r=g\",\"caption\":\"Yucat\u00e1n en Corto FC\"},\"url\":\"https:\\\/\\\/www.yucatanencorto.com\\\/noticias\\\/author\\\/flor\\\/\"}]}<\/script>\n<!-- \/ Yoast SEO plugin. -->","yoast_head_json":{"title":"M\u00e9rida ya cuenta con m\u00e1s guardaparques - Yucat\u00e1n en corto","robots":{"index":"index","follow":"follow","max-snippet":"max-snippet:-1","max-image-preview":"max-image-preview:large","max-video-preview":"max-video-preview:-1"},"canonical":"https:\/\/www.yucatanencorto.com\/noticias\/merida-ya-cuenta-con-mas-guardaparques\/","og_locale":"es_ES","og_type":"article","og_title":"M\u00e9rida ya cuenta con m\u00e1s guardaparques - Yucat\u00e1n en corto","og_description":"M\u00e9rida, Yucat\u00e1n a 15 de enero-. A fin de garantizar un entorno con mayor seguridad para el desarrollo arm\u00f3nico de actividades recreativas y deportivas de las familias que visitan los parques de la ciudad, el Ayuntamiento de Merida ampliar\u00e1 el n\u00famero de guardaparques para reforzar la vigilancia y la cobertura en 25 de estos espacios [&hellip;]","og_url":"https:\/\/www.yucatanencorto.com\/noticias\/merida-ya-cuenta-con-mas-guardaparques\/","og_site_name":"Yucat\u00e1n en corto","article_publisher":"http:\/\/www.facebook.com\/yucatanencorto","article_published_time":"2023-01-15T21:56:29+00:00","og_image":[{"width":768,"height":512,"url":"https:\/\/www.yucatanencorto.com\/noticias\/wp-content\/uploads\/2023\/01\/8B312754-45D0-4879-970A-92CF4CF89537-scaled.jpeg","type":"image\/jpeg"}],"author":"Yucat\u00e1n en Corto FC","twitter_card":"summary_large_image","twitter_creator":"@yucatanencorto","twitter_site":"@yucatanencorto","twitter_misc":{"Escrito por":"Yucat\u00e1n en Corto FC","Tiempo de lectura":"3 minutos"},"schema":{"@context":"https:\/\/schema.org","@graph":[{"@type":"Article","@id":"https:\/\/www.yucatanencorto.com\/noticias\/merida-ya-cuenta-con-mas-guardaparques\/#article","isPartOf":{"@id":"https:\/\/www.yucatanencorto.com\/noticias\/merida-ya-cuenta-con-mas-guardaparques\/"},"author":{"name":"Yucat\u00e1n en Corto FC","@id":"https:\/\/www.yucatanencorto.com\/noticias\/#\/schema\/person\/14f82d355225a1f4075dd84a31f45a72"},"headline":"M\u00e9rida ya cuenta con m\u00e1s guardaparques","datePublished":"2023-01-15T21:56:29+00:00","mainEntityOfPage":{"@id":"https:\/\/www.yucatanencorto.com\/noticias\/merida-ya-cuenta-con-mas-guardaparques\/"},"wordCount":520,"image":{"@id":"https:\/\/www.yucatanencorto.com\/noticias\/merida-ya-cuenta-con-mas-guardaparques\/#primaryimage"},"thumbnailUrl":"https:\/\/www.yucatanencorto.com\/noticias\/wp-content\/uploads\/2023\/01\/8B312754-45D0-4879-970A-92CF4CF89537-scaled.jpeg","articleSection":["M\u00e9rida"],"inLanguage":"es"},{"@type":"WebPage","@id":"https:\/\/www.yucatanencorto.com\/noticias\/merida-ya-cuenta-con-mas-guardaparques\/","url":"https:\/\/www.yucatanencorto.com\/noticias\/merida-ya-cuenta-con-mas-guardaparques\/","name":"M\u00e9rida ya cuenta con m\u00e1s guardaparques - Yucat\u00e1n en corto","isPartOf":{"@id":"https:\/\/www.yucatanencorto.com\/noticias\/#website"},"primaryImageOfPage":{"@id":"https:\/\/www.yucatanencorto.com\/noticias\/merida-ya-cuenta-con-mas-guardaparques\/#primaryimage"},"image":{"@id":"https:\/\/www.yucatanencorto.com\/noticias\/merida-ya-cuenta-con-mas-guardaparques\/#primaryimage"},"thumbnailUrl":"https:\/\/www.yucatanencorto.com\/noticias\/wp-content\/uploads\/2023\/01\/8B312754-45D0-4879-970A-92CF4CF89537-scaled.jpeg","datePublished":"2023-01-15T21:56:29+00:00","author":{"@id":"https:\/\/www.yucatanencorto.com\/noticias\/#\/schema\/person\/14f82d355225a1f4075dd84a31f45a72"},"breadcrumb":{"@id":"https:\/\/www.yucatanencorto.com\/noticias\/merida-ya-cuenta-con-mas-guardaparques\/#breadcrumb"},"inLanguage":"es","potentialAction":[{"@type":"ReadAction","target":["https:\/\/www.yucatanencorto.com\/noticias\/merida-ya-cuenta-con-mas-guardaparques\/"]}]},{"@type":"ImageObject","inLanguage":"es","@id":"https:\/\/www.yucatanencorto.com\/noticias\/merida-ya-cuenta-con-mas-guardaparques\/#primaryimage","url":"https:\/\/www.yucatanencorto.com\/noticias\/wp-content\/uploads\/2023\/01\/8B312754-45D0-4879-970A-92CF4CF89537-scaled.jpeg","contentUrl":"https:\/\/www.yucatanencorto.com\/noticias\/wp-content\/uploads\/2023\/01\/8B312754-45D0-4879-970A-92CF4CF89537-scaled.jpeg","width":768,"height":512},{"@type":"BreadcrumbList","@id":"https:\/\/www.yucatanencorto.com\/noticias\/merida-ya-cuenta-con-mas-guardaparques\/#breadcrumb","itemListElement":[{"@type":"ListItem","position":1,"name":"Portada","item":"https:\/\/www.yucatanencorto.com\/noticias\/"},{"@type":"ListItem","position":2,"name":"M\u00e9rida ya cuenta con m\u00e1s guardaparques"}]},{"@type":"WebSite","@id":"https:\/\/www.yucatanencorto.com\/noticias\/#website","url":"https:\/\/www.yucatanencorto.com\/noticias\/","name":"Yucat\u00e1n en corto","description":"Noticias","potentialAction":[{"@type":"SearchAction","target":{"@type":"EntryPoint","urlTemplate":"https:\/\/www.yucatanencorto.com\/noticias\/?s={search_term_string}"},"query-input":{"@type":"PropertyValueSpecification","valueRequired":true,"valueName":"search_term_string"}}],"inLanguage":"es"},{"@type":"Person","@id":"https:\/\/www.yucatanencorto.com\/noticias\/#\/schema\/person\/14f82d355225a1f4075dd84a31f45a72","name":"Yucat\u00e1n en Corto FC","image":{"@type":"ImageObject","inLanguage":"es","@id":"https:\/\/secure.gravatar.com\/avatar\/147d4b30cd728c53c29c49a3f7834dedca33707f4cd259761355846009a88250?s=96&d=mm&r=g","url":"https:\/\/secure.gravatar.com\/avatar\/147d4b30cd728c53c29c49a3f7834dedca33707f4cd259761355846009a88250?s=96&d=mm&r=g","contentUrl":"https:\/\/secure.gravatar.com\/avatar\/147d4b30cd728c53c29c49a3f7834dedca33707f4cd259761355846009a88250?s=96&d=mm&r=g","caption":"Yucat\u00e1n en Corto FC"},"url":"https:\/\/www.yucatanencorto.com\/noticias\/author\/flor\/"}]}},"_links":{"self":[{"href":"https:\/\/www.yucatanencorto.com\/noticias\/wp-json\/wp\/v2\/posts\/96079","targetHints":{"allow":["GET"]}}],"collection":[{"href":"https:\/\/www.yucatanencorto.com\/noticias\/wp-json\/wp\/v2\/posts"}],"about":[{"href":"https:\/\/www.yucatanencorto.com\/noticias\/wp-json\/wp\/v2\/types\/post"}],"author":[{"embeddable":true,"href":"https:\/\/www.yucatanencorto.com\/noticias\/wp-json\/wp\/v2\/users\/2"}],"replies":[{"embeddable":true,"href":"https:\/\/www.yucatanencorto.com\/noticias\/wp-json\/wp\/v2\/comments?post=96079"}],"version-history":[{"count":0,"href":"https:\/\/www.yucatanencorto.com\/noticias\/wp-json\/wp\/v2\/posts\/96079\/revisions"}],"wp:featuredmedia":[{"embeddable":true,"href":"https:\/\/www.yucatanencorto.com\/noticias\/wp-json\/wp\/v2\/media\/96080"}],"wp:attachment":[{"href":"https:\/\/www.yucatanencorto.com\/noticias\/wp-json\/wp\/v2\/media?parent=96079"}],"wp:term":[{"taxonomy":"category","embeddable":true,"href":"https:\/\/www.yucatanencorto.com\/noticias\/wp-json\/wp\/v2\/categories?post=96079"},{"taxonomy":"post_tag","embeddable":true,"href":"https:\/\/www.yucatanencorto.com\/noticias\/wp-json\/wp\/v2\/tags?post=96079"}],"curies":[{"name":"wp","href":"https:\/\/api.w.org\/{rel}","templated":true}]}}