{"id":96087,"date":"2023-01-16T12:45:11","date_gmt":"2023-01-16T18:45:11","guid":{"rendered":"https:\/\/www.yucatanencorto.com\/noticias\/?p=96087"},"modified":"2023-01-16T12:45:11","modified_gmt":"2023-01-16T18:45:11","slug":"vila-asiste-a-la-ceremonia-de-cambio-de-mando-de-la-32-zona-militar","status":"publish","type":"post","link":"https:\/\/www.yucatanencorto.com\/noticias\/vila-asiste-a-la-ceremonia-de-cambio-de-mando-de-la-32-zona-militar\/","title":{"rendered":"Vila asiste a la ceremonia de cambio de mando de la 32 Zona Militar"},"content":{"rendered":"<p><img loading=\"lazy\" decoding=\"async\" class=\"alignnone size-full wp-image-96088\" src=\"https:\/\/www.yucatanencorto.com\/noticias\/wp-content\/uploads\/2023\/01\/WhatsApp-Image-2023-01-16-at-12.37.03-PM-scaled.jpeg\" alt=\"\" width=\"768\" height=\"476\" srcset=\"https:\/\/www.yucatanencorto.com\/noticias\/wp-content\/uploads\/2023\/01\/WhatsApp-Image-2023-01-16-at-12.37.03-PM-scaled.jpeg 768w, https:\/\/www.yucatanencorto.com\/noticias\/wp-content\/uploads\/2023\/01\/WhatsApp-Image-2023-01-16-at-12.37.03-PM-696x431.jpeg 696w, https:\/\/www.yucatanencorto.com\/noticias\/wp-content\/uploads\/2023\/01\/WhatsApp-Image-2023-01-16-at-12.37.03-PM-1068x662.jpeg 1068w, https:\/\/www.yucatanencorto.com\/noticias\/wp-content\/uploads\/2023\/01\/WhatsApp-Image-2023-01-16-at-12.37.03-PM-678x420.jpeg 678w, https:\/\/www.yucatanencorto.com\/noticias\/wp-content\/uploads\/2023\/01\/WhatsApp-Image-2023-01-16-at-12.37.03-PM-356x220.jpeg 356w\" sizes=\"auto, (max-width: 768px) 100vw, 768px\" \/>M\u00e9rida, Yucat\u00e1n, 16 de enero de 2023.- El Gobernador Mauricio Vila Dosal asisti\u00f3 a la ceremonia de cambio de mando de la 32 Zona Militar, con sede en Valladolid, donde el General de Brigada Federico Eduardo Sol\u00f3rzano Barrag\u00e1n, rindi\u00f3 protesta como responsable de esa comandancia.<\/p>\n<p>En la explanada del 11 Batall\u00f3n de Infanter\u00eda de la X Regi\u00f3n Militar, al sur de esta ciudad, Vila Dosal atestigu\u00f3 el acto en que Sol\u00f3rzano Barrag\u00e1n tom\u00f3 posesi\u00f3n y realiz\u00f3 la protesta de Bandera. El nuevo mando llega a Yucat\u00e1n procedente de Chihuahua, donde se desempe\u00f1\u00f3 desde 2021 como comandante de la Quinta Zona Militar de esa entidad. Sustituye en el cargo al tambi\u00e9n General de Brigada, Sa\u00fal Luna Jaimes.<\/p>\n<p><img loading=\"lazy\" decoding=\"async\" class=\"alignnone size-full wp-image-96089\" src=\"https:\/\/www.yucatanencorto.com\/noticias\/wp-content\/uploads\/2023\/01\/WhatsApp-Image-2023-01-16-at-12.37.04-PM-1-scaled.jpeg\" alt=\"\" width=\"768\" height=\"547\" srcset=\"https:\/\/www.yucatanencorto.com\/noticias\/wp-content\/uploads\/2023\/01\/WhatsApp-Image-2023-01-16-at-12.37.04-PM-1-scaled.jpeg 768w, https:\/\/www.yucatanencorto.com\/noticias\/wp-content\/uploads\/2023\/01\/WhatsApp-Image-2023-01-16-at-12.37.04-PM-1-696x496.jpeg 696w, https:\/\/www.yucatanencorto.com\/noticias\/wp-content\/uploads\/2023\/01\/WhatsApp-Image-2023-01-16-at-12.37.04-PM-1-1068x761.jpeg 1068w, https:\/\/www.yucatanencorto.com\/noticias\/wp-content\/uploads\/2023\/01\/WhatsApp-Image-2023-01-16-at-12.37.04-PM-1-589x420.jpeg 589w, https:\/\/www.yucatanencorto.com\/noticias\/wp-content\/uploads\/2023\/01\/WhatsApp-Image-2023-01-16-at-12.37.04-PM-1-100x70.jpeg 100w\" sizes=\"auto, (max-width: 768px) 100vw, 768px\" \/>Tras el pase de revista al personal, comandantes y titulares de las unidades o \u00e1reas adscritas hicieron su presentaci\u00f3n ante el nuevo mando militar, con 47 a\u00f1os al servicio de la naci\u00f3n, que asume esta encomienda con reconocida experiencia y trayectoria.<\/p>\n<p>En la ceremonia, se record\u00f3 que Sol\u00f3rzano Barrag\u00e1n naci\u00f3 el 2 de marzo de 1960, en la Ciudad de M\u00e9xico; el 1 de septiembre de 1975, caus\u00f3 alta en el Ej\u00e9rcito y Fuerza A\u00e9rea como cadete en el Heroico Colegio Militar, gradu\u00e1ndose como Subteniente de Infanter\u00eda, el 1 de septiembre de 1979.<\/p>\n<p><img loading=\"lazy\" decoding=\"async\" class=\"alignnone size-full wp-image-96090\" src=\"https:\/\/www.yucatanencorto.com\/noticias\/wp-content\/uploads\/2023\/01\/WhatsApp-Image-2023-01-16-at-12.37.04-PM-2-scaled.jpeg\" alt=\"\" width=\"768\" height=\"512\" srcset=\"https:\/\/www.yucatanencorto.com\/noticias\/wp-content\/uploads\/2023\/01\/WhatsApp-Image-2023-01-16-at-12.37.04-PM-2-scaled.jpeg 768w, https:\/\/www.yucatanencorto.com\/noticias\/wp-content\/uploads\/2023\/01\/WhatsApp-Image-2023-01-16-at-12.37.04-PM-2-696x464.jpeg 696w, https:\/\/www.yucatanencorto.com\/noticias\/wp-content\/uploads\/2023\/01\/WhatsApp-Image-2023-01-16-at-12.37.04-PM-2-1068x712.jpeg 1068w, https:\/\/www.yucatanencorto.com\/noticias\/wp-content\/uploads\/2023\/01\/WhatsApp-Image-2023-01-16-at-12.37.04-PM-2-630x420.jpeg 630w\" sizes=\"auto, (max-width: 768px) 100vw, 768px\" \/>Ha acreditado cursos de Formaci\u00f3n de Oficiales, en la referida instituci\u00f3n; de Aplicaci\u00f3n, en la Escuela Militar de Aplicaci\u00f3n de las Armas y Servicios, en Puebla; de Mando y Estado Mayor General, as\u00ed como Superior de Guerra, en la Escuela Superior de Guerra, de la capital, y la Maestr\u00eda en Administraci\u00f3n P\u00fablica, en la Universidad del Valle de M\u00e9xico.<\/p>\n<p>A largo de su carrera militar, ha tenido diferentes cargos, como comandante de Secci\u00f3n, de Partida T\u00e1ctica y de Compa\u00f1\u00eda, en el 60 Batall\u00f3n de Infanter\u00eda \u201cEsperanza Sonora\u201d; tambi\u00e9n, ha sido Oficial de Alumnos, en el Heroico Colegio, y titular de la Secci\u00f3n de Instrucci\u00f3n, Informaci\u00f3n y Operaciones del 86 Batall\u00f3n de Infanter\u00eda, en Acaponeta, Nayarit.<\/p>\n<p>Igualmente, fue jefe de la Primera Secci\u00f3n Militar, la Segunda Brigada de Infanter\u00eda Independiente y la Subsecci\u00f3n de Reglamento de la Secci\u00f3n de Doctrina Militar de Estado Mayor de la Defensa Nacional, todo en Ciudad de M\u00e9xico, y subjefe de Estado Mayor de la Tercera Regi\u00f3n Militar, en Mazatl\u00e1n, Sinaloa; la Tercera Zona Militar, en La Paz, Baja California; y la Primera Brigada de Polic\u00eda Militar, en la capital.<\/p>\n<p>Este cambio forma parte de la pol\u00edtica del manejo del personal que lleva a cabo la Secretar\u00eda de la Defensa Nacional (Sedena), la cual permite contar con mandos conocedores de la situaci\u00f3n de la Rep\u00fablica y comprometidos con el cumplimiento de las misiones que se asignan al instituto armado.<\/p>\n<p>Asistieron a la ceremonia la y los titulares de las Secretar\u00edas General de Gobierno (SGG), Mar\u00eda Fritz Sierra, y Seguridad P\u00fablica (SSP), Luis Felipe Said\u00e9n Ojeda, as\u00ed c00omo de la Fiscal\u00eda General del Estado (FGE), Juan Jos\u00e9 Le\u00f3n.<\/p>\n","protected":false},"excerpt":{"rendered":"<p>M\u00e9rida, Yucat\u00e1n, 16 de enero de 2023.- El Gobernador Mauricio Vila Dosal asisti\u00f3 a la ceremonia de cambio de mando de la 32 Zona Militar, con sede en Valladolid, donde el General de Brigada Federico Eduardo Sol\u00f3rzano Barrag\u00e1n, rindi\u00f3 protesta como responsable de esa comandancia. En la explanada del 11 Batall\u00f3n de Infanter\u00eda de la [&hellip;]<\/p>\n","protected":false},"author":2,"featured_media":96091,"comment_status":"closed","ping_status":"closed","sticky":false,"template":"","format":"standard","meta":{"footnotes":""},"categories":[3],"tags":[],"class_list":{"0":"post-96087","1":"post","2":"type-post","3":"status-publish","4":"format-standard","5":"has-post-thumbnail","7":"category-yucatan"},"yoast_head":"<!-- This site is optimized with the Yoast SEO plugin v27.5 - https:\/\/yoast.com\/product\/yoast-seo-wordpress\/ -->\n<title>Vila asiste a la ceremonia de cambio de mando de la 32 Zona Militar - Yucat\u00e1n en corto<\/title>\n<meta name=\"robots\" content=\"index, follow, max-snippet:-1, max-image-preview:large, max-video-preview:-1\" \/>\n<link rel=\"canonical\" href=\"https:\/\/www.yucatanencorto.com\/noticias\/vila-asiste-a-la-ceremonia-de-cambio-de-mando-de-la-32-zona-militar\/\" \/>\n<meta property=\"og:locale\" content=\"es_ES\" \/>\n<meta property=\"og:type\" content=\"article\" \/>\n<meta property=\"og:title\" content=\"Vila asiste a la ceremonia de cambio de mando de la 32 Zona Militar - Yucat\u00e1n en corto\" \/>\n<meta property=\"og:description\" content=\"M\u00e9rida, Yucat\u00e1n, 16 de enero de 2023.- El Gobernador Mauricio Vila Dosal asisti\u00f3 a la ceremonia de cambio de mando de la 32 Zona Militar, con sede en Valladolid, donde el General de Brigada Federico Eduardo Sol\u00f3rzano Barrag\u00e1n, rindi\u00f3 protesta como responsable de esa comandancia. En la explanada del 11 Batall\u00f3n de Infanter\u00eda de la [&hellip;]\" \/>\n<meta property=\"og:url\" content=\"https:\/\/www.yucatanencorto.com\/noticias\/vila-asiste-a-la-ceremonia-de-cambio-de-mando-de-la-32-zona-militar\/\" \/>\n<meta property=\"og:site_name\" content=\"Yucat\u00e1n en corto\" \/>\n<meta property=\"article:publisher\" content=\"http:\/\/www.facebook.com\/yucatanencorto\" \/>\n<meta property=\"article:published_time\" content=\"2023-01-16T18:45:11+00:00\" \/>\n<meta property=\"og:image\" content=\"https:\/\/www.yucatanencorto.com\/noticias\/wp-content\/uploads\/2023\/01\/WhatsApp-Image-2023-01-16-at-12.37.04-PM-scaled.jpeg\" \/>\n\t<meta property=\"og:image:width\" content=\"768\" \/>\n\t<meta property=\"og:image:height\" content=\"512\" \/>\n\t<meta property=\"og:image:type\" content=\"image\/jpeg\" \/>\n<meta name=\"author\" content=\"Yucat\u00e1n en Corto FC\" \/>\n<meta name=\"twitter:card\" content=\"summary_large_image\" \/>\n<meta name=\"twitter:creator\" content=\"@yucatanencorto\" \/>\n<meta name=\"twitter:site\" content=\"@yucatanencorto\" \/>\n<meta name=\"twitter:label1\" content=\"Escrito por\" \/>\n\t<meta name=\"twitter:data1\" content=\"Yucat\u00e1n en Corto FC\" \/>\n\t<meta name=\"twitter:label2\" content=\"Tiempo de lectura\" \/>\n\t<meta name=\"twitter:data2\" content=\"3 minutos\" \/>\n<script type=\"application\/ld+json\" class=\"yoast-schema-graph\">{\"@context\":\"https:\\\/\\\/schema.org\",\"@graph\":[{\"@type\":\"Article\",\"@id\":\"https:\\\/\\\/www.yucatanencorto.com\\\/noticias\\\/vila-asiste-a-la-ceremonia-de-cambio-de-mando-de-la-32-zona-militar\\\/#article\",\"isPartOf\":{\"@id\":\"https:\\\/\\\/www.yucatanencorto.com\\\/noticias\\\/vila-asiste-a-la-ceremonia-de-cambio-de-mando-de-la-32-zona-militar\\\/\"},\"author\":{\"name\":\"Yucat\u00e1n en Corto FC\",\"@id\":\"https:\\\/\\\/www.yucatanencorto.com\\\/noticias\\\/#\\\/schema\\\/person\\\/14f82d355225a1f4075dd84a31f45a72\"},\"headline\":\"Vila asiste a la ceremonia de cambio de mando de la 32 Zona Militar\",\"datePublished\":\"2023-01-16T18:45:11+00:00\",\"mainEntityOfPage\":{\"@id\":\"https:\\\/\\\/www.yucatanencorto.com\\\/noticias\\\/vila-asiste-a-la-ceremonia-de-cambio-de-mando-de-la-32-zona-militar\\\/\"},\"wordCount\":541,\"image\":{\"@id\":\"https:\\\/\\\/www.yucatanencorto.com\\\/noticias\\\/vila-asiste-a-la-ceremonia-de-cambio-de-mando-de-la-32-zona-militar\\\/#primaryimage\"},\"thumbnailUrl\":\"https:\\\/\\\/www.yucatanencorto.com\\\/noticias\\\/wp-content\\\/uploads\\\/2023\\\/01\\\/WhatsApp-Image-2023-01-16-at-12.37.04-PM-scaled.jpeg\",\"articleSection\":[\"Yucat\u00e1n\"],\"inLanguage\":\"es\"},{\"@type\":\"WebPage\",\"@id\":\"https:\\\/\\\/www.yucatanencorto.com\\\/noticias\\\/vila-asiste-a-la-ceremonia-de-cambio-de-mando-de-la-32-zona-militar\\\/\",\"url\":\"https:\\\/\\\/www.yucatanencorto.com\\\/noticias\\\/vila-asiste-a-la-ceremonia-de-cambio-de-mando-de-la-32-zona-militar\\\/\",\"name\":\"Vila asiste a la ceremonia de cambio de mando de la 32 Zona Militar - Yucat\u00e1n en corto\",\"isPartOf\":{\"@id\":\"https:\\\/\\\/www.yucatanencorto.com\\\/noticias\\\/#website\"},\"primaryImageOfPage\":{\"@id\":\"https:\\\/\\\/www.yucatanencorto.com\\\/noticias\\\/vila-asiste-a-la-ceremonia-de-cambio-de-mando-de-la-32-zona-militar\\\/#primaryimage\"},\"image\":{\"@id\":\"https:\\\/\\\/www.yucatanencorto.com\\\/noticias\\\/vila-asiste-a-la-ceremonia-de-cambio-de-mando-de-la-32-zona-militar\\\/#primaryimage\"},\"thumbnailUrl\":\"https:\\\/\\\/www.yucatanencorto.com\\\/noticias\\\/wp-content\\\/uploads\\\/2023\\\/01\\\/WhatsApp-Image-2023-01-16-at-12.37.04-PM-scaled.jpeg\",\"datePublished\":\"2023-01-16T18:45:11+00:00\",\"author\":{\"@id\":\"https:\\\/\\\/www.yucatanencorto.com\\\/noticias\\\/#\\\/schema\\\/person\\\/14f82d355225a1f4075dd84a31f45a72\"},\"breadcrumb\":{\"@id\":\"https:\\\/\\\/www.yucatanencorto.com\\\/noticias\\\/vila-asiste-a-la-ceremonia-de-cambio-de-mando-de-la-32-zona-militar\\\/#breadcrumb\"},\"inLanguage\":\"es\",\"potentialAction\":[{\"@type\":\"ReadAction\",\"target\":[\"https:\\\/\\\/www.yucatanencorto.com\\\/noticias\\\/vila-asiste-a-la-ceremonia-de-cambio-de-mando-de-la-32-zona-militar\\\/\"]}]},{\"@type\":\"ImageObject\",\"inLanguage\":\"es\",\"@id\":\"https:\\\/\\\/www.yucatanencorto.com\\\/noticias\\\/vila-asiste-a-la-ceremonia-de-cambio-de-mando-de-la-32-zona-militar\\\/#primaryimage\",\"url\":\"https:\\\/\\\/www.yucatanencorto.com\\\/noticias\\\/wp-content\\\/uploads\\\/2023\\\/01\\\/WhatsApp-Image-2023-01-16-at-12.37.04-PM-scaled.jpeg\",\"contentUrl\":\"https:\\\/\\\/www.yucatanencorto.com\\\/noticias\\\/wp-content\\\/uploads\\\/2023\\\/01\\\/WhatsApp-Image-2023-01-16-at-12.37.04-PM-scaled.jpeg\",\"width\":768,\"height\":512},{\"@type\":\"BreadcrumbList\",\"@id\":\"https:\\\/\\\/www.yucatanencorto.com\\\/noticias\\\/vila-asiste-a-la-ceremonia-de-cambio-de-mando-de-la-32-zona-militar\\\/#breadcrumb\",\"itemListElement\":[{\"@type\":\"ListItem\",\"position\":1,\"name\":\"Portada\",\"item\":\"https:\\\/\\\/www.yucatanencorto.com\\\/noticias\\\/\"},{\"@type\":\"ListItem\",\"position\":2,\"name\":\"Vila asiste a la ceremonia de cambio de mando de la 32 Zona Militar\"}]},{\"@type\":\"WebSite\",\"@id\":\"https:\\\/\\\/www.yucatanencorto.com\\\/noticias\\\/#website\",\"url\":\"https:\\\/\\\/www.yucatanencorto.com\\\/noticias\\\/\",\"name\":\"Yucat\u00e1n en corto\",\"description\":\"Noticias\",\"potentialAction\":[{\"@type\":\"SearchAction\",\"target\":{\"@type\":\"EntryPoint\",\"urlTemplate\":\"https:\\\/\\\/www.yucatanencorto.com\\\/noticias\\\/?s={search_term_string}\"},\"query-input\":{\"@type\":\"PropertyValueSpecification\",\"valueRequired\":true,\"valueName\":\"search_term_string\"}}],\"inLanguage\":\"es\"},{\"@type\":\"Person\",\"@id\":\"https:\\\/\\\/www.yucatanencorto.com\\\/noticias\\\/#\\\/schema\\\/person\\\/14f82d355225a1f4075dd84a31f45a72\",\"name\":\"Yucat\u00e1n en Corto FC\",\"image\":{\"@type\":\"ImageObject\",\"inLanguage\":\"es\",\"@id\":\"https:\\\/\\\/secure.gravatar.com\\\/avatar\\\/147d4b30cd728c53c29c49a3f7834dedca33707f4cd259761355846009a88250?s=96&d=mm&r=g\",\"url\":\"https:\\\/\\\/secure.gravatar.com\\\/avatar\\\/147d4b30cd728c53c29c49a3f7834dedca33707f4cd259761355846009a88250?s=96&d=mm&r=g\",\"contentUrl\":\"https:\\\/\\\/secure.gravatar.com\\\/avatar\\\/147d4b30cd728c53c29c49a3f7834dedca33707f4cd259761355846009a88250?s=96&d=mm&r=g\",\"caption\":\"Yucat\u00e1n en Corto FC\"},\"url\":\"https:\\\/\\\/www.yucatanencorto.com\\\/noticias\\\/author\\\/flor\\\/\"}]}<\/script>\n<!-- \/ Yoast SEO plugin. -->","yoast_head_json":{"title":"Vila asiste a la ceremonia de cambio de mando de la 32 Zona Militar - Yucat\u00e1n en corto","robots":{"index":"index","follow":"follow","max-snippet":"max-snippet:-1","max-image-preview":"max-image-preview:large","max-video-preview":"max-video-preview:-1"},"canonical":"https:\/\/www.yucatanencorto.com\/noticias\/vila-asiste-a-la-ceremonia-de-cambio-de-mando-de-la-32-zona-militar\/","og_locale":"es_ES","og_type":"article","og_title":"Vila asiste a la ceremonia de cambio de mando de la 32 Zona Militar - Yucat\u00e1n en corto","og_description":"M\u00e9rida, Yucat\u00e1n, 16 de enero de 2023.- El Gobernador Mauricio Vila Dosal asisti\u00f3 a la ceremonia de cambio de mando de la 32 Zona Militar, con sede en Valladolid, donde el General de Brigada Federico Eduardo Sol\u00f3rzano Barrag\u00e1n, rindi\u00f3 protesta como responsable de esa comandancia. En la explanada del 11 Batall\u00f3n de Infanter\u00eda de la [&hellip;]","og_url":"https:\/\/www.yucatanencorto.com\/noticias\/vila-asiste-a-la-ceremonia-de-cambio-de-mando-de-la-32-zona-militar\/","og_site_name":"Yucat\u00e1n en corto","article_publisher":"http:\/\/www.facebook.com\/yucatanencorto","article_published_time":"2023-01-16T18:45:11+00:00","og_image":[{"width":768,"height":512,"url":"https:\/\/www.yucatanencorto.com\/noticias\/wp-content\/uploads\/2023\/01\/WhatsApp-Image-2023-01-16-at-12.37.04-PM-scaled.jpeg","type":"image\/jpeg"}],"author":"Yucat\u00e1n en Corto FC","twitter_card":"summary_large_image","twitter_creator":"@yucatanencorto","twitter_site":"@yucatanencorto","twitter_misc":{"Escrito por":"Yucat\u00e1n en Corto FC","Tiempo de lectura":"3 minutos"},"schema":{"@context":"https:\/\/schema.org","@graph":[{"@type":"Article","@id":"https:\/\/www.yucatanencorto.com\/noticias\/vila-asiste-a-la-ceremonia-de-cambio-de-mando-de-la-32-zona-militar\/#article","isPartOf":{"@id":"https:\/\/www.yucatanencorto.com\/noticias\/vila-asiste-a-la-ceremonia-de-cambio-de-mando-de-la-32-zona-militar\/"},"author":{"name":"Yucat\u00e1n en Corto FC","@id":"https:\/\/www.yucatanencorto.com\/noticias\/#\/schema\/person\/14f82d355225a1f4075dd84a31f45a72"},"headline":"Vila asiste a la ceremonia de cambio de mando de la 32 Zona Militar","datePublished":"2023-01-16T18:45:11+00:00","mainEntityOfPage":{"@id":"https:\/\/www.yucatanencorto.com\/noticias\/vila-asiste-a-la-ceremonia-de-cambio-de-mando-de-la-32-zona-militar\/"},"wordCount":541,"image":{"@id":"https:\/\/www.yucatanencorto.com\/noticias\/vila-asiste-a-la-ceremonia-de-cambio-de-mando-de-la-32-zona-militar\/#primaryimage"},"thumbnailUrl":"https:\/\/www.yucatanencorto.com\/noticias\/wp-content\/uploads\/2023\/01\/WhatsApp-Image-2023-01-16-at-12.37.04-PM-scaled.jpeg","articleSection":["Yucat\u00e1n"],"inLanguage":"es"},{"@type":"WebPage","@id":"https:\/\/www.yucatanencorto.com\/noticias\/vila-asiste-a-la-ceremonia-de-cambio-de-mando-de-la-32-zona-militar\/","url":"https:\/\/www.yucatanencorto.com\/noticias\/vila-asiste-a-la-ceremonia-de-cambio-de-mando-de-la-32-zona-militar\/","name":"Vila asiste a la ceremonia de cambio de mando de la 32 Zona Militar - Yucat\u00e1n en corto","isPartOf":{"@id":"https:\/\/www.yucatanencorto.com\/noticias\/#website"},"primaryImageOfPage":{"@id":"https:\/\/www.yucatanencorto.com\/noticias\/vila-asiste-a-la-ceremonia-de-cambio-de-mando-de-la-32-zona-militar\/#primaryimage"},"image":{"@id":"https:\/\/www.yucatanencorto.com\/noticias\/vila-asiste-a-la-ceremonia-de-cambio-de-mando-de-la-32-zona-militar\/#primaryimage"},"thumbnailUrl":"https:\/\/www.yucatanencorto.com\/noticias\/wp-content\/uploads\/2023\/01\/WhatsApp-Image-2023-01-16-at-12.37.04-PM-scaled.jpeg","datePublished":"2023-01-16T18:45:11+00:00","author":{"@id":"https:\/\/www.yucatanencorto.com\/noticias\/#\/schema\/person\/14f82d355225a1f4075dd84a31f45a72"},"breadcrumb":{"@id":"https:\/\/www.yucatanencorto.com\/noticias\/vila-asiste-a-la-ceremonia-de-cambio-de-mando-de-la-32-zona-militar\/#breadcrumb"},"inLanguage":"es","potentialAction":[{"@type":"ReadAction","target":["https:\/\/www.yucatanencorto.com\/noticias\/vila-asiste-a-la-ceremonia-de-cambio-de-mando-de-la-32-zona-militar\/"]}]},{"@type":"ImageObject","inLanguage":"es","@id":"https:\/\/www.yucatanencorto.com\/noticias\/vila-asiste-a-la-ceremonia-de-cambio-de-mando-de-la-32-zona-militar\/#primaryimage","url":"https:\/\/www.yucatanencorto.com\/noticias\/wp-content\/uploads\/2023\/01\/WhatsApp-Image-2023-01-16-at-12.37.04-PM-scaled.jpeg","contentUrl":"https:\/\/www.yucatanencorto.com\/noticias\/wp-content\/uploads\/2023\/01\/WhatsApp-Image-2023-01-16-at-12.37.04-PM-scaled.jpeg","width":768,"height":512},{"@type":"BreadcrumbList","@id":"https:\/\/www.yucatanencorto.com\/noticias\/vila-asiste-a-la-ceremonia-de-cambio-de-mando-de-la-32-zona-militar\/#breadcrumb","itemListElement":[{"@type":"ListItem","position":1,"name":"Portada","item":"https:\/\/www.yucatanencorto.com\/noticias\/"},{"@type":"ListItem","position":2,"name":"Vila asiste a la ceremonia de cambio de mando de la 32 Zona Militar"}]},{"@type":"WebSite","@id":"https:\/\/www.yucatanencorto.com\/noticias\/#website","url":"https:\/\/www.yucatanencorto.com\/noticias\/","name":"Yucat\u00e1n en corto","description":"Noticias","potentialAction":[{"@type":"SearchAction","target":{"@type":"EntryPoint","urlTemplate":"https:\/\/www.yucatanencorto.com\/noticias\/?s={search_term_string}"},"query-input":{"@type":"PropertyValueSpecification","valueRequired":true,"valueName":"search_term_string"}}],"inLanguage":"es"},{"@type":"Person","@id":"https:\/\/www.yucatanencorto.com\/noticias\/#\/schema\/person\/14f82d355225a1f4075dd84a31f45a72","name":"Yucat\u00e1n en Corto FC","image":{"@type":"ImageObject","inLanguage":"es","@id":"https:\/\/secure.gravatar.com\/avatar\/147d4b30cd728c53c29c49a3f7834dedca33707f4cd259761355846009a88250?s=96&d=mm&r=g","url":"https:\/\/secure.gravatar.com\/avatar\/147d4b30cd728c53c29c49a3f7834dedca33707f4cd259761355846009a88250?s=96&d=mm&r=g","contentUrl":"https:\/\/secure.gravatar.com\/avatar\/147d4b30cd728c53c29c49a3f7834dedca33707f4cd259761355846009a88250?s=96&d=mm&r=g","caption":"Yucat\u00e1n en Corto FC"},"url":"https:\/\/www.yucatanencorto.com\/noticias\/author\/flor\/"}]}},"_links":{"self":[{"href":"https:\/\/www.yucatanencorto.com\/noticias\/wp-json\/wp\/v2\/posts\/96087","targetHints":{"allow":["GET"]}}],"collection":[{"href":"https:\/\/www.yucatanencorto.com\/noticias\/wp-json\/wp\/v2\/posts"}],"about":[{"href":"https:\/\/www.yucatanencorto.com\/noticias\/wp-json\/wp\/v2\/types\/post"}],"author":[{"embeddable":true,"href":"https:\/\/www.yucatanencorto.com\/noticias\/wp-json\/wp\/v2\/users\/2"}],"replies":[{"embeddable":true,"href":"https:\/\/www.yucatanencorto.com\/noticias\/wp-json\/wp\/v2\/comments?post=96087"}],"version-history":[{"count":0,"href":"https:\/\/www.yucatanencorto.com\/noticias\/wp-json\/wp\/v2\/posts\/96087\/revisions"}],"wp:featuredmedia":[{"embeddable":true,"href":"https:\/\/www.yucatanencorto.com\/noticias\/wp-json\/wp\/v2\/media\/96091"}],"wp:attachment":[{"href":"https:\/\/www.yucatanencorto.com\/noticias\/wp-json\/wp\/v2\/media?parent=96087"}],"wp:term":[{"taxonomy":"category","embeddable":true,"href":"https:\/\/www.yucatanencorto.com\/noticias\/wp-json\/wp\/v2\/categories?post=96087"},{"taxonomy":"post_tag","embeddable":true,"href":"https:\/\/www.yucatanencorto.com\/noticias\/wp-json\/wp\/v2\/tags?post=96087"}],"curies":[{"name":"wp","href":"https:\/\/api.w.org\/{rel}","templated":true}]}}