{"id":96099,"date":"2023-01-16T16:43:29","date_gmt":"2023-01-16T22:43:29","guid":{"rendered":"https:\/\/www.yucatanencorto.com\/noticias\/?p=96099"},"modified":"2023-01-16T16:43:29","modified_gmt":"2023-01-16T22:43:29","slug":"fomentan-la-cultura-del-cuidado-del-medio-ambiente-con-la-separacion-y-reciclaje-de-residuos","status":"publish","type":"post","link":"https:\/\/www.yucatanencorto.com\/noticias\/fomentan-la-cultura-del-cuidado-del-medio-ambiente-con-la-separacion-y-reciclaje-de-residuos\/","title":{"rendered":"Fomentan la cultura del cuidado del medio ambiente con la separaci\u00f3n y reciclaje de residuos"},"content":{"rendered":"<p><img loading=\"lazy\" decoding=\"async\" class=\"alignnone size-full wp-image-96101\" src=\"https:\/\/www.yucatanencorto.com\/noticias\/wp-content\/uploads\/2023\/01\/WhatsApp-Image-2023-01-16-at-4.36.01-PM-scaled.jpeg\" alt=\"\" width=\"692\" height=\"768\" srcset=\"https:\/\/www.yucatanencorto.com\/noticias\/wp-content\/uploads\/2023\/01\/WhatsApp-Image-2023-01-16-at-4.36.01-PM-scaled.jpeg 692w, https:\/\/www.yucatanencorto.com\/noticias\/wp-content\/uploads\/2023\/01\/WhatsApp-Image-2023-01-16-at-4.36.01-PM-768x853.jpeg 768w, https:\/\/www.yucatanencorto.com\/noticias\/wp-content\/uploads\/2023\/01\/WhatsApp-Image-2023-01-16-at-4.36.01-PM-696x773.jpeg 696w, https:\/\/www.yucatanencorto.com\/noticias\/wp-content\/uploads\/2023\/01\/WhatsApp-Image-2023-01-16-at-4.36.01-PM-1068x1186.jpeg 1068w, https:\/\/www.yucatanencorto.com\/noticias\/wp-content\/uploads\/2023\/01\/WhatsApp-Image-2023-01-16-at-4.36.01-PM-378x420.jpeg 378w\" sizes=\"auto, (max-width: 692px) 100vw, 692px\" \/>M\u00e9rida, Yucat\u00e1n a 16 de enero.- Con el objetivo de impulsar la cultura de la separaci\u00f3n, reciclaje y la correcta disposici\u00f3n de los residuos domiciliarios, promoviendo as\u00ed la econom\u00eda circular de los materiales usados en el d\u00eda a d\u00eda por la poblaci\u00f3n, el Ayuntamiento, que encabeza el Alcalde Ren\u00e1n Barrera Concha, abrir\u00e1 el pr\u00f3ximo 18 de enero dos Mega Puntos Verdes en el Poniente de la ciudad.<br \/>\nLa directora de Desarrollo Sustentable, Alejandra Bolio Rojas, inform\u00f3 que dentro de la Estrategia Basura Cero est\u00e1 contemplada la ampliaci\u00f3n del programa Punto Verde, el cual incrementar\u00e1 a 10 con la apertura de estos dos nuevos centros de acopio ubicados en las colonias Pensiones y Mulsay.<br \/>\n\u201cCon la estrategia Basura Cero, el Ayuntamiento ha implementado acciones municipales de mitigaci\u00f3n para sensibilizar a la poblaci\u00f3n en temas de Cultura Ambiental, fomentando la reducci\u00f3n de residuos, previniendo la contaminaci\u00f3n y promoviendo la valorizaci\u00f3n y econom\u00eda circular, es decir, la separaci\u00f3n de residuos\u201d, record\u00f3.<br \/>\nAgreg\u00f3 que la meta de esta administraci\u00f3n municipal es instalar 10 nuevos Mega Puntos Verdes en M\u00e9rida, para mejorar la gesti\u00f3n integral de los residuos susceptibles de acopio en zonas estrat\u00e9gicas de la ciudad.<br \/>\nAsimismo, destac\u00f3 que la ubicaci\u00f3n de los dos nuevos Mega Puntos Verdes fue elegida por las y los meridanos a trav\u00e9s de la consulta ciudadana \u201cDecide M\u00e9rida por una ciudad m\u00e1s Sustentable\u201d, la cual se realiz\u00f3 el a\u00f1o pasado.<br \/>\n\u201cLa participaci\u00f3n ciudadana fue muy importante para determinar el inter\u00e9s y compromiso de las y los vecinos de las colonias o fraccionamientos para que este servicio sea aprovechado al m\u00e1ximo\u201d, expres\u00f3.<br \/>\nSe\u00f1al\u00f3 que actualmente en la ciudad de M\u00e9rida existen 200 Puntos Verdes distribuidos por toda la ciudad y comisar\u00edas de la Reserva Ecol\u00f3gica Cuxtal, como son Dzununc\u00e1n, Molas, Dzoyaxch\u00e9, X\u00b4matkuil y Tahdzibich\u00e9n, en convenio con distintas empresas, asociaciones civiles e instituciones educativas.<br \/>\n\u201cDe esos Puntos Verdes, 8 son tipo MEGA Puntos Verdes, los cuales se encuentran en puntos estrat\u00e9gicos de M\u00e9rida recibiendo: PET, HDPE, PPL, cart\u00f3n, Tetra Pak, latas f\u00e9rricas, envases de vidrio, latas de aluminio, PP5, nylon, envolturas met\u00e1licas y de celof\u00e1n, pilas, electr\u00f3nicos peque\u00f1os y medianos, aceite comestible, tapas, c\u00e1psulas de caf\u00e9, aerosoles (no de pintura, ni de insecticidas), vidrio de perfume y de cremas cosm\u00e9ticas\u201d, indic\u00f3.<br \/>\nMencion\u00f3 que tambi\u00e9n se cuenta con un Punto Verde Max en la comisar\u00eda de Dzununc\u00e1n que acopia los siguientes residuos: Tetra Pak, papel y cart\u00f3n, envases de vidrio y latas de aluminio.<br \/>\nPrecis\u00f3 que en los dem\u00e1s Mega Puntos Verdes inicialmente se recib\u00edan 11 tipos de residuos, pero ahora, con la colaboraci\u00f3n de la C\u00e1mara Nacional de la Industria de los Cosm\u00e9ticos (CANIPEC), ya se reciben 18 tipos.<br \/>\nMencion\u00f3 que de 2018 a 2022 se han recolectado 861 toneladas de residuos, lo que ha permitido la disminuci\u00f3n de Gases de Efecto Invernadero en M\u00e9rida.<br \/>\nCabe se\u00f1alar que los 8 Mega Puntos Verdes se encuentran en la Cancha de Fut7 del fraccionamiento Las Am\u00e9ricas, Parque de la Alem\u00e1n, el fraccionamiento Los H\u00e9roes, Paseo Verde, Walmart Campestre, Parque Tabenth\u00e1, Francisco de Montejo y Universidad Marista.<br \/>\nA\u00f1adi\u00f3 que los dos nuevos Mega Puntos Verdes se sit\u00faan en el Parque Mtra. Consuelo Zavala Castillo, avenida 7 entre 52 y 50 de Pensiones y en la calle 10 No. 106 entre 23 y 25 del Fracc. Mulsay.<br \/>\nFinalmente, dijo que el horario de atenci\u00f3n al p\u00fablico en los dos nuevos Mega Puntos Verdes ser\u00e1 de mi\u00e9rcoles a domingo de 10:00 a 17:00 horas, por lo que pidi\u00f3 a los vecinos respetar los d\u00edas y horarios de funcionamiento del centro de acopio y evitar dejar sus residuos fuera del contenedor en los d\u00edas que no se encuentran laborando.<\/p>\n","protected":false},"excerpt":{"rendered":"<p>M\u00e9rida, Yucat\u00e1n a 16 de enero.- Con el objetivo de impulsar la cultura de la separaci\u00f3n, reciclaje y la correcta disposici\u00f3n de los residuos domiciliarios, promoviendo as\u00ed la econom\u00eda circular de los materiales usados en el d\u00eda a d\u00eda por la poblaci\u00f3n, el Ayuntamiento, que encabeza el Alcalde Ren\u00e1n Barrera Concha, abrir\u00e1 el pr\u00f3ximo 18 [&hellip;]<\/p>\n","protected":false},"author":2,"featured_media":96101,"comment_status":"closed","ping_status":"closed","sticky":false,"template":"","format":"standard","meta":{"footnotes":""},"categories":[2],"tags":[],"class_list":{"0":"post-96099","1":"post","2":"type-post","3":"status-publish","4":"format-standard","5":"has-post-thumbnail","7":"category-merida"},"yoast_head":"<!-- This site is optimized with the Yoast SEO plugin v27.5 - https:\/\/yoast.com\/product\/yoast-seo-wordpress\/ -->\n<title>Fomentan la cultura del cuidado del medio ambiente con la separaci\u00f3n y reciclaje de residuos - Yucat\u00e1n en corto<\/title>\n<meta name=\"robots\" content=\"index, follow, max-snippet:-1, max-image-preview:large, max-video-preview:-1\" \/>\n<link rel=\"canonical\" href=\"https:\/\/www.yucatanencorto.com\/noticias\/fomentan-la-cultura-del-cuidado-del-medio-ambiente-con-la-separacion-y-reciclaje-de-residuos\/\" \/>\n<meta property=\"og:locale\" content=\"es_ES\" \/>\n<meta property=\"og:type\" content=\"article\" \/>\n<meta property=\"og:title\" content=\"Fomentan la cultura del cuidado del medio ambiente con la separaci\u00f3n y reciclaje de residuos - Yucat\u00e1n en corto\" \/>\n<meta property=\"og:description\" content=\"M\u00e9rida, Yucat\u00e1n a 16 de enero.- Con el objetivo de impulsar la cultura de la separaci\u00f3n, reciclaje y la correcta disposici\u00f3n de los residuos domiciliarios, promoviendo as\u00ed la econom\u00eda circular de los materiales usados en el d\u00eda a d\u00eda por la poblaci\u00f3n, el Ayuntamiento, que encabeza el Alcalde Ren\u00e1n Barrera Concha, abrir\u00e1 el pr\u00f3ximo 18 [&hellip;]\" \/>\n<meta property=\"og:url\" content=\"https:\/\/www.yucatanencorto.com\/noticias\/fomentan-la-cultura-del-cuidado-del-medio-ambiente-con-la-separacion-y-reciclaje-de-residuos\/\" \/>\n<meta property=\"og:site_name\" content=\"Yucat\u00e1n en corto\" \/>\n<meta property=\"article:publisher\" content=\"http:\/\/www.facebook.com\/yucatanencorto\" \/>\n<meta property=\"article:published_time\" content=\"2023-01-16T22:43:29+00:00\" \/>\n<meta property=\"og:image\" content=\"https:\/\/www.yucatanencorto.com\/noticias\/wp-content\/uploads\/2023\/01\/WhatsApp-Image-2023-01-16-at-4.36.01-PM-scaled.jpeg\" \/>\n\t<meta property=\"og:image:width\" content=\"692\" \/>\n\t<meta property=\"og:image:height\" content=\"768\" \/>\n\t<meta property=\"og:image:type\" content=\"image\/jpeg\" \/>\n<meta name=\"author\" content=\"Yucat\u00e1n en Corto FC\" \/>\n<meta name=\"twitter:card\" content=\"summary_large_image\" \/>\n<meta name=\"twitter:creator\" content=\"@yucatanencorto\" \/>\n<meta name=\"twitter:site\" content=\"@yucatanencorto\" \/>\n<meta name=\"twitter:label1\" content=\"Escrito por\" \/>\n\t<meta name=\"twitter:data1\" content=\"Yucat\u00e1n en Corto FC\" \/>\n\t<meta name=\"twitter:label2\" content=\"Tiempo de lectura\" \/>\n\t<meta name=\"twitter:data2\" content=\"3 minutos\" \/>\n<script type=\"application\/ld+json\" class=\"yoast-schema-graph\">{\"@context\":\"https:\\\/\\\/schema.org\",\"@graph\":[{\"@type\":\"Article\",\"@id\":\"https:\\\/\\\/www.yucatanencorto.com\\\/noticias\\\/fomentan-la-cultura-del-cuidado-del-medio-ambiente-con-la-separacion-y-reciclaje-de-residuos\\\/#article\",\"isPartOf\":{\"@id\":\"https:\\\/\\\/www.yucatanencorto.com\\\/noticias\\\/fomentan-la-cultura-del-cuidado-del-medio-ambiente-con-la-separacion-y-reciclaje-de-residuos\\\/\"},\"author\":{\"name\":\"Yucat\u00e1n en Corto FC\",\"@id\":\"https:\\\/\\\/www.yucatanencorto.com\\\/noticias\\\/#\\\/schema\\\/person\\\/14f82d355225a1f4075dd84a31f45a72\"},\"headline\":\"Fomentan la cultura del cuidado del medio ambiente con la separaci\u00f3n y reciclaje de residuos\",\"datePublished\":\"2023-01-16T22:43:29+00:00\",\"mainEntityOfPage\":{\"@id\":\"https:\\\/\\\/www.yucatanencorto.com\\\/noticias\\\/fomentan-la-cultura-del-cuidado-del-medio-ambiente-con-la-separacion-y-reciclaje-de-residuos\\\/\"},\"wordCount\":668,\"image\":{\"@id\":\"https:\\\/\\\/www.yucatanencorto.com\\\/noticias\\\/fomentan-la-cultura-del-cuidado-del-medio-ambiente-con-la-separacion-y-reciclaje-de-residuos\\\/#primaryimage\"},\"thumbnailUrl\":\"https:\\\/\\\/www.yucatanencorto.com\\\/noticias\\\/wp-content\\\/uploads\\\/2023\\\/01\\\/WhatsApp-Image-2023-01-16-at-4.36.01-PM-scaled.jpeg\",\"articleSection\":[\"M\u00e9rida\"],\"inLanguage\":\"es\"},{\"@type\":\"WebPage\",\"@id\":\"https:\\\/\\\/www.yucatanencorto.com\\\/noticias\\\/fomentan-la-cultura-del-cuidado-del-medio-ambiente-con-la-separacion-y-reciclaje-de-residuos\\\/\",\"url\":\"https:\\\/\\\/www.yucatanencorto.com\\\/noticias\\\/fomentan-la-cultura-del-cuidado-del-medio-ambiente-con-la-separacion-y-reciclaje-de-residuos\\\/\",\"name\":\"Fomentan la cultura del cuidado del medio ambiente con la separaci\u00f3n y reciclaje de residuos - Yucat\u00e1n en corto\",\"isPartOf\":{\"@id\":\"https:\\\/\\\/www.yucatanencorto.com\\\/noticias\\\/#website\"},\"primaryImageOfPage\":{\"@id\":\"https:\\\/\\\/www.yucatanencorto.com\\\/noticias\\\/fomentan-la-cultura-del-cuidado-del-medio-ambiente-con-la-separacion-y-reciclaje-de-residuos\\\/#primaryimage\"},\"image\":{\"@id\":\"https:\\\/\\\/www.yucatanencorto.com\\\/noticias\\\/fomentan-la-cultura-del-cuidado-del-medio-ambiente-con-la-separacion-y-reciclaje-de-residuos\\\/#primaryimage\"},\"thumbnailUrl\":\"https:\\\/\\\/www.yucatanencorto.com\\\/noticias\\\/wp-content\\\/uploads\\\/2023\\\/01\\\/WhatsApp-Image-2023-01-16-at-4.36.01-PM-scaled.jpeg\",\"datePublished\":\"2023-01-16T22:43:29+00:00\",\"author\":{\"@id\":\"https:\\\/\\\/www.yucatanencorto.com\\\/noticias\\\/#\\\/schema\\\/person\\\/14f82d355225a1f4075dd84a31f45a72\"},\"breadcrumb\":{\"@id\":\"https:\\\/\\\/www.yucatanencorto.com\\\/noticias\\\/fomentan-la-cultura-del-cuidado-del-medio-ambiente-con-la-separacion-y-reciclaje-de-residuos\\\/#breadcrumb\"},\"inLanguage\":\"es\",\"potentialAction\":[{\"@type\":\"ReadAction\",\"target\":[\"https:\\\/\\\/www.yucatanencorto.com\\\/noticias\\\/fomentan-la-cultura-del-cuidado-del-medio-ambiente-con-la-separacion-y-reciclaje-de-residuos\\\/\"]}]},{\"@type\":\"ImageObject\",\"inLanguage\":\"es\",\"@id\":\"https:\\\/\\\/www.yucatanencorto.com\\\/noticias\\\/fomentan-la-cultura-del-cuidado-del-medio-ambiente-con-la-separacion-y-reciclaje-de-residuos\\\/#primaryimage\",\"url\":\"https:\\\/\\\/www.yucatanencorto.com\\\/noticias\\\/wp-content\\\/uploads\\\/2023\\\/01\\\/WhatsApp-Image-2023-01-16-at-4.36.01-PM-scaled.jpeg\",\"contentUrl\":\"https:\\\/\\\/www.yucatanencorto.com\\\/noticias\\\/wp-content\\\/uploads\\\/2023\\\/01\\\/WhatsApp-Image-2023-01-16-at-4.36.01-PM-scaled.jpeg\",\"width\":692,\"height\":768},{\"@type\":\"BreadcrumbList\",\"@id\":\"https:\\\/\\\/www.yucatanencorto.com\\\/noticias\\\/fomentan-la-cultura-del-cuidado-del-medio-ambiente-con-la-separacion-y-reciclaje-de-residuos\\\/#breadcrumb\",\"itemListElement\":[{\"@type\":\"ListItem\",\"position\":1,\"name\":\"Portada\",\"item\":\"https:\\\/\\\/www.yucatanencorto.com\\\/noticias\\\/\"},{\"@type\":\"ListItem\",\"position\":2,\"name\":\"Fomentan la cultura del cuidado del medio ambiente con la separaci\u00f3n y reciclaje de residuos\"}]},{\"@type\":\"WebSite\",\"@id\":\"https:\\\/\\\/www.yucatanencorto.com\\\/noticias\\\/#website\",\"url\":\"https:\\\/\\\/www.yucatanencorto.com\\\/noticias\\\/\",\"name\":\"Yucat\u00e1n en corto\",\"description\":\"Noticias\",\"potentialAction\":[{\"@type\":\"SearchAction\",\"target\":{\"@type\":\"EntryPoint\",\"urlTemplate\":\"https:\\\/\\\/www.yucatanencorto.com\\\/noticias\\\/?s={search_term_string}\"},\"query-input\":{\"@type\":\"PropertyValueSpecification\",\"valueRequired\":true,\"valueName\":\"search_term_string\"}}],\"inLanguage\":\"es\"},{\"@type\":\"Person\",\"@id\":\"https:\\\/\\\/www.yucatanencorto.com\\\/noticias\\\/#\\\/schema\\\/person\\\/14f82d355225a1f4075dd84a31f45a72\",\"name\":\"Yucat\u00e1n en Corto FC\",\"image\":{\"@type\":\"ImageObject\",\"inLanguage\":\"es\",\"@id\":\"https:\\\/\\\/secure.gravatar.com\\\/avatar\\\/147d4b30cd728c53c29c49a3f7834dedca33707f4cd259761355846009a88250?s=96&d=mm&r=g\",\"url\":\"https:\\\/\\\/secure.gravatar.com\\\/avatar\\\/147d4b30cd728c53c29c49a3f7834dedca33707f4cd259761355846009a88250?s=96&d=mm&r=g\",\"contentUrl\":\"https:\\\/\\\/secure.gravatar.com\\\/avatar\\\/147d4b30cd728c53c29c49a3f7834dedca33707f4cd259761355846009a88250?s=96&d=mm&r=g\",\"caption\":\"Yucat\u00e1n en Corto FC\"},\"url\":\"https:\\\/\\\/www.yucatanencorto.com\\\/noticias\\\/author\\\/flor\\\/\"}]}<\/script>\n<!-- \/ Yoast SEO plugin. -->","yoast_head_json":{"title":"Fomentan la cultura del cuidado del medio ambiente con la separaci\u00f3n y reciclaje de residuos - Yucat\u00e1n en corto","robots":{"index":"index","follow":"follow","max-snippet":"max-snippet:-1","max-image-preview":"max-image-preview:large","max-video-preview":"max-video-preview:-1"},"canonical":"https:\/\/www.yucatanencorto.com\/noticias\/fomentan-la-cultura-del-cuidado-del-medio-ambiente-con-la-separacion-y-reciclaje-de-residuos\/","og_locale":"es_ES","og_type":"article","og_title":"Fomentan la cultura del cuidado del medio ambiente con la separaci\u00f3n y reciclaje de residuos - Yucat\u00e1n en corto","og_description":"M\u00e9rida, Yucat\u00e1n a 16 de enero.- Con el objetivo de impulsar la cultura de la separaci\u00f3n, reciclaje y la correcta disposici\u00f3n de los residuos domiciliarios, promoviendo as\u00ed la econom\u00eda circular de los materiales usados en el d\u00eda a d\u00eda por la poblaci\u00f3n, el Ayuntamiento, que encabeza el Alcalde Ren\u00e1n Barrera Concha, abrir\u00e1 el pr\u00f3ximo 18 [&hellip;]","og_url":"https:\/\/www.yucatanencorto.com\/noticias\/fomentan-la-cultura-del-cuidado-del-medio-ambiente-con-la-separacion-y-reciclaje-de-residuos\/","og_site_name":"Yucat\u00e1n en corto","article_publisher":"http:\/\/www.facebook.com\/yucatanencorto","article_published_time":"2023-01-16T22:43:29+00:00","og_image":[{"width":692,"height":768,"url":"https:\/\/www.yucatanencorto.com\/noticias\/wp-content\/uploads\/2023\/01\/WhatsApp-Image-2023-01-16-at-4.36.01-PM-scaled.jpeg","type":"image\/jpeg"}],"author":"Yucat\u00e1n en Corto FC","twitter_card":"summary_large_image","twitter_creator":"@yucatanencorto","twitter_site":"@yucatanencorto","twitter_misc":{"Escrito por":"Yucat\u00e1n en Corto FC","Tiempo de lectura":"3 minutos"},"schema":{"@context":"https:\/\/schema.org","@graph":[{"@type":"Article","@id":"https:\/\/www.yucatanencorto.com\/noticias\/fomentan-la-cultura-del-cuidado-del-medio-ambiente-con-la-separacion-y-reciclaje-de-residuos\/#article","isPartOf":{"@id":"https:\/\/www.yucatanencorto.com\/noticias\/fomentan-la-cultura-del-cuidado-del-medio-ambiente-con-la-separacion-y-reciclaje-de-residuos\/"},"author":{"name":"Yucat\u00e1n en Corto FC","@id":"https:\/\/www.yucatanencorto.com\/noticias\/#\/schema\/person\/14f82d355225a1f4075dd84a31f45a72"},"headline":"Fomentan la cultura del cuidado del medio ambiente con la separaci\u00f3n y reciclaje de residuos","datePublished":"2023-01-16T22:43:29+00:00","mainEntityOfPage":{"@id":"https:\/\/www.yucatanencorto.com\/noticias\/fomentan-la-cultura-del-cuidado-del-medio-ambiente-con-la-separacion-y-reciclaje-de-residuos\/"},"wordCount":668,"image":{"@id":"https:\/\/www.yucatanencorto.com\/noticias\/fomentan-la-cultura-del-cuidado-del-medio-ambiente-con-la-separacion-y-reciclaje-de-residuos\/#primaryimage"},"thumbnailUrl":"https:\/\/www.yucatanencorto.com\/noticias\/wp-content\/uploads\/2023\/01\/WhatsApp-Image-2023-01-16-at-4.36.01-PM-scaled.jpeg","articleSection":["M\u00e9rida"],"inLanguage":"es"},{"@type":"WebPage","@id":"https:\/\/www.yucatanencorto.com\/noticias\/fomentan-la-cultura-del-cuidado-del-medio-ambiente-con-la-separacion-y-reciclaje-de-residuos\/","url":"https:\/\/www.yucatanencorto.com\/noticias\/fomentan-la-cultura-del-cuidado-del-medio-ambiente-con-la-separacion-y-reciclaje-de-residuos\/","name":"Fomentan la cultura del cuidado del medio ambiente con la separaci\u00f3n y reciclaje de residuos - Yucat\u00e1n en corto","isPartOf":{"@id":"https:\/\/www.yucatanencorto.com\/noticias\/#website"},"primaryImageOfPage":{"@id":"https:\/\/www.yucatanencorto.com\/noticias\/fomentan-la-cultura-del-cuidado-del-medio-ambiente-con-la-separacion-y-reciclaje-de-residuos\/#primaryimage"},"image":{"@id":"https:\/\/www.yucatanencorto.com\/noticias\/fomentan-la-cultura-del-cuidado-del-medio-ambiente-con-la-separacion-y-reciclaje-de-residuos\/#primaryimage"},"thumbnailUrl":"https:\/\/www.yucatanencorto.com\/noticias\/wp-content\/uploads\/2023\/01\/WhatsApp-Image-2023-01-16-at-4.36.01-PM-scaled.jpeg","datePublished":"2023-01-16T22:43:29+00:00","author":{"@id":"https:\/\/www.yucatanencorto.com\/noticias\/#\/schema\/person\/14f82d355225a1f4075dd84a31f45a72"},"breadcrumb":{"@id":"https:\/\/www.yucatanencorto.com\/noticias\/fomentan-la-cultura-del-cuidado-del-medio-ambiente-con-la-separacion-y-reciclaje-de-residuos\/#breadcrumb"},"inLanguage":"es","potentialAction":[{"@type":"ReadAction","target":["https:\/\/www.yucatanencorto.com\/noticias\/fomentan-la-cultura-del-cuidado-del-medio-ambiente-con-la-separacion-y-reciclaje-de-residuos\/"]}]},{"@type":"ImageObject","inLanguage":"es","@id":"https:\/\/www.yucatanencorto.com\/noticias\/fomentan-la-cultura-del-cuidado-del-medio-ambiente-con-la-separacion-y-reciclaje-de-residuos\/#primaryimage","url":"https:\/\/www.yucatanencorto.com\/noticias\/wp-content\/uploads\/2023\/01\/WhatsApp-Image-2023-01-16-at-4.36.01-PM-scaled.jpeg","contentUrl":"https:\/\/www.yucatanencorto.com\/noticias\/wp-content\/uploads\/2023\/01\/WhatsApp-Image-2023-01-16-at-4.36.01-PM-scaled.jpeg","width":692,"height":768},{"@type":"BreadcrumbList","@id":"https:\/\/www.yucatanencorto.com\/noticias\/fomentan-la-cultura-del-cuidado-del-medio-ambiente-con-la-separacion-y-reciclaje-de-residuos\/#breadcrumb","itemListElement":[{"@type":"ListItem","position":1,"name":"Portada","item":"https:\/\/www.yucatanencorto.com\/noticias\/"},{"@type":"ListItem","position":2,"name":"Fomentan la cultura del cuidado del medio ambiente con la separaci\u00f3n y reciclaje de residuos"}]},{"@type":"WebSite","@id":"https:\/\/www.yucatanencorto.com\/noticias\/#website","url":"https:\/\/www.yucatanencorto.com\/noticias\/","name":"Yucat\u00e1n en corto","description":"Noticias","potentialAction":[{"@type":"SearchAction","target":{"@type":"EntryPoint","urlTemplate":"https:\/\/www.yucatanencorto.com\/noticias\/?s={search_term_string}"},"query-input":{"@type":"PropertyValueSpecification","valueRequired":true,"valueName":"search_term_string"}}],"inLanguage":"es"},{"@type":"Person","@id":"https:\/\/www.yucatanencorto.com\/noticias\/#\/schema\/person\/14f82d355225a1f4075dd84a31f45a72","name":"Yucat\u00e1n en Corto FC","image":{"@type":"ImageObject","inLanguage":"es","@id":"https:\/\/secure.gravatar.com\/avatar\/147d4b30cd728c53c29c49a3f7834dedca33707f4cd259761355846009a88250?s=96&d=mm&r=g","url":"https:\/\/secure.gravatar.com\/avatar\/147d4b30cd728c53c29c49a3f7834dedca33707f4cd259761355846009a88250?s=96&d=mm&r=g","contentUrl":"https:\/\/secure.gravatar.com\/avatar\/147d4b30cd728c53c29c49a3f7834dedca33707f4cd259761355846009a88250?s=96&d=mm&r=g","caption":"Yucat\u00e1n en Corto FC"},"url":"https:\/\/www.yucatanencorto.com\/noticias\/author\/flor\/"}]}},"_links":{"self":[{"href":"https:\/\/www.yucatanencorto.com\/noticias\/wp-json\/wp\/v2\/posts\/96099","targetHints":{"allow":["GET"]}}],"collection":[{"href":"https:\/\/www.yucatanencorto.com\/noticias\/wp-json\/wp\/v2\/posts"}],"about":[{"href":"https:\/\/www.yucatanencorto.com\/noticias\/wp-json\/wp\/v2\/types\/post"}],"author":[{"embeddable":true,"href":"https:\/\/www.yucatanencorto.com\/noticias\/wp-json\/wp\/v2\/users\/2"}],"replies":[{"embeddable":true,"href":"https:\/\/www.yucatanencorto.com\/noticias\/wp-json\/wp\/v2\/comments?post=96099"}],"version-history":[{"count":0,"href":"https:\/\/www.yucatanencorto.com\/noticias\/wp-json\/wp\/v2\/posts\/96099\/revisions"}],"wp:featuredmedia":[{"embeddable":true,"href":"https:\/\/www.yucatanencorto.com\/noticias\/wp-json\/wp\/v2\/media\/96101"}],"wp:attachment":[{"href":"https:\/\/www.yucatanencorto.com\/noticias\/wp-json\/wp\/v2\/media?parent=96099"}],"wp:term":[{"taxonomy":"category","embeddable":true,"href":"https:\/\/www.yucatanencorto.com\/noticias\/wp-json\/wp\/v2\/categories?post=96099"},{"taxonomy":"post_tag","embeddable":true,"href":"https:\/\/www.yucatanencorto.com\/noticias\/wp-json\/wp\/v2\/tags?post=96099"}],"curies":[{"name":"wp","href":"https:\/\/api.w.org\/{rel}","templated":true}]}}