{"id":96118,"date":"2023-01-17T16:27:13","date_gmt":"2023-01-17T22:27:13","guid":{"rendered":"https:\/\/www.yucatanencorto.com\/noticias\/?p=96118"},"modified":"2023-01-17T16:27:21","modified_gmt":"2023-01-17T22:27:21","slug":"la-suprema-corte-de-justicia-de-la-nacion-reconoce-la-validez-de-la-ley-3-de-3","status":"publish","type":"post","link":"https:\/\/www.yucatanencorto.com\/noticias\/la-suprema-corte-de-justicia-de-la-nacion-reconoce-la-validez-de-la-ley-3-de-3\/","title":{"rendered":"La Suprema Corte de Justicia de la Naci\u00f3n, reconoce la validez de la Ley 3 de 3"},"content":{"rendered":"<p><img loading=\"lazy\" decoding=\"async\" class=\"alignnone size-full wp-image-96119\" src=\"https:\/\/www.yucatanencorto.com\/noticias\/wp-content\/uploads\/2023\/01\/WhatsApp-Image-2023-01-17-at-15.47.53-scaled.jpeg\" alt=\"\" width=\"768\" height=\"512\" srcset=\"https:\/\/www.yucatanencorto.com\/noticias\/wp-content\/uploads\/2023\/01\/WhatsApp-Image-2023-01-17-at-15.47.53-scaled.jpeg 768w, https:\/\/www.yucatanencorto.com\/noticias\/wp-content\/uploads\/2023\/01\/WhatsApp-Image-2023-01-17-at-15.47.53-696x464.jpeg 696w, https:\/\/www.yucatanencorto.com\/noticias\/wp-content\/uploads\/2023\/01\/WhatsApp-Image-2023-01-17-at-15.47.53-1068x712.jpeg 1068w, https:\/\/www.yucatanencorto.com\/noticias\/wp-content\/uploads\/2023\/01\/WhatsApp-Image-2023-01-17-at-15.47.53-630x420.jpeg 630w\" sizes=\"auto, (max-width: 768px) 100vw, 768px\" \/><\/p>\n<p>M\u00e9rida, Yucat\u00e1n, 17 de enero de 2023<\/p>\n<p>Este martes en la Sesi\u00f3n del Pleno de la Suprema Corte de Justicia de la Naci\u00f3n, se resolvi\u00f3 la acci\u00f3n de inconstitucionalidad 98\/2022, promovida por la Comisi\u00f3n Nacional de los Derechos Humanos (CNDH), demandando la invalidez de diversas disposiciones a las leyes de la Comisi\u00f3n de Derechos Humanos, de Instituciones y Procedimientos Electorales, Transparencia, Acceso a la Informaci\u00f3n P\u00fablica, Partidos Pol\u00edticos y el C\u00f3digo de la Administraci\u00f3n P\u00fablica todas del estado de Yucat\u00e1n en el tema de deudores alimentarios.<\/p>\n<p>En dicha sesi\u00f3n, 9 de los 11 ministros reconocieron la validez de la reforma a las leyes antes mencionadas sobre deudores alimentarios, conocida como la Ley 3 de 3, la cual fue aprobada por unanimidad el 31 de mayo del 2022, por la LXIII Legislatura del Congreso del Estado de Yucat\u00e1n en Sesi\u00f3n Ordinaria.<\/p>\n<p>Lo anterior por considerar infundados los argumentos de la CNDH y sobreseer la acci\u00f3n de inconstitucionalidad presentada. La Suprema Corte destac\u00f3 que el contenido de la reforma tiene un fin constitucionalmente leg\u00edtimo, adem\u00e1s de no impedir el acceso a cargos p\u00fablicos.<\/p>\n<p>Las diputadas y diputados que conforman la actual Legislatura est\u00e1n trabajando para mejorar las leyes que permitan que las ni\u00f1as, ni\u00f1os, adolescentes y mujeres tengan una mejor calidad de vida y libre de violencia, por lo que refrendan su compromiso de seguir trabajando privilegiando el di\u00e1logo y el consenso entre las fuerzas pol\u00edticas que la integran.<\/p>\n","protected":false},"excerpt":{"rendered":"<p>M\u00e9rida, Yucat\u00e1n, 17 de enero de 2023 Este martes en la Sesi\u00f3n del Pleno de la Suprema Corte de Justicia de la Naci\u00f3n, se resolvi\u00f3 la acci\u00f3n de inconstitucionalidad 98\/2022, promovida por la Comisi\u00f3n Nacional de los Derechos Humanos (CNDH), demandando la invalidez de diversas disposiciones a las leyes de la Comisi\u00f3n de Derechos Humanos, [&hellip;]<\/p>\n","protected":false},"author":2,"featured_media":96119,"comment_status":"closed","ping_status":"closed","sticky":false,"template":"","format":"standard","meta":{"footnotes":""},"categories":[3],"tags":[],"class_list":{"0":"post-96118","1":"post","2":"type-post","3":"status-publish","4":"format-standard","5":"has-post-thumbnail","7":"category-yucatan"},"yoast_head":"<!-- This site is optimized with the Yoast SEO plugin v27.5 - https:\/\/yoast.com\/product\/yoast-seo-wordpress\/ -->\n<title>La Suprema Corte de Justicia de la Naci\u00f3n, reconoce la validez de la Ley 3 de 3 - Yucat\u00e1n en corto<\/title>\n<meta name=\"robots\" content=\"index, follow, max-snippet:-1, max-image-preview:large, max-video-preview:-1\" \/>\n<link rel=\"canonical\" href=\"https:\/\/www.yucatanencorto.com\/noticias\/la-suprema-corte-de-justicia-de-la-nacion-reconoce-la-validez-de-la-ley-3-de-3\/\" \/>\n<meta property=\"og:locale\" content=\"es_ES\" \/>\n<meta property=\"og:type\" content=\"article\" \/>\n<meta property=\"og:title\" content=\"La Suprema Corte de Justicia de la Naci\u00f3n, reconoce la validez de la Ley 3 de 3 - Yucat\u00e1n en corto\" \/>\n<meta property=\"og:description\" content=\"M\u00e9rida, Yucat\u00e1n, 17 de enero de 2023 Este martes en la Sesi\u00f3n del Pleno de la Suprema Corte de Justicia de la Naci\u00f3n, se resolvi\u00f3 la acci\u00f3n de inconstitucionalidad 98\/2022, promovida por la Comisi\u00f3n Nacional de los Derechos Humanos (CNDH), demandando la invalidez de diversas disposiciones a las leyes de la Comisi\u00f3n de Derechos Humanos, [&hellip;]\" \/>\n<meta property=\"og:url\" content=\"https:\/\/www.yucatanencorto.com\/noticias\/la-suprema-corte-de-justicia-de-la-nacion-reconoce-la-validez-de-la-ley-3-de-3\/\" \/>\n<meta property=\"og:site_name\" content=\"Yucat\u00e1n en corto\" \/>\n<meta property=\"article:publisher\" content=\"http:\/\/www.facebook.com\/yucatanencorto\" \/>\n<meta property=\"article:published_time\" content=\"2023-01-17T22:27:13+00:00\" \/>\n<meta property=\"article:modified_time\" content=\"2023-01-17T22:27:21+00:00\" \/>\n<meta property=\"og:image\" content=\"https:\/\/www.yucatanencorto.com\/noticias\/wp-content\/uploads\/2023\/01\/WhatsApp-Image-2023-01-17-at-15.47.53-scaled.jpeg\" \/>\n\t<meta property=\"og:image:width\" content=\"768\" \/>\n\t<meta property=\"og:image:height\" content=\"512\" \/>\n\t<meta property=\"og:image:type\" content=\"image\/jpeg\" \/>\n<meta name=\"author\" content=\"Yucat\u00e1n en Corto FC\" \/>\n<meta name=\"twitter:card\" content=\"summary_large_image\" \/>\n<meta name=\"twitter:creator\" content=\"@yucatanencorto\" \/>\n<meta name=\"twitter:site\" content=\"@yucatanencorto\" \/>\n<meta name=\"twitter:label1\" content=\"Escrito por\" \/>\n\t<meta name=\"twitter:data1\" content=\"Yucat\u00e1n en Corto FC\" \/>\n\t<meta name=\"twitter:label2\" content=\"Tiempo de lectura\" \/>\n\t<meta name=\"twitter:data2\" content=\"2 minutos\" \/>\n<script type=\"application\/ld+json\" class=\"yoast-schema-graph\">{\"@context\":\"https:\\\/\\\/schema.org\",\"@graph\":[{\"@type\":\"Article\",\"@id\":\"https:\\\/\\\/www.yucatanencorto.com\\\/noticias\\\/la-suprema-corte-de-justicia-de-la-nacion-reconoce-la-validez-de-la-ley-3-de-3\\\/#article\",\"isPartOf\":{\"@id\":\"https:\\\/\\\/www.yucatanencorto.com\\\/noticias\\\/la-suprema-corte-de-justicia-de-la-nacion-reconoce-la-validez-de-la-ley-3-de-3\\\/\"},\"author\":{\"name\":\"Yucat\u00e1n en Corto FC\",\"@id\":\"https:\\\/\\\/www.yucatanencorto.com\\\/noticias\\\/#\\\/schema\\\/person\\\/14f82d355225a1f4075dd84a31f45a72\"},\"headline\":\"La Suprema Corte de Justicia de la Naci\u00f3n, reconoce la validez de la Ley 3 de 3\",\"datePublished\":\"2023-01-17T22:27:13+00:00\",\"dateModified\":\"2023-01-17T22:27:21+00:00\",\"mainEntityOfPage\":{\"@id\":\"https:\\\/\\\/www.yucatanencorto.com\\\/noticias\\\/la-suprema-corte-de-justicia-de-la-nacion-reconoce-la-validez-de-la-ley-3-de-3\\\/\"},\"wordCount\":270,\"image\":{\"@id\":\"https:\\\/\\\/www.yucatanencorto.com\\\/noticias\\\/la-suprema-corte-de-justicia-de-la-nacion-reconoce-la-validez-de-la-ley-3-de-3\\\/#primaryimage\"},\"thumbnailUrl\":\"https:\\\/\\\/www.yucatanencorto.com\\\/noticias\\\/wp-content\\\/uploads\\\/2023\\\/01\\\/WhatsApp-Image-2023-01-17-at-15.47.53-scaled.jpeg\",\"articleSection\":[\"Yucat\u00e1n\"],\"inLanguage\":\"es\"},{\"@type\":\"WebPage\",\"@id\":\"https:\\\/\\\/www.yucatanencorto.com\\\/noticias\\\/la-suprema-corte-de-justicia-de-la-nacion-reconoce-la-validez-de-la-ley-3-de-3\\\/\",\"url\":\"https:\\\/\\\/www.yucatanencorto.com\\\/noticias\\\/la-suprema-corte-de-justicia-de-la-nacion-reconoce-la-validez-de-la-ley-3-de-3\\\/\",\"name\":\"La Suprema Corte de Justicia de la Naci\u00f3n, reconoce la validez de la Ley 3 de 3 - Yucat\u00e1n en corto\",\"isPartOf\":{\"@id\":\"https:\\\/\\\/www.yucatanencorto.com\\\/noticias\\\/#website\"},\"primaryImageOfPage\":{\"@id\":\"https:\\\/\\\/www.yucatanencorto.com\\\/noticias\\\/la-suprema-corte-de-justicia-de-la-nacion-reconoce-la-validez-de-la-ley-3-de-3\\\/#primaryimage\"},\"image\":{\"@id\":\"https:\\\/\\\/www.yucatanencorto.com\\\/noticias\\\/la-suprema-corte-de-justicia-de-la-nacion-reconoce-la-validez-de-la-ley-3-de-3\\\/#primaryimage\"},\"thumbnailUrl\":\"https:\\\/\\\/www.yucatanencorto.com\\\/noticias\\\/wp-content\\\/uploads\\\/2023\\\/01\\\/WhatsApp-Image-2023-01-17-at-15.47.53-scaled.jpeg\",\"datePublished\":\"2023-01-17T22:27:13+00:00\",\"dateModified\":\"2023-01-17T22:27:21+00:00\",\"author\":{\"@id\":\"https:\\\/\\\/www.yucatanencorto.com\\\/noticias\\\/#\\\/schema\\\/person\\\/14f82d355225a1f4075dd84a31f45a72\"},\"breadcrumb\":{\"@id\":\"https:\\\/\\\/www.yucatanencorto.com\\\/noticias\\\/la-suprema-corte-de-justicia-de-la-nacion-reconoce-la-validez-de-la-ley-3-de-3\\\/#breadcrumb\"},\"inLanguage\":\"es\",\"potentialAction\":[{\"@type\":\"ReadAction\",\"target\":[\"https:\\\/\\\/www.yucatanencorto.com\\\/noticias\\\/la-suprema-corte-de-justicia-de-la-nacion-reconoce-la-validez-de-la-ley-3-de-3\\\/\"]}]},{\"@type\":\"ImageObject\",\"inLanguage\":\"es\",\"@id\":\"https:\\\/\\\/www.yucatanencorto.com\\\/noticias\\\/la-suprema-corte-de-justicia-de-la-nacion-reconoce-la-validez-de-la-ley-3-de-3\\\/#primaryimage\",\"url\":\"https:\\\/\\\/www.yucatanencorto.com\\\/noticias\\\/wp-content\\\/uploads\\\/2023\\\/01\\\/WhatsApp-Image-2023-01-17-at-15.47.53-scaled.jpeg\",\"contentUrl\":\"https:\\\/\\\/www.yucatanencorto.com\\\/noticias\\\/wp-content\\\/uploads\\\/2023\\\/01\\\/WhatsApp-Image-2023-01-17-at-15.47.53-scaled.jpeg\",\"width\":768,\"height\":512},{\"@type\":\"BreadcrumbList\",\"@id\":\"https:\\\/\\\/www.yucatanencorto.com\\\/noticias\\\/la-suprema-corte-de-justicia-de-la-nacion-reconoce-la-validez-de-la-ley-3-de-3\\\/#breadcrumb\",\"itemListElement\":[{\"@type\":\"ListItem\",\"position\":1,\"name\":\"Portada\",\"item\":\"https:\\\/\\\/www.yucatanencorto.com\\\/noticias\\\/\"},{\"@type\":\"ListItem\",\"position\":2,\"name\":\"La Suprema Corte de Justicia de la Naci\u00f3n, reconoce la validez de la Ley 3 de 3\"}]},{\"@type\":\"WebSite\",\"@id\":\"https:\\\/\\\/www.yucatanencorto.com\\\/noticias\\\/#website\",\"url\":\"https:\\\/\\\/www.yucatanencorto.com\\\/noticias\\\/\",\"name\":\"Yucat\u00e1n en corto\",\"description\":\"Noticias\",\"potentialAction\":[{\"@type\":\"SearchAction\",\"target\":{\"@type\":\"EntryPoint\",\"urlTemplate\":\"https:\\\/\\\/www.yucatanencorto.com\\\/noticias\\\/?s={search_term_string}\"},\"query-input\":{\"@type\":\"PropertyValueSpecification\",\"valueRequired\":true,\"valueName\":\"search_term_string\"}}],\"inLanguage\":\"es\"},{\"@type\":\"Person\",\"@id\":\"https:\\\/\\\/www.yucatanencorto.com\\\/noticias\\\/#\\\/schema\\\/person\\\/14f82d355225a1f4075dd84a31f45a72\",\"name\":\"Yucat\u00e1n en Corto FC\",\"image\":{\"@type\":\"ImageObject\",\"inLanguage\":\"es\",\"@id\":\"https:\\\/\\\/secure.gravatar.com\\\/avatar\\\/147d4b30cd728c53c29c49a3f7834dedca33707f4cd259761355846009a88250?s=96&d=mm&r=g\",\"url\":\"https:\\\/\\\/secure.gravatar.com\\\/avatar\\\/147d4b30cd728c53c29c49a3f7834dedca33707f4cd259761355846009a88250?s=96&d=mm&r=g\",\"contentUrl\":\"https:\\\/\\\/secure.gravatar.com\\\/avatar\\\/147d4b30cd728c53c29c49a3f7834dedca33707f4cd259761355846009a88250?s=96&d=mm&r=g\",\"caption\":\"Yucat\u00e1n en Corto FC\"},\"url\":\"https:\\\/\\\/www.yucatanencorto.com\\\/noticias\\\/author\\\/flor\\\/\"}]}<\/script>\n<!-- \/ Yoast SEO plugin. -->","yoast_head_json":{"title":"La Suprema Corte de Justicia de la Naci\u00f3n, reconoce la validez de la Ley 3 de 3 - Yucat\u00e1n en corto","robots":{"index":"index","follow":"follow","max-snippet":"max-snippet:-1","max-image-preview":"max-image-preview:large","max-video-preview":"max-video-preview:-1"},"canonical":"https:\/\/www.yucatanencorto.com\/noticias\/la-suprema-corte-de-justicia-de-la-nacion-reconoce-la-validez-de-la-ley-3-de-3\/","og_locale":"es_ES","og_type":"article","og_title":"La Suprema Corte de Justicia de la Naci\u00f3n, reconoce la validez de la Ley 3 de 3 - Yucat\u00e1n en corto","og_description":"M\u00e9rida, Yucat\u00e1n, 17 de enero de 2023 Este martes en la Sesi\u00f3n del Pleno de la Suprema Corte de Justicia de la Naci\u00f3n, se resolvi\u00f3 la acci\u00f3n de inconstitucionalidad 98\/2022, promovida por la Comisi\u00f3n Nacional de los Derechos Humanos (CNDH), demandando la invalidez de diversas disposiciones a las leyes de la Comisi\u00f3n de Derechos Humanos, [&hellip;]","og_url":"https:\/\/www.yucatanencorto.com\/noticias\/la-suprema-corte-de-justicia-de-la-nacion-reconoce-la-validez-de-la-ley-3-de-3\/","og_site_name":"Yucat\u00e1n en corto","article_publisher":"http:\/\/www.facebook.com\/yucatanencorto","article_published_time":"2023-01-17T22:27:13+00:00","article_modified_time":"2023-01-17T22:27:21+00:00","og_image":[{"width":768,"height":512,"url":"https:\/\/www.yucatanencorto.com\/noticias\/wp-content\/uploads\/2023\/01\/WhatsApp-Image-2023-01-17-at-15.47.53-scaled.jpeg","type":"image\/jpeg"}],"author":"Yucat\u00e1n en Corto FC","twitter_card":"summary_large_image","twitter_creator":"@yucatanencorto","twitter_site":"@yucatanencorto","twitter_misc":{"Escrito por":"Yucat\u00e1n en Corto FC","Tiempo de lectura":"2 minutos"},"schema":{"@context":"https:\/\/schema.org","@graph":[{"@type":"Article","@id":"https:\/\/www.yucatanencorto.com\/noticias\/la-suprema-corte-de-justicia-de-la-nacion-reconoce-la-validez-de-la-ley-3-de-3\/#article","isPartOf":{"@id":"https:\/\/www.yucatanencorto.com\/noticias\/la-suprema-corte-de-justicia-de-la-nacion-reconoce-la-validez-de-la-ley-3-de-3\/"},"author":{"name":"Yucat\u00e1n en Corto FC","@id":"https:\/\/www.yucatanencorto.com\/noticias\/#\/schema\/person\/14f82d355225a1f4075dd84a31f45a72"},"headline":"La Suprema Corte de Justicia de la Naci\u00f3n, reconoce la validez de la Ley 3 de 3","datePublished":"2023-01-17T22:27:13+00:00","dateModified":"2023-01-17T22:27:21+00:00","mainEntityOfPage":{"@id":"https:\/\/www.yucatanencorto.com\/noticias\/la-suprema-corte-de-justicia-de-la-nacion-reconoce-la-validez-de-la-ley-3-de-3\/"},"wordCount":270,"image":{"@id":"https:\/\/www.yucatanencorto.com\/noticias\/la-suprema-corte-de-justicia-de-la-nacion-reconoce-la-validez-de-la-ley-3-de-3\/#primaryimage"},"thumbnailUrl":"https:\/\/www.yucatanencorto.com\/noticias\/wp-content\/uploads\/2023\/01\/WhatsApp-Image-2023-01-17-at-15.47.53-scaled.jpeg","articleSection":["Yucat\u00e1n"],"inLanguage":"es"},{"@type":"WebPage","@id":"https:\/\/www.yucatanencorto.com\/noticias\/la-suprema-corte-de-justicia-de-la-nacion-reconoce-la-validez-de-la-ley-3-de-3\/","url":"https:\/\/www.yucatanencorto.com\/noticias\/la-suprema-corte-de-justicia-de-la-nacion-reconoce-la-validez-de-la-ley-3-de-3\/","name":"La Suprema Corte de Justicia de la Naci\u00f3n, reconoce la validez de la Ley 3 de 3 - Yucat\u00e1n en corto","isPartOf":{"@id":"https:\/\/www.yucatanencorto.com\/noticias\/#website"},"primaryImageOfPage":{"@id":"https:\/\/www.yucatanencorto.com\/noticias\/la-suprema-corte-de-justicia-de-la-nacion-reconoce-la-validez-de-la-ley-3-de-3\/#primaryimage"},"image":{"@id":"https:\/\/www.yucatanencorto.com\/noticias\/la-suprema-corte-de-justicia-de-la-nacion-reconoce-la-validez-de-la-ley-3-de-3\/#primaryimage"},"thumbnailUrl":"https:\/\/www.yucatanencorto.com\/noticias\/wp-content\/uploads\/2023\/01\/WhatsApp-Image-2023-01-17-at-15.47.53-scaled.jpeg","datePublished":"2023-01-17T22:27:13+00:00","dateModified":"2023-01-17T22:27:21+00:00","author":{"@id":"https:\/\/www.yucatanencorto.com\/noticias\/#\/schema\/person\/14f82d355225a1f4075dd84a31f45a72"},"breadcrumb":{"@id":"https:\/\/www.yucatanencorto.com\/noticias\/la-suprema-corte-de-justicia-de-la-nacion-reconoce-la-validez-de-la-ley-3-de-3\/#breadcrumb"},"inLanguage":"es","potentialAction":[{"@type":"ReadAction","target":["https:\/\/www.yucatanencorto.com\/noticias\/la-suprema-corte-de-justicia-de-la-nacion-reconoce-la-validez-de-la-ley-3-de-3\/"]}]},{"@type":"ImageObject","inLanguage":"es","@id":"https:\/\/www.yucatanencorto.com\/noticias\/la-suprema-corte-de-justicia-de-la-nacion-reconoce-la-validez-de-la-ley-3-de-3\/#primaryimage","url":"https:\/\/www.yucatanencorto.com\/noticias\/wp-content\/uploads\/2023\/01\/WhatsApp-Image-2023-01-17-at-15.47.53-scaled.jpeg","contentUrl":"https:\/\/www.yucatanencorto.com\/noticias\/wp-content\/uploads\/2023\/01\/WhatsApp-Image-2023-01-17-at-15.47.53-scaled.jpeg","width":768,"height":512},{"@type":"BreadcrumbList","@id":"https:\/\/www.yucatanencorto.com\/noticias\/la-suprema-corte-de-justicia-de-la-nacion-reconoce-la-validez-de-la-ley-3-de-3\/#breadcrumb","itemListElement":[{"@type":"ListItem","position":1,"name":"Portada","item":"https:\/\/www.yucatanencorto.com\/noticias\/"},{"@type":"ListItem","position":2,"name":"La Suprema Corte de Justicia de la Naci\u00f3n, reconoce la validez de la Ley 3 de 3"}]},{"@type":"WebSite","@id":"https:\/\/www.yucatanencorto.com\/noticias\/#website","url":"https:\/\/www.yucatanencorto.com\/noticias\/","name":"Yucat\u00e1n en corto","description":"Noticias","potentialAction":[{"@type":"SearchAction","target":{"@type":"EntryPoint","urlTemplate":"https:\/\/www.yucatanencorto.com\/noticias\/?s={search_term_string}"},"query-input":{"@type":"PropertyValueSpecification","valueRequired":true,"valueName":"search_term_string"}}],"inLanguage":"es"},{"@type":"Person","@id":"https:\/\/www.yucatanencorto.com\/noticias\/#\/schema\/person\/14f82d355225a1f4075dd84a31f45a72","name":"Yucat\u00e1n en Corto FC","image":{"@type":"ImageObject","inLanguage":"es","@id":"https:\/\/secure.gravatar.com\/avatar\/147d4b30cd728c53c29c49a3f7834dedca33707f4cd259761355846009a88250?s=96&d=mm&r=g","url":"https:\/\/secure.gravatar.com\/avatar\/147d4b30cd728c53c29c49a3f7834dedca33707f4cd259761355846009a88250?s=96&d=mm&r=g","contentUrl":"https:\/\/secure.gravatar.com\/avatar\/147d4b30cd728c53c29c49a3f7834dedca33707f4cd259761355846009a88250?s=96&d=mm&r=g","caption":"Yucat\u00e1n en Corto FC"},"url":"https:\/\/www.yucatanencorto.com\/noticias\/author\/flor\/"}]}},"_links":{"self":[{"href":"https:\/\/www.yucatanencorto.com\/noticias\/wp-json\/wp\/v2\/posts\/96118","targetHints":{"allow":["GET"]}}],"collection":[{"href":"https:\/\/www.yucatanencorto.com\/noticias\/wp-json\/wp\/v2\/posts"}],"about":[{"href":"https:\/\/www.yucatanencorto.com\/noticias\/wp-json\/wp\/v2\/types\/post"}],"author":[{"embeddable":true,"href":"https:\/\/www.yucatanencorto.com\/noticias\/wp-json\/wp\/v2\/users\/2"}],"replies":[{"embeddable":true,"href":"https:\/\/www.yucatanencorto.com\/noticias\/wp-json\/wp\/v2\/comments?post=96118"}],"version-history":[{"count":0,"href":"https:\/\/www.yucatanencorto.com\/noticias\/wp-json\/wp\/v2\/posts\/96118\/revisions"}],"wp:featuredmedia":[{"embeddable":true,"href":"https:\/\/www.yucatanencorto.com\/noticias\/wp-json\/wp\/v2\/media\/96119"}],"wp:attachment":[{"href":"https:\/\/www.yucatanencorto.com\/noticias\/wp-json\/wp\/v2\/media?parent=96118"}],"wp:term":[{"taxonomy":"category","embeddable":true,"href":"https:\/\/www.yucatanencorto.com\/noticias\/wp-json\/wp\/v2\/categories?post=96118"},{"taxonomy":"post_tag","embeddable":true,"href":"https:\/\/www.yucatanencorto.com\/noticias\/wp-json\/wp\/v2\/tags?post=96118"}],"curies":[{"name":"wp","href":"https:\/\/api.w.org\/{rel}","templated":true}]}}