{"id":96121,"date":"2023-01-17T16:37:05","date_gmt":"2023-01-17T22:37:05","guid":{"rendered":"https:\/\/www.yucatanencorto.com\/noticias\/?p=96121"},"modified":"2023-01-17T16:41:24","modified_gmt":"2023-01-17T22:41:24","slug":"yucatan-sera-sede-de-la-13-reunion-anual-del-grupo-de-trabajo-de-gobernadores-sobre-clima-y-bosques","status":"publish","type":"post","link":"https:\/\/www.yucatanencorto.com\/noticias\/yucatan-sera-sede-de-la-13-reunion-anual-del-grupo-de-trabajo-de-gobernadores-sobre-clima-y-bosques\/","title":{"rendered":"Yucat\u00e1n ser\u00e1 sede de la 13 Reuni\u00f3n Anual del Grupo de Trabajo de Gobernadores sobre Clima y Bosques"},"content":{"rendered":"<p><img loading=\"lazy\" decoding=\"async\" class=\"alignnone size-full wp-image-96126\" src=\"https:\/\/www.yucatanencorto.com\/noticias\/wp-content\/uploads\/2023\/01\/0001-2-1-scaled.jpg\" alt=\"\" width=\"768\" height=\"512\" srcset=\"https:\/\/www.yucatanencorto.com\/noticias\/wp-content\/uploads\/2023\/01\/0001-2-1-scaled.jpg 768w, https:\/\/www.yucatanencorto.com\/noticias\/wp-content\/uploads\/2023\/01\/0001-2-1-696x464.jpg 696w, https:\/\/www.yucatanencorto.com\/noticias\/wp-content\/uploads\/2023\/01\/0001-2-1-1068x712.jpg 1068w, https:\/\/www.yucatanencorto.com\/noticias\/wp-content\/uploads\/2023\/01\/0001-2-1-630x420.jpg 630w\" sizes=\"auto, (max-width: 768px) 100vw, 768px\" \/><\/p>\n<p>M\u00e9rida, Yucat\u00e1n, 17 de enero de 2023.- Como parte del impulso que el Gobernador Mauricio Vila Dosal ha dado a las acciones a favor del medio ambiente, Yucat\u00e1n ser\u00e1 sede de la 13 Reuni\u00f3n Anual del Grupo de Trabajo de Gobernadores sobre Clima, Selvas y Bosques (GCF Task Force), del cual es presidente.<\/p>\n<p>&nbsp;<\/p>\n<p>Dicho encuentro, que reunir\u00e1 a personalidades de 39 Estados y provincias miembros que abarcan m\u00e1s de un tercio de los bosques tropicales del mundo para desarrollar e implementar programas innovadores o mejores pr\u00e1cticas, se realizar\u00e1 de manera paralela a la primera Cumbre Internacional Biosphera, del 7 al 10 de febrero pr\u00f3ximos, en el Centro de Convenciones \u201cYucat\u00e1n Siglo XXI\u201d.<\/p>\n<p>&nbsp;<\/p>\n<p>En rueda de prensa, la titular de la Secretar\u00eda de Desarrollo Sustentable (SDS) local, Sayda Rodr\u00edguez G\u00f3mez, detall\u00f3 que la protecci\u00f3n de estos ecosistemas, reducci\u00f3n de emisiones de carbono causadas por la deforestaci\u00f3n y degradaci\u00f3n de la masa forestal, as\u00ed como el fomento al desarrollo de las comunidades, son los objetivos principales de la convocatoria del GCF Task Force.<\/p>\n<p>&nbsp;<\/p>\n<p>Asimismo, bajo el lema \u201cLa salud del planeta, la salud de todo(s)\u201d, la primera edici\u00f3n de Biosphera busca promover el enfoque \u201cone health (una sola salud)\u201d y generar esfuerzos de colaboraci\u00f3n entre m\u00faltiples disciplinas que operen local, nacional y globalmente para prevenir y proponer soluciones que permitan lograr condiciones \u00f3ptimas para las personas y el medio ambiente.<\/p>\n<p>&nbsp;<\/p>\n<p>Manuel Redondo, presidente de FIRA Barcelona M\u00e9xico y Pronus; Silvia Llamas Prado, coordinadora del GCF Task Force en la Rep\u00fablica, y Melissa Rojas, titular de Biosphera, ofrecieron detalles sobre la doble convocatoria, que juntar\u00e1 a m\u00e1s de 80 conferencistas, 150 organizaciones y la representaci\u00f3n de 50 gobiernos, provenientes de diversos pa\u00edses del orbe.<\/p>\n<p>&nbsp;<\/p>\n<p>Resaltaron que la invitaci\u00f3n est\u00e1 abierta a autoridades, universidades, centros de investigaci\u00f3n, medios de comunicaci\u00f3n, compa\u00f1\u00edas, sociedad civil y agendas regionales o mundiales, de diferentes rubros, que est\u00e9n dispuestos a promover e intercambiar conocimientos o experiencias respecto de este t\u00f3pico.<\/p>\n<p>&nbsp;<\/p>\n<p>Se abordar\u00e1 6 tem\u00e1ticas relevantes para contribuir con resolver las presentes necesidades de los ecosistemas: Poblaciones y comunidades ind\u00edgenas; Gobernanza y pol\u00edticas p\u00fablicas sustentables; Salud integrativa; Conservaci\u00f3n; Econom\u00eda del futuro o verde, y Conocimiento, tecnolog\u00eda e innovaci\u00f3n, para la conservaci\u00f3n y la restauraci\u00f3n.<\/p>\n<p>&nbsp;<\/p>\n<p>Finalmente, expusieron la importancia de sumar voluntades, por lo que extendieron el llamado a los sectores p\u00fablico y privado, a registrarse en la p\u00e1gina www.biosphera.bio y estar pendientes de la conversaci\u00f3n, a trav\u00e9s de los perfiles oficiales en Instagram, @biosphera.cumbre, y Twitter, @biospheracumbre.<\/p>\n","protected":false},"excerpt":{"rendered":"<p>M\u00e9rida, Yucat\u00e1n, 17 de enero de 2023.- Como parte del impulso que el Gobernador Mauricio Vila Dosal ha dado a las acciones a favor del medio ambiente, Yucat\u00e1n ser\u00e1 sede de la 13 Reuni\u00f3n Anual del Grupo de Trabajo de Gobernadores sobre Clima, Selvas y Bosques (GCF Task Force), del cual es presidente. &nbsp; Dicho [&hellip;]<\/p>\n","protected":false},"author":2,"featured_media":96126,"comment_status":"closed","ping_status":"closed","sticky":false,"template":"","format":"standard","meta":{"footnotes":""},"categories":[3],"tags":[],"class_list":{"0":"post-96121","1":"post","2":"type-post","3":"status-publish","4":"format-standard","5":"has-post-thumbnail","7":"category-yucatan"},"yoast_head":"<!-- This site is optimized with the Yoast SEO plugin v27.5 - https:\/\/yoast.com\/product\/yoast-seo-wordpress\/ -->\n<title>Yucat\u00e1n ser\u00e1 sede de la 13 Reuni\u00f3n Anual del Grupo de Trabajo de Gobernadores sobre Clima y Bosques - Yucat\u00e1n en corto<\/title>\n<meta name=\"robots\" content=\"index, follow, max-snippet:-1, max-image-preview:large, max-video-preview:-1\" \/>\n<link rel=\"canonical\" href=\"https:\/\/www.yucatanencorto.com\/noticias\/yucatan-sera-sede-de-la-13-reunion-anual-del-grupo-de-trabajo-de-gobernadores-sobre-clima-y-bosques\/\" \/>\n<meta property=\"og:locale\" content=\"es_ES\" \/>\n<meta property=\"og:type\" content=\"article\" \/>\n<meta property=\"og:title\" content=\"Yucat\u00e1n ser\u00e1 sede de la 13 Reuni\u00f3n Anual del Grupo de Trabajo de Gobernadores sobre Clima y Bosques - Yucat\u00e1n en corto\" \/>\n<meta property=\"og:description\" content=\"M\u00e9rida, Yucat\u00e1n, 17 de enero de 2023.- Como parte del impulso que el Gobernador Mauricio Vila Dosal ha dado a las acciones a favor del medio ambiente, Yucat\u00e1n ser\u00e1 sede de la 13 Reuni\u00f3n Anual del Grupo de Trabajo de Gobernadores sobre Clima, Selvas y Bosques (GCF Task Force), del cual es presidente. &nbsp; Dicho [&hellip;]\" \/>\n<meta property=\"og:url\" content=\"https:\/\/www.yucatanencorto.com\/noticias\/yucatan-sera-sede-de-la-13-reunion-anual-del-grupo-de-trabajo-de-gobernadores-sobre-clima-y-bosques\/\" \/>\n<meta property=\"og:site_name\" content=\"Yucat\u00e1n en corto\" \/>\n<meta property=\"article:publisher\" content=\"http:\/\/www.facebook.com\/yucatanencorto\" \/>\n<meta property=\"article:published_time\" content=\"2023-01-17T22:37:05+00:00\" \/>\n<meta property=\"article:modified_time\" content=\"2023-01-17T22:41:24+00:00\" \/>\n<meta property=\"og:image\" content=\"https:\/\/www.yucatanencorto.com\/noticias\/wp-content\/uploads\/2023\/01\/0001-2-1-scaled.jpg\" \/>\n\t<meta property=\"og:image:width\" content=\"768\" \/>\n\t<meta property=\"og:image:height\" content=\"512\" \/>\n\t<meta property=\"og:image:type\" content=\"image\/jpeg\" \/>\n<meta name=\"author\" content=\"Yucat\u00e1n en Corto FC\" \/>\n<meta name=\"twitter:card\" content=\"summary_large_image\" \/>\n<meta name=\"twitter:creator\" content=\"@yucatanencorto\" \/>\n<meta name=\"twitter:site\" content=\"@yucatanencorto\" \/>\n<meta name=\"twitter:label1\" content=\"Escrito por\" \/>\n\t<meta name=\"twitter:data1\" content=\"Yucat\u00e1n en Corto FC\" \/>\n\t<meta name=\"twitter:label2\" content=\"Tiempo de lectura\" \/>\n\t<meta name=\"twitter:data2\" content=\"2 minutos\" \/>\n<script type=\"application\/ld+json\" class=\"yoast-schema-graph\">{\"@context\":\"https:\\\/\\\/schema.org\",\"@graph\":[{\"@type\":\"Article\",\"@id\":\"https:\\\/\\\/www.yucatanencorto.com\\\/noticias\\\/yucatan-sera-sede-de-la-13-reunion-anual-del-grupo-de-trabajo-de-gobernadores-sobre-clima-y-bosques\\\/#article\",\"isPartOf\":{\"@id\":\"https:\\\/\\\/www.yucatanencorto.com\\\/noticias\\\/yucatan-sera-sede-de-la-13-reunion-anual-del-grupo-de-trabajo-de-gobernadores-sobre-clima-y-bosques\\\/\"},\"author\":{\"name\":\"Yucat\u00e1n en Corto FC\",\"@id\":\"https:\\\/\\\/www.yucatanencorto.com\\\/noticias\\\/#\\\/schema\\\/person\\\/14f82d355225a1f4075dd84a31f45a72\"},\"headline\":\"Yucat\u00e1n ser\u00e1 sede de la 13 Reuni\u00f3n Anual del Grupo de Trabajo de Gobernadores sobre Clima y Bosques\",\"datePublished\":\"2023-01-17T22:37:05+00:00\",\"dateModified\":\"2023-01-17T22:41:24+00:00\",\"mainEntityOfPage\":{\"@id\":\"https:\\\/\\\/www.yucatanencorto.com\\\/noticias\\\/yucatan-sera-sede-de-la-13-reunion-anual-del-grupo-de-trabajo-de-gobernadores-sobre-clima-y-bosques\\\/\"},\"wordCount\":471,\"image\":{\"@id\":\"https:\\\/\\\/www.yucatanencorto.com\\\/noticias\\\/yucatan-sera-sede-de-la-13-reunion-anual-del-grupo-de-trabajo-de-gobernadores-sobre-clima-y-bosques\\\/#primaryimage\"},\"thumbnailUrl\":\"https:\\\/\\\/www.yucatanencorto.com\\\/noticias\\\/wp-content\\\/uploads\\\/2023\\\/01\\\/0001-2-1-scaled.jpg\",\"articleSection\":[\"Yucat\u00e1n\"],\"inLanguage\":\"es\"},{\"@type\":\"WebPage\",\"@id\":\"https:\\\/\\\/www.yucatanencorto.com\\\/noticias\\\/yucatan-sera-sede-de-la-13-reunion-anual-del-grupo-de-trabajo-de-gobernadores-sobre-clima-y-bosques\\\/\",\"url\":\"https:\\\/\\\/www.yucatanencorto.com\\\/noticias\\\/yucatan-sera-sede-de-la-13-reunion-anual-del-grupo-de-trabajo-de-gobernadores-sobre-clima-y-bosques\\\/\",\"name\":\"Yucat\u00e1n ser\u00e1 sede de la 13 Reuni\u00f3n Anual del Grupo de Trabajo de Gobernadores sobre Clima y Bosques - Yucat\u00e1n en corto\",\"isPartOf\":{\"@id\":\"https:\\\/\\\/www.yucatanencorto.com\\\/noticias\\\/#website\"},\"primaryImageOfPage\":{\"@id\":\"https:\\\/\\\/www.yucatanencorto.com\\\/noticias\\\/yucatan-sera-sede-de-la-13-reunion-anual-del-grupo-de-trabajo-de-gobernadores-sobre-clima-y-bosques\\\/#primaryimage\"},\"image\":{\"@id\":\"https:\\\/\\\/www.yucatanencorto.com\\\/noticias\\\/yucatan-sera-sede-de-la-13-reunion-anual-del-grupo-de-trabajo-de-gobernadores-sobre-clima-y-bosques\\\/#primaryimage\"},\"thumbnailUrl\":\"https:\\\/\\\/www.yucatanencorto.com\\\/noticias\\\/wp-content\\\/uploads\\\/2023\\\/01\\\/0001-2-1-scaled.jpg\",\"datePublished\":\"2023-01-17T22:37:05+00:00\",\"dateModified\":\"2023-01-17T22:41:24+00:00\",\"author\":{\"@id\":\"https:\\\/\\\/www.yucatanencorto.com\\\/noticias\\\/#\\\/schema\\\/person\\\/14f82d355225a1f4075dd84a31f45a72\"},\"breadcrumb\":{\"@id\":\"https:\\\/\\\/www.yucatanencorto.com\\\/noticias\\\/yucatan-sera-sede-de-la-13-reunion-anual-del-grupo-de-trabajo-de-gobernadores-sobre-clima-y-bosques\\\/#breadcrumb\"},\"inLanguage\":\"es\",\"potentialAction\":[{\"@type\":\"ReadAction\",\"target\":[\"https:\\\/\\\/www.yucatanencorto.com\\\/noticias\\\/yucatan-sera-sede-de-la-13-reunion-anual-del-grupo-de-trabajo-de-gobernadores-sobre-clima-y-bosques\\\/\"]}]},{\"@type\":\"ImageObject\",\"inLanguage\":\"es\",\"@id\":\"https:\\\/\\\/www.yucatanencorto.com\\\/noticias\\\/yucatan-sera-sede-de-la-13-reunion-anual-del-grupo-de-trabajo-de-gobernadores-sobre-clima-y-bosques\\\/#primaryimage\",\"url\":\"https:\\\/\\\/www.yucatanencorto.com\\\/noticias\\\/wp-content\\\/uploads\\\/2023\\\/01\\\/0001-2-1-scaled.jpg\",\"contentUrl\":\"https:\\\/\\\/www.yucatanencorto.com\\\/noticias\\\/wp-content\\\/uploads\\\/2023\\\/01\\\/0001-2-1-scaled.jpg\",\"width\":768,\"height\":512},{\"@type\":\"BreadcrumbList\",\"@id\":\"https:\\\/\\\/www.yucatanencorto.com\\\/noticias\\\/yucatan-sera-sede-de-la-13-reunion-anual-del-grupo-de-trabajo-de-gobernadores-sobre-clima-y-bosques\\\/#breadcrumb\",\"itemListElement\":[{\"@type\":\"ListItem\",\"position\":1,\"name\":\"Portada\",\"item\":\"https:\\\/\\\/www.yucatanencorto.com\\\/noticias\\\/\"},{\"@type\":\"ListItem\",\"position\":2,\"name\":\"Yucat\u00e1n ser\u00e1 sede de la 13 Reuni\u00f3n Anual del Grupo de Trabajo de Gobernadores sobre Clima y Bosques\"}]},{\"@type\":\"WebSite\",\"@id\":\"https:\\\/\\\/www.yucatanencorto.com\\\/noticias\\\/#website\",\"url\":\"https:\\\/\\\/www.yucatanencorto.com\\\/noticias\\\/\",\"name\":\"Yucat\u00e1n en corto\",\"description\":\"Noticias\",\"potentialAction\":[{\"@type\":\"SearchAction\",\"target\":{\"@type\":\"EntryPoint\",\"urlTemplate\":\"https:\\\/\\\/www.yucatanencorto.com\\\/noticias\\\/?s={search_term_string}\"},\"query-input\":{\"@type\":\"PropertyValueSpecification\",\"valueRequired\":true,\"valueName\":\"search_term_string\"}}],\"inLanguage\":\"es\"},{\"@type\":\"Person\",\"@id\":\"https:\\\/\\\/www.yucatanencorto.com\\\/noticias\\\/#\\\/schema\\\/person\\\/14f82d355225a1f4075dd84a31f45a72\",\"name\":\"Yucat\u00e1n en Corto FC\",\"image\":{\"@type\":\"ImageObject\",\"inLanguage\":\"es\",\"@id\":\"https:\\\/\\\/secure.gravatar.com\\\/avatar\\\/147d4b30cd728c53c29c49a3f7834dedca33707f4cd259761355846009a88250?s=96&d=mm&r=g\",\"url\":\"https:\\\/\\\/secure.gravatar.com\\\/avatar\\\/147d4b30cd728c53c29c49a3f7834dedca33707f4cd259761355846009a88250?s=96&d=mm&r=g\",\"contentUrl\":\"https:\\\/\\\/secure.gravatar.com\\\/avatar\\\/147d4b30cd728c53c29c49a3f7834dedca33707f4cd259761355846009a88250?s=96&d=mm&r=g\",\"caption\":\"Yucat\u00e1n en Corto FC\"},\"url\":\"https:\\\/\\\/www.yucatanencorto.com\\\/noticias\\\/author\\\/flor\\\/\"}]}<\/script>\n<!-- \/ Yoast SEO plugin. -->","yoast_head_json":{"title":"Yucat\u00e1n ser\u00e1 sede de la 13 Reuni\u00f3n Anual del Grupo de Trabajo de Gobernadores sobre Clima y Bosques - Yucat\u00e1n en corto","robots":{"index":"index","follow":"follow","max-snippet":"max-snippet:-1","max-image-preview":"max-image-preview:large","max-video-preview":"max-video-preview:-1"},"canonical":"https:\/\/www.yucatanencorto.com\/noticias\/yucatan-sera-sede-de-la-13-reunion-anual-del-grupo-de-trabajo-de-gobernadores-sobre-clima-y-bosques\/","og_locale":"es_ES","og_type":"article","og_title":"Yucat\u00e1n ser\u00e1 sede de la 13 Reuni\u00f3n Anual del Grupo de Trabajo de Gobernadores sobre Clima y Bosques - Yucat\u00e1n en corto","og_description":"M\u00e9rida, Yucat\u00e1n, 17 de enero de 2023.- Como parte del impulso que el Gobernador Mauricio Vila Dosal ha dado a las acciones a favor del medio ambiente, Yucat\u00e1n ser\u00e1 sede de la 13 Reuni\u00f3n Anual del Grupo de Trabajo de Gobernadores sobre Clima, Selvas y Bosques (GCF Task Force), del cual es presidente. &nbsp; Dicho [&hellip;]","og_url":"https:\/\/www.yucatanencorto.com\/noticias\/yucatan-sera-sede-de-la-13-reunion-anual-del-grupo-de-trabajo-de-gobernadores-sobre-clima-y-bosques\/","og_site_name":"Yucat\u00e1n en corto","article_publisher":"http:\/\/www.facebook.com\/yucatanencorto","article_published_time":"2023-01-17T22:37:05+00:00","article_modified_time":"2023-01-17T22:41:24+00:00","og_image":[{"width":768,"height":512,"url":"https:\/\/www.yucatanencorto.com\/noticias\/wp-content\/uploads\/2023\/01\/0001-2-1-scaled.jpg","type":"image\/jpeg"}],"author":"Yucat\u00e1n en Corto FC","twitter_card":"summary_large_image","twitter_creator":"@yucatanencorto","twitter_site":"@yucatanencorto","twitter_misc":{"Escrito por":"Yucat\u00e1n en Corto FC","Tiempo de lectura":"2 minutos"},"schema":{"@context":"https:\/\/schema.org","@graph":[{"@type":"Article","@id":"https:\/\/www.yucatanencorto.com\/noticias\/yucatan-sera-sede-de-la-13-reunion-anual-del-grupo-de-trabajo-de-gobernadores-sobre-clima-y-bosques\/#article","isPartOf":{"@id":"https:\/\/www.yucatanencorto.com\/noticias\/yucatan-sera-sede-de-la-13-reunion-anual-del-grupo-de-trabajo-de-gobernadores-sobre-clima-y-bosques\/"},"author":{"name":"Yucat\u00e1n en Corto FC","@id":"https:\/\/www.yucatanencorto.com\/noticias\/#\/schema\/person\/14f82d355225a1f4075dd84a31f45a72"},"headline":"Yucat\u00e1n ser\u00e1 sede de la 13 Reuni\u00f3n Anual del Grupo de Trabajo de Gobernadores sobre Clima y Bosques","datePublished":"2023-01-17T22:37:05+00:00","dateModified":"2023-01-17T22:41:24+00:00","mainEntityOfPage":{"@id":"https:\/\/www.yucatanencorto.com\/noticias\/yucatan-sera-sede-de-la-13-reunion-anual-del-grupo-de-trabajo-de-gobernadores-sobre-clima-y-bosques\/"},"wordCount":471,"image":{"@id":"https:\/\/www.yucatanencorto.com\/noticias\/yucatan-sera-sede-de-la-13-reunion-anual-del-grupo-de-trabajo-de-gobernadores-sobre-clima-y-bosques\/#primaryimage"},"thumbnailUrl":"https:\/\/www.yucatanencorto.com\/noticias\/wp-content\/uploads\/2023\/01\/0001-2-1-scaled.jpg","articleSection":["Yucat\u00e1n"],"inLanguage":"es"},{"@type":"WebPage","@id":"https:\/\/www.yucatanencorto.com\/noticias\/yucatan-sera-sede-de-la-13-reunion-anual-del-grupo-de-trabajo-de-gobernadores-sobre-clima-y-bosques\/","url":"https:\/\/www.yucatanencorto.com\/noticias\/yucatan-sera-sede-de-la-13-reunion-anual-del-grupo-de-trabajo-de-gobernadores-sobre-clima-y-bosques\/","name":"Yucat\u00e1n ser\u00e1 sede de la 13 Reuni\u00f3n Anual del Grupo de Trabajo de Gobernadores sobre Clima y Bosques - Yucat\u00e1n en corto","isPartOf":{"@id":"https:\/\/www.yucatanencorto.com\/noticias\/#website"},"primaryImageOfPage":{"@id":"https:\/\/www.yucatanencorto.com\/noticias\/yucatan-sera-sede-de-la-13-reunion-anual-del-grupo-de-trabajo-de-gobernadores-sobre-clima-y-bosques\/#primaryimage"},"image":{"@id":"https:\/\/www.yucatanencorto.com\/noticias\/yucatan-sera-sede-de-la-13-reunion-anual-del-grupo-de-trabajo-de-gobernadores-sobre-clima-y-bosques\/#primaryimage"},"thumbnailUrl":"https:\/\/www.yucatanencorto.com\/noticias\/wp-content\/uploads\/2023\/01\/0001-2-1-scaled.jpg","datePublished":"2023-01-17T22:37:05+00:00","dateModified":"2023-01-17T22:41:24+00:00","author":{"@id":"https:\/\/www.yucatanencorto.com\/noticias\/#\/schema\/person\/14f82d355225a1f4075dd84a31f45a72"},"breadcrumb":{"@id":"https:\/\/www.yucatanencorto.com\/noticias\/yucatan-sera-sede-de-la-13-reunion-anual-del-grupo-de-trabajo-de-gobernadores-sobre-clima-y-bosques\/#breadcrumb"},"inLanguage":"es","potentialAction":[{"@type":"ReadAction","target":["https:\/\/www.yucatanencorto.com\/noticias\/yucatan-sera-sede-de-la-13-reunion-anual-del-grupo-de-trabajo-de-gobernadores-sobre-clima-y-bosques\/"]}]},{"@type":"ImageObject","inLanguage":"es","@id":"https:\/\/www.yucatanencorto.com\/noticias\/yucatan-sera-sede-de-la-13-reunion-anual-del-grupo-de-trabajo-de-gobernadores-sobre-clima-y-bosques\/#primaryimage","url":"https:\/\/www.yucatanencorto.com\/noticias\/wp-content\/uploads\/2023\/01\/0001-2-1-scaled.jpg","contentUrl":"https:\/\/www.yucatanencorto.com\/noticias\/wp-content\/uploads\/2023\/01\/0001-2-1-scaled.jpg","width":768,"height":512},{"@type":"BreadcrumbList","@id":"https:\/\/www.yucatanencorto.com\/noticias\/yucatan-sera-sede-de-la-13-reunion-anual-del-grupo-de-trabajo-de-gobernadores-sobre-clima-y-bosques\/#breadcrumb","itemListElement":[{"@type":"ListItem","position":1,"name":"Portada","item":"https:\/\/www.yucatanencorto.com\/noticias\/"},{"@type":"ListItem","position":2,"name":"Yucat\u00e1n ser\u00e1 sede de la 13 Reuni\u00f3n Anual del Grupo de Trabajo de Gobernadores sobre Clima y Bosques"}]},{"@type":"WebSite","@id":"https:\/\/www.yucatanencorto.com\/noticias\/#website","url":"https:\/\/www.yucatanencorto.com\/noticias\/","name":"Yucat\u00e1n en corto","description":"Noticias","potentialAction":[{"@type":"SearchAction","target":{"@type":"EntryPoint","urlTemplate":"https:\/\/www.yucatanencorto.com\/noticias\/?s={search_term_string}"},"query-input":{"@type":"PropertyValueSpecification","valueRequired":true,"valueName":"search_term_string"}}],"inLanguage":"es"},{"@type":"Person","@id":"https:\/\/www.yucatanencorto.com\/noticias\/#\/schema\/person\/14f82d355225a1f4075dd84a31f45a72","name":"Yucat\u00e1n en Corto FC","image":{"@type":"ImageObject","inLanguage":"es","@id":"https:\/\/secure.gravatar.com\/avatar\/147d4b30cd728c53c29c49a3f7834dedca33707f4cd259761355846009a88250?s=96&d=mm&r=g","url":"https:\/\/secure.gravatar.com\/avatar\/147d4b30cd728c53c29c49a3f7834dedca33707f4cd259761355846009a88250?s=96&d=mm&r=g","contentUrl":"https:\/\/secure.gravatar.com\/avatar\/147d4b30cd728c53c29c49a3f7834dedca33707f4cd259761355846009a88250?s=96&d=mm&r=g","caption":"Yucat\u00e1n en Corto FC"},"url":"https:\/\/www.yucatanencorto.com\/noticias\/author\/flor\/"}]}},"_links":{"self":[{"href":"https:\/\/www.yucatanencorto.com\/noticias\/wp-json\/wp\/v2\/posts\/96121","targetHints":{"allow":["GET"]}}],"collection":[{"href":"https:\/\/www.yucatanencorto.com\/noticias\/wp-json\/wp\/v2\/posts"}],"about":[{"href":"https:\/\/www.yucatanencorto.com\/noticias\/wp-json\/wp\/v2\/types\/post"}],"author":[{"embeddable":true,"href":"https:\/\/www.yucatanencorto.com\/noticias\/wp-json\/wp\/v2\/users\/2"}],"replies":[{"embeddable":true,"href":"https:\/\/www.yucatanencorto.com\/noticias\/wp-json\/wp\/v2\/comments?post=96121"}],"version-history":[{"count":0,"href":"https:\/\/www.yucatanencorto.com\/noticias\/wp-json\/wp\/v2\/posts\/96121\/revisions"}],"wp:featuredmedia":[{"embeddable":true,"href":"https:\/\/www.yucatanencorto.com\/noticias\/wp-json\/wp\/v2\/media\/96126"}],"wp:attachment":[{"href":"https:\/\/www.yucatanencorto.com\/noticias\/wp-json\/wp\/v2\/media?parent=96121"}],"wp:term":[{"taxonomy":"category","embeddable":true,"href":"https:\/\/www.yucatanencorto.com\/noticias\/wp-json\/wp\/v2\/categories?post=96121"},{"taxonomy":"post_tag","embeddable":true,"href":"https:\/\/www.yucatanencorto.com\/noticias\/wp-json\/wp\/v2\/tags?post=96121"}],"curies":[{"name":"wp","href":"https:\/\/api.w.org\/{rel}","templated":true}]}}