{"id":96944,"date":"2023-03-01T15:01:58","date_gmt":"2023-03-01T21:01:58","guid":{"rendered":"https:\/\/www.yucatanencorto.com\/noticias\/?p=96944"},"modified":"2023-03-01T15:01:58","modified_gmt":"2023-03-01T21:01:58","slug":"menores-podran-usar-tiktok-solo-60-minutos-al-dia","status":"publish","type":"post","link":"https:\/\/www.yucatanencorto.com\/noticias\/menores-podran-usar-tiktok-solo-60-minutos-al-dia\/","title":{"rendered":"Menores podr\u00e1n usar TikTok s\u00f3lo 60 minutos al d\u00eda"},"content":{"rendered":"<p><img loading=\"lazy\" decoding=\"async\" class=\"alignnone size-full wp-image-96945\" src=\"https:\/\/www.yucatanencorto.com\/noticias\/wp-content\/uploads\/2023\/03\/1210371677687600tiktokmenoresint.webp\" alt=\"\" width=\"730\" height=\"486\" srcset=\"https:\/\/www.yucatanencorto.com\/noticias\/wp-content\/uploads\/2023\/03\/1210371677687600tiktokmenoresint.webp 730w, https:\/\/www.yucatanencorto.com\/noticias\/wp-content\/uploads\/2023\/03\/1210371677687600tiktokmenoresint-696x463.webp 696w, https:\/\/www.yucatanencorto.com\/noticias\/wp-content\/uploads\/2023\/03\/1210371677687600tiktokmenoresint-631x420.webp 631w\" sizes=\"auto, (max-width: 730px) 100vw, 730px\" \/><\/p>\n<p>TikTok anunci\u00f3 el mi\u00e9rcoles que los menores de edad tendr\u00e1n una preferencia est\u00e1ndar de uso de s\u00f3lo 60 minutos al d\u00eda, en medio de preocupaciones sobre la seguridad de la app de propiedad china.<\/p>\n<p>Cormac Keenan, jefe de confiabilidad y seguridad de TikTok, dijo en un blog el mi\u00e9rcoles que al pasar los 60 minutos, el menor recibir\u00e1 un mensaje para registrar una contrase\u00f1a y as\u00ed tomar \u201cla decisi\u00f3n activa\u201d de seguir usando la app de videos.<\/p>\n<p>Para los menores de 13 a\u00f1os, un padre o tutor deber\u00e1 ingresar una contrase\u00f1a para que el menor tenga otros 30 minutos de uso.<\/p>\n<p>TikTok indic\u00f3 que tuvo la idea del l\u00edmite de 60 minutos tras consultar investigaciones acad\u00e9micas y con expertos del Laboratorio del Buen Uso Digital en el Hospital Pedi\u00e1trico de Boston.<\/p>\n<p>Ejecutivos de redes sociales, incluyendo de TikTok, han sido convocados a hablar ante el Congreso de Estados Unidos para explicar qu\u00e9 est\u00e1n haciendo a fin de evitar da\u00f1os a los menores de edad.<\/p>\n<p>TikTok dijo tambi\u00e9n el mi\u00e9rcoles que comenzar\u00e1 a estimular a los adolescentes a fijarse un l\u00edmite de uso diario si optan por eximirse del l\u00edmite inicial de 60 minutos.<\/p>\n<p>La compa\u00f1\u00eda les enviar\u00e1 mensajes semanalmente a los adolescentes con un conteo del uso que le dieron a la aplicaci\u00f3n esa semana.<\/p>\n<p>Algunas de las medidas de protecci\u00f3n a menores aplicadas por TikTok incluyen que las cuentas sean cuentas privadas para usuarios de 13 a 15 a\u00f1os, y ofrecer servicios de mensajes directos s\u00f3lo para los mayores de 16.<\/p>\n","protected":false},"excerpt":{"rendered":"<p>TikTok anunci\u00f3 el mi\u00e9rcoles que los menores de edad tendr\u00e1n una preferencia est\u00e1ndar de uso de s\u00f3lo 60 minutos al d\u00eda, en medio de preocupaciones sobre la seguridad de la app de propiedad china. Cormac Keenan, jefe de confiabilidad y seguridad de TikTok, dijo en un blog el mi\u00e9rcoles que al pasar los 60 minutos, [&hellip;]<\/p>\n","protected":false},"author":2,"featured_media":96945,"comment_status":"closed","ping_status":"closed","sticky":false,"template":"","format":"standard","meta":{"footnotes":""},"categories":[11],"tags":[],"class_list":{"0":"post-96944","1":"post","2":"type-post","3":"status-publish","4":"format-standard","5":"has-post-thumbnail","7":"category-tecnologia-y-ciencia"},"yoast_head":"<!-- This site is optimized with the Yoast SEO plugin v27.5 - https:\/\/yoast.com\/product\/yoast-seo-wordpress\/ -->\n<title>Menores podr\u00e1n usar TikTok s\u00f3lo 60 minutos al d\u00eda - Yucat\u00e1n en corto<\/title>\n<meta name=\"robots\" content=\"index, follow, max-snippet:-1, max-image-preview:large, max-video-preview:-1\" \/>\n<link rel=\"canonical\" href=\"https:\/\/www.yucatanencorto.com\/noticias\/menores-podran-usar-tiktok-solo-60-minutos-al-dia\/\" \/>\n<meta property=\"og:locale\" content=\"es_ES\" \/>\n<meta property=\"og:type\" content=\"article\" \/>\n<meta property=\"og:title\" content=\"Menores podr\u00e1n usar TikTok s\u00f3lo 60 minutos al d\u00eda - Yucat\u00e1n en corto\" \/>\n<meta property=\"og:description\" content=\"TikTok anunci\u00f3 el mi\u00e9rcoles que los menores de edad tendr\u00e1n una preferencia est\u00e1ndar de uso de s\u00f3lo 60 minutos al d\u00eda, en medio de preocupaciones sobre la seguridad de la app de propiedad china. Cormac Keenan, jefe de confiabilidad y seguridad de TikTok, dijo en un blog el mi\u00e9rcoles que al pasar los 60 minutos, [&hellip;]\" \/>\n<meta property=\"og:url\" content=\"https:\/\/www.yucatanencorto.com\/noticias\/menores-podran-usar-tiktok-solo-60-minutos-al-dia\/\" \/>\n<meta property=\"og:site_name\" content=\"Yucat\u00e1n en corto\" \/>\n<meta property=\"article:publisher\" content=\"http:\/\/www.facebook.com\/yucatanencorto\" \/>\n<meta property=\"article:published_time\" content=\"2023-03-01T21:01:58+00:00\" \/>\n<meta property=\"og:image\" content=\"https:\/\/www.yucatanencorto.com\/noticias\/wp-content\/uploads\/2023\/03\/1210371677687600tiktokmenoresint.webp\" \/>\n\t<meta property=\"og:image:width\" content=\"730\" \/>\n\t<meta property=\"og:image:height\" content=\"486\" \/>\n\t<meta property=\"og:image:type\" content=\"image\/webp\" \/>\n<meta name=\"author\" content=\"Yucat\u00e1n en Corto FC\" \/>\n<meta name=\"twitter:card\" content=\"summary_large_image\" \/>\n<meta name=\"twitter:creator\" content=\"@yucatanencorto\" \/>\n<meta name=\"twitter:site\" content=\"@yucatanencorto\" \/>\n<meta name=\"twitter:label1\" content=\"Escrito por\" \/>\n\t<meta name=\"twitter:data1\" content=\"Yucat\u00e1n en Corto FC\" \/>\n\t<meta name=\"twitter:label2\" content=\"Tiempo de lectura\" \/>\n\t<meta name=\"twitter:data2\" content=\"2 minutos\" \/>\n<script type=\"application\/ld+json\" class=\"yoast-schema-graph\">{\"@context\":\"https:\\\/\\\/schema.org\",\"@graph\":[{\"@type\":\"Article\",\"@id\":\"https:\\\/\\\/www.yucatanencorto.com\\\/noticias\\\/menores-podran-usar-tiktok-solo-60-minutos-al-dia\\\/#article\",\"isPartOf\":{\"@id\":\"https:\\\/\\\/www.yucatanencorto.com\\\/noticias\\\/menores-podran-usar-tiktok-solo-60-minutos-al-dia\\\/\"},\"author\":{\"name\":\"Yucat\u00e1n en Corto FC\",\"@id\":\"https:\\\/\\\/www.yucatanencorto.com\\\/noticias\\\/#\\\/schema\\\/person\\\/14f82d355225a1f4075dd84a31f45a72\"},\"headline\":\"Menores podr\u00e1n usar TikTok s\u00f3lo 60 minutos al d\u00eda\",\"datePublished\":\"2023-03-01T21:01:58+00:00\",\"mainEntityOfPage\":{\"@id\":\"https:\\\/\\\/www.yucatanencorto.com\\\/noticias\\\/menores-podran-usar-tiktok-solo-60-minutos-al-dia\\\/\"},\"wordCount\":278,\"image\":{\"@id\":\"https:\\\/\\\/www.yucatanencorto.com\\\/noticias\\\/menores-podran-usar-tiktok-solo-60-minutos-al-dia\\\/#primaryimage\"},\"thumbnailUrl\":\"https:\\\/\\\/www.yucatanencorto.com\\\/noticias\\\/wp-content\\\/uploads\\\/2023\\\/03\\\/1210371677687600tiktokmenoresint.webp\",\"articleSection\":[\"Tecnolog\u00eda y Ciencia\"],\"inLanguage\":\"es\"},{\"@type\":\"WebPage\",\"@id\":\"https:\\\/\\\/www.yucatanencorto.com\\\/noticias\\\/menores-podran-usar-tiktok-solo-60-minutos-al-dia\\\/\",\"url\":\"https:\\\/\\\/www.yucatanencorto.com\\\/noticias\\\/menores-podran-usar-tiktok-solo-60-minutos-al-dia\\\/\",\"name\":\"Menores podr\u00e1n usar TikTok s\u00f3lo 60 minutos al d\u00eda - Yucat\u00e1n en corto\",\"isPartOf\":{\"@id\":\"https:\\\/\\\/www.yucatanencorto.com\\\/noticias\\\/#website\"},\"primaryImageOfPage\":{\"@id\":\"https:\\\/\\\/www.yucatanencorto.com\\\/noticias\\\/menores-podran-usar-tiktok-solo-60-minutos-al-dia\\\/#primaryimage\"},\"image\":{\"@id\":\"https:\\\/\\\/www.yucatanencorto.com\\\/noticias\\\/menores-podran-usar-tiktok-solo-60-minutos-al-dia\\\/#primaryimage\"},\"thumbnailUrl\":\"https:\\\/\\\/www.yucatanencorto.com\\\/noticias\\\/wp-content\\\/uploads\\\/2023\\\/03\\\/1210371677687600tiktokmenoresint.webp\",\"datePublished\":\"2023-03-01T21:01:58+00:00\",\"author\":{\"@id\":\"https:\\\/\\\/www.yucatanencorto.com\\\/noticias\\\/#\\\/schema\\\/person\\\/14f82d355225a1f4075dd84a31f45a72\"},\"breadcrumb\":{\"@id\":\"https:\\\/\\\/www.yucatanencorto.com\\\/noticias\\\/menores-podran-usar-tiktok-solo-60-minutos-al-dia\\\/#breadcrumb\"},\"inLanguage\":\"es\",\"potentialAction\":[{\"@type\":\"ReadAction\",\"target\":[\"https:\\\/\\\/www.yucatanencorto.com\\\/noticias\\\/menores-podran-usar-tiktok-solo-60-minutos-al-dia\\\/\"]}]},{\"@type\":\"ImageObject\",\"inLanguage\":\"es\",\"@id\":\"https:\\\/\\\/www.yucatanencorto.com\\\/noticias\\\/menores-podran-usar-tiktok-solo-60-minutos-al-dia\\\/#primaryimage\",\"url\":\"https:\\\/\\\/www.yucatanencorto.com\\\/noticias\\\/wp-content\\\/uploads\\\/2023\\\/03\\\/1210371677687600tiktokmenoresint.webp\",\"contentUrl\":\"https:\\\/\\\/www.yucatanencorto.com\\\/noticias\\\/wp-content\\\/uploads\\\/2023\\\/03\\\/1210371677687600tiktokmenoresint.webp\",\"width\":730,\"height\":486},{\"@type\":\"BreadcrumbList\",\"@id\":\"https:\\\/\\\/www.yucatanencorto.com\\\/noticias\\\/menores-podran-usar-tiktok-solo-60-minutos-al-dia\\\/#breadcrumb\",\"itemListElement\":[{\"@type\":\"ListItem\",\"position\":1,\"name\":\"Portada\",\"item\":\"https:\\\/\\\/www.yucatanencorto.com\\\/noticias\\\/\"},{\"@type\":\"ListItem\",\"position\":2,\"name\":\"Menores podr\u00e1n usar TikTok s\u00f3lo 60 minutos al d\u00eda\"}]},{\"@type\":\"WebSite\",\"@id\":\"https:\\\/\\\/www.yucatanencorto.com\\\/noticias\\\/#website\",\"url\":\"https:\\\/\\\/www.yucatanencorto.com\\\/noticias\\\/\",\"name\":\"Yucat\u00e1n en corto\",\"description\":\"Noticias\",\"potentialAction\":[{\"@type\":\"SearchAction\",\"target\":{\"@type\":\"EntryPoint\",\"urlTemplate\":\"https:\\\/\\\/www.yucatanencorto.com\\\/noticias\\\/?s={search_term_string}\"},\"query-input\":{\"@type\":\"PropertyValueSpecification\",\"valueRequired\":true,\"valueName\":\"search_term_string\"}}],\"inLanguage\":\"es\"},{\"@type\":\"Person\",\"@id\":\"https:\\\/\\\/www.yucatanencorto.com\\\/noticias\\\/#\\\/schema\\\/person\\\/14f82d355225a1f4075dd84a31f45a72\",\"name\":\"Yucat\u00e1n en Corto FC\",\"image\":{\"@type\":\"ImageObject\",\"inLanguage\":\"es\",\"@id\":\"https:\\\/\\\/secure.gravatar.com\\\/avatar\\\/147d4b30cd728c53c29c49a3f7834dedca33707f4cd259761355846009a88250?s=96&d=mm&r=g\",\"url\":\"https:\\\/\\\/secure.gravatar.com\\\/avatar\\\/147d4b30cd728c53c29c49a3f7834dedca33707f4cd259761355846009a88250?s=96&d=mm&r=g\",\"contentUrl\":\"https:\\\/\\\/secure.gravatar.com\\\/avatar\\\/147d4b30cd728c53c29c49a3f7834dedca33707f4cd259761355846009a88250?s=96&d=mm&r=g\",\"caption\":\"Yucat\u00e1n en Corto FC\"},\"url\":\"https:\\\/\\\/www.yucatanencorto.com\\\/noticias\\\/author\\\/flor\\\/\"}]}<\/script>\n<!-- \/ Yoast SEO plugin. -->","yoast_head_json":{"title":"Menores podr\u00e1n usar TikTok s\u00f3lo 60 minutos al d\u00eda - Yucat\u00e1n en corto","robots":{"index":"index","follow":"follow","max-snippet":"max-snippet:-1","max-image-preview":"max-image-preview:large","max-video-preview":"max-video-preview:-1"},"canonical":"https:\/\/www.yucatanencorto.com\/noticias\/menores-podran-usar-tiktok-solo-60-minutos-al-dia\/","og_locale":"es_ES","og_type":"article","og_title":"Menores podr\u00e1n usar TikTok s\u00f3lo 60 minutos al d\u00eda - Yucat\u00e1n en corto","og_description":"TikTok anunci\u00f3 el mi\u00e9rcoles que los menores de edad tendr\u00e1n una preferencia est\u00e1ndar de uso de s\u00f3lo 60 minutos al d\u00eda, en medio de preocupaciones sobre la seguridad de la app de propiedad china. Cormac Keenan, jefe de confiabilidad y seguridad de TikTok, dijo en un blog el mi\u00e9rcoles que al pasar los 60 minutos, [&hellip;]","og_url":"https:\/\/www.yucatanencorto.com\/noticias\/menores-podran-usar-tiktok-solo-60-minutos-al-dia\/","og_site_name":"Yucat\u00e1n en corto","article_publisher":"http:\/\/www.facebook.com\/yucatanencorto","article_published_time":"2023-03-01T21:01:58+00:00","og_image":[{"width":730,"height":486,"url":"https:\/\/www.yucatanencorto.com\/noticias\/wp-content\/uploads\/2023\/03\/1210371677687600tiktokmenoresint.webp","type":"image\/webp"}],"author":"Yucat\u00e1n en Corto FC","twitter_card":"summary_large_image","twitter_creator":"@yucatanencorto","twitter_site":"@yucatanencorto","twitter_misc":{"Escrito por":"Yucat\u00e1n en Corto FC","Tiempo de lectura":"2 minutos"},"schema":{"@context":"https:\/\/schema.org","@graph":[{"@type":"Article","@id":"https:\/\/www.yucatanencorto.com\/noticias\/menores-podran-usar-tiktok-solo-60-minutos-al-dia\/#article","isPartOf":{"@id":"https:\/\/www.yucatanencorto.com\/noticias\/menores-podran-usar-tiktok-solo-60-minutos-al-dia\/"},"author":{"name":"Yucat\u00e1n en Corto FC","@id":"https:\/\/www.yucatanencorto.com\/noticias\/#\/schema\/person\/14f82d355225a1f4075dd84a31f45a72"},"headline":"Menores podr\u00e1n usar TikTok s\u00f3lo 60 minutos al d\u00eda","datePublished":"2023-03-01T21:01:58+00:00","mainEntityOfPage":{"@id":"https:\/\/www.yucatanencorto.com\/noticias\/menores-podran-usar-tiktok-solo-60-minutos-al-dia\/"},"wordCount":278,"image":{"@id":"https:\/\/www.yucatanencorto.com\/noticias\/menores-podran-usar-tiktok-solo-60-minutos-al-dia\/#primaryimage"},"thumbnailUrl":"https:\/\/www.yucatanencorto.com\/noticias\/wp-content\/uploads\/2023\/03\/1210371677687600tiktokmenoresint.webp","articleSection":["Tecnolog\u00eda y Ciencia"],"inLanguage":"es"},{"@type":"WebPage","@id":"https:\/\/www.yucatanencorto.com\/noticias\/menores-podran-usar-tiktok-solo-60-minutos-al-dia\/","url":"https:\/\/www.yucatanencorto.com\/noticias\/menores-podran-usar-tiktok-solo-60-minutos-al-dia\/","name":"Menores podr\u00e1n usar TikTok s\u00f3lo 60 minutos al d\u00eda - Yucat\u00e1n en corto","isPartOf":{"@id":"https:\/\/www.yucatanencorto.com\/noticias\/#website"},"primaryImageOfPage":{"@id":"https:\/\/www.yucatanencorto.com\/noticias\/menores-podran-usar-tiktok-solo-60-minutos-al-dia\/#primaryimage"},"image":{"@id":"https:\/\/www.yucatanencorto.com\/noticias\/menores-podran-usar-tiktok-solo-60-minutos-al-dia\/#primaryimage"},"thumbnailUrl":"https:\/\/www.yucatanencorto.com\/noticias\/wp-content\/uploads\/2023\/03\/1210371677687600tiktokmenoresint.webp","datePublished":"2023-03-01T21:01:58+00:00","author":{"@id":"https:\/\/www.yucatanencorto.com\/noticias\/#\/schema\/person\/14f82d355225a1f4075dd84a31f45a72"},"breadcrumb":{"@id":"https:\/\/www.yucatanencorto.com\/noticias\/menores-podran-usar-tiktok-solo-60-minutos-al-dia\/#breadcrumb"},"inLanguage":"es","potentialAction":[{"@type":"ReadAction","target":["https:\/\/www.yucatanencorto.com\/noticias\/menores-podran-usar-tiktok-solo-60-minutos-al-dia\/"]}]},{"@type":"ImageObject","inLanguage":"es","@id":"https:\/\/www.yucatanencorto.com\/noticias\/menores-podran-usar-tiktok-solo-60-minutos-al-dia\/#primaryimage","url":"https:\/\/www.yucatanencorto.com\/noticias\/wp-content\/uploads\/2023\/03\/1210371677687600tiktokmenoresint.webp","contentUrl":"https:\/\/www.yucatanencorto.com\/noticias\/wp-content\/uploads\/2023\/03\/1210371677687600tiktokmenoresint.webp","width":730,"height":486},{"@type":"BreadcrumbList","@id":"https:\/\/www.yucatanencorto.com\/noticias\/menores-podran-usar-tiktok-solo-60-minutos-al-dia\/#breadcrumb","itemListElement":[{"@type":"ListItem","position":1,"name":"Portada","item":"https:\/\/www.yucatanencorto.com\/noticias\/"},{"@type":"ListItem","position":2,"name":"Menores podr\u00e1n usar TikTok s\u00f3lo 60 minutos al d\u00eda"}]},{"@type":"WebSite","@id":"https:\/\/www.yucatanencorto.com\/noticias\/#website","url":"https:\/\/www.yucatanencorto.com\/noticias\/","name":"Yucat\u00e1n en corto","description":"Noticias","potentialAction":[{"@type":"SearchAction","target":{"@type":"EntryPoint","urlTemplate":"https:\/\/www.yucatanencorto.com\/noticias\/?s={search_term_string}"},"query-input":{"@type":"PropertyValueSpecification","valueRequired":true,"valueName":"search_term_string"}}],"inLanguage":"es"},{"@type":"Person","@id":"https:\/\/www.yucatanencorto.com\/noticias\/#\/schema\/person\/14f82d355225a1f4075dd84a31f45a72","name":"Yucat\u00e1n en Corto FC","image":{"@type":"ImageObject","inLanguage":"es","@id":"https:\/\/secure.gravatar.com\/avatar\/147d4b30cd728c53c29c49a3f7834dedca33707f4cd259761355846009a88250?s=96&d=mm&r=g","url":"https:\/\/secure.gravatar.com\/avatar\/147d4b30cd728c53c29c49a3f7834dedca33707f4cd259761355846009a88250?s=96&d=mm&r=g","contentUrl":"https:\/\/secure.gravatar.com\/avatar\/147d4b30cd728c53c29c49a3f7834dedca33707f4cd259761355846009a88250?s=96&d=mm&r=g","caption":"Yucat\u00e1n en Corto FC"},"url":"https:\/\/www.yucatanencorto.com\/noticias\/author\/flor\/"}]}},"_links":{"self":[{"href":"https:\/\/www.yucatanencorto.com\/noticias\/wp-json\/wp\/v2\/posts\/96944","targetHints":{"allow":["GET"]}}],"collection":[{"href":"https:\/\/www.yucatanencorto.com\/noticias\/wp-json\/wp\/v2\/posts"}],"about":[{"href":"https:\/\/www.yucatanencorto.com\/noticias\/wp-json\/wp\/v2\/types\/post"}],"author":[{"embeddable":true,"href":"https:\/\/www.yucatanencorto.com\/noticias\/wp-json\/wp\/v2\/users\/2"}],"replies":[{"embeddable":true,"href":"https:\/\/www.yucatanencorto.com\/noticias\/wp-json\/wp\/v2\/comments?post=96944"}],"version-history":[{"count":0,"href":"https:\/\/www.yucatanencorto.com\/noticias\/wp-json\/wp\/v2\/posts\/96944\/revisions"}],"wp:featuredmedia":[{"embeddable":true,"href":"https:\/\/www.yucatanencorto.com\/noticias\/wp-json\/wp\/v2\/media\/96945"}],"wp:attachment":[{"href":"https:\/\/www.yucatanencorto.com\/noticias\/wp-json\/wp\/v2\/media?parent=96944"}],"wp:term":[{"taxonomy":"category","embeddable":true,"href":"https:\/\/www.yucatanencorto.com\/noticias\/wp-json\/wp\/v2\/categories?post=96944"},{"taxonomy":"post_tag","embeddable":true,"href":"https:\/\/www.yucatanencorto.com\/noticias\/wp-json\/wp\/v2\/tags?post=96944"}],"curies":[{"name":"wp","href":"https:\/\/api.w.org\/{rel}","templated":true}]}}