{"id":97206,"date":"2023-03-17T19:28:24","date_gmt":"2023-03-18T01:28:24","guid":{"rendered":"https:\/\/www.yucatanencorto.com\/noticias\/?p=97206"},"modified":"2023-03-17T19:28:24","modified_gmt":"2023-03-18T01:28:24","slug":"la-voz-de-la-cumbia-presenta-paleteando-entre-yucas","status":"publish","type":"post","link":"https:\/\/www.yucatanencorto.com\/noticias\/la-voz-de-la-cumbia-presenta-paleteando-entre-yucas\/","title":{"rendered":"La Voz De La Cumbia presenta \u201cPaleteando Entre Yucas\u201d"},"content":{"rendered":"<p><img loading=\"lazy\" decoding=\"async\" class=\"alignnone size-full wp-image-97207\" src=\"https:\/\/www.yucatanencorto.com\/noticias\/wp-content\/uploads\/2023\/03\/9688A754-B5AC-4865-BBCA-500FEE4ED574-scaled.jpeg\" alt=\"\" width=\"768\" height=\"432\" srcset=\"https:\/\/www.yucatanencorto.com\/noticias\/wp-content\/uploads\/2023\/03\/9688A754-B5AC-4865-BBCA-500FEE4ED574-scaled.jpeg 768w, https:\/\/www.yucatanencorto.com\/noticias\/wp-content\/uploads\/2023\/03\/9688A754-B5AC-4865-BBCA-500FEE4ED574-1536x864.jpeg 1536w, https:\/\/www.yucatanencorto.com\/noticias\/wp-content\/uploads\/2023\/03\/9688A754-B5AC-4865-BBCA-500FEE4ED574-696x392.jpeg 696w, https:\/\/www.yucatanencorto.com\/noticias\/wp-content\/uploads\/2023\/03\/9688A754-B5AC-4865-BBCA-500FEE4ED574-1068x601.jpeg 1068w, https:\/\/www.yucatanencorto.com\/noticias\/wp-content\/uploads\/2023\/03\/9688A754-B5AC-4865-BBCA-500FEE4ED574-747x420.jpeg 747w\" sizes=\"auto, (max-width: 768px) 100vw, 768px\" \/><br \/>\nJuan Carlos Tapia \u201cPaleto\u201d present\u00f3 a los medios de comunicaci\u00f3n la colaboraci\u00f3n de duetos musicales con 7 talentos yucatecos del ambiente musical: Reyes Herrera \u201cPil\u00f3n\u201d de Los M\u00e9ndez; Luis Acevedo de Par-Chis; Estibent Sosa y Los Reyes del Sabor; Wilberth M\u00e9ndez de La Carcajada; Josue Catzin de Capitanes de la Cumbia; Sa\u00fal Ayala y su Moreno Show ; y el compositor yucateco Felipe de la Cruz._<\/p>\n<p>\u201cPaleteando Entre Yucas\u201d es la colaboraci\u00f3n de 7 interpretes de la regi\u00f3n, con quienes se grabaron 10 canciones que \u201cPaleto\u201d ha interpretado en sus m\u00e1s de 30 a\u00f1os de carrera.<\/p>\n<p>\u201cQuer\u00eda tener un acercamiento con mis colegas, a veces coincidimos en los bailes pero nos encontramos ocupados en las pruebas de audio y no podemos convivir, por eso quise hacer este proyecto, para reforzar ese cari\u00f1o que nos tenemos y aprovechar su enorme talento\u201d, mencion\u00f3 Tapia al inicio de la presentaci\u00f3n.<\/p>\n<p>\u201cPaleto\u201d idealiz\u00f3 el proyecto pero fueron los grupos musicales quienes lo hicieron posible, \u201cCuando les marcamos y les platicamos del proyecto, recib\u00ed un s\u00ed de inmediato y eso me anim\u00f3 aun m\u00e1s, claro que hubieron grupos que me dijeron que no\u201d .<\/p>\n<p>Durante la grabaci\u00f3n de los 10 videos musicales realizados en la comisar\u00eda de Dzununc\u00e1n en M\u00e9rida, \u00abLa Voz De La Cumbia\u00bb, se uni\u00f3 a los grupos musicales, para interpretar las melod\u00edas acorde al estilo musical de cada uno de ellos.<\/p>\n<p>Pil\u00f3n y Los M\u00e9ndez con \u00abEl cangrejito\u00bb; Moreno Show con \u00abTe va a gustar\u00bb ; Parchis con \u201cLa flor del pantano\u00bb y \u201cEl \u00faltimo trago\u201d; Felipe de la Cruz con \u00abAmor Barato\u00bb ; Capitanes de la Cumbia con \u201cLa enfermera\u00bb ; La Carcajada con \u201cPonte a bailar\u201d; por mencionar algunos.<\/p>\n<p>Durante la rueda de prensa se le cuestion\u00f3 a \u00abPaleto\u00bb el por qu\u00e9 apoya tanto a los talentos yucatecos, \u201cUn d\u00eda me dije a mi mismo, si yo puedo evitar que ellos pasen lo que yo pas\u00e9, lo voy a hacer, y si yo puedo apoyarlos, lo har\u00e9\u201d.<\/p>\n<p>A la presentaci\u00f3n de este gran proyecto acudieron los l\u00edderes de las agrupaciones: Reyes Herrera \u201cPil\u00f3n\u201d, Estibent Sosa, Josu\u00e9 Catzin, Sa\u00fal Ayala y Felipe de la Cruz, a los cuales \u201cPaleto\u201d y todo su equipo agradecieron su valiosa participaci\u00f3n a este tren musical llamado \u201cPaleteando Entre Yucas\u201d.<\/p>\n","protected":false},"excerpt":{"rendered":"<p>Juan Carlos Tapia \u201cPaleto\u201d present\u00f3 a los medios de comunicaci\u00f3n la colaboraci\u00f3n de duetos musicales con 7 talentos yucatecos del ambiente musical: Reyes Herrera \u201cPil\u00f3n\u201d de Los M\u00e9ndez; Luis Acevedo de Par-Chis; Estibent Sosa y Los Reyes del Sabor; Wilberth M\u00e9ndez de La Carcajada; Josue Catzin de Capitanes de la Cumbia; Sa\u00fal Ayala y su [&hellip;]<\/p>\n","protected":false},"author":2,"featured_media":97207,"comment_status":"closed","ping_status":"closed","sticky":false,"template":"","format":"standard","meta":{"footnotes":""},"categories":[3],"tags":[],"class_list":{"0":"post-97206","1":"post","2":"type-post","3":"status-publish","4":"format-standard","5":"has-post-thumbnail","7":"category-yucatan"},"yoast_head":"<!-- This site is optimized with the Yoast SEO plugin v27.4 - https:\/\/yoast.com\/product\/yoast-seo-wordpress\/ -->\n<title>La Voz De La Cumbia presenta \u201cPaleteando Entre Yucas\u201d - Yucat\u00e1n en corto<\/title>\n<meta name=\"robots\" content=\"index, follow, max-snippet:-1, max-image-preview:large, max-video-preview:-1\" \/>\n<link rel=\"canonical\" href=\"https:\/\/www.yucatanencorto.com\/noticias\/la-voz-de-la-cumbia-presenta-paleteando-entre-yucas\/\" \/>\n<meta property=\"og:locale\" content=\"es_ES\" \/>\n<meta property=\"og:type\" content=\"article\" \/>\n<meta property=\"og:title\" content=\"La Voz De La Cumbia presenta \u201cPaleteando Entre Yucas\u201d - Yucat\u00e1n en corto\" \/>\n<meta property=\"og:description\" content=\"Juan Carlos Tapia \u201cPaleto\u201d present\u00f3 a los medios de comunicaci\u00f3n la colaboraci\u00f3n de duetos musicales con 7 talentos yucatecos del ambiente musical: Reyes Herrera \u201cPil\u00f3n\u201d de Los M\u00e9ndez; Luis Acevedo de Par-Chis; Estibent Sosa y Los Reyes del Sabor; Wilberth M\u00e9ndez de La Carcajada; Josue Catzin de Capitanes de la Cumbia; Sa\u00fal Ayala y su [&hellip;]\" \/>\n<meta property=\"og:url\" content=\"https:\/\/www.yucatanencorto.com\/noticias\/la-voz-de-la-cumbia-presenta-paleteando-entre-yucas\/\" \/>\n<meta property=\"og:site_name\" content=\"Yucat\u00e1n en corto\" \/>\n<meta property=\"article:publisher\" content=\"http:\/\/www.facebook.com\/yucatanencorto\" \/>\n<meta property=\"article:published_time\" content=\"2023-03-18T01:28:24+00:00\" \/>\n<meta property=\"og:image\" content=\"https:\/\/www.yucatanencorto.com\/noticias\/wp-content\/uploads\/2023\/03\/9688A754-B5AC-4865-BBCA-500FEE4ED574-scaled.jpeg\" \/>\n\t<meta property=\"og:image:width\" content=\"768\" \/>\n\t<meta property=\"og:image:height\" content=\"432\" \/>\n\t<meta property=\"og:image:type\" content=\"image\/jpeg\" \/>\n<meta name=\"author\" content=\"Yucat\u00e1n en Corto FC\" \/>\n<meta name=\"twitter:card\" content=\"summary_large_image\" \/>\n<meta name=\"twitter:creator\" content=\"@yucatanencorto\" \/>\n<meta name=\"twitter:site\" content=\"@yucatanencorto\" \/>\n<meta name=\"twitter:label1\" content=\"Escrito por\" \/>\n\t<meta name=\"twitter:data1\" content=\"Yucat\u00e1n en Corto FC\" \/>\n\t<meta name=\"twitter:label2\" content=\"Tiempo de lectura\" \/>\n\t<meta name=\"twitter:data2\" content=\"2 minutos\" \/>\n<script type=\"application\/ld+json\" class=\"yoast-schema-graph\">{\"@context\":\"https:\\\/\\\/schema.org\",\"@graph\":[{\"@type\":\"Article\",\"@id\":\"https:\\\/\\\/www.yucatanencorto.com\\\/noticias\\\/la-voz-de-la-cumbia-presenta-paleteando-entre-yucas\\\/#article\",\"isPartOf\":{\"@id\":\"https:\\\/\\\/www.yucatanencorto.com\\\/noticias\\\/la-voz-de-la-cumbia-presenta-paleteando-entre-yucas\\\/\"},\"author\":{\"name\":\"Yucat\u00e1n en Corto FC\",\"@id\":\"https:\\\/\\\/www.yucatanencorto.com\\\/noticias\\\/#\\\/schema\\\/person\\\/14f82d355225a1f4075dd84a31f45a72\"},\"headline\":\"La Voz De La Cumbia presenta \u201cPaleteando Entre Yucas\u201d\",\"datePublished\":\"2023-03-18T01:28:24+00:00\",\"mainEntityOfPage\":{\"@id\":\"https:\\\/\\\/www.yucatanencorto.com\\\/noticias\\\/la-voz-de-la-cumbia-presenta-paleteando-entre-yucas\\\/\"},\"wordCount\":400,\"image\":{\"@id\":\"https:\\\/\\\/www.yucatanencorto.com\\\/noticias\\\/la-voz-de-la-cumbia-presenta-paleteando-entre-yucas\\\/#primaryimage\"},\"thumbnailUrl\":\"https:\\\/\\\/www.yucatanencorto.com\\\/noticias\\\/wp-content\\\/uploads\\\/2023\\\/03\\\/9688A754-B5AC-4865-BBCA-500FEE4ED574-scaled.jpeg\",\"articleSection\":[\"Yucat\u00e1n\"],\"inLanguage\":\"es\"},{\"@type\":\"WebPage\",\"@id\":\"https:\\\/\\\/www.yucatanencorto.com\\\/noticias\\\/la-voz-de-la-cumbia-presenta-paleteando-entre-yucas\\\/\",\"url\":\"https:\\\/\\\/www.yucatanencorto.com\\\/noticias\\\/la-voz-de-la-cumbia-presenta-paleteando-entre-yucas\\\/\",\"name\":\"La Voz De La Cumbia presenta \u201cPaleteando Entre Yucas\u201d - Yucat\u00e1n en corto\",\"isPartOf\":{\"@id\":\"https:\\\/\\\/www.yucatanencorto.com\\\/noticias\\\/#website\"},\"primaryImageOfPage\":{\"@id\":\"https:\\\/\\\/www.yucatanencorto.com\\\/noticias\\\/la-voz-de-la-cumbia-presenta-paleteando-entre-yucas\\\/#primaryimage\"},\"image\":{\"@id\":\"https:\\\/\\\/www.yucatanencorto.com\\\/noticias\\\/la-voz-de-la-cumbia-presenta-paleteando-entre-yucas\\\/#primaryimage\"},\"thumbnailUrl\":\"https:\\\/\\\/www.yucatanencorto.com\\\/noticias\\\/wp-content\\\/uploads\\\/2023\\\/03\\\/9688A754-B5AC-4865-BBCA-500FEE4ED574-scaled.jpeg\",\"datePublished\":\"2023-03-18T01:28:24+00:00\",\"author\":{\"@id\":\"https:\\\/\\\/www.yucatanencorto.com\\\/noticias\\\/#\\\/schema\\\/person\\\/14f82d355225a1f4075dd84a31f45a72\"},\"breadcrumb\":{\"@id\":\"https:\\\/\\\/www.yucatanencorto.com\\\/noticias\\\/la-voz-de-la-cumbia-presenta-paleteando-entre-yucas\\\/#breadcrumb\"},\"inLanguage\":\"es\",\"potentialAction\":[{\"@type\":\"ReadAction\",\"target\":[\"https:\\\/\\\/www.yucatanencorto.com\\\/noticias\\\/la-voz-de-la-cumbia-presenta-paleteando-entre-yucas\\\/\"]}]},{\"@type\":\"ImageObject\",\"inLanguage\":\"es\",\"@id\":\"https:\\\/\\\/www.yucatanencorto.com\\\/noticias\\\/la-voz-de-la-cumbia-presenta-paleteando-entre-yucas\\\/#primaryimage\",\"url\":\"https:\\\/\\\/www.yucatanencorto.com\\\/noticias\\\/wp-content\\\/uploads\\\/2023\\\/03\\\/9688A754-B5AC-4865-BBCA-500FEE4ED574-scaled.jpeg\",\"contentUrl\":\"https:\\\/\\\/www.yucatanencorto.com\\\/noticias\\\/wp-content\\\/uploads\\\/2023\\\/03\\\/9688A754-B5AC-4865-BBCA-500FEE4ED574-scaled.jpeg\",\"width\":768,\"height\":432},{\"@type\":\"BreadcrumbList\",\"@id\":\"https:\\\/\\\/www.yucatanencorto.com\\\/noticias\\\/la-voz-de-la-cumbia-presenta-paleteando-entre-yucas\\\/#breadcrumb\",\"itemListElement\":[{\"@type\":\"ListItem\",\"position\":1,\"name\":\"Portada\",\"item\":\"https:\\\/\\\/www.yucatanencorto.com\\\/noticias\\\/\"},{\"@type\":\"ListItem\",\"position\":2,\"name\":\"La Voz De La Cumbia presenta \u201cPaleteando Entre Yucas\u201d\"}]},{\"@type\":\"WebSite\",\"@id\":\"https:\\\/\\\/www.yucatanencorto.com\\\/noticias\\\/#website\",\"url\":\"https:\\\/\\\/www.yucatanencorto.com\\\/noticias\\\/\",\"name\":\"Yucat\u00e1n en corto\",\"description\":\"Noticias\",\"potentialAction\":[{\"@type\":\"SearchAction\",\"target\":{\"@type\":\"EntryPoint\",\"urlTemplate\":\"https:\\\/\\\/www.yucatanencorto.com\\\/noticias\\\/?s={search_term_string}\"},\"query-input\":{\"@type\":\"PropertyValueSpecification\",\"valueRequired\":true,\"valueName\":\"search_term_string\"}}],\"inLanguage\":\"es\"},{\"@type\":\"Person\",\"@id\":\"https:\\\/\\\/www.yucatanencorto.com\\\/noticias\\\/#\\\/schema\\\/person\\\/14f82d355225a1f4075dd84a31f45a72\",\"name\":\"Yucat\u00e1n en Corto FC\",\"image\":{\"@type\":\"ImageObject\",\"inLanguage\":\"es\",\"@id\":\"https:\\\/\\\/secure.gravatar.com\\\/avatar\\\/147d4b30cd728c53c29c49a3f7834dedca33707f4cd259761355846009a88250?s=96&d=mm&r=g\",\"url\":\"https:\\\/\\\/secure.gravatar.com\\\/avatar\\\/147d4b30cd728c53c29c49a3f7834dedca33707f4cd259761355846009a88250?s=96&d=mm&r=g\",\"contentUrl\":\"https:\\\/\\\/secure.gravatar.com\\\/avatar\\\/147d4b30cd728c53c29c49a3f7834dedca33707f4cd259761355846009a88250?s=96&d=mm&r=g\",\"caption\":\"Yucat\u00e1n en Corto FC\"},\"url\":\"https:\\\/\\\/www.yucatanencorto.com\\\/noticias\\\/author\\\/flor\\\/\"}]}<\/script>\n<!-- \/ Yoast SEO plugin. -->","yoast_head_json":{"title":"La Voz De La Cumbia presenta \u201cPaleteando Entre Yucas\u201d - Yucat\u00e1n en corto","robots":{"index":"index","follow":"follow","max-snippet":"max-snippet:-1","max-image-preview":"max-image-preview:large","max-video-preview":"max-video-preview:-1"},"canonical":"https:\/\/www.yucatanencorto.com\/noticias\/la-voz-de-la-cumbia-presenta-paleteando-entre-yucas\/","og_locale":"es_ES","og_type":"article","og_title":"La Voz De La Cumbia presenta \u201cPaleteando Entre Yucas\u201d - Yucat\u00e1n en corto","og_description":"Juan Carlos Tapia \u201cPaleto\u201d present\u00f3 a los medios de comunicaci\u00f3n la colaboraci\u00f3n de duetos musicales con 7 talentos yucatecos del ambiente musical: Reyes Herrera \u201cPil\u00f3n\u201d de Los M\u00e9ndez; Luis Acevedo de Par-Chis; Estibent Sosa y Los Reyes del Sabor; Wilberth M\u00e9ndez de La Carcajada; Josue Catzin de Capitanes de la Cumbia; Sa\u00fal Ayala y su [&hellip;]","og_url":"https:\/\/www.yucatanencorto.com\/noticias\/la-voz-de-la-cumbia-presenta-paleteando-entre-yucas\/","og_site_name":"Yucat\u00e1n en corto","article_publisher":"http:\/\/www.facebook.com\/yucatanencorto","article_published_time":"2023-03-18T01:28:24+00:00","og_image":[{"width":768,"height":432,"url":"https:\/\/www.yucatanencorto.com\/noticias\/wp-content\/uploads\/2023\/03\/9688A754-B5AC-4865-BBCA-500FEE4ED574-scaled.jpeg","type":"image\/jpeg"}],"author":"Yucat\u00e1n en Corto FC","twitter_card":"summary_large_image","twitter_creator":"@yucatanencorto","twitter_site":"@yucatanencorto","twitter_misc":{"Escrito por":"Yucat\u00e1n en Corto FC","Tiempo de lectura":"2 minutos"},"schema":{"@context":"https:\/\/schema.org","@graph":[{"@type":"Article","@id":"https:\/\/www.yucatanencorto.com\/noticias\/la-voz-de-la-cumbia-presenta-paleteando-entre-yucas\/#article","isPartOf":{"@id":"https:\/\/www.yucatanencorto.com\/noticias\/la-voz-de-la-cumbia-presenta-paleteando-entre-yucas\/"},"author":{"name":"Yucat\u00e1n en Corto FC","@id":"https:\/\/www.yucatanencorto.com\/noticias\/#\/schema\/person\/14f82d355225a1f4075dd84a31f45a72"},"headline":"La Voz De La Cumbia presenta \u201cPaleteando Entre Yucas\u201d","datePublished":"2023-03-18T01:28:24+00:00","mainEntityOfPage":{"@id":"https:\/\/www.yucatanencorto.com\/noticias\/la-voz-de-la-cumbia-presenta-paleteando-entre-yucas\/"},"wordCount":400,"image":{"@id":"https:\/\/www.yucatanencorto.com\/noticias\/la-voz-de-la-cumbia-presenta-paleteando-entre-yucas\/#primaryimage"},"thumbnailUrl":"https:\/\/www.yucatanencorto.com\/noticias\/wp-content\/uploads\/2023\/03\/9688A754-B5AC-4865-BBCA-500FEE4ED574-scaled.jpeg","articleSection":["Yucat\u00e1n"],"inLanguage":"es"},{"@type":"WebPage","@id":"https:\/\/www.yucatanencorto.com\/noticias\/la-voz-de-la-cumbia-presenta-paleteando-entre-yucas\/","url":"https:\/\/www.yucatanencorto.com\/noticias\/la-voz-de-la-cumbia-presenta-paleteando-entre-yucas\/","name":"La Voz De La Cumbia presenta \u201cPaleteando Entre Yucas\u201d - Yucat\u00e1n en corto","isPartOf":{"@id":"https:\/\/www.yucatanencorto.com\/noticias\/#website"},"primaryImageOfPage":{"@id":"https:\/\/www.yucatanencorto.com\/noticias\/la-voz-de-la-cumbia-presenta-paleteando-entre-yucas\/#primaryimage"},"image":{"@id":"https:\/\/www.yucatanencorto.com\/noticias\/la-voz-de-la-cumbia-presenta-paleteando-entre-yucas\/#primaryimage"},"thumbnailUrl":"https:\/\/www.yucatanencorto.com\/noticias\/wp-content\/uploads\/2023\/03\/9688A754-B5AC-4865-BBCA-500FEE4ED574-scaled.jpeg","datePublished":"2023-03-18T01:28:24+00:00","author":{"@id":"https:\/\/www.yucatanencorto.com\/noticias\/#\/schema\/person\/14f82d355225a1f4075dd84a31f45a72"},"breadcrumb":{"@id":"https:\/\/www.yucatanencorto.com\/noticias\/la-voz-de-la-cumbia-presenta-paleteando-entre-yucas\/#breadcrumb"},"inLanguage":"es","potentialAction":[{"@type":"ReadAction","target":["https:\/\/www.yucatanencorto.com\/noticias\/la-voz-de-la-cumbia-presenta-paleteando-entre-yucas\/"]}]},{"@type":"ImageObject","inLanguage":"es","@id":"https:\/\/www.yucatanencorto.com\/noticias\/la-voz-de-la-cumbia-presenta-paleteando-entre-yucas\/#primaryimage","url":"https:\/\/www.yucatanencorto.com\/noticias\/wp-content\/uploads\/2023\/03\/9688A754-B5AC-4865-BBCA-500FEE4ED574-scaled.jpeg","contentUrl":"https:\/\/www.yucatanencorto.com\/noticias\/wp-content\/uploads\/2023\/03\/9688A754-B5AC-4865-BBCA-500FEE4ED574-scaled.jpeg","width":768,"height":432},{"@type":"BreadcrumbList","@id":"https:\/\/www.yucatanencorto.com\/noticias\/la-voz-de-la-cumbia-presenta-paleteando-entre-yucas\/#breadcrumb","itemListElement":[{"@type":"ListItem","position":1,"name":"Portada","item":"https:\/\/www.yucatanencorto.com\/noticias\/"},{"@type":"ListItem","position":2,"name":"La Voz De La Cumbia presenta \u201cPaleteando Entre Yucas\u201d"}]},{"@type":"WebSite","@id":"https:\/\/www.yucatanencorto.com\/noticias\/#website","url":"https:\/\/www.yucatanencorto.com\/noticias\/","name":"Yucat\u00e1n en corto","description":"Noticias","potentialAction":[{"@type":"SearchAction","target":{"@type":"EntryPoint","urlTemplate":"https:\/\/www.yucatanencorto.com\/noticias\/?s={search_term_string}"},"query-input":{"@type":"PropertyValueSpecification","valueRequired":true,"valueName":"search_term_string"}}],"inLanguage":"es"},{"@type":"Person","@id":"https:\/\/www.yucatanencorto.com\/noticias\/#\/schema\/person\/14f82d355225a1f4075dd84a31f45a72","name":"Yucat\u00e1n en Corto FC","image":{"@type":"ImageObject","inLanguage":"es","@id":"https:\/\/secure.gravatar.com\/avatar\/147d4b30cd728c53c29c49a3f7834dedca33707f4cd259761355846009a88250?s=96&d=mm&r=g","url":"https:\/\/secure.gravatar.com\/avatar\/147d4b30cd728c53c29c49a3f7834dedca33707f4cd259761355846009a88250?s=96&d=mm&r=g","contentUrl":"https:\/\/secure.gravatar.com\/avatar\/147d4b30cd728c53c29c49a3f7834dedca33707f4cd259761355846009a88250?s=96&d=mm&r=g","caption":"Yucat\u00e1n en Corto FC"},"url":"https:\/\/www.yucatanencorto.com\/noticias\/author\/flor\/"}]}},"_links":{"self":[{"href":"https:\/\/www.yucatanencorto.com\/noticias\/wp-json\/wp\/v2\/posts\/97206","targetHints":{"allow":["GET"]}}],"collection":[{"href":"https:\/\/www.yucatanencorto.com\/noticias\/wp-json\/wp\/v2\/posts"}],"about":[{"href":"https:\/\/www.yucatanencorto.com\/noticias\/wp-json\/wp\/v2\/types\/post"}],"author":[{"embeddable":true,"href":"https:\/\/www.yucatanencorto.com\/noticias\/wp-json\/wp\/v2\/users\/2"}],"replies":[{"embeddable":true,"href":"https:\/\/www.yucatanencorto.com\/noticias\/wp-json\/wp\/v2\/comments?post=97206"}],"version-history":[{"count":0,"href":"https:\/\/www.yucatanencorto.com\/noticias\/wp-json\/wp\/v2\/posts\/97206\/revisions"}],"wp:featuredmedia":[{"embeddable":true,"href":"https:\/\/www.yucatanencorto.com\/noticias\/wp-json\/wp\/v2\/media\/97207"}],"wp:attachment":[{"href":"https:\/\/www.yucatanencorto.com\/noticias\/wp-json\/wp\/v2\/media?parent=97206"}],"wp:term":[{"taxonomy":"category","embeddable":true,"href":"https:\/\/www.yucatanencorto.com\/noticias\/wp-json\/wp\/v2\/categories?post=97206"},{"taxonomy":"post_tag","embeddable":true,"href":"https:\/\/www.yucatanencorto.com\/noticias\/wp-json\/wp\/v2\/tags?post=97206"}],"curies":[{"name":"wp","href":"https:\/\/api.w.org\/{rel}","templated":true}]}}