{"id":97248,"date":"2023-03-21T17:12:00","date_gmt":"2023-03-21T23:12:00","guid":{"rendered":"https:\/\/www.yucatanencorto.com\/noticias\/?p=97248"},"modified":"2023-03-21T17:12:00","modified_gmt":"2023-03-21T23:12:00","slug":"se-trabaja-en-la-rehabilitacion-de-las-vialidades","status":"publish","type":"post","link":"https:\/\/www.yucatanencorto.com\/noticias\/se-trabaja-en-la-rehabilitacion-de-las-vialidades\/","title":{"rendered":"Se trabaja en la rehabilitaci\u00f3n de las vialidades"},"content":{"rendered":"<p><img loading=\"lazy\" decoding=\"async\" class=\"alignnone size-full wp-image-97249\" src=\"https:\/\/www.yucatanencorto.com\/noticias\/wp-content\/uploads\/2023\/03\/21marzo23-scaled.jpeg\" alt=\"\" width=\"768\" height=\"757\" srcset=\"https:\/\/www.yucatanencorto.com\/noticias\/wp-content\/uploads\/2023\/03\/21marzo23-scaled.jpeg 768w, https:\/\/www.yucatanencorto.com\/noticias\/wp-content\/uploads\/2023\/03\/21marzo23-696x686.jpeg 696w, https:\/\/www.yucatanencorto.com\/noticias\/wp-content\/uploads\/2023\/03\/21marzo23-426x420.jpeg 426w\" sizes=\"auto, (max-width: 768px) 100vw, 768px\" \/><\/p>\n<p>M\u00e9rida, Yucat\u00e1n a 21 de marzo de 2023.- El Ayuntamiento que encabeza Ren\u00e1n Barrera Concha implementa acciones prioritarias en el Municipio en materia de infraestructura urbana, con el objetivo de garantizar una movilidad sostenible, segura y eficiente que permita un desplazamiento arm\u00f3nico de veh\u00edculos, ciclistas y peatones.<\/p>\n<p>El Presidente Municipal explic\u00f3 que la Direcci\u00f3n de Obras P\u00fablicas, a trav\u00e9s de la subdirecci\u00f3n de V\u00edas Terrestres, trabaja en la rehabilitaci\u00f3n y pavimentaci\u00f3n de m\u00e1s de 60 kil\u00f3metros de calles y avenidas primarias en 80 puntos de la ciudad con recursos propios, del empr\u00e9stito y del Fondo de Infraestructura 2022, que a la fecha se cuenta con un 70% de avance esperando concluir en el mes de abril.<\/p>\n<p>\u201cExtender la vida \u00fatil de las vialidades es tambi\u00e9n mejorar la calidad de vida de todas y todos los que habitamos en el Municipio, por eso el Ayuntamiento trabaja en obras que responden a las necesidades de las y los ciudadanos como es tener calles seguras, funcionales y de calidad\u201d, expres\u00f3.<\/p>\n<p>El Alcalde se\u00f1al\u00f3 que este programa de rehabilitaci\u00f3n de vialidades es prioritario para M\u00e9rida, sin embargo, se efect\u00faa de manera paulatina para disminuir los inconvenientes para las y los conductores que transitan por esas zonas.<\/p>\n<p>Por ese motivo, en esta semana que abarca del 20 al 25 del presente mes, los trabajos de rehabilitaci\u00f3n ser\u00e1n en:\u00a0 la calle 69 entre 28 y 56, 64 entre 35 y 59, 62 entre 33 A (Av. Col\u00f3n) y 55, calle 90 entre 69 y 86 B (Av. Itz\u00e1es), 66 entre 37 y 59 y 77 entre 36 y 50 de la colonia Centro; 59 entre 50 y 4 (Circuito Colonias) en la colonia Esperanza; 16 (Circuito Colonias) entre 69 y 99 A (ambos carriles) colonia Morelos Oriente; calle 66 entre 95 y 113 colonia Melit\u00f3n Salazar; 128 (Av. M\u00e9rida 200) entre 39B y 59A (Av. Jacinto Canek) sobre el carril poniente en la colonia El Porvenir; 90 (Av. M\u00e9rida 2000) entre 40 y 136 carril norte en el fraccionamiento Residencial Pensiones VII Etapa; 49 (Av. C\u00e1mara de Comercio) entre 54 (Prolongaci\u00f3n Paseo de Montejo) y 32 (Av. Andr\u00e9s Garc\u00eda Lav\u00edn) en la colonia Benito Ju\u00e1rez Norte; 18 (Av. C\u00e1mara de Comercio) entre 5 y 15 en el fraccionamiento Montecristo; 31 (Circuito Colonias) entre 30 (Prolongaci\u00f3n Paseo de Montejo) y 6 (ambos carriles) en la colonia M\u00e9xico.<\/p>\n<p>Tambi\u00e9n, se intervendr\u00e1n las calles 26 entre 27 (Av. Remigio Aguilar) y 31(ambos carriles), 36 entre 17 (Av. Miguel Alem\u00e1n) entre 39 col. Miguel Alem\u00e1n; 37 entre 26-D y 28 en la colonia Graciano Ricalde; 81 entre 110-B y 112 en la colonia Ciudad Industrial; 87 entre 136-B y 136-C en la colonia Susul\u00e1 Xocl\u00e1n; 140 diag. entre 73 y 73 D, 140 diag. entre 73 D y 73 E en el fraccionamiento Villa Magna; 69 diag. entre 102 y 67-D en la colonia Ampliaci\u00f3n Nueva Mulsay; 25 entre 28 y 28-A en la colonia Chuburn\u00e1 de Hidalgo; 36-C entre 27 y 29, 34 entre 37-B y 39 en la colonia San Ram\u00f3n Norte.<\/p>\n<p>Igualmente, las calles 12 entre 11 y 13, 12-A entre 17 y 19, 14 entre 23 y 25, 16 entre 19 y 21, 16 entre 23 y 25, 19 entre 10 y 12, 19 entre 12 y 12-B, 19 entre 12A y 14, 21 entre 14 y 16, 22 entre 25 y 27, 22 entre 29 y 31, 28 entre 27 y 29, 8 entre 19 y 21, 8 entre 21 y 23, 8 entre 25 y 27, 8 entre 27 y 29, 8 entre 29 y 31 del fracc. Montebello; 28A entre 53 y 55, 28A entre 55 y 57, 28A entre 57 y 61, 30 entre 49 y 51, 30 entre 51 y 53, 30 entre 53 y 55, 30 entre 55 y 57, 35 entre 28 y Av. Garc\u00eda Lav\u00edn, 55 entre 28-A y 30, col. San Antonio Cucul.<\/p>\n<p>Asimismo, se trabaja en la calle 31A entre 44C y 44A, 31A entre 44C y 46, 31A entre 46 y 46A, 44-C entre 31 y 31-A, 31A entre 48 y 46B, 31A entre 48B y 48A, 31A entre 50 y 48B, 46 entre 27 y 29, 46-A entre 27 y 29, 46-B entre 31-A y 33, 46-B entre 33 y 33-A,\u00a0 48 entre 25-A y 27, 48 entre 27 y 29, 50 entre 25-A y 27, 25 (31) entre 44 y 44-A, 25-A entre 48-A y 48-B, 31 entre 44-A y 46, 31 entre 46 y 46-A, 31 entre 46-A y 46-B, 44-A entre 29 y 31, 44-A entre 31 y 31(25), 48-A entre 25-A y 27, 48-A entre 27 y 29, 48-B entre 27 y 29, 50 entre 27 y 29, 50-A entre 27 y 29, 50-A entre 29 y 50-diag. en la colonia Nueva Yucat\u00e1n, as\u00ed como diversas calles de la comisar\u00eda de Caucel.<\/p>\n<p>Finalmente, las labores se estar\u00e1n realizando en horario diurno, es decir, de 07:00 a 18:00 horas, por ello se recomienda a la ciudadan\u00eda tomar sus precauciones.<\/p>\n","protected":false},"excerpt":{"rendered":"<p>M\u00e9rida, Yucat\u00e1n a 21 de marzo de 2023.- El Ayuntamiento que encabeza Ren\u00e1n Barrera Concha implementa acciones prioritarias en el Municipio en materia de infraestructura urbana, con el objetivo de garantizar una movilidad sostenible, segura y eficiente que permita un desplazamiento arm\u00f3nico de veh\u00edculos, ciclistas y peatones. El Presidente Municipal explic\u00f3 que la Direcci\u00f3n de [&hellip;]<\/p>\n","protected":false},"author":2,"featured_media":97249,"comment_status":"closed","ping_status":"closed","sticky":false,"template":"","format":"standard","meta":{"footnotes":""},"categories":[2],"tags":[],"class_list":{"0":"post-97248","1":"post","2":"type-post","3":"status-publish","4":"format-standard","5":"has-post-thumbnail","7":"category-merida"},"yoast_head":"<!-- This site is optimized with the Yoast SEO plugin v27.4 - https:\/\/yoast.com\/product\/yoast-seo-wordpress\/ -->\n<title>Se trabaja en la rehabilitaci\u00f3n de las vialidades - Yucat\u00e1n en corto<\/title>\n<meta name=\"robots\" content=\"index, follow, max-snippet:-1, max-image-preview:large, max-video-preview:-1\" \/>\n<link rel=\"canonical\" href=\"https:\/\/www.yucatanencorto.com\/noticias\/se-trabaja-en-la-rehabilitacion-de-las-vialidades\/\" \/>\n<meta property=\"og:locale\" content=\"es_ES\" \/>\n<meta property=\"og:type\" content=\"article\" \/>\n<meta property=\"og:title\" content=\"Se trabaja en la rehabilitaci\u00f3n de las vialidades - Yucat\u00e1n en corto\" \/>\n<meta property=\"og:description\" content=\"M\u00e9rida, Yucat\u00e1n a 21 de marzo de 2023.- El Ayuntamiento que encabeza Ren\u00e1n Barrera Concha implementa acciones prioritarias en el Municipio en materia de infraestructura urbana, con el objetivo de garantizar una movilidad sostenible, segura y eficiente que permita un desplazamiento arm\u00f3nico de veh\u00edculos, ciclistas y peatones. El Presidente Municipal explic\u00f3 que la Direcci\u00f3n de [&hellip;]\" \/>\n<meta property=\"og:url\" content=\"https:\/\/www.yucatanencorto.com\/noticias\/se-trabaja-en-la-rehabilitacion-de-las-vialidades\/\" \/>\n<meta property=\"og:site_name\" content=\"Yucat\u00e1n en corto\" \/>\n<meta property=\"article:publisher\" content=\"http:\/\/www.facebook.com\/yucatanencorto\" \/>\n<meta property=\"article:published_time\" content=\"2023-03-21T23:12:00+00:00\" \/>\n<meta property=\"og:image\" content=\"https:\/\/www.yucatanencorto.com\/noticias\/wp-content\/uploads\/2023\/03\/21marzo23-scaled.jpeg\" \/>\n\t<meta property=\"og:image:width\" content=\"768\" \/>\n\t<meta property=\"og:image:height\" content=\"757\" \/>\n\t<meta property=\"og:image:type\" content=\"image\/jpeg\" \/>\n<meta name=\"author\" content=\"Yucat\u00e1n en Corto FC\" \/>\n<meta name=\"twitter:card\" content=\"summary_large_image\" \/>\n<meta name=\"twitter:creator\" content=\"@yucatanencorto\" \/>\n<meta name=\"twitter:site\" content=\"@yucatanencorto\" \/>\n<meta name=\"twitter:label1\" content=\"Escrito por\" \/>\n\t<meta name=\"twitter:data1\" content=\"Yucat\u00e1n en Corto FC\" \/>\n\t<meta name=\"twitter:label2\" content=\"Tiempo de lectura\" \/>\n\t<meta name=\"twitter:data2\" content=\"4 minutos\" \/>\n<script type=\"application\/ld+json\" class=\"yoast-schema-graph\">{\"@context\":\"https:\\\/\\\/schema.org\",\"@graph\":[{\"@type\":\"Article\",\"@id\":\"https:\\\/\\\/www.yucatanencorto.com\\\/noticias\\\/se-trabaja-en-la-rehabilitacion-de-las-vialidades\\\/#article\",\"isPartOf\":{\"@id\":\"https:\\\/\\\/www.yucatanencorto.com\\\/noticias\\\/se-trabaja-en-la-rehabilitacion-de-las-vialidades\\\/\"},\"author\":{\"name\":\"Yucat\u00e1n en Corto FC\",\"@id\":\"https:\\\/\\\/www.yucatanencorto.com\\\/noticias\\\/#\\\/schema\\\/person\\\/14f82d355225a1f4075dd84a31f45a72\"},\"headline\":\"Se trabaja en la rehabilitaci\u00f3n de las vialidades\",\"datePublished\":\"2023-03-21T23:12:00+00:00\",\"mainEntityOfPage\":{\"@id\":\"https:\\\/\\\/www.yucatanencorto.com\\\/noticias\\\/se-trabaja-en-la-rehabilitacion-de-las-vialidades\\\/\"},\"wordCount\":699,\"image\":{\"@id\":\"https:\\\/\\\/www.yucatanencorto.com\\\/noticias\\\/se-trabaja-en-la-rehabilitacion-de-las-vialidades\\\/#primaryimage\"},\"thumbnailUrl\":\"https:\\\/\\\/www.yucatanencorto.com\\\/noticias\\\/wp-content\\\/uploads\\\/2023\\\/03\\\/21marzo23-scaled.jpeg\",\"articleSection\":[\"M\u00e9rida\"],\"inLanguage\":\"es\"},{\"@type\":\"WebPage\",\"@id\":\"https:\\\/\\\/www.yucatanencorto.com\\\/noticias\\\/se-trabaja-en-la-rehabilitacion-de-las-vialidades\\\/\",\"url\":\"https:\\\/\\\/www.yucatanencorto.com\\\/noticias\\\/se-trabaja-en-la-rehabilitacion-de-las-vialidades\\\/\",\"name\":\"Se trabaja en la rehabilitaci\u00f3n de las vialidades - Yucat\u00e1n en corto\",\"isPartOf\":{\"@id\":\"https:\\\/\\\/www.yucatanencorto.com\\\/noticias\\\/#website\"},\"primaryImageOfPage\":{\"@id\":\"https:\\\/\\\/www.yucatanencorto.com\\\/noticias\\\/se-trabaja-en-la-rehabilitacion-de-las-vialidades\\\/#primaryimage\"},\"image\":{\"@id\":\"https:\\\/\\\/www.yucatanencorto.com\\\/noticias\\\/se-trabaja-en-la-rehabilitacion-de-las-vialidades\\\/#primaryimage\"},\"thumbnailUrl\":\"https:\\\/\\\/www.yucatanencorto.com\\\/noticias\\\/wp-content\\\/uploads\\\/2023\\\/03\\\/21marzo23-scaled.jpeg\",\"datePublished\":\"2023-03-21T23:12:00+00:00\",\"author\":{\"@id\":\"https:\\\/\\\/www.yucatanencorto.com\\\/noticias\\\/#\\\/schema\\\/person\\\/14f82d355225a1f4075dd84a31f45a72\"},\"breadcrumb\":{\"@id\":\"https:\\\/\\\/www.yucatanencorto.com\\\/noticias\\\/se-trabaja-en-la-rehabilitacion-de-las-vialidades\\\/#breadcrumb\"},\"inLanguage\":\"es\",\"potentialAction\":[{\"@type\":\"ReadAction\",\"target\":[\"https:\\\/\\\/www.yucatanencorto.com\\\/noticias\\\/se-trabaja-en-la-rehabilitacion-de-las-vialidades\\\/\"]}]},{\"@type\":\"ImageObject\",\"inLanguage\":\"es\",\"@id\":\"https:\\\/\\\/www.yucatanencorto.com\\\/noticias\\\/se-trabaja-en-la-rehabilitacion-de-las-vialidades\\\/#primaryimage\",\"url\":\"https:\\\/\\\/www.yucatanencorto.com\\\/noticias\\\/wp-content\\\/uploads\\\/2023\\\/03\\\/21marzo23-scaled.jpeg\",\"contentUrl\":\"https:\\\/\\\/www.yucatanencorto.com\\\/noticias\\\/wp-content\\\/uploads\\\/2023\\\/03\\\/21marzo23-scaled.jpeg\",\"width\":768,\"height\":757},{\"@type\":\"BreadcrumbList\",\"@id\":\"https:\\\/\\\/www.yucatanencorto.com\\\/noticias\\\/se-trabaja-en-la-rehabilitacion-de-las-vialidades\\\/#breadcrumb\",\"itemListElement\":[{\"@type\":\"ListItem\",\"position\":1,\"name\":\"Portada\",\"item\":\"https:\\\/\\\/www.yucatanencorto.com\\\/noticias\\\/\"},{\"@type\":\"ListItem\",\"position\":2,\"name\":\"Se trabaja en la rehabilitaci\u00f3n de las vialidades\"}]},{\"@type\":\"WebSite\",\"@id\":\"https:\\\/\\\/www.yucatanencorto.com\\\/noticias\\\/#website\",\"url\":\"https:\\\/\\\/www.yucatanencorto.com\\\/noticias\\\/\",\"name\":\"Yucat\u00e1n en corto\",\"description\":\"Noticias\",\"potentialAction\":[{\"@type\":\"SearchAction\",\"target\":{\"@type\":\"EntryPoint\",\"urlTemplate\":\"https:\\\/\\\/www.yucatanencorto.com\\\/noticias\\\/?s={search_term_string}\"},\"query-input\":{\"@type\":\"PropertyValueSpecification\",\"valueRequired\":true,\"valueName\":\"search_term_string\"}}],\"inLanguage\":\"es\"},{\"@type\":\"Person\",\"@id\":\"https:\\\/\\\/www.yucatanencorto.com\\\/noticias\\\/#\\\/schema\\\/person\\\/14f82d355225a1f4075dd84a31f45a72\",\"name\":\"Yucat\u00e1n en Corto FC\",\"image\":{\"@type\":\"ImageObject\",\"inLanguage\":\"es\",\"@id\":\"https:\\\/\\\/secure.gravatar.com\\\/avatar\\\/147d4b30cd728c53c29c49a3f7834dedca33707f4cd259761355846009a88250?s=96&d=mm&r=g\",\"url\":\"https:\\\/\\\/secure.gravatar.com\\\/avatar\\\/147d4b30cd728c53c29c49a3f7834dedca33707f4cd259761355846009a88250?s=96&d=mm&r=g\",\"contentUrl\":\"https:\\\/\\\/secure.gravatar.com\\\/avatar\\\/147d4b30cd728c53c29c49a3f7834dedca33707f4cd259761355846009a88250?s=96&d=mm&r=g\",\"caption\":\"Yucat\u00e1n en Corto FC\"},\"url\":\"https:\\\/\\\/www.yucatanencorto.com\\\/noticias\\\/author\\\/flor\\\/\"}]}<\/script>\n<!-- \/ Yoast SEO plugin. -->","yoast_head_json":{"title":"Se trabaja en la rehabilitaci\u00f3n de las vialidades - Yucat\u00e1n en corto","robots":{"index":"index","follow":"follow","max-snippet":"max-snippet:-1","max-image-preview":"max-image-preview:large","max-video-preview":"max-video-preview:-1"},"canonical":"https:\/\/www.yucatanencorto.com\/noticias\/se-trabaja-en-la-rehabilitacion-de-las-vialidades\/","og_locale":"es_ES","og_type":"article","og_title":"Se trabaja en la rehabilitaci\u00f3n de las vialidades - Yucat\u00e1n en corto","og_description":"M\u00e9rida, Yucat\u00e1n a 21 de marzo de 2023.- El Ayuntamiento que encabeza Ren\u00e1n Barrera Concha implementa acciones prioritarias en el Municipio en materia de infraestructura urbana, con el objetivo de garantizar una movilidad sostenible, segura y eficiente que permita un desplazamiento arm\u00f3nico de veh\u00edculos, ciclistas y peatones. El Presidente Municipal explic\u00f3 que la Direcci\u00f3n de [&hellip;]","og_url":"https:\/\/www.yucatanencorto.com\/noticias\/se-trabaja-en-la-rehabilitacion-de-las-vialidades\/","og_site_name":"Yucat\u00e1n en corto","article_publisher":"http:\/\/www.facebook.com\/yucatanencorto","article_published_time":"2023-03-21T23:12:00+00:00","og_image":[{"width":768,"height":757,"url":"https:\/\/www.yucatanencorto.com\/noticias\/wp-content\/uploads\/2023\/03\/21marzo23-scaled.jpeg","type":"image\/jpeg"}],"author":"Yucat\u00e1n en Corto FC","twitter_card":"summary_large_image","twitter_creator":"@yucatanencorto","twitter_site":"@yucatanencorto","twitter_misc":{"Escrito por":"Yucat\u00e1n en Corto FC","Tiempo de lectura":"4 minutos"},"schema":{"@context":"https:\/\/schema.org","@graph":[{"@type":"Article","@id":"https:\/\/www.yucatanencorto.com\/noticias\/se-trabaja-en-la-rehabilitacion-de-las-vialidades\/#article","isPartOf":{"@id":"https:\/\/www.yucatanencorto.com\/noticias\/se-trabaja-en-la-rehabilitacion-de-las-vialidades\/"},"author":{"name":"Yucat\u00e1n en Corto FC","@id":"https:\/\/www.yucatanencorto.com\/noticias\/#\/schema\/person\/14f82d355225a1f4075dd84a31f45a72"},"headline":"Se trabaja en la rehabilitaci\u00f3n de las vialidades","datePublished":"2023-03-21T23:12:00+00:00","mainEntityOfPage":{"@id":"https:\/\/www.yucatanencorto.com\/noticias\/se-trabaja-en-la-rehabilitacion-de-las-vialidades\/"},"wordCount":699,"image":{"@id":"https:\/\/www.yucatanencorto.com\/noticias\/se-trabaja-en-la-rehabilitacion-de-las-vialidades\/#primaryimage"},"thumbnailUrl":"https:\/\/www.yucatanencorto.com\/noticias\/wp-content\/uploads\/2023\/03\/21marzo23-scaled.jpeg","articleSection":["M\u00e9rida"],"inLanguage":"es"},{"@type":"WebPage","@id":"https:\/\/www.yucatanencorto.com\/noticias\/se-trabaja-en-la-rehabilitacion-de-las-vialidades\/","url":"https:\/\/www.yucatanencorto.com\/noticias\/se-trabaja-en-la-rehabilitacion-de-las-vialidades\/","name":"Se trabaja en la rehabilitaci\u00f3n de las vialidades - Yucat\u00e1n en corto","isPartOf":{"@id":"https:\/\/www.yucatanencorto.com\/noticias\/#website"},"primaryImageOfPage":{"@id":"https:\/\/www.yucatanencorto.com\/noticias\/se-trabaja-en-la-rehabilitacion-de-las-vialidades\/#primaryimage"},"image":{"@id":"https:\/\/www.yucatanencorto.com\/noticias\/se-trabaja-en-la-rehabilitacion-de-las-vialidades\/#primaryimage"},"thumbnailUrl":"https:\/\/www.yucatanencorto.com\/noticias\/wp-content\/uploads\/2023\/03\/21marzo23-scaled.jpeg","datePublished":"2023-03-21T23:12:00+00:00","author":{"@id":"https:\/\/www.yucatanencorto.com\/noticias\/#\/schema\/person\/14f82d355225a1f4075dd84a31f45a72"},"breadcrumb":{"@id":"https:\/\/www.yucatanencorto.com\/noticias\/se-trabaja-en-la-rehabilitacion-de-las-vialidades\/#breadcrumb"},"inLanguage":"es","potentialAction":[{"@type":"ReadAction","target":["https:\/\/www.yucatanencorto.com\/noticias\/se-trabaja-en-la-rehabilitacion-de-las-vialidades\/"]}]},{"@type":"ImageObject","inLanguage":"es","@id":"https:\/\/www.yucatanencorto.com\/noticias\/se-trabaja-en-la-rehabilitacion-de-las-vialidades\/#primaryimage","url":"https:\/\/www.yucatanencorto.com\/noticias\/wp-content\/uploads\/2023\/03\/21marzo23-scaled.jpeg","contentUrl":"https:\/\/www.yucatanencorto.com\/noticias\/wp-content\/uploads\/2023\/03\/21marzo23-scaled.jpeg","width":768,"height":757},{"@type":"BreadcrumbList","@id":"https:\/\/www.yucatanencorto.com\/noticias\/se-trabaja-en-la-rehabilitacion-de-las-vialidades\/#breadcrumb","itemListElement":[{"@type":"ListItem","position":1,"name":"Portada","item":"https:\/\/www.yucatanencorto.com\/noticias\/"},{"@type":"ListItem","position":2,"name":"Se trabaja en la rehabilitaci\u00f3n de las vialidades"}]},{"@type":"WebSite","@id":"https:\/\/www.yucatanencorto.com\/noticias\/#website","url":"https:\/\/www.yucatanencorto.com\/noticias\/","name":"Yucat\u00e1n en corto","description":"Noticias","potentialAction":[{"@type":"SearchAction","target":{"@type":"EntryPoint","urlTemplate":"https:\/\/www.yucatanencorto.com\/noticias\/?s={search_term_string}"},"query-input":{"@type":"PropertyValueSpecification","valueRequired":true,"valueName":"search_term_string"}}],"inLanguage":"es"},{"@type":"Person","@id":"https:\/\/www.yucatanencorto.com\/noticias\/#\/schema\/person\/14f82d355225a1f4075dd84a31f45a72","name":"Yucat\u00e1n en Corto FC","image":{"@type":"ImageObject","inLanguage":"es","@id":"https:\/\/secure.gravatar.com\/avatar\/147d4b30cd728c53c29c49a3f7834dedca33707f4cd259761355846009a88250?s=96&d=mm&r=g","url":"https:\/\/secure.gravatar.com\/avatar\/147d4b30cd728c53c29c49a3f7834dedca33707f4cd259761355846009a88250?s=96&d=mm&r=g","contentUrl":"https:\/\/secure.gravatar.com\/avatar\/147d4b30cd728c53c29c49a3f7834dedca33707f4cd259761355846009a88250?s=96&d=mm&r=g","caption":"Yucat\u00e1n en Corto FC"},"url":"https:\/\/www.yucatanencorto.com\/noticias\/author\/flor\/"}]}},"_links":{"self":[{"href":"https:\/\/www.yucatanencorto.com\/noticias\/wp-json\/wp\/v2\/posts\/97248","targetHints":{"allow":["GET"]}}],"collection":[{"href":"https:\/\/www.yucatanencorto.com\/noticias\/wp-json\/wp\/v2\/posts"}],"about":[{"href":"https:\/\/www.yucatanencorto.com\/noticias\/wp-json\/wp\/v2\/types\/post"}],"author":[{"embeddable":true,"href":"https:\/\/www.yucatanencorto.com\/noticias\/wp-json\/wp\/v2\/users\/2"}],"replies":[{"embeddable":true,"href":"https:\/\/www.yucatanencorto.com\/noticias\/wp-json\/wp\/v2\/comments?post=97248"}],"version-history":[{"count":0,"href":"https:\/\/www.yucatanencorto.com\/noticias\/wp-json\/wp\/v2\/posts\/97248\/revisions"}],"wp:featuredmedia":[{"embeddable":true,"href":"https:\/\/www.yucatanencorto.com\/noticias\/wp-json\/wp\/v2\/media\/97249"}],"wp:attachment":[{"href":"https:\/\/www.yucatanencorto.com\/noticias\/wp-json\/wp\/v2\/media?parent=97248"}],"wp:term":[{"taxonomy":"category","embeddable":true,"href":"https:\/\/www.yucatanencorto.com\/noticias\/wp-json\/wp\/v2\/categories?post=97248"},{"taxonomy":"post_tag","embeddable":true,"href":"https:\/\/www.yucatanencorto.com\/noticias\/wp-json\/wp\/v2\/tags?post=97248"}],"curies":[{"name":"wp","href":"https:\/\/api.w.org\/{rel}","templated":true}]}}