{"id":97257,"date":"2023-03-22T13:20:39","date_gmt":"2023-03-22T19:20:39","guid":{"rendered":"https:\/\/www.yucatanencorto.com\/noticias\/?p=97257"},"modified":"2023-03-22T13:20:39","modified_gmt":"2023-03-22T19:20:39","slug":"se-conmemora-en-kanasin-el-dia-mundial-del-agua","status":"publish","type":"post","link":"https:\/\/www.yucatanencorto.com\/noticias\/se-conmemora-en-kanasin-el-dia-mundial-del-agua\/","title":{"rendered":"Se conmemora en Kanas\u00edn el D\u00eda mundial del Agua"},"content":{"rendered":"<p><img loading=\"lazy\" decoding=\"async\" class=\"alignnone size-full wp-image-97258\" src=\"https:\/\/www.yucatanencorto.com\/noticias\/wp-content\/uploads\/2023\/03\/42124525-B039-414A-9972-CDB01C284940-scaled.jpeg\" alt=\"\" width=\"768\" height=\"512\" srcset=\"https:\/\/www.yucatanencorto.com\/noticias\/wp-content\/uploads\/2023\/03\/42124525-B039-414A-9972-CDB01C284940-scaled.jpeg 768w, https:\/\/www.yucatanencorto.com\/noticias\/wp-content\/uploads\/2023\/03\/42124525-B039-414A-9972-CDB01C284940-696x464.jpeg 696w, https:\/\/www.yucatanencorto.com\/noticias\/wp-content\/uploads\/2023\/03\/42124525-B039-414A-9972-CDB01C284940-1068x712.jpeg 1068w, https:\/\/www.yucatanencorto.com\/noticias\/wp-content\/uploads\/2023\/03\/42124525-B039-414A-9972-CDB01C284940-630x420.jpeg 630w\" sizes=\"auto, (max-width: 768px) 100vw, 768px\" \/><\/p>\n<p>Kanas\u00edn, Yucat\u00e1n a 22 de marzo de 2023.- Con un llamado a proteger y conservar el recurso h\u00eddrico, el Ayuntamiento de Kanas\u00edn realiz\u00f3 diversas actividades para conmemorar el D\u00eda Mundial del Agua. Fue a trav\u00e9s de un desfile y un concurso de dibujo, entre otras actividades, en la que participaron alumnos de k\u00ednder y primaria, como se reiter\u00f3 la importancia de generar una cultura de cuidado del agua en el municipio y en el estado.<\/p>\n<p>En el desfile fueron cerca de 60 peque\u00f1os que, disfrazados y con globos y carteles en mano, invitaban a que desde casa cada familia cuide el vital l\u00edquido con unos sencillos consejos como no desperdicio el agua cuando se lavan las manos, los dientes, al ba\u00f1arse y cuando se usa en actividades propias del hogar. Las escuelas que participaron fueron el jard\u00edn de ni\u00f1os \u201cGalileo Galilei\u201d, \u201cNi\u00f1o Campesino\u201d, \u201cLira de la Ni\u00f1ez\u201d y \u201cXavier Villaurrutia\u201d.<\/p>\n<p>\u201cComo Ayuntamiento le apostamos al medio ambiente, a la concientizaci\u00f3n del cuidado de este l\u00edquido tan vital para poder vivir. El agua es indispensable para cada persona, para cada ser vivo por lo que es responsabilidad de cada uno el cuidado de la misma. Hoy sabemos que es importante que desde temprana edad y por eso es importante que nuestros ni\u00f1os tengan esta cultura del cuidado del agua y medio ambiente, por lo que continuaremos realizando este tipo de actividades\u201d, dijo el alcalde Edwin Boj\u00f3rquez Ram\u00edrez.<\/p>\n<p>El presidente municipal de Kanas\u00edn destac\u00f3 que su administraci\u00f3n tambi\u00e9n realiza acciones para evitar el desperdicio del agua en el municipio, por lo que a trav\u00e9s del \u00e1rea de agua potable se realizan trabajos todos los d\u00edas para detener las fugas que se presentan en calles y viviendas.<\/p>\n<p>\u201cEl cuidado y protecci\u00f3n del agua es una labor conjunta. Es cierto que en Yucat\u00e1n contamos con una importante disponibilidad de agua, pero tenemos que cuidarla para las actuales y futuras generaciones\u201d.<\/p>\n<p>Con estas acciones realizadas este d\u00eda Mundial del Agua, se recalc\u00f3 la importancia sobre que la sociedad y las nuevas generaciones aprendan sobre el cuidado del recurso y que especialmente sepan y tengan el conocimiento de que sin agua no existe la sustentabilidad, el desarrollo o vida, y que adem\u00e1s todos estamos involucrados en su cuidado.<\/p>\n<p>El evento cont\u00f3 con una poes\u00eda a cargo del preescolar \u201cNi\u00f1o Campesino\u201d, adem\u00e1s de que el alumno Edilberto Gutierrez Caamal, de la escuela primaria \u201cXavier Villa Urrutia\u201d, se encarg\u00f3 de la oratoria, en la que mencion\u00f3 de la situaci\u00f3n alarmante que existe en M\u00e9xico sobre disponibilidad del agua, pues 15 estados tienen el serio riesgo de no tener ese vital l\u00edquido.<\/p>\n<p>El concurso de dibujos, consisti\u00f3 en que los alumnos plasmen lo que para ellos significa el D\u00eda Mundial del Agua. En esta actividad participaron alumnos de 5 primarias: \u201cMiguel Alem\u00e1n\u201d, \u201cEmiliano Zapata\u201d, \u201cConsuelo Zavala Castillo\u201d, \u201cBertha Mar\u00eda Gonz\u00e1lez\u201d y \u201cAdolfo L\u00f3pez Mateos\u201d.<\/p>\n<p>En el evento tambi\u00e9n se cont\u00f3 con la presencia de la regidora, Jaqueline Uicab Rodr\u00edguez; la regidora, Mar\u00eda Marrufo Carrillo; la regidora, Susy Cervantes; la Directora de Ecolog\u00eda del Ayuntamiento de Kanas\u00edn, Leticia Baas Non. Adem\u00e1s se cont\u00f3 con la presencia de Miguel Richi Palomo, Concesionario de la Planta Purificada Richi; Enrique Cisneros Concesionario de la Planta de Agua \u201cEl Manantial\u201d; Jorge Carlos Ojeda, Presidente de la A.C. Benito Ju\u00e1rez Garc\u00eda; Pedro Chikini Cutz, presidente de la Coalici\u00f3n de Mercados del Estado de Yucat\u00e1n; y, Jorge Braga, tesorero de Mercados y Tianguis de Yucat\u00e1n.<\/p>\n","protected":false},"excerpt":{"rendered":"<p>Kanas\u00edn, Yucat\u00e1n a 22 de marzo de 2023.- Con un llamado a proteger y conservar el recurso h\u00eddrico, el Ayuntamiento de Kanas\u00edn realiz\u00f3 diversas actividades para conmemorar el D\u00eda Mundial del Agua. Fue a trav\u00e9s de un desfile y un concurso de dibujo, entre otras actividades, en la que participaron alumnos de k\u00ednder y primaria, [&hellip;]<\/p>\n","protected":false},"author":2,"featured_media":97258,"comment_status":"closed","ping_status":"closed","sticky":false,"template":"","format":"standard","meta":{"footnotes":""},"categories":[3],"tags":[],"class_list":{"0":"post-97257","1":"post","2":"type-post","3":"status-publish","4":"format-standard","5":"has-post-thumbnail","7":"category-yucatan"},"yoast_head":"<!-- This site is optimized with the Yoast SEO plugin v27.4 - https:\/\/yoast.com\/product\/yoast-seo-wordpress\/ -->\n<title>Se conmemora en Kanas\u00edn el D\u00eda mundial del Agua - Yucat\u00e1n en corto<\/title>\n<meta name=\"robots\" content=\"index, follow, max-snippet:-1, max-image-preview:large, max-video-preview:-1\" \/>\n<link rel=\"canonical\" href=\"https:\/\/www.yucatanencorto.com\/noticias\/se-conmemora-en-kanasin-el-dia-mundial-del-agua\/\" \/>\n<meta property=\"og:locale\" content=\"es_ES\" \/>\n<meta property=\"og:type\" content=\"article\" \/>\n<meta property=\"og:title\" content=\"Se conmemora en Kanas\u00edn el D\u00eda mundial del Agua - Yucat\u00e1n en corto\" \/>\n<meta property=\"og:description\" content=\"Kanas\u00edn, Yucat\u00e1n a 22 de marzo de 2023.- Con un llamado a proteger y conservar el recurso h\u00eddrico, el Ayuntamiento de Kanas\u00edn realiz\u00f3 diversas actividades para conmemorar el D\u00eda Mundial del Agua. Fue a trav\u00e9s de un desfile y un concurso de dibujo, entre otras actividades, en la que participaron alumnos de k\u00ednder y primaria, [&hellip;]\" \/>\n<meta property=\"og:url\" content=\"https:\/\/www.yucatanencorto.com\/noticias\/se-conmemora-en-kanasin-el-dia-mundial-del-agua\/\" \/>\n<meta property=\"og:site_name\" content=\"Yucat\u00e1n en corto\" \/>\n<meta property=\"article:publisher\" content=\"http:\/\/www.facebook.com\/yucatanencorto\" \/>\n<meta property=\"article:published_time\" content=\"2023-03-22T19:20:39+00:00\" \/>\n<meta property=\"og:image\" content=\"https:\/\/www.yucatanencorto.com\/noticias\/wp-content\/uploads\/2023\/03\/42124525-B039-414A-9972-CDB01C284940-scaled.jpeg\" \/>\n\t<meta property=\"og:image:width\" content=\"768\" \/>\n\t<meta property=\"og:image:height\" content=\"512\" \/>\n\t<meta property=\"og:image:type\" content=\"image\/jpeg\" \/>\n<meta name=\"author\" content=\"Yucat\u00e1n en Corto FC\" \/>\n<meta name=\"twitter:card\" content=\"summary_large_image\" \/>\n<meta name=\"twitter:creator\" content=\"@yucatanencorto\" \/>\n<meta name=\"twitter:site\" content=\"@yucatanencorto\" \/>\n<meta name=\"twitter:label1\" content=\"Escrito por\" \/>\n\t<meta name=\"twitter:data1\" content=\"Yucat\u00e1n en Corto FC\" \/>\n\t<meta name=\"twitter:label2\" content=\"Tiempo de lectura\" \/>\n\t<meta name=\"twitter:data2\" content=\"3 minutos\" \/>\n<script type=\"application\/ld+json\" class=\"yoast-schema-graph\">{\"@context\":\"https:\\\/\\\/schema.org\",\"@graph\":[{\"@type\":\"Article\",\"@id\":\"https:\\\/\\\/www.yucatanencorto.com\\\/noticias\\\/se-conmemora-en-kanasin-el-dia-mundial-del-agua\\\/#article\",\"isPartOf\":{\"@id\":\"https:\\\/\\\/www.yucatanencorto.com\\\/noticias\\\/se-conmemora-en-kanasin-el-dia-mundial-del-agua\\\/\"},\"author\":{\"name\":\"Yucat\u00e1n en Corto FC\",\"@id\":\"https:\\\/\\\/www.yucatanencorto.com\\\/noticias\\\/#\\\/schema\\\/person\\\/14f82d355225a1f4075dd84a31f45a72\"},\"headline\":\"Se conmemora en Kanas\u00edn el D\u00eda mundial del Agua\",\"datePublished\":\"2023-03-22T19:20:39+00:00\",\"mainEntityOfPage\":{\"@id\":\"https:\\\/\\\/www.yucatanencorto.com\\\/noticias\\\/se-conmemora-en-kanasin-el-dia-mundial-del-agua\\\/\"},\"wordCount\":627,\"image\":{\"@id\":\"https:\\\/\\\/www.yucatanencorto.com\\\/noticias\\\/se-conmemora-en-kanasin-el-dia-mundial-del-agua\\\/#primaryimage\"},\"thumbnailUrl\":\"https:\\\/\\\/www.yucatanencorto.com\\\/noticias\\\/wp-content\\\/uploads\\\/2023\\\/03\\\/42124525-B039-414A-9972-CDB01C284940-scaled.jpeg\",\"articleSection\":[\"Yucat\u00e1n\"],\"inLanguage\":\"es\"},{\"@type\":\"WebPage\",\"@id\":\"https:\\\/\\\/www.yucatanencorto.com\\\/noticias\\\/se-conmemora-en-kanasin-el-dia-mundial-del-agua\\\/\",\"url\":\"https:\\\/\\\/www.yucatanencorto.com\\\/noticias\\\/se-conmemora-en-kanasin-el-dia-mundial-del-agua\\\/\",\"name\":\"Se conmemora en Kanas\u00edn el D\u00eda mundial del Agua - Yucat\u00e1n en corto\",\"isPartOf\":{\"@id\":\"https:\\\/\\\/www.yucatanencorto.com\\\/noticias\\\/#website\"},\"primaryImageOfPage\":{\"@id\":\"https:\\\/\\\/www.yucatanencorto.com\\\/noticias\\\/se-conmemora-en-kanasin-el-dia-mundial-del-agua\\\/#primaryimage\"},\"image\":{\"@id\":\"https:\\\/\\\/www.yucatanencorto.com\\\/noticias\\\/se-conmemora-en-kanasin-el-dia-mundial-del-agua\\\/#primaryimage\"},\"thumbnailUrl\":\"https:\\\/\\\/www.yucatanencorto.com\\\/noticias\\\/wp-content\\\/uploads\\\/2023\\\/03\\\/42124525-B039-414A-9972-CDB01C284940-scaled.jpeg\",\"datePublished\":\"2023-03-22T19:20:39+00:00\",\"author\":{\"@id\":\"https:\\\/\\\/www.yucatanencorto.com\\\/noticias\\\/#\\\/schema\\\/person\\\/14f82d355225a1f4075dd84a31f45a72\"},\"breadcrumb\":{\"@id\":\"https:\\\/\\\/www.yucatanencorto.com\\\/noticias\\\/se-conmemora-en-kanasin-el-dia-mundial-del-agua\\\/#breadcrumb\"},\"inLanguage\":\"es\",\"potentialAction\":[{\"@type\":\"ReadAction\",\"target\":[\"https:\\\/\\\/www.yucatanencorto.com\\\/noticias\\\/se-conmemora-en-kanasin-el-dia-mundial-del-agua\\\/\"]}]},{\"@type\":\"ImageObject\",\"inLanguage\":\"es\",\"@id\":\"https:\\\/\\\/www.yucatanencorto.com\\\/noticias\\\/se-conmemora-en-kanasin-el-dia-mundial-del-agua\\\/#primaryimage\",\"url\":\"https:\\\/\\\/www.yucatanencorto.com\\\/noticias\\\/wp-content\\\/uploads\\\/2023\\\/03\\\/42124525-B039-414A-9972-CDB01C284940-scaled.jpeg\",\"contentUrl\":\"https:\\\/\\\/www.yucatanencorto.com\\\/noticias\\\/wp-content\\\/uploads\\\/2023\\\/03\\\/42124525-B039-414A-9972-CDB01C284940-scaled.jpeg\",\"width\":768,\"height\":512},{\"@type\":\"BreadcrumbList\",\"@id\":\"https:\\\/\\\/www.yucatanencorto.com\\\/noticias\\\/se-conmemora-en-kanasin-el-dia-mundial-del-agua\\\/#breadcrumb\",\"itemListElement\":[{\"@type\":\"ListItem\",\"position\":1,\"name\":\"Portada\",\"item\":\"https:\\\/\\\/www.yucatanencorto.com\\\/noticias\\\/\"},{\"@type\":\"ListItem\",\"position\":2,\"name\":\"Se conmemora en Kanas\u00edn el D\u00eda mundial del Agua\"}]},{\"@type\":\"WebSite\",\"@id\":\"https:\\\/\\\/www.yucatanencorto.com\\\/noticias\\\/#website\",\"url\":\"https:\\\/\\\/www.yucatanencorto.com\\\/noticias\\\/\",\"name\":\"Yucat\u00e1n en corto\",\"description\":\"Noticias\",\"potentialAction\":[{\"@type\":\"SearchAction\",\"target\":{\"@type\":\"EntryPoint\",\"urlTemplate\":\"https:\\\/\\\/www.yucatanencorto.com\\\/noticias\\\/?s={search_term_string}\"},\"query-input\":{\"@type\":\"PropertyValueSpecification\",\"valueRequired\":true,\"valueName\":\"search_term_string\"}}],\"inLanguage\":\"es\"},{\"@type\":\"Person\",\"@id\":\"https:\\\/\\\/www.yucatanencorto.com\\\/noticias\\\/#\\\/schema\\\/person\\\/14f82d355225a1f4075dd84a31f45a72\",\"name\":\"Yucat\u00e1n en Corto FC\",\"image\":{\"@type\":\"ImageObject\",\"inLanguage\":\"es\",\"@id\":\"https:\\\/\\\/secure.gravatar.com\\\/avatar\\\/147d4b30cd728c53c29c49a3f7834dedca33707f4cd259761355846009a88250?s=96&d=mm&r=g\",\"url\":\"https:\\\/\\\/secure.gravatar.com\\\/avatar\\\/147d4b30cd728c53c29c49a3f7834dedca33707f4cd259761355846009a88250?s=96&d=mm&r=g\",\"contentUrl\":\"https:\\\/\\\/secure.gravatar.com\\\/avatar\\\/147d4b30cd728c53c29c49a3f7834dedca33707f4cd259761355846009a88250?s=96&d=mm&r=g\",\"caption\":\"Yucat\u00e1n en Corto FC\"},\"url\":\"https:\\\/\\\/www.yucatanencorto.com\\\/noticias\\\/author\\\/flor\\\/\"}]}<\/script>\n<!-- \/ Yoast SEO plugin. -->","yoast_head_json":{"title":"Se conmemora en Kanas\u00edn el D\u00eda mundial del Agua - Yucat\u00e1n en corto","robots":{"index":"index","follow":"follow","max-snippet":"max-snippet:-1","max-image-preview":"max-image-preview:large","max-video-preview":"max-video-preview:-1"},"canonical":"https:\/\/www.yucatanencorto.com\/noticias\/se-conmemora-en-kanasin-el-dia-mundial-del-agua\/","og_locale":"es_ES","og_type":"article","og_title":"Se conmemora en Kanas\u00edn el D\u00eda mundial del Agua - Yucat\u00e1n en corto","og_description":"Kanas\u00edn, Yucat\u00e1n a 22 de marzo de 2023.- Con un llamado a proteger y conservar el recurso h\u00eddrico, el Ayuntamiento de Kanas\u00edn realiz\u00f3 diversas actividades para conmemorar el D\u00eda Mundial del Agua. Fue a trav\u00e9s de un desfile y un concurso de dibujo, entre otras actividades, en la que participaron alumnos de k\u00ednder y primaria, [&hellip;]","og_url":"https:\/\/www.yucatanencorto.com\/noticias\/se-conmemora-en-kanasin-el-dia-mundial-del-agua\/","og_site_name":"Yucat\u00e1n en corto","article_publisher":"http:\/\/www.facebook.com\/yucatanencorto","article_published_time":"2023-03-22T19:20:39+00:00","og_image":[{"width":768,"height":512,"url":"https:\/\/www.yucatanencorto.com\/noticias\/wp-content\/uploads\/2023\/03\/42124525-B039-414A-9972-CDB01C284940-scaled.jpeg","type":"image\/jpeg"}],"author":"Yucat\u00e1n en Corto FC","twitter_card":"summary_large_image","twitter_creator":"@yucatanencorto","twitter_site":"@yucatanencorto","twitter_misc":{"Escrito por":"Yucat\u00e1n en Corto FC","Tiempo de lectura":"3 minutos"},"schema":{"@context":"https:\/\/schema.org","@graph":[{"@type":"Article","@id":"https:\/\/www.yucatanencorto.com\/noticias\/se-conmemora-en-kanasin-el-dia-mundial-del-agua\/#article","isPartOf":{"@id":"https:\/\/www.yucatanencorto.com\/noticias\/se-conmemora-en-kanasin-el-dia-mundial-del-agua\/"},"author":{"name":"Yucat\u00e1n en Corto FC","@id":"https:\/\/www.yucatanencorto.com\/noticias\/#\/schema\/person\/14f82d355225a1f4075dd84a31f45a72"},"headline":"Se conmemora en Kanas\u00edn el D\u00eda mundial del Agua","datePublished":"2023-03-22T19:20:39+00:00","mainEntityOfPage":{"@id":"https:\/\/www.yucatanencorto.com\/noticias\/se-conmemora-en-kanasin-el-dia-mundial-del-agua\/"},"wordCount":627,"image":{"@id":"https:\/\/www.yucatanencorto.com\/noticias\/se-conmemora-en-kanasin-el-dia-mundial-del-agua\/#primaryimage"},"thumbnailUrl":"https:\/\/www.yucatanencorto.com\/noticias\/wp-content\/uploads\/2023\/03\/42124525-B039-414A-9972-CDB01C284940-scaled.jpeg","articleSection":["Yucat\u00e1n"],"inLanguage":"es"},{"@type":"WebPage","@id":"https:\/\/www.yucatanencorto.com\/noticias\/se-conmemora-en-kanasin-el-dia-mundial-del-agua\/","url":"https:\/\/www.yucatanencorto.com\/noticias\/se-conmemora-en-kanasin-el-dia-mundial-del-agua\/","name":"Se conmemora en Kanas\u00edn el D\u00eda mundial del Agua - Yucat\u00e1n en corto","isPartOf":{"@id":"https:\/\/www.yucatanencorto.com\/noticias\/#website"},"primaryImageOfPage":{"@id":"https:\/\/www.yucatanencorto.com\/noticias\/se-conmemora-en-kanasin-el-dia-mundial-del-agua\/#primaryimage"},"image":{"@id":"https:\/\/www.yucatanencorto.com\/noticias\/se-conmemora-en-kanasin-el-dia-mundial-del-agua\/#primaryimage"},"thumbnailUrl":"https:\/\/www.yucatanencorto.com\/noticias\/wp-content\/uploads\/2023\/03\/42124525-B039-414A-9972-CDB01C284940-scaled.jpeg","datePublished":"2023-03-22T19:20:39+00:00","author":{"@id":"https:\/\/www.yucatanencorto.com\/noticias\/#\/schema\/person\/14f82d355225a1f4075dd84a31f45a72"},"breadcrumb":{"@id":"https:\/\/www.yucatanencorto.com\/noticias\/se-conmemora-en-kanasin-el-dia-mundial-del-agua\/#breadcrumb"},"inLanguage":"es","potentialAction":[{"@type":"ReadAction","target":["https:\/\/www.yucatanencorto.com\/noticias\/se-conmemora-en-kanasin-el-dia-mundial-del-agua\/"]}]},{"@type":"ImageObject","inLanguage":"es","@id":"https:\/\/www.yucatanencorto.com\/noticias\/se-conmemora-en-kanasin-el-dia-mundial-del-agua\/#primaryimage","url":"https:\/\/www.yucatanencorto.com\/noticias\/wp-content\/uploads\/2023\/03\/42124525-B039-414A-9972-CDB01C284940-scaled.jpeg","contentUrl":"https:\/\/www.yucatanencorto.com\/noticias\/wp-content\/uploads\/2023\/03\/42124525-B039-414A-9972-CDB01C284940-scaled.jpeg","width":768,"height":512},{"@type":"BreadcrumbList","@id":"https:\/\/www.yucatanencorto.com\/noticias\/se-conmemora-en-kanasin-el-dia-mundial-del-agua\/#breadcrumb","itemListElement":[{"@type":"ListItem","position":1,"name":"Portada","item":"https:\/\/www.yucatanencorto.com\/noticias\/"},{"@type":"ListItem","position":2,"name":"Se conmemora en Kanas\u00edn el D\u00eda mundial del Agua"}]},{"@type":"WebSite","@id":"https:\/\/www.yucatanencorto.com\/noticias\/#website","url":"https:\/\/www.yucatanencorto.com\/noticias\/","name":"Yucat\u00e1n en corto","description":"Noticias","potentialAction":[{"@type":"SearchAction","target":{"@type":"EntryPoint","urlTemplate":"https:\/\/www.yucatanencorto.com\/noticias\/?s={search_term_string}"},"query-input":{"@type":"PropertyValueSpecification","valueRequired":true,"valueName":"search_term_string"}}],"inLanguage":"es"},{"@type":"Person","@id":"https:\/\/www.yucatanencorto.com\/noticias\/#\/schema\/person\/14f82d355225a1f4075dd84a31f45a72","name":"Yucat\u00e1n en Corto FC","image":{"@type":"ImageObject","inLanguage":"es","@id":"https:\/\/secure.gravatar.com\/avatar\/147d4b30cd728c53c29c49a3f7834dedca33707f4cd259761355846009a88250?s=96&d=mm&r=g","url":"https:\/\/secure.gravatar.com\/avatar\/147d4b30cd728c53c29c49a3f7834dedca33707f4cd259761355846009a88250?s=96&d=mm&r=g","contentUrl":"https:\/\/secure.gravatar.com\/avatar\/147d4b30cd728c53c29c49a3f7834dedca33707f4cd259761355846009a88250?s=96&d=mm&r=g","caption":"Yucat\u00e1n en Corto FC"},"url":"https:\/\/www.yucatanencorto.com\/noticias\/author\/flor\/"}]}},"_links":{"self":[{"href":"https:\/\/www.yucatanencorto.com\/noticias\/wp-json\/wp\/v2\/posts\/97257","targetHints":{"allow":["GET"]}}],"collection":[{"href":"https:\/\/www.yucatanencorto.com\/noticias\/wp-json\/wp\/v2\/posts"}],"about":[{"href":"https:\/\/www.yucatanencorto.com\/noticias\/wp-json\/wp\/v2\/types\/post"}],"author":[{"embeddable":true,"href":"https:\/\/www.yucatanencorto.com\/noticias\/wp-json\/wp\/v2\/users\/2"}],"replies":[{"embeddable":true,"href":"https:\/\/www.yucatanencorto.com\/noticias\/wp-json\/wp\/v2\/comments?post=97257"}],"version-history":[{"count":0,"href":"https:\/\/www.yucatanencorto.com\/noticias\/wp-json\/wp\/v2\/posts\/97257\/revisions"}],"wp:featuredmedia":[{"embeddable":true,"href":"https:\/\/www.yucatanencorto.com\/noticias\/wp-json\/wp\/v2\/media\/97258"}],"wp:attachment":[{"href":"https:\/\/www.yucatanencorto.com\/noticias\/wp-json\/wp\/v2\/media?parent=97257"}],"wp:term":[{"taxonomy":"category","embeddable":true,"href":"https:\/\/www.yucatanencorto.com\/noticias\/wp-json\/wp\/v2\/categories?post=97257"},{"taxonomy":"post_tag","embeddable":true,"href":"https:\/\/www.yucatanencorto.com\/noticias\/wp-json\/wp\/v2\/tags?post=97257"}],"curies":[{"name":"wp","href":"https:\/\/api.w.org\/{rel}","templated":true}]}}